{"id":109263,"date":"2026-09-06T09:05:00","date_gmt":"2026-09-06T12:05:00","guid":{"rendered":"https:\/\/www.tuasaude.com\/news\/?p=109263"},"modified":"2026-09-05T23:36:40","modified_gmt":"2026-09-06T02:36:40","slug":"cansaco-extremo-depois-de-dormir-bem-nao-e-so-rotina-puxada-pode-ser-sinal-de-apneia-do-sono-ou-anemia-e-merece-avaliacao","status":"publish","type":"post","link":"https:\/\/www.tuasaude.com\/news\/2026\/09\/06\/cansaco-extremo-depois-de-dormir-bem-nao-e-so-rotina-puxada-pode-ser-sinal-de-apneia-do-sono-ou-anemia-e-merece-avaliacao\/","title":{"rendered":"Cansa\u00e7o extremo depois de dormir bem n\u00e3o \u00e9 s\u00f3 rotina puxada: pode ser sinal de apneia do sono ou anemia e merece avalia\u00e7\u00e3o"},"content":{"rendered":"\n<p class=\"wp-block-paragraph\">Acordar cansado mesmo ap\u00f3s uma noite completa de sono pode indicar algo al\u00e9m de rotina puxada, especialmente quando essa sensa\u00e7\u00e3o se repete por semanas. Duas causas m\u00e9dicas frequentemente ignoradas explicam esse tipo de fadiga persistente: a apneia obstrutiva do sono, que fragmenta o descanso sem que a pessoa perceba, e a anemia, que reduz a oxigena\u00e7\u00e3o dos tecidos e compromete a disposi\u00e7\u00e3o durante o dia. Investigar essas hip\u00f3teses com exames simples pode transformar a qualidade de vida e prevenir complica\u00e7\u00f5es graves no futuro.<\/p>\n\n\n\n<h2 class=\"wp-block-heading\">Por que o cansa\u00e7o persiste mesmo dormindo bem?<\/h2>\n\n\n\n<p class=\"wp-block-paragraph\">O sono restaurador depende n\u00e3o s\u00f3 do tempo total, mas tamb\u00e9m da qualidade das fases profundas e da oxigena\u00e7\u00e3o adequada durante a noite. Quando algum desses fatores est\u00e1 comprometido, o corpo n\u00e3o consegue reparar tecidos e restabelecer os n\u00edveis de energia, mesmo ap\u00f3s oito horas na cama.<\/p>\n\n\n\n<p class=\"wp-block-paragraph\">A fadiga que n\u00e3o melhora com descanso levanta a suspeita de condi\u00e7\u00f5es que interferem silenciosamente no organismo. Entre as mais comuns est\u00e3o o sono fragmentado por pausas respirat\u00f3rias e a baixa oxigena\u00e7\u00e3o causada por defici\u00eancias sangu\u00edneas, que exigem investiga\u00e7\u00e3o m\u00e9dica direcionada para diagn\u00f3stico correto.<\/p>\n\n\n\n<h2 class=\"wp-block-heading\">Como a apneia do sono causa fadiga persistente?<\/h2>\n\n\n\n<p class=\"wp-block-paragraph\">A apneia obstrutiva do sono provoca pausas respirat\u00f3rias repetidas durante a noite, causadas pelo colapso parcial ou total das vias a\u00e9reas superiores. Cada epis\u00f3dio reduz a oxigena\u00e7\u00e3o e gera microdespertares que fragmentam o sono profundo, mesmo sem que a pessoa perceba.<\/p>\n\n\n\n<p class=\"wp-block-paragraph\">Esses despertares impedem o organismo de atingir as fases restauradoras do descanso, resultando em cansa\u00e7o extremo, dor de cabe\u00e7a matinal e dificuldade de concentra\u00e7\u00e3o ao longo do dia. O diagn\u00f3stico \u00e9 confirmado por meio da <a href=\"https:\/\/www.tuasaude.com\/polissonografia\/\" target=\"_blank\" rel=\"noreferrer noopener\">polissonografia<\/a>, exame considerado padr\u00e3o-ouro para dist\u00farbios do sono.<\/p>\n\n\n<div class=\"wp-block-image\">\n<figure class=\"aligncenter size-large\"><img decoding=\"async\" width=\"1024\" height=\"571\" src=\"https:\/\/www.tuasaude.com\/news\/wp-content\/uploads\/2026\/09\/Medical_infographic_explaining_p\u2026_202609052335-1024x571.jpg\" alt=\"Apneia fragmenta o sono, enquanto anemia reduz o transporte de oxig\u00eanio aos tecidos.\" class=\"wp-image-109269\" srcset=\"https:\/\/www.tuasaude.com\/news\/wp-content\/uploads\/2026\/09\/Medical_infographic_explaining_p\u2026_202609052335-1024x571.jpg 1024w, https:\/\/www.tuasaude.com\/news\/wp-content\/uploads\/2026\/09\/Medical_infographic_explaining_p\u2026_202609052335-300x167.jpg 300w, https:\/\/www.tuasaude.com\/news\/wp-content\/uploads\/2026\/09\/Medical_infographic_explaining_p\u2026_202609052335-768x428.jpg 768w, https:\/\/www.tuasaude.com\/news\/wp-content\/uploads\/2026\/09\/Medical_infographic_explaining_p\u2026_202609052335-750x418.jpg 750w, https:\/\/www.tuasaude.com\/news\/wp-content\/uploads\/2026\/09\/Medical_infographic_explaining_p\u2026_202609052335-1140x636.jpg 1140w, https:\/\/www.tuasaude.com\/news\/wp-content\/uploads\/2026\/09\/Medical_infographic_explaining_p\u2026_202609052335.jpg 1280w\" sizes=\"(max-width: 1024px) 100vw, 1024px\" \/><figcaption class=\"wp-element-caption\">Apneia fragmenta o sono, enquanto anemia reduz o transporte de oxig\u00eanio aos tecidos.<\/figcaption><\/figure>\n<\/div>\n\n\n<h2 class=\"wp-block-heading\">Como estudo cient\u00edfico confirma essa rela\u00e7\u00e3o?<\/h2>\n\n\n\n<p class=\"wp-block-paragraph\">A associa\u00e7\u00e3o entre apneia do sono e fadiga persistente foi amplamente investigada na literatura m\u00e9dica, com resultados que orientam a conduta de pneumologistas e especialistas em medicina do sono. Uma revis\u00e3o publicada por pesquisadores da \u00e1rea analisou os mecanismos envolvidos na sonol\u00eancia diurna excessiva desses pacientes, oferecendo dados relevantes sobre o impacto cl\u00ednico dessa condi\u00e7\u00e3o.<\/p>\n\n\n\n<p class=\"wp-block-paragraph\">Segundo o estudo <a href=\"https:\/\/pubmed.ncbi.nlm.nih.gov\/33621163\/\" target=\"_blank\" rel=\"noreferrer noopener\">Excessive Daytime Sleepiness in Obstructive Sleep Apnea Mechanisms and Clinical Management<\/a>, publicado no peri\u00f3dico Annals of the American Thoracic Society, muitos pacientes com apneia obstrutiva experimentam sonol\u00eancia diurna excessiva capaz de afetar negativamente o funcionamento cotidiano, a cogni\u00e7\u00e3o, o humor e outros aspectos do bem-estar, refor\u00e7ando a import\u00e2ncia do diagn\u00f3stico e tratamento adequados.<\/p>\n\n\n\n<h2 class=\"wp-block-heading\">Quando a anemia entra como poss\u00edvel causa?<\/h2>\n\n\n\n<p class=\"wp-block-paragraph\">A anemia reduz a quantidade de hemoglobina no sangue e, com isso, diminui o transporte de oxig\u00eanio para os tecidos. Esse d\u00e9ficit compromete a produ\u00e7\u00e3o de energia celular e provoca cansa\u00e7o mesmo ap\u00f3s noites bem dormidas, muitas vezes acompanhado de outros sintomas sutis que passam despercebidos.<\/p>\n\n\n\n<p class=\"wp-block-paragraph\">Os principais sinais que podem indicar <a href=\"https:\/\/www.tuasaude.com\/anemia\/\" target=\"_blank\" rel=\"noreferrer noopener\">anemia<\/a> associada \u00e0 fadiga incluem:<\/p>\n\n\n\n<ul class=\"wp-block-list\">\n<li><strong>Palidez da pele e mucosas<\/strong> especialmente percept\u00edvel na parte interna das p\u00e1lpebras e nas gengivas<\/li>\n\n\n\n<li><strong>Falta de ar durante esfor\u00e7os leves<\/strong> como subir escadas ou caminhar em terreno plano<\/li>\n\n\n\n<li><strong>Palpita\u00e7\u00f5es e taquicardia<\/strong> resposta do cora\u00e7\u00e3o \u00e0 baixa oxigena\u00e7\u00e3o dos tecidos<\/li>\n\n\n\n<li><strong>Queda de cabelo e unhas quebradi\u00e7as<\/strong> sinais comuns na defici\u00eancia de ferro<\/li>\n\n\n\n<li><strong>Tontura ao levantar<\/strong> associada \u00e0 redu\u00e7\u00e3o do fluxo sangu\u00edneo cerebral<\/li>\n\n\n\n<li><strong>Dificuldade de concentra\u00e7\u00e3o e mem\u00f3ria<\/strong> reflexo direto da menor oxigena\u00e7\u00e3o<\/li>\n<\/ul>\n\n\n<div class=\"wp-block-image\">\n<figure class=\"aligncenter size-large\"><img decoding=\"async\" width=\"1024\" height=\"571\" src=\"https:\/\/www.tuasaude.com\/news\/wp-content\/uploads\/2026\/09\/Woman_sitting_tired_on_bed_202609052335-1024x571.jpg\" alt=\"Apneia do sono e anemia podem explicar fadiga persistente apesar de descanso prolongado.\" class=\"wp-image-109270\" srcset=\"https:\/\/www.tuasaude.com\/news\/wp-content\/uploads\/2026\/09\/Woman_sitting_tired_on_bed_202609052335-1024x571.jpg 1024w, https:\/\/www.tuasaude.com\/news\/wp-content\/uploads\/2026\/09\/Woman_sitting_tired_on_bed_202609052335-300x167.jpg 300w, https:\/\/www.tuasaude.com\/news\/wp-content\/uploads\/2026\/09\/Woman_sitting_tired_on_bed_202609052335-768x428.jpg 768w, https:\/\/www.tuasaude.com\/news\/wp-content\/uploads\/2026\/09\/Woman_sitting_tired_on_bed_202609052335-750x418.jpg 750w, https:\/\/www.tuasaude.com\/news\/wp-content\/uploads\/2026\/09\/Woman_sitting_tired_on_bed_202609052335-1140x636.jpg 1140w, https:\/\/www.tuasaude.com\/news\/wp-content\/uploads\/2026\/09\/Woman_sitting_tired_on_bed_202609052335.jpg 1280w\" sizes=\"(max-width: 1024px) 100vw, 1024px\" \/><figcaption class=\"wp-element-caption\">Apneia do sono e anemia podem explicar fadiga persistente apesar de descanso prolongado.<\/figcaption><\/figure>\n<\/div>\n\n\n<h2 class=\"wp-block-heading\">Quais exames ajudam a identificar a causa do cansa\u00e7o?<\/h2>\n\n\n\n<p class=\"wp-block-paragraph\">A investiga\u00e7\u00e3o adequada come\u00e7a na consulta m\u00e9dica, com anamnese detalhada e exame f\u00edsico. A partir das queixas apresentadas, o profissional solicita exames espec\u00edficos que ajudam a diferenciar as poss\u00edveis causas da fadiga persistente e a definir o tratamento mais indicado para cada situa\u00e7\u00e3o.<\/p>\n\n\n\n<p class=\"wp-block-paragraph\">Os principais exames solicitados na avalia\u00e7\u00e3o inicial s\u00e3o:<\/p>\n\n\n\n<ol class=\"wp-block-list\">\n<li><strong>Hemograma completo<\/strong> avalia hemoglobina, hemat\u00f3crito e \u00edndices das hem\u00e1cias para detectar anemia<\/li>\n\n\n\n<li><strong>Ferritina e ferro s\u00e9rico<\/strong> confirmam defici\u00eancia de ferro mesmo antes da anemia se instalar<\/li>\n\n\n\n<li><strong>Vitamina B12 e \u00e1cido f\u00f3lico<\/strong> investigam causas de anemia megalobl\u00e1stica<\/li>\n\n\n\n<li><strong>Polissonografia<\/strong> registra respira\u00e7\u00e3o, oxigena\u00e7\u00e3o e fases do sono para diagnosticar apneia<\/li>\n\n\n\n<li><strong>TSH e T4 livre<\/strong> descartam dist\u00farbios da tireoide que tamb\u00e9m causam fadiga<\/li>\n\n\n\n<li><strong>Glicemia de jejum<\/strong> avalia poss\u00edvel diabetes como causa adicional de cansa\u00e7o<\/li>\n<\/ol>\n\n\n\n<p class=\"wp-block-paragraph\">Quando a suspeita \u00e9 de apneia, algumas medidas complementares podem ajudar no manejo inicial, como t\u00e9cnicas descritas em <a href=\"https:\/\/www.tuasaude.com\/solucao-natural-para-apneia\/\" target=\"_blank\" rel=\"noreferrer noopener\">formas naturais para combater apneia do sono<\/a>. Ainda assim, essas estrat\u00e9gias n\u00e3o substituem a avalia\u00e7\u00e3o especializada com pneumologista ou m\u00e9dico do sono, que definir\u00e1 o tratamento definitivo conforme a gravidade do quadro.<\/p>\n\n\n\n<p class=\"wp-block-paragraph\"><em>Este conte\u00fado tem car\u00e1ter apenas informativo e n\u00e3o substitui a avalia\u00e7\u00e3o, o diagn\u00f3stico ou o tratamento realizados por um profissional de sa\u00fade qualificado. Diante de cansa\u00e7o persistente que n\u00e3o melhora com descanso adequado, procure orienta\u00e7\u00e3o m\u00e9dica para investiga\u00e7\u00e3o apropriada.<\/em><\/p>\n","protected":false},"excerpt":{"rendered":"<p>Acordar cansado mesmo ap\u00f3s uma noite completa de sono pode indicar algo al\u00e9m de rotina puxada, especialmente quando essa sensa\u00e7\u00e3o se repete por semanas. Duas causas m\u00e9dicas frequentemente ignoradas explicam esse tipo de fadiga persistente: a apneia obstrutiva do sono, que fragmenta o descanso sem que a pessoa perceba, e a anemia, que reduz a [&hellip;]<\/p>\n","protected":false},"author":11,"featured_media":109268,"comment_status":"open","ping_status":"open","sticky":false,"template":"","format":"standard","meta":{"_yoast_wpseo_focuskw":"cansa\u00e7o","_yoast_wpseo_title":"","_yoast_wpseo_metadesc":"Cansa\u00e7o mesmo depois de dormir bem pode ter rela\u00e7\u00e3o com apneia do sono ou anemia. Entenda os sinais que ajudam a identificar quando \u00e9 preciso investigar.","jnews-multi-image_gallery":[],"jnews_single_post":{"format":"standard"},"jnews_primary_category":[],"jnews_social_meta":[],"jnews_override_counter":[],"footnotes":""},"categories":[111],"tags":[227,1189,193,136],"class_list":["post-109263","post","type-post","status-publish","format-standard","has-post-thumbnail","hentry","category-saude","tag-anemia","tag-apneia-do-sono","tag-cansaco","tag-saude"],"yoast_head":"<!-- This site is optimized with the Yoast SEO plugin v26.7 - https:\/\/yoast.com\/wordpress\/plugins\/seo\/ -->\n<title>Cansa\u00e7o extremo depois de dormir bem n\u00e3o \u00e9 s\u00f3 rotina puxada: pode ser sinal de apneia do sono ou anemia e merece avalia\u00e7\u00e3o - Tua Sa\u00fade<\/title>\n<meta name=\"description\" content=\"Cansa\u00e7o mesmo depois de dormir bem pode ter rela\u00e7\u00e3o com apneia do sono ou anemia. Entenda os sinais que ajudam a identificar quando \u00e9 preciso investigar.\" \/>\n<meta name=\"robots\" content=\"index, follow, max-snippet:-1, max-image-preview:large, max-video-preview:-1\" \/>\n<link rel=\"canonical\" href=\"https:\/\/www.tuasaude.com\/news\/2026\/09\/06\/cansaco-extremo-depois-de-dormir-bem-nao-e-so-rotina-puxada-pode-ser-sinal-de-apneia-do-sono-ou-anemia-e-merece-avaliacao\/\" \/>\n<meta property=\"og:locale\" content=\"pt_BR\" \/>\n<meta property=\"og:type\" content=\"article\" \/>\n<meta property=\"og:title\" content=\"Cansa\u00e7o extremo depois de dormir bem n\u00e3o \u00e9 s\u00f3 rotina puxada: pode ser sinal de apneia do sono ou anemia e merece avalia\u00e7\u00e3o - Tua Sa\u00fade\" \/>\n<meta property=\"og:description\" content=\"Cansa\u00e7o mesmo depois de dormir bem pode ter rela\u00e7\u00e3o com apneia do sono ou anemia. Entenda os sinais que ajudam a identificar quando \u00e9 preciso investigar.\" \/>\n<meta property=\"og:url\" content=\"https:\/\/www.tuasaude.com\/news\/2026\/09\/06\/cansaco-extremo-depois-de-dormir-bem-nao-e-so-rotina-puxada-pode-ser-sinal-de-apneia-do-sono-ou-anemia-e-merece-avaliacao\/\" \/>\n<meta property=\"og:site_name\" content=\"Tua Sa\u00fade\" \/>\n<meta property=\"article:published_time\" content=\"2026-09-06T12:05:00+00:00\" \/>\n<meta property=\"og:image\" content=\"https:\/\/www.tuasaude.com\/news\/wp-content\/uploads\/2026\/09\/Man_holding_mug_at_table_202609052335.jpg\" \/>\n\t<meta property=\"og:image:width\" content=\"1280\" \/>\n\t<meta property=\"og:image:height\" content=\"714\" \/>\n\t<meta property=\"og:image:type\" content=\"image\/jpeg\" \/>\n<meta name=\"author\" content=\"Gessika Julia Carvalho\" \/>\n<meta name=\"twitter:card\" content=\"summary_large_image\" \/>\n<meta name=\"twitter:label1\" content=\"Escrito por\" \/>\n\t<meta name=\"twitter:data1\" content=\"Gessika Julia Carvalho\" \/>\n\t<meta name=\"twitter:label2\" content=\"Est. tempo de leitura\" \/>\n\t<meta name=\"twitter:data2\" content=\"5 minutos\" \/>\n<!-- \/ Yoast SEO plugin. -->","yoast_head_json":{"title":"Cansa\u00e7o extremo depois de dormir bem n\u00e3o \u00e9 s\u00f3 rotina puxada: pode ser sinal de apneia do sono ou anemia e merece avalia\u00e7\u00e3o - Tua Sa\u00fade","description":"Cansa\u00e7o mesmo depois de dormir bem pode ter rela\u00e7\u00e3o com apneia do sono ou anemia. Entenda os sinais que ajudam a identificar quando \u00e9 preciso investigar.","robots":{"index":"index","follow":"follow","max-snippet":"max-snippet:-1","max-image-preview":"max-image-preview:large","max-video-preview":"max-video-preview:-1"},"canonical":"https:\/\/www.tuasaude.com\/news\/2026\/09\/06\/cansaco-extremo-depois-de-dormir-bem-nao-e-so-rotina-puxada-pode-ser-sinal-de-apneia-do-sono-ou-anemia-e-merece-avaliacao\/","og_locale":"pt_BR","og_type":"article","og_title":"Cansa\u00e7o extremo depois de dormir bem n\u00e3o \u00e9 s\u00f3 rotina puxada: pode ser sinal de apneia do sono ou anemia e merece avalia\u00e7\u00e3o - Tua Sa\u00fade","og_description":"Cansa\u00e7o mesmo depois de dormir bem pode ter rela\u00e7\u00e3o com apneia do sono ou anemia. Entenda os sinais que ajudam a identificar quando \u00e9 preciso investigar.","og_url":"https:\/\/www.tuasaude.com\/news\/2026\/09\/06\/cansaco-extremo-depois-de-dormir-bem-nao-e-so-rotina-puxada-pode-ser-sinal-de-apneia-do-sono-ou-anemia-e-merece-avaliacao\/","og_site_name":"Tua Sa\u00fade","article_published_time":"2026-09-06T12:05:00+00:00","og_image":[{"width":1280,"height":714,"url":"https:\/\/www.tuasaude.com\/news\/wp-content\/uploads\/2026\/09\/Man_holding_mug_at_table_202609052335.jpg","type":"image\/jpeg"}],"author":"Gessika Julia Carvalho","twitter_card":"summary_large_image","twitter_misc":{"Escrito por":"Gessika Julia Carvalho","Est. tempo de leitura":"5 minutos"},"schema":{"@context":"https:\/\/schema.org","@graph":[{"@type":"Article","@id":"https:\/\/www.tuasaude.com\/news\/2026\/09\/06\/cansaco-extremo-depois-de-dormir-bem-nao-e-so-rotina-puxada-pode-ser-sinal-de-apneia-do-sono-ou-anemia-e-merece-avaliacao\/#article","isPartOf":{"@id":"https:\/\/www.tuasaude.com\/news\/2026\/09\/06\/cansaco-extremo-depois-de-dormir-bem-nao-e-so-rotina-puxada-pode-ser-sinal-de-apneia-do-sono-ou-anemia-e-merece-avaliacao\/"},"author":{"name":"Gessika Julia Carvalho","@id":"https:\/\/www.tuasaude.com\/news\/#\/schema\/person\/2e9df841be69ec84f5d20ddb8d273ac2"},"headline":"Cansa\u00e7o extremo depois de dormir bem n\u00e3o \u00e9 s\u00f3 rotina puxada: pode ser sinal de apneia do sono ou anemia e merece avalia\u00e7\u00e3o","datePublished":"2026-09-06T12:05:00+00:00","mainEntityOfPage":{"@id":"https:\/\/www.tuasaude.com\/news\/2026\/09\/06\/cansaco-extremo-depois-de-dormir-bem-nao-e-so-rotina-puxada-pode-ser-sinal-de-apneia-do-sono-ou-anemia-e-merece-avaliacao\/"},"wordCount":899,"commentCount":0,"image":{"@id":"https:\/\/www.tuasaude.com\/news\/2026\/09\/06\/cansaco-extremo-depois-de-dormir-bem-nao-e-so-rotina-puxada-pode-ser-sinal-de-apneia-do-sono-ou-anemia-e-merece-avaliacao\/#primaryimage"},"thumbnailUrl":"https:\/\/www.tuasaude.com\/news\/wp-content\/uploads\/2026\/09\/Man_holding_mug_at_table_202609052335.jpg","keywords":["anemia","apneia do sono","cansa\u00e7o","sa\u00fade"],"articleSection":["Sa\u00fade"],"inLanguage":"pt-BR","potentialAction":[{"@type":"CommentAction","name":"Comment","target":["https:\/\/www.tuasaude.com\/news\/2026\/09\/06\/cansaco-extremo-depois-de-dormir-bem-nao-e-so-rotina-puxada-pode-ser-sinal-de-apneia-do-sono-ou-anemia-e-merece-avaliacao\/#respond"]}]},{"@type":"WebPage","@id":"https:\/\/www.tuasaude.com\/news\/2026\/09\/06\/cansaco-extremo-depois-de-dormir-bem-nao-e-so-rotina-puxada-pode-ser-sinal-de-apneia-do-sono-ou-anemia-e-merece-avaliacao\/","url":"https:\/\/www.tuasaude.com\/news\/2026\/09\/06\/cansaco-extremo-depois-de-dormir-bem-nao-e-so-rotina-puxada-pode-ser-sinal-de-apneia-do-sono-ou-anemia-e-merece-avaliacao\/","name":"Cansa\u00e7o extremo depois de dormir bem n\u00e3o \u00e9 s\u00f3 rotina puxada: pode ser sinal de apneia do sono ou anemia e merece avalia\u00e7\u00e3o - Tua Sa\u00fade","isPartOf":{"@id":"https:\/\/www.tuasaude.com\/news\/#website"},"primaryImageOfPage":{"@id":"https:\/\/www.tuasaude.com\/news\/2026\/09\/06\/cansaco-extremo-depois-de-dormir-bem-nao-e-so-rotina-puxada-pode-ser-sinal-de-apneia-do-sono-ou-anemia-e-merece-avaliacao\/#primaryimage"},"image":{"@id":"https:\/\/www.tuasaude.com\/news\/2026\/09\/06\/cansaco-extremo-depois-de-dormir-bem-nao-e-so-rotina-puxada-pode-ser-sinal-de-apneia-do-sono-ou-anemia-e-merece-avaliacao\/#primaryimage"},"thumbnailUrl":"https:\/\/www.tuasaude.com\/news\/wp-content\/uploads\/2026\/09\/Man_holding_mug_at_table_202609052335.jpg","datePublished":"2026-09-06T12:05:00+00:00","author":{"@id":"https:\/\/www.tuasaude.com\/news\/#\/schema\/person\/2e9df841be69ec84f5d20ddb8d273ac2"},"description":"Cansa\u00e7o mesmo depois de dormir bem pode ter rela\u00e7\u00e3o com apneia do sono ou anemia. Entenda os sinais que ajudam a identificar quando \u00e9 preciso investigar.","breadcrumb":{"@id":"https:\/\/www.tuasaude.com\/news\/2026\/09\/06\/cansaco-extremo-depois-de-dormir-bem-nao-e-so-rotina-puxada-pode-ser-sinal-de-apneia-do-sono-ou-anemia-e-merece-avaliacao\/#breadcrumb"},"inLanguage":"pt-BR","potentialAction":[{"@type":"ReadAction","target":["https:\/\/www.tuasaude.com\/news\/2026\/09\/06\/cansaco-extremo-depois-de-dormir-bem-nao-e-so-rotina-puxada-pode-ser-sinal-de-apneia-do-sono-ou-anemia-e-merece-avaliacao\/"]}]},{"@type":"ImageObject","inLanguage":"pt-BR","@id":"https:\/\/www.tuasaude.com\/news\/2026\/09\/06\/cansaco-extremo-depois-de-dormir-bem-nao-e-so-rotina-puxada-pode-ser-sinal-de-apneia-do-sono-ou-anemia-e-merece-avaliacao\/#primaryimage","url":"https:\/\/www.tuasaude.com\/news\/wp-content\/uploads\/2026\/09\/Man_holding_mug_at_table_202609052335.jpg","contentUrl":"https:\/\/www.tuasaude.com\/news\/wp-content\/uploads\/2026\/09\/Man_holding_mug_at_table_202609052335.jpg","width":1280,"height":714,"caption":"Cansa\u00e7o extremo depois de dormir bem n\u00e3o \u00e9 s\u00f3 rotina puxada: pode ser sinal de apneia do sono ou anemia e merece avalia\u00e7\u00e3o"},{"@type":"BreadcrumbList","@id":"https:\/\/www.tuasaude.com\/news\/2026\/09\/06\/cansaco-extremo-depois-de-dormir-bem-nao-e-so-rotina-puxada-pode-ser-sinal-de-apneia-do-sono-ou-anemia-e-merece-avaliacao\/#breadcrumb","itemListElement":[{"@type":"ListItem","position":1,"name":"In\u00edcio","item":"https:\/\/www.tuasaude.com\/news\/"},{"@type":"ListItem","position":2,"name":"Cansa\u00e7o extremo depois de dormir bem n\u00e3o \u00e9 s\u00f3 rotina puxada: pode ser sinal de apneia do sono ou anemia e merece avalia\u00e7\u00e3o"}]},{"@type":"WebSite","@id":"https:\/\/www.tuasaude.com\/news\/#website","url":"https:\/\/www.tuasaude.com\/news\/","name":"Tua Sa\u00fade","description":"Seu site de sa\u00fade","potentialAction":[{"@type":"SearchAction","target":{"@type":"EntryPoint","urlTemplate":"https:\/\/www.tuasaude.com\/news\/?s={search_term_string}"},"query-input":{"@type":"PropertyValueSpecification","valueRequired":true,"valueName":"search_term_string"}}],"inLanguage":"pt-BR"},{"@type":"Person","@id":"https:\/\/www.tuasaude.com\/news\/#\/schema\/person\/2e9df841be69ec84f5d20ddb8d273ac2","name":"Gessika Julia Carvalho","image":{"@type":"ImageObject","inLanguage":"pt-BR","@id":"https:\/\/www.tuasaude.com\/news\/#\/schema\/person\/image\/","url":"https:\/\/secure.gravatar.com\/avatar\/0fcc8769024577fd0bc6a8b766055690f76a8e8f29dfb2a2f89cf04db8d0f2d2?s=96&d=mm&r=g","contentUrl":"https:\/\/secure.gravatar.com\/avatar\/0fcc8769024577fd0bc6a8b766055690f76a8e8f29dfb2a2f89cf04db8d0f2d2?s=96&d=mm&r=g","caption":"Gessika Julia Carvalho"},"sameAs":["https:\/\/www.tuasaude.com\/news\/"],"url":"https:\/\/www.tuasaude.com\/news\/author\/gessika-julia\/"}]}},"_links":{"self":[{"href":"https:\/\/www.tuasaude.com\/news\/wp-json\/wp\/v2\/posts\/109263","targetHints":{"allow":["GET"]}}],"collection":[{"href":"https:\/\/www.tuasaude.com\/news\/wp-json\/wp\/v2\/posts"}],"about":[{"href":"https:\/\/www.tuasaude.com\/news\/wp-json\/wp\/v2\/types\/post"}],"author":[{"embeddable":true,"href":"https:\/\/www.tuasaude.com\/news\/wp-json\/wp\/v2\/users\/11"}],"replies":[{"embeddable":true,"href":"https:\/\/www.tuasaude.com\/news\/wp-json\/wp\/v2\/comments?post=109263"}],"version-history":[{"count":1,"href":"https:\/\/www.tuasaude.com\/news\/wp-json\/wp\/v2\/posts\/109263\/revisions"}],"predecessor-version":[{"id":109271,"href":"https:\/\/www.tuasaude.com\/news\/wp-json\/wp\/v2\/posts\/109263\/revisions\/109271"}],"wp:featuredmedia":[{"embeddable":true,"href":"https:\/\/www.tuasaude.com\/news\/wp-json\/wp\/v2\/media\/109268"}],"wp:attachment":[{"href":"https:\/\/www.tuasaude.com\/news\/wp-json\/wp\/v2\/media?parent=109263"}],"wp:term":[{"taxonomy":"category","embeddable":true,"href":"https:\/\/www.tuasaude.com\/news\/wp-json\/wp\/v2\/categories?post=109263"},{"taxonomy":"post_tag","embeddable":true,"href":"https:\/\/www.tuasaude.com\/news\/wp-json\/wp\/v2\/tags?post=109263"}],"curies":[{"name":"wp","href":"https:\/\/api.w.org\/{rel}","templated":true}]}}