{"id":109243,"date":"2026-09-06T05:50:00","date_gmt":"2026-09-06T08:50:00","guid":{"rendered":"https:\/\/www.tuasaude.com\/news\/?p=109243"},"modified":"2026-09-05T23:16:16","modified_gmt":"2026-09-06T02:16:16","slug":"dor-na-virilha-pode-vir-do-quadril-entenda-essa-relacao","status":"publish","type":"post","link":"https:\/\/www.tuasaude.com\/news\/2026\/09\/06\/dor-na-virilha-pode-vir-do-quadril-entenda-essa-relacao\/","title":{"rendered":"Dor na virilha pode vir do quadril? Entenda essa rela\u00e7\u00e3o"},"content":{"rendered":"\n<p class=\"wp-block-paragraph\">Sim, a dor na virilha frequentemente tem origem no quadril, j\u00e1 que a articula\u00e7\u00e3o coxofemoral compartilha nervos, m\u00fasculos e estruturas ligamentares com essa regi\u00e3o do corpo. Muitas pessoas procuram atendimento acreditando ter um problema muscular ou inguinal, quando, na verdade, o desconforto \u00e9 reflexo direto de altera\u00e7\u00f5es articulares. Entender essa conex\u00e3o anat\u00f4mica ajuda a identificar sinais de alerta e buscar o tratamento adequado antes que a limita\u00e7\u00e3o se torne incapacitante.<\/p>\n\n\n\n<h2 class=\"wp-block-heading\">Por que o quadril causa dor na virilha?<\/h2>\n\n\n\n<p class=\"wp-block-paragraph\">A articula\u00e7\u00e3o do quadril \u00e9 inervada por ramos que se projetam para a face anterior da coxa e para a regi\u00e3o inguinal, o que faz com que qualquer inflama\u00e7\u00e3o, desgaste ou les\u00e3o articular seja percebida como dor na virilha. Essa \u00e9, inclusive, a apresenta\u00e7\u00e3o cl\u00e1ssica de problemas coxofemorais.<\/p>\n\n\n\n<p class=\"wp-block-paragraph\">Al\u00e9m da inerva\u00e7\u00e3o compartilhada, m\u00fasculos como o iliopsoas, adutores e reto femoral se inserem pr\u00f3ximos \u00e0 virilha e ao quadril, criando uma sobreposi\u00e7\u00e3o de sintomas que dificulta o diagn\u00f3stico sem avalia\u00e7\u00e3o especializada e exames de imagem complementares.<\/p>\n\n\n\n<h2 class=\"wp-block-heading\">Quais problemas do quadril mais afetam a virilha?<\/h2>\n\n\n\n<p class=\"wp-block-paragraph\">Diversas condi\u00e7\u00f5es articulares podem se manifestar como desconforto inguinal persistente, especialmente durante movimentos espec\u00edficos. A intensidade varia conforme o grau de comprometimento das estruturas envolvidas e o tempo de evolu\u00e7\u00e3o do quadro cl\u00ednico.<\/p>\n\n\n\n<p class=\"wp-block-paragraph\">A <a href=\"https:\/\/www.tuasaude.com\/artrose-de-quadril\/\" target=\"_blank\" rel=\"noreferrer noopener\">artrose de quadril<\/a> \u00e9 uma das principais causas em adultos mais velhos, provocando dor profunda na virilha, rigidez matinal e limita\u00e7\u00e3o progressiva de movimentos. Em pessoas mais jovens, les\u00f5es do labrum acetabular e o impacto femoroacetabular tamb\u00e9m aparecem com frequ\u00eancia, causando dor ao sentar por longos per\u00edodos ou cruzar as pernas.<\/p>\n\n\n<div class=\"wp-block-image\">\n<figure class=\"aligncenter size-large\"><img decoding=\"async\" width=\"1024\" height=\"571\" src=\"https:\/\/www.tuasaude.com\/news\/wp-content\/uploads\/2026\/09\/DOR_NA_VIRILHA_PODE_VIR_202609052314-1024x571.jpg\" alt=\"Artrose, impacto, les\u00f5es do labrum e m\u00fasculos podem irradiar dor para a virilha.\" class=\"wp-image-109249\" srcset=\"https:\/\/www.tuasaude.com\/news\/wp-content\/uploads\/2026\/09\/DOR_NA_VIRILHA_PODE_VIR_202609052314-1024x571.jpg 1024w, https:\/\/www.tuasaude.com\/news\/wp-content\/uploads\/2026\/09\/DOR_NA_VIRILHA_PODE_VIR_202609052314-300x167.jpg 300w, https:\/\/www.tuasaude.com\/news\/wp-content\/uploads\/2026\/09\/DOR_NA_VIRILHA_PODE_VIR_202609052314-768x428.jpg 768w, https:\/\/www.tuasaude.com\/news\/wp-content\/uploads\/2026\/09\/DOR_NA_VIRILHA_PODE_VIR_202609052314-750x418.jpg 750w, https:\/\/www.tuasaude.com\/news\/wp-content\/uploads\/2026\/09\/DOR_NA_VIRILHA_PODE_VIR_202609052314-1140x636.jpg 1140w, https:\/\/www.tuasaude.com\/news\/wp-content\/uploads\/2026\/09\/DOR_NA_VIRILHA_PODE_VIR_202609052314.jpg 1280w\" sizes=\"(max-width: 1024px) 100vw, 1024px\" \/><figcaption class=\"wp-element-caption\">Artrose, impacto, les\u00f5es do labrum e m\u00fasculos podem irradiar dor para a virilha.<\/figcaption><\/figure>\n<\/div>\n\n\n<h2 class=\"wp-block-heading\">Como um estudo cient\u00edfico confirma essa rela\u00e7\u00e3o?<\/h2>\n\n\n\n<p class=\"wp-block-paragraph\">A comprova\u00e7\u00e3o dessa conex\u00e3o anat\u00f4mica foi amplamente investigada na literatura m\u00e9dica, com resultados que orientam a conduta de ortopedistas e fisioterapeutas no mundo todo. Um estudo descritivo multic\u00eantrico avaliou os padr\u00f5es de dor referida em pacientes com patologias intra-articulares do quadril, oferecendo dados relevantes sobre a apresenta\u00e7\u00e3o cl\u00ednica desses quadros.<\/p>\n\n\n\n<p class=\"wp-block-paragraph\">Segundo o estudo <a href=\"https:\/\/pubmed.ncbi.nlm.nih.gov\/18254763\/\" target=\"_blank\" rel=\"noreferrer noopener\">Hip joint pain referral patterns a descriptive study<\/a>, publicado na revista Pain Medicine, cerca de 55% dos pacientes com problemas intra-articulares do quadril relataram dor na virilha e 57% apresentaram dor na coxa, confirmando que essas regi\u00f5es s\u00e3o locais frequentes de manifesta\u00e7\u00e3o cl\u00ednica quando a origem est\u00e1 na articula\u00e7\u00e3o coxofemoral.<\/p>\n\n\n\n<h2 class=\"wp-block-heading\">Quais movimentos ajudam a identificar a origem da dor?<\/h2>\n\n\n\n<p class=\"wp-block-paragraph\">A avalia\u00e7\u00e3o cl\u00ednica utiliza testes de mobilidade espec\u00edficos que reproduzem a dor quando h\u00e1 comprometimento articular do quadril. Esses movimentos s\u00e3o essenciais para diferenciar causas ortop\u00e9dicas de outras origens, como problemas na coluna lombar ou h\u00e9rnias inguinais.<\/p>\n\n\n\n<p class=\"wp-block-paragraph\">Os principais testes e movimentos avaliados durante o exame f\u00edsico incluem:<\/p>\n\n\n\n<ul class=\"wp-block-list\">\n<li><strong>Teste FADIR<\/strong> flex\u00e3o, adu\u00e7\u00e3o e rota\u00e7\u00e3o interna do quadril, que reproduz dor no impacto femoroacetabular e em les\u00f5es labrais<\/li>\n\n\n\n<li><strong>Teste FABER<\/strong> flex\u00e3o, abdu\u00e7\u00e3o e rota\u00e7\u00e3o externa, \u00fatil para identificar altera\u00e7\u00f5es na articula\u00e7\u00e3o coxofemoral e sacroil\u00edaca<\/li>\n\n\n\n<li><strong>Rota\u00e7\u00e3o interna passiva<\/strong> costuma estar limitada e dolorosa em quadros de artrose de quadril<\/li>\n\n\n\n<li><strong>Agachamento profundo<\/strong> desperta desconforto em conflitos mec\u00e2nicos articulares<\/li>\n\n\n\n<li><strong>Subir e descer escadas<\/strong> evidencia perda de for\u00e7a e dor durante a carga axial<\/li>\n<\/ul>\n\n\n<div class=\"wp-block-image\">\n<figure class=\"aligncenter size-large\"><img decoding=\"async\" width=\"1024\" height=\"571\" src=\"https:\/\/www.tuasaude.com\/news\/wp-content\/uploads\/2026\/09\/Man_experiencing_hip_pain_202609052314-1024x571.jpg\" alt=\"Dor ao cruzar as pernas pode indicar comprometimento da articula\u00e7\u00e3o do quadril.\" class=\"wp-image-109250\" srcset=\"https:\/\/www.tuasaude.com\/news\/wp-content\/uploads\/2026\/09\/Man_experiencing_hip_pain_202609052314-1024x571.jpg 1024w, https:\/\/www.tuasaude.com\/news\/wp-content\/uploads\/2026\/09\/Man_experiencing_hip_pain_202609052314-300x167.jpg 300w, https:\/\/www.tuasaude.com\/news\/wp-content\/uploads\/2026\/09\/Man_experiencing_hip_pain_202609052314-768x428.jpg 768w, https:\/\/www.tuasaude.com\/news\/wp-content\/uploads\/2026\/09\/Man_experiencing_hip_pain_202609052314-750x418.jpg 750w, https:\/\/www.tuasaude.com\/news\/wp-content\/uploads\/2026\/09\/Man_experiencing_hip_pain_202609052314-1140x636.jpg 1140w, https:\/\/www.tuasaude.com\/news\/wp-content\/uploads\/2026\/09\/Man_experiencing_hip_pain_202609052314.jpg 1280w\" sizes=\"(max-width: 1024px) 100vw, 1024px\" \/><figcaption class=\"wp-element-caption\">Dor ao cruzar as pernas pode indicar comprometimento da articula\u00e7\u00e3o do quadril.<\/figcaption><\/figure>\n<\/div>\n\n\n<h2 class=\"wp-block-heading\">Como diferenciar de outras causas de dor na virilha?<\/h2>\n\n\n\n<p class=\"wp-block-paragraph\">Nem toda dor inguinal tem origem articular, e o diagn\u00f3stico diferencial deve considerar condi\u00e7\u00f5es como h\u00e9rnia inguinal, pubalgia atl\u00e9tica, estiramento de adutores, c\u00e1lculos renais e problemas ginecol\u00f3gicos ou urol\u00f3gicos. Cada uma dessas causas apresenta caracter\u00edsticas pr\u00f3prias que ajudam na distin\u00e7\u00e3o cl\u00ednica.<\/p>\n\n\n\n<p class=\"wp-block-paragraph\">As principais possibilidades a serem consideradas na avalia\u00e7\u00e3o inicial s\u00e3o:<\/p>\n\n\n\n<ol class=\"wp-block-list\">\n<li><strong>Distens\u00e3o muscular<\/strong> a <a href=\"https:\/\/www.tuasaude.com\/distensao-na-virilha\/\" target=\"_blank\" rel=\"noreferrer noopener\">distens\u00e3o na virilha<\/a> costuma piorar com movimentos espec\u00edficos e melhorar em repouso<\/li>\n\n\n\n<li><strong>H\u00e9rnia inguinal<\/strong> geralmente apresenta abaulamento vis\u00edvel que aumenta ao tossir ou fazer esfor\u00e7o<\/li>\n\n\n\n<li><strong>Pubalgia atl\u00e9tica<\/strong> comum em atletas, com dor na regi\u00e3o p\u00fabica que irradia para a virilha<\/li>\n\n\n\n<li><strong>C\u00e1lculos renais<\/strong> provocam dor intensa em c\u00f3lica, que pode irradiar da lombar para a virilha<\/li>\n\n\n\n<li><strong>Adenite inguinal<\/strong> inflama\u00e7\u00e3o dos linfonodos, geralmente associada a infec\u00e7\u00f5es<\/li>\n<\/ol>\n\n\n\n<p class=\"wp-block-paragraph\">Para complementar a investiga\u00e7\u00e3o, vale conhecer as diferentes possibilidades de <a href=\"https:\/\/www.tuasaude.com\/tratamento-para-dor-na-virilha\/\" target=\"_blank\" rel=\"noreferrer noopener\">tratamento para dor na virilha<\/a>, sempre com acompanhamento profissional adequado ao diagn\u00f3stico espec\u00edfico.<\/p>\n\n\n\n<p class=\"wp-block-paragraph\"><em>Este conte\u00fado tem car\u00e1ter apenas informativo e n\u00e3o substitui a avalia\u00e7\u00e3o, o diagn\u00f3stico ou o tratamento realizados por um profissional de sa\u00fade qualificado. Em caso de dor persistente ou sintomas preocupantes, procure orienta\u00e7\u00e3o m\u00e9dica.<\/em><\/p>\n\n\n\n<p class=\"wp-block-paragraph\"><\/p>\n","protected":false},"excerpt":{"rendered":"<p>Sim, a dor na virilha frequentemente tem origem no quadril, j\u00e1 que a articula\u00e7\u00e3o coxofemoral compartilha nervos, m\u00fasculos e estruturas ligamentares com essa regi\u00e3o do corpo. Muitas pessoas procuram atendimento acreditando ter um problema muscular ou inguinal, quando, na verdade, o desconforto \u00e9 reflexo direto de altera\u00e7\u00f5es articulares. Entender essa conex\u00e3o anat\u00f4mica ajuda a identificar [&hellip;]<\/p>\n","protected":false},"author":11,"featured_media":109248,"comment_status":"open","ping_status":"open","sticky":false,"template":"","format":"standard","meta":{"_yoast_wpseo_focuskw":"virilha","_yoast_wpseo_title":"","_yoast_wpseo_metadesc":"Problemas no quadril podem causar dor na virilha e limitar alguns movimentos. Entenda como essa rela\u00e7\u00e3o acontece e quais condi\u00e7\u00f5es podem provocar o sintoma.","jnews-multi-image_gallery":[],"jnews_single_post":{"format":"standard"},"jnews_primary_category":[],"jnews_social_meta":[],"jnews_override_counter":[],"footnotes":""},"categories":[111],"tags":[11087,10383,136,450],"class_list":["post-109243","post","type-post","status-publish","format-standard","has-post-thumbnail","hentry","category-saude","tag-dor-na-virilha","tag-quadril","tag-saude","tag-virilha"],"yoast_head":"<!-- This site is optimized with the Yoast SEO plugin v26.7 - https:\/\/yoast.com\/wordpress\/plugins\/seo\/ -->\n<title>Dor na virilha pode vir do quadril? Entenda essa rela\u00e7\u00e3o - Tua Sa\u00fade<\/title>\n<meta name=\"description\" content=\"Problemas no quadril podem causar dor na virilha e limitar alguns movimentos. Entenda como essa rela\u00e7\u00e3o acontece e quais condi\u00e7\u00f5es podem provocar o sintoma.\" \/>\n<meta name=\"robots\" content=\"index, follow, max-snippet:-1, max-image-preview:large, max-video-preview:-1\" \/>\n<link rel=\"canonical\" href=\"https:\/\/www.tuasaude.com\/news\/2026\/09\/06\/dor-na-virilha-pode-vir-do-quadril-entenda-essa-relacao\/\" \/>\n<meta property=\"og:locale\" content=\"pt_BR\" \/>\n<meta property=\"og:type\" content=\"article\" \/>\n<meta property=\"og:title\" content=\"Dor na virilha pode vir do quadril? Entenda essa rela\u00e7\u00e3o - Tua Sa\u00fade\" \/>\n<meta property=\"og:description\" content=\"Problemas no quadril podem causar dor na virilha e limitar alguns movimentos. Entenda como essa rela\u00e7\u00e3o acontece e quais condi\u00e7\u00f5es podem provocar o sintoma.\" \/>\n<meta property=\"og:url\" content=\"https:\/\/www.tuasaude.com\/news\/2026\/09\/06\/dor-na-virilha-pode-vir-do-quadril-entenda-essa-relacao\/\" \/>\n<meta property=\"og:site_name\" content=\"Tua Sa\u00fade\" \/>\n<meta property=\"article:published_time\" content=\"2026-09-06T08:50:00+00:00\" \/>\n<meta property=\"og:image\" content=\"https:\/\/www.tuasaude.com\/news\/wp-content\/uploads\/2026\/09\/Woman_experiencing_hip_discomfort_202609052314.jpg\" \/>\n\t<meta property=\"og:image:width\" content=\"1280\" \/>\n\t<meta property=\"og:image:height\" content=\"714\" \/>\n\t<meta property=\"og:image:type\" content=\"image\/jpeg\" \/>\n<meta name=\"author\" content=\"Gessika Julia Carvalho\" \/>\n<meta name=\"twitter:card\" content=\"summary_large_image\" \/>\n<meta name=\"twitter:label1\" content=\"Escrito por\" \/>\n\t<meta name=\"twitter:data1\" content=\"Gessika Julia Carvalho\" \/>\n\t<meta name=\"twitter:label2\" content=\"Est. tempo de leitura\" \/>\n\t<meta name=\"twitter:data2\" content=\"5 minutos\" \/>\n<!-- \/ Yoast SEO plugin. -->","yoast_head_json":{"title":"Dor na virilha pode vir do quadril? Entenda essa rela\u00e7\u00e3o - Tua Sa\u00fade","description":"Problemas no quadril podem causar dor na virilha e limitar alguns movimentos. Entenda como essa rela\u00e7\u00e3o acontece e quais condi\u00e7\u00f5es podem provocar o sintoma.","robots":{"index":"index","follow":"follow","max-snippet":"max-snippet:-1","max-image-preview":"max-image-preview:large","max-video-preview":"max-video-preview:-1"},"canonical":"https:\/\/www.tuasaude.com\/news\/2026\/09\/06\/dor-na-virilha-pode-vir-do-quadril-entenda-essa-relacao\/","og_locale":"pt_BR","og_type":"article","og_title":"Dor na virilha pode vir do quadril? Entenda essa rela\u00e7\u00e3o - Tua Sa\u00fade","og_description":"Problemas no quadril podem causar dor na virilha e limitar alguns movimentos. Entenda como essa rela\u00e7\u00e3o acontece e quais condi\u00e7\u00f5es podem provocar o sintoma.","og_url":"https:\/\/www.tuasaude.com\/news\/2026\/09\/06\/dor-na-virilha-pode-vir-do-quadril-entenda-essa-relacao\/","og_site_name":"Tua Sa\u00fade","article_published_time":"2026-09-06T08:50:00+00:00","og_image":[{"width":1280,"height":714,"url":"https:\/\/www.tuasaude.com\/news\/wp-content\/uploads\/2026\/09\/Woman_experiencing_hip_discomfort_202609052314.jpg","type":"image\/jpeg"}],"author":"Gessika Julia Carvalho","twitter_card":"summary_large_image","twitter_misc":{"Escrito por":"Gessika Julia Carvalho","Est. tempo de leitura":"5 minutos"},"schema":{"@context":"https:\/\/schema.org","@graph":[{"@type":"Article","@id":"https:\/\/www.tuasaude.com\/news\/2026\/09\/06\/dor-na-virilha-pode-vir-do-quadril-entenda-essa-relacao\/#article","isPartOf":{"@id":"https:\/\/www.tuasaude.com\/news\/2026\/09\/06\/dor-na-virilha-pode-vir-do-quadril-entenda-essa-relacao\/"},"author":{"name":"Gessika Julia Carvalho","@id":"https:\/\/www.tuasaude.com\/news\/#\/schema\/person\/2e9df841be69ec84f5d20ddb8d273ac2"},"headline":"Dor na virilha pode vir do quadril? Entenda essa rela\u00e7\u00e3o","datePublished":"2026-09-06T08:50:00+00:00","mainEntityOfPage":{"@id":"https:\/\/www.tuasaude.com\/news\/2026\/09\/06\/dor-na-virilha-pode-vir-do-quadril-entenda-essa-relacao\/"},"wordCount":811,"commentCount":0,"image":{"@id":"https:\/\/www.tuasaude.com\/news\/2026\/09\/06\/dor-na-virilha-pode-vir-do-quadril-entenda-essa-relacao\/#primaryimage"},"thumbnailUrl":"https:\/\/www.tuasaude.com\/news\/wp-content\/uploads\/2026\/09\/Woman_experiencing_hip_discomfort_202609052314.jpg","keywords":["dor na virilha","quadril","sa\u00fade","virilha"],"articleSection":["Sa\u00fade"],"inLanguage":"pt-BR","potentialAction":[{"@type":"CommentAction","name":"Comment","target":["https:\/\/www.tuasaude.com\/news\/2026\/09\/06\/dor-na-virilha-pode-vir-do-quadril-entenda-essa-relacao\/#respond"]}]},{"@type":"WebPage","@id":"https:\/\/www.tuasaude.com\/news\/2026\/09\/06\/dor-na-virilha-pode-vir-do-quadril-entenda-essa-relacao\/","url":"https:\/\/www.tuasaude.com\/news\/2026\/09\/06\/dor-na-virilha-pode-vir-do-quadril-entenda-essa-relacao\/","name":"Dor na virilha pode vir do quadril? Entenda essa rela\u00e7\u00e3o - Tua Sa\u00fade","isPartOf":{"@id":"https:\/\/www.tuasaude.com\/news\/#website"},"primaryImageOfPage":{"@id":"https:\/\/www.tuasaude.com\/news\/2026\/09\/06\/dor-na-virilha-pode-vir-do-quadril-entenda-essa-relacao\/#primaryimage"},"image":{"@id":"https:\/\/www.tuasaude.com\/news\/2026\/09\/06\/dor-na-virilha-pode-vir-do-quadril-entenda-essa-relacao\/#primaryimage"},"thumbnailUrl":"https:\/\/www.tuasaude.com\/news\/wp-content\/uploads\/2026\/09\/Woman_experiencing_hip_discomfort_202609052314.jpg","datePublished":"2026-09-06T08:50:00+00:00","author":{"@id":"https:\/\/www.tuasaude.com\/news\/#\/schema\/person\/2e9df841be69ec84f5d20ddb8d273ac2"},"description":"Problemas no quadril podem causar dor na virilha e limitar alguns movimentos. Entenda como essa rela\u00e7\u00e3o acontece e quais condi\u00e7\u00f5es podem provocar o sintoma.","breadcrumb":{"@id":"https:\/\/www.tuasaude.com\/news\/2026\/09\/06\/dor-na-virilha-pode-vir-do-quadril-entenda-essa-relacao\/#breadcrumb"},"inLanguage":"pt-BR","potentialAction":[{"@type":"ReadAction","target":["https:\/\/www.tuasaude.com\/news\/2026\/09\/06\/dor-na-virilha-pode-vir-do-quadril-entenda-essa-relacao\/"]}]},{"@type":"ImageObject","inLanguage":"pt-BR","@id":"https:\/\/www.tuasaude.com\/news\/2026\/09\/06\/dor-na-virilha-pode-vir-do-quadril-entenda-essa-relacao\/#primaryimage","url":"https:\/\/www.tuasaude.com\/news\/wp-content\/uploads\/2026\/09\/Woman_experiencing_hip_discomfort_202609052314.jpg","contentUrl":"https:\/\/www.tuasaude.com\/news\/wp-content\/uploads\/2026\/09\/Woman_experiencing_hip_discomfort_202609052314.jpg","width":1280,"height":714,"caption":"Dor na virilha pode vir do quadril? Entenda essa rela\u00e7\u00e3o"},{"@type":"BreadcrumbList","@id":"https:\/\/www.tuasaude.com\/news\/2026\/09\/06\/dor-na-virilha-pode-vir-do-quadril-entenda-essa-relacao\/#breadcrumb","itemListElement":[{"@type":"ListItem","position":1,"name":"In\u00edcio","item":"https:\/\/www.tuasaude.com\/news\/"},{"@type":"ListItem","position":2,"name":"Dor na virilha pode vir do quadril? Entenda essa rela\u00e7\u00e3o"}]},{"@type":"WebSite","@id":"https:\/\/www.tuasaude.com\/news\/#website","url":"https:\/\/www.tuasaude.com\/news\/","name":"Tua Sa\u00fade","description":"Seu site de sa\u00fade","potentialAction":[{"@type":"SearchAction","target":{"@type":"EntryPoint","urlTemplate":"https:\/\/www.tuasaude.com\/news\/?s={search_term_string}"},"query-input":{"@type":"PropertyValueSpecification","valueRequired":true,"valueName":"search_term_string"}}],"inLanguage":"pt-BR"},{"@type":"Person","@id":"https:\/\/www.tuasaude.com\/news\/#\/schema\/person\/2e9df841be69ec84f5d20ddb8d273ac2","name":"Gessika Julia Carvalho","image":{"@type":"ImageObject","inLanguage":"pt-BR","@id":"https:\/\/www.tuasaude.com\/news\/#\/schema\/person\/image\/","url":"https:\/\/secure.gravatar.com\/avatar\/0fcc8769024577fd0bc6a8b766055690f76a8e8f29dfb2a2f89cf04db8d0f2d2?s=96&d=mm&r=g","contentUrl":"https:\/\/secure.gravatar.com\/avatar\/0fcc8769024577fd0bc6a8b766055690f76a8e8f29dfb2a2f89cf04db8d0f2d2?s=96&d=mm&r=g","caption":"Gessika Julia Carvalho"},"sameAs":["https:\/\/www.tuasaude.com\/news\/"],"url":"https:\/\/www.tuasaude.com\/news\/author\/gessika-julia\/"}]}},"_links":{"self":[{"href":"https:\/\/www.tuasaude.com\/news\/wp-json\/wp\/v2\/posts\/109243","targetHints":{"allow":["GET"]}}],"collection":[{"href":"https:\/\/www.tuasaude.com\/news\/wp-json\/wp\/v2\/posts"}],"about":[{"href":"https:\/\/www.tuasaude.com\/news\/wp-json\/wp\/v2\/types\/post"}],"author":[{"embeddable":true,"href":"https:\/\/www.tuasaude.com\/news\/wp-json\/wp\/v2\/users\/11"}],"replies":[{"embeddable":true,"href":"https:\/\/www.tuasaude.com\/news\/wp-json\/wp\/v2\/comments?post=109243"}],"version-history":[{"count":1,"href":"https:\/\/www.tuasaude.com\/news\/wp-json\/wp\/v2\/posts\/109243\/revisions"}],"predecessor-version":[{"id":109251,"href":"https:\/\/www.tuasaude.com\/news\/wp-json\/wp\/v2\/posts\/109243\/revisions\/109251"}],"wp:featuredmedia":[{"embeddable":true,"href":"https:\/\/www.tuasaude.com\/news\/wp-json\/wp\/v2\/media\/109248"}],"wp:attachment":[{"href":"https:\/\/www.tuasaude.com\/news\/wp-json\/wp\/v2\/media?parent=109243"}],"wp:term":[{"taxonomy":"category","embeddable":true,"href":"https:\/\/www.tuasaude.com\/news\/wp-json\/wp\/v2\/categories?post=109243"},{"taxonomy":"post_tag","embeddable":true,"href":"https:\/\/www.tuasaude.com\/news\/wp-json\/wp\/v2\/tags?post=109243"}],"curies":[{"name":"wp","href":"https:\/\/api.w.org\/{rel}","templated":true}]}}