{"id":109163,"date":"2026-09-06T09:45:00","date_gmt":"2026-09-06T12:45:00","guid":{"rendered":"https:\/\/www.tuasaude.com\/news\/?p=109163"},"modified":"2026-09-05T16:22:05","modified_gmt":"2026-09-05T19:22:05","slug":"picada-de-abelha-com-inchaco-na-boca-ou-falta-de-ar-nao-e-uma-reacao-comum","status":"publish","type":"post","link":"https:\/\/www.tuasaude.com\/news\/2026\/09\/06\/picada-de-abelha-com-inchaco-na-boca-ou-falta-de-ar-nao-e-uma-reacao-comum\/","title":{"rendered":"Picada de abelha com incha\u00e7o na boca ou falta de ar: n\u00e3o \u00e9 uma rea\u00e7\u00e3o comum"},"content":{"rendered":"\n<p class=\"wp-block-paragraph\">Depois de uma picada de abelha, dor, vermelhid\u00e3o e incha\u00e7o ao redor do local costumam ser rea\u00e7\u00f5es esperadas. J\u00e1 <strong>incha\u00e7o nos l\u00e1bios, l\u00edngua ou garganta, falta de ar, tontura ou desmaio<\/strong> podem indicar uma rea\u00e7\u00e3o al\u00e9rgica grave. Nesses casos, a alergia \u00e0 picada de abelha pode evoluir rapidamente e exige atendimento de emerg\u00eancia.<\/p>\n\n\n\n<h2 class=\"wp-block-heading\">Como diferenciar rea\u00e7\u00e3o local de alergia grave<\/h2>\n\n\n\n<p class=\"wp-block-paragraph\">Uma rea\u00e7\u00e3o local geralmente permanece pr\u00f3xima \u00e0 picada e provoca dor, coceira, vermelhid\u00e3o e incha\u00e7o. Mesmo quando o edema \u00e9 maior, isso \u00e9 diferente de sintomas que comprometem a respira\u00e7\u00e3o ou aparecem em outras partes do corpo.<\/p>\n\n\n\n<ul class=\"wp-block-list\">\n<li><strong>Incha\u00e7o da l\u00edngua, boca ou garganta<\/strong>;<\/li>\n<li>falta de ar, chiado ou sensa\u00e7\u00e3o de garganta fechando;<\/li>\n<li>tontura intensa ou desmaio;<\/li>\n<li>urtic\u00e1ria espalhada pelo corpo;<\/li>\n<li>fraqueza s\u00fabita, v\u00f4mitos ou queda da press\u00e3o.<\/li>\n<\/ul>\n\n\n\n<p class=\"wp-block-paragraph\">O <a href=\"https:\/\/medlineplus.gov\/anaphylaxis.html\" target=\"_blank\" rel=\"noopener noreferrer\">MedlinePlus, da National Library of Medicine<\/a>, explica que a anafilaxia pode come\u00e7ar rapidamente ap\u00f3s uma picada e comprometer pele, boca, garganta, respira\u00e7\u00e3o e circula\u00e7\u00e3o.<\/p>\n\n\n\n<h2 class=\"wp-block-heading\">Por que esses sintomas s\u00e3o uma emerg\u00eancia<\/h2>\n\n\n<div class=\"wp-block-image wp-block-image size-large\">\n<figure class=\"aligncenter\"><img decoding=\"async\" width=\"1280\" height=\"714\" src=\"https:\/\/www.tuasaude.com\/news\/wp-content\/uploads\/2026\/09\/109163_picada-de-abelha-com-inchaco-na-boca-ou-falta-de-ar-nao-e-um_corpo.jpg\" alt=\"Na anafilaxia, o incha\u00e7o da l\u00edngua e da garganta pode comprometer rapidamente a respira\u00e7\u00e3o.\" class=\"wp-image-109166\" srcset=\"https:\/\/www.tuasaude.com\/news\/wp-content\/uploads\/2026\/09\/109163_picada-de-abelha-com-inchaco-na-boca-ou-falta-de-ar-nao-e-um_corpo.jpg 1280w, https:\/\/www.tuasaude.com\/news\/wp-content\/uploads\/2026\/09\/109163_picada-de-abelha-com-inchaco-na-boca-ou-falta-de-ar-nao-e-um_corpo-300x167.jpg 300w, https:\/\/www.tuasaude.com\/news\/wp-content\/uploads\/2026\/09\/109163_picada-de-abelha-com-inchaco-na-boca-ou-falta-de-ar-nao-e-um_corpo-1024x571.jpg 1024w, https:\/\/www.tuasaude.com\/news\/wp-content\/uploads\/2026\/09\/109163_picada-de-abelha-com-inchaco-na-boca-ou-falta-de-ar-nao-e-um_corpo-768x428.jpg 768w, https:\/\/www.tuasaude.com\/news\/wp-content\/uploads\/2026\/09\/109163_picada-de-abelha-com-inchaco-na-boca-ou-falta-de-ar-nao-e-um_corpo-750x418.jpg 750w, https:\/\/www.tuasaude.com\/news\/wp-content\/uploads\/2026\/09\/109163_picada-de-abelha-com-inchaco-na-boca-ou-falta-de-ar-nao-e-um_corpo-1140x636.jpg 1140w\" sizes=\"(max-width: 1280px) 100vw, 1280px\" \/><figcaption class=\"wp-element-caption\">Na anafilaxia, o incha\u00e7o da l\u00edngua e da garganta pode comprometer rapidamente a respira\u00e7\u00e3o.<\/figcaption><\/figure>\n<\/div>\n\n\n<p class=\"wp-block-paragraph\">A <strong>anafilaxia<\/strong> \u00e9 uma rea\u00e7\u00e3o al\u00e9rgica potencialmente fatal. O incha\u00e7o pode estreitar as vias respirat\u00f3rias, enquanto a queda da press\u00e3o arterial pode causar tontura, perda de consci\u00eancia e choque.<\/p>\n\n\n\n<p class=\"wp-block-paragraph\">Por isso, falta de ar ou incha\u00e7o da l\u00edngua e da garganta n\u00e3o devem ser observados em casa esperando melhora espont\u00e2nea. Veja tamb\u00e9m como reconhecer a <a href=\"https:\/\/www.tuasaude.com\/o-que-e-anafilaxia\/\" target=\"_blank\" rel=\"noopener noreferrer\">anafilaxia<\/a> e seus principais sinais.<\/p>\n\n\n\n<h2 class=\"wp-block-heading\">O que um estudo cient\u00edfico mostra sobre alergia a picadas<\/h2>\n\n\n\n<p class=\"wp-block-paragraph\">Segundo a revis\u00e3o <a href=\"https:\/\/pubmed.ncbi.nlm.nih.gov\/38816116\/\" target=\"_blank\" rel=\"noopener noreferrer\"><em>Venom Hypersensitivity<\/em><\/a>, publicada na <em>Medical Clinics of North America<\/em>, insetos que ferroam s\u00e3o uma causa importante de rea\u00e7\u00f5es de hipersensibilidade sist\u00eamica, incluindo anafilaxia.<\/p>\n\n\n\n<p class=\"wp-block-paragraph\">A revis\u00e3o tamb\u00e9m destaca que pessoas com hist\u00f3rico de anafilaxia potencialmente fatal por veneno podem se beneficiar de investiga\u00e7\u00e3o especializada e, quando indicada, <strong>imunoterapia com veneno<\/strong> para reduzir o risco em futuras picadas.<\/p>\n\n\n\n<h2 class=\"wp-block-heading\">O que fazer diante de uma rea\u00e7\u00e3o grave<\/h2>\n\n\n\n<p class=\"wp-block-paragraph\">Quando surgem sinais de anafilaxia, \u00e9 necess\u00e1rio acionar imediatamente o servi\u00e7o de emerg\u00eancia. Quem j\u00e1 recebeu uma caneta de adrenalina autoinjet\u00e1vel deve utiliz\u00e1-la conforme o plano previamente orientado pelo m\u00e9dico.<\/p>\n\n\n\n<ul class=\"wp-block-list\">\n<li><strong>Use a adrenalina prescrita sem atrasar<\/strong> quando houver indica\u00e7\u00e3o;<\/li>\n<li>chame o servi\u00e7o de emerg\u00eancia imediatamente;<\/li>\n<li>n\u00e3o deixe a pessoa sozinha;<\/li>\n<li>n\u00e3o ofere\u00e7a alimentos ou bebidas se houver dificuldade para engolir;<\/li>\n<li>acompanhe a respira\u00e7\u00e3o e o n\u00edvel de consci\u00eancia at\u00e9 o socorro chegar.<\/li>\n<\/ul>\n\n\n<div class=\"wp-block-image wp-block-image size-large\">\n<figure class=\"aligncenter\"><img decoding=\"async\" width=\"1280\" height=\"575\" src=\"https:\/\/www.tuasaude.com\/news\/wp-content\/uploads\/2026\/09\/109163_picada-de-abelha-com-inchaco-na-boca-ou-falta-de-ar-nao-e-um_tabela.jpg\" alt=\"Picada de abelha com falta de ar ou incha\u00e7o na boca: sinais de anafilaxia\" class=\"wp-image-109167\" srcset=\"https:\/\/www.tuasaude.com\/news\/wp-content\/uploads\/2026\/09\/109163_picada-de-abelha-com-inchaco-na-boca-ou-falta-de-ar-nao-e-um_tabela.jpg 1280w, https:\/\/www.tuasaude.com\/news\/wp-content\/uploads\/2026\/09\/109163_picada-de-abelha-com-inchaco-na-boca-ou-falta-de-ar-nao-e-um_tabela-300x135.jpg 300w, https:\/\/www.tuasaude.com\/news\/wp-content\/uploads\/2026\/09\/109163_picada-de-abelha-com-inchaco-na-boca-ou-falta-de-ar-nao-e-um_tabela-1024x460.jpg 1024w, https:\/\/www.tuasaude.com\/news\/wp-content\/uploads\/2026\/09\/109163_picada-de-abelha-com-inchaco-na-boca-ou-falta-de-ar-nao-e-um_tabela-768x345.jpg 768w, https:\/\/www.tuasaude.com\/news\/wp-content\/uploads\/2026\/09\/109163_picada-de-abelha-com-inchaco-na-boca-ou-falta-de-ar-nao-e-um_tabela-750x337.jpg 750w, https:\/\/www.tuasaude.com\/news\/wp-content\/uploads\/2026\/09\/109163_picada-de-abelha-com-inchaco-na-boca-ou-falta-de-ar-nao-e-um_tabela-1140x512.jpg 1140w\" sizes=\"(max-width: 1280px) 100vw, 1280px\" \/><figcaption class=\"wp-element-caption\">Picada de abelha com falta de ar ou incha\u00e7o na boca: sinais de anafilaxia<\/figcaption><\/figure>\n<\/div>\n\n\n<h2 class=\"wp-block-heading\">Quem precisa procurar um alergista<\/h2>\n\n\n\n<p class=\"wp-block-paragraph\">Quem j\u00e1 apresentou <strong>rea\u00e7\u00e3o al\u00e9rgica generalizada ou anafilaxia ap\u00f3s uma picada<\/strong> deve procurar um alergista mesmo depois de se recuperar. A avalia\u00e7\u00e3o pode identificar o inseto envolvido, confirmar a sensibiliza\u00e7\u00e3o e definir medidas para futuras exposi\u00e7\u00f5es.<\/p>\n\n\n\n<p class=\"wp-block-paragraph\">O especialista tamb\u00e9m pode avaliar a necessidade de manter adrenalina autoinjet\u00e1vel dispon\u00edvel e de realizar imunoterapia com veneno em pessoas selecionadas, reduzindo o risco de novas rea\u00e7\u00f5es graves.<\/p>\n\n\n\n<p class=\"wp-block-paragraph\"><strong>Este conte\u00fado \u00e9 apenas informativo e n\u00e3o substitui a avalia\u00e7\u00e3o, o diagn\u00f3stico ou o tratamento indicado por um m\u00e9dico.<\/strong><\/p>\n","protected":false},"excerpt":{"rendered":"<p>Depois de uma picada de abelha, dor, vermelhid\u00e3o e incha\u00e7o ao redor do local costumam ser rea\u00e7\u00f5es esperadas. J\u00e1 incha\u00e7o nos l\u00e1bios, l\u00edngua ou garganta, falta de ar, tontura ou desmaio podem indicar uma rea\u00e7\u00e3o al\u00e9rgica grave. Nesses casos, a alergia \u00e0 picada de abelha pode evoluir rapidamente e exige atendimento de emerg\u00eancia. Como diferenciar [&hellip;]<\/p>\n","protected":false},"author":12,"featured_media":109165,"comment_status":"open","ping_status":"open","sticky":false,"template":"","format":"standard","meta":{"_yoast_wpseo_focuskw":"alergia \u00e0 picada de abelha","_yoast_wpseo_title":"","_yoast_wpseo_metadesc":"Alergia \u00e0 picada de abelha pode causar incha\u00e7o na boca, falta de ar e anafilaxia. Saiba reconhecer os sinais e quando buscar emerg\u00eancia m\u00e9dica.","jnews-multi-image_gallery":[],"jnews_single_post":{"format":"standard"},"jnews_primary_category":[],"jnews_social_meta":[],"jnews_override_counter":[],"footnotes":""},"categories":[111],"tags":[8152,13421,12362],"class_list":["post-109163","post","type-post","status-publish","format-standard","has-post-thumbnail","hentry","category-saude","tag-anafilaxia","tag-falta-de-ar-apos-picada","tag-inchaco-apos-picada"],"yoast_head":"<!-- This site is optimized with the Yoast SEO plugin v26.7 - https:\/\/yoast.com\/wordpress\/plugins\/seo\/ -->\n<title>Picada de abelha com incha\u00e7o na boca ou falta de ar: n\u00e3o \u00e9 uma rea\u00e7\u00e3o comum - Tua Sa\u00fade<\/title>\n<meta name=\"description\" content=\"Alergia \u00e0 picada de abelha pode causar incha\u00e7o na boca, falta de ar e anafilaxia. Saiba reconhecer os sinais e quando buscar emerg\u00eancia m\u00e9dica.\" \/>\n<meta name=\"robots\" content=\"index, follow, max-snippet:-1, max-image-preview:large, max-video-preview:-1\" \/>\n<link rel=\"canonical\" href=\"https:\/\/www.tuasaude.com\/news\/2026\/09\/06\/picada-de-abelha-com-inchaco-na-boca-ou-falta-de-ar-nao-e-uma-reacao-comum\/\" \/>\n<meta property=\"og:locale\" content=\"pt_BR\" \/>\n<meta property=\"og:type\" content=\"article\" \/>\n<meta property=\"og:title\" content=\"Picada de abelha com incha\u00e7o na boca ou falta de ar: n\u00e3o \u00e9 uma rea\u00e7\u00e3o comum - Tua Sa\u00fade\" \/>\n<meta property=\"og:description\" content=\"Alergia \u00e0 picada de abelha pode causar incha\u00e7o na boca, falta de ar e anafilaxia. Saiba reconhecer os sinais e quando buscar emerg\u00eancia m\u00e9dica.\" \/>\n<meta property=\"og:url\" content=\"https:\/\/www.tuasaude.com\/news\/2026\/09\/06\/picada-de-abelha-com-inchaco-na-boca-ou-falta-de-ar-nao-e-uma-reacao-comum\/\" \/>\n<meta property=\"og:site_name\" content=\"Tua Sa\u00fade\" \/>\n<meta property=\"article:published_time\" content=\"2026-09-06T12:45:00+00:00\" \/>\n<meta property=\"og:image\" content=\"https:\/\/www.tuasaude.com\/news\/wp-content\/uploads\/2026\/09\/109163_picada-de-abelha-com-inchaco-na-boca-ou-falta-de-ar-nao-e-um_destaque.jpg\" \/>\n\t<meta property=\"og:image:width\" content=\"1280\" \/>\n\t<meta property=\"og:image:height\" content=\"714\" \/>\n\t<meta property=\"og:image:type\" content=\"image\/jpeg\" \/>\n<meta name=\"author\" content=\"Jeferson Henrique\" \/>\n<meta name=\"twitter:card\" content=\"summary_large_image\" \/>\n<meta name=\"twitter:label1\" content=\"Escrito por\" \/>\n\t<meta name=\"twitter:data1\" content=\"Jeferson Henrique\" \/>\n\t<meta name=\"twitter:label2\" content=\"Est. tempo de leitura\" \/>\n\t<meta name=\"twitter:data2\" content=\"3 minutos\" \/>\n<!-- \/ Yoast SEO plugin. -->","yoast_head_json":{"title":"Picada de abelha com incha\u00e7o na boca ou falta de ar: n\u00e3o \u00e9 uma rea\u00e7\u00e3o comum - Tua Sa\u00fade","description":"Alergia \u00e0 picada de abelha pode causar incha\u00e7o na boca, falta de ar e anafilaxia. Saiba reconhecer os sinais e quando buscar emerg\u00eancia m\u00e9dica.","robots":{"index":"index","follow":"follow","max-snippet":"max-snippet:-1","max-image-preview":"max-image-preview:large","max-video-preview":"max-video-preview:-1"},"canonical":"https:\/\/www.tuasaude.com\/news\/2026\/09\/06\/picada-de-abelha-com-inchaco-na-boca-ou-falta-de-ar-nao-e-uma-reacao-comum\/","og_locale":"pt_BR","og_type":"article","og_title":"Picada de abelha com incha\u00e7o na boca ou falta de ar: n\u00e3o \u00e9 uma rea\u00e7\u00e3o comum - Tua Sa\u00fade","og_description":"Alergia \u00e0 picada de abelha pode causar incha\u00e7o na boca, falta de ar e anafilaxia. Saiba reconhecer os sinais e quando buscar emerg\u00eancia m\u00e9dica.","og_url":"https:\/\/www.tuasaude.com\/news\/2026\/09\/06\/picada-de-abelha-com-inchaco-na-boca-ou-falta-de-ar-nao-e-uma-reacao-comum\/","og_site_name":"Tua Sa\u00fade","article_published_time":"2026-09-06T12:45:00+00:00","og_image":[{"width":1280,"height":714,"url":"https:\/\/www.tuasaude.com\/news\/wp-content\/uploads\/2026\/09\/109163_picada-de-abelha-com-inchaco-na-boca-ou-falta-de-ar-nao-e-um_destaque.jpg","type":"image\/jpeg"}],"author":"Jeferson Henrique","twitter_card":"summary_large_image","twitter_misc":{"Escrito por":"Jeferson Henrique","Est. tempo de leitura":"3 minutos"},"schema":{"@context":"https:\/\/schema.org","@graph":[{"@type":"Article","@id":"https:\/\/www.tuasaude.com\/news\/2026\/09\/06\/picada-de-abelha-com-inchaco-na-boca-ou-falta-de-ar-nao-e-uma-reacao-comum\/#article","isPartOf":{"@id":"https:\/\/www.tuasaude.com\/news\/2026\/09\/06\/picada-de-abelha-com-inchaco-na-boca-ou-falta-de-ar-nao-e-uma-reacao-comum\/"},"author":{"name":"Jeferson Henrique","@id":"https:\/\/www.tuasaude.com\/news\/#\/schema\/person\/963d63d4e1f0c81f5f3a70ba4bcb0ef7"},"headline":"Picada de abelha com incha\u00e7o na boca ou falta de ar: n\u00e3o \u00e9 uma rea\u00e7\u00e3o comum","datePublished":"2026-09-06T12:45:00+00:00","mainEntityOfPage":{"@id":"https:\/\/www.tuasaude.com\/news\/2026\/09\/06\/picada-de-abelha-com-inchaco-na-boca-ou-falta-de-ar-nao-e-uma-reacao-comum\/"},"wordCount":578,"commentCount":0,"image":{"@id":"https:\/\/www.tuasaude.com\/news\/2026\/09\/06\/picada-de-abelha-com-inchaco-na-boca-ou-falta-de-ar-nao-e-uma-reacao-comum\/#primaryimage"},"thumbnailUrl":"https:\/\/www.tuasaude.com\/news\/wp-content\/uploads\/2026\/09\/109163_picada-de-abelha-com-inchaco-na-boca-ou-falta-de-ar-nao-e-um_destaque.jpg","keywords":["anafilaxia","falta de ar ap\u00f3s picada","incha\u00e7o ap\u00f3s picada"],"articleSection":["Sa\u00fade"],"inLanguage":"pt-BR","potentialAction":[{"@type":"CommentAction","name":"Comment","target":["https:\/\/www.tuasaude.com\/news\/2026\/09\/06\/picada-de-abelha-com-inchaco-na-boca-ou-falta-de-ar-nao-e-uma-reacao-comum\/#respond"]}]},{"@type":"WebPage","@id":"https:\/\/www.tuasaude.com\/news\/2026\/09\/06\/picada-de-abelha-com-inchaco-na-boca-ou-falta-de-ar-nao-e-uma-reacao-comum\/","url":"https:\/\/www.tuasaude.com\/news\/2026\/09\/06\/picada-de-abelha-com-inchaco-na-boca-ou-falta-de-ar-nao-e-uma-reacao-comum\/","name":"Picada de abelha com incha\u00e7o na boca ou falta de ar: n\u00e3o \u00e9 uma rea\u00e7\u00e3o comum - Tua Sa\u00fade","isPartOf":{"@id":"https:\/\/www.tuasaude.com\/news\/#website"},"primaryImageOfPage":{"@id":"https:\/\/www.tuasaude.com\/news\/2026\/09\/06\/picada-de-abelha-com-inchaco-na-boca-ou-falta-de-ar-nao-e-uma-reacao-comum\/#primaryimage"},"image":{"@id":"https:\/\/www.tuasaude.com\/news\/2026\/09\/06\/picada-de-abelha-com-inchaco-na-boca-ou-falta-de-ar-nao-e-uma-reacao-comum\/#primaryimage"},"thumbnailUrl":"https:\/\/www.tuasaude.com\/news\/wp-content\/uploads\/2026\/09\/109163_picada-de-abelha-com-inchaco-na-boca-ou-falta-de-ar-nao-e-um_destaque.jpg","datePublished":"2026-09-06T12:45:00+00:00","author":{"@id":"https:\/\/www.tuasaude.com\/news\/#\/schema\/person\/963d63d4e1f0c81f5f3a70ba4bcb0ef7"},"description":"Alergia \u00e0 picada de abelha pode causar incha\u00e7o na boca, falta de ar e anafilaxia. Saiba reconhecer os sinais e quando buscar emerg\u00eancia m\u00e9dica.","breadcrumb":{"@id":"https:\/\/www.tuasaude.com\/news\/2026\/09\/06\/picada-de-abelha-com-inchaco-na-boca-ou-falta-de-ar-nao-e-uma-reacao-comum\/#breadcrumb"},"inLanguage":"pt-BR","potentialAction":[{"@type":"ReadAction","target":["https:\/\/www.tuasaude.com\/news\/2026\/09\/06\/picada-de-abelha-com-inchaco-na-boca-ou-falta-de-ar-nao-e-uma-reacao-comum\/"]}]},{"@type":"ImageObject","inLanguage":"pt-BR","@id":"https:\/\/www.tuasaude.com\/news\/2026\/09\/06\/picada-de-abelha-com-inchaco-na-boca-ou-falta-de-ar-nao-e-uma-reacao-comum\/#primaryimage","url":"https:\/\/www.tuasaude.com\/news\/wp-content\/uploads\/2026\/09\/109163_picada-de-abelha-com-inchaco-na-boca-ou-falta-de-ar-nao-e-um_destaque.jpg","contentUrl":"https:\/\/www.tuasaude.com\/news\/wp-content\/uploads\/2026\/09\/109163_picada-de-abelha-com-inchaco-na-boca-ou-falta-de-ar-nao-e-um_destaque.jpg","width":1280,"height":714,"caption":"Incha\u00e7o na boca ou falta de ar ap\u00f3s picada de abelha podem indicar anafilaxia e exigem atendimento imediato."},{"@type":"BreadcrumbList","@id":"https:\/\/www.tuasaude.com\/news\/2026\/09\/06\/picada-de-abelha-com-inchaco-na-boca-ou-falta-de-ar-nao-e-uma-reacao-comum\/#breadcrumb","itemListElement":[{"@type":"ListItem","position":1,"name":"In\u00edcio","item":"https:\/\/www.tuasaude.com\/news\/"},{"@type":"ListItem","position":2,"name":"Picada de abelha com incha\u00e7o na boca ou falta de ar: n\u00e3o \u00e9 uma rea\u00e7\u00e3o comum"}]},{"@type":"WebSite","@id":"https:\/\/www.tuasaude.com\/news\/#website","url":"https:\/\/www.tuasaude.com\/news\/","name":"Tua Sa\u00fade","description":"Seu site de sa\u00fade","potentialAction":[{"@type":"SearchAction","target":{"@type":"EntryPoint","urlTemplate":"https:\/\/www.tuasaude.com\/news\/?s={search_term_string}"},"query-input":{"@type":"PropertyValueSpecification","valueRequired":true,"valueName":"search_term_string"}}],"inLanguage":"pt-BR"},{"@type":"Person","@id":"https:\/\/www.tuasaude.com\/news\/#\/schema\/person\/963d63d4e1f0c81f5f3a70ba4bcb0ef7","name":"Jeferson Henrique","image":{"@type":"ImageObject","inLanguage":"pt-BR","@id":"https:\/\/www.tuasaude.com\/news\/#\/schema\/person\/image\/","url":"https:\/\/secure.gravatar.com\/avatar\/1a476a54a48eb3cdea5dd2f016708263892c6b9f5e54b641df7c65e980fd6f69?s=96&d=mm&r=g","contentUrl":"https:\/\/secure.gravatar.com\/avatar\/1a476a54a48eb3cdea5dd2f016708263892c6b9f5e54b641df7c65e980fd6f69?s=96&d=mm&r=g","caption":"Jeferson Henrique"},"sameAs":["https:\/\/www.tuasaude.com\/news\/"],"url":"https:\/\/www.tuasaude.com\/news\/author\/jeferson-henrique\/"}]}},"_links":{"self":[{"href":"https:\/\/www.tuasaude.com\/news\/wp-json\/wp\/v2\/posts\/109163","targetHints":{"allow":["GET"]}}],"collection":[{"href":"https:\/\/www.tuasaude.com\/news\/wp-json\/wp\/v2\/posts"}],"about":[{"href":"https:\/\/www.tuasaude.com\/news\/wp-json\/wp\/v2\/types\/post"}],"author":[{"embeddable":true,"href":"https:\/\/www.tuasaude.com\/news\/wp-json\/wp\/v2\/users\/12"}],"replies":[{"embeddable":true,"href":"https:\/\/www.tuasaude.com\/news\/wp-json\/wp\/v2\/comments?post=109163"}],"version-history":[{"count":1,"href":"https:\/\/www.tuasaude.com\/news\/wp-json\/wp\/v2\/posts\/109163\/revisions"}],"predecessor-version":[{"id":109168,"href":"https:\/\/www.tuasaude.com\/news\/wp-json\/wp\/v2\/posts\/109163\/revisions\/109168"}],"wp:featuredmedia":[{"embeddable":true,"href":"https:\/\/www.tuasaude.com\/news\/wp-json\/wp\/v2\/media\/109165"}],"wp:attachment":[{"href":"https:\/\/www.tuasaude.com\/news\/wp-json\/wp\/v2\/media?parent=109163"}],"wp:term":[{"taxonomy":"category","embeddable":true,"href":"https:\/\/www.tuasaude.com\/news\/wp-json\/wp\/v2\/categories?post=109163"},{"taxonomy":"post_tag","embeddable":true,"href":"https:\/\/www.tuasaude.com\/news\/wp-json\/wp\/v2\/tags?post=109163"}],"curies":[{"name":"wp","href":"https:\/\/api.w.org\/{rel}","templated":true}]}}