{"id":109111,"date":"2026-09-06T06:45:00","date_gmt":"2026-09-06T09:45:00","guid":{"rendered":"https:\/\/www.tuasaude.com\/news\/?p=109111"},"modified":"2026-09-05T16:03:08","modified_gmt":"2026-09-05T19:03:08","slug":"acordar-sem-conseguir-mexer-o-corpo-ou-falar-por-que-isso-pode-acontecer","status":"publish","type":"post","link":"https:\/\/www.tuasaude.com\/news\/2026\/09\/06\/acordar-sem-conseguir-mexer-o-corpo-ou-falar-por-que-isso-pode-acontecer\/","title":{"rendered":"Acordar sem conseguir mexer o corpo ou falar: por que isso pode acontecer"},"content":{"rendered":"\n<p class=\"wp-block-paragraph\">Acordar consciente, mas sem conseguir mexer o corpo ou falar por alguns segundos ou minutos, pode ser uma experi\u00eancia assustadora. Esse fen\u00f4meno \u00e9 conhecido como <strong>paralisia do sono<\/strong> e acontece quando a consci\u00eancia desperta enquanto os m\u00fasculos ainda permanecem temporariamente no estado de relaxamento profundo t\u00edpico do sono REM.<\/p>\n\n\n\n<h2 class=\"wp-block-heading\">Como reconhecer a paralisia do sono<\/h2>\n\n\n\n<p class=\"wp-block-paragraph\">Durante o epis\u00f3dio, a pessoa costuma perceber o ambiente ao redor, mas sente que n\u00e3o consegue movimentar bra\u00e7os, pernas ou falar. Algumas pessoas tamb\u00e9m relatam <strong>press\u00e3o no peito, sensa\u00e7\u00e3o de presen\u00e7a no quarto ou imagens e sons muito v\u00edvidos<\/strong>.<\/p>\n\n\n\n<p class=\"wp-block-paragraph\">Apesar do medo, os epis\u00f3dios isolados geralmente s\u00e3o breves e n\u00e3o representam perigo. A capacidade de movimento retorna espontaneamente quando o c\u00e9rebro e o corpo voltam a ficar completamente sincronizados.<\/p>\n\n\n\n<h2 class=\"wp-block-heading\">Por que isso acontece ao acordar<\/h2>\n\n\n<div class=\"wp-block-image wp-block-image size-large\">\n<figure class=\"aligncenter\"><img decoding=\"async\" width=\"1280\" height=\"714\" src=\"https:\/\/www.tuasaude.com\/news\/wp-content\/uploads\/2026\/09\/109111_acordar-sem-conseguir-mexer-o-corpo-ou-falar-por-que-isso-po_corpo.jpg\" alt=\"Na paralisia do sono, a consci\u00eancia desperta antes de o corpo recuperar completamente os movimentos.\" class=\"wp-image-109113\" srcset=\"https:\/\/www.tuasaude.com\/news\/wp-content\/uploads\/2026\/09\/109111_acordar-sem-conseguir-mexer-o-corpo-ou-falar-por-que-isso-po_corpo.jpg 1280w, https:\/\/www.tuasaude.com\/news\/wp-content\/uploads\/2026\/09\/109111_acordar-sem-conseguir-mexer-o-corpo-ou-falar-por-que-isso-po_corpo-300x167.jpg 300w, https:\/\/www.tuasaude.com\/news\/wp-content\/uploads\/2026\/09\/109111_acordar-sem-conseguir-mexer-o-corpo-ou-falar-por-que-isso-po_corpo-1024x571.jpg 1024w, https:\/\/www.tuasaude.com\/news\/wp-content\/uploads\/2026\/09\/109111_acordar-sem-conseguir-mexer-o-corpo-ou-falar-por-que-isso-po_corpo-768x428.jpg 768w, https:\/\/www.tuasaude.com\/news\/wp-content\/uploads\/2026\/09\/109111_acordar-sem-conseguir-mexer-o-corpo-ou-falar-por-que-isso-po_corpo-750x418.jpg 750w, https:\/\/www.tuasaude.com\/news\/wp-content\/uploads\/2026\/09\/109111_acordar-sem-conseguir-mexer-o-corpo-ou-falar-por-que-isso-po_corpo-1140x636.jpg 1140w\" sizes=\"(max-width: 1280px) 100vw, 1280px\" \/><figcaption class=\"wp-element-caption\">Na paralisia do sono, a consci\u00eancia desperta antes de o corpo recuperar completamente os movimentos.<\/figcaption><\/figure>\n<\/div>\n\n\n<p class=\"wp-block-paragraph\">Durante o sono REM, fase em que os sonhos s\u00e3o mais frequentes, o c\u00e9rebro reduz temporariamente a atividade de grande parte dos m\u00fasculos para impedir que a pessoa reproduza fisicamente os movimentos dos sonhos. Na paralisia do sono, essa imobilidade persiste por alguns instantes ap\u00f3s a consci\u00eancia despertar.<\/p>\n\n\n\n<p class=\"wp-block-paragraph\">Segundo o <a href=\"https:\/\/www.nhs.uk\/conditions\/sleep-paralysis\/\" target=\"_blank\" rel=\"noopener noreferrer\">NHS<\/a>, alguns fatores podem estar associados a epis\u00f3dios de paralisia do sono:<\/p>\n\n\n\n<ul class=\"wp-block-list\">\n<li><strong>sono insuficiente<\/strong> ou de m\u00e1 qualidade;<\/li>\n<li>hor\u00e1rios de sono irregulares;<\/li>\n<li>trabalho em turnos ou jet lag;<\/li>\n<li>ins\u00f4nia;<\/li>\n<li>narcolepsia;<\/li>\n<li>alguns transtornos de ansiedade ou estresse.<\/li>\n<\/ul>\n\n\n\n<h2 class=\"wp-block-heading\">O que um estudo cient\u00edfico encontrou<\/h2>\n\n\n\n<p class=\"wp-block-paragraph\">Segundo a revis\u00e3o sistem\u00e1tica <a href=\"https:\/\/pubmed.ncbi.nlm.nih.gov\/28735779\/\" target=\"_blank\" rel=\"noopener noreferrer\"><em>A systematic review of variables associated with sleep paralysis<\/em><\/a>, publicada na <em>Sleep Medicine Reviews<\/em>, diferentes fatores foram associados \u00e0 ocorr\u00eancia e \u00e0 intensidade da <strong>paralisia do sono<\/strong>.<\/p>\n\n\n\n<p class=\"wp-block-paragraph\">A revis\u00e3o analisou 42 estudos e identificou associa\u00e7\u00f5es principalmente com <strong>problemas de sono, interrup\u00e7\u00f5es do descanso, estresse e sintomas de ansiedade<\/strong>. Os autores ressaltam, por\u00e9m, que as causas do fen\u00f4meno ainda n\u00e3o s\u00e3o totalmente esclarecidas.<\/p>\n\n\n\n<h2 class=\"wp-block-heading\">O que pode ajudar a evitar novos epis\u00f3dios<\/h2>\n\n\n\n<p class=\"wp-block-paragraph\">Manter h\u00e1bitos que favore\u00e7am um sono regular pode diminuir fatores associados aos epis\u00f3dios. Algumas medidas simples podem ser incorporadas \u00e0 rotina:<\/p>\n\n\n\n<ul class=\"wp-block-list\">\n<li>dormir horas suficientes todas as noites;<\/li>\n<li>tentar deitar e levantar em <strong>hor\u00e1rios semelhantes<\/strong>;<\/li>\n<li>reduzir noites mal dormidas consecutivas;<\/li>\n<li>evitar excesso de cafe\u00edna pr\u00f3ximo ao hor\u00e1rio de dormir;<\/li>\n<li>manter um ambiente confort\u00e1vel e tranquilo para o sono.<\/li>\n<\/ul>\n\n\n\n<p class=\"wp-block-paragraph\">Tamb\u00e9m \u00e9 poss\u00edvel conhecer outras causas de altera\u00e7\u00f5es do descanso no conte\u00fado sobre <a href=\"https:\/\/www.tuasaude.com\/disturbios-do-sono\/\" target=\"_blank\" rel=\"noopener noreferrer\">dist\u00farbios do sono<\/a>.<\/p>\n\n\n<div class=\"wp-block-image wp-block-image size-large\">\n<figure class=\"aligncenter\"><img decoding=\"async\" width=\"1280\" height=\"575\" src=\"https:\/\/www.tuasaude.com\/news\/wp-content\/uploads\/2026\/09\/109111_acordar-sem-conseguir-mexer-o-corpo-ou-falar-por-que-isso-po_tabela.jpg\" alt=\"Acordar sem conseguir se mexer ou falar: sinais de paralisia do sono\" class=\"wp-image-109114\" srcset=\"https:\/\/www.tuasaude.com\/news\/wp-content\/uploads\/2026\/09\/109111_acordar-sem-conseguir-mexer-o-corpo-ou-falar-por-que-isso-po_tabela.jpg 1280w, https:\/\/www.tuasaude.com\/news\/wp-content\/uploads\/2026\/09\/109111_acordar-sem-conseguir-mexer-o-corpo-ou-falar-por-que-isso-po_tabela-300x135.jpg 300w, https:\/\/www.tuasaude.com\/news\/wp-content\/uploads\/2026\/09\/109111_acordar-sem-conseguir-mexer-o-corpo-ou-falar-por-que-isso-po_tabela-1024x460.jpg 1024w, https:\/\/www.tuasaude.com\/news\/wp-content\/uploads\/2026\/09\/109111_acordar-sem-conseguir-mexer-o-corpo-ou-falar-por-que-isso-po_tabela-768x345.jpg 768w, https:\/\/www.tuasaude.com\/news\/wp-content\/uploads\/2026\/09\/109111_acordar-sem-conseguir-mexer-o-corpo-ou-falar-por-que-isso-po_tabela-750x337.jpg 750w, https:\/\/www.tuasaude.com\/news\/wp-content\/uploads\/2026\/09\/109111_acordar-sem-conseguir-mexer-o-corpo-ou-falar-por-que-isso-po_tabela-1140x512.jpg 1140w\" sizes=\"(max-width: 1280px) 100vw, 1280px\" \/><figcaption class=\"wp-element-caption\">Acordar sem conseguir se mexer ou falar: sinais de paralisia do sono<\/figcaption><\/figure>\n<\/div>\n\n\n<h2 class=\"wp-block-heading\">Quando vale procurar um m\u00e9dico<\/h2>\n\n\n\n<p class=\"wp-block-paragraph\">Epis\u00f3dios ocasionais geralmente n\u00e3o precisam de tratamento. No entanto, \u00e9 recomendado procurar avalia\u00e7\u00e3o quando a paralisia acontece <strong>com frequ\u00eancia, provoca medo de dormir ou vem acompanhada de cansa\u00e7o excessivo durante o dia<\/strong>.<\/p>\n\n\n\n<p class=\"wp-block-paragraph\">A investiga\u00e7\u00e3o tamb\u00e9m pode ser necess\u00e1ria quando existem ataques irresist\u00edveis de sono ou outros sintomas que levantem suspeita de condi\u00e7\u00f5es como narcolepsia. Identificar e tratar poss\u00edveis problemas de sono pode ajudar a reduzir os epis\u00f3dios.<\/p>\n\n\n\n<p class=\"wp-block-paragraph\"><strong>Este conte\u00fado \u00e9 apenas informativo e n\u00e3o substitui a avalia\u00e7\u00e3o, o diagn\u00f3stico ou o tratamento indicado por um m\u00e9dico.<\/strong><\/p>\n","protected":false},"excerpt":{"rendered":"<p>Acordar consciente, mas sem conseguir mexer o corpo ou falar por alguns segundos ou minutos, pode ser uma experi\u00eancia assustadora. Esse fen\u00f4meno \u00e9 conhecido como paralisia do sono e acontece quando a consci\u00eancia desperta enquanto os m\u00fasculos ainda permanecem temporariamente no estado de relaxamento profundo t\u00edpico do sono REM. Como reconhecer a paralisia do sono [&hellip;]<\/p>\n","protected":false},"author":12,"featured_media":109112,"comment_status":"open","ping_status":"open","sticky":false,"template":"","format":"standard","meta":{"_yoast_wpseo_focuskw":"paralisia do sono","_yoast_wpseo_title":"","_yoast_wpseo_metadesc":"Paralisia do sono pode causar incapacidade tempor\u00e1ria de mexer o corpo ou falar ao acordar. Entenda por que acontece e quando procurar um m\u00e9dico.","jnews-multi-image_gallery":[],"jnews_single_post":{"format":"standard"},"jnews_primary_category":[],"jnews_social_meta":[],"jnews_override_counter":[],"footnotes":""},"categories":[111],"tags":[13410,649,1465],"class_list":["post-109111","post","type-post","status-publish","format-standard","has-post-thumbnail","hentry","category-saude","tag-acordar-sem-se-mexer","tag-disturbios-do-sono","tag-sono-rem"],"yoast_head":"<!-- This site is optimized with the Yoast SEO plugin v26.7 - https:\/\/yoast.com\/wordpress\/plugins\/seo\/ -->\n<title>Acordar sem conseguir mexer o corpo ou falar: por que isso pode acontecer - Tua Sa\u00fade<\/title>\n<meta name=\"description\" content=\"Paralisia do sono pode causar incapacidade tempor\u00e1ria de mexer o corpo ou falar ao acordar. Entenda por que acontece e quando procurar um m\u00e9dico.\" \/>\n<meta name=\"robots\" content=\"index, follow, max-snippet:-1, max-image-preview:large, max-video-preview:-1\" \/>\n<link rel=\"canonical\" href=\"https:\/\/www.tuasaude.com\/news\/2026\/09\/06\/acordar-sem-conseguir-mexer-o-corpo-ou-falar-por-que-isso-pode-acontecer\/\" \/>\n<meta property=\"og:locale\" content=\"pt_BR\" \/>\n<meta property=\"og:type\" content=\"article\" \/>\n<meta property=\"og:title\" content=\"Acordar sem conseguir mexer o corpo ou falar: por que isso pode acontecer - Tua Sa\u00fade\" \/>\n<meta property=\"og:description\" content=\"Paralisia do sono pode causar incapacidade tempor\u00e1ria de mexer o corpo ou falar ao acordar. Entenda por que acontece e quando procurar um m\u00e9dico.\" \/>\n<meta property=\"og:url\" content=\"https:\/\/www.tuasaude.com\/news\/2026\/09\/06\/acordar-sem-conseguir-mexer-o-corpo-ou-falar-por-que-isso-pode-acontecer\/\" \/>\n<meta property=\"og:site_name\" content=\"Tua Sa\u00fade\" \/>\n<meta property=\"article:published_time\" content=\"2026-09-06T09:45:00+00:00\" \/>\n<meta property=\"og:image\" content=\"https:\/\/www.tuasaude.com\/news\/wp-content\/uploads\/2026\/09\/109111_acordar-sem-conseguir-mexer-o-corpo-ou-falar-por-que-isso-po_destaque.jpg\" \/>\n\t<meta property=\"og:image:width\" content=\"1280\" \/>\n\t<meta property=\"og:image:height\" content=\"714\" \/>\n\t<meta property=\"og:image:type\" content=\"image\/jpeg\" \/>\n<meta name=\"author\" content=\"Jeferson Henrique\" \/>\n<meta name=\"twitter:card\" content=\"summary_large_image\" \/>\n<meta name=\"twitter:label1\" content=\"Escrito por\" \/>\n\t<meta name=\"twitter:data1\" content=\"Jeferson Henrique\" \/>\n\t<meta name=\"twitter:label2\" content=\"Est. tempo de leitura\" \/>\n\t<meta name=\"twitter:data2\" content=\"3 minutos\" \/>\n<!-- \/ Yoast SEO plugin. -->","yoast_head_json":{"title":"Acordar sem conseguir mexer o corpo ou falar: por que isso pode acontecer - Tua Sa\u00fade","description":"Paralisia do sono pode causar incapacidade tempor\u00e1ria de mexer o corpo ou falar ao acordar. Entenda por que acontece e quando procurar um m\u00e9dico.","robots":{"index":"index","follow":"follow","max-snippet":"max-snippet:-1","max-image-preview":"max-image-preview:large","max-video-preview":"max-video-preview:-1"},"canonical":"https:\/\/www.tuasaude.com\/news\/2026\/09\/06\/acordar-sem-conseguir-mexer-o-corpo-ou-falar-por-que-isso-pode-acontecer\/","og_locale":"pt_BR","og_type":"article","og_title":"Acordar sem conseguir mexer o corpo ou falar: por que isso pode acontecer - Tua Sa\u00fade","og_description":"Paralisia do sono pode causar incapacidade tempor\u00e1ria de mexer o corpo ou falar ao acordar. Entenda por que acontece e quando procurar um m\u00e9dico.","og_url":"https:\/\/www.tuasaude.com\/news\/2026\/09\/06\/acordar-sem-conseguir-mexer-o-corpo-ou-falar-por-que-isso-pode-acontecer\/","og_site_name":"Tua Sa\u00fade","article_published_time":"2026-09-06T09:45:00+00:00","og_image":[{"width":1280,"height":714,"url":"https:\/\/www.tuasaude.com\/news\/wp-content\/uploads\/2026\/09\/109111_acordar-sem-conseguir-mexer-o-corpo-ou-falar-por-que-isso-po_destaque.jpg","type":"image\/jpeg"}],"author":"Jeferson Henrique","twitter_card":"summary_large_image","twitter_misc":{"Escrito por":"Jeferson Henrique","Est. tempo de leitura":"3 minutos"},"schema":{"@context":"https:\/\/schema.org","@graph":[{"@type":"Article","@id":"https:\/\/www.tuasaude.com\/news\/2026\/09\/06\/acordar-sem-conseguir-mexer-o-corpo-ou-falar-por-que-isso-pode-acontecer\/#article","isPartOf":{"@id":"https:\/\/www.tuasaude.com\/news\/2026\/09\/06\/acordar-sem-conseguir-mexer-o-corpo-ou-falar-por-que-isso-pode-acontecer\/"},"author":{"name":"Jeferson Henrique","@id":"https:\/\/www.tuasaude.com\/news\/#\/schema\/person\/963d63d4e1f0c81f5f3a70ba4bcb0ef7"},"headline":"Acordar sem conseguir mexer o corpo ou falar: por que isso pode acontecer","datePublished":"2026-09-06T09:45:00+00:00","mainEntityOfPage":{"@id":"https:\/\/www.tuasaude.com\/news\/2026\/09\/06\/acordar-sem-conseguir-mexer-o-corpo-ou-falar-por-que-isso-pode-acontecer\/"},"wordCount":561,"commentCount":0,"image":{"@id":"https:\/\/www.tuasaude.com\/news\/2026\/09\/06\/acordar-sem-conseguir-mexer-o-corpo-ou-falar-por-que-isso-pode-acontecer\/#primaryimage"},"thumbnailUrl":"https:\/\/www.tuasaude.com\/news\/wp-content\/uploads\/2026\/09\/109111_acordar-sem-conseguir-mexer-o-corpo-ou-falar-por-que-isso-po_destaque.jpg","keywords":["acordar sem se mexer","dist\u00farbios do sono","sono REM"],"articleSection":["Sa\u00fade"],"inLanguage":"pt-BR","potentialAction":[{"@type":"CommentAction","name":"Comment","target":["https:\/\/www.tuasaude.com\/news\/2026\/09\/06\/acordar-sem-conseguir-mexer-o-corpo-ou-falar-por-que-isso-pode-acontecer\/#respond"]}]},{"@type":"WebPage","@id":"https:\/\/www.tuasaude.com\/news\/2026\/09\/06\/acordar-sem-conseguir-mexer-o-corpo-ou-falar-por-que-isso-pode-acontecer\/","url":"https:\/\/www.tuasaude.com\/news\/2026\/09\/06\/acordar-sem-conseguir-mexer-o-corpo-ou-falar-por-que-isso-pode-acontecer\/","name":"Acordar sem conseguir mexer o corpo ou falar: por que isso pode acontecer - Tua Sa\u00fade","isPartOf":{"@id":"https:\/\/www.tuasaude.com\/news\/#website"},"primaryImageOfPage":{"@id":"https:\/\/www.tuasaude.com\/news\/2026\/09\/06\/acordar-sem-conseguir-mexer-o-corpo-ou-falar-por-que-isso-pode-acontecer\/#primaryimage"},"image":{"@id":"https:\/\/www.tuasaude.com\/news\/2026\/09\/06\/acordar-sem-conseguir-mexer-o-corpo-ou-falar-por-que-isso-pode-acontecer\/#primaryimage"},"thumbnailUrl":"https:\/\/www.tuasaude.com\/news\/wp-content\/uploads\/2026\/09\/109111_acordar-sem-conseguir-mexer-o-corpo-ou-falar-por-que-isso-po_destaque.jpg","datePublished":"2026-09-06T09:45:00+00:00","author":{"@id":"https:\/\/www.tuasaude.com\/news\/#\/schema\/person\/963d63d4e1f0c81f5f3a70ba4bcb0ef7"},"description":"Paralisia do sono pode causar incapacidade tempor\u00e1ria de mexer o corpo ou falar ao acordar. Entenda por que acontece e quando procurar um m\u00e9dico.","breadcrumb":{"@id":"https:\/\/www.tuasaude.com\/news\/2026\/09\/06\/acordar-sem-conseguir-mexer-o-corpo-ou-falar-por-que-isso-pode-acontecer\/#breadcrumb"},"inLanguage":"pt-BR","potentialAction":[{"@type":"ReadAction","target":["https:\/\/www.tuasaude.com\/news\/2026\/09\/06\/acordar-sem-conseguir-mexer-o-corpo-ou-falar-por-que-isso-pode-acontecer\/"]}]},{"@type":"ImageObject","inLanguage":"pt-BR","@id":"https:\/\/www.tuasaude.com\/news\/2026\/09\/06\/acordar-sem-conseguir-mexer-o-corpo-ou-falar-por-que-isso-pode-acontecer\/#primaryimage","url":"https:\/\/www.tuasaude.com\/news\/wp-content\/uploads\/2026\/09\/109111_acordar-sem-conseguir-mexer-o-corpo-ou-falar-por-que-isso-po_destaque.jpg","contentUrl":"https:\/\/www.tuasaude.com\/news\/wp-content\/uploads\/2026\/09\/109111_acordar-sem-conseguir-mexer-o-corpo-ou-falar-por-que-isso-po_destaque.jpg","width":1280,"height":714,"caption":"A paralisia do sono pode deixar a pessoa consciente, mas temporariamente incapaz de se mexer ou falar."},{"@type":"BreadcrumbList","@id":"https:\/\/www.tuasaude.com\/news\/2026\/09\/06\/acordar-sem-conseguir-mexer-o-corpo-ou-falar-por-que-isso-pode-acontecer\/#breadcrumb","itemListElement":[{"@type":"ListItem","position":1,"name":"In\u00edcio","item":"https:\/\/www.tuasaude.com\/news\/"},{"@type":"ListItem","position":2,"name":"Acordar sem conseguir mexer o corpo ou falar: por que isso pode acontecer"}]},{"@type":"WebSite","@id":"https:\/\/www.tuasaude.com\/news\/#website","url":"https:\/\/www.tuasaude.com\/news\/","name":"Tua Sa\u00fade","description":"Seu site de sa\u00fade","potentialAction":[{"@type":"SearchAction","target":{"@type":"EntryPoint","urlTemplate":"https:\/\/www.tuasaude.com\/news\/?s={search_term_string}"},"query-input":{"@type":"PropertyValueSpecification","valueRequired":true,"valueName":"search_term_string"}}],"inLanguage":"pt-BR"},{"@type":"Person","@id":"https:\/\/www.tuasaude.com\/news\/#\/schema\/person\/963d63d4e1f0c81f5f3a70ba4bcb0ef7","name":"Jeferson Henrique","image":{"@type":"ImageObject","inLanguage":"pt-BR","@id":"https:\/\/www.tuasaude.com\/news\/#\/schema\/person\/image\/","url":"https:\/\/secure.gravatar.com\/avatar\/1a476a54a48eb3cdea5dd2f016708263892c6b9f5e54b641df7c65e980fd6f69?s=96&d=mm&r=g","contentUrl":"https:\/\/secure.gravatar.com\/avatar\/1a476a54a48eb3cdea5dd2f016708263892c6b9f5e54b641df7c65e980fd6f69?s=96&d=mm&r=g","caption":"Jeferson Henrique"},"sameAs":["https:\/\/www.tuasaude.com\/news\/"],"url":"https:\/\/www.tuasaude.com\/news\/author\/jeferson-henrique\/"}]}},"_links":{"self":[{"href":"https:\/\/www.tuasaude.com\/news\/wp-json\/wp\/v2\/posts\/109111","targetHints":{"allow":["GET"]}}],"collection":[{"href":"https:\/\/www.tuasaude.com\/news\/wp-json\/wp\/v2\/posts"}],"about":[{"href":"https:\/\/www.tuasaude.com\/news\/wp-json\/wp\/v2\/types\/post"}],"author":[{"embeddable":true,"href":"https:\/\/www.tuasaude.com\/news\/wp-json\/wp\/v2\/users\/12"}],"replies":[{"embeddable":true,"href":"https:\/\/www.tuasaude.com\/news\/wp-json\/wp\/v2\/comments?post=109111"}],"version-history":[{"count":1,"href":"https:\/\/www.tuasaude.com\/news\/wp-json\/wp\/v2\/posts\/109111\/revisions"}],"predecessor-version":[{"id":109115,"href":"https:\/\/www.tuasaude.com\/news\/wp-json\/wp\/v2\/posts\/109111\/revisions\/109115"}],"wp:featuredmedia":[{"embeddable":true,"href":"https:\/\/www.tuasaude.com\/news\/wp-json\/wp\/v2\/media\/109112"}],"wp:attachment":[{"href":"https:\/\/www.tuasaude.com\/news\/wp-json\/wp\/v2\/media?parent=109111"}],"wp:term":[{"taxonomy":"category","embeddable":true,"href":"https:\/\/www.tuasaude.com\/news\/wp-json\/wp\/v2\/categories?post=109111"},{"taxonomy":"post_tag","embeddable":true,"href":"https:\/\/www.tuasaude.com\/news\/wp-json\/wp\/v2\/tags?post=109111"}],"curies":[{"name":"wp","href":"https:\/\/api.w.org\/{rel}","templated":true}]}}