{"id":109100,"date":"2026-09-06T04:25:00","date_gmt":"2026-09-06T07:25:00","guid":{"rendered":"https:\/\/www.tuasaude.com\/news\/?p=109100"},"modified":"2026-09-05T15:58:29","modified_gmt":"2026-09-05T18:58:29","slug":"dedao-do-pe-acorda-vermelho-quente-e-doendo-quando-pensar-em-gota","status":"publish","type":"post","link":"https:\/\/www.tuasaude.com\/news\/2026\/09\/06\/dedao-do-pe-acorda-vermelho-quente-e-doendo-quando-pensar-em-gota\/","title":{"rendered":"Ded\u00e3o do p\u00e9 acorda vermelho, quente e doendo: quando pensar em gota"},"content":{"rendered":"\n<p class=\"wp-block-paragraph\">Acordar com o ded\u00e3o do p\u00e9 <strong>vermelho, quente, inchado e com dor intensa<\/strong> pode ser sinal de uma crise de gota, especialmente quando os sintomas surgem de repente durante a noite. Embora esse padr\u00e3o seja bastante caracter\u00edstico da <strong>gota no p\u00e9<\/strong>, outras doen\u00e7as articulares podem provocar sintomas semelhantes e precisam ser descartadas.<\/p>\n\n\n\n<h2 class=\"wp-block-heading\">Como reconhecer uma crise de gota no p\u00e9<\/h2>\n\n\n\n<p class=\"wp-block-paragraph\">A crise costuma evoluir rapidamente, deixando a articula\u00e7\u00e3o extremamente sens\u00edvel. Em alguns casos, at\u00e9 o contato com o len\u00e7ol ou a press\u00e3o para apoiar o p\u00e9 pode causar dor importante.<\/p>\n\n\n\n<ul class=\"wp-block-list\">\n<li><strong>Dor s\u00fabita e intensa<\/strong> no ded\u00e3o;<\/li>\n<li>incha\u00e7o ao redor da articula\u00e7\u00e3o;<\/li>\n<li>pele avermelhada;<\/li>\n<li><strong>aumento da temperatura local<\/strong>;<\/li>\n<li>dificuldade para caminhar ou movimentar o dedo.<\/li>\n<\/ul>\n\n\n\n<p class=\"wp-block-paragraph\">Segundo o <a href=\"https:\/\/www.niams.nih.gov\/health-topics\/gout\" target=\"_blank\" rel=\"noopener noreferrer\">NIAMS<\/a>, as crises de gota frequentemente come\u00e7am no ded\u00e3o e podem surgir subitamente durante a noite.<\/p>\n\n\n\n<h2 class=\"wp-block-heading\">Por que a gota ataca o ded\u00e3o<\/h2>\n\n\n<div class=\"wp-block-image wp-block-image size-large\">\n<figure class=\"aligncenter\"><img decoding=\"async\" width=\"1280\" height=\"714\" src=\"https:\/\/www.tuasaude.com\/news\/wp-content\/uploads\/2026\/09\/109100_dedao-do-pe-acorda-vermelho-quente-e-doendo-quando-pensar-em_corpo.jpg\" alt=\"Cristais de urato podem se acumular na articula\u00e7\u00e3o do ded\u00e3o e desencadear inflama\u00e7\u00e3o e dor intensa.\" class=\"wp-image-109102\" srcset=\"https:\/\/www.tuasaude.com\/news\/wp-content\/uploads\/2026\/09\/109100_dedao-do-pe-acorda-vermelho-quente-e-doendo-quando-pensar-em_corpo.jpg 1280w, https:\/\/www.tuasaude.com\/news\/wp-content\/uploads\/2026\/09\/109100_dedao-do-pe-acorda-vermelho-quente-e-doendo-quando-pensar-em_corpo-300x167.jpg 300w, https:\/\/www.tuasaude.com\/news\/wp-content\/uploads\/2026\/09\/109100_dedao-do-pe-acorda-vermelho-quente-e-doendo-quando-pensar-em_corpo-1024x571.jpg 1024w, https:\/\/www.tuasaude.com\/news\/wp-content\/uploads\/2026\/09\/109100_dedao-do-pe-acorda-vermelho-quente-e-doendo-quando-pensar-em_corpo-768x428.jpg 768w, https:\/\/www.tuasaude.com\/news\/wp-content\/uploads\/2026\/09\/109100_dedao-do-pe-acorda-vermelho-quente-e-doendo-quando-pensar-em_corpo-750x418.jpg 750w, https:\/\/www.tuasaude.com\/news\/wp-content\/uploads\/2026\/09\/109100_dedao-do-pe-acorda-vermelho-quente-e-doendo-quando-pensar-em_corpo-1140x636.jpg 1140w\" sizes=\"(max-width: 1280px) 100vw, 1280px\" \/><figcaption class=\"wp-element-caption\">Cristais de urato podem se acumular na articula\u00e7\u00e3o do ded\u00e3o e desencadear inflama\u00e7\u00e3o e dor intensa.<\/figcaption><\/figure>\n<\/div>\n\n\n<p class=\"wp-block-paragraph\">A gota \u00e9 uma artrite inflamat\u00f3ria provocada pela forma\u00e7\u00e3o de cristais de urato dentro e ao redor das articula\u00e7\u00f5es. Isso pode acontecer quando n\u00edveis elevados de \u00e1cido \u00farico permanecem no organismo por muito tempo, embora nem toda pessoa com \u00e1cido \u00farico alto desenvolva a doen\u00e7a.<\/p>\n\n\n\n<p class=\"wp-block-paragraph\">O ded\u00e3o \u00e9 um dos locais mais afetados. Para entender melhor como a doen\u00e7a se desenvolve e \u00e9 tratada, veja tamb\u00e9m o conte\u00fado sobre <a href=\"https:\/\/www.tuasaude.com\/gota\/\" target=\"_blank\" rel=\"noopener noreferrer\">gota<\/a>.<\/p>\n\n\n\n<h2 class=\"wp-block-heading\">O que um estudo cient\u00edfico mostra sobre o ded\u00e3o<\/h2>\n\n\n\n<p class=\"wp-block-paragraph\">Segundo a revis\u00e3o sistem\u00e1tica e meta-an\u00e1lise <a href=\"https:\/\/pubmed.ncbi.nlm.nih.gov\/26864742\/\" target=\"_blank\" rel=\"noopener noreferrer\"><em>The first metatarsophalangeal joint in gout: a systematic review and meta-analysis<\/em><\/a>, publicada na <em>BMC Musculoskeletal Disorders<\/em>, a articula\u00e7\u00e3o da base do ded\u00e3o \u00e9 um dos principais locais atingidos pela gota.<\/p>\n\n\n\n<p class=\"wp-block-paragraph\">A an\u00e1lise reuniu 11 estudos com 2.325 participantes e estimou que a artrite aguda nessa articula\u00e7\u00e3o estava presente, em m\u00e9dia, em <strong>73% dos casos avaliados<\/strong>, refor\u00e7ando o quanto esse padr\u00e3o \u00e9 comum na doen\u00e7a.<\/p>\n\n\n\n<h2 class=\"wp-block-heading\">O que pode aliviar enquanto a causa \u00e9 avaliada<\/h2>\n\n\n\n<p class=\"wp-block-paragraph\">Quando h\u00e1 suspeita de crise, algumas medidas simples podem diminuir o desconforto enquanto a pessoa procura orienta\u00e7\u00e3o m\u00e9dica.<\/p>\n\n\n\n<ul class=\"wp-block-list\">\n<li>Manter a articula\u00e7\u00e3o em <strong>repouso<\/strong>;<\/li>\n<li>evitar apoiar peso desnecessariamente sobre o p\u00e9;<\/li>\n<li>aplicar gelo ou compressa fria protegida por um pano;<\/li>\n<li>manter hidrata\u00e7\u00e3o adequada, salvo orienta\u00e7\u00e3o m\u00e9dica contr\u00e1ria.<\/li>\n<\/ul>\n\n\n\n<p class=\"wp-block-paragraph\">Medicamentos para crise de gota devem ser utilizados conforme orienta\u00e7\u00e3o profissional, principalmente em pessoas com problemas renais, gastrite, uso de anticoagulantes ou outras condi\u00e7\u00f5es de sa\u00fade.<\/p>\n\n\n<div class=\"wp-block-image wp-block-image size-large\">\n<figure class=\"aligncenter\"><img decoding=\"async\" width=\"1280\" height=\"575\" src=\"https:\/\/www.tuasaude.com\/news\/wp-content\/uploads\/2026\/09\/109100_dedao-do-pe-acorda-vermelho-quente-e-doendo-quando-pensar-em_tabela.jpg\" alt=\"Ded\u00e3o do p\u00e9 vermelho, quente e dolorido: sinais que podem indicar gota\" class=\"wp-image-109103\" srcset=\"https:\/\/www.tuasaude.com\/news\/wp-content\/uploads\/2026\/09\/109100_dedao-do-pe-acorda-vermelho-quente-e-doendo-quando-pensar-em_tabela.jpg 1280w, https:\/\/www.tuasaude.com\/news\/wp-content\/uploads\/2026\/09\/109100_dedao-do-pe-acorda-vermelho-quente-e-doendo-quando-pensar-em_tabela-300x135.jpg 300w, https:\/\/www.tuasaude.com\/news\/wp-content\/uploads\/2026\/09\/109100_dedao-do-pe-acorda-vermelho-quente-e-doendo-quando-pensar-em_tabela-1024x460.jpg 1024w, https:\/\/www.tuasaude.com\/news\/wp-content\/uploads\/2026\/09\/109100_dedao-do-pe-acorda-vermelho-quente-e-doendo-quando-pensar-em_tabela-768x345.jpg 768w, https:\/\/www.tuasaude.com\/news\/wp-content\/uploads\/2026\/09\/109100_dedao-do-pe-acorda-vermelho-quente-e-doendo-quando-pensar-em_tabela-750x337.jpg 750w, https:\/\/www.tuasaude.com\/news\/wp-content\/uploads\/2026\/09\/109100_dedao-do-pe-acorda-vermelho-quente-e-doendo-quando-pensar-em_tabela-1140x512.jpg 1140w\" sizes=\"(max-width: 1280px) 100vw, 1280px\" \/><figcaption class=\"wp-element-caption\">Ded\u00e3o do p\u00e9 vermelho, quente e dolorido: sinais que podem indicar gota<\/figcaption><\/figure>\n<\/div>\n\n\n<h2 class=\"wp-block-heading\">Quando a dor precisa de avalia\u00e7\u00e3o r\u00e1pida<\/h2>\n\n\n\n<p class=\"wp-block-paragraph\">Uma <strong>primeira crise<\/strong> de dor intensa no ded\u00e3o deve ser avaliada por um m\u00e9dico porque infec\u00e7\u00f5es e outros tipos de artrite podem produzir sinais semelhantes. A avalia\u00e7\u00e3o tamb\u00e9m \u00e9 importante quando as crises se repetem, pois controlar o \u00e1cido \u00farico pode ajudar a prevenir novas crises e danos articulares.<\/p>\n\n\n\n<p class=\"wp-block-paragraph\">Procure atendimento rapidamente se houver <strong>febre, mal-estar intenso, piora r\u00e1pida, incapacidade de apoiar o p\u00e9 ou dor muito forte<\/strong>, especialmente quando a articula\u00e7\u00e3o est\u00e1 quente, vermelha e inchada.<\/p>\n\n\n\n<p class=\"wp-block-paragraph\"><strong>Este conte\u00fado \u00e9 apenas informativo e n\u00e3o substitui a avalia\u00e7\u00e3o, o diagn\u00f3stico ou o tratamento indicado por um m\u00e9dico.<\/strong><\/p>\n","protected":false},"excerpt":{"rendered":"<p>Acordar com o ded\u00e3o do p\u00e9 vermelho, quente, inchado e com dor intensa pode ser sinal de uma crise de gota, especialmente quando os sintomas surgem de repente durante a noite. Embora esse padr\u00e3o seja bastante caracter\u00edstico da gota no p\u00e9, outras doen\u00e7as articulares podem provocar sintomas semelhantes e precisam ser descartadas. Como reconhecer uma [&hellip;]<\/p>\n","protected":false},"author":12,"featured_media":109101,"comment_status":"open","ping_status":"open","sticky":false,"template":"","format":"standard","meta":{"_yoast_wpseo_focuskw":"gota no p\u00e9","_yoast_wpseo_title":"","_yoast_wpseo_metadesc":"Gota no p\u00e9 pode causar dor s\u00fabita, vermelhid\u00e3o, calor e incha\u00e7o no ded\u00e3o. Entenda os sinais, formas de aliviar e quando buscar avalia\u00e7\u00e3o m\u00e9dica.","jnews-multi-image_gallery":[],"jnews_single_post":{"format":"standard"},"jnews_primary_category":[],"jnews_social_meta":[],"jnews_override_counter":[],"footnotes":""},"categories":[111],"tags":[8455,9253,8903],"class_list":["post-109100","post","type-post","status-publish","format-standard","has-post-thumbnail","hentry","category-saude","tag-acido-urico-2","tag-crise-de-gota","tag-dor-no-dedao"],"yoast_head":"<!-- This site is optimized with the Yoast SEO plugin v26.7 - https:\/\/yoast.com\/wordpress\/plugins\/seo\/ -->\n<title>Ded\u00e3o do p\u00e9 acorda vermelho, quente e doendo: quando pensar em gota - Tua Sa\u00fade<\/title>\n<meta name=\"description\" content=\"Gota no p\u00e9 pode causar dor s\u00fabita, vermelhid\u00e3o, calor e incha\u00e7o no ded\u00e3o. Entenda os sinais, formas de aliviar e quando buscar avalia\u00e7\u00e3o m\u00e9dica.\" \/>\n<meta name=\"robots\" content=\"index, follow, max-snippet:-1, max-image-preview:large, max-video-preview:-1\" \/>\n<link rel=\"canonical\" href=\"https:\/\/www.tuasaude.com\/news\/2026\/09\/06\/dedao-do-pe-acorda-vermelho-quente-e-doendo-quando-pensar-em-gota\/\" \/>\n<meta property=\"og:locale\" content=\"pt_BR\" \/>\n<meta property=\"og:type\" content=\"article\" \/>\n<meta property=\"og:title\" content=\"Ded\u00e3o do p\u00e9 acorda vermelho, quente e doendo: quando pensar em gota - Tua Sa\u00fade\" \/>\n<meta property=\"og:description\" content=\"Gota no p\u00e9 pode causar dor s\u00fabita, vermelhid\u00e3o, calor e incha\u00e7o no ded\u00e3o. Entenda os sinais, formas de aliviar e quando buscar avalia\u00e7\u00e3o m\u00e9dica.\" \/>\n<meta property=\"og:url\" content=\"https:\/\/www.tuasaude.com\/news\/2026\/09\/06\/dedao-do-pe-acorda-vermelho-quente-e-doendo-quando-pensar-em-gota\/\" \/>\n<meta property=\"og:site_name\" content=\"Tua Sa\u00fade\" \/>\n<meta property=\"article:published_time\" content=\"2026-09-06T07:25:00+00:00\" \/>\n<meta property=\"og:image\" content=\"https:\/\/www.tuasaude.com\/news\/wp-content\/uploads\/2026\/09\/109100_dedao-do-pe-acorda-vermelho-quente-e-doendo-quando-pensar-em_destaque.jpg\" \/>\n\t<meta property=\"og:image:width\" content=\"1280\" \/>\n\t<meta property=\"og:image:height\" content=\"714\" \/>\n\t<meta property=\"og:image:type\" content=\"image\/jpeg\" \/>\n<meta name=\"author\" content=\"Jeferson Henrique\" \/>\n<meta name=\"twitter:card\" content=\"summary_large_image\" \/>\n<meta name=\"twitter:label1\" content=\"Escrito por\" \/>\n\t<meta name=\"twitter:data1\" content=\"Jeferson Henrique\" \/>\n\t<meta name=\"twitter:label2\" content=\"Est. tempo de leitura\" \/>\n\t<meta name=\"twitter:data2\" content=\"3 minutos\" \/>\n<!-- \/ Yoast SEO plugin. -->","yoast_head_json":{"title":"Ded\u00e3o do p\u00e9 acorda vermelho, quente e doendo: quando pensar em gota - Tua Sa\u00fade","description":"Gota no p\u00e9 pode causar dor s\u00fabita, vermelhid\u00e3o, calor e incha\u00e7o no ded\u00e3o. Entenda os sinais, formas de aliviar e quando buscar avalia\u00e7\u00e3o m\u00e9dica.","robots":{"index":"index","follow":"follow","max-snippet":"max-snippet:-1","max-image-preview":"max-image-preview:large","max-video-preview":"max-video-preview:-1"},"canonical":"https:\/\/www.tuasaude.com\/news\/2026\/09\/06\/dedao-do-pe-acorda-vermelho-quente-e-doendo-quando-pensar-em-gota\/","og_locale":"pt_BR","og_type":"article","og_title":"Ded\u00e3o do p\u00e9 acorda vermelho, quente e doendo: quando pensar em gota - Tua Sa\u00fade","og_description":"Gota no p\u00e9 pode causar dor s\u00fabita, vermelhid\u00e3o, calor e incha\u00e7o no ded\u00e3o. Entenda os sinais, formas de aliviar e quando buscar avalia\u00e7\u00e3o m\u00e9dica.","og_url":"https:\/\/www.tuasaude.com\/news\/2026\/09\/06\/dedao-do-pe-acorda-vermelho-quente-e-doendo-quando-pensar-em-gota\/","og_site_name":"Tua Sa\u00fade","article_published_time":"2026-09-06T07:25:00+00:00","og_image":[{"width":1280,"height":714,"url":"https:\/\/www.tuasaude.com\/news\/wp-content\/uploads\/2026\/09\/109100_dedao-do-pe-acorda-vermelho-quente-e-doendo-quando-pensar-em_destaque.jpg","type":"image\/jpeg"}],"author":"Jeferson Henrique","twitter_card":"summary_large_image","twitter_misc":{"Escrito por":"Jeferson Henrique","Est. tempo de leitura":"3 minutos"},"schema":{"@context":"https:\/\/schema.org","@graph":[{"@type":"Article","@id":"https:\/\/www.tuasaude.com\/news\/2026\/09\/06\/dedao-do-pe-acorda-vermelho-quente-e-doendo-quando-pensar-em-gota\/#article","isPartOf":{"@id":"https:\/\/www.tuasaude.com\/news\/2026\/09\/06\/dedao-do-pe-acorda-vermelho-quente-e-doendo-quando-pensar-em-gota\/"},"author":{"name":"Jeferson Henrique","@id":"https:\/\/www.tuasaude.com\/news\/#\/schema\/person\/963d63d4e1f0c81f5f3a70ba4bcb0ef7"},"headline":"Ded\u00e3o do p\u00e9 acorda vermelho, quente e doendo: quando pensar em gota","datePublished":"2026-09-06T07:25:00+00:00","mainEntityOfPage":{"@id":"https:\/\/www.tuasaude.com\/news\/2026\/09\/06\/dedao-do-pe-acorda-vermelho-quente-e-doendo-quando-pensar-em-gota\/"},"wordCount":567,"commentCount":0,"image":{"@id":"https:\/\/www.tuasaude.com\/news\/2026\/09\/06\/dedao-do-pe-acorda-vermelho-quente-e-doendo-quando-pensar-em-gota\/#primaryimage"},"thumbnailUrl":"https:\/\/www.tuasaude.com\/news\/wp-content\/uploads\/2026\/09\/109100_dedao-do-pe-acorda-vermelho-quente-e-doendo-quando-pensar-em_destaque.jpg","keywords":["\u00c1cido \u00farico","crise de gota","dor no ded\u00e3o"],"articleSection":["Sa\u00fade"],"inLanguage":"pt-BR","potentialAction":[{"@type":"CommentAction","name":"Comment","target":["https:\/\/www.tuasaude.com\/news\/2026\/09\/06\/dedao-do-pe-acorda-vermelho-quente-e-doendo-quando-pensar-em-gota\/#respond"]}]},{"@type":"WebPage","@id":"https:\/\/www.tuasaude.com\/news\/2026\/09\/06\/dedao-do-pe-acorda-vermelho-quente-e-doendo-quando-pensar-em-gota\/","url":"https:\/\/www.tuasaude.com\/news\/2026\/09\/06\/dedao-do-pe-acorda-vermelho-quente-e-doendo-quando-pensar-em-gota\/","name":"Ded\u00e3o do p\u00e9 acorda vermelho, quente e doendo: quando pensar em gota - Tua Sa\u00fade","isPartOf":{"@id":"https:\/\/www.tuasaude.com\/news\/#website"},"primaryImageOfPage":{"@id":"https:\/\/www.tuasaude.com\/news\/2026\/09\/06\/dedao-do-pe-acorda-vermelho-quente-e-doendo-quando-pensar-em-gota\/#primaryimage"},"image":{"@id":"https:\/\/www.tuasaude.com\/news\/2026\/09\/06\/dedao-do-pe-acorda-vermelho-quente-e-doendo-quando-pensar-em-gota\/#primaryimage"},"thumbnailUrl":"https:\/\/www.tuasaude.com\/news\/wp-content\/uploads\/2026\/09\/109100_dedao-do-pe-acorda-vermelho-quente-e-doendo-quando-pensar-em_destaque.jpg","datePublished":"2026-09-06T07:25:00+00:00","author":{"@id":"https:\/\/www.tuasaude.com\/news\/#\/schema\/person\/963d63d4e1f0c81f5f3a70ba4bcb0ef7"},"description":"Gota no p\u00e9 pode causar dor s\u00fabita, vermelhid\u00e3o, calor e incha\u00e7o no ded\u00e3o. Entenda os sinais, formas de aliviar e quando buscar avalia\u00e7\u00e3o m\u00e9dica.","breadcrumb":{"@id":"https:\/\/www.tuasaude.com\/news\/2026\/09\/06\/dedao-do-pe-acorda-vermelho-quente-e-doendo-quando-pensar-em-gota\/#breadcrumb"},"inLanguage":"pt-BR","potentialAction":[{"@type":"ReadAction","target":["https:\/\/www.tuasaude.com\/news\/2026\/09\/06\/dedao-do-pe-acorda-vermelho-quente-e-doendo-quando-pensar-em-gota\/"]}]},{"@type":"ImageObject","inLanguage":"pt-BR","@id":"https:\/\/www.tuasaude.com\/news\/2026\/09\/06\/dedao-do-pe-acorda-vermelho-quente-e-doendo-quando-pensar-em-gota\/#primaryimage","url":"https:\/\/www.tuasaude.com\/news\/wp-content\/uploads\/2026\/09\/109100_dedao-do-pe-acorda-vermelho-quente-e-doendo-quando-pensar-em_destaque.jpg","contentUrl":"https:\/\/www.tuasaude.com\/news\/wp-content\/uploads\/2026\/09\/109100_dedao-do-pe-acorda-vermelho-quente-e-doendo-quando-pensar-em_destaque.jpg","width":1280,"height":714,"caption":"Ded\u00e3o vermelho, quente, inchado e dolorido pode ser sinal de uma crise de gota."},{"@type":"BreadcrumbList","@id":"https:\/\/www.tuasaude.com\/news\/2026\/09\/06\/dedao-do-pe-acorda-vermelho-quente-e-doendo-quando-pensar-em-gota\/#breadcrumb","itemListElement":[{"@type":"ListItem","position":1,"name":"In\u00edcio","item":"https:\/\/www.tuasaude.com\/news\/"},{"@type":"ListItem","position":2,"name":"Ded\u00e3o do p\u00e9 acorda vermelho, quente e doendo: quando pensar em gota"}]},{"@type":"WebSite","@id":"https:\/\/www.tuasaude.com\/news\/#website","url":"https:\/\/www.tuasaude.com\/news\/","name":"Tua Sa\u00fade","description":"Seu site de sa\u00fade","potentialAction":[{"@type":"SearchAction","target":{"@type":"EntryPoint","urlTemplate":"https:\/\/www.tuasaude.com\/news\/?s={search_term_string}"},"query-input":{"@type":"PropertyValueSpecification","valueRequired":true,"valueName":"search_term_string"}}],"inLanguage":"pt-BR"},{"@type":"Person","@id":"https:\/\/www.tuasaude.com\/news\/#\/schema\/person\/963d63d4e1f0c81f5f3a70ba4bcb0ef7","name":"Jeferson Henrique","image":{"@type":"ImageObject","inLanguage":"pt-BR","@id":"https:\/\/www.tuasaude.com\/news\/#\/schema\/person\/image\/","url":"https:\/\/secure.gravatar.com\/avatar\/1a476a54a48eb3cdea5dd2f016708263892c6b9f5e54b641df7c65e980fd6f69?s=96&d=mm&r=g","contentUrl":"https:\/\/secure.gravatar.com\/avatar\/1a476a54a48eb3cdea5dd2f016708263892c6b9f5e54b641df7c65e980fd6f69?s=96&d=mm&r=g","caption":"Jeferson Henrique"},"sameAs":["https:\/\/www.tuasaude.com\/news\/"],"url":"https:\/\/www.tuasaude.com\/news\/author\/jeferson-henrique\/"}]}},"_links":{"self":[{"href":"https:\/\/www.tuasaude.com\/news\/wp-json\/wp\/v2\/posts\/109100","targetHints":{"allow":["GET"]}}],"collection":[{"href":"https:\/\/www.tuasaude.com\/news\/wp-json\/wp\/v2\/posts"}],"about":[{"href":"https:\/\/www.tuasaude.com\/news\/wp-json\/wp\/v2\/types\/post"}],"author":[{"embeddable":true,"href":"https:\/\/www.tuasaude.com\/news\/wp-json\/wp\/v2\/users\/12"}],"replies":[{"embeddable":true,"href":"https:\/\/www.tuasaude.com\/news\/wp-json\/wp\/v2\/comments?post=109100"}],"version-history":[{"count":2,"href":"https:\/\/www.tuasaude.com\/news\/wp-json\/wp\/v2\/posts\/109100\/revisions"}],"predecessor-version":[{"id":109105,"href":"https:\/\/www.tuasaude.com\/news\/wp-json\/wp\/v2\/posts\/109100\/revisions\/109105"}],"wp:featuredmedia":[{"embeddable":true,"href":"https:\/\/www.tuasaude.com\/news\/wp-json\/wp\/v2\/media\/109101"}],"wp:attachment":[{"href":"https:\/\/www.tuasaude.com\/news\/wp-json\/wp\/v2\/media?parent=109100"}],"wp:term":[{"taxonomy":"category","embeddable":true,"href":"https:\/\/www.tuasaude.com\/news\/wp-json\/wp\/v2\/categories?post=109100"},{"taxonomy":"post_tag","embeddable":true,"href":"https:\/\/www.tuasaude.com\/news\/wp-json\/wp\/v2\/tags?post=109100"}],"curies":[{"name":"wp","href":"https:\/\/api.w.org\/{rel}","templated":true}]}}