{"id":109083,"date":"2026-09-05T16:35:00","date_gmt":"2026-09-05T19:35:00","guid":{"rendered":"https:\/\/www.tuasaude.com\/news\/?p=109083"},"modified":"2026-09-05T15:34:59","modified_gmt":"2026-09-05T18:34:59","slug":"elevar-as-pernas-ajuda-no-inchaco-entenda-quando-a-medida-pode-aliviar","status":"publish","type":"post","link":"https:\/\/www.tuasaude.com\/news\/2026\/09\/05\/elevar-as-pernas-ajuda-no-inchaco-entenda-quando-a-medida-pode-aliviar\/","title":{"rendered":"Elevar as pernas ajuda no incha\u00e7o? Entenda quando a medida pode aliviar"},"content":{"rendered":"\n<p class=\"wp-block-paragraph\">Sim, elevar as pernas costuma aliviar o incha\u00e7o em situa\u00e7\u00f5es comuns do dia a dia, como longos per\u00edodos em p\u00e9 ou sentado. A gravidade passa a favorecer o retorno do sangue e da linfa ao cora\u00e7\u00e3o, reduzindo o ac\u00famulo de l\u00edquido nos tecidos. No entanto, a medida trata apenas o sintoma e n\u00e3o identifica a causa por tr\u00e1s do desconforto. Entender quando o gesto ajuda e quando ele n\u00e3o basta \u00e9 fundamental para n\u00e3o deixar passar um sinal importante.<\/p>\n\n\n\n<h2 class=\"wp-block-heading\">Por que elevar as pernas alivia o desconforto?<\/h2>\n\n\n\n<p class=\"wp-block-paragraph\">As veias das pernas trabalham contra a gravidade para levar o sangue de volta ao cora\u00e7\u00e3o, contando com v\u00e1lvulas internas e com a contra\u00e7\u00e3o da panturrilha. Quando esse mecanismo fica sobrecarregado, o l\u00edquido tende a extravasar dos vasos para os tecidos.<\/p>\n\n\n\n<p class=\"wp-block-paragraph\">Elevar os p\u00e9s acima do n\u00edvel do cora\u00e7\u00e3o inverte parte dessa press\u00e3o, facilita o esvaziamento das veias e estimula a drenagem linf\u00e1tica. O resultado \u00e9 uma sensa\u00e7\u00e3o de leveza e a redu\u00e7\u00e3o do incha\u00e7o acumulado ao longo do dia.<\/p>\n\n\n\n<h2 class=\"wp-block-heading\">Em quais situa\u00e7\u00f5es do dia a dia a medida realmente funciona?<\/h2>\n\n\n\n<p class=\"wp-block-paragraph\">O gesto costuma trazer al\u00edvio em quadros de incha\u00e7o leve e transit\u00f3rio, ligados a fatores externos como calor, sedentarismo tempor\u00e1rio ou consumo excessivo de s\u00f3dio. Nesses casos, deitar por 15 a 20 minutos com as pernas apoiadas em almofadas j\u00e1 faz diferen\u00e7a.<\/p>\n\n\n\n<p class=\"wp-block-paragraph\">Tamb\u00e9m ajuda pessoas com predisposi\u00e7\u00e3o \u00e0 <a href=\"https:\/\/www.tuasaude.com\/7-passos-para-combater-o-inchaco-nas-pernas\/\" target=\"_blank\" rel=\"noreferrer noopener\">insufici\u00eancia venosa leve<\/a>, que sentem peso e cansa\u00e7o nos membros ao fim do dia. A pr\u00e1tica regular, combinada com movimento e boa hidrata\u00e7\u00e3o, potencializa o resultado.<\/p>\n\n\n<div class=\"wp-block-image\">\n<figure class=\"aligncenter size-large\"><img decoding=\"async\" width=\"1024\" height=\"571\" src=\"https:\/\/www.tuasaude.com\/news\/wp-content\/uploads\/2026\/09\/Infographic_explaining_leg_swell\u2026_202609051532-1024x571.jpg\" alt=\"Altura, tempo, movimento e sinais de alerta orientam o uso seguro da eleva\u00e7\u00e3o.\" class=\"wp-image-109089\" srcset=\"https:\/\/www.tuasaude.com\/news\/wp-content\/uploads\/2026\/09\/Infographic_explaining_leg_swell\u2026_202609051532-1024x571.jpg 1024w, https:\/\/www.tuasaude.com\/news\/wp-content\/uploads\/2026\/09\/Infographic_explaining_leg_swell\u2026_202609051532-300x167.jpg 300w, https:\/\/www.tuasaude.com\/news\/wp-content\/uploads\/2026\/09\/Infographic_explaining_leg_swell\u2026_202609051532-768x428.jpg 768w, https:\/\/www.tuasaude.com\/news\/wp-content\/uploads\/2026\/09\/Infographic_explaining_leg_swell\u2026_202609051532-750x418.jpg 750w, https:\/\/www.tuasaude.com\/news\/wp-content\/uploads\/2026\/09\/Infographic_explaining_leg_swell\u2026_202609051532-1140x636.jpg 1140w, https:\/\/www.tuasaude.com\/news\/wp-content\/uploads\/2026\/09\/Infographic_explaining_leg_swell\u2026_202609051532.jpg 1280w\" sizes=\"(max-width: 1024px) 100vw, 1024px\" \/><figcaption class=\"wp-element-caption\">Altura, tempo, movimento e sinais de alerta orientam o uso seguro da eleva\u00e7\u00e3o.<\/figcaption><\/figure>\n<\/div>\n\n\n<h2 class=\"wp-block-heading\">Como um estudo cient\u00edfico comprova o efeito da eleva\u00e7\u00e3o das pernas?<\/h2>\n\n\n\n<p class=\"wp-block-paragraph\">A a\u00e7\u00e3o da eleva\u00e7\u00e3o das pernas sobre o edema j\u00e1 foi documentada em pesquisas cl\u00ednicas com pacientes com problemas venosos. Segundo o estudo cl\u00ednico <a href=\"https:\/\/pubmed.ncbi.nlm.nih.gov\/15114821\/\" target=\"_blank\" rel=\"noreferrer noopener\">How echographic image analysis of venous oedema reveals the benefits of leg elevation<\/a>, publicado na revista cient\u00edfica Journal of Wound Care, tr\u00eas a quatro horas de eleva\u00e7\u00e3o das pernas reduziram significativamente o volume da regi\u00e3o inferior da perna em pacientes com edema venoso.<\/p>\n\n\n\n<p class=\"wp-block-paragraph\">Os autores utilizaram ultrassom de alta frequ\u00eancia e conclu\u00edram que a postura \u00e9 extremamente eficaz para reduzir o edema, mesmo em per\u00edodos curtos. Ainda assim, o benef\u00edcio \u00e9 sintom\u00e1tico e n\u00e3o substitui a investiga\u00e7\u00e3o da causa do incha\u00e7o.<\/p>\n\n\n\n<h2 class=\"wp-block-heading\">Quais sinais indicam que s\u00f3 elevar as pernas n\u00e3o \u00e9 suficiente?<\/h2>\n\n\n\n<p class=\"wp-block-paragraph\">Nem todo incha\u00e7o responde bem ao repouso, e alguns padr\u00f5es merecem avalia\u00e7\u00e3o m\u00e9dica imediata. Antes de recorrer apenas \u00e0s medidas caseiras, vale observar sinais que sugerem causa mais grave.<\/p>\n\n\n\n<ul class=\"wp-block-list\">\n<li><strong>Incha\u00e7o s\u00fabito em apenas uma perna<\/strong>, acompanhado de dor, calor ou vermelhid\u00e3o<\/li>\n\n\n\n<li>Endurecimento da panturrilha e dificuldade para caminhar<\/li>\n\n\n\n<li>Falta de ar, dor no peito ou palpita\u00e7\u00f5es associadas ao edema<\/li>\n\n\n\n<li>Incha\u00e7o que se estende a abdome, m\u00e3os ou rosto<\/li>\n\n\n\n<li>Feridas, manchas escuras ou altera\u00e7\u00f5es na pele das pernas<\/li>\n\n\n\n<li>Edema que persiste ap\u00f3s a noite de sono e piora progressivamente<\/li>\n<\/ul>\n\n\n\n<p class=\"wp-block-paragraph\">Diante desses cen\u00e1rios, o mais indicado \u00e9 procurar atendimento para descartar condi\u00e7\u00f5es como <a href=\"https:\/\/www.tuasaude.com\/sintomas-de-trombose\/\" target=\"_blank\" rel=\"noreferrer noopener\">trombose venosa profunda<\/a>, insufici\u00eancia card\u00edaca, altera\u00e7\u00f5es renais ou hep\u00e1ticas.<\/p>\n\n\n<div class=\"wp-block-image\">\n<figure class=\"aligncenter size-large\"><img decoding=\"async\" width=\"1024\" height=\"571\" src=\"https:\/\/www.tuasaude.com\/news\/wp-content\/uploads\/2026\/09\/Man_elevating_legs_reducing_edema_202609051534-1024x571.jpg\" alt=\"A posi\u00e7\u00e3o acima do cora\u00e7\u00e3o ajuda a reduzir ac\u00famulo de l\u00edquido nas pernas.\" class=\"wp-image-109090\" srcset=\"https:\/\/www.tuasaude.com\/news\/wp-content\/uploads\/2026\/09\/Man_elevating_legs_reducing_edema_202609051534-1024x571.jpg 1024w, https:\/\/www.tuasaude.com\/news\/wp-content\/uploads\/2026\/09\/Man_elevating_legs_reducing_edema_202609051534-300x167.jpg 300w, https:\/\/www.tuasaude.com\/news\/wp-content\/uploads\/2026\/09\/Man_elevating_legs_reducing_edema_202609051534-768x428.jpg 768w, https:\/\/www.tuasaude.com\/news\/wp-content\/uploads\/2026\/09\/Man_elevating_legs_reducing_edema_202609051534-750x418.jpg 750w, https:\/\/www.tuasaude.com\/news\/wp-content\/uploads\/2026\/09\/Man_elevating_legs_reducing_edema_202609051534-1140x636.jpg 1140w, https:\/\/www.tuasaude.com\/news\/wp-content\/uploads\/2026\/09\/Man_elevating_legs_reducing_edema_202609051534.jpg 1280w\" sizes=\"(max-width: 1024px) 100vw, 1024px\" \/><figcaption class=\"wp-element-caption\">A posi\u00e7\u00e3o acima do cora\u00e7\u00e3o ajuda a reduzir ac\u00famulo de l\u00edquido nas pernas.<\/figcaption><\/figure>\n<\/div>\n\n\n<h2 class=\"wp-block-heading\">Como incorporar o h\u00e1bito com seguran\u00e7a no dia a dia?<\/h2>\n\n\n\n<p class=\"wp-block-paragraph\">Para que a eleva\u00e7\u00e3o das pernas realmente ajude sem trazer desconfortos, alguns cuidados pr\u00e1ticos fazem diferen\u00e7a. A rotina deve ser adaptada \u00e0 realidade de cada pessoa e nunca substituir a avalia\u00e7\u00e3o cl\u00ednica de um <a href=\"https:\/\/www.tuasaude.com\/quais-sao-as-causas-das-pernas-inchadas\/\" target=\"_blank\" rel=\"noreferrer noopener\">incha\u00e7o recorrente nas pernas<\/a>.<\/p>\n\n\n\n<ol class=\"wp-block-list\">\n<li>Mantenha as pernas em \u00e2ngulo suave, entre 15 e 30 graus acima do n\u00edvel do cora\u00e7\u00e3o<\/li>\n\n\n\n<li>Reserve de 15 a 20 minutos, uma a tr\u00eas vezes ao dia, preferencialmente no fim da tarde<\/li>\n\n\n\n<li>Use almofadas firmes e evite dobrar bruscamente os joelhos<\/li>\n\n\n\n<li>Combine com movimenta\u00e7\u00e3o da panturrilha, girando os tornozelos periodicamente<\/li>\n\n\n\n<li>Interrompa a pr\u00e1tica caso surja formigamento, dor intensa ou dorm\u00eancia<\/li>\n<\/ol>\n\n\n\n<p class=\"wp-block-paragraph\">Para quem apresenta incha\u00e7o frequente, altera\u00e7\u00f5es de circula\u00e7\u00e3o, doen\u00e7as card\u00edacas, renais ou qualquer outro fator de risco, o mais indicado \u00e9 procurar um cl\u00ednico geral ou angiologista para avalia\u00e7\u00e3o individualizada, identifica\u00e7\u00e3o da causa e defini\u00e7\u00e3o do tratamento adequado.<\/p>\n\n\n\n<p class=\"wp-block-paragraph\"><em>Este conte\u00fado tem car\u00e1ter apenas informativo e n\u00e3o substitui a avalia\u00e7\u00e3o, o diagn\u00f3stico ou o tratamento realizados por um profissional de sa\u00fade qualificado.<\/em><\/p>\n","protected":false},"excerpt":{"rendered":"<p>Sim, elevar as pernas costuma aliviar o incha\u00e7o em situa\u00e7\u00f5es comuns do dia a dia, como longos per\u00edodos em p\u00e9 ou sentado. A gravidade passa a favorecer o retorno do sangue e da linfa ao cora\u00e7\u00e3o, reduzindo o ac\u00famulo de l\u00edquido nos tecidos. No entanto, a medida trata apenas o sintoma e n\u00e3o identifica a [&hellip;]<\/p>\n","protected":false},"author":11,"featured_media":109088,"comment_status":"open","ping_status":"open","sticky":false,"template":"","format":"standard","meta":{"_yoast_wpseo_focuskw":"incha\u00e7o","_yoast_wpseo_title":"","_yoast_wpseo_metadesc":"Elevar as pernas para incha\u00e7o pode aliviar o ac\u00famulo de l\u00edquido e a sensa\u00e7\u00e3o de peso. Entenda quando a medida funciona e quais sinais exigem aten\u00e7\u00e3o.","jnews-multi-image_gallery":[],"jnews_single_post":{"format":"standard"},"jnews_primary_category":[],"jnews_social_meta":[],"jnews_override_counter":[],"footnotes":""},"categories":[110],"tags":[145,2340,1135,136],"class_list":["post-109083","post","type-post","status-publish","format-standard","has-post-thumbnail","hentry","category-nutricao","tag-bem-estar","tag-elevar-as-pernas","tag-inchaco","tag-saude"],"yoast_head":"<!-- This site is optimized with the Yoast SEO plugin v26.7 - https:\/\/yoast.com\/wordpress\/plugins\/seo\/ -->\n<title>Elevar as pernas ajuda no incha\u00e7o? Entenda quando a medida pode aliviar - Tua Sa\u00fade<\/title>\n<meta name=\"description\" content=\"Elevar as pernas para incha\u00e7o pode aliviar o ac\u00famulo de l\u00edquido e a sensa\u00e7\u00e3o de peso. Entenda quando a medida funciona e quais sinais exigem aten\u00e7\u00e3o.\" \/>\n<meta name=\"robots\" content=\"index, follow, max-snippet:-1, max-image-preview:large, max-video-preview:-1\" \/>\n<link rel=\"canonical\" href=\"https:\/\/www.tuasaude.com\/news\/2026\/09\/05\/elevar-as-pernas-ajuda-no-inchaco-entenda-quando-a-medida-pode-aliviar\/\" \/>\n<meta property=\"og:locale\" content=\"pt_BR\" \/>\n<meta property=\"og:type\" content=\"article\" \/>\n<meta property=\"og:title\" content=\"Elevar as pernas ajuda no incha\u00e7o? Entenda quando a medida pode aliviar - Tua Sa\u00fade\" \/>\n<meta property=\"og:description\" content=\"Elevar as pernas para incha\u00e7o pode aliviar o ac\u00famulo de l\u00edquido e a sensa\u00e7\u00e3o de peso. Entenda quando a medida funciona e quais sinais exigem aten\u00e7\u00e3o.\" \/>\n<meta property=\"og:url\" content=\"https:\/\/www.tuasaude.com\/news\/2026\/09\/05\/elevar-as-pernas-ajuda-no-inchaco-entenda-quando-a-medida-pode-aliviar\/\" \/>\n<meta property=\"og:site_name\" content=\"Tua Sa\u00fade\" \/>\n<meta property=\"article:published_time\" content=\"2026-09-05T19:35:00+00:00\" \/>\n<meta property=\"og:image\" content=\"https:\/\/www.tuasaude.com\/news\/wp-content\/uploads\/2026\/09\/Woman_elevating_legs_on_sofa_202609051532.jpg\" \/>\n\t<meta property=\"og:image:width\" content=\"1280\" \/>\n\t<meta property=\"og:image:height\" content=\"714\" \/>\n\t<meta property=\"og:image:type\" content=\"image\/jpeg\" \/>\n<meta name=\"author\" content=\"Gessika Julia Carvalho\" \/>\n<meta name=\"twitter:card\" content=\"summary_large_image\" \/>\n<meta name=\"twitter:label1\" content=\"Escrito por\" \/>\n\t<meta name=\"twitter:data1\" content=\"Gessika Julia Carvalho\" \/>\n\t<meta name=\"twitter:label2\" content=\"Est. tempo de leitura\" \/>\n\t<meta name=\"twitter:data2\" content=\"5 minutos\" \/>\n<!-- \/ Yoast SEO plugin. -->","yoast_head_json":{"title":"Elevar as pernas ajuda no incha\u00e7o? Entenda quando a medida pode aliviar - Tua Sa\u00fade","description":"Elevar as pernas para incha\u00e7o pode aliviar o ac\u00famulo de l\u00edquido e a sensa\u00e7\u00e3o de peso. Entenda quando a medida funciona e quais sinais exigem aten\u00e7\u00e3o.","robots":{"index":"index","follow":"follow","max-snippet":"max-snippet:-1","max-image-preview":"max-image-preview:large","max-video-preview":"max-video-preview:-1"},"canonical":"https:\/\/www.tuasaude.com\/news\/2026\/09\/05\/elevar-as-pernas-ajuda-no-inchaco-entenda-quando-a-medida-pode-aliviar\/","og_locale":"pt_BR","og_type":"article","og_title":"Elevar as pernas ajuda no incha\u00e7o? Entenda quando a medida pode aliviar - Tua Sa\u00fade","og_description":"Elevar as pernas para incha\u00e7o pode aliviar o ac\u00famulo de l\u00edquido e a sensa\u00e7\u00e3o de peso. Entenda quando a medida funciona e quais sinais exigem aten\u00e7\u00e3o.","og_url":"https:\/\/www.tuasaude.com\/news\/2026\/09\/05\/elevar-as-pernas-ajuda-no-inchaco-entenda-quando-a-medida-pode-aliviar\/","og_site_name":"Tua Sa\u00fade","article_published_time":"2026-09-05T19:35:00+00:00","og_image":[{"width":1280,"height":714,"url":"https:\/\/www.tuasaude.com\/news\/wp-content\/uploads\/2026\/09\/Woman_elevating_legs_on_sofa_202609051532.jpg","type":"image\/jpeg"}],"author":"Gessika Julia Carvalho","twitter_card":"summary_large_image","twitter_misc":{"Escrito por":"Gessika Julia Carvalho","Est. tempo de leitura":"5 minutos"},"schema":{"@context":"https:\/\/schema.org","@graph":[{"@type":"Article","@id":"https:\/\/www.tuasaude.com\/news\/2026\/09\/05\/elevar-as-pernas-ajuda-no-inchaco-entenda-quando-a-medida-pode-aliviar\/#article","isPartOf":{"@id":"https:\/\/www.tuasaude.com\/news\/2026\/09\/05\/elevar-as-pernas-ajuda-no-inchaco-entenda-quando-a-medida-pode-aliviar\/"},"author":{"name":"Gessika Julia Carvalho","@id":"https:\/\/www.tuasaude.com\/news\/#\/schema\/person\/2e9df841be69ec84f5d20ddb8d273ac2"},"headline":"Elevar as pernas ajuda no incha\u00e7o? Entenda quando a medida pode aliviar","datePublished":"2026-09-05T19:35:00+00:00","mainEntityOfPage":{"@id":"https:\/\/www.tuasaude.com\/news\/2026\/09\/05\/elevar-as-pernas-ajuda-no-inchaco-entenda-quando-a-medida-pode-aliviar\/"},"wordCount":789,"commentCount":0,"image":{"@id":"https:\/\/www.tuasaude.com\/news\/2026\/09\/05\/elevar-as-pernas-ajuda-no-inchaco-entenda-quando-a-medida-pode-aliviar\/#primaryimage"},"thumbnailUrl":"https:\/\/www.tuasaude.com\/news\/wp-content\/uploads\/2026\/09\/Woman_elevating_legs_on_sofa_202609051532.jpg","keywords":["bem-estar","elevar as pernas","incha\u00e7o","sa\u00fade"],"articleSection":["Nutri\u00e7\u00e3o"],"inLanguage":"pt-BR","potentialAction":[{"@type":"CommentAction","name":"Comment","target":["https:\/\/www.tuasaude.com\/news\/2026\/09\/05\/elevar-as-pernas-ajuda-no-inchaco-entenda-quando-a-medida-pode-aliviar\/#respond"]}]},{"@type":"WebPage","@id":"https:\/\/www.tuasaude.com\/news\/2026\/09\/05\/elevar-as-pernas-ajuda-no-inchaco-entenda-quando-a-medida-pode-aliviar\/","url":"https:\/\/www.tuasaude.com\/news\/2026\/09\/05\/elevar-as-pernas-ajuda-no-inchaco-entenda-quando-a-medida-pode-aliviar\/","name":"Elevar as pernas ajuda no incha\u00e7o? Entenda quando a medida pode aliviar - Tua Sa\u00fade","isPartOf":{"@id":"https:\/\/www.tuasaude.com\/news\/#website"},"primaryImageOfPage":{"@id":"https:\/\/www.tuasaude.com\/news\/2026\/09\/05\/elevar-as-pernas-ajuda-no-inchaco-entenda-quando-a-medida-pode-aliviar\/#primaryimage"},"image":{"@id":"https:\/\/www.tuasaude.com\/news\/2026\/09\/05\/elevar-as-pernas-ajuda-no-inchaco-entenda-quando-a-medida-pode-aliviar\/#primaryimage"},"thumbnailUrl":"https:\/\/www.tuasaude.com\/news\/wp-content\/uploads\/2026\/09\/Woman_elevating_legs_on_sofa_202609051532.jpg","datePublished":"2026-09-05T19:35:00+00:00","author":{"@id":"https:\/\/www.tuasaude.com\/news\/#\/schema\/person\/2e9df841be69ec84f5d20ddb8d273ac2"},"description":"Elevar as pernas para incha\u00e7o pode aliviar o ac\u00famulo de l\u00edquido e a sensa\u00e7\u00e3o de peso. Entenda quando a medida funciona e quais sinais exigem aten\u00e7\u00e3o.","breadcrumb":{"@id":"https:\/\/www.tuasaude.com\/news\/2026\/09\/05\/elevar-as-pernas-ajuda-no-inchaco-entenda-quando-a-medida-pode-aliviar\/#breadcrumb"},"inLanguage":"pt-BR","potentialAction":[{"@type":"ReadAction","target":["https:\/\/www.tuasaude.com\/news\/2026\/09\/05\/elevar-as-pernas-ajuda-no-inchaco-entenda-quando-a-medida-pode-aliviar\/"]}]},{"@type":"ImageObject","inLanguage":"pt-BR","@id":"https:\/\/www.tuasaude.com\/news\/2026\/09\/05\/elevar-as-pernas-ajuda-no-inchaco-entenda-quando-a-medida-pode-aliviar\/#primaryimage","url":"https:\/\/www.tuasaude.com\/news\/wp-content\/uploads\/2026\/09\/Woman_elevating_legs_on_sofa_202609051532.jpg","contentUrl":"https:\/\/www.tuasaude.com\/news\/wp-content\/uploads\/2026\/09\/Woman_elevating_legs_on_sofa_202609051532.jpg","width":1280,"height":714,"caption":"Elevar as pernas ajuda no incha\u00e7o? Entenda quando a medida pode aliviar"},{"@type":"BreadcrumbList","@id":"https:\/\/www.tuasaude.com\/news\/2026\/09\/05\/elevar-as-pernas-ajuda-no-inchaco-entenda-quando-a-medida-pode-aliviar\/#breadcrumb","itemListElement":[{"@type":"ListItem","position":1,"name":"In\u00edcio","item":"https:\/\/www.tuasaude.com\/news\/"},{"@type":"ListItem","position":2,"name":"Elevar as pernas ajuda no incha\u00e7o? Entenda quando a medida pode aliviar"}]},{"@type":"WebSite","@id":"https:\/\/www.tuasaude.com\/news\/#website","url":"https:\/\/www.tuasaude.com\/news\/","name":"Tua Sa\u00fade","description":"Seu site de sa\u00fade","potentialAction":[{"@type":"SearchAction","target":{"@type":"EntryPoint","urlTemplate":"https:\/\/www.tuasaude.com\/news\/?s={search_term_string}"},"query-input":{"@type":"PropertyValueSpecification","valueRequired":true,"valueName":"search_term_string"}}],"inLanguage":"pt-BR"},{"@type":"Person","@id":"https:\/\/www.tuasaude.com\/news\/#\/schema\/person\/2e9df841be69ec84f5d20ddb8d273ac2","name":"Gessika Julia Carvalho","image":{"@type":"ImageObject","inLanguage":"pt-BR","@id":"https:\/\/www.tuasaude.com\/news\/#\/schema\/person\/image\/","url":"https:\/\/secure.gravatar.com\/avatar\/0fcc8769024577fd0bc6a8b766055690f76a8e8f29dfb2a2f89cf04db8d0f2d2?s=96&d=mm&r=g","contentUrl":"https:\/\/secure.gravatar.com\/avatar\/0fcc8769024577fd0bc6a8b766055690f76a8e8f29dfb2a2f89cf04db8d0f2d2?s=96&d=mm&r=g","caption":"Gessika Julia Carvalho"},"sameAs":["https:\/\/www.tuasaude.com\/news\/"],"url":"https:\/\/www.tuasaude.com\/news\/author\/gessika-julia\/"}]}},"_links":{"self":[{"href":"https:\/\/www.tuasaude.com\/news\/wp-json\/wp\/v2\/posts\/109083","targetHints":{"allow":["GET"]}}],"collection":[{"href":"https:\/\/www.tuasaude.com\/news\/wp-json\/wp\/v2\/posts"}],"about":[{"href":"https:\/\/www.tuasaude.com\/news\/wp-json\/wp\/v2\/types\/post"}],"author":[{"embeddable":true,"href":"https:\/\/www.tuasaude.com\/news\/wp-json\/wp\/v2\/users\/11"}],"replies":[{"embeddable":true,"href":"https:\/\/www.tuasaude.com\/news\/wp-json\/wp\/v2\/comments?post=109083"}],"version-history":[{"count":1,"href":"https:\/\/www.tuasaude.com\/news\/wp-json\/wp\/v2\/posts\/109083\/revisions"}],"predecessor-version":[{"id":109091,"href":"https:\/\/www.tuasaude.com\/news\/wp-json\/wp\/v2\/posts\/109083\/revisions\/109091"}],"wp:featuredmedia":[{"embeddable":true,"href":"https:\/\/www.tuasaude.com\/news\/wp-json\/wp\/v2\/media\/109088"}],"wp:attachment":[{"href":"https:\/\/www.tuasaude.com\/news\/wp-json\/wp\/v2\/media?parent=109083"}],"wp:term":[{"taxonomy":"category","embeddable":true,"href":"https:\/\/www.tuasaude.com\/news\/wp-json\/wp\/v2\/categories?post=109083"},{"taxonomy":"post_tag","embeddable":true,"href":"https:\/\/www.tuasaude.com\/news\/wp-json\/wp\/v2\/tags?post=109083"}],"curies":[{"name":"wp","href":"https:\/\/api.w.org\/{rel}","templated":true}]}}