{"id":109025,"date":"2026-09-06T18:20:00","date_gmt":"2026-09-06T21:20:00","guid":{"rendered":"https:\/\/www.tuasaude.com\/news\/?p=109025"},"modified":"2026-09-05T11:52:40","modified_gmt":"2026-09-05T14:52:40","slug":"dente-doi-com-agua-gelada-ou-cafe-quente-sensibilidade-tem-mais-de-uma-causa","status":"publish","type":"post","link":"https:\/\/www.tuasaude.com\/news\/2026\/09\/06\/dente-doi-com-agua-gelada-ou-cafe-quente-sensibilidade-tem-mais-de-uma-causa\/","title":{"rendered":"Dente d\u00f3i com \u00e1gua gelada ou caf\u00e9 quente: sensibilidade tem mais de uma causa"},"content":{"rendered":"\n<p class=\"wp-block-paragraph\">Uma fisgada ao beber \u00e1gua gelada ou caf\u00e9 quente pode indicar <strong>dente sens\u00edvel<\/strong>, especialmente quando a dor \u00e9 r\u00e1pida e desaparece logo ap\u00f3s o est\u00edmulo. Por\u00e9m, sensibilidade n\u00e3o \u00e9 um diagn\u00f3stico \u00fanico: desgaste do esmalte, retra\u00e7\u00e3o da gengiva, c\u00e1rie, trincas e restaura\u00e7\u00f5es desgastadas tamb\u00e9m podem provocar esse tipo de desconforto.<\/p>\n\n\n\n<h2 class=\"wp-block-heading\">Por que o dente fica sens\u00edvel ao frio e ao calor<\/h2>\n\n\n\n<p class=\"wp-block-paragraph\">Quando o esmalte se desgasta ou a gengiva recua, a dentina pode ficar mais exposta. Essa camada possui pequenos canais que transmitem est\u00edmulos t\u00e9rmicos para regi\u00f5es pr\u00f3ximas ao nervo do dente, favorecendo uma <strong>dor curta e aguda<\/strong>.<\/p>\n\n\n\n<p class=\"wp-block-paragraph\">Segundo a <a href=\"https:\/\/www.mouthhealthy.org\/top-dental-symptoms\" target=\"_blank\" rel=\"noopener noreferrer\">American Dental Association<\/a>, dentes sens\u00edveis podem estar relacionados a c\u00e1ries, dentes fraturados, restaura\u00e7\u00f5es desgastadas, doen\u00e7a gengival, desgaste do esmalte e exposi\u00e7\u00e3o da raiz.<\/p>\n\n\n\n<h2 class=\"wp-block-heading\">Quais problemas podem causar a fisgada<\/h2>\n\n\n<div class=\"wp-block-image wp-block-image size-large\">\n<figure class=\"aligncenter\"><img decoding=\"async\" width=\"1280\" height=\"714\" src=\"https:\/\/www.tuasaude.com\/news\/wp-content\/uploads\/2026\/09\/109025_dente-doi-com-agua-gelada-ou-cafe-quente-sensibilidade-tem-m_corpo.jpg\" alt=\"A exposi\u00e7\u00e3o da dentina pode facilitar a transmiss\u00e3o de est\u00edmulos frios e quentes at\u00e9 regi\u00f5es pr\u00f3ximas ao nervo.\" class=\"wp-image-109027\" srcset=\"https:\/\/www.tuasaude.com\/news\/wp-content\/uploads\/2026\/09\/109025_dente-doi-com-agua-gelada-ou-cafe-quente-sensibilidade-tem-m_corpo.jpg 1280w, https:\/\/www.tuasaude.com\/news\/wp-content\/uploads\/2026\/09\/109025_dente-doi-com-agua-gelada-ou-cafe-quente-sensibilidade-tem-m_corpo-300x167.jpg 300w, https:\/\/www.tuasaude.com\/news\/wp-content\/uploads\/2026\/09\/109025_dente-doi-com-agua-gelada-ou-cafe-quente-sensibilidade-tem-m_corpo-1024x571.jpg 1024w, https:\/\/www.tuasaude.com\/news\/wp-content\/uploads\/2026\/09\/109025_dente-doi-com-agua-gelada-ou-cafe-quente-sensibilidade-tem-m_corpo-768x428.jpg 768w, https:\/\/www.tuasaude.com\/news\/wp-content\/uploads\/2026\/09\/109025_dente-doi-com-agua-gelada-ou-cafe-quente-sensibilidade-tem-m_corpo-750x418.jpg 750w, https:\/\/www.tuasaude.com\/news\/wp-content\/uploads\/2026\/09\/109025_dente-doi-com-agua-gelada-ou-cafe-quente-sensibilidade-tem-m_corpo-1140x636.jpg 1140w\" sizes=\"(max-width: 1280px) 100vw, 1280px\" \/><figcaption class=\"wp-element-caption\">A exposi\u00e7\u00e3o da dentina pode facilitar a transmiss\u00e3o de est\u00edmulos frios e quentes at\u00e9 regi\u00f5es pr\u00f3ximas ao nervo.<\/figcaption><\/figure>\n<\/div>\n\n\n<p class=\"wp-block-paragraph\">Observar quando a dor aparece e quanto tempo permanece ajuda o dentista a identificar sua origem. Entre as causas poss\u00edveis est\u00e3o:<\/p>\n\n\n\n<ul class=\"wp-block-list\">\n<li><strong>desgaste do esmalte<\/strong> por \u00e1cidos ou escova\u00e7\u00e3o agressiva;<\/li>\n<li>retra\u00e7\u00e3o da gengiva com exposi\u00e7\u00e3o da raiz;<\/li>\n<li>c\u00e1rie;<\/li>\n<li>dente trincado ou fraturado;<\/li>\n<li>restaura\u00e7\u00e3o desgastada ou com infiltra\u00e7\u00e3o;<\/li>\n<li>sensibilidade ap\u00f3s alguns procedimentos odontol\u00f3gicos.<\/li>\n<\/ul>\n\n\n\n<h2 class=\"wp-block-heading\">O que uma revis\u00e3o cient\u00edfica explica<\/h2>\n\n\n\n<p class=\"wp-block-paragraph\">Segundo a revis\u00e3o <a href=\"https:\/\/pubmed.ncbi.nlm.nih.gov\/40147744\/\" target=\"_blank\" rel=\"noopener noreferrer\"><em>Recent advances in the study of therapeutic materials and techniques for dentin hypersensitivity<\/em><\/a>, publicada no <em>Journal of Dentistry<\/em> em 2025, a exposi\u00e7\u00e3o da dentina permite que est\u00edmulos externos sejam transmitidos pelos t\u00fabulos dentin\u00e1rios e desencadeiem dor.<\/p>\n\n\n\n<p class=\"wp-block-paragraph\">A revis\u00e3o tamb\u00e9m descreve diferentes formas de tratamento destinadas a reduzir essa transmiss\u00e3o. Como outras doen\u00e7as dent\u00e1rias podem causar sintomas parecidos, entretanto, <strong>identificar a causa da sensibilidade<\/strong> \u00e9 importante antes de escolher o tratamento.<\/p>\n\n\n\n<h2 class=\"wp-block-heading\">O que pode ajudar enquanto o dente est\u00e1 sens\u00edvel<\/h2>\n\n\n\n<p class=\"wp-block-paragraph\">At\u00e9 a avalia\u00e7\u00e3o odontol\u00f3gica, alguns cuidados podem reduzir o inc\u00f4modo e evitar agress\u00f5es adicionais \u00e0 superf\u00edcie dos dentes:<\/p>\n\n\n\n<ul class=\"wp-block-list\">\n<li>evitar temporariamente alimentos e bebidas muito quentes ou gelados;<\/li>\n<li>escovar os dentes sem aplicar for\u00e7a excessiva;<\/li>\n<li>usar escova de cerdas macias;<\/li>\n<li>evitar excesso de alimentos e bebidas muito \u00e1cidos;<\/li>\n<li>n\u00e3o iniciar clareamentos por conta pr\u00f3pria se houver sensibilidade.<\/li>\n<\/ul>\n\n\n\n<p class=\"wp-block-paragraph\">Veja tamb\u00e9m as principais causas e op\u00e7\u00f5es de cuidado para a <a href=\"https:\/\/www.tuasaude.com\/sensibilidade-nos-dentes\/\" target=\"_blank\" rel=\"noopener noreferrer\">sensibilidade nos dentes<\/a>.<\/p>\n\n\n<div class=\"wp-block-image wp-block-image size-large\">\n<figure class=\"aligncenter\"><img decoding=\"async\" width=\"1280\" height=\"575\" src=\"https:\/\/www.tuasaude.com\/news\/wp-content\/uploads\/2026\/09\/109025_dente-doi-com-agua-gelada-ou-cafe-quente-sensibilidade-tem-m_tabela.jpg\" alt=\"Dente d\u00f3i com frio ou quente: 7 causas de sensibilidade que merecem aten\u00e7\u00e3o\" class=\"wp-image-109028\" srcset=\"https:\/\/www.tuasaude.com\/news\/wp-content\/uploads\/2026\/09\/109025_dente-doi-com-agua-gelada-ou-cafe-quente-sensibilidade-tem-m_tabela.jpg 1280w, https:\/\/www.tuasaude.com\/news\/wp-content\/uploads\/2026\/09\/109025_dente-doi-com-agua-gelada-ou-cafe-quente-sensibilidade-tem-m_tabela-300x135.jpg 300w, https:\/\/www.tuasaude.com\/news\/wp-content\/uploads\/2026\/09\/109025_dente-doi-com-agua-gelada-ou-cafe-quente-sensibilidade-tem-m_tabela-1024x460.jpg 1024w, https:\/\/www.tuasaude.com\/news\/wp-content\/uploads\/2026\/09\/109025_dente-doi-com-agua-gelada-ou-cafe-quente-sensibilidade-tem-m_tabela-768x345.jpg 768w, https:\/\/www.tuasaude.com\/news\/wp-content\/uploads\/2026\/09\/109025_dente-doi-com-agua-gelada-ou-cafe-quente-sensibilidade-tem-m_tabela-750x337.jpg 750w, https:\/\/www.tuasaude.com\/news\/wp-content\/uploads\/2026\/09\/109025_dente-doi-com-agua-gelada-ou-cafe-quente-sensibilidade-tem-m_tabela-1140x512.jpg 1140w\" sizes=\"(max-width: 1280px) 100vw, 1280px\" \/><figcaption class=\"wp-element-caption\">Dente d\u00f3i com frio ou quente: 7 causas de sensibilidade que merecem aten\u00e7\u00e3o<\/figcaption><\/figure>\n<\/div>\n\n\n<h2 class=\"wp-block-heading\">Quando a sensibilidade precisa ser avaliada<\/h2>\n\n\n\n<p class=\"wp-block-paragraph\">\u00c9 indicado procurar um dentista quando o <strong>dente sens\u00edvel<\/strong> incomoda com frequ\u00eancia, piora progressivamente ou a dor continua mesmo depois que o frio ou o calor foi retirado. Dor localizada em um \u00fanico dente, inc\u00f4modo ao mastigar ou sintomas que acordam durante a noite tamb\u00e9m merecem investiga\u00e7\u00e3o.<\/p>\n\n\n\n<p class=\"wp-block-paragraph\"><strong>Incha\u00e7o no rosto ou na gengiva, febre, secre\u00e7\u00e3o, dor intensa ou trauma no dente<\/strong> justificam avalia\u00e7\u00e3o mais r\u00e1pida. Nesses casos, o problema pode envolver infec\u00e7\u00e3o, fratura ou inflama\u00e7\u00e3o da parte interna do dente e n\u00e3o deve ser tratado apenas como sensibilidade passageira.<\/p>\n\n\n\n<p class=\"wp-block-paragraph\"><strong>Este conte\u00fado \u00e9 apenas informativo e n\u00e3o substitui a avalia\u00e7\u00e3o, o diagn\u00f3stico ou a orienta\u00e7\u00e3o de um m\u00e9dico ou dentista.<\/strong><\/p>\n","protected":false},"excerpt":{"rendered":"<p>Uma fisgada ao beber \u00e1gua gelada ou caf\u00e9 quente pode indicar dente sens\u00edvel, especialmente quando a dor \u00e9 r\u00e1pida e desaparece logo ap\u00f3s o est\u00edmulo. Por\u00e9m, sensibilidade n\u00e3o \u00e9 um diagn\u00f3stico \u00fanico: desgaste do esmalte, retra\u00e7\u00e3o da gengiva, c\u00e1rie, trincas e restaura\u00e7\u00f5es desgastadas tamb\u00e9m podem provocar esse tipo de desconforto. Por que o dente fica [&hellip;]<\/p>\n","protected":false},"author":12,"featured_media":109026,"comment_status":"open","ping_status":"open","sticky":false,"template":"","format":"standard","meta":{"_yoast_wpseo_focuskw":"dente sens\u00edvel","_yoast_wpseo_title":"","_yoast_wpseo_metadesc":"Dente sens\u00edvel ao frio ou calor pode ter causas como desgaste, retra\u00e7\u00e3o da gengiva ou c\u00e1rie. Veja cuidados e quando procurar um dentista.","jnews-multi-image_gallery":[],"jnews_single_post":[],"jnews_primary_category":[],"jnews_social_meta":[],"jnews_override_counter":[],"footnotes":""},"categories":[111],"tags":[5602,5525,5040],"class_list":["post-109025","post","type-post","status-publish","format-standard","has-post-thumbnail","hentry","category-saude","tag-dentina-exposta","tag-desgaste-do-esmalte","tag-sensibilidade-nos-dentes"],"yoast_head":"<!-- This site is optimized with the Yoast SEO plugin v26.7 - https:\/\/yoast.com\/wordpress\/plugins\/seo\/ -->\n<title>Dente d\u00f3i com \u00e1gua gelada ou caf\u00e9 quente: sensibilidade tem mais de uma causa - Tua Sa\u00fade<\/title>\n<meta name=\"description\" content=\"Dente sens\u00edvel ao frio ou calor pode ter causas como desgaste, retra\u00e7\u00e3o da gengiva ou c\u00e1rie. Veja cuidados e quando procurar um dentista.\" \/>\n<meta name=\"robots\" content=\"index, follow, max-snippet:-1, max-image-preview:large, max-video-preview:-1\" \/>\n<link rel=\"canonical\" href=\"https:\/\/www.tuasaude.com\/news\/2026\/09\/06\/dente-doi-com-agua-gelada-ou-cafe-quente-sensibilidade-tem-mais-de-uma-causa\/\" \/>\n<meta property=\"og:locale\" content=\"pt_BR\" \/>\n<meta property=\"og:type\" content=\"article\" \/>\n<meta property=\"og:title\" content=\"Dente d\u00f3i com \u00e1gua gelada ou caf\u00e9 quente: sensibilidade tem mais de uma causa - Tua Sa\u00fade\" \/>\n<meta property=\"og:description\" content=\"Dente sens\u00edvel ao frio ou calor pode ter causas como desgaste, retra\u00e7\u00e3o da gengiva ou c\u00e1rie. Veja cuidados e quando procurar um dentista.\" \/>\n<meta property=\"og:url\" content=\"https:\/\/www.tuasaude.com\/news\/2026\/09\/06\/dente-doi-com-agua-gelada-ou-cafe-quente-sensibilidade-tem-mais-de-uma-causa\/\" \/>\n<meta property=\"og:site_name\" content=\"Tua Sa\u00fade\" \/>\n<meta property=\"article:published_time\" content=\"2026-09-06T21:20:00+00:00\" \/>\n<meta property=\"og:image\" content=\"https:\/\/www.tuasaude.com\/news\/wp-content\/uploads\/2026\/09\/109025_dente-doi-com-agua-gelada-ou-cafe-quente-sensibilidade-tem-m_destaque.jpg\" \/>\n\t<meta property=\"og:image:width\" content=\"1280\" \/>\n\t<meta property=\"og:image:height\" content=\"714\" \/>\n\t<meta property=\"og:image:type\" content=\"image\/jpeg\" \/>\n<meta name=\"author\" content=\"Jeferson Henrique\" \/>\n<meta name=\"twitter:card\" content=\"summary_large_image\" \/>\n<meta name=\"twitter:label1\" content=\"Escrito por\" \/>\n\t<meta name=\"twitter:data1\" content=\"Jeferson Henrique\" \/>\n\t<meta name=\"twitter:label2\" content=\"Est. tempo de leitura\" \/>\n\t<meta name=\"twitter:data2\" content=\"3 minutos\" \/>\n<!-- \/ Yoast SEO plugin. -->","yoast_head_json":{"title":"Dente d\u00f3i com \u00e1gua gelada ou caf\u00e9 quente: sensibilidade tem mais de uma causa - Tua Sa\u00fade","description":"Dente sens\u00edvel ao frio ou calor pode ter causas como desgaste, retra\u00e7\u00e3o da gengiva ou c\u00e1rie. Veja cuidados e quando procurar um dentista.","robots":{"index":"index","follow":"follow","max-snippet":"max-snippet:-1","max-image-preview":"max-image-preview:large","max-video-preview":"max-video-preview:-1"},"canonical":"https:\/\/www.tuasaude.com\/news\/2026\/09\/06\/dente-doi-com-agua-gelada-ou-cafe-quente-sensibilidade-tem-mais-de-uma-causa\/","og_locale":"pt_BR","og_type":"article","og_title":"Dente d\u00f3i com \u00e1gua gelada ou caf\u00e9 quente: sensibilidade tem mais de uma causa - Tua Sa\u00fade","og_description":"Dente sens\u00edvel ao frio ou calor pode ter causas como desgaste, retra\u00e7\u00e3o da gengiva ou c\u00e1rie. Veja cuidados e quando procurar um dentista.","og_url":"https:\/\/www.tuasaude.com\/news\/2026\/09\/06\/dente-doi-com-agua-gelada-ou-cafe-quente-sensibilidade-tem-mais-de-uma-causa\/","og_site_name":"Tua Sa\u00fade","article_published_time":"2026-09-06T21:20:00+00:00","og_image":[{"width":1280,"height":714,"url":"https:\/\/www.tuasaude.com\/news\/wp-content\/uploads\/2026\/09\/109025_dente-doi-com-agua-gelada-ou-cafe-quente-sensibilidade-tem-m_destaque.jpg","type":"image\/jpeg"}],"author":"Jeferson Henrique","twitter_card":"summary_large_image","twitter_misc":{"Escrito por":"Jeferson Henrique","Est. tempo de leitura":"3 minutos"},"schema":{"@context":"https:\/\/schema.org","@graph":[{"@type":"Article","@id":"https:\/\/www.tuasaude.com\/news\/2026\/09\/06\/dente-doi-com-agua-gelada-ou-cafe-quente-sensibilidade-tem-mais-de-uma-causa\/#article","isPartOf":{"@id":"https:\/\/www.tuasaude.com\/news\/2026\/09\/06\/dente-doi-com-agua-gelada-ou-cafe-quente-sensibilidade-tem-mais-de-uma-causa\/"},"author":{"name":"Jeferson Henrique","@id":"https:\/\/www.tuasaude.com\/news\/#\/schema\/person\/963d63d4e1f0c81f5f3a70ba4bcb0ef7"},"headline":"Dente d\u00f3i com \u00e1gua gelada ou caf\u00e9 quente: sensibilidade tem mais de uma causa","datePublished":"2026-09-06T21:20:00+00:00","mainEntityOfPage":{"@id":"https:\/\/www.tuasaude.com\/news\/2026\/09\/06\/dente-doi-com-agua-gelada-ou-cafe-quente-sensibilidade-tem-mais-de-uma-causa\/"},"wordCount":570,"commentCount":0,"image":{"@id":"https:\/\/www.tuasaude.com\/news\/2026\/09\/06\/dente-doi-com-agua-gelada-ou-cafe-quente-sensibilidade-tem-mais-de-uma-causa\/#primaryimage"},"thumbnailUrl":"https:\/\/www.tuasaude.com\/news\/wp-content\/uploads\/2026\/09\/109025_dente-doi-com-agua-gelada-ou-cafe-quente-sensibilidade-tem-m_destaque.jpg","keywords":["dentina exposta","desgaste do esmalte","sensibilidade nos dentes"],"articleSection":["Sa\u00fade"],"inLanguage":"pt-BR","potentialAction":[{"@type":"CommentAction","name":"Comment","target":["https:\/\/www.tuasaude.com\/news\/2026\/09\/06\/dente-doi-com-agua-gelada-ou-cafe-quente-sensibilidade-tem-mais-de-uma-causa\/#respond"]}]},{"@type":"WebPage","@id":"https:\/\/www.tuasaude.com\/news\/2026\/09\/06\/dente-doi-com-agua-gelada-ou-cafe-quente-sensibilidade-tem-mais-de-uma-causa\/","url":"https:\/\/www.tuasaude.com\/news\/2026\/09\/06\/dente-doi-com-agua-gelada-ou-cafe-quente-sensibilidade-tem-mais-de-uma-causa\/","name":"Dente d\u00f3i com \u00e1gua gelada ou caf\u00e9 quente: sensibilidade tem mais de uma causa - Tua Sa\u00fade","isPartOf":{"@id":"https:\/\/www.tuasaude.com\/news\/#website"},"primaryImageOfPage":{"@id":"https:\/\/www.tuasaude.com\/news\/2026\/09\/06\/dente-doi-com-agua-gelada-ou-cafe-quente-sensibilidade-tem-mais-de-uma-causa\/#primaryimage"},"image":{"@id":"https:\/\/www.tuasaude.com\/news\/2026\/09\/06\/dente-doi-com-agua-gelada-ou-cafe-quente-sensibilidade-tem-mais-de-uma-causa\/#primaryimage"},"thumbnailUrl":"https:\/\/www.tuasaude.com\/news\/wp-content\/uploads\/2026\/09\/109025_dente-doi-com-agua-gelada-ou-cafe-quente-sensibilidade-tem-m_destaque.jpg","datePublished":"2026-09-06T21:20:00+00:00","author":{"@id":"https:\/\/www.tuasaude.com\/news\/#\/schema\/person\/963d63d4e1f0c81f5f3a70ba4bcb0ef7"},"description":"Dente sens\u00edvel ao frio ou calor pode ter causas como desgaste, retra\u00e7\u00e3o da gengiva ou c\u00e1rie. Veja cuidados e quando procurar um dentista.","breadcrumb":{"@id":"https:\/\/www.tuasaude.com\/news\/2026\/09\/06\/dente-doi-com-agua-gelada-ou-cafe-quente-sensibilidade-tem-mais-de-uma-causa\/#breadcrumb"},"inLanguage":"pt-BR","potentialAction":[{"@type":"ReadAction","target":["https:\/\/www.tuasaude.com\/news\/2026\/09\/06\/dente-doi-com-agua-gelada-ou-cafe-quente-sensibilidade-tem-mais-de-uma-causa\/"]}]},{"@type":"ImageObject","inLanguage":"pt-BR","@id":"https:\/\/www.tuasaude.com\/news\/2026\/09\/06\/dente-doi-com-agua-gelada-ou-cafe-quente-sensibilidade-tem-mais-de-uma-causa\/#primaryimage","url":"https:\/\/www.tuasaude.com\/news\/wp-content\/uploads\/2026\/09\/109025_dente-doi-com-agua-gelada-ou-cafe-quente-sensibilidade-tem-m_destaque.jpg","contentUrl":"https:\/\/www.tuasaude.com\/news\/wp-content\/uploads\/2026\/09\/109025_dente-doi-com-agua-gelada-ou-cafe-quente-sensibilidade-tem-m_destaque.jpg","width":1280,"height":714,"caption":"Dente sens\u00edvel ao frio ou calor pode causar uma fisgada r\u00e1pida e intensa."},{"@type":"BreadcrumbList","@id":"https:\/\/www.tuasaude.com\/news\/2026\/09\/06\/dente-doi-com-agua-gelada-ou-cafe-quente-sensibilidade-tem-mais-de-uma-causa\/#breadcrumb","itemListElement":[{"@type":"ListItem","position":1,"name":"In\u00edcio","item":"https:\/\/www.tuasaude.com\/news\/"},{"@type":"ListItem","position":2,"name":"Dente d\u00f3i com \u00e1gua gelada ou caf\u00e9 quente: sensibilidade tem mais de uma causa"}]},{"@type":"WebSite","@id":"https:\/\/www.tuasaude.com\/news\/#website","url":"https:\/\/www.tuasaude.com\/news\/","name":"Tua Sa\u00fade","description":"Seu site de sa\u00fade","potentialAction":[{"@type":"SearchAction","target":{"@type":"EntryPoint","urlTemplate":"https:\/\/www.tuasaude.com\/news\/?s={search_term_string}"},"query-input":{"@type":"PropertyValueSpecification","valueRequired":true,"valueName":"search_term_string"}}],"inLanguage":"pt-BR"},{"@type":"Person","@id":"https:\/\/www.tuasaude.com\/news\/#\/schema\/person\/963d63d4e1f0c81f5f3a70ba4bcb0ef7","name":"Jeferson Henrique","image":{"@type":"ImageObject","inLanguage":"pt-BR","@id":"https:\/\/www.tuasaude.com\/news\/#\/schema\/person\/image\/","url":"https:\/\/secure.gravatar.com\/avatar\/1a476a54a48eb3cdea5dd2f016708263892c6b9f5e54b641df7c65e980fd6f69?s=96&d=mm&r=g","contentUrl":"https:\/\/secure.gravatar.com\/avatar\/1a476a54a48eb3cdea5dd2f016708263892c6b9f5e54b641df7c65e980fd6f69?s=96&d=mm&r=g","caption":"Jeferson Henrique"},"sameAs":["https:\/\/www.tuasaude.com\/news\/"],"url":"https:\/\/www.tuasaude.com\/news\/author\/jeferson-henrique\/"}]}},"_links":{"self":[{"href":"https:\/\/www.tuasaude.com\/news\/wp-json\/wp\/v2\/posts\/109025","targetHints":{"allow":["GET"]}}],"collection":[{"href":"https:\/\/www.tuasaude.com\/news\/wp-json\/wp\/v2\/posts"}],"about":[{"href":"https:\/\/www.tuasaude.com\/news\/wp-json\/wp\/v2\/types\/post"}],"author":[{"embeddable":true,"href":"https:\/\/www.tuasaude.com\/news\/wp-json\/wp\/v2\/users\/12"}],"replies":[{"embeddable":true,"href":"https:\/\/www.tuasaude.com\/news\/wp-json\/wp\/v2\/comments?post=109025"}],"version-history":[{"count":1,"href":"https:\/\/www.tuasaude.com\/news\/wp-json\/wp\/v2\/posts\/109025\/revisions"}],"predecessor-version":[{"id":109029,"href":"https:\/\/www.tuasaude.com\/news\/wp-json\/wp\/v2\/posts\/109025\/revisions\/109029"}],"wp:featuredmedia":[{"embeddable":true,"href":"https:\/\/www.tuasaude.com\/news\/wp-json\/wp\/v2\/media\/109026"}],"wp:attachment":[{"href":"https:\/\/www.tuasaude.com\/news\/wp-json\/wp\/v2\/media?parent=109025"}],"wp:term":[{"taxonomy":"category","embeddable":true,"href":"https:\/\/www.tuasaude.com\/news\/wp-json\/wp\/v2\/categories?post=109025"},{"taxonomy":"post_tag","embeddable":true,"href":"https:\/\/www.tuasaude.com\/news\/wp-json\/wp\/v2\/tags?post=109025"}],"curies":[{"name":"wp","href":"https:\/\/api.w.org\/{rel}","templated":true}]}}