{"id":109005,"date":"2026-09-06T16:28:00","date_gmt":"2026-09-06T19:28:00","guid":{"rendered":"https:\/\/www.tuasaude.com\/news\/?p=109005"},"modified":"2026-09-05T11:41:27","modified_gmt":"2026-09-05T14:41:27","slug":"variedade-no-prato-tambem-importa-para-o-intestino-nao-e-so-contar-fibras","status":"publish","type":"post","link":"https:\/\/www.tuasaude.com\/news\/2026\/09\/06\/variedade-no-prato-tambem-importa-para-o-intestino-nao-e-so-contar-fibras\/","title":{"rendered":"Variedade no prato tamb\u00e9m importa para o intestino: n\u00e3o \u00e9 s\u00f3 contar fibras"},"content":{"rendered":"\n<p class=\"wp-block-paragraph\">Consumir fibras \u00e9 importante para o funcionamento intestinal, mas <strong>variedade alimentar<\/strong> tamb\u00e9m merece aten\u00e7\u00e3o. Frutas, legumes, gr\u00e3os, feij\u00f5es, sementes e castanhas fornecem tipos diferentes de fibras e compostos vegetais, que interagem de maneiras distintas com os microrganismos do intestino. Por isso, n\u00e3o existe um \u00fanico alimento capaz de cuidar sozinho da microbiota.<\/p>\n\n\n\n<h2 class=\"wp-block-heading\">Por que variar as fontes de fibras<\/h2>\n\n\n\n<p class=\"wp-block-paragraph\">As fibras n\u00e3o s\u00e3o todas iguais. Algumas s\u00e3o mais fermentadas pelas bact\u00e9rias intestinais, enquanto outras contribuem principalmente para aumentar o volume das fezes. Diferentes alimentos tamb\u00e9m oferecem vitaminas, minerais e compostos bioativos.<\/p>\n\n\n\n<p class=\"wp-block-paragraph\">O <a href=\"https:\/\/www.niddk.nih.gov\/health-information\/digestive-diseases\/constipation\/eating-diet-nutrition\" target=\"_blank\" rel=\"noopener noreferrer\">NIDDK<\/a> inclui entre as boas fontes de fibras os <strong>gr\u00e3os integrais, leguminosas, frutas, verduras e oleaginosas<\/strong>. O \u00f3rg\u00e3o tamb\u00e9m recomenda aumentar a ingest\u00e3o gradualmente para facilitar a adapta\u00e7\u00e3o do organismo.<\/p>\n\n\n\n<h2 class=\"wp-block-heading\">Como aumentar a variedade alimentar<\/h2>\n\n\n<div class=\"wp-block-image wp-block-image size-large\">\n<figure class=\"aligncenter\"><img decoding=\"async\" width=\"1280\" height=\"714\" src=\"https:\/\/www.tuasaude.com\/news\/wp-content\/uploads\/2026\/09\/109005_variedade-no-prato-tambem-importa-para-o-intestino-nao-e-so-_corpo.jpg\" alt=\"Diferentes alimentos fornecem fibras e compostos que interagem de formas variadas com a microbiota intestinal.\" class=\"wp-image-109007\" srcset=\"https:\/\/www.tuasaude.com\/news\/wp-content\/uploads\/2026\/09\/109005_variedade-no-prato-tambem-importa-para-o-intestino-nao-e-so-_corpo.jpg 1280w, https:\/\/www.tuasaude.com\/news\/wp-content\/uploads\/2026\/09\/109005_variedade-no-prato-tambem-importa-para-o-intestino-nao-e-so-_corpo-300x167.jpg 300w, https:\/\/www.tuasaude.com\/news\/wp-content\/uploads\/2026\/09\/109005_variedade-no-prato-tambem-importa-para-o-intestino-nao-e-so-_corpo-1024x571.jpg 1024w, https:\/\/www.tuasaude.com\/news\/wp-content\/uploads\/2026\/09\/109005_variedade-no-prato-tambem-importa-para-o-intestino-nao-e-so-_corpo-768x428.jpg 768w, https:\/\/www.tuasaude.com\/news\/wp-content\/uploads\/2026\/09\/109005_variedade-no-prato-tambem-importa-para-o-intestino-nao-e-so-_corpo-750x418.jpg 750w, https:\/\/www.tuasaude.com\/news\/wp-content\/uploads\/2026\/09\/109005_variedade-no-prato-tambem-importa-para-o-intestino-nao-e-so-_corpo-1140x636.jpg 1140w\" sizes=\"(max-width: 1280px) 100vw, 1280px\" \/><figcaption class=\"wp-element-caption\">Diferentes alimentos fornecem fibras e compostos que interagem de formas variadas com a microbiota intestinal.<\/figcaption><\/figure>\n<\/div>\n\n\n<p class=\"wp-block-paragraph\">N\u00e3o \u00e9 necess\u00e1rio transformar todas as refei\u00e7\u00f5es de uma vez. Pequenas trocas ao longo da semana j\u00e1 ajudam a ampliar os tipos de alimentos vegetais consumidos.<\/p>\n\n\n\n<ul class=\"wp-block-list\">\n<li>alternar feij\u00e3o, lentilha, ervilha e gr\u00e3o-de-bico;<\/li>\n<li>variar as frutas em vez de repetir sempre as mesmas;<\/li>\n<li>incluir legumes e verduras de diferentes tipos;<\/li>\n<li>alternar aveia, arroz integral e outros cereais;<\/li>\n<li>usar pequenas por\u00e7\u00f5es de sementes e castanhas.<\/li>\n<\/ul>\n\n\n\n<h2 class=\"wp-block-heading\">O que um estudo cient\u00edfico mostra<\/h2>\n\n\n\n<p class=\"wp-block-paragraph\">Segundo o estudo <a href=\"https:\/\/pubmed.ncbi.nlm.nih.gov\/36100971\/\" target=\"_blank\" rel=\"noopener noreferrer\"><em>Associations of dietary diversity with the gut microbiome, fecal metabolites, and host metabolism<\/em><\/a>, publicado no <em>American Journal of Clinical Nutrition<\/em> em 2022, maior diversidade alimentar esteve associada a <strong>maior diversidade da microbiota intestinal<\/strong>.<\/p>\n\n\n\n<p class=\"wp-block-paragraph\">A pesquisa analisou duas coortes chinesas e tamb\u00e9m identificou associa\u00e7\u00f5es entre variedade da dieta, determinados microrganismos e metab\u00f3litos intestinais. Como se trata de uma associa\u00e7\u00e3o, o resultado n\u00e3o permite afirmar que simplesmente aumentar o n\u00famero de alimentos provoque, sozinho, uma microbiota mais saud\u00e1vel.<\/p>\n\n\n\n<h2 class=\"wp-block-heading\">Como variar sem aumentar gases demais<\/h2>\n\n\n\n<p class=\"wp-block-paragraph\">Quem come poucas fibras pode sentir <strong>gases, estufamento ou desconforto abdominal<\/strong> ao aumentar rapidamente o consumo. Por isso, a mudan\u00e7a tende a ser mais bem tolerada quando \u00e9 gradual.<\/p>\n\n\n\n<ul class=\"wp-block-list\">\n<li>acrescente uma nova fonte de fibra por vez;<\/li>\n<li>aumente as quantidades aos poucos;<\/li>\n<li>mantenha ingest\u00e3o adequada de l\u00edquidos;<\/li>\n<li>observe quais alimentos provocam mais sintomas;<\/li>\n<li>evite excluir muitos grupos alimentares sem orienta\u00e7\u00e3o.<\/li>\n<\/ul>\n\n\n\n<p class=\"wp-block-paragraph\">Para conhecer op\u00e7\u00f5es de diferentes grupos, veja tamb\u00e9m os <a href=\"https:\/\/www.tuasaude.com\/alimentos-ricos-em-fibras\/\" target=\"_blank\" rel=\"noopener noreferrer\">alimentos ricos em fibras<\/a> que podem ser distribu\u00eddos ao longo das refei\u00e7\u00f5es.<\/p>\n\n\n<div class=\"wp-block-image wp-block-image size-large\">\n<figure class=\"aligncenter\"><img decoding=\"async\" width=\"1280\" height=\"575\" src=\"https:\/\/www.tuasaude.com\/news\/wp-content\/uploads\/2026\/09\/109005_variedade-no-prato-tambem-importa-para-o-intestino-nao-e-so-_tabela.jpg\" alt=\"Variedade no prato: 7 formas de cuidar do intestino al\u00e9m de contar fibras\" class=\"wp-image-109008\" srcset=\"https:\/\/www.tuasaude.com\/news\/wp-content\/uploads\/2026\/09\/109005_variedade-no-prato-tambem-importa-para-o-intestino-nao-e-so-_tabela.jpg 1280w, https:\/\/www.tuasaude.com\/news\/wp-content\/uploads\/2026\/09\/109005_variedade-no-prato-tambem-importa-para-o-intestino-nao-e-so-_tabela-300x135.jpg 300w, https:\/\/www.tuasaude.com\/news\/wp-content\/uploads\/2026\/09\/109005_variedade-no-prato-tambem-importa-para-o-intestino-nao-e-so-_tabela-1024x460.jpg 1024w, https:\/\/www.tuasaude.com\/news\/wp-content\/uploads\/2026\/09\/109005_variedade-no-prato-tambem-importa-para-o-intestino-nao-e-so-_tabela-768x345.jpg 768w, https:\/\/www.tuasaude.com\/news\/wp-content\/uploads\/2026\/09\/109005_variedade-no-prato-tambem-importa-para-o-intestino-nao-e-so-_tabela-750x337.jpg 750w, https:\/\/www.tuasaude.com\/news\/wp-content\/uploads\/2026\/09\/109005_variedade-no-prato-tambem-importa-para-o-intestino-nao-e-so-_tabela-1140x512.jpg 1140w\" sizes=\"(max-width: 1280px) 100vw, 1280px\" \/><figcaption class=\"wp-element-caption\">Variedade no prato: 7 formas de cuidar do intestino al\u00e9m de contar fibras<\/figcaption><\/figure>\n<\/div>\n\n\n<h2 class=\"wp-block-heading\">Quando a dieta precisa ser individualizada<\/h2>\n\n\n\n<p class=\"wp-block-paragraph\">Pessoas com s\u00edndrome do intestino irrit\u00e1vel, intoler\u00e2ncias ou outras doen\u00e7as digestivas podem n\u00e3o tolerar determinados alimentos, mesmo que sejam nutritivos. Nesses casos, <strong>mais variedade nem sempre significa aumentar tudo ao mesmo tempo<\/strong>, e restri\u00e7\u00f5es devem ser ajustadas de acordo com os sintomas.<\/p>\n\n\n\n<p class=\"wp-block-paragraph\">Dor abdominal intensa, perda de peso sem explica\u00e7\u00e3o, sangue nas fezes, v\u00f4mitos ou altera\u00e7\u00f5es intestinais persistentes justificam avalia\u00e7\u00e3o m\u00e9dica. Para a maioria das pessoas, a estrat\u00e9gia mais pr\u00e1tica \u00e9 diversificar os vegetais gradualmente e observar como o organismo responde.<\/p>\n\n\n\n<p class=\"wp-block-paragraph\"><strong>Este conte\u00fado \u00e9 apenas informativo e n\u00e3o substitui a avalia\u00e7\u00e3o, o diagn\u00f3stico ou a orienta\u00e7\u00e3o de um m\u00e9dico.<\/strong><\/p>\n","protected":false},"excerpt":{"rendered":"<p>Consumir fibras \u00e9 importante para o funcionamento intestinal, mas variedade alimentar tamb\u00e9m merece aten\u00e7\u00e3o. Frutas, legumes, gr\u00e3os, feij\u00f5es, sementes e castanhas fornecem tipos diferentes de fibras e compostos vegetais, que interagem de maneiras distintas com os microrganismos do intestino. Por isso, n\u00e3o existe um \u00fanico alimento capaz de cuidar sozinho da microbiota. Por que variar [&hellip;]<\/p>\n","protected":false},"author":12,"featured_media":109006,"comment_status":"open","ping_status":"open","sticky":false,"template":"","format":"standard","meta":{"_yoast_wpseo_focuskw":"variedade alimentar","_yoast_wpseo_title":"","_yoast_wpseo_metadesc":"Variedade alimentar ajuda a diversificar as fontes de fibras e nutrientes. Veja como ampliar a dieta aos poucos e cuidar melhor da microbiota intestinal.","jnews-multi-image_gallery":[],"jnews_single_post":[],"jnews_primary_category":[],"jnews_social_meta":[],"jnews_override_counter":[],"footnotes":""},"categories":[111],"tags":[6171,8553,1419],"class_list":["post-109005","post","type-post","status-publish","format-standard","has-post-thumbnail","hentry","category-saude","tag-diversidade-alimentar","tag-fontes-de-fibras","tag-microbiota-intestinal"],"yoast_head":"<!-- This site is optimized with the Yoast SEO plugin v26.7 - https:\/\/yoast.com\/wordpress\/plugins\/seo\/ -->\n<title>Variedade no prato tamb\u00e9m importa para o intestino: n\u00e3o \u00e9 s\u00f3 contar fibras - Tua Sa\u00fade<\/title>\n<meta name=\"description\" content=\"Variedade alimentar ajuda a diversificar as fontes de fibras e nutrientes. Veja como ampliar a dieta aos poucos e cuidar melhor da microbiota intestinal.\" \/>\n<meta name=\"robots\" content=\"index, follow, max-snippet:-1, max-image-preview:large, max-video-preview:-1\" \/>\n<link rel=\"canonical\" href=\"https:\/\/www.tuasaude.com\/news\/2026\/09\/06\/variedade-no-prato-tambem-importa-para-o-intestino-nao-e-so-contar-fibras\/\" \/>\n<meta property=\"og:locale\" content=\"pt_BR\" \/>\n<meta property=\"og:type\" content=\"article\" \/>\n<meta property=\"og:title\" content=\"Variedade no prato tamb\u00e9m importa para o intestino: n\u00e3o \u00e9 s\u00f3 contar fibras - Tua Sa\u00fade\" \/>\n<meta property=\"og:description\" content=\"Variedade alimentar ajuda a diversificar as fontes de fibras e nutrientes. Veja como ampliar a dieta aos poucos e cuidar melhor da microbiota intestinal.\" \/>\n<meta property=\"og:url\" content=\"https:\/\/www.tuasaude.com\/news\/2026\/09\/06\/variedade-no-prato-tambem-importa-para-o-intestino-nao-e-so-contar-fibras\/\" \/>\n<meta property=\"og:site_name\" content=\"Tua Sa\u00fade\" \/>\n<meta property=\"article:published_time\" content=\"2026-09-06T19:28:00+00:00\" \/>\n<meta property=\"og:image\" content=\"https:\/\/www.tuasaude.com\/news\/wp-content\/uploads\/2026\/09\/109005_variedade-no-prato-tambem-importa-para-o-intestino-nao-e-so-_destaque.jpg\" \/>\n\t<meta property=\"og:image:width\" content=\"1280\" \/>\n\t<meta property=\"og:image:height\" content=\"714\" \/>\n\t<meta property=\"og:image:type\" content=\"image\/jpeg\" \/>\n<meta name=\"author\" content=\"Jeferson Henrique\" \/>\n<meta name=\"twitter:card\" content=\"summary_large_image\" \/>\n<meta name=\"twitter:label1\" content=\"Escrito por\" \/>\n\t<meta name=\"twitter:data1\" content=\"Jeferson Henrique\" \/>\n\t<meta name=\"twitter:label2\" content=\"Est. tempo de leitura\" \/>\n\t<meta name=\"twitter:data2\" content=\"3 minutos\" \/>\n<!-- \/ Yoast SEO plugin. -->","yoast_head_json":{"title":"Variedade no prato tamb\u00e9m importa para o intestino: n\u00e3o \u00e9 s\u00f3 contar fibras - Tua Sa\u00fade","description":"Variedade alimentar ajuda a diversificar as fontes de fibras e nutrientes. Veja como ampliar a dieta aos poucos e cuidar melhor da microbiota intestinal.","robots":{"index":"index","follow":"follow","max-snippet":"max-snippet:-1","max-image-preview":"max-image-preview:large","max-video-preview":"max-video-preview:-1"},"canonical":"https:\/\/www.tuasaude.com\/news\/2026\/09\/06\/variedade-no-prato-tambem-importa-para-o-intestino-nao-e-so-contar-fibras\/","og_locale":"pt_BR","og_type":"article","og_title":"Variedade no prato tamb\u00e9m importa para o intestino: n\u00e3o \u00e9 s\u00f3 contar fibras - Tua Sa\u00fade","og_description":"Variedade alimentar ajuda a diversificar as fontes de fibras e nutrientes. Veja como ampliar a dieta aos poucos e cuidar melhor da microbiota intestinal.","og_url":"https:\/\/www.tuasaude.com\/news\/2026\/09\/06\/variedade-no-prato-tambem-importa-para-o-intestino-nao-e-so-contar-fibras\/","og_site_name":"Tua Sa\u00fade","article_published_time":"2026-09-06T19:28:00+00:00","og_image":[{"width":1280,"height":714,"url":"https:\/\/www.tuasaude.com\/news\/wp-content\/uploads\/2026\/09\/109005_variedade-no-prato-tambem-importa-para-o-intestino-nao-e-so-_destaque.jpg","type":"image\/jpeg"}],"author":"Jeferson Henrique","twitter_card":"summary_large_image","twitter_misc":{"Escrito por":"Jeferson Henrique","Est. tempo de leitura":"3 minutos"},"schema":{"@context":"https:\/\/schema.org","@graph":[{"@type":"Article","@id":"https:\/\/www.tuasaude.com\/news\/2026\/09\/06\/variedade-no-prato-tambem-importa-para-o-intestino-nao-e-so-contar-fibras\/#article","isPartOf":{"@id":"https:\/\/www.tuasaude.com\/news\/2026\/09\/06\/variedade-no-prato-tambem-importa-para-o-intestino-nao-e-so-contar-fibras\/"},"author":{"name":"Jeferson Henrique","@id":"https:\/\/www.tuasaude.com\/news\/#\/schema\/person\/963d63d4e1f0c81f5f3a70ba4bcb0ef7"},"headline":"Variedade no prato tamb\u00e9m importa para o intestino: n\u00e3o \u00e9 s\u00f3 contar fibras","datePublished":"2026-09-06T19:28:00+00:00","mainEntityOfPage":{"@id":"https:\/\/www.tuasaude.com\/news\/2026\/09\/06\/variedade-no-prato-tambem-importa-para-o-intestino-nao-e-so-contar-fibras\/"},"wordCount":559,"commentCount":0,"image":{"@id":"https:\/\/www.tuasaude.com\/news\/2026\/09\/06\/variedade-no-prato-tambem-importa-para-o-intestino-nao-e-so-contar-fibras\/#primaryimage"},"thumbnailUrl":"https:\/\/www.tuasaude.com\/news\/wp-content\/uploads\/2026\/09\/109005_variedade-no-prato-tambem-importa-para-o-intestino-nao-e-so-_destaque.jpg","keywords":["diversidade alimentar","fontes de fibras","microbiota intestinal"],"articleSection":["Sa\u00fade"],"inLanguage":"pt-BR","potentialAction":[{"@type":"CommentAction","name":"Comment","target":["https:\/\/www.tuasaude.com\/news\/2026\/09\/06\/variedade-no-prato-tambem-importa-para-o-intestino-nao-e-so-contar-fibras\/#respond"]}]},{"@type":"WebPage","@id":"https:\/\/www.tuasaude.com\/news\/2026\/09\/06\/variedade-no-prato-tambem-importa-para-o-intestino-nao-e-so-contar-fibras\/","url":"https:\/\/www.tuasaude.com\/news\/2026\/09\/06\/variedade-no-prato-tambem-importa-para-o-intestino-nao-e-so-contar-fibras\/","name":"Variedade no prato tamb\u00e9m importa para o intestino: n\u00e3o \u00e9 s\u00f3 contar fibras - Tua Sa\u00fade","isPartOf":{"@id":"https:\/\/www.tuasaude.com\/news\/#website"},"primaryImageOfPage":{"@id":"https:\/\/www.tuasaude.com\/news\/2026\/09\/06\/variedade-no-prato-tambem-importa-para-o-intestino-nao-e-so-contar-fibras\/#primaryimage"},"image":{"@id":"https:\/\/www.tuasaude.com\/news\/2026\/09\/06\/variedade-no-prato-tambem-importa-para-o-intestino-nao-e-so-contar-fibras\/#primaryimage"},"thumbnailUrl":"https:\/\/www.tuasaude.com\/news\/wp-content\/uploads\/2026\/09\/109005_variedade-no-prato-tambem-importa-para-o-intestino-nao-e-so-_destaque.jpg","datePublished":"2026-09-06T19:28:00+00:00","author":{"@id":"https:\/\/www.tuasaude.com\/news\/#\/schema\/person\/963d63d4e1f0c81f5f3a70ba4bcb0ef7"},"description":"Variedade alimentar ajuda a diversificar as fontes de fibras e nutrientes. Veja como ampliar a dieta aos poucos e cuidar melhor da microbiota intestinal.","breadcrumb":{"@id":"https:\/\/www.tuasaude.com\/news\/2026\/09\/06\/variedade-no-prato-tambem-importa-para-o-intestino-nao-e-so-contar-fibras\/#breadcrumb"},"inLanguage":"pt-BR","potentialAction":[{"@type":"ReadAction","target":["https:\/\/www.tuasaude.com\/news\/2026\/09\/06\/variedade-no-prato-tambem-importa-para-o-intestino-nao-e-so-contar-fibras\/"]}]},{"@type":"ImageObject","inLanguage":"pt-BR","@id":"https:\/\/www.tuasaude.com\/news\/2026\/09\/06\/variedade-no-prato-tambem-importa-para-o-intestino-nao-e-so-contar-fibras\/#primaryimage","url":"https:\/\/www.tuasaude.com\/news\/wp-content\/uploads\/2026\/09\/109005_variedade-no-prato-tambem-importa-para-o-intestino-nao-e-so-_destaque.jpg","contentUrl":"https:\/\/www.tuasaude.com\/news\/wp-content\/uploads\/2026\/09\/109005_variedade-no-prato-tambem-importa-para-o-intestino-nao-e-so-_destaque.jpg","width":1280,"height":714,"caption":"Variar os alimentos vegetais ajuda a oferecer diferentes tipos de fibras e nutrientes ao intestino."},{"@type":"BreadcrumbList","@id":"https:\/\/www.tuasaude.com\/news\/2026\/09\/06\/variedade-no-prato-tambem-importa-para-o-intestino-nao-e-so-contar-fibras\/#breadcrumb","itemListElement":[{"@type":"ListItem","position":1,"name":"In\u00edcio","item":"https:\/\/www.tuasaude.com\/news\/"},{"@type":"ListItem","position":2,"name":"Variedade no prato tamb\u00e9m importa para o intestino: n\u00e3o \u00e9 s\u00f3 contar fibras"}]},{"@type":"WebSite","@id":"https:\/\/www.tuasaude.com\/news\/#website","url":"https:\/\/www.tuasaude.com\/news\/","name":"Tua Sa\u00fade","description":"Seu site de sa\u00fade","potentialAction":[{"@type":"SearchAction","target":{"@type":"EntryPoint","urlTemplate":"https:\/\/www.tuasaude.com\/news\/?s={search_term_string}"},"query-input":{"@type":"PropertyValueSpecification","valueRequired":true,"valueName":"search_term_string"}}],"inLanguage":"pt-BR"},{"@type":"Person","@id":"https:\/\/www.tuasaude.com\/news\/#\/schema\/person\/963d63d4e1f0c81f5f3a70ba4bcb0ef7","name":"Jeferson Henrique","image":{"@type":"ImageObject","inLanguage":"pt-BR","@id":"https:\/\/www.tuasaude.com\/news\/#\/schema\/person\/image\/","url":"https:\/\/secure.gravatar.com\/avatar\/1a476a54a48eb3cdea5dd2f016708263892c6b9f5e54b641df7c65e980fd6f69?s=96&d=mm&r=g","contentUrl":"https:\/\/secure.gravatar.com\/avatar\/1a476a54a48eb3cdea5dd2f016708263892c6b9f5e54b641df7c65e980fd6f69?s=96&d=mm&r=g","caption":"Jeferson Henrique"},"sameAs":["https:\/\/www.tuasaude.com\/news\/"],"url":"https:\/\/www.tuasaude.com\/news\/author\/jeferson-henrique\/"}]}},"_links":{"self":[{"href":"https:\/\/www.tuasaude.com\/news\/wp-json\/wp\/v2\/posts\/109005","targetHints":{"allow":["GET"]}}],"collection":[{"href":"https:\/\/www.tuasaude.com\/news\/wp-json\/wp\/v2\/posts"}],"about":[{"href":"https:\/\/www.tuasaude.com\/news\/wp-json\/wp\/v2\/types\/post"}],"author":[{"embeddable":true,"href":"https:\/\/www.tuasaude.com\/news\/wp-json\/wp\/v2\/users\/12"}],"replies":[{"embeddable":true,"href":"https:\/\/www.tuasaude.com\/news\/wp-json\/wp\/v2\/comments?post=109005"}],"version-history":[{"count":1,"href":"https:\/\/www.tuasaude.com\/news\/wp-json\/wp\/v2\/posts\/109005\/revisions"}],"predecessor-version":[{"id":109009,"href":"https:\/\/www.tuasaude.com\/news\/wp-json\/wp\/v2\/posts\/109005\/revisions\/109009"}],"wp:featuredmedia":[{"embeddable":true,"href":"https:\/\/www.tuasaude.com\/news\/wp-json\/wp\/v2\/media\/109006"}],"wp:attachment":[{"href":"https:\/\/www.tuasaude.com\/news\/wp-json\/wp\/v2\/media?parent=109005"}],"wp:term":[{"taxonomy":"category","embeddable":true,"href":"https:\/\/www.tuasaude.com\/news\/wp-json\/wp\/v2\/categories?post=109005"},{"taxonomy":"post_tag","embeddable":true,"href":"https:\/\/www.tuasaude.com\/news\/wp-json\/wp\/v2\/tags?post=109005"}],"curies":[{"name":"wp","href":"https:\/\/api.w.org\/{rel}","templated":true}]}}