{"id":108938,"date":"2026-09-06T08:40:00","date_gmt":"2026-09-06T11:40:00","guid":{"rendered":"https:\/\/www.tuasaude.com\/news\/?p=108938"},"modified":"2026-09-05T11:02:36","modified_gmt":"2026-09-05T14:02:36","slug":"visao-parece-ficar-atras-de-uma-nevoa-quando-pensar-em-catarata","status":"publish","type":"post","link":"https:\/\/www.tuasaude.com\/news\/2026\/09\/06\/visao-parece-ficar-atras-de-uma-nevoa-quando-pensar-em-catarata\/","title":{"rendered":"Vis\u00e3o parece ficar atr\u00e1s de uma n\u00e9voa: quando pensar em catarata"},"content":{"rendered":"\n<p class=\"wp-block-paragraph\">A sensa\u00e7\u00e3o de <strong>vis\u00e3o com n\u00e9voa<\/strong>, como se houvesse um vidro emba\u00e7ado diante dos olhos, pode ser um sinal de catarata quando aparece de forma gradual e piora com o tempo. A altera\u00e7\u00e3o tamb\u00e9m pode aumentar o inc\u00f4modo com luzes e dificultar a vis\u00e3o \u00e0 noite, mas somente o exame oftalmol\u00f3gico consegue confirmar a causa.<\/p>\n\n\n\n<h2 class=\"wp-block-heading\">Como \u00e9 a vis\u00e3o de quem tem catarata<\/h2>\n\n\n\n<p class=\"wp-block-paragraph\">A catarata acontece quando o cristalino, lente natural que ajuda a focar a luz dentro do olho, perde transpar\u00eancia. Com isso, a imagem pode ficar <strong>emba\u00e7ada, opaca ou com menos contraste<\/strong>, geralmente sem dor e com progress\u00e3o lenta.<\/p>\n\n\n\n<p class=\"wp-block-paragraph\">Segundo a <a href=\"https:\/\/eyewiki.aao.org\/Cataract\" target=\"_blank\" rel=\"noopener noreferrer\">American Academy of Ophthalmology<\/a>, tamb\u00e9m podem ocorrer dificuldade para enxergar em ambientes pouco iluminados, halos ao redor das luzes, maior ofuscamento e redu\u00e7\u00e3o da percep\u00e7\u00e3o das cores.<\/p>\n\n\n\n<h2 class=\"wp-block-heading\">Quais sinais aumentam a suspeita<\/h2>\n\n\n<div class=\"wp-block-image wp-block-image size-large\">\n<figure class=\"aligncenter\"><img decoding=\"async\" width=\"1280\" height=\"714\" src=\"https:\/\/www.tuasaude.com\/news\/wp-content\/uploads\/2026\/09\/108938_visao-parece-ficar-atras-de-uma-nevoa-quando-pensar-em-catar_corpo.jpg\" alt=\"Na catarata, o cristalino perde transpar\u00eancia e pode deixar a vis\u00e3o emba\u00e7ada e com menos contraste.\" class=\"wp-image-108940\" srcset=\"https:\/\/www.tuasaude.com\/news\/wp-content\/uploads\/2026\/09\/108938_visao-parece-ficar-atras-de-uma-nevoa-quando-pensar-em-catar_corpo.jpg 1280w, https:\/\/www.tuasaude.com\/news\/wp-content\/uploads\/2026\/09\/108938_visao-parece-ficar-atras-de-uma-nevoa-quando-pensar-em-catar_corpo-300x167.jpg 300w, https:\/\/www.tuasaude.com\/news\/wp-content\/uploads\/2026\/09\/108938_visao-parece-ficar-atras-de-uma-nevoa-quando-pensar-em-catar_corpo-1024x571.jpg 1024w, https:\/\/www.tuasaude.com\/news\/wp-content\/uploads\/2026\/09\/108938_visao-parece-ficar-atras-de-uma-nevoa-quando-pensar-em-catar_corpo-768x428.jpg 768w, https:\/\/www.tuasaude.com\/news\/wp-content\/uploads\/2026\/09\/108938_visao-parece-ficar-atras-de-uma-nevoa-quando-pensar-em-catar_corpo-750x418.jpg 750w, https:\/\/www.tuasaude.com\/news\/wp-content\/uploads\/2026\/09\/108938_visao-parece-ficar-atras-de-uma-nevoa-quando-pensar-em-catar_corpo-1140x636.jpg 1140w\" sizes=\"(max-width: 1280px) 100vw, 1280px\" \/><figcaption class=\"wp-element-caption\">Na catarata, o cristalino perde transpar\u00eancia e pode deixar a vis\u00e3o emba\u00e7ada e com menos contraste.<\/figcaption><\/figure>\n<\/div>\n\n\n<p class=\"wp-block-paragraph\">A catarata pode afetar um ou os dois olhos e nem sempre \u00e9 percebida logo no in\u00edcio. Alguns sinais que costumam chamar aten\u00e7\u00e3o s\u00e3o:<\/p>\n\n\n\n<ul class=\"wp-block-list\">\n<li><strong>vis\u00e3o turva ou com apar\u00eancia de n\u00e9voa<\/strong> que piora progressivamente;<\/li>\n<li>maior sensibilidade a far\u00f3is, sol e outras luzes fortes;<\/li>\n<li>dificuldade para dirigir ou enxergar bem \u00e0 noite;<\/li>\n<li>cores que parecem menos vivas ou mais amareladas;<\/li>\n<li>mudan\u00e7as frequentes no grau dos \u00f3culos.<\/li>\n<\/ul>\n\n\n\n<h2 class=\"wp-block-heading\">O que uma revis\u00e3o cient\u00edfica mostra<\/h2>\n\n\n\n<p class=\"wp-block-paragraph\">Segundo a revis\u00e3o <a href=\"https:\/\/pubmed.ncbi.nlm.nih.gov\/40227658\/\" target=\"_blank\" rel=\"noopener noreferrer\"><em>Cataracts: A Review<\/em><\/a>, publicada no <em>JAMA<\/em> em 2025, a catarata relacionada \u00e0 idade provoca tipicamente <strong>emba\u00e7amento progressivo e indolor da vis\u00e3o<\/strong> e aumento do ofuscamento.<\/p>\n\n\n\n<p class=\"wp-block-paragraph\">A revis\u00e3o tamb\u00e9m destaca que o diagn\u00f3stico \u00e9 feito por meio do exame dos olhos. Isso \u00e9 importante porque vis\u00e3o turva pode ocorrer em outras condi\u00e7\u00f5es, e o sintoma isoladamente n\u00e3o permite diferenciar catarata de altera\u00e7\u00f5es da c\u00f3rnea, retina ou do pr\u00f3prio grau dos \u00f3culos.<\/p>\n\n\n\n<h2 class=\"wp-block-heading\">Quando procurar um oftalmologista<\/h2>\n\n\n\n<p class=\"wp-block-paragraph\">Vale marcar uma consulta quando a <strong>vis\u00e3o com n\u00e9voa persiste ou piora<\/strong>, especialmente se come\u00e7a a atrapalhar leitura, dire\u00e7\u00e3o, reconhecimento de rostos ou outras atividades. O oftalmologista consegue examinar o cristalino e avaliar se existe catarata e quanto ela interfere na vis\u00e3o.<\/p>\n\n\n\n<ul class=\"wp-block-list\">\n<li>perda gradual da nitidez que n\u00e3o melhora com \u00f3culos;<\/li>\n<li>ofuscamento cada vez maior \u00e0 noite;<\/li>\n<li>dificuldade crescente nas tarefas do dia a dia;<\/li>\n<li>necessidade frequente de mudar a receita dos \u00f3culos.<\/li>\n<\/ul>\n\n\n\n<p class=\"wp-block-paragraph\">Mais informa\u00e7\u00f5es sobre sintomas, causas e tratamento podem ser consultadas no conte\u00fado sobre <a href=\"https:\/\/www.tuasaude.com\/catarata\/\" target=\"_blank\" rel=\"noopener noreferrer\">catarata<\/a>.<\/p>\n\n\n<div class=\"wp-block-image wp-block-image size-large\">\n<figure class=\"aligncenter\"><img decoding=\"async\" width=\"1280\" height=\"575\" src=\"https:\/\/www.tuasaude.com\/news\/wp-content\/uploads\/2026\/09\/108938_visao-parece-ficar-atras-de-uma-nevoa-quando-pensar-em-catar_tabela.jpg\" alt=\"Vis\u00e3o com n\u00e9voa: 7 sinais que podem indicar catarata\" class=\"wp-image-108941\" srcset=\"https:\/\/www.tuasaude.com\/news\/wp-content\/uploads\/2026\/09\/108938_visao-parece-ficar-atras-de-uma-nevoa-quando-pensar-em-catar_tabela.jpg 1280w, https:\/\/www.tuasaude.com\/news\/wp-content\/uploads\/2026\/09\/108938_visao-parece-ficar-atras-de-uma-nevoa-quando-pensar-em-catar_tabela-300x135.jpg 300w, https:\/\/www.tuasaude.com\/news\/wp-content\/uploads\/2026\/09\/108938_visao-parece-ficar-atras-de-uma-nevoa-quando-pensar-em-catar_tabela-1024x460.jpg 1024w, https:\/\/www.tuasaude.com\/news\/wp-content\/uploads\/2026\/09\/108938_visao-parece-ficar-atras-de-uma-nevoa-quando-pensar-em-catar_tabela-768x345.jpg 768w, https:\/\/www.tuasaude.com\/news\/wp-content\/uploads\/2026\/09\/108938_visao-parece-ficar-atras-de-uma-nevoa-quando-pensar-em-catar_tabela-750x337.jpg 750w, https:\/\/www.tuasaude.com\/news\/wp-content\/uploads\/2026\/09\/108938_visao-parece-ficar-atras-de-uma-nevoa-quando-pensar-em-catar_tabela-1140x512.jpg 1140w\" sizes=\"(max-width: 1280px) 100vw, 1280px\" \/><figcaption class=\"wp-element-caption\">Vis\u00e3o com n\u00e9voa: 7 sinais que podem indicar catarata<\/figcaption><\/figure>\n<\/div>\n\n\n<h2 class=\"wp-block-heading\">Quando a vis\u00e3o turva \u00e9 uma urg\u00eancia<\/h2>\n\n\n\n<p class=\"wp-block-paragraph\">A catarata costuma evoluir lentamente. Por isso, <strong>perda s\u00fabita da vis\u00e3o, dor ocular intensa, flashes de luz, aparecimento repentino de muitas manchas na vis\u00e3o ou vermelhid\u00e3o importante<\/strong> n\u00e3o devem ser atribu\u00eddos automaticamente \u00e0 catarata e precisam de avalia\u00e7\u00e3o r\u00e1pida.<\/p>\n\n\n\n<p class=\"wp-block-paragraph\">Quando confirmada, a catarata pode ser acompanhada enquanto causa pouco impacto e tratada cirurgicamente quando passa a limitar atividades importantes. A decis\u00e3o depende dos sintomas e da avalia\u00e7\u00e3o individual feita pelo oftalmologista.<\/p>\n\n\n\n<p class=\"wp-block-paragraph\"><strong>Este conte\u00fado \u00e9 apenas informativo e n\u00e3o substitui a avalia\u00e7\u00e3o, o diagn\u00f3stico ou a orienta\u00e7\u00e3o de um m\u00e9dico.<\/strong><\/p>\n","protected":false},"excerpt":{"rendered":"<p>A sensa\u00e7\u00e3o de vis\u00e3o com n\u00e9voa, como se houvesse um vidro emba\u00e7ado diante dos olhos, pode ser um sinal de catarata quando aparece de forma gradual e piora com o tempo. A altera\u00e7\u00e3o tamb\u00e9m pode aumentar o inc\u00f4modo com luzes e dificultar a vis\u00e3o \u00e0 noite, mas somente o exame oftalmol\u00f3gico consegue confirmar a causa. [&hellip;]<\/p>\n","protected":false},"author":12,"featured_media":108939,"comment_status":"open","ping_status":"open","sticky":false,"template":"","format":"standard","meta":{"_yoast_wpseo_focuskw":"vis\u00e3o com n\u00e9voa","_yoast_wpseo_title":"","_yoast_wpseo_metadesc":"Vis\u00e3o com n\u00e9voa pode ser sinal de catarata quando piora gradualmente. Veja os principais sintomas e quando procurar avalia\u00e7\u00e3o com oftalmologista.","jnews-multi-image_gallery":[],"jnews_single_post":{"format":"standard"},"jnews_primary_category":[],"jnews_social_meta":[],"jnews_override_counter":[],"footnotes":""},"categories":[111],"tags":[1304,12179,2651],"class_list":["post-108938","post","type-post","status-publish","format-standard","has-post-thumbnail","hentry","category-saude","tag-catarata","tag-cristalino-opaco","tag-visao-embacada"],"yoast_head":"<!-- This site is optimized with the Yoast SEO plugin v26.7 - https:\/\/yoast.com\/wordpress\/plugins\/seo\/ -->\n<title>Vis\u00e3o parece ficar atr\u00e1s de uma n\u00e9voa: quando pensar em catarata - Tua Sa\u00fade<\/title>\n<meta name=\"description\" content=\"Vis\u00e3o com n\u00e9voa pode ser sinal de catarata quando piora gradualmente. Veja os principais sintomas e quando procurar avalia\u00e7\u00e3o com oftalmologista.\" \/>\n<meta name=\"robots\" content=\"index, follow, max-snippet:-1, max-image-preview:large, max-video-preview:-1\" \/>\n<link rel=\"canonical\" href=\"https:\/\/www.tuasaude.com\/news\/2026\/09\/06\/visao-parece-ficar-atras-de-uma-nevoa-quando-pensar-em-catarata\/\" \/>\n<meta property=\"og:locale\" content=\"pt_BR\" \/>\n<meta property=\"og:type\" content=\"article\" \/>\n<meta property=\"og:title\" content=\"Vis\u00e3o parece ficar atr\u00e1s de uma n\u00e9voa: quando pensar em catarata - Tua Sa\u00fade\" \/>\n<meta property=\"og:description\" content=\"Vis\u00e3o com n\u00e9voa pode ser sinal de catarata quando piora gradualmente. Veja os principais sintomas e quando procurar avalia\u00e7\u00e3o com oftalmologista.\" \/>\n<meta property=\"og:url\" content=\"https:\/\/www.tuasaude.com\/news\/2026\/09\/06\/visao-parece-ficar-atras-de-uma-nevoa-quando-pensar-em-catarata\/\" \/>\n<meta property=\"og:site_name\" content=\"Tua Sa\u00fade\" \/>\n<meta property=\"article:published_time\" content=\"2026-09-06T11:40:00+00:00\" \/>\n<meta property=\"og:image\" content=\"https:\/\/www.tuasaude.com\/news\/wp-content\/uploads\/2026\/09\/108938_visao-parece-ficar-atras-de-uma-nevoa-quando-pensar-em-catar_destaque.jpg\" \/>\n\t<meta property=\"og:image:width\" content=\"1280\" \/>\n\t<meta property=\"og:image:height\" content=\"714\" \/>\n\t<meta property=\"og:image:type\" content=\"image\/jpeg\" \/>\n<meta name=\"author\" content=\"Jeferson Henrique\" \/>\n<meta name=\"twitter:card\" content=\"summary_large_image\" \/>\n<meta name=\"twitter:label1\" content=\"Escrito por\" \/>\n\t<meta name=\"twitter:data1\" content=\"Jeferson Henrique\" \/>\n\t<meta name=\"twitter:label2\" content=\"Est. tempo de leitura\" \/>\n\t<meta name=\"twitter:data2\" content=\"3 minutos\" \/>\n<!-- \/ Yoast SEO plugin. -->","yoast_head_json":{"title":"Vis\u00e3o parece ficar atr\u00e1s de uma n\u00e9voa: quando pensar em catarata - Tua Sa\u00fade","description":"Vis\u00e3o com n\u00e9voa pode ser sinal de catarata quando piora gradualmente. Veja os principais sintomas e quando procurar avalia\u00e7\u00e3o com oftalmologista.","robots":{"index":"index","follow":"follow","max-snippet":"max-snippet:-1","max-image-preview":"max-image-preview:large","max-video-preview":"max-video-preview:-1"},"canonical":"https:\/\/www.tuasaude.com\/news\/2026\/09\/06\/visao-parece-ficar-atras-de-uma-nevoa-quando-pensar-em-catarata\/","og_locale":"pt_BR","og_type":"article","og_title":"Vis\u00e3o parece ficar atr\u00e1s de uma n\u00e9voa: quando pensar em catarata - Tua Sa\u00fade","og_description":"Vis\u00e3o com n\u00e9voa pode ser sinal de catarata quando piora gradualmente. Veja os principais sintomas e quando procurar avalia\u00e7\u00e3o com oftalmologista.","og_url":"https:\/\/www.tuasaude.com\/news\/2026\/09\/06\/visao-parece-ficar-atras-de-uma-nevoa-quando-pensar-em-catarata\/","og_site_name":"Tua Sa\u00fade","article_published_time":"2026-09-06T11:40:00+00:00","og_image":[{"width":1280,"height":714,"url":"https:\/\/www.tuasaude.com\/news\/wp-content\/uploads\/2026\/09\/108938_visao-parece-ficar-atras-de-uma-nevoa-quando-pensar-em-catar_destaque.jpg","type":"image\/jpeg"}],"author":"Jeferson Henrique","twitter_card":"summary_large_image","twitter_misc":{"Escrito por":"Jeferson Henrique","Est. tempo de leitura":"3 minutos"},"schema":{"@context":"https:\/\/schema.org","@graph":[{"@type":"Article","@id":"https:\/\/www.tuasaude.com\/news\/2026\/09\/06\/visao-parece-ficar-atras-de-uma-nevoa-quando-pensar-em-catarata\/#article","isPartOf":{"@id":"https:\/\/www.tuasaude.com\/news\/2026\/09\/06\/visao-parece-ficar-atras-de-uma-nevoa-quando-pensar-em-catarata\/"},"author":{"name":"Jeferson Henrique","@id":"https:\/\/www.tuasaude.com\/news\/#\/schema\/person\/963d63d4e1f0c81f5f3a70ba4bcb0ef7"},"headline":"Vis\u00e3o parece ficar atr\u00e1s de uma n\u00e9voa: quando pensar em catarata","datePublished":"2026-09-06T11:40:00+00:00","mainEntityOfPage":{"@id":"https:\/\/www.tuasaude.com\/news\/2026\/09\/06\/visao-parece-ficar-atras-de-uma-nevoa-quando-pensar-em-catarata\/"},"wordCount":561,"commentCount":0,"image":{"@id":"https:\/\/www.tuasaude.com\/news\/2026\/09\/06\/visao-parece-ficar-atras-de-uma-nevoa-quando-pensar-em-catarata\/#primaryimage"},"thumbnailUrl":"https:\/\/www.tuasaude.com\/news\/wp-content\/uploads\/2026\/09\/108938_visao-parece-ficar-atras-de-uma-nevoa-quando-pensar-em-catar_destaque.jpg","keywords":["catarata","cristalino opaco","vis\u00e3o emba\u00e7ada"],"articleSection":["Sa\u00fade"],"inLanguage":"pt-BR","potentialAction":[{"@type":"CommentAction","name":"Comment","target":["https:\/\/www.tuasaude.com\/news\/2026\/09\/06\/visao-parece-ficar-atras-de-uma-nevoa-quando-pensar-em-catarata\/#respond"]}]},{"@type":"WebPage","@id":"https:\/\/www.tuasaude.com\/news\/2026\/09\/06\/visao-parece-ficar-atras-de-uma-nevoa-quando-pensar-em-catarata\/","url":"https:\/\/www.tuasaude.com\/news\/2026\/09\/06\/visao-parece-ficar-atras-de-uma-nevoa-quando-pensar-em-catarata\/","name":"Vis\u00e3o parece ficar atr\u00e1s de uma n\u00e9voa: quando pensar em catarata - Tua Sa\u00fade","isPartOf":{"@id":"https:\/\/www.tuasaude.com\/news\/#website"},"primaryImageOfPage":{"@id":"https:\/\/www.tuasaude.com\/news\/2026\/09\/06\/visao-parece-ficar-atras-de-uma-nevoa-quando-pensar-em-catarata\/#primaryimage"},"image":{"@id":"https:\/\/www.tuasaude.com\/news\/2026\/09\/06\/visao-parece-ficar-atras-de-uma-nevoa-quando-pensar-em-catarata\/#primaryimage"},"thumbnailUrl":"https:\/\/www.tuasaude.com\/news\/wp-content\/uploads\/2026\/09\/108938_visao-parece-ficar-atras-de-uma-nevoa-quando-pensar-em-catar_destaque.jpg","datePublished":"2026-09-06T11:40:00+00:00","author":{"@id":"https:\/\/www.tuasaude.com\/news\/#\/schema\/person\/963d63d4e1f0c81f5f3a70ba4bcb0ef7"},"description":"Vis\u00e3o com n\u00e9voa pode ser sinal de catarata quando piora gradualmente. Veja os principais sintomas e quando procurar avalia\u00e7\u00e3o com oftalmologista.","breadcrumb":{"@id":"https:\/\/www.tuasaude.com\/news\/2026\/09\/06\/visao-parece-ficar-atras-de-uma-nevoa-quando-pensar-em-catarata\/#breadcrumb"},"inLanguage":"pt-BR","potentialAction":[{"@type":"ReadAction","target":["https:\/\/www.tuasaude.com\/news\/2026\/09\/06\/visao-parece-ficar-atras-de-uma-nevoa-quando-pensar-em-catarata\/"]}]},{"@type":"ImageObject","inLanguage":"pt-BR","@id":"https:\/\/www.tuasaude.com\/news\/2026\/09\/06\/visao-parece-ficar-atras-de-uma-nevoa-quando-pensar-em-catarata\/#primaryimage","url":"https:\/\/www.tuasaude.com\/news\/wp-content\/uploads\/2026\/09\/108938_visao-parece-ficar-atras-de-uma-nevoa-quando-pensar-em-catar_destaque.jpg","contentUrl":"https:\/\/www.tuasaude.com\/news\/wp-content\/uploads\/2026\/09\/108938_visao-parece-ficar-atras-de-uma-nevoa-quando-pensar-em-catar_destaque.jpg","width":1280,"height":714,"caption":"Vis\u00e3o com apar\u00eancia de n\u00e9voa e piora gradual pode ser um sinal de catarata."},{"@type":"BreadcrumbList","@id":"https:\/\/www.tuasaude.com\/news\/2026\/09\/06\/visao-parece-ficar-atras-de-uma-nevoa-quando-pensar-em-catarata\/#breadcrumb","itemListElement":[{"@type":"ListItem","position":1,"name":"In\u00edcio","item":"https:\/\/www.tuasaude.com\/news\/"},{"@type":"ListItem","position":2,"name":"Vis\u00e3o parece ficar atr\u00e1s de uma n\u00e9voa: quando pensar em catarata"}]},{"@type":"WebSite","@id":"https:\/\/www.tuasaude.com\/news\/#website","url":"https:\/\/www.tuasaude.com\/news\/","name":"Tua Sa\u00fade","description":"Seu site de sa\u00fade","potentialAction":[{"@type":"SearchAction","target":{"@type":"EntryPoint","urlTemplate":"https:\/\/www.tuasaude.com\/news\/?s={search_term_string}"},"query-input":{"@type":"PropertyValueSpecification","valueRequired":true,"valueName":"search_term_string"}}],"inLanguage":"pt-BR"},{"@type":"Person","@id":"https:\/\/www.tuasaude.com\/news\/#\/schema\/person\/963d63d4e1f0c81f5f3a70ba4bcb0ef7","name":"Jeferson Henrique","image":{"@type":"ImageObject","inLanguage":"pt-BR","@id":"https:\/\/www.tuasaude.com\/news\/#\/schema\/person\/image\/","url":"https:\/\/secure.gravatar.com\/avatar\/1a476a54a48eb3cdea5dd2f016708263892c6b9f5e54b641df7c65e980fd6f69?s=96&d=mm&r=g","contentUrl":"https:\/\/secure.gravatar.com\/avatar\/1a476a54a48eb3cdea5dd2f016708263892c6b9f5e54b641df7c65e980fd6f69?s=96&d=mm&r=g","caption":"Jeferson Henrique"},"sameAs":["https:\/\/www.tuasaude.com\/news\/"],"url":"https:\/\/www.tuasaude.com\/news\/author\/jeferson-henrique\/"}]}},"_links":{"self":[{"href":"https:\/\/www.tuasaude.com\/news\/wp-json\/wp\/v2\/posts\/108938","targetHints":{"allow":["GET"]}}],"collection":[{"href":"https:\/\/www.tuasaude.com\/news\/wp-json\/wp\/v2\/posts"}],"about":[{"href":"https:\/\/www.tuasaude.com\/news\/wp-json\/wp\/v2\/types\/post"}],"author":[{"embeddable":true,"href":"https:\/\/www.tuasaude.com\/news\/wp-json\/wp\/v2\/users\/12"}],"replies":[{"embeddable":true,"href":"https:\/\/www.tuasaude.com\/news\/wp-json\/wp\/v2\/comments?post=108938"}],"version-history":[{"count":1,"href":"https:\/\/www.tuasaude.com\/news\/wp-json\/wp\/v2\/posts\/108938\/revisions"}],"predecessor-version":[{"id":108942,"href":"https:\/\/www.tuasaude.com\/news\/wp-json\/wp\/v2\/posts\/108938\/revisions\/108942"}],"wp:featuredmedia":[{"embeddable":true,"href":"https:\/\/www.tuasaude.com\/news\/wp-json\/wp\/v2\/media\/108939"}],"wp:attachment":[{"href":"https:\/\/www.tuasaude.com\/news\/wp-json\/wp\/v2\/media?parent=108938"}],"wp:term":[{"taxonomy":"category","embeddable":true,"href":"https:\/\/www.tuasaude.com\/news\/wp-json\/wp\/v2\/categories?post=108938"},{"taxonomy":"post_tag","embeddable":true,"href":"https:\/\/www.tuasaude.com\/news\/wp-json\/wp\/v2\/tags?post=108938"}],"curies":[{"name":"wp","href":"https:\/\/api.w.org\/{rel}","templated":true}]}}