{"id":108901,"date":"2026-09-05T13:25:00","date_gmt":"2026-09-05T16:25:00","guid":{"rendered":"https:\/\/www.tuasaude.com\/news\/?p=108901"},"modified":"2026-09-05T10:53:02","modified_gmt":"2026-09-05T13:53:02","slug":"ferritina-baixa-e-anemia-sao-a-mesma-coisa-entenda-a-diferenca-nos-exames","status":"publish","type":"post","link":"https:\/\/www.tuasaude.com\/news\/2026\/09\/05\/ferritina-baixa-e-anemia-sao-a-mesma-coisa-entenda-a-diferenca-nos-exames\/","title":{"rendered":"Ferritina baixa e anemia s\u00e3o a mesma coisa? Entenda a diferen\u00e7a nos exames"},"content":{"rendered":"\n<p class=\"wp-block-paragraph\">N\u00e3o, ferritina baixa e anemia n\u00e3o s\u00e3o a mesma condi\u00e7\u00e3o, embora estejam diretamente ligadas. A ferritina reflete a reserva de ferro do organismo, enquanto a anemia \u00e9 definida pela queda da hemoglobina, prote\u00edna que transporta oxig\u00eanio no sangue. Uma pessoa pode ter reservas esgotadas e ainda apresentar hemograma dentro da normalidade, o que costuma passar despercebido em avalia\u00e7\u00f5es r\u00e1pidas. Entender o que cada exame mede \u00e9 o primeiro passo para interpretar o resultado sem tirar conclus\u00f5es precipitadas.<\/p>\n\n\n\n<h2 class=\"wp-block-heading\">O que a ferritina realmente mostra?<\/h2>\n\n\n\n<p class=\"wp-block-paragraph\">A ferritina \u00e9 uma prote\u00edna que armazena o ferro dentro das c\u00e9lulas e funciona como uma despensa do organismo. Quando seus n\u00edveis caem, significa que essa reserva est\u00e1 diminuindo, mesmo que ainda haja ferro circulante suficiente para as fun\u00e7\u00f5es essenciais.<\/p>\n\n\n\n<p class=\"wp-block-paragraph\">Por isso, a ferritina \u00e9 considerada o marcador mais precoce de defici\u00eancia de ferro. Ela costuma se alterar meses ou at\u00e9 anos antes de a hemoglobina apresentar qualquer queda, o que a torna uma ferramenta valiosa no rastreio inicial.<\/p>\n\n\n\n<h2 class=\"wp-block-heading\">Como a anemia \u00e9 definida pelo hemograma?<\/h2>\n\n\n\n<p class=\"wp-block-paragraph\">A anemia \u00e9 diagnosticada quando os valores de hemoglobina, hemat\u00f3crito ou gl\u00f3bulos vermelhos ficam abaixo dos par\u00e2metros de refer\u00eancia, avaliados pelo <a href=\"https:\/\/www.tuasaude.com\/hemograma\/\" target=\"_blank\" rel=\"noreferrer noopener\">hemograma completo<\/a>. J\u00e1 a anemia ferropriva, tipo mais comum, ocorre quando essa queda decorre especificamente da falta de ferro para produzir hemoglobina.<\/p>\n\n\n\n<p class=\"wp-block-paragraph\">Ou seja, a anemia representa um est\u00e1gio mais avan\u00e7ado do problema, em que as reservas j\u00e1 est\u00e3o esgotadas h\u00e1 tempo suficiente para comprometer a produ\u00e7\u00e3o das hem\u00e1cias e o transporte de oxig\u00eanio pelo corpo.<\/p>\n\n\n<div class=\"wp-block-image\">\n<figure class=\"aligncenter size-large\"><img decoding=\"async\" width=\"1024\" height=\"571\" src=\"https:\/\/www.tuasaude.com\/news\/wp-content\/uploads\/2026\/09\/Medical_infographic_about_iron_d\u2026_202609051052-1024x571.jpg\" alt=\"Ferritina mede reservas; hemoglobina baixa indica quando a defici\u00eancia j\u00e1 causou anemia.\" class=\"wp-image-108920\" srcset=\"https:\/\/www.tuasaude.com\/news\/wp-content\/uploads\/2026\/09\/Medical_infographic_about_iron_d\u2026_202609051052-1024x571.jpg 1024w, https:\/\/www.tuasaude.com\/news\/wp-content\/uploads\/2026\/09\/Medical_infographic_about_iron_d\u2026_202609051052-300x167.jpg 300w, https:\/\/www.tuasaude.com\/news\/wp-content\/uploads\/2026\/09\/Medical_infographic_about_iron_d\u2026_202609051052-768x428.jpg 768w, https:\/\/www.tuasaude.com\/news\/wp-content\/uploads\/2026\/09\/Medical_infographic_about_iron_d\u2026_202609051052-750x418.jpg 750w, https:\/\/www.tuasaude.com\/news\/wp-content\/uploads\/2026\/09\/Medical_infographic_about_iron_d\u2026_202609051052-1140x636.jpg 1140w, https:\/\/www.tuasaude.com\/news\/wp-content\/uploads\/2026\/09\/Medical_infographic_about_iron_d\u2026_202609051052.jpg 1280w\" sizes=\"(max-width: 1024px) 100vw, 1024px\" \/><figcaption class=\"wp-element-caption\">Ferritina mede reservas; hemoglobina baixa indica quando a defici\u00eancia j\u00e1 causou anemia.<\/figcaption><\/figure>\n<\/div>\n\n\n<h2 class=\"wp-block-heading\">Como um estudo cient\u00edfico comprova a diferen\u00e7a entre os dois quadros?<\/h2>\n\n\n\n<p class=\"wp-block-paragraph\">A distin\u00e7\u00e3o entre reserva baixa de ferro e anemia instalada j\u00e1 foi documentada em pesquisas populacionais robustas. Segundo o estudo <a href=\"https:\/\/jamanetwork.com\/journals\/jama\/fullarticle\/2806540\" target=\"_blank\" rel=\"noreferrer noopener\">Prevalence of Iron Deficiency and Iron-Deficiency Anemia in US Females Aged 12-21 Years 2003-2020<\/a>, uma pesquisa publicada na revista cient\u00edfica JAMA, cerca de 40% das jovens avaliadas apresentavam defici\u00eancia de ferro, mas apenas 6% tinham anemia ferropriva confirmada.<\/p>\n\n\n\n<p class=\"wp-block-paragraph\">Os autores destacam que a maioria absoluta das participantes com ferritina baixa n\u00e3o preenchia crit\u00e9rios de anemia, o que refor\u00e7a a import\u00e2ncia de avaliar os dois marcadores em conjunto para n\u00e3o subestimar a real dimens\u00e3o do problema.<\/p>\n\n\n\n<h2 class=\"wp-block-heading\">Quais fatores podem alterar a ferritina sem indicar falta de ferro?<\/h2>\n\n\n\n<p class=\"wp-block-paragraph\">Nem toda ferritina alterada representa defici\u00eancia ou excesso real de ferro, pois ela tamb\u00e9m funciona como marcador de inflama\u00e7\u00e3o. Antes de interpretar o resultado, vale considerar vari\u00e1veis que podem distorcer o valor real.<\/p>\n\n\n\n<ul class=\"wp-block-list\">\n<li><strong>Inflama\u00e7\u00f5es cr\u00f4nicas<\/strong> e infec\u00e7\u00f5es recentes, que elevam falsamente a ferritina<\/li>\n\n\n\n<li>Obesidade e s\u00edndrome metab\u00f3lica<\/li>\n\n\n\n<li>Doen\u00e7as hep\u00e1ticas, como esteatose e hepatite<\/li>\n\n\n\n<li>Consumo excessivo de \u00e1lcool<\/li>\n\n\n\n<li>Uso de determinados medicamentos<\/li>\n\n\n\n<li>Gesta\u00e7\u00e3o, menstrua\u00e7\u00e3o intensa e per\u00edodo de amamenta\u00e7\u00e3o<\/li>\n<\/ul>\n\n\n\n<p class=\"wp-block-paragraph\">Nesses cen\u00e1rios, o m\u00e9dico costuma solicitar exames complementares, como <a href=\"https:\/\/www.tuasaude.com\/indice-de-saturacao-da-transferrina\/\" target=\"_blank\" rel=\"noreferrer noopener\">\u00edndice de satura\u00e7\u00e3o da transferrina<\/a>, ferro s\u00e9rico e marcadores inflamat\u00f3rios, para entender o contexto por tr\u00e1s do n\u00famero isolado.<\/p>\n\n\n<div class=\"wp-block-image\">\n<figure class=\"aligncenter size-large\"><img decoding=\"async\" width=\"1024\" height=\"571\" src=\"https:\/\/www.tuasaude.com\/news\/wp-content\/uploads\/2026\/09\/Woman_reviewing_lab_results_with\u2026_202609051052-1024x571.jpg\" alt=\"Defici\u00eancia de ferro pode existir por meses antes de evoluir para anemia.\" class=\"wp-image-108921\" srcset=\"https:\/\/www.tuasaude.com\/news\/wp-content\/uploads\/2026\/09\/Woman_reviewing_lab_results_with\u2026_202609051052-1024x571.jpg 1024w, https:\/\/www.tuasaude.com\/news\/wp-content\/uploads\/2026\/09\/Woman_reviewing_lab_results_with\u2026_202609051052-300x167.jpg 300w, https:\/\/www.tuasaude.com\/news\/wp-content\/uploads\/2026\/09\/Woman_reviewing_lab_results_with\u2026_202609051052-768x428.jpg 768w, https:\/\/www.tuasaude.com\/news\/wp-content\/uploads\/2026\/09\/Woman_reviewing_lab_results_with\u2026_202609051052-750x418.jpg 750w, https:\/\/www.tuasaude.com\/news\/wp-content\/uploads\/2026\/09\/Woman_reviewing_lab_results_with\u2026_202609051052-1140x636.jpg 1140w, https:\/\/www.tuasaude.com\/news\/wp-content\/uploads\/2026\/09\/Woman_reviewing_lab_results_with\u2026_202609051052.jpg 1280w\" sizes=\"(max-width: 1024px) 100vw, 1024px\" \/><figcaption class=\"wp-element-caption\">Defici\u00eancia de ferro pode existir por meses antes de evoluir para anemia.<\/figcaption><\/figure>\n<\/div>\n\n\n<h2 class=\"wp-block-heading\">Por que investigar a causa \u00e9 mais importante que suplementar?<\/h2>\n\n\n\n<p class=\"wp-block-paragraph\">Cansa\u00e7o, queda de cabelo e falta de foco costumam ser atribu\u00eddos automaticamente \u00e0 falta de ferro, mas t\u00eam dezenas de causas poss\u00edveis. Iniciar suplementa\u00e7\u00e3o por conta pr\u00f3pria pode mascarar o problema real e trazer riscos \u00e0 sa\u00fade. A investiga\u00e7\u00e3o adequada costuma incluir:<\/p>\n\n\n\n<ol class=\"wp-block-list\">\n<li>Confirmar a ferritina baixa em novo exame, junto ao hemograma<\/li>\n\n\n\n<li>Avaliar ferro s\u00e9rico, <a href=\"https:\/\/www.tuasaude.com\/transferrina-baixa\/\" target=\"_blank\" rel=\"noreferrer noopener\">transferrina<\/a> e satura\u00e7\u00e3o para compor o perfil do ferro<\/li>\n\n\n\n<li>Descartar inflama\u00e7\u00e3o com marcadores como prote\u00edna C reativa<\/li>\n\n\n\n<li>Buscar causas de perda, como fluxo menstrual intenso ou sangramentos digestivos<\/li>\n\n\n\n<li>Investigar dificuldade de absor\u00e7\u00e3o intestinal em casos persistentes<\/li>\n<\/ol>\n\n\n\n<p class=\"wp-block-paragraph\">Diante de qualquer altera\u00e7\u00e3o na ferritina, no hemograma ou de sintomas persistentes, o mais indicado \u00e9 procurar um cl\u00ednico geral ou hematologista para interpreta\u00e7\u00e3o individualizada dos exames, identifica\u00e7\u00e3o da causa e defini\u00e7\u00e3o do tratamento adequado.<\/p>\n\n\n\n<p class=\"wp-block-paragraph\"><em>Este conte\u00fado tem car\u00e1ter apenas informativo e n\u00e3o substitui a avalia\u00e7\u00e3o, o diagn\u00f3stico ou o tratamento realizados por um profissional de sa\u00fade qualificado.<\/em><\/p>\n","protected":false},"excerpt":{"rendered":"<p>N\u00e3o, ferritina baixa e anemia n\u00e3o s\u00e3o a mesma condi\u00e7\u00e3o, embora estejam diretamente ligadas. A ferritina reflete a reserva de ferro do organismo, enquanto a anemia \u00e9 definida pela queda da hemoglobina, prote\u00edna que transporta oxig\u00eanio no sangue. Uma pessoa pode ter reservas esgotadas e ainda apresentar hemograma dentro da normalidade, o que costuma passar [&hellip;]<\/p>\n","protected":false},"author":11,"featured_media":108919,"comment_status":"open","ping_status":"open","sticky":false,"template":"","format":"standard","meta":{"_yoast_wpseo_focuskw":"ferritina baixa","_yoast_wpseo_title":"","_yoast_wpseo_metadesc":"Ferritina baixa pode aparecer antes da anemia e passar despercebida no hemograma. Entenda a diferen\u00e7a entre reserva de ferro e queda da hemoglobina.","jnews-multi-image_gallery":[],"jnews_single_post":{"format":"standard"},"jnews_primary_category":[],"jnews_social_meta":[],"jnews_override_counter":[],"footnotes":""},"categories":[111],"tags":[227,1593,4106,136],"class_list":["post-108901","post","type-post","status-publish","format-standard","has-post-thumbnail","hentry","category-saude","tag-anemia","tag-exames","tag-ferritina-baixa","tag-saude"],"yoast_head":"<!-- This site is optimized with the Yoast SEO plugin v26.7 - https:\/\/yoast.com\/wordpress\/plugins\/seo\/ -->\n<title>Ferritina baixa e anemia s\u00e3o a mesma coisa? Entenda a diferen\u00e7a nos exames - Tua Sa\u00fade<\/title>\n<meta name=\"description\" content=\"Ferritina baixa pode aparecer antes da anemia e passar despercebida no hemograma. Entenda a diferen\u00e7a entre reserva de ferro e queda da hemoglobina.\" \/>\n<meta name=\"robots\" content=\"index, follow, max-snippet:-1, max-image-preview:large, max-video-preview:-1\" \/>\n<link rel=\"canonical\" href=\"https:\/\/www.tuasaude.com\/news\/2026\/09\/05\/ferritina-baixa-e-anemia-sao-a-mesma-coisa-entenda-a-diferenca-nos-exames\/\" \/>\n<meta property=\"og:locale\" content=\"pt_BR\" \/>\n<meta property=\"og:type\" content=\"article\" \/>\n<meta property=\"og:title\" content=\"Ferritina baixa e anemia s\u00e3o a mesma coisa? Entenda a diferen\u00e7a nos exames - Tua Sa\u00fade\" \/>\n<meta property=\"og:description\" content=\"Ferritina baixa pode aparecer antes da anemia e passar despercebida no hemograma. Entenda a diferen\u00e7a entre reserva de ferro e queda da hemoglobina.\" \/>\n<meta property=\"og:url\" content=\"https:\/\/www.tuasaude.com\/news\/2026\/09\/05\/ferritina-baixa-e-anemia-sao-a-mesma-coisa-entenda-a-diferenca-nos-exames\/\" \/>\n<meta property=\"og:site_name\" content=\"Tua Sa\u00fade\" \/>\n<meta property=\"article:published_time\" content=\"2026-09-05T16:25:00+00:00\" \/>\n<meta property=\"og:image\" content=\"https:\/\/www.tuasaude.com\/news\/wp-content\/uploads\/2026\/09\/Man_displaying_iron_deficiency_p\u2026_202609051052.jpg\" \/>\n\t<meta property=\"og:image:width\" content=\"1280\" \/>\n\t<meta property=\"og:image:height\" content=\"714\" \/>\n\t<meta property=\"og:image:type\" content=\"image\/jpeg\" \/>\n<meta name=\"author\" content=\"Gessika Julia Carvalho\" \/>\n<meta name=\"twitter:card\" content=\"summary_large_image\" \/>\n<meta name=\"twitter:label1\" content=\"Escrito por\" \/>\n\t<meta name=\"twitter:data1\" content=\"Gessika Julia Carvalho\" \/>\n\t<meta name=\"twitter:label2\" content=\"Est. tempo de leitura\" \/>\n\t<meta name=\"twitter:data2\" content=\"5 minutos\" \/>\n<!-- \/ Yoast SEO plugin. -->","yoast_head_json":{"title":"Ferritina baixa e anemia s\u00e3o a mesma coisa? Entenda a diferen\u00e7a nos exames - Tua Sa\u00fade","description":"Ferritina baixa pode aparecer antes da anemia e passar despercebida no hemograma. Entenda a diferen\u00e7a entre reserva de ferro e queda da hemoglobina.","robots":{"index":"index","follow":"follow","max-snippet":"max-snippet:-1","max-image-preview":"max-image-preview:large","max-video-preview":"max-video-preview:-1"},"canonical":"https:\/\/www.tuasaude.com\/news\/2026\/09\/05\/ferritina-baixa-e-anemia-sao-a-mesma-coisa-entenda-a-diferenca-nos-exames\/","og_locale":"pt_BR","og_type":"article","og_title":"Ferritina baixa e anemia s\u00e3o a mesma coisa? Entenda a diferen\u00e7a nos exames - Tua Sa\u00fade","og_description":"Ferritina baixa pode aparecer antes da anemia e passar despercebida no hemograma. Entenda a diferen\u00e7a entre reserva de ferro e queda da hemoglobina.","og_url":"https:\/\/www.tuasaude.com\/news\/2026\/09\/05\/ferritina-baixa-e-anemia-sao-a-mesma-coisa-entenda-a-diferenca-nos-exames\/","og_site_name":"Tua Sa\u00fade","article_published_time":"2026-09-05T16:25:00+00:00","og_image":[{"width":1280,"height":714,"url":"https:\/\/www.tuasaude.com\/news\/wp-content\/uploads\/2026\/09\/Man_displaying_iron_deficiency_p\u2026_202609051052.jpg","type":"image\/jpeg"}],"author":"Gessika Julia Carvalho","twitter_card":"summary_large_image","twitter_misc":{"Escrito por":"Gessika Julia Carvalho","Est. tempo de leitura":"5 minutos"},"schema":{"@context":"https:\/\/schema.org","@graph":[{"@type":"Article","@id":"https:\/\/www.tuasaude.com\/news\/2026\/09\/05\/ferritina-baixa-e-anemia-sao-a-mesma-coisa-entenda-a-diferenca-nos-exames\/#article","isPartOf":{"@id":"https:\/\/www.tuasaude.com\/news\/2026\/09\/05\/ferritina-baixa-e-anemia-sao-a-mesma-coisa-entenda-a-diferenca-nos-exames\/"},"author":{"name":"Gessika Julia Carvalho","@id":"https:\/\/www.tuasaude.com\/news\/#\/schema\/person\/2e9df841be69ec84f5d20ddb8d273ac2"},"headline":"Ferritina baixa e anemia s\u00e3o a mesma coisa? Entenda a diferen\u00e7a nos exames","datePublished":"2026-09-05T16:25:00+00:00","mainEntityOfPage":{"@id":"https:\/\/www.tuasaude.com\/news\/2026\/09\/05\/ferritina-baixa-e-anemia-sao-a-mesma-coisa-entenda-a-diferenca-nos-exames\/"},"wordCount":728,"commentCount":0,"image":{"@id":"https:\/\/www.tuasaude.com\/news\/2026\/09\/05\/ferritina-baixa-e-anemia-sao-a-mesma-coisa-entenda-a-diferenca-nos-exames\/#primaryimage"},"thumbnailUrl":"https:\/\/www.tuasaude.com\/news\/wp-content\/uploads\/2026\/09\/Man_displaying_iron_deficiency_p\u2026_202609051052.jpg","keywords":["anemia","exames","ferritina baixa","sa\u00fade"],"articleSection":["Sa\u00fade"],"inLanguage":"pt-BR","potentialAction":[{"@type":"CommentAction","name":"Comment","target":["https:\/\/www.tuasaude.com\/news\/2026\/09\/05\/ferritina-baixa-e-anemia-sao-a-mesma-coisa-entenda-a-diferenca-nos-exames\/#respond"]}]},{"@type":"WebPage","@id":"https:\/\/www.tuasaude.com\/news\/2026\/09\/05\/ferritina-baixa-e-anemia-sao-a-mesma-coisa-entenda-a-diferenca-nos-exames\/","url":"https:\/\/www.tuasaude.com\/news\/2026\/09\/05\/ferritina-baixa-e-anemia-sao-a-mesma-coisa-entenda-a-diferenca-nos-exames\/","name":"Ferritina baixa e anemia s\u00e3o a mesma coisa? Entenda a diferen\u00e7a nos exames - Tua Sa\u00fade","isPartOf":{"@id":"https:\/\/www.tuasaude.com\/news\/#website"},"primaryImageOfPage":{"@id":"https:\/\/www.tuasaude.com\/news\/2026\/09\/05\/ferritina-baixa-e-anemia-sao-a-mesma-coisa-entenda-a-diferenca-nos-exames\/#primaryimage"},"image":{"@id":"https:\/\/www.tuasaude.com\/news\/2026\/09\/05\/ferritina-baixa-e-anemia-sao-a-mesma-coisa-entenda-a-diferenca-nos-exames\/#primaryimage"},"thumbnailUrl":"https:\/\/www.tuasaude.com\/news\/wp-content\/uploads\/2026\/09\/Man_displaying_iron_deficiency_p\u2026_202609051052.jpg","datePublished":"2026-09-05T16:25:00+00:00","author":{"@id":"https:\/\/www.tuasaude.com\/news\/#\/schema\/person\/2e9df841be69ec84f5d20ddb8d273ac2"},"description":"Ferritina baixa pode aparecer antes da anemia e passar despercebida no hemograma. Entenda a diferen\u00e7a entre reserva de ferro e queda da hemoglobina.","breadcrumb":{"@id":"https:\/\/www.tuasaude.com\/news\/2026\/09\/05\/ferritina-baixa-e-anemia-sao-a-mesma-coisa-entenda-a-diferenca-nos-exames\/#breadcrumb"},"inLanguage":"pt-BR","potentialAction":[{"@type":"ReadAction","target":["https:\/\/www.tuasaude.com\/news\/2026\/09\/05\/ferritina-baixa-e-anemia-sao-a-mesma-coisa-entenda-a-diferenca-nos-exames\/"]}]},{"@type":"ImageObject","inLanguage":"pt-BR","@id":"https:\/\/www.tuasaude.com\/news\/2026\/09\/05\/ferritina-baixa-e-anemia-sao-a-mesma-coisa-entenda-a-diferenca-nos-exames\/#primaryimage","url":"https:\/\/www.tuasaude.com\/news\/wp-content\/uploads\/2026\/09\/Man_displaying_iron_deficiency_p\u2026_202609051052.jpg","contentUrl":"https:\/\/www.tuasaude.com\/news\/wp-content\/uploads\/2026\/09\/Man_displaying_iron_deficiency_p\u2026_202609051052.jpg","width":1280,"height":714,"caption":"Ferritina baixa e anemia s\u00e3o a mesma coisa? Entenda a diferen\u00e7a nos exames"},{"@type":"BreadcrumbList","@id":"https:\/\/www.tuasaude.com\/news\/2026\/09\/05\/ferritina-baixa-e-anemia-sao-a-mesma-coisa-entenda-a-diferenca-nos-exames\/#breadcrumb","itemListElement":[{"@type":"ListItem","position":1,"name":"In\u00edcio","item":"https:\/\/www.tuasaude.com\/news\/"},{"@type":"ListItem","position":2,"name":"Ferritina baixa e anemia s\u00e3o a mesma coisa? Entenda a diferen\u00e7a nos exames"}]},{"@type":"WebSite","@id":"https:\/\/www.tuasaude.com\/news\/#website","url":"https:\/\/www.tuasaude.com\/news\/","name":"Tua Sa\u00fade","description":"Seu site de sa\u00fade","potentialAction":[{"@type":"SearchAction","target":{"@type":"EntryPoint","urlTemplate":"https:\/\/www.tuasaude.com\/news\/?s={search_term_string}"},"query-input":{"@type":"PropertyValueSpecification","valueRequired":true,"valueName":"search_term_string"}}],"inLanguage":"pt-BR"},{"@type":"Person","@id":"https:\/\/www.tuasaude.com\/news\/#\/schema\/person\/2e9df841be69ec84f5d20ddb8d273ac2","name":"Gessika Julia Carvalho","image":{"@type":"ImageObject","inLanguage":"pt-BR","@id":"https:\/\/www.tuasaude.com\/news\/#\/schema\/person\/image\/","url":"https:\/\/secure.gravatar.com\/avatar\/0fcc8769024577fd0bc6a8b766055690f76a8e8f29dfb2a2f89cf04db8d0f2d2?s=96&d=mm&r=g","contentUrl":"https:\/\/secure.gravatar.com\/avatar\/0fcc8769024577fd0bc6a8b766055690f76a8e8f29dfb2a2f89cf04db8d0f2d2?s=96&d=mm&r=g","caption":"Gessika Julia Carvalho"},"sameAs":["https:\/\/www.tuasaude.com\/news\/"],"url":"https:\/\/www.tuasaude.com\/news\/author\/gessika-julia\/"}]}},"_links":{"self":[{"href":"https:\/\/www.tuasaude.com\/news\/wp-json\/wp\/v2\/posts\/108901","targetHints":{"allow":["GET"]}}],"collection":[{"href":"https:\/\/www.tuasaude.com\/news\/wp-json\/wp\/v2\/posts"}],"about":[{"href":"https:\/\/www.tuasaude.com\/news\/wp-json\/wp\/v2\/types\/post"}],"author":[{"embeddable":true,"href":"https:\/\/www.tuasaude.com\/news\/wp-json\/wp\/v2\/users\/11"}],"replies":[{"embeddable":true,"href":"https:\/\/www.tuasaude.com\/news\/wp-json\/wp\/v2\/comments?post=108901"}],"version-history":[{"count":1,"href":"https:\/\/www.tuasaude.com\/news\/wp-json\/wp\/v2\/posts\/108901\/revisions"}],"predecessor-version":[{"id":108922,"href":"https:\/\/www.tuasaude.com\/news\/wp-json\/wp\/v2\/posts\/108901\/revisions\/108922"}],"wp:featuredmedia":[{"embeddable":true,"href":"https:\/\/www.tuasaude.com\/news\/wp-json\/wp\/v2\/media\/108919"}],"wp:attachment":[{"href":"https:\/\/www.tuasaude.com\/news\/wp-json\/wp\/v2\/media?parent=108901"}],"wp:term":[{"taxonomy":"category","embeddable":true,"href":"https:\/\/www.tuasaude.com\/news\/wp-json\/wp\/v2\/categories?post=108901"},{"taxonomy":"post_tag","embeddable":true,"href":"https:\/\/www.tuasaude.com\/news\/wp-json\/wp\/v2\/tags?post=108901"}],"curies":[{"name":"wp","href":"https:\/\/api.w.org\/{rel}","templated":true}]}}