{"id":108874,"date":"2026-09-05T20:40:00","date_gmt":"2026-09-05T23:40:00","guid":{"rendered":"https:\/\/www.tuasaude.com\/news\/?p=108874"},"modified":"2026-09-05T10:43:41","modified_gmt":"2026-09-05T13:43:41","slug":"calor-intenso-pode-piorar-a-asma-e-deixar-a-respiracao-mais-dificil","status":"publish","type":"post","link":"https:\/\/www.tuasaude.com\/news\/2026\/09\/05\/calor-intenso-pode-piorar-a-asma-e-deixar-a-respiracao-mais-dificil\/","title":{"rendered":"Calor intenso pode piorar a asma e deixar a respira\u00e7\u00e3o mais dif\u00edcil"},"content":{"rendered":"\n<p class=\"wp-block-paragraph\">Sim. A rela\u00e7\u00e3o entre <strong>calor e asma<\/strong> merece aten\u00e7\u00e3o porque temperaturas muito altas e umidade podem favorecer tosse, chiado, aperto no peito e falta de ar em algumas pessoas. O risco pode aumentar quando o calor vem acompanhado de polui\u00e7\u00e3o, oz\u00f4nio ou outros irritantes que tornam as vias respirat\u00f3rias mais sens\u00edveis.<\/p>\n\n\n\n<h2 class=\"wp-block-heading\">Por que o calor pode piorar a asma<\/h2>\n\n\n\n<p class=\"wp-block-paragraph\">Quem tem asma apresenta vias a\u00e9reas inflamadas e mais reativas a determinados est\u00edmulos. O ar muito quente, seco ou \u00famido pode funcionar como gatilho e provocar <strong>estreitamento dos br\u00f4nquios<\/strong>, dificultando a passagem do ar.<\/p>\n\n\n\n<p class=\"wp-block-paragraph\">A <a href=\"https:\/\/www.lung.org\/clean-air\/emergencies-and-natural-disasters\/extreme-heat\" target=\"_blank\" rel=\"noopener noreferrer\">American Lung Association<\/a> alerta que o calor e a umidade tamb\u00e9m podem favorecer maior exposi\u00e7\u00e3o a poluentes e oz\u00f4nio, capazes de irritar as vias respirat\u00f3rias e desencadear sintomas em pessoas com asma.<\/p>\n\n\n\n<h2 class=\"wp-block-heading\">Como reduzir os gatilhos nos dias quentes<\/h2>\n\n\n<div class=\"wp-block-image wp-block-image size-large\">\n<figure class=\"aligncenter\"><img decoding=\"async\" width=\"1280\" height=\"714\" src=\"https:\/\/www.tuasaude.com\/news\/wp-content\/uploads\/2026\/09\/108874_calor-forte-piora-a-respiracao-quem-tem-asma-pode-sentir-pri_corpo.jpg\" alt=\"Calor extremo pode aumentar a irrita\u00e7\u00e3o das vias respirat\u00f3rias e favorecer crises de asma.\" class=\"wp-image-108876\" srcset=\"https:\/\/www.tuasaude.com\/news\/wp-content\/uploads\/2026\/09\/108874_calor-forte-piora-a-respiracao-quem-tem-asma-pode-sentir-pri_corpo.jpg 1280w, https:\/\/www.tuasaude.com\/news\/wp-content\/uploads\/2026\/09\/108874_calor-forte-piora-a-respiracao-quem-tem-asma-pode-sentir-pri_corpo-300x167.jpg 300w, https:\/\/www.tuasaude.com\/news\/wp-content\/uploads\/2026\/09\/108874_calor-forte-piora-a-respiracao-quem-tem-asma-pode-sentir-pri_corpo-1024x571.jpg 1024w, https:\/\/www.tuasaude.com\/news\/wp-content\/uploads\/2026\/09\/108874_calor-forte-piora-a-respiracao-quem-tem-asma-pode-sentir-pri_corpo-768x428.jpg 768w, https:\/\/www.tuasaude.com\/news\/wp-content\/uploads\/2026\/09\/108874_calor-forte-piora-a-respiracao-quem-tem-asma-pode-sentir-pri_corpo-750x418.jpg 750w, https:\/\/www.tuasaude.com\/news\/wp-content\/uploads\/2026\/09\/108874_calor-forte-piora-a-respiracao-quem-tem-asma-pode-sentir-pri_corpo-1140x636.jpg 1140w\" sizes=\"(max-width: 1280px) 100vw, 1280px\" \/><figcaption class=\"wp-element-caption\">Calor extremo pode aumentar a irrita\u00e7\u00e3o das vias respirat\u00f3rias e favorecer crises de asma.<\/figcaption><\/figure>\n<\/div>\n\n\n<p class=\"wp-block-paragraph\">N\u00e3o \u00e9 necess\u00e1rio abandonar as atividades habituais, mas algumas adapta\u00e7\u00f5es podem diminuir a exposi\u00e7\u00e3o aos fatores que pioram a respira\u00e7\u00e3o durante per\u00edodos de calor intenso:<\/p>\n\n\n\n<ul class=\"wp-block-list\">\n<li>evitar exerc\u00edcios intensos nas <strong>horas mais quentes<\/strong> do dia;<\/li>\n<li>acompanhar alertas de calor e qualidade do ar;<\/li>\n<li>manter boa hidrata\u00e7\u00e3o ao longo do dia;<\/li>\n<li>evitar fuma\u00e7a, poeira e outros irritantes conhecidos;<\/li>\n<li>seguir o plano de controle da asma e manter os medicamentos prescritos.<\/li>\n<\/ul>\n\n\n\n<h2 class=\"wp-block-heading\">O que um estudo sobre calor e asma mostrou<\/h2>\n\n\n\n<p class=\"wp-block-paragraph\">Segundo o estudo <a href=\"https:\/\/pubmed.ncbi.nlm.nih.gov\/42100719\/\" target=\"_blank\" rel=\"noopener noreferrer\"><em>Impact of Extreme Heat on Emergency Department Admissions for Childhood and Adult Asthma<\/em><\/a>, publicado na revista <em>GeoHealth<\/em> em 2026, pesquisadores analisaram 819 exacerba\u00e7\u00f5es em adultos e 695 em crian\u00e7as atendidas em servi\u00e7os de emerg\u00eancia entre 2016 e 2022.<\/p>\n\n\n\n<p class=\"wp-block-paragraph\">Os pesquisadores encontraram associa\u00e7\u00e3o entre <strong>calor extremo e exacerba\u00e7\u00f5es de asma<\/strong> nos dois grupos. Temperaturas m\u00ednimas noturnas elevadas tamb\u00e9m apareceram associadas \u00e0s crises, indicando que noites muito quentes podem dificultar a recupera\u00e7\u00e3o da exposi\u00e7\u00e3o ao calor.<\/p>\n\n\n\n<h2 class=\"wp-block-heading\">Quando os sintomas exigem mais aten\u00e7\u00e3o<\/h2>\n\n\n\n<p class=\"wp-block-paragraph\">Quem j\u00e1 recebeu diagn\u00f3stico deve conhecer seus gatilhos e seguir o tratamento indicado, sem aumentar ou suspender medicamentos por conta pr\u00f3pria. Tamb\u00e9m \u00e9 \u00fatil reconhecer os <a href=\"https:\/\/www.tuasaude.com\/asma\/\" target=\"_blank\" rel=\"noopener noreferrer\">sintomas da asma<\/a> e perceber quando eles est\u00e3o mais frequentes ou intensos.<\/p>\n\n\n\n<p class=\"wp-block-paragraph\">\u00c9 importante interromper o esfor\u00e7o e procurar orienta\u00e7\u00e3o quando houver:<\/p>\n\n\n\n<ul class=\"wp-block-list\">\n<li><strong>falta de ar mais intensa<\/strong> que o habitual;<\/li>\n<li>chiado ou aperto no peito em piora;<\/li>\n<li>dificuldade para falar ou realizar atividades simples;<\/li>\n<li>sintomas que n\u00e3o melhoram conforme o plano de a\u00e7\u00e3o prescrito;<\/li>\n<li>necessidade de usar a medica\u00e7\u00e3o de resgate com frequ\u00eancia maior que a habitual.<\/li>\n<\/ul>\n\n\n<div class=\"wp-block-image wp-block-image size-large\">\n<figure class=\"aligncenter\"><img decoding=\"async\" width=\"1280\" height=\"575\" src=\"https:\/\/www.tuasaude.com\/news\/wp-content\/uploads\/2026\/09\/108874_calor-forte-piora-a-respiracao-quem-tem-asma-pode-sentir-pri_tabela.jpg\" alt=\"Calor e asma: 7 cuidados para respirar melhor nos dias quentes\" class=\"wp-image-108877\" srcset=\"https:\/\/www.tuasaude.com\/news\/wp-content\/uploads\/2026\/09\/108874_calor-forte-piora-a-respiracao-quem-tem-asma-pode-sentir-pri_tabela.jpg 1280w, https:\/\/www.tuasaude.com\/news\/wp-content\/uploads\/2026\/09\/108874_calor-forte-piora-a-respiracao-quem-tem-asma-pode-sentir-pri_tabela-300x135.jpg 300w, https:\/\/www.tuasaude.com\/news\/wp-content\/uploads\/2026\/09\/108874_calor-forte-piora-a-respiracao-quem-tem-asma-pode-sentir-pri_tabela-1024x460.jpg 1024w, https:\/\/www.tuasaude.com\/news\/wp-content\/uploads\/2026\/09\/108874_calor-forte-piora-a-respiracao-quem-tem-asma-pode-sentir-pri_tabela-768x345.jpg 768w, https:\/\/www.tuasaude.com\/news\/wp-content\/uploads\/2026\/09\/108874_calor-forte-piora-a-respiracao-quem-tem-asma-pode-sentir-pri_tabela-750x337.jpg 750w, https:\/\/www.tuasaude.com\/news\/wp-content\/uploads\/2026\/09\/108874_calor-forte-piora-a-respiracao-quem-tem-asma-pode-sentir-pri_tabela-1140x512.jpg 1140w\" sizes=\"(max-width: 1280px) 100vw, 1280px\" \/><figcaption class=\"wp-element-caption\">Calor e asma: 7 cuidados para respirar melhor nos dias quentes<\/figcaption><\/figure>\n<\/div>\n\n\n<h2 class=\"wp-block-heading\">O plano habitual continua sendo essencial<\/h2>\n\n\n\n<p class=\"wp-block-paragraph\">O calor n\u00e3o afeta todas as pessoas com asma da mesma maneira. Observar como o organismo reage, reduzir a exposi\u00e7\u00e3o nos per\u00edodos mais cr\u00edticos e manter o tratamento de controle s\u00e3o medidas que ajudam a atravessar dias muito quentes com mais seguran\u00e7a. <strong>Falta de ar intensa ou sintomas que n\u00e3o cedem com a medica\u00e7\u00e3o de resgate exigem atendimento imediato.<\/strong><\/p>\n\n\n\n<p class=\"wp-block-paragraph\"><strong>Este conte\u00fado \u00e9 apenas informativo e n\u00e3o substitui a avalia\u00e7\u00e3o, o diagn\u00f3stico ou o tratamento indicado por um m\u00e9dico.<\/strong><\/p>\n","protected":false},"excerpt":{"rendered":"<p>Sim. A rela\u00e7\u00e3o entre calor e asma merece aten\u00e7\u00e3o porque temperaturas muito altas e umidade podem favorecer tosse, chiado, aperto no peito e falta de ar em algumas pessoas. O risco pode aumentar quando o calor vem acompanhado de polui\u00e7\u00e3o, oz\u00f4nio ou outros irritantes que tornam as vias respirat\u00f3rias mais sens\u00edveis. Por que o calor [&hellip;]<\/p>\n","protected":false},"author":12,"featured_media":108875,"comment_status":"open","ping_status":"open","sticky":false,"template":"","format":"standard","meta":{"_yoast_wpseo_focuskw":"calor e asma","_yoast_wpseo_title":"","_yoast_wpseo_metadesc":"Calor e asma podem estar relacionados \u00e0 piora da falta de ar e do chiado. Veja como reduzir gatilhos e reconhecer sinais que exigem aten\u00e7\u00e3o m\u00e9dica.","jnews-multi-image_gallery":[],"jnews_single_post":[],"jnews_primary_category":[],"jnews_social_meta":[],"jnews_override_counter":[],"footnotes":""},"categories":[111],"tags":[13381,444,447],"class_list":["post-108874","post","type-post","status-publish","format-standard","has-post-thumbnail","hentry","category-saude","tag-calor-extremo","tag-crise-de-asma","tag-falta-de-ar"],"yoast_head":"<!-- This site is optimized with the Yoast SEO plugin v26.7 - https:\/\/yoast.com\/wordpress\/plugins\/seo\/ -->\n<title>Calor intenso pode piorar a asma e deixar a respira\u00e7\u00e3o mais dif\u00edcil - Tua Sa\u00fade<\/title>\n<meta name=\"description\" content=\"Calor e asma podem estar relacionados \u00e0 piora da falta de ar e do chiado. Veja como reduzir gatilhos e reconhecer sinais que exigem aten\u00e7\u00e3o m\u00e9dica.\" \/>\n<meta name=\"robots\" content=\"index, follow, max-snippet:-1, max-image-preview:large, max-video-preview:-1\" \/>\n<link rel=\"canonical\" href=\"https:\/\/www.tuasaude.com\/news\/2026\/09\/05\/calor-intenso-pode-piorar-a-asma-e-deixar-a-respiracao-mais-dificil\/\" \/>\n<meta property=\"og:locale\" content=\"pt_BR\" \/>\n<meta property=\"og:type\" content=\"article\" \/>\n<meta property=\"og:title\" content=\"Calor intenso pode piorar a asma e deixar a respira\u00e7\u00e3o mais dif\u00edcil - Tua Sa\u00fade\" \/>\n<meta property=\"og:description\" content=\"Calor e asma podem estar relacionados \u00e0 piora da falta de ar e do chiado. Veja como reduzir gatilhos e reconhecer sinais que exigem aten\u00e7\u00e3o m\u00e9dica.\" \/>\n<meta property=\"og:url\" content=\"https:\/\/www.tuasaude.com\/news\/2026\/09\/05\/calor-intenso-pode-piorar-a-asma-e-deixar-a-respiracao-mais-dificil\/\" \/>\n<meta property=\"og:site_name\" content=\"Tua Sa\u00fade\" \/>\n<meta property=\"article:published_time\" content=\"2026-09-05T23:40:00+00:00\" \/>\n<meta property=\"og:image\" content=\"https:\/\/www.tuasaude.com\/news\/wp-content\/uploads\/2026\/09\/108874_calor-forte-piora-a-respiracao-quem-tem-asma-pode-sentir-pri_destaque.jpg\" \/>\n\t<meta property=\"og:image:width\" content=\"1280\" \/>\n\t<meta property=\"og:image:height\" content=\"714\" \/>\n\t<meta property=\"og:image:type\" content=\"image\/jpeg\" \/>\n<meta name=\"author\" content=\"Jeferson Henrique\" \/>\n<meta name=\"twitter:card\" content=\"summary_large_image\" \/>\n<meta name=\"twitter:label1\" content=\"Escrito por\" \/>\n\t<meta name=\"twitter:data1\" content=\"Jeferson Henrique\" \/>\n\t<meta name=\"twitter:label2\" content=\"Est. tempo de leitura\" \/>\n\t<meta name=\"twitter:data2\" content=\"3 minutos\" \/>\n<!-- \/ Yoast SEO plugin. -->","yoast_head_json":{"title":"Calor intenso pode piorar a asma e deixar a respira\u00e7\u00e3o mais dif\u00edcil - Tua Sa\u00fade","description":"Calor e asma podem estar relacionados \u00e0 piora da falta de ar e do chiado. Veja como reduzir gatilhos e reconhecer sinais que exigem aten\u00e7\u00e3o m\u00e9dica.","robots":{"index":"index","follow":"follow","max-snippet":"max-snippet:-1","max-image-preview":"max-image-preview:large","max-video-preview":"max-video-preview:-1"},"canonical":"https:\/\/www.tuasaude.com\/news\/2026\/09\/05\/calor-intenso-pode-piorar-a-asma-e-deixar-a-respiracao-mais-dificil\/","og_locale":"pt_BR","og_type":"article","og_title":"Calor intenso pode piorar a asma e deixar a respira\u00e7\u00e3o mais dif\u00edcil - Tua Sa\u00fade","og_description":"Calor e asma podem estar relacionados \u00e0 piora da falta de ar e do chiado. Veja como reduzir gatilhos e reconhecer sinais que exigem aten\u00e7\u00e3o m\u00e9dica.","og_url":"https:\/\/www.tuasaude.com\/news\/2026\/09\/05\/calor-intenso-pode-piorar-a-asma-e-deixar-a-respiracao-mais-dificil\/","og_site_name":"Tua Sa\u00fade","article_published_time":"2026-09-05T23:40:00+00:00","og_image":[{"width":1280,"height":714,"url":"https:\/\/www.tuasaude.com\/news\/wp-content\/uploads\/2026\/09\/108874_calor-forte-piora-a-respiracao-quem-tem-asma-pode-sentir-pri_destaque.jpg","type":"image\/jpeg"}],"author":"Jeferson Henrique","twitter_card":"summary_large_image","twitter_misc":{"Escrito por":"Jeferson Henrique","Est. tempo de leitura":"3 minutos"},"schema":{"@context":"https:\/\/schema.org","@graph":[{"@type":"Article","@id":"https:\/\/www.tuasaude.com\/news\/2026\/09\/05\/calor-intenso-pode-piorar-a-asma-e-deixar-a-respiracao-mais-dificil\/#article","isPartOf":{"@id":"https:\/\/www.tuasaude.com\/news\/2026\/09\/05\/calor-intenso-pode-piorar-a-asma-e-deixar-a-respiracao-mais-dificil\/"},"author":{"name":"Jeferson Henrique","@id":"https:\/\/www.tuasaude.com\/news\/#\/schema\/person\/963d63d4e1f0c81f5f3a70ba4bcb0ef7"},"headline":"Calor intenso pode piorar a asma e deixar a respira\u00e7\u00e3o mais dif\u00edcil","datePublished":"2026-09-05T23:40:00+00:00","mainEntityOfPage":{"@id":"https:\/\/www.tuasaude.com\/news\/2026\/09\/05\/calor-intenso-pode-piorar-a-asma-e-deixar-a-respiracao-mais-dificil\/"},"wordCount":557,"commentCount":0,"image":{"@id":"https:\/\/www.tuasaude.com\/news\/2026\/09\/05\/calor-intenso-pode-piorar-a-asma-e-deixar-a-respiracao-mais-dificil\/#primaryimage"},"thumbnailUrl":"https:\/\/www.tuasaude.com\/news\/wp-content\/uploads\/2026\/09\/108874_calor-forte-piora-a-respiracao-quem-tem-asma-pode-sentir-pri_destaque.jpg","keywords":["calor extremo","crise de asma","falta de ar"],"articleSection":["Sa\u00fade"],"inLanguage":"pt-BR","potentialAction":[{"@type":"CommentAction","name":"Comment","target":["https:\/\/www.tuasaude.com\/news\/2026\/09\/05\/calor-intenso-pode-piorar-a-asma-e-deixar-a-respiracao-mais-dificil\/#respond"]}]},{"@type":"WebPage","@id":"https:\/\/www.tuasaude.com\/news\/2026\/09\/05\/calor-intenso-pode-piorar-a-asma-e-deixar-a-respiracao-mais-dificil\/","url":"https:\/\/www.tuasaude.com\/news\/2026\/09\/05\/calor-intenso-pode-piorar-a-asma-e-deixar-a-respiracao-mais-dificil\/","name":"Calor intenso pode piorar a asma e deixar a respira\u00e7\u00e3o mais dif\u00edcil - Tua Sa\u00fade","isPartOf":{"@id":"https:\/\/www.tuasaude.com\/news\/#website"},"primaryImageOfPage":{"@id":"https:\/\/www.tuasaude.com\/news\/2026\/09\/05\/calor-intenso-pode-piorar-a-asma-e-deixar-a-respiracao-mais-dificil\/#primaryimage"},"image":{"@id":"https:\/\/www.tuasaude.com\/news\/2026\/09\/05\/calor-intenso-pode-piorar-a-asma-e-deixar-a-respiracao-mais-dificil\/#primaryimage"},"thumbnailUrl":"https:\/\/www.tuasaude.com\/news\/wp-content\/uploads\/2026\/09\/108874_calor-forte-piora-a-respiracao-quem-tem-asma-pode-sentir-pri_destaque.jpg","datePublished":"2026-09-05T23:40:00+00:00","author":{"@id":"https:\/\/www.tuasaude.com\/news\/#\/schema\/person\/963d63d4e1f0c81f5f3a70ba4bcb0ef7"},"description":"Calor e asma podem estar relacionados \u00e0 piora da falta de ar e do chiado. Veja como reduzir gatilhos e reconhecer sinais que exigem aten\u00e7\u00e3o m\u00e9dica.","breadcrumb":{"@id":"https:\/\/www.tuasaude.com\/news\/2026\/09\/05\/calor-intenso-pode-piorar-a-asma-e-deixar-a-respiracao-mais-dificil\/#breadcrumb"},"inLanguage":"pt-BR","potentialAction":[{"@type":"ReadAction","target":["https:\/\/www.tuasaude.com\/news\/2026\/09\/05\/calor-intenso-pode-piorar-a-asma-e-deixar-a-respiracao-mais-dificil\/"]}]},{"@type":"ImageObject","inLanguage":"pt-BR","@id":"https:\/\/www.tuasaude.com\/news\/2026\/09\/05\/calor-intenso-pode-piorar-a-asma-e-deixar-a-respiracao-mais-dificil\/#primaryimage","url":"https:\/\/www.tuasaude.com\/news\/wp-content\/uploads\/2026\/09\/108874_calor-forte-piora-a-respiracao-quem-tem-asma-pode-sentir-pri_destaque.jpg","contentUrl":"https:\/\/www.tuasaude.com\/news\/wp-content\/uploads\/2026\/09\/108874_calor-forte-piora-a-respiracao-quem-tem-asma-pode-sentir-pri_destaque.jpg","width":1280,"height":714,"caption":"Calor intenso pode agravar falta de ar, chiado e aperto no peito em pessoas com asma."},{"@type":"BreadcrumbList","@id":"https:\/\/www.tuasaude.com\/news\/2026\/09\/05\/calor-intenso-pode-piorar-a-asma-e-deixar-a-respiracao-mais-dificil\/#breadcrumb","itemListElement":[{"@type":"ListItem","position":1,"name":"In\u00edcio","item":"https:\/\/www.tuasaude.com\/news\/"},{"@type":"ListItem","position":2,"name":"Calor intenso pode piorar a asma e deixar a respira\u00e7\u00e3o mais dif\u00edcil"}]},{"@type":"WebSite","@id":"https:\/\/www.tuasaude.com\/news\/#website","url":"https:\/\/www.tuasaude.com\/news\/","name":"Tua Sa\u00fade","description":"Seu site de sa\u00fade","potentialAction":[{"@type":"SearchAction","target":{"@type":"EntryPoint","urlTemplate":"https:\/\/www.tuasaude.com\/news\/?s={search_term_string}"},"query-input":{"@type":"PropertyValueSpecification","valueRequired":true,"valueName":"search_term_string"}}],"inLanguage":"pt-BR"},{"@type":"Person","@id":"https:\/\/www.tuasaude.com\/news\/#\/schema\/person\/963d63d4e1f0c81f5f3a70ba4bcb0ef7","name":"Jeferson Henrique","image":{"@type":"ImageObject","inLanguage":"pt-BR","@id":"https:\/\/www.tuasaude.com\/news\/#\/schema\/person\/image\/","url":"https:\/\/secure.gravatar.com\/avatar\/1a476a54a48eb3cdea5dd2f016708263892c6b9f5e54b641df7c65e980fd6f69?s=96&d=mm&r=g","contentUrl":"https:\/\/secure.gravatar.com\/avatar\/1a476a54a48eb3cdea5dd2f016708263892c6b9f5e54b641df7c65e980fd6f69?s=96&d=mm&r=g","caption":"Jeferson Henrique"},"sameAs":["https:\/\/www.tuasaude.com\/news\/"],"url":"https:\/\/www.tuasaude.com\/news\/author\/jeferson-henrique\/"}]}},"_links":{"self":[{"href":"https:\/\/www.tuasaude.com\/news\/wp-json\/wp\/v2\/posts\/108874","targetHints":{"allow":["GET"]}}],"collection":[{"href":"https:\/\/www.tuasaude.com\/news\/wp-json\/wp\/v2\/posts"}],"about":[{"href":"https:\/\/www.tuasaude.com\/news\/wp-json\/wp\/v2\/types\/post"}],"author":[{"embeddable":true,"href":"https:\/\/www.tuasaude.com\/news\/wp-json\/wp\/v2\/users\/12"}],"replies":[{"embeddable":true,"href":"https:\/\/www.tuasaude.com\/news\/wp-json\/wp\/v2\/comments?post=108874"}],"version-history":[{"count":3,"href":"https:\/\/www.tuasaude.com\/news\/wp-json\/wp\/v2\/posts\/108874\/revisions"}],"predecessor-version":[{"id":108902,"href":"https:\/\/www.tuasaude.com\/news\/wp-json\/wp\/v2\/posts\/108874\/revisions\/108902"}],"wp:featuredmedia":[{"embeddable":true,"href":"https:\/\/www.tuasaude.com\/news\/wp-json\/wp\/v2\/media\/108875"}],"wp:attachment":[{"href":"https:\/\/www.tuasaude.com\/news\/wp-json\/wp\/v2\/media?parent=108874"}],"wp:term":[{"taxonomy":"category","embeddable":true,"href":"https:\/\/www.tuasaude.com\/news\/wp-json\/wp\/v2\/categories?post=108874"},{"taxonomy":"post_tag","embeddable":true,"href":"https:\/\/www.tuasaude.com\/news\/wp-json\/wp\/v2\/tags?post=108874"}],"curies":[{"name":"wp","href":"https:\/\/api.w.org\/{rel}","templated":true}]}}