{"id":108859,"date":"2026-09-05T18:10:00","date_gmt":"2026-09-05T21:10:00","guid":{"rendered":"https:\/\/www.tuasaude.com\/news\/?p=108859"},"modified":"2026-09-05T10:25:55","modified_gmt":"2026-09-05T13:25:55","slug":"anti-inflamatorio-pode-subir-a-pressao-ibuprofeno-e-naproxeno-merecem-cuidado","status":"publish","type":"post","link":"https:\/\/www.tuasaude.com\/news\/2026\/09\/05\/anti-inflamatorio-pode-subir-a-pressao-ibuprofeno-e-naproxeno-merecem-cuidado\/","title":{"rendered":"Anti-inflamat\u00f3rio pode subir a press\u00e3o? Ibuprofeno e naproxeno merecem cuidado"},"content":{"rendered":"\n<p class=\"wp-block-paragraph\">Sim. Alguns anti-inflamat\u00f3rios podem <strong>elevar a press\u00e3o arterial<\/strong>, principalmente em pessoas que j\u00e1 t\u00eam hipertens\u00e3o, doen\u00e7a renal, problemas card\u00edacos ou outros fatores de risco. Ibuprofeno e naproxeno est\u00e3o entre os medicamentos que merecem aten\u00e7\u00e3o, mas isso n\u00e3o significa que devam ser interrompidos ou trocados sem orienta\u00e7\u00e3o profissional.<\/p>\n\n\n\n<h2 class=\"wp-block-heading\">Por que o anti-inflamat\u00f3rio pode subir a press\u00e3o<\/h2>\n\n\n\n<p class=\"wp-block-paragraph\">Anti-inflamat\u00f3rios n\u00e3o esteroides, conhecidos como AINEs, podem alterar subst\u00e2ncias envolvidas no fluxo de sangue pelos rins. Em algumas pessoas, isso reduz a elimina\u00e7\u00e3o de s\u00f3dio e favorece a <strong>reten\u00e7\u00e3o de l\u00edquidos<\/strong>, aumentando o volume de sangue circulante e dificultando o controle da press\u00e3o.<\/p>\n\n\n\n<p class=\"wp-block-paragraph\">A <a href=\"https:\/\/www.mayoclinic.org\/diseases-conditions\/high-blood-pressure\/in-depth\/blood-pressure\/art-20045245\" target=\"_blank\" rel=\"noopener noreferrer\">Mayo Clinic<\/a> inclui ibuprofeno e naproxeno entre os medicamentos que podem aumentar a press\u00e3o. Esses rem\u00e9dios tamb\u00e9m podem interferir no controle da hipertens\u00e3o em quem j\u00e1 utiliza medicamentos para baixar a press\u00e3o.<\/p>\n\n\n\n<h2 class=\"wp-block-heading\">Quem precisa ter mais cuidado<\/h2>\n\n\n<div class=\"wp-block-image wp-block-image size-large\">\n<figure class=\"aligncenter\"><img decoding=\"async\" width=\"1280\" height=\"714\" src=\"https:\/\/www.tuasaude.com\/news\/wp-content\/uploads\/2026\/09\/108859_anti-inflamatorio-pode-subir-a-pressao-ibuprofeno-e-naproxen_corpo.jpg\" alt=\"Reten\u00e7\u00e3o de l\u00edquidos durante o uso de anti-inflamat\u00f3rios pode dificultar o controle da press\u00e3o arterial.\" class=\"wp-image-108861\" srcset=\"https:\/\/www.tuasaude.com\/news\/wp-content\/uploads\/2026\/09\/108859_anti-inflamatorio-pode-subir-a-pressao-ibuprofeno-e-naproxen_corpo.jpg 1280w, https:\/\/www.tuasaude.com\/news\/wp-content\/uploads\/2026\/09\/108859_anti-inflamatorio-pode-subir-a-pressao-ibuprofeno-e-naproxen_corpo-300x167.jpg 300w, https:\/\/www.tuasaude.com\/news\/wp-content\/uploads\/2026\/09\/108859_anti-inflamatorio-pode-subir-a-pressao-ibuprofeno-e-naproxen_corpo-1024x571.jpg 1024w, https:\/\/www.tuasaude.com\/news\/wp-content\/uploads\/2026\/09\/108859_anti-inflamatorio-pode-subir-a-pressao-ibuprofeno-e-naproxen_corpo-768x428.jpg 768w, https:\/\/www.tuasaude.com\/news\/wp-content\/uploads\/2026\/09\/108859_anti-inflamatorio-pode-subir-a-pressao-ibuprofeno-e-naproxen_corpo-750x418.jpg 750w, https:\/\/www.tuasaude.com\/news\/wp-content\/uploads\/2026\/09\/108859_anti-inflamatorio-pode-subir-a-pressao-ibuprofeno-e-naproxen_corpo-1140x636.jpg 1140w\" sizes=\"(max-width: 1280px) 100vw, 1280px\" \/><figcaption class=\"wp-element-caption\">Reten\u00e7\u00e3o de l\u00edquidos durante o uso de anti-inflamat\u00f3rios pode dificultar o controle da press\u00e3o arterial.<\/figcaption><\/figure>\n<\/div>\n\n\n<p class=\"wp-block-paragraph\">O efeito n\u00e3o ocorre da mesma forma em todas as pessoas. O risco merece aten\u00e7\u00e3o especial quando o uso \u00e9 frequente, prolongado ou acontece em algu\u00e9m com condi\u00e7\u00f5es que tornam rins e circula\u00e7\u00e3o mais vulner\u00e1veis, como:<\/p>\n\n\n\n<ul class=\"wp-block-list\">\n<li><strong>hipertens\u00e3o arterial<\/strong> j\u00e1 diagnosticada;<\/li>\n<li>doen\u00e7a renal ou redu\u00e7\u00e3o da fun\u00e7\u00e3o dos rins;<\/li>\n<li>insufici\u00eancia card\u00edaca ou outras doen\u00e7as cardiovasculares;<\/li>\n<li>idade mais avan\u00e7ada;<\/li>\n<li>uso de medicamentos para controlar a press\u00e3o ou eliminar l\u00edquidos.<\/li>\n<\/ul>\n\n\n\n<p class=\"wp-block-paragraph\">Por isso, conhecer os diferentes tipos de <a href=\"https:\/\/www.tuasaude.com\/anti-inflamatorios\/\" target=\"_blank\" rel=\"noopener noreferrer\">anti-inflamat\u00f3rios<\/a> e suas contraindica\u00e7\u00f5es \u00e9 importante antes de recorrer a esses medicamentos repetidamente.<\/p>\n\n\n\n<h2 class=\"wp-block-heading\">O que o estudo PRECISION-ABPM mostrou<\/h2>\n\n\n\n<p class=\"wp-block-paragraph\">O ensaio cl\u00ednico <a href=\"https:\/\/pubmed.ncbi.nlm.nih.gov\/29020251\/\" target=\"_blank\" rel=\"noopener noreferrer\"><em>Differential blood pressure effects of ibuprofen, naproxen, and celecoxib in patients with arthritis<\/em><\/a>, publicado no <em>European Heart Journal<\/em>, acompanhou 444 pessoas com artrite e risco cardiovascular aumentado. Ap\u00f3s quatro meses, o ibuprofeno esteve associado a um aumento m\u00e9dio de <strong>3,7 mmHg na press\u00e3o sist\u00f3lica de 24 horas<\/strong>, enquanto o aumento com naproxeno foi de 1,6 mmHg.<\/p>\n\n\n\n<p class=\"wp-block-paragraph\">O estudo n\u00e3o significa que todas as pessoas ter\u00e3o esse aumento nem que um medicamento seja adequado para todos. Ele mostra que os efeitos sobre a press\u00e3o podem variar entre os anti-inflamat\u00f3rios e refor\u00e7a a import\u00e2ncia de considerar o risco cardiovascular individual.<\/p>\n\n\n\n<h2 class=\"wp-block-heading\">Quais sinais merecem aten\u00e7\u00e3o<\/h2>\n\n\n\n<p class=\"wp-block-paragraph\">Durante o uso de um anti-inflamat\u00f3rio, mudan\u00e7as persistentes podem indicar que o organismo n\u00e3o est\u00e1 tolerando bem o tratamento. \u00c9 importante procurar orienta\u00e7\u00e3o m\u00e9dica se aparecerem:<\/p>\n\n\n\n<ul class=\"wp-block-list\">\n<li><strong>press\u00e3o repetidamente mais alta<\/strong> que o habitual;<\/li>\n<li>incha\u00e7o nos p\u00e9s, tornozelos ou pernas;<\/li>\n<li>ganho de peso r\u00e1pido associado \u00e0 reten\u00e7\u00e3o de l\u00edquido;<\/li>\n<li><strong>falta de ar<\/strong> ou piora da capacidade para realizar esfor\u00e7os;<\/li>\n<li>redu\u00e7\u00e3o importante da quantidade de urina ou piora do estado geral.<\/li>\n<\/ul>\n\n\n\n<p class=\"wp-block-paragraph\">Dor no peito, falta de ar intensa, fraqueza s\u00fabita, altera\u00e7\u00e3o da fala ou outros sintomas graves exigem avalia\u00e7\u00e3o m\u00e9dica imediata.<\/p>\n\n\n<div class=\"wp-block-image wp-block-image size-large\">\n<figure class=\"aligncenter\"><img decoding=\"async\" width=\"1280\" height=\"575\" src=\"https:\/\/www.tuasaude.com\/news\/wp-content\/uploads\/2026\/09\/108859_anti-inflamatorio-pode-subir-a-pressao-ibuprofeno-e-naproxen_tabela.jpg\" alt=\"Anti-inflamat\u00f3rio e press\u00e3o alta: 7 cuidados com ibuprofeno e naproxeno\" class=\"wp-image-108862\" srcset=\"https:\/\/www.tuasaude.com\/news\/wp-content\/uploads\/2026\/09\/108859_anti-inflamatorio-pode-subir-a-pressao-ibuprofeno-e-naproxen_tabela.jpg 1280w, https:\/\/www.tuasaude.com\/news\/wp-content\/uploads\/2026\/09\/108859_anti-inflamatorio-pode-subir-a-pressao-ibuprofeno-e-naproxen_tabela-300x135.jpg 300w, https:\/\/www.tuasaude.com\/news\/wp-content\/uploads\/2026\/09\/108859_anti-inflamatorio-pode-subir-a-pressao-ibuprofeno-e-naproxen_tabela-1024x460.jpg 1024w, https:\/\/www.tuasaude.com\/news\/wp-content\/uploads\/2026\/09\/108859_anti-inflamatorio-pode-subir-a-pressao-ibuprofeno-e-naproxen_tabela-768x345.jpg 768w, https:\/\/www.tuasaude.com\/news\/wp-content\/uploads\/2026\/09\/108859_anti-inflamatorio-pode-subir-a-pressao-ibuprofeno-e-naproxen_tabela-750x337.jpg 750w, https:\/\/www.tuasaude.com\/news\/wp-content\/uploads\/2026\/09\/108859_anti-inflamatorio-pode-subir-a-pressao-ibuprofeno-e-naproxen_tabela-1140x512.jpg 1140w\" sizes=\"(max-width: 1280px) 100vw, 1280px\" \/><figcaption class=\"wp-element-caption\">Anti-inflamat\u00f3rio e press\u00e3o alta: 7 cuidados com ibuprofeno e naproxeno<\/figcaption><\/figure>\n<\/div>\n\n\n<h2 class=\"wp-block-heading\">Como usar com mais seguran\u00e7a<\/h2>\n\n\n\n<p class=\"wp-block-paragraph\">Quem tem press\u00e3o alta n\u00e3o deve iniciar, aumentar a dose, substituir ou interromper ibuprofeno, naproxeno ou outro anti-inflamat\u00f3rio por conta pr\u00f3pria. Quando o medicamento \u00e9 necess\u00e1rio, o m\u00e9dico pode avaliar a indica\u00e7\u00e3o, a menor dose adequada, o tempo de tratamento e a necessidade de acompanhar <strong>press\u00e3o arterial e fun\u00e7\u00e3o dos rins<\/strong>.<\/p>\n\n\n\n<p class=\"wp-block-paragraph\">Se as medidas da press\u00e3o come\u00e7arem a subir repetidamente ap\u00f3s o in\u00edcio do rem\u00e9dio, vale registrar os valores e conversar com o profissional respons\u00e1vel. A escolha de uma alternativa para a dor depende da causa do sintoma, das doen\u00e7as existentes e dos demais medicamentos em uso.<\/p>\n\n\n\n<p class=\"wp-block-paragraph\"><strong>Este conte\u00fado \u00e9 apenas informativo e n\u00e3o substitui a avalia\u00e7\u00e3o, o diagn\u00f3stico ou o tratamento indicado por um m\u00e9dico.<\/strong><\/p>\n","protected":false},"excerpt":{"rendered":"<p>Sim. Alguns anti-inflamat\u00f3rios podem elevar a press\u00e3o arterial, principalmente em pessoas que j\u00e1 t\u00eam hipertens\u00e3o, doen\u00e7a renal, problemas card\u00edacos ou outros fatores de risco. Ibuprofeno e naproxeno est\u00e3o entre os medicamentos que merecem aten\u00e7\u00e3o, mas isso n\u00e3o significa que devam ser interrompidos ou trocados sem orienta\u00e7\u00e3o profissional. Por que o anti-inflamat\u00f3rio pode subir a press\u00e3o [&hellip;]<\/p>\n","protected":false},"author":12,"featured_media":108860,"comment_status":"open","ping_status":"open","sticky":false,"template":"","format":"standard","meta":{"_yoast_wpseo_focuskw":"anti-inflamat\u00f3rio e press\u00e3o","_yoast_wpseo_title":"","_yoast_wpseo_metadesc":"Anti-inflamat\u00f3rio pode subir a press\u00e3o. Entenda os riscos do ibuprofeno e naproxeno, quem precisa de mais cuidado e quando procurar orienta\u00e7\u00e3o m\u00e9dica.","jnews-multi-image_gallery":[],"jnews_single_post":{"format":"standard"},"jnews_primary_category":[],"jnews_social_meta":[],"jnews_override_counter":[],"footnotes":""},"categories":[111],"tags":[13379,13380,1000],"class_list":["post-108859","post","type-post","status-publish","format-standard","has-post-thumbnail","hentry","category-saude","tag-ibuprofeno-e-pressao","tag-naproxeno-e-pressao","tag-retencao-de-liquidos"],"yoast_head":"<!-- This site is optimized with the Yoast SEO plugin v26.7 - https:\/\/yoast.com\/wordpress\/plugins\/seo\/ -->\n<title>Anti-inflamat\u00f3rio pode subir a press\u00e3o? Ibuprofeno e naproxeno merecem cuidado - Tua Sa\u00fade<\/title>\n<meta name=\"description\" content=\"Anti-inflamat\u00f3rio pode subir a press\u00e3o. Entenda os riscos do ibuprofeno e naproxeno, quem precisa de mais cuidado e quando procurar orienta\u00e7\u00e3o m\u00e9dica.\" \/>\n<meta name=\"robots\" content=\"index, follow, max-snippet:-1, max-image-preview:large, max-video-preview:-1\" \/>\n<link rel=\"canonical\" href=\"https:\/\/www.tuasaude.com\/news\/2026\/09\/05\/anti-inflamatorio-pode-subir-a-pressao-ibuprofeno-e-naproxeno-merecem-cuidado\/\" \/>\n<meta property=\"og:locale\" content=\"pt_BR\" \/>\n<meta property=\"og:type\" content=\"article\" \/>\n<meta property=\"og:title\" content=\"Anti-inflamat\u00f3rio pode subir a press\u00e3o? Ibuprofeno e naproxeno merecem cuidado - Tua Sa\u00fade\" \/>\n<meta property=\"og:description\" content=\"Anti-inflamat\u00f3rio pode subir a press\u00e3o. Entenda os riscos do ibuprofeno e naproxeno, quem precisa de mais cuidado e quando procurar orienta\u00e7\u00e3o m\u00e9dica.\" \/>\n<meta property=\"og:url\" content=\"https:\/\/www.tuasaude.com\/news\/2026\/09\/05\/anti-inflamatorio-pode-subir-a-pressao-ibuprofeno-e-naproxeno-merecem-cuidado\/\" \/>\n<meta property=\"og:site_name\" content=\"Tua Sa\u00fade\" \/>\n<meta property=\"article:published_time\" content=\"2026-09-05T21:10:00+00:00\" \/>\n<meta property=\"og:image\" content=\"https:\/\/www.tuasaude.com\/news\/wp-content\/uploads\/2026\/09\/108859_anti-inflamatorio-pode-subir-a-pressao-ibuprofeno-e-naproxen_destaque.jpg\" \/>\n\t<meta property=\"og:image:width\" content=\"1280\" \/>\n\t<meta property=\"og:image:height\" content=\"714\" \/>\n\t<meta property=\"og:image:type\" content=\"image\/jpeg\" \/>\n<meta name=\"author\" content=\"Jeferson Henrique\" \/>\n<meta name=\"twitter:card\" content=\"summary_large_image\" \/>\n<meta name=\"twitter:label1\" content=\"Escrito por\" \/>\n\t<meta name=\"twitter:data1\" content=\"Jeferson Henrique\" \/>\n\t<meta name=\"twitter:label2\" content=\"Est. tempo de leitura\" \/>\n\t<meta name=\"twitter:data2\" content=\"3 minutos\" \/>\n<!-- \/ Yoast SEO plugin. -->","yoast_head_json":{"title":"Anti-inflamat\u00f3rio pode subir a press\u00e3o? Ibuprofeno e naproxeno merecem cuidado - Tua Sa\u00fade","description":"Anti-inflamat\u00f3rio pode subir a press\u00e3o. Entenda os riscos do ibuprofeno e naproxeno, quem precisa de mais cuidado e quando procurar orienta\u00e7\u00e3o m\u00e9dica.","robots":{"index":"index","follow":"follow","max-snippet":"max-snippet:-1","max-image-preview":"max-image-preview:large","max-video-preview":"max-video-preview:-1"},"canonical":"https:\/\/www.tuasaude.com\/news\/2026\/09\/05\/anti-inflamatorio-pode-subir-a-pressao-ibuprofeno-e-naproxeno-merecem-cuidado\/","og_locale":"pt_BR","og_type":"article","og_title":"Anti-inflamat\u00f3rio pode subir a press\u00e3o? Ibuprofeno e naproxeno merecem cuidado - Tua Sa\u00fade","og_description":"Anti-inflamat\u00f3rio pode subir a press\u00e3o. Entenda os riscos do ibuprofeno e naproxeno, quem precisa de mais cuidado e quando procurar orienta\u00e7\u00e3o m\u00e9dica.","og_url":"https:\/\/www.tuasaude.com\/news\/2026\/09\/05\/anti-inflamatorio-pode-subir-a-pressao-ibuprofeno-e-naproxeno-merecem-cuidado\/","og_site_name":"Tua Sa\u00fade","article_published_time":"2026-09-05T21:10:00+00:00","og_image":[{"width":1280,"height":714,"url":"https:\/\/www.tuasaude.com\/news\/wp-content\/uploads\/2026\/09\/108859_anti-inflamatorio-pode-subir-a-pressao-ibuprofeno-e-naproxen_destaque.jpg","type":"image\/jpeg"}],"author":"Jeferson Henrique","twitter_card":"summary_large_image","twitter_misc":{"Escrito por":"Jeferson Henrique","Est. tempo de leitura":"3 minutos"},"schema":{"@context":"https:\/\/schema.org","@graph":[{"@type":"Article","@id":"https:\/\/www.tuasaude.com\/news\/2026\/09\/05\/anti-inflamatorio-pode-subir-a-pressao-ibuprofeno-e-naproxeno-merecem-cuidado\/#article","isPartOf":{"@id":"https:\/\/www.tuasaude.com\/news\/2026\/09\/05\/anti-inflamatorio-pode-subir-a-pressao-ibuprofeno-e-naproxeno-merecem-cuidado\/"},"author":{"name":"Jeferson Henrique","@id":"https:\/\/www.tuasaude.com\/news\/#\/schema\/person\/963d63d4e1f0c81f5f3a70ba4bcb0ef7"},"headline":"Anti-inflamat\u00f3rio pode subir a press\u00e3o? Ibuprofeno e naproxeno merecem cuidado","datePublished":"2026-09-05T21:10:00+00:00","mainEntityOfPage":{"@id":"https:\/\/www.tuasaude.com\/news\/2026\/09\/05\/anti-inflamatorio-pode-subir-a-pressao-ibuprofeno-e-naproxeno-merecem-cuidado\/"},"wordCount":670,"commentCount":0,"image":{"@id":"https:\/\/www.tuasaude.com\/news\/2026\/09\/05\/anti-inflamatorio-pode-subir-a-pressao-ibuprofeno-e-naproxeno-merecem-cuidado\/#primaryimage"},"thumbnailUrl":"https:\/\/www.tuasaude.com\/news\/wp-content\/uploads\/2026\/09\/108859_anti-inflamatorio-pode-subir-a-pressao-ibuprofeno-e-naproxen_destaque.jpg","keywords":["ibuprofeno e press\u00e3o","naproxeno e press\u00e3o","reten\u00e7\u00e3o de l\u00edquidos"],"articleSection":["Sa\u00fade"],"inLanguage":"pt-BR","potentialAction":[{"@type":"CommentAction","name":"Comment","target":["https:\/\/www.tuasaude.com\/news\/2026\/09\/05\/anti-inflamatorio-pode-subir-a-pressao-ibuprofeno-e-naproxeno-merecem-cuidado\/#respond"]}]},{"@type":"WebPage","@id":"https:\/\/www.tuasaude.com\/news\/2026\/09\/05\/anti-inflamatorio-pode-subir-a-pressao-ibuprofeno-e-naproxeno-merecem-cuidado\/","url":"https:\/\/www.tuasaude.com\/news\/2026\/09\/05\/anti-inflamatorio-pode-subir-a-pressao-ibuprofeno-e-naproxeno-merecem-cuidado\/","name":"Anti-inflamat\u00f3rio pode subir a press\u00e3o? Ibuprofeno e naproxeno merecem cuidado - Tua Sa\u00fade","isPartOf":{"@id":"https:\/\/www.tuasaude.com\/news\/#website"},"primaryImageOfPage":{"@id":"https:\/\/www.tuasaude.com\/news\/2026\/09\/05\/anti-inflamatorio-pode-subir-a-pressao-ibuprofeno-e-naproxeno-merecem-cuidado\/#primaryimage"},"image":{"@id":"https:\/\/www.tuasaude.com\/news\/2026\/09\/05\/anti-inflamatorio-pode-subir-a-pressao-ibuprofeno-e-naproxeno-merecem-cuidado\/#primaryimage"},"thumbnailUrl":"https:\/\/www.tuasaude.com\/news\/wp-content\/uploads\/2026\/09\/108859_anti-inflamatorio-pode-subir-a-pressao-ibuprofeno-e-naproxen_destaque.jpg","datePublished":"2026-09-05T21:10:00+00:00","author":{"@id":"https:\/\/www.tuasaude.com\/news\/#\/schema\/person\/963d63d4e1f0c81f5f3a70ba4bcb0ef7"},"description":"Anti-inflamat\u00f3rio pode subir a press\u00e3o. Entenda os riscos do ibuprofeno e naproxeno, quem precisa de mais cuidado e quando procurar orienta\u00e7\u00e3o m\u00e9dica.","breadcrumb":{"@id":"https:\/\/www.tuasaude.com\/news\/2026\/09\/05\/anti-inflamatorio-pode-subir-a-pressao-ibuprofeno-e-naproxeno-merecem-cuidado\/#breadcrumb"},"inLanguage":"pt-BR","potentialAction":[{"@type":"ReadAction","target":["https:\/\/www.tuasaude.com\/news\/2026\/09\/05\/anti-inflamatorio-pode-subir-a-pressao-ibuprofeno-e-naproxeno-merecem-cuidado\/"]}]},{"@type":"ImageObject","inLanguage":"pt-BR","@id":"https:\/\/www.tuasaude.com\/news\/2026\/09\/05\/anti-inflamatorio-pode-subir-a-pressao-ibuprofeno-e-naproxeno-merecem-cuidado\/#primaryimage","url":"https:\/\/www.tuasaude.com\/news\/wp-content\/uploads\/2026\/09\/108859_anti-inflamatorio-pode-subir-a-pressao-ibuprofeno-e-naproxen_destaque.jpg","contentUrl":"https:\/\/www.tuasaude.com\/news\/wp-content\/uploads\/2026\/09\/108859_anti-inflamatorio-pode-subir-a-pressao-ibuprofeno-e-naproxen_destaque.jpg","width":1280,"height":714,"caption":"Anti-inflamat\u00f3rios como ibuprofeno e naproxeno podem elevar a press\u00e3o em algumas pessoas."},{"@type":"BreadcrumbList","@id":"https:\/\/www.tuasaude.com\/news\/2026\/09\/05\/anti-inflamatorio-pode-subir-a-pressao-ibuprofeno-e-naproxeno-merecem-cuidado\/#breadcrumb","itemListElement":[{"@type":"ListItem","position":1,"name":"In\u00edcio","item":"https:\/\/www.tuasaude.com\/news\/"},{"@type":"ListItem","position":2,"name":"Anti-inflamat\u00f3rio pode subir a press\u00e3o? Ibuprofeno e naproxeno merecem cuidado"}]},{"@type":"WebSite","@id":"https:\/\/www.tuasaude.com\/news\/#website","url":"https:\/\/www.tuasaude.com\/news\/","name":"Tua Sa\u00fade","description":"Seu site de sa\u00fade","potentialAction":[{"@type":"SearchAction","target":{"@type":"EntryPoint","urlTemplate":"https:\/\/www.tuasaude.com\/news\/?s={search_term_string}"},"query-input":{"@type":"PropertyValueSpecification","valueRequired":true,"valueName":"search_term_string"}}],"inLanguage":"pt-BR"},{"@type":"Person","@id":"https:\/\/www.tuasaude.com\/news\/#\/schema\/person\/963d63d4e1f0c81f5f3a70ba4bcb0ef7","name":"Jeferson Henrique","image":{"@type":"ImageObject","inLanguage":"pt-BR","@id":"https:\/\/www.tuasaude.com\/news\/#\/schema\/person\/image\/","url":"https:\/\/secure.gravatar.com\/avatar\/1a476a54a48eb3cdea5dd2f016708263892c6b9f5e54b641df7c65e980fd6f69?s=96&d=mm&r=g","contentUrl":"https:\/\/secure.gravatar.com\/avatar\/1a476a54a48eb3cdea5dd2f016708263892c6b9f5e54b641df7c65e980fd6f69?s=96&d=mm&r=g","caption":"Jeferson Henrique"},"sameAs":["https:\/\/www.tuasaude.com\/news\/"],"url":"https:\/\/www.tuasaude.com\/news\/author\/jeferson-henrique\/"}]}},"_links":{"self":[{"href":"https:\/\/www.tuasaude.com\/news\/wp-json\/wp\/v2\/posts\/108859","targetHints":{"allow":["GET"]}}],"collection":[{"href":"https:\/\/www.tuasaude.com\/news\/wp-json\/wp\/v2\/posts"}],"about":[{"href":"https:\/\/www.tuasaude.com\/news\/wp-json\/wp\/v2\/types\/post"}],"author":[{"embeddable":true,"href":"https:\/\/www.tuasaude.com\/news\/wp-json\/wp\/v2\/users\/12"}],"replies":[{"embeddable":true,"href":"https:\/\/www.tuasaude.com\/news\/wp-json\/wp\/v2\/comments?post=108859"}],"version-history":[{"count":1,"href":"https:\/\/www.tuasaude.com\/news\/wp-json\/wp\/v2\/posts\/108859\/revisions"}],"predecessor-version":[{"id":108863,"href":"https:\/\/www.tuasaude.com\/news\/wp-json\/wp\/v2\/posts\/108859\/revisions\/108863"}],"wp:featuredmedia":[{"embeddable":true,"href":"https:\/\/www.tuasaude.com\/news\/wp-json\/wp\/v2\/media\/108860"}],"wp:attachment":[{"href":"https:\/\/www.tuasaude.com\/news\/wp-json\/wp\/v2\/media?parent=108859"}],"wp:term":[{"taxonomy":"category","embeddable":true,"href":"https:\/\/www.tuasaude.com\/news\/wp-json\/wp\/v2\/categories?post=108859"},{"taxonomy":"post_tag","embeddable":true,"href":"https:\/\/www.tuasaude.com\/news\/wp-json\/wp\/v2\/tags?post=108859"}],"curies":[{"name":"wp","href":"https:\/\/api.w.org\/{rel}","templated":true}]}}