{"id":108852,"date":"2026-09-05T11:20:00","date_gmt":"2026-09-05T14:20:00","guid":{"rendered":"https:\/\/www.tuasaude.com\/news\/?p=108852"},"modified":"2026-09-05T10:37:39","modified_gmt":"2026-09-05T13:37:39","slug":"aumentou-as-fibras-e-ficou-com-mais-gases-entenda-o-que-pode-estar-acontecendo","status":"publish","type":"post","link":"https:\/\/www.tuasaude.com\/news\/2026\/09\/05\/aumentou-as-fibras-e-ficou-com-mais-gases-entenda-o-que-pode-estar-acontecendo\/","title":{"rendered":"Aumentou as fibras e ficou com mais gases? Entenda o que pode estar acontecendo"},"content":{"rendered":"\n<p class=\"wp-block-paragraph\">Se voc\u00ea come\u00e7ou a comer mais aveia, chia, feij\u00e3o ou lentilha e percebeu que a barriga ficou estufada e os gases aumentaram, saiba que essa rea\u00e7\u00e3o \u00e9 comum e, na maioria dos casos, tempor\u00e1ria. O intestino precisa de tempo para se adaptar \u00e0 nova quantidade de fibras, e a fermenta\u00e7\u00e3o feita pelas bact\u00e9rias intestinais \u00e9 justamente o que produz esse desconforto inicial. Entender o motivo ajuda a ajustar a rotina alimentar sem abrir m\u00e3o dos benef\u00edcios das fibras para a sa\u00fade digestiva e metab\u00f3lica.<\/p>\n\n\n\n<h2 class=\"wp-block-heading\">Por que as fibras causam gases?<\/h2>\n\n\n\n<p class=\"wp-block-paragraph\">As fibras sol\u00faveis, presentes na aveia, na chia, no feij\u00e3o e em frutas como a ma\u00e7\u00e3, chegam ao intestino grosso praticamente intactas e servem de alimento para as bact\u00e9rias da microbiota. Durante esse processo de fermenta\u00e7\u00e3o, s\u00e3o liberados gases como hidrog\u00eanio, metano e di\u00f3xido de carbono, o que provoca incha\u00e7o e flatul\u00eancia.<\/p>\n\n\n\n<p class=\"wp-block-paragraph\">Esse efeito \u00e9 mais intenso quando o consumo aumenta de forma repentina, porque a microbiota ainda n\u00e3o tem popula\u00e7\u00e3o suficiente de bact\u00e9rias adaptadas para digerir esse volume extra. Al\u00e9m disso, alguns <a href=\"https:\/\/www.tuasaude.com\/dieta-para-gases\/\" target=\"_blank\" rel=\"noreferrer noopener\">alimentos que causam gases<\/a> fermentam mais que outros, o que explica por que leguminosas costumam gerar mais desconforto do que frutas.<\/p>\n\n\n\n<h2 class=\"wp-block-heading\">Como o intestino se adapta ao aumento de fibras?<\/h2>\n\n\n\n<p class=\"wp-block-paragraph\">A adapta\u00e7\u00e3o da microbiota costuma levar de duas a quatro semanas, per\u00edodo em que as bact\u00e9rias ben\u00e9ficas se multiplicam e passam a fermentar as fibras de maneira mais eficiente. Nesse intervalo, \u00e9 normal sentir mais gases, ru\u00eddos abdominais e sensa\u00e7\u00e3o de peso ap\u00f3s as refei\u00e7\u00f5es.<\/p>\n\n\n\n<p class=\"wp-block-paragraph\">Manter a ingest\u00e3o de \u00e1gua adequada e praticar atividade f\u00edsica leve, como caminhadas, ajuda o tr\u00e2nsito intestinal e reduz o ac\u00famulo de gases durante essa fase de transi\u00e7\u00e3o.<\/p>\n\n\n<div class=\"wp-block-image\">\n<figure class=\"aligncenter size-large\"><img decoding=\"async\" width=\"1024\" height=\"571\" src=\"https:\/\/www.tuasaude.com\/news\/wp-content\/uploads\/2026\/09\/Como_reduzir_os_gases_fibras_202609051033-1024x571.jpg\" alt=\"Aumento gradual, \u00e1gua, preparo correto e mastiga\u00e7\u00e3o ajudam a reduzir gases.\" class=\"wp-image-108881\" srcset=\"https:\/\/www.tuasaude.com\/news\/wp-content\/uploads\/2026\/09\/Como_reduzir_os_gases_fibras_202609051033-1024x571.jpg 1024w, https:\/\/www.tuasaude.com\/news\/wp-content\/uploads\/2026\/09\/Como_reduzir_os_gases_fibras_202609051033-300x167.jpg 300w, https:\/\/www.tuasaude.com\/news\/wp-content\/uploads\/2026\/09\/Como_reduzir_os_gases_fibras_202609051033-768x428.jpg 768w, https:\/\/www.tuasaude.com\/news\/wp-content\/uploads\/2026\/09\/Como_reduzir_os_gases_fibras_202609051033-750x418.jpg 750w, https:\/\/www.tuasaude.com\/news\/wp-content\/uploads\/2026\/09\/Como_reduzir_os_gases_fibras_202609051033-1140x636.jpg 1140w, https:\/\/www.tuasaude.com\/news\/wp-content\/uploads\/2026\/09\/Como_reduzir_os_gases_fibras_202609051033.jpg 1280w\" sizes=\"(max-width: 1024px) 100vw, 1024px\" \/><figcaption class=\"wp-element-caption\">Aumento gradual, \u00e1gua, preparo correto e mastiga\u00e7\u00e3o ajudam a reduzir gases.<\/figcaption><\/figure>\n<\/div>\n\n\n<h2 class=\"wp-block-heading\">O que fazer para reduzir o desconforto?<\/h2>\n\n\n\n<p class=\"wp-block-paragraph\">Pequenos ajustes na rotina alimentar diminuem o incha\u00e7o sem que voc\u00ea precise cortar as fibras do card\u00e1pio. Veja o que ajuda no dia a dia:<\/p>\n\n\n\n<ul class=\"wp-block-list\">\n<li><strong>Aumente aos poucos:<\/strong> acrescente de 3 a 5 gramas de fibras por semana, em vez de dobrar a quantidade de uma vez.<\/li>\n\n\n\n<li><strong>Deixe leguminosas de molho:<\/strong> feij\u00e3o, gr\u00e3o-de-bico e lentilha ficam mais diger\u00edveis quando ficam de molho por 8 a 12 horas, com troca da \u00e1gua antes do cozimento.<\/li>\n\n\n\n<li><strong>Mastigue devagar:<\/strong> a digest\u00e3o come\u00e7a na boca e reduz a quantidade de ar engolido durante a refei\u00e7\u00e3o.<\/li>\n\n\n\n<li><strong>Beba mais \u00e1gua:<\/strong> as fibras sol\u00faveis precisam de l\u00edquido para formar o gel que facilita o tr\u00e2nsito intestinal.<\/li>\n\n\n\n<li><strong>Prefira sementes trituradas:<\/strong> chia e linha\u00e7a mo\u00eddas s\u00e3o mais bem aproveitadas e fermentam de forma mais suave.<\/li>\n<\/ul>\n\n\n\n<h2 class=\"wp-block-heading\">O que diz a ci\u00eancia sobre fibras e gases?<\/h2>\n\n\n\n<p class=\"wp-block-paragraph\">A rela\u00e7\u00e3o entre o aumento do consumo de fibras e a produ\u00e7\u00e3o de gases j\u00e1 foi analisada em pesquisas que compararam padr\u00f5es alimentares distintos em volunt\u00e1rios saud\u00e1veis. De acordo com o estudo <a href=\"https:\/\/pmc.ncbi.nlm.nih.gov\/articles\/PMC8400818\/\" target=\"_blank\" rel=\"noreferrer noopener\">Differential Effects of Western and Mediterranean-Type Diets on Gut Microbiota<\/a>, publicado na revista cient\u00edfica Nutrients, uma dieta mediterr\u00e2nea enriquecida com fibras foi bem tolerada pelos participantes, mas resultou em maior n\u00famero de elimina\u00e7\u00f5es de gases, sensa\u00e7\u00e3o de flatul\u00eancia e ru\u00eddos intestinais em compara\u00e7\u00e3o com uma dieta ocidental pobre em fibras.<\/p>\n\n\n\n<p class=\"wp-block-paragraph\">Os autores observaram ainda que a resposta variou bastante entre os volunt\u00e1rios, sendo menos intensa naqueles com microbiota mais diversa, o que refor\u00e7a a import\u00e2ncia da adapta\u00e7\u00e3o gradual e do fortalecimento da flora intestinal ao longo do tempo.<\/p>\n\n\n<div class=\"wp-block-image\">\n<figure class=\"aligncenter size-large\"><img decoding=\"async\" width=\"1024\" height=\"571\" src=\"https:\/\/www.tuasaude.com\/news\/wp-content\/uploads\/2026\/09\/Man_preparing_high_fiber_meal_202609051035-1024x571.jpg\" alt=\"Aveia, chia e feij\u00e3o podem intensificar temporariamente a fermenta\u00e7\u00e3o intestinal.\" class=\"wp-image-108882\" srcset=\"https:\/\/www.tuasaude.com\/news\/wp-content\/uploads\/2026\/09\/Man_preparing_high_fiber_meal_202609051035-1024x571.jpg 1024w, https:\/\/www.tuasaude.com\/news\/wp-content\/uploads\/2026\/09\/Man_preparing_high_fiber_meal_202609051035-300x167.jpg 300w, https:\/\/www.tuasaude.com\/news\/wp-content\/uploads\/2026\/09\/Man_preparing_high_fiber_meal_202609051035-768x428.jpg 768w, https:\/\/www.tuasaude.com\/news\/wp-content\/uploads\/2026\/09\/Man_preparing_high_fiber_meal_202609051035-750x418.jpg 750w, https:\/\/www.tuasaude.com\/news\/wp-content\/uploads\/2026\/09\/Man_preparing_high_fiber_meal_202609051035-1140x636.jpg 1140w, https:\/\/www.tuasaude.com\/news\/wp-content\/uploads\/2026\/09\/Man_preparing_high_fiber_meal_202609051035.jpg 1280w\" sizes=\"(max-width: 1024px) 100vw, 1024px\" \/><figcaption class=\"wp-element-caption\">Aveia, chia e feij\u00e3o podem intensificar temporariamente a fermenta\u00e7\u00e3o intestinal.<\/figcaption><\/figure>\n<\/div>\n\n\n<h2 class=\"wp-block-heading\">Quando os gases indicam algo al\u00e9m da adapta\u00e7\u00e3o?<\/h2>\n\n\n\n<p class=\"wp-block-paragraph\">Se o incha\u00e7o persistir por mais de quatro semanas, vier acompanhado de dor intensa, diarreia, pris\u00e3o de ventre alternada ou perda de peso sem causa aparente, o quadro pode n\u00e3o ser apenas adaptativo. Condi\u00e7\u00f5es como s\u00edndrome do intestino irrit\u00e1vel, intoler\u00e2ncias alimentares e supercrescimento bacteriano no intestino delgado podem se manifestar com sintomas parecidos.<\/p>\n\n\n\n<p class=\"wp-block-paragraph\">Nesses casos, vale conhecer as principais <a href=\"https:\/\/www.tuasaude.com\/gases-intestinais\/\" target=\"_blank\" rel=\"noreferrer noopener\">causas do excesso de gases intestinais<\/a> e observar se h\u00e1 um padr\u00e3o ligado a alimentos espec\u00edficos, como latic\u00ednios ou trigo. Uma avalia\u00e7\u00e3o com nutricionista tamb\u00e9m ajuda a identificar se a <a href=\"https:\/\/www.tuasaude.com\/dieta-fodmap-para-sindrome-do-intestino-irritavel\/\" target=\"_blank\" rel=\"noreferrer noopener\">dieta FODMAP<\/a> pode ser \u00fatil no seu caso.<\/p>\n\n\n\n<p class=\"wp-block-paragraph\"><em>Este conte\u00fado tem car\u00e1ter apenas informativo e n\u00e3o substitui a avalia\u00e7\u00e3o de um m\u00e9dico ou nutricionista. Diante de sintomas persistentes ou d\u00favidas sobre sua alimenta\u00e7\u00e3o, procure orienta\u00e7\u00e3o de um profissional de sa\u00fade qualificado.<\/em><\/p>\n","protected":false},"excerpt":{"rendered":"<p>Se voc\u00ea come\u00e7ou a comer mais aveia, chia, feij\u00e3o ou lentilha e percebeu que a barriga ficou estufada e os gases aumentaram, saiba que essa rea\u00e7\u00e3o \u00e9 comum e, na maioria dos casos, tempor\u00e1ria. O intestino precisa de tempo para se adaptar \u00e0 nova quantidade de fibras, e a fermenta\u00e7\u00e3o feita pelas bact\u00e9rias intestinais \u00e9 [&hellip;]<\/p>\n","protected":false},"author":11,"featured_media":108879,"comment_status":"open","ping_status":"open","sticky":false,"template":"","format":"standard","meta":{"_yoast_wpseo_focuskw":"gases","_yoast_wpseo_title":"","_yoast_wpseo_metadesc":"Fibras e gases podem andar juntos no in\u00edcio da mudan\u00e7a alimentar. Entenda como o intestino se adapta e quais ajustes ajudam a aliviar o desconforto.","jnews-multi-image_gallery":[],"jnews_single_post":{"format":"standard"},"jnews_primary_category":[],"jnews_social_meta":[],"jnews_override_counter":[],"footnotes":""},"categories":[111],"tags":[220,1132,175,136],"class_list":["post-108852","post","type-post","status-publish","format-standard","has-post-thumbnail","hentry","category-saude","tag-alimentacao","tag-fibras","tag-gases","tag-saude"],"yoast_head":"<!-- This site is optimized with the Yoast SEO plugin v26.7 - https:\/\/yoast.com\/wordpress\/plugins\/seo\/ -->\n<title>Aumentou as fibras e ficou com mais gases? Entenda o que pode estar acontecendo - Tua Sa\u00fade<\/title>\n<meta name=\"description\" content=\"Fibras e gases podem andar juntos no in\u00edcio da mudan\u00e7a alimentar. Entenda como o intestino se adapta e quais ajustes ajudam a aliviar o desconforto.\" \/>\n<meta name=\"robots\" content=\"index, follow, max-snippet:-1, max-image-preview:large, max-video-preview:-1\" \/>\n<link rel=\"canonical\" href=\"https:\/\/www.tuasaude.com\/news\/2026\/09\/05\/aumentou-as-fibras-e-ficou-com-mais-gases-entenda-o-que-pode-estar-acontecendo\/\" \/>\n<meta property=\"og:locale\" content=\"pt_BR\" \/>\n<meta property=\"og:type\" content=\"article\" \/>\n<meta property=\"og:title\" content=\"Aumentou as fibras e ficou com mais gases? Entenda o que pode estar acontecendo - Tua Sa\u00fade\" \/>\n<meta property=\"og:description\" content=\"Fibras e gases podem andar juntos no in\u00edcio da mudan\u00e7a alimentar. Entenda como o intestino se adapta e quais ajustes ajudam a aliviar o desconforto.\" \/>\n<meta property=\"og:url\" content=\"https:\/\/www.tuasaude.com\/news\/2026\/09\/05\/aumentou-as-fibras-e-ficou-com-mais-gases-entenda-o-que-pode-estar-acontecendo\/\" \/>\n<meta property=\"og:site_name\" content=\"Tua Sa\u00fade\" \/>\n<meta property=\"article:published_time\" content=\"2026-09-05T14:20:00+00:00\" \/>\n<meta property=\"og:image\" content=\"https:\/\/www.tuasaude.com\/news\/wp-content\/uploads\/2026\/09\/Man_preparing_fiber-rich_meal_202609051033.jpg\" \/>\n\t<meta property=\"og:image:width\" content=\"1280\" \/>\n\t<meta property=\"og:image:height\" content=\"714\" \/>\n\t<meta property=\"og:image:type\" content=\"image\/jpeg\" \/>\n<meta name=\"author\" content=\"Gessika Julia Carvalho\" \/>\n<meta name=\"twitter:card\" content=\"summary_large_image\" \/>\n<meta name=\"twitter:label1\" content=\"Escrito por\" \/>\n\t<meta name=\"twitter:data1\" content=\"Gessika Julia Carvalho\" \/>\n\t<meta name=\"twitter:label2\" content=\"Est. tempo de leitura\" \/>\n\t<meta name=\"twitter:data2\" content=\"5 minutos\" \/>\n<!-- \/ Yoast SEO plugin. -->","yoast_head_json":{"title":"Aumentou as fibras e ficou com mais gases? Entenda o que pode estar acontecendo - Tua Sa\u00fade","description":"Fibras e gases podem andar juntos no in\u00edcio da mudan\u00e7a alimentar. Entenda como o intestino se adapta e quais ajustes ajudam a aliviar o desconforto.","robots":{"index":"index","follow":"follow","max-snippet":"max-snippet:-1","max-image-preview":"max-image-preview:large","max-video-preview":"max-video-preview:-1"},"canonical":"https:\/\/www.tuasaude.com\/news\/2026\/09\/05\/aumentou-as-fibras-e-ficou-com-mais-gases-entenda-o-que-pode-estar-acontecendo\/","og_locale":"pt_BR","og_type":"article","og_title":"Aumentou as fibras e ficou com mais gases? Entenda o que pode estar acontecendo - Tua Sa\u00fade","og_description":"Fibras e gases podem andar juntos no in\u00edcio da mudan\u00e7a alimentar. Entenda como o intestino se adapta e quais ajustes ajudam a aliviar o desconforto.","og_url":"https:\/\/www.tuasaude.com\/news\/2026\/09\/05\/aumentou-as-fibras-e-ficou-com-mais-gases-entenda-o-que-pode-estar-acontecendo\/","og_site_name":"Tua Sa\u00fade","article_published_time":"2026-09-05T14:20:00+00:00","og_image":[{"width":1280,"height":714,"url":"https:\/\/www.tuasaude.com\/news\/wp-content\/uploads\/2026\/09\/Man_preparing_fiber-rich_meal_202609051033.jpg","type":"image\/jpeg"}],"author":"Gessika Julia Carvalho","twitter_card":"summary_large_image","twitter_misc":{"Escrito por":"Gessika Julia Carvalho","Est. tempo de leitura":"5 minutos"},"schema":{"@context":"https:\/\/schema.org","@graph":[{"@type":"Article","@id":"https:\/\/www.tuasaude.com\/news\/2026\/09\/05\/aumentou-as-fibras-e-ficou-com-mais-gases-entenda-o-que-pode-estar-acontecendo\/#article","isPartOf":{"@id":"https:\/\/www.tuasaude.com\/news\/2026\/09\/05\/aumentou-as-fibras-e-ficou-com-mais-gases-entenda-o-que-pode-estar-acontecendo\/"},"author":{"name":"Gessika Julia Carvalho","@id":"https:\/\/www.tuasaude.com\/news\/#\/schema\/person\/2e9df841be69ec84f5d20ddb8d273ac2"},"headline":"Aumentou as fibras e ficou com mais gases? Entenda o que pode estar acontecendo","datePublished":"2026-09-05T14:20:00+00:00","mainEntityOfPage":{"@id":"https:\/\/www.tuasaude.com\/news\/2026\/09\/05\/aumentou-as-fibras-e-ficou-com-mais-gases-entenda-o-que-pode-estar-acontecendo\/"},"wordCount":796,"commentCount":0,"image":{"@id":"https:\/\/www.tuasaude.com\/news\/2026\/09\/05\/aumentou-as-fibras-e-ficou-com-mais-gases-entenda-o-que-pode-estar-acontecendo\/#primaryimage"},"thumbnailUrl":"https:\/\/www.tuasaude.com\/news\/wp-content\/uploads\/2026\/09\/Man_preparing_fiber-rich_meal_202609051033.jpg","keywords":["Alimenta\u00e7\u00e3o","fibras","gases","sa\u00fade"],"articleSection":["Sa\u00fade"],"inLanguage":"pt-BR","potentialAction":[{"@type":"CommentAction","name":"Comment","target":["https:\/\/www.tuasaude.com\/news\/2026\/09\/05\/aumentou-as-fibras-e-ficou-com-mais-gases-entenda-o-que-pode-estar-acontecendo\/#respond"]}]},{"@type":"WebPage","@id":"https:\/\/www.tuasaude.com\/news\/2026\/09\/05\/aumentou-as-fibras-e-ficou-com-mais-gases-entenda-o-que-pode-estar-acontecendo\/","url":"https:\/\/www.tuasaude.com\/news\/2026\/09\/05\/aumentou-as-fibras-e-ficou-com-mais-gases-entenda-o-que-pode-estar-acontecendo\/","name":"Aumentou as fibras e ficou com mais gases? Entenda o que pode estar acontecendo - Tua Sa\u00fade","isPartOf":{"@id":"https:\/\/www.tuasaude.com\/news\/#website"},"primaryImageOfPage":{"@id":"https:\/\/www.tuasaude.com\/news\/2026\/09\/05\/aumentou-as-fibras-e-ficou-com-mais-gases-entenda-o-que-pode-estar-acontecendo\/#primaryimage"},"image":{"@id":"https:\/\/www.tuasaude.com\/news\/2026\/09\/05\/aumentou-as-fibras-e-ficou-com-mais-gases-entenda-o-que-pode-estar-acontecendo\/#primaryimage"},"thumbnailUrl":"https:\/\/www.tuasaude.com\/news\/wp-content\/uploads\/2026\/09\/Man_preparing_fiber-rich_meal_202609051033.jpg","datePublished":"2026-09-05T14:20:00+00:00","author":{"@id":"https:\/\/www.tuasaude.com\/news\/#\/schema\/person\/2e9df841be69ec84f5d20ddb8d273ac2"},"description":"Fibras e gases podem andar juntos no in\u00edcio da mudan\u00e7a alimentar. Entenda como o intestino se adapta e quais ajustes ajudam a aliviar o desconforto.","breadcrumb":{"@id":"https:\/\/www.tuasaude.com\/news\/2026\/09\/05\/aumentou-as-fibras-e-ficou-com-mais-gases-entenda-o-que-pode-estar-acontecendo\/#breadcrumb"},"inLanguage":"pt-BR","potentialAction":[{"@type":"ReadAction","target":["https:\/\/www.tuasaude.com\/news\/2026\/09\/05\/aumentou-as-fibras-e-ficou-com-mais-gases-entenda-o-que-pode-estar-acontecendo\/"]}]},{"@type":"ImageObject","inLanguage":"pt-BR","@id":"https:\/\/www.tuasaude.com\/news\/2026\/09\/05\/aumentou-as-fibras-e-ficou-com-mais-gases-entenda-o-que-pode-estar-acontecendo\/#primaryimage","url":"https:\/\/www.tuasaude.com\/news\/wp-content\/uploads\/2026\/09\/Man_preparing_fiber-rich_meal_202609051033.jpg","contentUrl":"https:\/\/www.tuasaude.com\/news\/wp-content\/uploads\/2026\/09\/Man_preparing_fiber-rich_meal_202609051033.jpg","width":1280,"height":714,"caption":"Aumentou as fibras e ficou com mais gases? Entenda o que pode estar acontecendo"},{"@type":"BreadcrumbList","@id":"https:\/\/www.tuasaude.com\/news\/2026\/09\/05\/aumentou-as-fibras-e-ficou-com-mais-gases-entenda-o-que-pode-estar-acontecendo\/#breadcrumb","itemListElement":[{"@type":"ListItem","position":1,"name":"In\u00edcio","item":"https:\/\/www.tuasaude.com\/news\/"},{"@type":"ListItem","position":2,"name":"Aumentou as fibras e ficou com mais gases? Entenda o que pode estar acontecendo"}]},{"@type":"WebSite","@id":"https:\/\/www.tuasaude.com\/news\/#website","url":"https:\/\/www.tuasaude.com\/news\/","name":"Tua Sa\u00fade","description":"Seu site de sa\u00fade","potentialAction":[{"@type":"SearchAction","target":{"@type":"EntryPoint","urlTemplate":"https:\/\/www.tuasaude.com\/news\/?s={search_term_string}"},"query-input":{"@type":"PropertyValueSpecification","valueRequired":true,"valueName":"search_term_string"}}],"inLanguage":"pt-BR"},{"@type":"Person","@id":"https:\/\/www.tuasaude.com\/news\/#\/schema\/person\/2e9df841be69ec84f5d20ddb8d273ac2","name":"Gessika Julia Carvalho","image":{"@type":"ImageObject","inLanguage":"pt-BR","@id":"https:\/\/www.tuasaude.com\/news\/#\/schema\/person\/image\/","url":"https:\/\/secure.gravatar.com\/avatar\/0fcc8769024577fd0bc6a8b766055690f76a8e8f29dfb2a2f89cf04db8d0f2d2?s=96&d=mm&r=g","contentUrl":"https:\/\/secure.gravatar.com\/avatar\/0fcc8769024577fd0bc6a8b766055690f76a8e8f29dfb2a2f89cf04db8d0f2d2?s=96&d=mm&r=g","caption":"Gessika Julia Carvalho"},"sameAs":["https:\/\/www.tuasaude.com\/news\/"],"url":"https:\/\/www.tuasaude.com\/news\/author\/gessika-julia\/"}]}},"_links":{"self":[{"href":"https:\/\/www.tuasaude.com\/news\/wp-json\/wp\/v2\/posts\/108852","targetHints":{"allow":["GET"]}}],"collection":[{"href":"https:\/\/www.tuasaude.com\/news\/wp-json\/wp\/v2\/posts"}],"about":[{"href":"https:\/\/www.tuasaude.com\/news\/wp-json\/wp\/v2\/types\/post"}],"author":[{"embeddable":true,"href":"https:\/\/www.tuasaude.com\/news\/wp-json\/wp\/v2\/users\/11"}],"replies":[{"embeddable":true,"href":"https:\/\/www.tuasaude.com\/news\/wp-json\/wp\/v2\/comments?post=108852"}],"version-history":[{"count":1,"href":"https:\/\/www.tuasaude.com\/news\/wp-json\/wp\/v2\/posts\/108852\/revisions"}],"predecessor-version":[{"id":108887,"href":"https:\/\/www.tuasaude.com\/news\/wp-json\/wp\/v2\/posts\/108852\/revisions\/108887"}],"wp:featuredmedia":[{"embeddable":true,"href":"https:\/\/www.tuasaude.com\/news\/wp-json\/wp\/v2\/media\/108879"}],"wp:attachment":[{"href":"https:\/\/www.tuasaude.com\/news\/wp-json\/wp\/v2\/media?parent=108852"}],"wp:term":[{"taxonomy":"category","embeddable":true,"href":"https:\/\/www.tuasaude.com\/news\/wp-json\/wp\/v2\/categories?post=108852"},{"taxonomy":"post_tag","embeddable":true,"href":"https:\/\/www.tuasaude.com\/news\/wp-json\/wp\/v2\/tags?post=108852"}],"curies":[{"name":"wp","href":"https:\/\/api.w.org\/{rel}","templated":true}]}}