{"id":108825,"date":"2026-09-05T13:00:00","date_gmt":"2026-09-05T16:00:00","guid":{"rendered":"https:\/\/www.tuasaude.com\/news\/?p=108825"},"modified":"2026-09-05T09:59:38","modified_gmt":"2026-09-05T12:59:38","slug":"parou-de-fumar-hoje-o-coracao-ja-comeca-a-sentir-a-mudanca-nas-primeiras-horas","status":"publish","type":"post","link":"https:\/\/www.tuasaude.com\/news\/2026\/09\/05\/parou-de-fumar-hoje-o-coracao-ja-comeca-a-sentir-a-mudanca-nas-primeiras-horas\/","title":{"rendered":"Parou de fumar hoje? O cora\u00e7\u00e3o j\u00e1 come\u00e7a a sentir a mudan\u00e7a nas primeiras horas"},"content":{"rendered":"\n<p class=\"wp-block-paragraph\"><strong>Parar de fumar<\/strong> produz mudan\u00e7as no organismo pouco tempo depois do \u00faltimo cigarro. A frequ\u00eancia card\u00edaca come\u00e7a a cair nas primeiras horas, enquanto a exposi\u00e7\u00e3o \u00e0 nicotina e ao mon\u00f3xido de carbono diminui progressivamente. Os benef\u00edcios continuam se acumulando com os dias, meses e anos sem tabaco, embora fissura, irritabilidade e ansiedade possam tornar o in\u00edcio mais dif\u00edcil.<\/p>\n\n\n\n<h2 class=\"wp-block-heading\">O cora\u00e7\u00e3o reage logo ap\u00f3s parar de fumar<\/h2>\n\n\n\n<p class=\"wp-block-paragraph\">A nicotina estimula o sistema nervoso e pode acelerar os batimentos card\u00edacos, al\u00e9m de favorecer o aumento da press\u00e3o arterial. Quando o cigarro \u00e9 interrompido, esse est\u00edmulo deixa de ser renovado e <strong>a frequ\u00eancia card\u00edaca come\u00e7a a diminuir<\/strong>.<\/p>\n\n\n\n<p class=\"wp-block-paragraph\">Segundo o <a href=\"https:\/\/www.cdc.gov\/tobacco\/about\/benefits-of-quitting.html\" target=\"_blank\" rel=\"noopener noreferrer\">CDC<\/a>, a frequ\u00eancia card\u00edaca cai em minutos ap\u00f3s o \u00faltimo cigarro. Em cerca de 24 horas, a nicotina no sangue chega a zero, e o risco cardiovascular continua diminuindo com o tempo.<\/p>\n\n\n\n<h2 class=\"wp-block-heading\">O que muda com o passar do tempo<\/h2>\n\n\n<div class=\"wp-block-image wp-block-image size-large\">\n<figure class=\"aligncenter\"><img decoding=\"async\" width=\"1280\" height=\"714\" src=\"https:\/\/www.tuasaude.com\/news\/wp-content\/uploads\/2026\/09\/108825_parou-de-fumar-hoje-o-coracao-ja-comeca-a-sentir-a-mudanca-n_corpo.jpg\" alt=\"Os benef\u00edcios cardiovasculares come\u00e7am nas primeiras horas e continuam aumentando com o tempo sem cigarro.\" class=\"wp-image-108827\" srcset=\"https:\/\/www.tuasaude.com\/news\/wp-content\/uploads\/2026\/09\/108825_parou-de-fumar-hoje-o-coracao-ja-comeca-a-sentir-a-mudanca-n_corpo.jpg 1280w, https:\/\/www.tuasaude.com\/news\/wp-content\/uploads\/2026\/09\/108825_parou-de-fumar-hoje-o-coracao-ja-comeca-a-sentir-a-mudanca-n_corpo-300x167.jpg 300w, https:\/\/www.tuasaude.com\/news\/wp-content\/uploads\/2026\/09\/108825_parou-de-fumar-hoje-o-coracao-ja-comeca-a-sentir-a-mudanca-n_corpo-1024x571.jpg 1024w, https:\/\/www.tuasaude.com\/news\/wp-content\/uploads\/2026\/09\/108825_parou-de-fumar-hoje-o-coracao-ja-comeca-a-sentir-a-mudanca-n_corpo-768x428.jpg 768w, https:\/\/www.tuasaude.com\/news\/wp-content\/uploads\/2026\/09\/108825_parou-de-fumar-hoje-o-coracao-ja-comeca-a-sentir-a-mudanca-n_corpo-750x418.jpg 750w, https:\/\/www.tuasaude.com\/news\/wp-content\/uploads\/2026\/09\/108825_parou-de-fumar-hoje-o-coracao-ja-comeca-a-sentir-a-mudanca-n_corpo-1140x636.jpg 1140w\" sizes=\"(max-width: 1280px) 100vw, 1280px\" \/><figcaption class=\"wp-element-caption\">Os benef\u00edcios cardiovasculares come\u00e7am nas primeiras horas e continuam aumentando com o tempo sem cigarro.<\/figcaption><\/figure>\n<\/div>\n\n\n<p class=\"wp-block-paragraph\">A recupera\u00e7\u00e3o n\u00e3o acontece de uma s\u00f3 vez. Ao <strong>parar de fumar<\/strong>, diferentes sistemas do corpo respondem em ritmos pr\u00f3prios, e alguns benef\u00edcios podem ser percebidos muito antes de uma redu\u00e7\u00e3o importante do risco de doen\u00e7as.<\/p>\n\n\n\n<ul class=\"wp-block-list\">\n<li><strong>Primeiras horas:<\/strong> a frequ\u00eancia card\u00edaca come\u00e7a a cair e os efeitos estimulantes da nicotina diminuem.<\/li>\n<li><strong>Primeiro dia:<\/strong> os n\u00edveis de nicotina no sangue caem intensamente.<\/li>\n<li><strong>Em alguns dias:<\/strong> o mon\u00f3xido de carbono retorna a n\u00edveis semelhantes aos de quem n\u00e3o fuma.<\/li>\n<li><strong>Em 1 a 12 meses:<\/strong> tosse e falta de ar tendem a diminuir.<\/li>\n<li><strong>Em 1 a 2 anos:<\/strong> o risco de infarto cai de forma acentuada em compara\u00e7\u00e3o com quem continua fumando.<\/li>\n<\/ul>\n\n\n\n<h2 class=\"wp-block-heading\">O que um estudo mostra nas primeiras horas<\/h2>\n\n\n\n<p class=\"wp-block-paragraph\">Segundo o estudo <a href=\"https:\/\/pubmed.ncbi.nlm.nih.gov\/7662249\/\" target=\"_blank\" rel=\"noopener noreferrer\"><em>Ambulatory monitoring of heart rate and blood pressure during the first week after smoking cessation<\/em><\/a>, publicado no <em>American Journal of Hypertension<\/em>, pesquisadores acompanharam frequ\u00eancia card\u00edaca e press\u00e3o arterial durante a primeira semana ap\u00f3s a interrup\u00e7\u00e3o do cigarro.<\/p>\n\n\n\n<p class=\"wp-block-paragraph\">O estudo observou que a <strong>frequ\u00eancia card\u00edaca caiu progressivamente nas primeiras seis horas<\/strong> e atingiu valores semelhantes aos registrados nos dias seguintes sem fumar. A press\u00e3o arterial tamb\u00e9m apresentou redu\u00e7\u00e3o nesse per\u00edodo, embora a resposta tenha sido menos acentuada.<\/p>\n\n\n\n<h2 class=\"wp-block-heading\">Fissura e irritabilidade podem aparecer<\/h2>\n\n\n\n<p class=\"wp-block-paragraph\">Os primeiros dias tamb\u00e9m podem trazer sintomas de abstin\u00eancia da nicotina. Reconhecer essas manifesta\u00e7\u00f5es ajuda a entender que o desconforto pode fazer parte do processo e que existem estrat\u00e9gias para aumentar a chance de manter a abstin\u00eancia.<\/p>\n\n\n\n<ul class=\"wp-block-list\">\n<li><strong>Fissura por cigarro<\/strong>, especialmente diante de situa\u00e7\u00f5es associadas ao h\u00e1bito;<\/li>\n<li>irritabilidade, inquieta\u00e7\u00e3o ou ansiedade;<\/li>\n<li>dificuldade de concentra\u00e7\u00e3o e altera\u00e7\u00f5es do sono;<\/li>\n<li>aumento do apetite em algumas pessoas;<\/li>\n<li>necessidade de apoio profissional quando os sintomas dificultam permanecer sem fumar.<\/li>\n<\/ul>\n\n\n<div class=\"wp-block-image wp-block-image size-large\">\n<figure class=\"aligncenter\"><img decoding=\"async\" width=\"1280\" height=\"575\" src=\"https:\/\/www.tuasaude.com\/news\/wp-content\/uploads\/2026\/09\/108825_parou-de-fumar-hoje-o-coracao-ja-comeca-a-sentir-a-mudanca-n_tabela.jpg\" alt=\"Parou de fumar? Veja o que muda no cora\u00e7\u00e3o e no corpo desde as primeiras horas\" class=\"wp-image-108828\" srcset=\"https:\/\/www.tuasaude.com\/news\/wp-content\/uploads\/2026\/09\/108825_parou-de-fumar-hoje-o-coracao-ja-comeca-a-sentir-a-mudanca-n_tabela.jpg 1280w, https:\/\/www.tuasaude.com\/news\/wp-content\/uploads\/2026\/09\/108825_parou-de-fumar-hoje-o-coracao-ja-comeca-a-sentir-a-mudanca-n_tabela-300x135.jpg 300w, https:\/\/www.tuasaude.com\/news\/wp-content\/uploads\/2026\/09\/108825_parou-de-fumar-hoje-o-coracao-ja-comeca-a-sentir-a-mudanca-n_tabela-1024x460.jpg 1024w, https:\/\/www.tuasaude.com\/news\/wp-content\/uploads\/2026\/09\/108825_parou-de-fumar-hoje-o-coracao-ja-comeca-a-sentir-a-mudanca-n_tabela-768x345.jpg 768w, https:\/\/www.tuasaude.com\/news\/wp-content\/uploads\/2026\/09\/108825_parou-de-fumar-hoje-o-coracao-ja-comeca-a-sentir-a-mudanca-n_tabela-750x337.jpg 750w, https:\/\/www.tuasaude.com\/news\/wp-content\/uploads\/2026\/09\/108825_parou-de-fumar-hoje-o-coracao-ja-comeca-a-sentir-a-mudanca-n_tabela-1140x512.jpg 1140w\" sizes=\"(max-width: 1280px) 100vw, 1280px\" \/><figcaption class=\"wp-element-caption\">Parou de fumar? Veja o que muda no cora\u00e7\u00e3o e no corpo desde as primeiras horas<\/figcaption><\/figure>\n<\/div>\n\n\n<h2 class=\"wp-block-heading\">Como aumentar as chances de continuar sem cigarro<\/h2>\n\n\n\n<p class=\"wp-block-paragraph\">Aconselhamento profissional e medicamentos para depend\u00eancia de nicotina podem ajudar, especialmente quando usados de forma combinada e com orienta\u00e7\u00e3o adequada. Terapia de reposi\u00e7\u00e3o de nicotina, vareniclina e bupropiona s\u00e3o algumas op\u00e7\u00f5es que podem ser avaliadas por um profissional de sa\u00fade.<\/p>\n\n\n\n<p class=\"wp-block-paragraph\">Tamb\u00e9m ajuda identificar gatilhos, retirar cigarros e cinzeiros do ambiente e buscar apoio de pessoas pr\u00f3ximas. Veja outras <a href=\"https:\/\/www.tuasaude.com\/6-dicas-para-parar-de-fumar\/\" target=\"_blank\" rel=\"noopener noreferrer\">dicas para parar de fumar<\/a> e tornar esse per\u00edodo mais manej\u00e1vel. Mesmo ap\u00f3s anos de tabagismo, interromper o cigarro traz benef\u00edcios progressivos para o cora\u00e7\u00e3o e para a sa\u00fade em geral.<\/p>\n\n\n\n<p class=\"wp-block-paragraph\"><strong>Este conte\u00fado \u00e9 apenas informativo e n\u00e3o substitui a avalia\u00e7\u00e3o e a orienta\u00e7\u00e3o de um m\u00e9dico.<\/strong><\/p>\n","protected":false},"excerpt":{"rendered":"<p>Parar de fumar produz mudan\u00e7as no organismo pouco tempo depois do \u00faltimo cigarro. A frequ\u00eancia card\u00edaca come\u00e7a a cair nas primeiras horas, enquanto a exposi\u00e7\u00e3o \u00e0 nicotina e ao mon\u00f3xido de carbono diminui progressivamente. Os benef\u00edcios continuam se acumulando com os dias, meses e anos sem tabaco, embora fissura, irritabilidade e ansiedade possam tornar o [&hellip;]<\/p>\n","protected":false},"author":12,"featured_media":108826,"comment_status":"open","ping_status":"open","sticky":false,"template":"","format":"standard","meta":{"_yoast_wpseo_focuskw":"parar de fumar","_yoast_wpseo_title":"","_yoast_wpseo_metadesc":"Parar de fumar reduz a frequ\u00eancia card\u00edaca j\u00e1 nas primeiras horas e traz benef\u00edcios progressivos ao cora\u00e7\u00e3o, segundo estudo e dados do CDC.","jnews-multi-image_gallery":[],"jnews_single_post":{"format":"standard"},"jnews_primary_category":[],"jnews_social_meta":[],"jnews_override_counter":[],"footnotes":""},"categories":[111],"tags":[13369,13247,2719],"class_list":["post-108825","post","type-post","status-publish","format-standard","has-post-thumbnail","hentry","category-saude","tag-abstinencia-de-nicotina","tag-beneficios-de-parar-de-fumar","tag-frequencia-cardiaca"],"yoast_head":"<!-- This site is optimized with the Yoast SEO plugin v26.7 - https:\/\/yoast.com\/wordpress\/plugins\/seo\/ -->\n<title>Parou de fumar hoje? O cora\u00e7\u00e3o j\u00e1 come\u00e7a a sentir a mudan\u00e7a nas primeiras horas - Tua Sa\u00fade<\/title>\n<meta name=\"description\" content=\"Parar de fumar reduz a frequ\u00eancia card\u00edaca j\u00e1 nas primeiras horas e traz benef\u00edcios progressivos ao cora\u00e7\u00e3o, segundo estudo e dados do CDC.\" \/>\n<meta name=\"robots\" content=\"index, follow, max-snippet:-1, max-image-preview:large, max-video-preview:-1\" \/>\n<link rel=\"canonical\" href=\"https:\/\/www.tuasaude.com\/news\/2026\/09\/05\/parou-de-fumar-hoje-o-coracao-ja-comeca-a-sentir-a-mudanca-nas-primeiras-horas\/\" \/>\n<meta property=\"og:locale\" content=\"pt_BR\" \/>\n<meta property=\"og:type\" content=\"article\" \/>\n<meta property=\"og:title\" content=\"Parou de fumar hoje? O cora\u00e7\u00e3o j\u00e1 come\u00e7a a sentir a mudan\u00e7a nas primeiras horas - Tua Sa\u00fade\" \/>\n<meta property=\"og:description\" content=\"Parar de fumar reduz a frequ\u00eancia card\u00edaca j\u00e1 nas primeiras horas e traz benef\u00edcios progressivos ao cora\u00e7\u00e3o, segundo estudo e dados do CDC.\" \/>\n<meta property=\"og:url\" content=\"https:\/\/www.tuasaude.com\/news\/2026\/09\/05\/parou-de-fumar-hoje-o-coracao-ja-comeca-a-sentir-a-mudanca-nas-primeiras-horas\/\" \/>\n<meta property=\"og:site_name\" content=\"Tua Sa\u00fade\" \/>\n<meta property=\"article:published_time\" content=\"2026-09-05T16:00:00+00:00\" \/>\n<meta property=\"og:image\" content=\"https:\/\/www.tuasaude.com\/news\/wp-content\/uploads\/2026\/09\/108825_parou-de-fumar-hoje-o-coracao-ja-comeca-a-sentir-a-mudanca-n_destaque.jpg\" \/>\n\t<meta property=\"og:image:width\" content=\"1280\" \/>\n\t<meta property=\"og:image:height\" content=\"714\" \/>\n\t<meta property=\"og:image:type\" content=\"image\/jpeg\" \/>\n<meta name=\"author\" content=\"Jeferson Henrique\" \/>\n<meta name=\"twitter:card\" content=\"summary_large_image\" \/>\n<meta name=\"twitter:label1\" content=\"Escrito por\" \/>\n\t<meta name=\"twitter:data1\" content=\"Jeferson Henrique\" \/>\n\t<meta name=\"twitter:label2\" content=\"Est. tempo de leitura\" \/>\n\t<meta name=\"twitter:data2\" content=\"3 minutos\" \/>\n<!-- \/ Yoast SEO plugin. -->","yoast_head_json":{"title":"Parou de fumar hoje? O cora\u00e7\u00e3o j\u00e1 come\u00e7a a sentir a mudan\u00e7a nas primeiras horas - Tua Sa\u00fade","description":"Parar de fumar reduz a frequ\u00eancia card\u00edaca j\u00e1 nas primeiras horas e traz benef\u00edcios progressivos ao cora\u00e7\u00e3o, segundo estudo e dados do CDC.","robots":{"index":"index","follow":"follow","max-snippet":"max-snippet:-1","max-image-preview":"max-image-preview:large","max-video-preview":"max-video-preview:-1"},"canonical":"https:\/\/www.tuasaude.com\/news\/2026\/09\/05\/parou-de-fumar-hoje-o-coracao-ja-comeca-a-sentir-a-mudanca-nas-primeiras-horas\/","og_locale":"pt_BR","og_type":"article","og_title":"Parou de fumar hoje? O cora\u00e7\u00e3o j\u00e1 come\u00e7a a sentir a mudan\u00e7a nas primeiras horas - Tua Sa\u00fade","og_description":"Parar de fumar reduz a frequ\u00eancia card\u00edaca j\u00e1 nas primeiras horas e traz benef\u00edcios progressivos ao cora\u00e7\u00e3o, segundo estudo e dados do CDC.","og_url":"https:\/\/www.tuasaude.com\/news\/2026\/09\/05\/parou-de-fumar-hoje-o-coracao-ja-comeca-a-sentir-a-mudanca-nas-primeiras-horas\/","og_site_name":"Tua Sa\u00fade","article_published_time":"2026-09-05T16:00:00+00:00","og_image":[{"width":1280,"height":714,"url":"https:\/\/www.tuasaude.com\/news\/wp-content\/uploads\/2026\/09\/108825_parou-de-fumar-hoje-o-coracao-ja-comeca-a-sentir-a-mudanca-n_destaque.jpg","type":"image\/jpeg"}],"author":"Jeferson Henrique","twitter_card":"summary_large_image","twitter_misc":{"Escrito por":"Jeferson Henrique","Est. tempo de leitura":"3 minutos"},"schema":{"@context":"https:\/\/schema.org","@graph":[{"@type":"Article","@id":"https:\/\/www.tuasaude.com\/news\/2026\/09\/05\/parou-de-fumar-hoje-o-coracao-ja-comeca-a-sentir-a-mudanca-nas-primeiras-horas\/#article","isPartOf":{"@id":"https:\/\/www.tuasaude.com\/news\/2026\/09\/05\/parou-de-fumar-hoje-o-coracao-ja-comeca-a-sentir-a-mudanca-nas-primeiras-horas\/"},"author":{"name":"Jeferson Henrique","@id":"https:\/\/www.tuasaude.com\/news\/#\/schema\/person\/963d63d4e1f0c81f5f3a70ba4bcb0ef7"},"headline":"Parou de fumar hoje? O cora\u00e7\u00e3o j\u00e1 come\u00e7a a sentir a mudan\u00e7a nas primeiras horas","datePublished":"2026-09-05T16:00:00+00:00","mainEntityOfPage":{"@id":"https:\/\/www.tuasaude.com\/news\/2026\/09\/05\/parou-de-fumar-hoje-o-coracao-ja-comeca-a-sentir-a-mudanca-nas-primeiras-horas\/"},"wordCount":654,"commentCount":0,"image":{"@id":"https:\/\/www.tuasaude.com\/news\/2026\/09\/05\/parou-de-fumar-hoje-o-coracao-ja-comeca-a-sentir-a-mudanca-nas-primeiras-horas\/#primaryimage"},"thumbnailUrl":"https:\/\/www.tuasaude.com\/news\/wp-content\/uploads\/2026\/09\/108825_parou-de-fumar-hoje-o-coracao-ja-comeca-a-sentir-a-mudanca-n_destaque.jpg","keywords":["abstin\u00eancia de nicotina","benef\u00edcios de parar de fumar","frequ\u00eancia card\u00edaca"],"articleSection":["Sa\u00fade"],"inLanguage":"pt-BR","potentialAction":[{"@type":"CommentAction","name":"Comment","target":["https:\/\/www.tuasaude.com\/news\/2026\/09\/05\/parou-de-fumar-hoje-o-coracao-ja-comeca-a-sentir-a-mudanca-nas-primeiras-horas\/#respond"]}]},{"@type":"WebPage","@id":"https:\/\/www.tuasaude.com\/news\/2026\/09\/05\/parou-de-fumar-hoje-o-coracao-ja-comeca-a-sentir-a-mudanca-nas-primeiras-horas\/","url":"https:\/\/www.tuasaude.com\/news\/2026\/09\/05\/parou-de-fumar-hoje-o-coracao-ja-comeca-a-sentir-a-mudanca-nas-primeiras-horas\/","name":"Parou de fumar hoje? O cora\u00e7\u00e3o j\u00e1 come\u00e7a a sentir a mudan\u00e7a nas primeiras horas - Tua Sa\u00fade","isPartOf":{"@id":"https:\/\/www.tuasaude.com\/news\/#website"},"primaryImageOfPage":{"@id":"https:\/\/www.tuasaude.com\/news\/2026\/09\/05\/parou-de-fumar-hoje-o-coracao-ja-comeca-a-sentir-a-mudanca-nas-primeiras-horas\/#primaryimage"},"image":{"@id":"https:\/\/www.tuasaude.com\/news\/2026\/09\/05\/parou-de-fumar-hoje-o-coracao-ja-comeca-a-sentir-a-mudanca-nas-primeiras-horas\/#primaryimage"},"thumbnailUrl":"https:\/\/www.tuasaude.com\/news\/wp-content\/uploads\/2026\/09\/108825_parou-de-fumar-hoje-o-coracao-ja-comeca-a-sentir-a-mudanca-n_destaque.jpg","datePublished":"2026-09-05T16:00:00+00:00","author":{"@id":"https:\/\/www.tuasaude.com\/news\/#\/schema\/person\/963d63d4e1f0c81f5f3a70ba4bcb0ef7"},"description":"Parar de fumar reduz a frequ\u00eancia card\u00edaca j\u00e1 nas primeiras horas e traz benef\u00edcios progressivos ao cora\u00e7\u00e3o, segundo estudo e dados do CDC.","breadcrumb":{"@id":"https:\/\/www.tuasaude.com\/news\/2026\/09\/05\/parou-de-fumar-hoje-o-coracao-ja-comeca-a-sentir-a-mudanca-nas-primeiras-horas\/#breadcrumb"},"inLanguage":"pt-BR","potentialAction":[{"@type":"ReadAction","target":["https:\/\/www.tuasaude.com\/news\/2026\/09\/05\/parou-de-fumar-hoje-o-coracao-ja-comeca-a-sentir-a-mudanca-nas-primeiras-horas\/"]}]},{"@type":"ImageObject","inLanguage":"pt-BR","@id":"https:\/\/www.tuasaude.com\/news\/2026\/09\/05\/parou-de-fumar-hoje-o-coracao-ja-comeca-a-sentir-a-mudanca-nas-primeiras-horas\/#primaryimage","url":"https:\/\/www.tuasaude.com\/news\/wp-content\/uploads\/2026\/09\/108825_parou-de-fumar-hoje-o-coracao-ja-comeca-a-sentir-a-mudanca-n_destaque.jpg","contentUrl":"https:\/\/www.tuasaude.com\/news\/wp-content\/uploads\/2026\/09\/108825_parou-de-fumar-hoje-o-coracao-ja-comeca-a-sentir-a-mudanca-n_destaque.jpg","width":1280,"height":714,"caption":"O cora\u00e7\u00e3o come\u00e7a a responder positivamente poucas horas depois de parar de fumar."},{"@type":"BreadcrumbList","@id":"https:\/\/www.tuasaude.com\/news\/2026\/09\/05\/parou-de-fumar-hoje-o-coracao-ja-comeca-a-sentir-a-mudanca-nas-primeiras-horas\/#breadcrumb","itemListElement":[{"@type":"ListItem","position":1,"name":"In\u00edcio","item":"https:\/\/www.tuasaude.com\/news\/"},{"@type":"ListItem","position":2,"name":"Parou de fumar hoje? O cora\u00e7\u00e3o j\u00e1 come\u00e7a a sentir a mudan\u00e7a nas primeiras horas"}]},{"@type":"WebSite","@id":"https:\/\/www.tuasaude.com\/news\/#website","url":"https:\/\/www.tuasaude.com\/news\/","name":"Tua Sa\u00fade","description":"Seu site de sa\u00fade","potentialAction":[{"@type":"SearchAction","target":{"@type":"EntryPoint","urlTemplate":"https:\/\/www.tuasaude.com\/news\/?s={search_term_string}"},"query-input":{"@type":"PropertyValueSpecification","valueRequired":true,"valueName":"search_term_string"}}],"inLanguage":"pt-BR"},{"@type":"Person","@id":"https:\/\/www.tuasaude.com\/news\/#\/schema\/person\/963d63d4e1f0c81f5f3a70ba4bcb0ef7","name":"Jeferson Henrique","image":{"@type":"ImageObject","inLanguage":"pt-BR","@id":"https:\/\/www.tuasaude.com\/news\/#\/schema\/person\/image\/","url":"https:\/\/secure.gravatar.com\/avatar\/1a476a54a48eb3cdea5dd2f016708263892c6b9f5e54b641df7c65e980fd6f69?s=96&d=mm&r=g","contentUrl":"https:\/\/secure.gravatar.com\/avatar\/1a476a54a48eb3cdea5dd2f016708263892c6b9f5e54b641df7c65e980fd6f69?s=96&d=mm&r=g","caption":"Jeferson Henrique"},"sameAs":["https:\/\/www.tuasaude.com\/news\/"],"url":"https:\/\/www.tuasaude.com\/news\/author\/jeferson-henrique\/"}]}},"_links":{"self":[{"href":"https:\/\/www.tuasaude.com\/news\/wp-json\/wp\/v2\/posts\/108825","targetHints":{"allow":["GET"]}}],"collection":[{"href":"https:\/\/www.tuasaude.com\/news\/wp-json\/wp\/v2\/posts"}],"about":[{"href":"https:\/\/www.tuasaude.com\/news\/wp-json\/wp\/v2\/types\/post"}],"author":[{"embeddable":true,"href":"https:\/\/www.tuasaude.com\/news\/wp-json\/wp\/v2\/users\/12"}],"replies":[{"embeddable":true,"href":"https:\/\/www.tuasaude.com\/news\/wp-json\/wp\/v2\/comments?post=108825"}],"version-history":[{"count":1,"href":"https:\/\/www.tuasaude.com\/news\/wp-json\/wp\/v2\/posts\/108825\/revisions"}],"predecessor-version":[{"id":108829,"href":"https:\/\/www.tuasaude.com\/news\/wp-json\/wp\/v2\/posts\/108825\/revisions\/108829"}],"wp:featuredmedia":[{"embeddable":true,"href":"https:\/\/www.tuasaude.com\/news\/wp-json\/wp\/v2\/media\/108826"}],"wp:attachment":[{"href":"https:\/\/www.tuasaude.com\/news\/wp-json\/wp\/v2\/media?parent=108825"}],"wp:term":[{"taxonomy":"category","embeddable":true,"href":"https:\/\/www.tuasaude.com\/news\/wp-json\/wp\/v2\/categories?post=108825"},{"taxonomy":"post_tag","embeddable":true,"href":"https:\/\/www.tuasaude.com\/news\/wp-json\/wp\/v2\/tags?post=108825"}],"curies":[{"name":"wp","href":"https:\/\/api.w.org\/{rel}","templated":true}]}}