{"id":108811,"date":"2026-09-05T20:40:00","date_gmt":"2026-09-05T23:40:00","guid":{"rendered":"https:\/\/www.tuasaude.com\/news\/?p=108811"},"modified":"2026-09-05T09:47:55","modified_gmt":"2026-09-05T12:47:55","slug":"calor-forte-piora-a-respiracao-quem-tem-asma-pode-sentir-primeiro","status":"publish","type":"post","link":"https:\/\/www.tuasaude.com\/news\/2026\/09\/05\/calor-forte-piora-a-respiracao-quem-tem-asma-pode-sentir-primeiro\/","title":{"rendered":"Calor forte piora a respira\u00e7\u00e3o? Quem tem asma pode sentir primeiro"},"content":{"rendered":"\n<p class=\"wp-block-paragraph\">O calor forte pode deixar a respira\u00e7\u00e3o mais dif\u00edcil, especialmente em pessoas com asma. Temperaturas elevadas, umidade intensa e pior qualidade do ar podem irritar as vias respirat\u00f3rias e favorecer <strong>falta de ar, tosse, chiado e aperto no peito<\/strong>. A resposta, por\u00e9m, varia de pessoa para pessoa e depende dos gatilhos individuais.<\/p>\n\n\n\n<h2 class=\"wp-block-heading\">Por que o calor pode piorar a asma<\/h2>\n\n\n\n<p class=\"wp-block-paragraph\">Quem tem asma apresenta vias a\u00e9reas mais sens\u00edveis e inflamadas. Em algumas pessoas, respirar ar muito quente e \u00famido pode favorecer o estreitamento dos br\u00f4nquios. O esfor\u00e7o f\u00edsico em temperaturas elevadas tamb\u00e9m aumenta a quantidade de ar inalado e pode tornar os sintomas mais percept\u00edveis.<\/p>\n\n\n\n<ul class=\"wp-block-list\">\n<li><strong>Calor e umidade<\/strong> podem funcionar como gatilhos respirat\u00f3rios.<\/li>\n<li><strong>Oz\u00f4nio, fuma\u00e7a e polui\u00e7\u00e3o<\/strong> podem aumentar em determinados dias quentes.<\/li>\n<li>P\u00f3len e mofo podem contribuir para crises em pessoas al\u00e9rgicas.<\/li>\n<li>A desidrata\u00e7\u00e3o pode deixar as secre\u00e7\u00f5es mais espessas e dificultar a limpeza das vias a\u00e9reas.<\/li>\n<\/ul>\n\n\n\n<h2 class=\"wp-block-heading\">O que um estudo cient\u00edfico mostra sobre calor e asma<\/h2>\n\n\n<div class=\"wp-block-image wp-block-image size-large\">\n<figure class=\"aligncenter\"><img decoding=\"async\" width=\"1280\" height=\"714\" src=\"https:\/\/www.tuasaude.com\/news\/wp-content\/uploads\/2026\/09\/108811_calor-forte-piora-a-respiracao-quem-tem-asma-pode-sentir-pri_corpo.jpg\" alt=\"O ar quente e \u00famido pode favorecer o estreitamento das vias respirat\u00f3rias em pessoas com asma.\" class=\"wp-image-108813\" srcset=\"https:\/\/www.tuasaude.com\/news\/wp-content\/uploads\/2026\/09\/108811_calor-forte-piora-a-respiracao-quem-tem-asma-pode-sentir-pri_corpo.jpg 1280w, https:\/\/www.tuasaude.com\/news\/wp-content\/uploads\/2026\/09\/108811_calor-forte-piora-a-respiracao-quem-tem-asma-pode-sentir-pri_corpo-300x167.jpg 300w, https:\/\/www.tuasaude.com\/news\/wp-content\/uploads\/2026\/09\/108811_calor-forte-piora-a-respiracao-quem-tem-asma-pode-sentir-pri_corpo-1024x571.jpg 1024w, https:\/\/www.tuasaude.com\/news\/wp-content\/uploads\/2026\/09\/108811_calor-forte-piora-a-respiracao-quem-tem-asma-pode-sentir-pri_corpo-768x428.jpg 768w, https:\/\/www.tuasaude.com\/news\/wp-content\/uploads\/2026\/09\/108811_calor-forte-piora-a-respiracao-quem-tem-asma-pode-sentir-pri_corpo-750x418.jpg 750w, https:\/\/www.tuasaude.com\/news\/wp-content\/uploads\/2026\/09\/108811_calor-forte-piora-a-respiracao-quem-tem-asma-pode-sentir-pri_corpo-1140x636.jpg 1140w\" sizes=\"(max-width: 1280px) 100vw, 1280px\" \/><figcaption class=\"wp-element-caption\">O ar quente e \u00famido pode favorecer o estreitamento das vias respirat\u00f3rias em pessoas com asma.<\/figcaption><\/figure>\n<\/div>\n\n\n<p class=\"wp-block-paragraph\">A rela\u00e7\u00e3o entre calor e asma n\u00e3o ocorre somente por causa da sensa\u00e7\u00e3o de abafamento. Pesquisadores j\u00e1 observaram altera\u00e7\u00f5es mensur\u00e1veis nas vias respirat\u00f3rias quando pessoas com asma respiram ar quente e muito \u00famido.<\/p>\n\n\n\n<p class=\"wp-block-paragraph\">Segundo o estudo <a href=\"https:\/\/pubmed.ncbi.nlm.nih.gov\/22505744\/\" target=\"_blank\" rel=\"noopener noreferrer\"><em>Bronchoconstriction Triggered by Breathing Hot Humid Air in Patients with Asthma<\/em><\/a>, publicado no <em>American Journal of Respiratory and Critical Care Medicine<\/em>, pacientes com asma leve apresentaram aumento da resist\u00eancia das vias a\u00e9reas ap\u00f3s respirar ar quente e \u00famido. Os autores relacionaram o efeito a um reflexo nervoso capaz de provocar <strong>bronconstri\u00e7\u00e3o<\/strong>. O estudo foi pequeno e n\u00e3o significa que todas as pessoas com asma tenham a mesma rea\u00e7\u00e3o.<\/p>\n\n\n\n<h2 class=\"wp-block-heading\">Como se proteger nos dias mais quentes<\/h2>\n\n\n\n<p class=\"wp-block-paragraph\">A <a href=\"https:\/\/www.lung.org\/clean-air\/emergencies-and-natural-disasters\/extreme-heat\" target=\"_blank\" rel=\"noopener noreferrer\">American Lung Association<\/a> orienta pessoas com doen\u00e7as respirat\u00f3rias a observar calor, umidade e qualidade do ar, al\u00e9m de manter o plano habitual de tratamento. Quem deseja entender melhor a doen\u00e7a tamb\u00e9m pode consultar informa\u00e7\u00f5es sobre <a href=\"https:\/\/www.tuasaude.com\/asma\/\" target=\"_blank\" rel=\"noopener noreferrer\">asma e seus principais sintomas<\/a>.<\/p>\n\n\n\n<ul class=\"wp-block-list\">\n<li>Evite exerc\u00edcios intensos nas <strong>horas mais quentes<\/strong> do dia.<\/li>\n<li>Prefira ambientes frescos quando o calor estiver extremo.<\/li>\n<li>Mantenha boa hidrata\u00e7\u00e3o ao longo do dia.<\/li>\n<li>Verifique a qualidade do ar antes de atividades externas.<\/li>\n<li>Use os medicamentos de controle e de resgate exatamente como orientado pelo m\u00e9dico.<\/li>\n<\/ul>\n\n\n<div class=\"wp-block-image wp-block-image size-large\">\n<figure class=\"aligncenter\"><img decoding=\"async\" width=\"1280\" height=\"575\" src=\"https:\/\/www.tuasaude.com\/news\/wp-content\/uploads\/2026\/09\/108811_calor-forte-piora-a-respiracao-quem-tem-asma-pode-sentir-pri_tabela.jpg\" alt=\"Calor forte e asma: 6 sinais, gatilhos e cuidados para respirar melhor\" class=\"wp-image-108814\" srcset=\"https:\/\/www.tuasaude.com\/news\/wp-content\/uploads\/2026\/09\/108811_calor-forte-piora-a-respiracao-quem-tem-asma-pode-sentir-pri_tabela.jpg 1280w, https:\/\/www.tuasaude.com\/news\/wp-content\/uploads\/2026\/09\/108811_calor-forte-piora-a-respiracao-quem-tem-asma-pode-sentir-pri_tabela-300x135.jpg 300w, https:\/\/www.tuasaude.com\/news\/wp-content\/uploads\/2026\/09\/108811_calor-forte-piora-a-respiracao-quem-tem-asma-pode-sentir-pri_tabela-1024x460.jpg 1024w, https:\/\/www.tuasaude.com\/news\/wp-content\/uploads\/2026\/09\/108811_calor-forte-piora-a-respiracao-quem-tem-asma-pode-sentir-pri_tabela-768x345.jpg 768w, https:\/\/www.tuasaude.com\/news\/wp-content\/uploads\/2026\/09\/108811_calor-forte-piora-a-respiracao-quem-tem-asma-pode-sentir-pri_tabela-750x337.jpg 750w, https:\/\/www.tuasaude.com\/news\/wp-content\/uploads\/2026\/09\/108811_calor-forte-piora-a-respiracao-quem-tem-asma-pode-sentir-pri_tabela-1140x512.jpg 1140w\" sizes=\"(max-width: 1280px) 100vw, 1280px\" \/><figcaption class=\"wp-element-caption\">Calor forte e asma: 6 sinais, gatilhos e cuidados para respirar melhor<\/figcaption><\/figure>\n<\/div>\n\n\n<h2 class=\"wp-block-heading\">Quando procurar atendimento<\/h2>\n\n\n\n<p class=\"wp-block-paragraph\">Uma piora leve pode melhorar ap\u00f3s interromper o esfor\u00e7o, sair do calor e usar a medica\u00e7\u00e3o de resgate prescrita. J\u00e1 <strong>falta de ar intensa, dificuldade para falar, piora r\u00e1pida, l\u00e1bios arroxeados ou sintomas que n\u00e3o melhoram com a medica\u00e7\u00e3o de resgate<\/strong> exigem avalia\u00e7\u00e3o m\u00e9dica imediata.<\/p>\n\n\n\n<p class=\"wp-block-paragraph\">Se as crises aparecem repetidamente em dias quentes, vale conversar com o pneumologista para revisar os gatilhos e o plano de controle da asma. Isso pode ajudar a prevenir epis\u00f3dios mais importantes durante per\u00edodos de calor intenso.<\/p>\n\n\n\n<p class=\"wp-block-paragraph\"><strong>Este conte\u00fado \u00e9 apenas informativo e n\u00e3o substitui a avalia\u00e7\u00e3o, o diagn\u00f3stico ou a orienta\u00e7\u00e3o de um m\u00e9dico.<\/strong><\/p>\n","protected":false},"excerpt":{"rendered":"<p>O calor forte pode deixar a respira\u00e7\u00e3o mais dif\u00edcil, especialmente em pessoas com asma. Temperaturas elevadas, umidade intensa e pior qualidade do ar podem irritar as vias respirat\u00f3rias e favorecer falta de ar, tosse, chiado e aperto no peito. A resposta, por\u00e9m, varia de pessoa para pessoa e depende dos gatilhos individuais. Por que o [&hellip;]<\/p>\n","protected":false},"author":12,"featured_media":108812,"comment_status":"open","ping_status":"open","sticky":false,"template":"","format":"standard","meta":{"_yoast_wpseo_focuskw":"calor e asma","_yoast_wpseo_title":"","_yoast_wpseo_metadesc":"Calor e asma podem piorar falta de ar, chiado e tosse. Entenda por que o ar quente e \u00famido afeta as vias respirat\u00f3rias e como se proteger.","jnews-multi-image_gallery":[],"jnews_single_post":{"format":"standard"},"jnews_primary_category":[],"jnews_social_meta":[],"jnews_override_counter":[],"footnotes":""},"categories":[111],"tags":[13364,13366,13365],"class_list":["post-108811","post","type-post","status-publish","format-standard","has-post-thumbnail","hentry","category-saude","tag-asma-no-calor","tag-broncoconstricao","tag-falta-de-ar-no-calor"],"yoast_head":"<!-- This site is optimized with the Yoast SEO plugin v26.7 - https:\/\/yoast.com\/wordpress\/plugins\/seo\/ -->\n<title>Calor forte piora a respira\u00e7\u00e3o? Quem tem asma pode sentir primeiro - Tua Sa\u00fade<\/title>\n<meta name=\"description\" content=\"Calor e asma podem piorar falta de ar, chiado e tosse. Entenda por que o ar quente e \u00famido afeta as vias respirat\u00f3rias e como se proteger.\" \/>\n<meta name=\"robots\" content=\"index, follow, max-snippet:-1, max-image-preview:large, max-video-preview:-1\" \/>\n<link rel=\"canonical\" href=\"https:\/\/www.tuasaude.com\/news\/2026\/09\/05\/calor-forte-piora-a-respiracao-quem-tem-asma-pode-sentir-primeiro\/\" \/>\n<meta property=\"og:locale\" content=\"pt_BR\" \/>\n<meta property=\"og:type\" content=\"article\" \/>\n<meta property=\"og:title\" content=\"Calor forte piora a respira\u00e7\u00e3o? Quem tem asma pode sentir primeiro - Tua Sa\u00fade\" \/>\n<meta property=\"og:description\" content=\"Calor e asma podem piorar falta de ar, chiado e tosse. Entenda por que o ar quente e \u00famido afeta as vias respirat\u00f3rias e como se proteger.\" \/>\n<meta property=\"og:url\" content=\"https:\/\/www.tuasaude.com\/news\/2026\/09\/05\/calor-forte-piora-a-respiracao-quem-tem-asma-pode-sentir-primeiro\/\" \/>\n<meta property=\"og:site_name\" content=\"Tua Sa\u00fade\" \/>\n<meta property=\"article:published_time\" content=\"2026-09-05T23:40:00+00:00\" \/>\n<meta property=\"og:image\" content=\"https:\/\/www.tuasaude.com\/news\/wp-content\/uploads\/2026\/09\/108811_calor-forte-piora-a-respiracao-quem-tem-asma-pode-sentir-pri_destaque.jpg\" \/>\n\t<meta property=\"og:image:width\" content=\"1280\" \/>\n\t<meta property=\"og:image:height\" content=\"714\" \/>\n\t<meta property=\"og:image:type\" content=\"image\/jpeg\" \/>\n<meta name=\"author\" content=\"Jeferson Henrique\" \/>\n<meta name=\"twitter:card\" content=\"summary_large_image\" \/>\n<meta name=\"twitter:label1\" content=\"Escrito por\" \/>\n\t<meta name=\"twitter:data1\" content=\"Jeferson Henrique\" \/>\n\t<meta name=\"twitter:label2\" content=\"Est. tempo de leitura\" \/>\n\t<meta name=\"twitter:data2\" content=\"3 minutos\" \/>\n<!-- \/ Yoast SEO plugin. -->","yoast_head_json":{"title":"Calor forte piora a respira\u00e7\u00e3o? Quem tem asma pode sentir primeiro - Tua Sa\u00fade","description":"Calor e asma podem piorar falta de ar, chiado e tosse. Entenda por que o ar quente e \u00famido afeta as vias respirat\u00f3rias e como se proteger.","robots":{"index":"index","follow":"follow","max-snippet":"max-snippet:-1","max-image-preview":"max-image-preview:large","max-video-preview":"max-video-preview:-1"},"canonical":"https:\/\/www.tuasaude.com\/news\/2026\/09\/05\/calor-forte-piora-a-respiracao-quem-tem-asma-pode-sentir-primeiro\/","og_locale":"pt_BR","og_type":"article","og_title":"Calor forte piora a respira\u00e7\u00e3o? Quem tem asma pode sentir primeiro - Tua Sa\u00fade","og_description":"Calor e asma podem piorar falta de ar, chiado e tosse. Entenda por que o ar quente e \u00famido afeta as vias respirat\u00f3rias e como se proteger.","og_url":"https:\/\/www.tuasaude.com\/news\/2026\/09\/05\/calor-forte-piora-a-respiracao-quem-tem-asma-pode-sentir-primeiro\/","og_site_name":"Tua Sa\u00fade","article_published_time":"2026-09-05T23:40:00+00:00","og_image":[{"width":1280,"height":714,"url":"https:\/\/www.tuasaude.com\/news\/wp-content\/uploads\/2026\/09\/108811_calor-forte-piora-a-respiracao-quem-tem-asma-pode-sentir-pri_destaque.jpg","type":"image\/jpeg"}],"author":"Jeferson Henrique","twitter_card":"summary_large_image","twitter_misc":{"Escrito por":"Jeferson Henrique","Est. tempo de leitura":"3 minutos"},"schema":{"@context":"https:\/\/schema.org","@graph":[{"@type":"Article","@id":"https:\/\/www.tuasaude.com\/news\/2026\/09\/05\/calor-forte-piora-a-respiracao-quem-tem-asma-pode-sentir-primeiro\/#article","isPartOf":{"@id":"https:\/\/www.tuasaude.com\/news\/2026\/09\/05\/calor-forte-piora-a-respiracao-quem-tem-asma-pode-sentir-primeiro\/"},"author":{"name":"Jeferson Henrique","@id":"https:\/\/www.tuasaude.com\/news\/#\/schema\/person\/963d63d4e1f0c81f5f3a70ba4bcb0ef7"},"headline":"Calor forte piora a respira\u00e7\u00e3o? Quem tem asma pode sentir primeiro","datePublished":"2026-09-05T23:40:00+00:00","mainEntityOfPage":{"@id":"https:\/\/www.tuasaude.com\/news\/2026\/09\/05\/calor-forte-piora-a-respiracao-quem-tem-asma-pode-sentir-primeiro\/"},"wordCount":557,"commentCount":0,"image":{"@id":"https:\/\/www.tuasaude.com\/news\/2026\/09\/05\/calor-forte-piora-a-respiracao-quem-tem-asma-pode-sentir-primeiro\/#primaryimage"},"thumbnailUrl":"https:\/\/www.tuasaude.com\/news\/wp-content\/uploads\/2026\/09\/108811_calor-forte-piora-a-respiracao-quem-tem-asma-pode-sentir-pri_destaque.jpg","keywords":["asma no calor","broncoconstri\u00e7\u00e3o","falta de ar no calor"],"articleSection":["Sa\u00fade"],"inLanguage":"pt-BR","potentialAction":[{"@type":"CommentAction","name":"Comment","target":["https:\/\/www.tuasaude.com\/news\/2026\/09\/05\/calor-forte-piora-a-respiracao-quem-tem-asma-pode-sentir-primeiro\/#respond"]}]},{"@type":"WebPage","@id":"https:\/\/www.tuasaude.com\/news\/2026\/09\/05\/calor-forte-piora-a-respiracao-quem-tem-asma-pode-sentir-primeiro\/","url":"https:\/\/www.tuasaude.com\/news\/2026\/09\/05\/calor-forte-piora-a-respiracao-quem-tem-asma-pode-sentir-primeiro\/","name":"Calor forte piora a respira\u00e7\u00e3o? Quem tem asma pode sentir primeiro - Tua Sa\u00fade","isPartOf":{"@id":"https:\/\/www.tuasaude.com\/news\/#website"},"primaryImageOfPage":{"@id":"https:\/\/www.tuasaude.com\/news\/2026\/09\/05\/calor-forte-piora-a-respiracao-quem-tem-asma-pode-sentir-primeiro\/#primaryimage"},"image":{"@id":"https:\/\/www.tuasaude.com\/news\/2026\/09\/05\/calor-forte-piora-a-respiracao-quem-tem-asma-pode-sentir-primeiro\/#primaryimage"},"thumbnailUrl":"https:\/\/www.tuasaude.com\/news\/wp-content\/uploads\/2026\/09\/108811_calor-forte-piora-a-respiracao-quem-tem-asma-pode-sentir-pri_destaque.jpg","datePublished":"2026-09-05T23:40:00+00:00","author":{"@id":"https:\/\/www.tuasaude.com\/news\/#\/schema\/person\/963d63d4e1f0c81f5f3a70ba4bcb0ef7"},"description":"Calor e asma podem piorar falta de ar, chiado e tosse. Entenda por que o ar quente e \u00famido afeta as vias respirat\u00f3rias e como se proteger.","breadcrumb":{"@id":"https:\/\/www.tuasaude.com\/news\/2026\/09\/05\/calor-forte-piora-a-respiracao-quem-tem-asma-pode-sentir-primeiro\/#breadcrumb"},"inLanguage":"pt-BR","potentialAction":[{"@type":"ReadAction","target":["https:\/\/www.tuasaude.com\/news\/2026\/09\/05\/calor-forte-piora-a-respiracao-quem-tem-asma-pode-sentir-primeiro\/"]}]},{"@type":"ImageObject","inLanguage":"pt-BR","@id":"https:\/\/www.tuasaude.com\/news\/2026\/09\/05\/calor-forte-piora-a-respiracao-quem-tem-asma-pode-sentir-primeiro\/#primaryimage","url":"https:\/\/www.tuasaude.com\/news\/wp-content\/uploads\/2026\/09\/108811_calor-forte-piora-a-respiracao-quem-tem-asma-pode-sentir-pri_destaque.jpg","contentUrl":"https:\/\/www.tuasaude.com\/news\/wp-content\/uploads\/2026\/09\/108811_calor-forte-piora-a-respiracao-quem-tem-asma-pode-sentir-pri_destaque.jpg","width":1280,"height":714,"caption":"Calor intenso pode aumentar o desconforto respirat\u00f3rio em algumas pessoas com asma."},{"@type":"BreadcrumbList","@id":"https:\/\/www.tuasaude.com\/news\/2026\/09\/05\/calor-forte-piora-a-respiracao-quem-tem-asma-pode-sentir-primeiro\/#breadcrumb","itemListElement":[{"@type":"ListItem","position":1,"name":"In\u00edcio","item":"https:\/\/www.tuasaude.com\/news\/"},{"@type":"ListItem","position":2,"name":"Calor forte piora a respira\u00e7\u00e3o? Quem tem asma pode sentir primeiro"}]},{"@type":"WebSite","@id":"https:\/\/www.tuasaude.com\/news\/#website","url":"https:\/\/www.tuasaude.com\/news\/","name":"Tua Sa\u00fade","description":"Seu site de sa\u00fade","potentialAction":[{"@type":"SearchAction","target":{"@type":"EntryPoint","urlTemplate":"https:\/\/www.tuasaude.com\/news\/?s={search_term_string}"},"query-input":{"@type":"PropertyValueSpecification","valueRequired":true,"valueName":"search_term_string"}}],"inLanguage":"pt-BR"},{"@type":"Person","@id":"https:\/\/www.tuasaude.com\/news\/#\/schema\/person\/963d63d4e1f0c81f5f3a70ba4bcb0ef7","name":"Jeferson Henrique","image":{"@type":"ImageObject","inLanguage":"pt-BR","@id":"https:\/\/www.tuasaude.com\/news\/#\/schema\/person\/image\/","url":"https:\/\/secure.gravatar.com\/avatar\/1a476a54a48eb3cdea5dd2f016708263892c6b9f5e54b641df7c65e980fd6f69?s=96&d=mm&r=g","contentUrl":"https:\/\/secure.gravatar.com\/avatar\/1a476a54a48eb3cdea5dd2f016708263892c6b9f5e54b641df7c65e980fd6f69?s=96&d=mm&r=g","caption":"Jeferson Henrique"},"sameAs":["https:\/\/www.tuasaude.com\/news\/"],"url":"https:\/\/www.tuasaude.com\/news\/author\/jeferson-henrique\/"}]}},"_links":{"self":[{"href":"https:\/\/www.tuasaude.com\/news\/wp-json\/wp\/v2\/posts\/108811","targetHints":{"allow":["GET"]}}],"collection":[{"href":"https:\/\/www.tuasaude.com\/news\/wp-json\/wp\/v2\/posts"}],"about":[{"href":"https:\/\/www.tuasaude.com\/news\/wp-json\/wp\/v2\/types\/post"}],"author":[{"embeddable":true,"href":"https:\/\/www.tuasaude.com\/news\/wp-json\/wp\/v2\/users\/12"}],"replies":[{"embeddable":true,"href":"https:\/\/www.tuasaude.com\/news\/wp-json\/wp\/v2\/comments?post=108811"}],"version-history":[{"count":1,"href":"https:\/\/www.tuasaude.com\/news\/wp-json\/wp\/v2\/posts\/108811\/revisions"}],"predecessor-version":[{"id":108815,"href":"https:\/\/www.tuasaude.com\/news\/wp-json\/wp\/v2\/posts\/108811\/revisions\/108815"}],"wp:featuredmedia":[{"embeddable":true,"href":"https:\/\/www.tuasaude.com\/news\/wp-json\/wp\/v2\/media\/108812"}],"wp:attachment":[{"href":"https:\/\/www.tuasaude.com\/news\/wp-json\/wp\/v2\/media?parent=108811"}],"wp:term":[{"taxonomy":"category","embeddable":true,"href":"https:\/\/www.tuasaude.com\/news\/wp-json\/wp\/v2\/categories?post=108811"},{"taxonomy":"post_tag","embeddable":true,"href":"https:\/\/www.tuasaude.com\/news\/wp-json\/wp\/v2\/tags?post=108811"}],"curies":[{"name":"wp","href":"https:\/\/api.w.org\/{rel}","templated":true}]}}