{"id":108770,"date":"2026-09-05T18:30:00","date_gmt":"2026-09-05T21:30:00","guid":{"rendered":"https:\/\/www.tuasaude.com\/news\/?p=108770"},"modified":"2026-09-05T08:29:35","modified_gmt":"2026-09-05T11:29:35","slug":"a-queda-de-cabelo-constante-no-chuveiro-nao-se-deve-apenas-ao-estresse-mas-sim-na-maioria-a-baixa-reserva-de-ferro-medida-pela-ferritina","status":"publish","type":"post","link":"https:\/\/www.tuasaude.com\/news\/2026\/09\/05\/a-queda-de-cabelo-constante-no-chuveiro-nao-se-deve-apenas-ao-estresse-mas-sim-na-maioria-a-baixa-reserva-de-ferro-medida-pela-ferritina\/","title":{"rendered":"A queda de cabelo constante no chuveiro n\u00e3o se deve apenas ao estresse, mas sim na maioria \u00e0 baixa reserva de ferro medida pela ferritina"},"content":{"rendered":"\n<p class=\"wp-block-paragraph\"><strong>Queda de cabelo<\/strong> no chuveiro costuma ser atribu\u00edda ao <strong>estresse<\/strong>, mas essa explica\u00e7\u00e3o nem sempre sustenta a investiga\u00e7\u00e3o cl\u00ednica. Em muitos casos, o problema est\u00e1 ligado \u00e0 <strong>ferritina<\/strong>, exame que reflete a reserva de <strong>ferro<\/strong> do organismo e pode influenciar o ciclo do fol\u00edculo, a haste capilar e o volume dos fios ao longo das semanas.<\/p>\n\n\n\n<h2 class=\"wp-block-heading\">Quando a queda no chuveiro deixa de ser normal?<\/h2>\n\n\n\n<p class=\"wp-block-paragraph\">Perder alguns fios ao lavar o cabelo faz parte da renova\u00e7\u00e3o natural. O sinal de alerta aparece quando a queda de cabelo aumenta de forma persistente, deixa o ralo cheio com frequ\u00eancia, reduz o volume do rabo de cavalo ou vem acompanhada de fios mais finos, cansa\u00e7o, palidez e unhas quebradi\u00e7as.<\/p>\n\n\n\n<p class=\"wp-block-paragraph\">Esse padr\u00e3o pode ocorrer no efl\u00favio tel\u00f3geno, situa\u00e7\u00e3o em que mais fios entram na fase de queda ao mesmo tempo. Entre os gatilhos mais comuns est\u00e3o febre, p\u00f3s-parto, dietas restritivas, infec\u00e7\u00f5es, altera\u00e7\u00f5es hormonais e reservas baixas de ferro, um ponto que costuma passar despercebido quando o foco fica apenas no estresse emocional.<\/p>\n\n\n\n<h2 class=\"wp-block-heading\">O que a ferritina mostra sobre a perda de fios?<\/h2>\n\n\n\n<p class=\"wp-block-paragraph\">A <strong>ferritina<\/strong> ajuda a estimar quanto ferro est\u00e1 armazenado. Quando ela est\u00e1 baixa, o organismo prioriza fun\u00e7\u00f5es vitais, e tecidos de alta renova\u00e7\u00e3o, como o fol\u00edculo piloso, podem sofrer primeiro. Uma pesquisa publicada em 2026 reuniu estudos sobre efl\u00favio tel\u00f3geno e observou <a href=\"https:\/\/pubmed.ncbi.nlm.nih.gov\/42077991\/\" target=\"_blank\" rel=\"noopener noreferrer\">ferritina significativamente mais baixa nos casos de queda difusa<\/a>, refor\u00e7ando a associa\u00e7\u00e3o entre baixa reserva de ferro e queda de cabelo.<\/p>\n\n\n\n<p class=\"wp-block-paragraph\">Esse achado n\u00e3o prova sozinho que toda queda tenha a mesma origem, mas ajuda a corrigir uma simplifica\u00e7\u00e3o comum. Nem sempre o estresse \u00e9 o protagonista. Em boa parte das pessoas, a avalia\u00e7\u00e3o de ferritina, hemograma e outros marcadores laboratoriais muda a condu\u00e7\u00e3o porque aponta uma defici\u00eancia org\u00e2nica trat\u00e1vel.<\/p>\n\n\n<div class=\"wp-block-image wp-block-image aligncenter size-large\">\n<figure ><img decoding=\"async\" width=\"1280\" height=\"720\" src=\"https:\/\/cdnnewsimg.tuasaude.com\/wp-content\/uploads\/2026\/09\/a-queda-de-cabelo-constante-no-chuveiro-nao-se-deve-ape-corpo.jpg\" alt=\"Infogr\u00e1fico resume sinais, exames, causas e conduta na queda ligada \u00e0 ferritina.\" class=\"wp-image-108769\" srcset=\"https:\/\/www.tuasaude.com\/news\/wp-content\/uploads\/2026\/09\/a-queda-de-cabelo-constante-no-chuveiro-nao-se-deve-ape-corpo.jpg 1280w, https:\/\/www.tuasaude.com\/news\/wp-content\/uploads\/2026\/09\/a-queda-de-cabelo-constante-no-chuveiro-nao-se-deve-ape-corpo-300x169.jpg 300w, https:\/\/www.tuasaude.com\/news\/wp-content\/uploads\/2026\/09\/a-queda-de-cabelo-constante-no-chuveiro-nao-se-deve-ape-corpo-1024x576.jpg 1024w, https:\/\/www.tuasaude.com\/news\/wp-content\/uploads\/2026\/09\/a-queda-de-cabelo-constante-no-chuveiro-nao-se-deve-ape-corpo-768x432.jpg 768w, https:\/\/www.tuasaude.com\/news\/wp-content\/uploads\/2026\/09\/a-queda-de-cabelo-constante-no-chuveiro-nao-se-deve-ape-corpo-750x422.jpg 750w, https:\/\/www.tuasaude.com\/news\/wp-content\/uploads\/2026\/09\/a-queda-de-cabelo-constante-no-chuveiro-nao-se-deve-ape-corpo-1140x641.jpg 1140w\" sizes=\"(max-width: 1280px) 100vw, 1280px\" \/><figcaption class=\"wp-element-caption\">Infogr\u00e1fico resume sinais, exames, causas e conduta na queda ligada \u00e0 ferritina.<\/figcaption><\/figure>\n<\/div>\n\n\n<h2 class=\"wp-block-heading\">Quais sinais sugerem baixa reserva de ferro?<\/h2>\n\n\n\n<p class=\"wp-block-paragraph\">A defici\u00eancia de ferro nem sempre causa sintomas intensos no come\u00e7o. Ainda assim, alguns sinais aparecem em conjunto e orientam a investiga\u00e7\u00e3o m\u00e9dica, especialmente quando a queda de cabelo se mant\u00e9m por meses.<\/p>\n\n\n\n<ul class=\"wp-block-list\">\n<li><strong>cansa\u00e7o<\/strong> fora do habitual<\/li>\n\n\n\n<li>palidez na pele ou nas mucosas<\/li>\n\n\n\n<li>falta de ar aos esfor\u00e7os<\/li>\n\n\n\n<li>tontura ou dor de cabe\u00e7a recorrente<\/li>\n\n\n\n<li>unhas fr\u00e1geis ou quebradi\u00e7as<\/li>\n\n\n\n<li>fios mais finos e opacos<\/li>\n<\/ul>\n\n\n\n<p class=\"wp-block-paragraph\">Se houver d\u00favida sobre outras origens, vale revisar <a href=\"https:\/\/www.tuasaude.com\/queda-de-cabelo-o-que-pode-ser\/\" target=\"_blank\" rel=\"noopener noreferrer\">as causas mais comuns da queda<\/a>, porque inflama\u00e7\u00f5es do couro cabeludo, altera\u00e7\u00f5es da tireoide e uso de medicamentos tamb\u00e9m entram no diagn\u00f3stico diferencial.<\/p>\n\n\n\n<h2 class=\"wp-block-heading\">Por que o estresse nem sempre explica tudo?<\/h2>\n\n\n\n<p class=\"wp-block-paragraph\">O estresse pode alterar o ciclo capilar, piorar o sono, mudar o apetite e favorecer fases de queda semanas depois do gatilho. Isso \u00e9 real. O erro est\u00e1 em usar essa hip\u00f3tese como resposta autom\u00e1tica antes de investigar menstrua\u00e7\u00e3o intensa, alimenta\u00e7\u00e3o insuficiente, cirurgia recente, sangramento digestivo ou doen\u00e7as que reduzem a absor\u00e7\u00e3o de ferro.<\/p>\n\n\n\n<p class=\"wp-block-paragraph\">Outra investiga\u00e7\u00e3o, em 2023, observou melhora subjetiva do recrescimento acompanhada de aumento da ferritina ap\u00f3s suplementa\u00e7\u00e3o de ferro em mulheres com alopecia relacionada \u00e0 defici\u00eancia. O estudo sugere relev\u00e2ncia cl\u00ednica da corre\u00e7\u00e3o da reserva baixa, especialmente quando h\u00e1 contexto compat\u00edvel com <a href=\"https:\/\/pubmed.ncbi.nlm.nih.gov\/38035053\/\" target=\"_blank\" rel=\"noopener noreferrer\">recrescimento associado ao aumento da ferritina<\/a>.<\/p>\n\n\n\n<h2 class=\"wp-block-heading\">O que costuma entrar na avalia\u00e7\u00e3o m\u00e9dica?<\/h2>\n\n\n\n<p class=\"wp-block-paragraph\">O exame f\u00edsico e a hist\u00f3ria cl\u00ednica definem os pr\u00f3ximos passos. O m\u00e9dico costuma observar padr\u00e3o da queda de cabelo, densidade, presen\u00e7a de falhas, inflama\u00e7\u00e3o no couro cabeludo e tempo de evolu\u00e7\u00e3o, al\u00e9m de relacionar os sintomas com menstrua\u00e7\u00e3o, dieta, perda de peso, uso de qu\u00edmica e doen\u00e7as pr\u00e9vias.<\/p>\n\n\n\n<ul class=\"wp-block-list\">\n<li><strong>hemograma<\/strong> completo<\/li>\n\n\n\n<li><strong>ferritina<\/strong> s\u00e9rica<\/li>\n\n\n\n<li>ferro s\u00e9rico e satura\u00e7\u00e3o de transferrina<\/li>\n\n\n\n<li>TSH, quando h\u00e1 suspeita tireoidiana<\/li>\n\n\n\n<li>avalia\u00e7\u00e3o de vitamina B12, zinco ou vitamina D em casos selecionados<\/li>\n\n\n\n<li>revis\u00e3o de medicamentos e padr\u00e3o alimentar<\/li>\n<\/ul>\n\n\n\n<p class=\"wp-block-paragraph\">Quando a ferritina baixa entra no contexto cl\u00ednico, a reposi\u00e7\u00e3o de ferro precisa ser individualizada. Dose, tempo de uso e forma de acompanhamento variam conforme exames, toler\u00e2ncia digestiva e causa da defici\u00eancia, porque corrigir apenas o n\u00famero sem investigar a origem aumenta a chance de recorr\u00eancia.<\/p>\n\n\n\n<h2 class=\"wp-block-heading\">Qual \u00e9 a principal mensagem para quem v\u00ea fios no ralo?<\/h2>\n\n\n\n<p class=\"wp-block-paragraph\">Fios no chuveiro n\u00e3o devem ser lidos apenas como reflexo de uma fase dif\u00edcil. A queda de cabelo pode sinalizar altera\u00e7\u00e3o do ciclo capilar, e a ferritina baixa merece aten\u00e7\u00e3o especial quando h\u00e1 cansa\u00e7o, menstrua\u00e7\u00e3o intensa, alimenta\u00e7\u00e3o restrita ou afinamento progressivo. Nesses cen\u00e1rios, ferro, reserva corporal e sa\u00fade do fol\u00edculo entram no centro da avalia\u00e7\u00e3o.<\/p>\n\n\n\n<p class=\"wp-block-paragraph\">Este conte\u00fado tem car\u00e1ter exclusivamente informativo e <strong>n\u00e3o substitui a avalia\u00e7\u00e3o<\/strong>, o diagn\u00f3stico ou o acompanhamento de um profissional de sa\u00fade. Se voc\u00ea apresenta sintomas ou tem d\u00favidas sobre sua condi\u00e7\u00e3o, procure orienta\u00e7\u00e3o m\u00e9dica.<\/p>\n","protected":false},"excerpt":{"rendered":"<p>Queda de cabelo no chuveiro costuma ser atribu\u00edda ao estresse, mas essa explica\u00e7\u00e3o nem sempre sustenta a investiga\u00e7\u00e3o cl\u00ednica. Em muitos casos, o problema est\u00e1 ligado \u00e0 ferritina, exame que reflete a reserva de ferro do organismo e pode influenciar o ciclo do fol\u00edculo, a haste capilar e o volume dos fios ao longo das [&hellip;]<\/p>\n","protected":false},"author":6,"featured_media":108768,"comment_status":"open","ping_status":"open","sticky":false,"template":"","format":"standard","meta":{"_yoast_wpseo_focuskw":"queda de cabelo","_yoast_wpseo_title":"","_yoast_wpseo_metadesc":"A queda de cabelo no chuveiro pode apontar mais para ferritina baixa do que para estresse, um detalhe que muda a investiga\u00e7\u00e3o e o cuidado.","jnews-multi-image_gallery":[],"jnews_single_post":{"format":"standard"},"jnews_primary_category":[],"jnews_social_meta":[],"jnews_override_counter":[],"footnotes":""},"categories":[111],"tags":[177,5965,199,630,1796],"class_list":["post-108770","post","type-post","status-publish","format-standard","has-post-thumbnail","hentry","category-saude","tag-estresse","tag-ferritina","tag-ferro","tag-queda-de-cabelo","tag-saude-2"],"yoast_head":"<!-- This site is optimized with the Yoast SEO plugin v26.7 - https:\/\/yoast.com\/wordpress\/plugins\/seo\/ -->\n<title>A queda de cabelo constante no chuveiro n\u00e3o se deve apenas ao estresse, mas sim na maioria \u00e0 baixa reserva de ferro medida pela ferritina - Tua Sa\u00fade<\/title>\n<meta name=\"description\" content=\"A queda de cabelo no chuveiro pode apontar mais para ferritina baixa do que para estresse, um detalhe que muda a investiga\u00e7\u00e3o e o cuidado.\" \/>\n<meta name=\"robots\" content=\"index, follow, max-snippet:-1, max-image-preview:large, max-video-preview:-1\" \/>\n<link rel=\"canonical\" href=\"https:\/\/www.tuasaude.com\/news\/2026\/09\/05\/a-queda-de-cabelo-constante-no-chuveiro-nao-se-deve-apenas-ao-estresse-mas-sim-na-maioria-a-baixa-reserva-de-ferro-medida-pela-ferritina\/\" \/>\n<meta property=\"og:locale\" content=\"pt_BR\" \/>\n<meta property=\"og:type\" content=\"article\" \/>\n<meta property=\"og:title\" content=\"A queda de cabelo constante no chuveiro n\u00e3o se deve apenas ao estresse, mas sim na maioria \u00e0 baixa reserva de ferro medida pela ferritina - Tua Sa\u00fade\" \/>\n<meta property=\"og:description\" content=\"A queda de cabelo no chuveiro pode apontar mais para ferritina baixa do que para estresse, um detalhe que muda a investiga\u00e7\u00e3o e o cuidado.\" \/>\n<meta property=\"og:url\" content=\"https:\/\/www.tuasaude.com\/news\/2026\/09\/05\/a-queda-de-cabelo-constante-no-chuveiro-nao-se-deve-apenas-ao-estresse-mas-sim-na-maioria-a-baixa-reserva-de-ferro-medida-pela-ferritina\/\" \/>\n<meta property=\"og:site_name\" content=\"Tua Sa\u00fade\" \/>\n<meta property=\"article:published_time\" content=\"2026-09-05T21:30:00+00:00\" \/>\n<meta property=\"og:image\" content=\"https:\/\/www.tuasaude.com\/news\/wp-content\/uploads\/2026\/09\/a-queda-de-cabelo-constante-no-chuveiro-nao-se-deve-apenas-a.jpg\" \/>\n\t<meta property=\"og:image:width\" content=\"1279\" \/>\n\t<meta property=\"og:image:height\" content=\"720\" \/>\n\t<meta property=\"og:image:type\" content=\"image\/jpeg\" \/>\n<meta name=\"author\" content=\"Gabriel Leme\" \/>\n<meta name=\"twitter:card\" content=\"summary_large_image\" \/>\n<meta name=\"twitter:label1\" content=\"Escrito por\" \/>\n\t<meta name=\"twitter:data1\" content=\"Gabriel Leme\" \/>\n\t<meta name=\"twitter:label2\" content=\"Est. tempo de leitura\" \/>\n\t<meta name=\"twitter:data2\" content=\"5 minutos\" \/>\n<!-- \/ Yoast SEO plugin. -->","yoast_head_json":{"title":"A queda de cabelo constante no chuveiro n\u00e3o se deve apenas ao estresse, mas sim na maioria \u00e0 baixa reserva de ferro medida pela ferritina - Tua Sa\u00fade","description":"A queda de cabelo no chuveiro pode apontar mais para ferritina baixa do que para estresse, um detalhe que muda a investiga\u00e7\u00e3o e o cuidado.","robots":{"index":"index","follow":"follow","max-snippet":"max-snippet:-1","max-image-preview":"max-image-preview:large","max-video-preview":"max-video-preview:-1"},"canonical":"https:\/\/www.tuasaude.com\/news\/2026\/09\/05\/a-queda-de-cabelo-constante-no-chuveiro-nao-se-deve-apenas-ao-estresse-mas-sim-na-maioria-a-baixa-reserva-de-ferro-medida-pela-ferritina\/","og_locale":"pt_BR","og_type":"article","og_title":"A queda de cabelo constante no chuveiro n\u00e3o se deve apenas ao estresse, mas sim na maioria \u00e0 baixa reserva de ferro medida pela ferritina - Tua Sa\u00fade","og_description":"A queda de cabelo no chuveiro pode apontar mais para ferritina baixa do que para estresse, um detalhe que muda a investiga\u00e7\u00e3o e o cuidado.","og_url":"https:\/\/www.tuasaude.com\/news\/2026\/09\/05\/a-queda-de-cabelo-constante-no-chuveiro-nao-se-deve-apenas-ao-estresse-mas-sim-na-maioria-a-baixa-reserva-de-ferro-medida-pela-ferritina\/","og_site_name":"Tua Sa\u00fade","article_published_time":"2026-09-05T21:30:00+00:00","og_image":[{"width":1279,"height":720,"url":"https:\/\/www.tuasaude.com\/news\/wp-content\/uploads\/2026\/09\/a-queda-de-cabelo-constante-no-chuveiro-nao-se-deve-apenas-a.jpg","type":"image\/jpeg"}],"author":"Gabriel Leme","twitter_card":"summary_large_image","twitter_misc":{"Escrito por":"Gabriel Leme","Est. tempo de leitura":"5 minutos"},"schema":{"@context":"https:\/\/schema.org","@graph":[{"@type":"Article","@id":"https:\/\/www.tuasaude.com\/news\/2026\/09\/05\/a-queda-de-cabelo-constante-no-chuveiro-nao-se-deve-apenas-ao-estresse-mas-sim-na-maioria-a-baixa-reserva-de-ferro-medida-pela-ferritina\/#article","isPartOf":{"@id":"https:\/\/www.tuasaude.com\/news\/2026\/09\/05\/a-queda-de-cabelo-constante-no-chuveiro-nao-se-deve-apenas-ao-estresse-mas-sim-na-maioria-a-baixa-reserva-de-ferro-medida-pela-ferritina\/"},"author":{"name":"Gabriel Leme","@id":"https:\/\/www.tuasaude.com\/news\/#\/schema\/person\/bf512a2e53b74f5544ff3040f496e593"},"headline":"A queda de cabelo constante no chuveiro n\u00e3o se deve apenas ao estresse, mas sim na maioria \u00e0 baixa reserva de ferro medida pela ferritina","datePublished":"2026-09-05T21:30:00+00:00","mainEntityOfPage":{"@id":"https:\/\/www.tuasaude.com\/news\/2026\/09\/05\/a-queda-de-cabelo-constante-no-chuveiro-nao-se-deve-apenas-ao-estresse-mas-sim-na-maioria-a-baixa-reserva-de-ferro-medida-pela-ferritina\/"},"wordCount":873,"commentCount":0,"image":{"@id":"https:\/\/www.tuasaude.com\/news\/2026\/09\/05\/a-queda-de-cabelo-constante-no-chuveiro-nao-se-deve-apenas-ao-estresse-mas-sim-na-maioria-a-baixa-reserva-de-ferro-medida-pela-ferritina\/#primaryimage"},"thumbnailUrl":"https:\/\/www.tuasaude.com\/news\/wp-content\/uploads\/2026\/09\/a-queda-de-cabelo-constante-no-chuveiro-nao-se-deve-apenas-a.jpg","keywords":["estresse","ferritina","ferro","queda de cabelo","saude"],"articleSection":["Sa\u00fade"],"inLanguage":"pt-BR","potentialAction":[{"@type":"CommentAction","name":"Comment","target":["https:\/\/www.tuasaude.com\/news\/2026\/09\/05\/a-queda-de-cabelo-constante-no-chuveiro-nao-se-deve-apenas-ao-estresse-mas-sim-na-maioria-a-baixa-reserva-de-ferro-medida-pela-ferritina\/#respond"]}]},{"@type":"WebPage","@id":"https:\/\/www.tuasaude.com\/news\/2026\/09\/05\/a-queda-de-cabelo-constante-no-chuveiro-nao-se-deve-apenas-ao-estresse-mas-sim-na-maioria-a-baixa-reserva-de-ferro-medida-pela-ferritina\/","url":"https:\/\/www.tuasaude.com\/news\/2026\/09\/05\/a-queda-de-cabelo-constante-no-chuveiro-nao-se-deve-apenas-ao-estresse-mas-sim-na-maioria-a-baixa-reserva-de-ferro-medida-pela-ferritina\/","name":"A queda de cabelo constante no chuveiro n\u00e3o se deve apenas ao estresse, mas sim na maioria \u00e0 baixa reserva de ferro medida pela ferritina - Tua Sa\u00fade","isPartOf":{"@id":"https:\/\/www.tuasaude.com\/news\/#website"},"primaryImageOfPage":{"@id":"https:\/\/www.tuasaude.com\/news\/2026\/09\/05\/a-queda-de-cabelo-constante-no-chuveiro-nao-se-deve-apenas-ao-estresse-mas-sim-na-maioria-a-baixa-reserva-de-ferro-medida-pela-ferritina\/#primaryimage"},"image":{"@id":"https:\/\/www.tuasaude.com\/news\/2026\/09\/05\/a-queda-de-cabelo-constante-no-chuveiro-nao-se-deve-apenas-ao-estresse-mas-sim-na-maioria-a-baixa-reserva-de-ferro-medida-pela-ferritina\/#primaryimage"},"thumbnailUrl":"https:\/\/www.tuasaude.com\/news\/wp-content\/uploads\/2026\/09\/a-queda-de-cabelo-constante-no-chuveiro-nao-se-deve-apenas-a.jpg","datePublished":"2026-09-05T21:30:00+00:00","author":{"@id":"https:\/\/www.tuasaude.com\/news\/#\/schema\/person\/bf512a2e53b74f5544ff3040f496e593"},"description":"A queda de cabelo no chuveiro pode apontar mais para ferritina baixa do que para estresse, um detalhe que muda a investiga\u00e7\u00e3o e o cuidado.","breadcrumb":{"@id":"https:\/\/www.tuasaude.com\/news\/2026\/09\/05\/a-queda-de-cabelo-constante-no-chuveiro-nao-se-deve-apenas-ao-estresse-mas-sim-na-maioria-a-baixa-reserva-de-ferro-medida-pela-ferritina\/#breadcrumb"},"inLanguage":"pt-BR","potentialAction":[{"@type":"ReadAction","target":["https:\/\/www.tuasaude.com\/news\/2026\/09\/05\/a-queda-de-cabelo-constante-no-chuveiro-nao-se-deve-apenas-ao-estresse-mas-sim-na-maioria-a-baixa-reserva-de-ferro-medida-pela-ferritina\/"]}]},{"@type":"ImageObject","inLanguage":"pt-BR","@id":"https:\/\/www.tuasaude.com\/news\/2026\/09\/05\/a-queda-de-cabelo-constante-no-chuveiro-nao-se-deve-apenas-ao-estresse-mas-sim-na-maioria-a-baixa-reserva-de-ferro-medida-pela-ferritina\/#primaryimage","url":"https:\/\/www.tuasaude.com\/news\/wp-content\/uploads\/2026\/09\/a-queda-de-cabelo-constante-no-chuveiro-nao-se-deve-apenas-a.jpg","contentUrl":"https:\/\/www.tuasaude.com\/news\/wp-content\/uploads\/2026\/09\/a-queda-de-cabelo-constante-no-chuveiro-nao-se-deve-apenas-a.jpg","width":1279,"height":720,"caption":"Queda de cabelo no chuveiro pode indicar ferritina baixa, n\u00e3o apenas estresse."},{"@type":"BreadcrumbList","@id":"https:\/\/www.tuasaude.com\/news\/2026\/09\/05\/a-queda-de-cabelo-constante-no-chuveiro-nao-se-deve-apenas-ao-estresse-mas-sim-na-maioria-a-baixa-reserva-de-ferro-medida-pela-ferritina\/#breadcrumb","itemListElement":[{"@type":"ListItem","position":1,"name":"In\u00edcio","item":"https:\/\/www.tuasaude.com\/news\/"},{"@type":"ListItem","position":2,"name":"A queda de cabelo constante no chuveiro n\u00e3o se deve apenas ao estresse, mas sim na maioria \u00e0 baixa reserva de ferro medida pela ferritina"}]},{"@type":"WebSite","@id":"https:\/\/www.tuasaude.com\/news\/#website","url":"https:\/\/www.tuasaude.com\/news\/","name":"Tua Sa\u00fade","description":"Seu site de sa\u00fade","potentialAction":[{"@type":"SearchAction","target":{"@type":"EntryPoint","urlTemplate":"https:\/\/www.tuasaude.com\/news\/?s={search_term_string}"},"query-input":{"@type":"PropertyValueSpecification","valueRequired":true,"valueName":"search_term_string"}}],"inLanguage":"pt-BR"},{"@type":"Person","@id":"https:\/\/www.tuasaude.com\/news\/#\/schema\/person\/bf512a2e53b74f5544ff3040f496e593","name":"Gabriel Leme","image":{"@type":"ImageObject","inLanguage":"pt-BR","@id":"https:\/\/www.tuasaude.com\/news\/#\/schema\/person\/image\/","url":"https:\/\/secure.gravatar.com\/avatar\/a12badc2d08e73d59b38f178ebe822eca26c0445823b05fefedea89fb346439c?s=96&d=mm&r=g","contentUrl":"https:\/\/secure.gravatar.com\/avatar\/a12badc2d08e73d59b38f178ebe822eca26c0445823b05fefedea89fb346439c?s=96&d=mm&r=g","caption":"Gabriel Leme"},"sameAs":["https:\/\/www.tuasaude.com\/news"],"url":"https:\/\/www.tuasaude.com\/news\/author\/gabrielleme\/"}]}},"_links":{"self":[{"href":"https:\/\/www.tuasaude.com\/news\/wp-json\/wp\/v2\/posts\/108770","targetHints":{"allow":["GET"]}}],"collection":[{"href":"https:\/\/www.tuasaude.com\/news\/wp-json\/wp\/v2\/posts"}],"about":[{"href":"https:\/\/www.tuasaude.com\/news\/wp-json\/wp\/v2\/types\/post"}],"author":[{"embeddable":true,"href":"https:\/\/www.tuasaude.com\/news\/wp-json\/wp\/v2\/users\/6"}],"replies":[{"embeddable":true,"href":"https:\/\/www.tuasaude.com\/news\/wp-json\/wp\/v2\/comments?post=108770"}],"version-history":[{"count":1,"href":"https:\/\/www.tuasaude.com\/news\/wp-json\/wp\/v2\/posts\/108770\/revisions"}],"predecessor-version":[{"id":108799,"href":"https:\/\/www.tuasaude.com\/news\/wp-json\/wp\/v2\/posts\/108770\/revisions\/108799"}],"wp:featuredmedia":[{"embeddable":true,"href":"https:\/\/www.tuasaude.com\/news\/wp-json\/wp\/v2\/media\/108768"}],"wp:attachment":[{"href":"https:\/\/www.tuasaude.com\/news\/wp-json\/wp\/v2\/media?parent=108770"}],"wp:term":[{"taxonomy":"category","embeddable":true,"href":"https:\/\/www.tuasaude.com\/news\/wp-json\/wp\/v2\/categories?post=108770"},{"taxonomy":"post_tag","embeddable":true,"href":"https:\/\/www.tuasaude.com\/news\/wp-json\/wp\/v2\/tags?post=108770"}],"curies":[{"name":"wp","href":"https:\/\/api.w.org\/{rel}","templated":true}]}}