{"id":108764,"date":"2026-09-05T17:00:00","date_gmt":"2026-09-05T20:00:00","guid":{"rendered":"https:\/\/www.tuasaude.com\/news\/?p=108764"},"modified":"2026-09-05T08:29:08","modified_gmt":"2026-09-05T11:29:08","slug":"a-prisao-de-ventre-cronica-nao-se-deve-apenas-a-falta-de-fibras-mas-sim-em-muitos-casos-ao-hipotireoidismo-e-ao-transito-intestinal-lento","status":"publish","type":"post","link":"https:\/\/www.tuasaude.com\/news\/2026\/09\/05\/a-prisao-de-ventre-cronica-nao-se-deve-apenas-a-falta-de-fibras-mas-sim-em-muitos-casos-ao-hipotireoidismo-e-ao-transito-intestinal-lento\/","title":{"rendered":"A pris\u00e3o de ventre cr\u00f4nica n\u00e3o se deve apenas \u00e0 falta de fibras, mas sim em muitos casos ao hipotireoidismo e ao tr\u00e2nsito intestinal lento"},"content":{"rendered":"\n<p class=\"wp-block-paragraph\"><strong>Pris\u00e3o de ventre<\/strong> cr\u00f4nica nem sempre aparece por baixa ingest\u00e3o de <strong>fibras<\/strong>. Em parte dos casos, o problema envolve <strong>hipotireoidismo<\/strong>, redu\u00e7\u00e3o da motilidade do c\u00f3lon e <strong>tr\u00e2nsito intestinal<\/strong> mais lento. Quando evacuar passa a exigir esfor\u00e7o frequente, fezes ressecadas e intervalos longos entre as idas ao banheiro, vale olhar al\u00e9m do prato.<\/p>\n\n\n\n<h2 class=\"wp-block-heading\">Quando a constipa\u00e7\u00e3o deixa de ser apenas falta de fibras?<\/h2>\n\n\n\n<p class=\"wp-block-paragraph\">Muita gente associa constipa\u00e7\u00e3o ao consumo insuficiente de vegetais, frutas e \u00e1gua. Isso faz sentido, mas n\u00e3o explica tudo. Se a evacua\u00e7\u00e3o segue dif\u00edcil por semanas ou meses, mesmo com ajustes alimentares, pode haver menor contra\u00e7\u00e3o intestinal, altera\u00e7\u00e3o hormonal ou esvaziamento col\u00f4nico mais demorado.<\/p>\n\n\n\n<p class=\"wp-block-paragraph\">Alguns sinais sugerem uma causa al\u00e9m da dieta:<\/p>\n\n\n\n<ul class=\"wp-block-list\">\n<li>menos de tr\u00eas evacua\u00e7\u00f5es por semana<\/li>\n\n\n\n<li>fezes endurecidas com esfor\u00e7o repetido<\/li>\n\n\n\n<li>sensa\u00e7\u00e3o de evacua\u00e7\u00e3o incompleta<\/li>\n\n\n\n<li>distens\u00e3o abdominal frequente<\/li>\n\n\n\n<li>piora apesar do aumento de fibras<\/li>\n<\/ul>\n\n\n\n<h2 class=\"wp-block-heading\">O que a pesquisa mostra sobre hipotireoidismo e tr\u00e2nsito intestinal lento?<\/h2>\n\n\n\n<p class=\"wp-block-paragraph\">Pesquisa publicada em 2024 refor\u00e7ou que o <strong>hipotireoidismo<\/strong> costuma estar ligado \u00e0 constipa\u00e7\u00e3o e ao atraso da motilidade gastrointestinal. Em termos pr\u00e1ticos, a queda dos horm\u00f4nios tireoidianos reduz o ritmo de funcionamento de v\u00e1rios tecidos, incluindo o intestino. Esse mecanismo ajuda a explicar por que algumas pessoas mant\u00eam pris\u00e3o de ventre mesmo com alimenta\u00e7\u00e3o adequada.<\/p>\n\n\n\n<p class=\"wp-block-paragraph\">Na mesma linha, uma <a href=\"https:\/\/pubmed.ncbi.nlm.nih.gov\/38803365\/\" target=\"_blank\" rel=\"noopener noreferrer\">associa\u00e7\u00e3o entre disfun\u00e7\u00e3o tireoidiana e atraso da motilidade digestiva<\/a> chamou aten\u00e7\u00e3o para sintomas intestinais persistentes que podem esconder altera\u00e7\u00e3o da tireoide. Quando o intestino funciona devagar, o c\u00f3lon ret\u00e9m fezes por mais tempo, aumenta a reabsor\u00e7\u00e3o de \u00e1gua e favorece fezes secas e dif\u00edceis de eliminar.<\/p>\n\n\n<div class=\"wp-block-image wp-block-image aligncenter size-large\">\n<figure ><img decoding=\"async\" width=\"1279\" height=\"720\" src=\"https:\/\/cdnnewsimg.tuasaude.com\/wp-content\/uploads\/2026\/09\/a-prisao-de-ventre-cronica-nao-se-deve-apenas-a-falta-d-corpo.jpg\" alt=\"Fibras, tireoide, \u00e1gua e motilidade explicam diferentes causas da constipa\u00e7\u00e3o cr\u00f4nica.\" class=\"wp-image-108763\" srcset=\"https:\/\/www.tuasaude.com\/news\/wp-content\/uploads\/2026\/09\/a-prisao-de-ventre-cronica-nao-se-deve-apenas-a-falta-d-corpo.jpg 1279w, https:\/\/www.tuasaude.com\/news\/wp-content\/uploads\/2026\/09\/a-prisao-de-ventre-cronica-nao-se-deve-apenas-a-falta-d-corpo-300x169.jpg 300w, https:\/\/www.tuasaude.com\/news\/wp-content\/uploads\/2026\/09\/a-prisao-de-ventre-cronica-nao-se-deve-apenas-a-falta-d-corpo-1024x576.jpg 1024w, https:\/\/www.tuasaude.com\/news\/wp-content\/uploads\/2026\/09\/a-prisao-de-ventre-cronica-nao-se-deve-apenas-a-falta-d-corpo-768x432.jpg 768w, https:\/\/www.tuasaude.com\/news\/wp-content\/uploads\/2026\/09\/a-prisao-de-ventre-cronica-nao-se-deve-apenas-a-falta-d-corpo-750x422.jpg 750w, https:\/\/www.tuasaude.com\/news\/wp-content\/uploads\/2026\/09\/a-prisao-de-ventre-cronica-nao-se-deve-apenas-a-falta-d-corpo-1140x642.jpg 1140w\" sizes=\"(max-width: 1279px) 100vw, 1279px\" \/><figcaption class=\"wp-element-caption\">Fibras, tireoide, \u00e1gua e motilidade explicam diferentes causas da constipa\u00e7\u00e3o cr\u00f4nica.<\/figcaption><\/figure>\n<\/div>\n\n\n<h2 class=\"wp-block-heading\">Quais sintomas podem sugerir que a tireoide est\u00e1 envolvida?<\/h2>\n\n\n\n<p class=\"wp-block-paragraph\">Hipotireoidismo raramente causa s\u00f3 pris\u00e3o de ventre. Em geral, ele vem acompanhado de cansa\u00e7o, sonol\u00eancia, pele seca, intoler\u00e2ncia ao frio, incha\u00e7o, ganho de peso e lentid\u00e3o global. Quando esse conjunto aparece ao lado de evacua\u00e7\u00e3o infrequente, a investiga\u00e7\u00e3o cl\u00ednica ganha outro rumo.<\/p>\n\n\n\n<p class=\"wp-block-paragraph\">Se houver d\u00favida sobre causas e manejo, vale consultar um material com <a href=\"https:\/\/www.tuasaude.com\/prisao-de-ventre\/\" target=\"_blank\" rel=\"noopener noreferrer\">as causas da pris\u00e3o de ventre<\/a>, porque ele ajuda a diferenciar fatores alimentares de condi\u00e7\u00f5es hormonais e funcionais. Esse racioc\u00ednio evita insistir apenas em laxantes ou suplementos quando o intestino pode estar respondendo a um dist\u00farbio metab\u00f3lico.<\/p>\n\n\n\n<h2 class=\"wp-block-heading\">O tr\u00e2nsito intestinal lento \u00e9 um problema espec\u00edfico?<\/h2>\n\n\n\n<p class=\"wp-block-paragraph\">Sim. <strong>Tr\u00e2nsito intestinal lento<\/strong> n\u00e3o \u00e9 apenas uma forma mais intensa de constipa\u00e7\u00e3o comum. Em algumas pessoas, ele representa um fen\u00f3tipo pr\u00f3prio, com dismotilidade do c\u00f3lon e resposta neuromuscular reduzida. Nesses casos, o bolo fecal progride devagar, o intervalo entre evacua\u00e7\u00f5es aumenta e a sensa\u00e7\u00e3o de bloqueio pode se tornar recorrente.<\/p>\n\n\n\n<p class=\"wp-block-paragraph\">Alguns pontos ajudam a reconhecer esse padr\u00e3o:<\/p>\n\n\n\n<ul class=\"wp-block-list\">\n<li>pr\u00f3pria rotina alimentar j\u00e1 foi ajustada sem melhora suficiente<\/li>\n\n\n\n<li>h\u00e1 necessidade frequente de esfor\u00e7o para evacuar<\/li>\n\n\n\n<li>o desconforto abdominal volta com facilidade<\/li>\n\n\n\n<li>o quadro persiste por meses<\/li>\n\n\n\n<li>h\u00e1 suspeita de altera\u00e7\u00e3o funcional do c\u00f3lon<\/li>\n<\/ul>\n\n\n\n<h2 class=\"wp-block-heading\">As fibras resolvem todos os casos de pris\u00e3o de ventre cr\u00f4nica?<\/h2>\n\n\n\n<p class=\"wp-block-paragraph\">N\u00e3o. As fibras t\u00eam papel importante, sobretudo quando a ingest\u00e3o est\u00e1 baixa, mas o resultado depende do tipo, da dose e do tempo de uso. Uma revis\u00e3o de 2023 apontou benef\u00edcio da suplementa\u00e7\u00e3o no manejo da constipa\u00e7\u00e3o cr\u00f4nica, por\u00e9m o efeito sobre o tempo total de tr\u00e2nsito gastrointestinal n\u00e3o foi consistente em todos os estudos. Isso significa que aumentar fibras pode melhorar o volume e a frequ\u00eancia das fezes, sem corrigir totalmente a lentid\u00e3o do intestino.<\/p>\n\n\n\n<p class=\"wp-block-paragraph\">Por isso, usar farelo, psyllium ou mais saladas como \u00fanica estrat\u00e9gia nem sempre basta. Em quem tem hipotireoidismo, desidrata\u00e7\u00e3o, uso de certos rem\u00e9dios ou motilidade col\u00f4nica reduzida, o tratamento costuma exigir avalia\u00e7\u00e3o individual, ajuste da causa de base e orienta\u00e7\u00e3o sobre alimenta\u00e7\u00e3o, l\u00edquidos e atividade f\u00edsica.<\/p>\n\n\n\n<h2 class=\"wp-block-heading\">Quando procurar avalia\u00e7\u00e3o m\u00e9dica?<\/h2>\n\n\n\n<p class=\"wp-block-paragraph\">Pris\u00e3o de ventre cr\u00f4nica merece aten\u00e7\u00e3o quando muda o padr\u00e3o intestinal, surge junto com dor importante, sangue nas fezes, perda de peso, anemia ou in\u00edcio recente ap\u00f3s os 50 anos. Tamb\u00e9m pede investiga\u00e7\u00e3o quando h\u00e1 sintomas compat\u00edveis com tireoide lenta ou quando a resposta \u00e0s fibras foi pequena apesar de boa ades\u00e3o.<\/p>\n\n\n\n<p class=\"wp-block-paragraph\">Olhar para o intestino de forma mais ampla costuma trazer respostas melhores do que culpar apenas a alimenta\u00e7\u00e3o. Horm\u00f4nios tireoidianos, motilidade do c\u00f3lon, consist\u00eancia das fezes, ingest\u00e3o h\u00eddrica e rotina evacuat\u00f3ria fazem parte do mesmo quadro cl\u00ednico, e esse conjunto orienta o diagn\u00f3stico com mais precis\u00e3o.<\/p>\n\n\n\n<p class=\"wp-block-paragraph\">Este conte\u00fado tem car\u00e1ter exclusivamente informativo e <strong>n\u00e3o substitui a avalia\u00e7\u00e3o<\/strong>, o diagn\u00f3stico ou o acompanhamento de um profissional de sa\u00fade. Se voc\u00ea apresenta sintomas persistentes ou tem d\u00favidas sobre sua condi\u00e7\u00e3o, procure orienta\u00e7\u00e3o m\u00e9dica.<\/p>\n","protected":false},"excerpt":{"rendered":"<p>Pris\u00e3o de ventre cr\u00f4nica nem sempre aparece por baixa ingest\u00e3o de fibras. Em parte dos casos, o problema envolve hipotireoidismo, redu\u00e7\u00e3o da motilidade do c\u00f3lon e tr\u00e2nsito intestinal mais lento. Quando evacuar passa a exigir esfor\u00e7o frequente, fezes ressecadas e intervalos longos entre as idas ao banheiro, vale olhar al\u00e9m do prato. Quando a constipa\u00e7\u00e3o [&hellip;]<\/p>\n","protected":false},"author":6,"featured_media":108762,"comment_status":"open","ping_status":"open","sticky":false,"template":"","format":"standard","meta":{"_yoast_wpseo_focuskw":"pris\u00e3o de ventre","_yoast_wpseo_title":"","_yoast_wpseo_metadesc":"A pris\u00e3o de ventre cr\u00f4nica pode ter rela\u00e7\u00e3o com hipotireoidismo e tr\u00e2nsito intestinal lento, mesmo quando as fibras j\u00e1 fazem parte da rotina.","jnews-multi-image_gallery":[],"jnews_single_post":{"format":"standard"},"jnews_primary_category":[],"jnews_social_meta":[],"jnews_override_counter":[],"footnotes":""},"categories":[111],"tags":[1132,2858,891,1796,2361],"class_list":["post-108764","post","type-post","status-publish","format-standard","has-post-thumbnail","hentry","category-saude","tag-fibras","tag-hipotireoidismo","tag-prisao-de-ventre","tag-saude-2","tag-transito-intestinal-2"],"yoast_head":"<!-- This site is optimized with the Yoast SEO plugin v26.7 - https:\/\/yoast.com\/wordpress\/plugins\/seo\/ -->\n<title>A pris\u00e3o de ventre cr\u00f4nica n\u00e3o se deve apenas \u00e0 falta de fibras, mas sim em muitos casos ao hipotireoidismo e ao tr\u00e2nsito intestinal lento - Tua Sa\u00fade<\/title>\n<meta name=\"description\" content=\"A pris\u00e3o de ventre cr\u00f4nica pode ter rela\u00e7\u00e3o com hipotireoidismo e tr\u00e2nsito intestinal lento, mesmo quando as fibras j\u00e1 fazem parte da rotina.\" \/>\n<meta name=\"robots\" content=\"index, follow, max-snippet:-1, max-image-preview:large, max-video-preview:-1\" \/>\n<link rel=\"canonical\" href=\"https:\/\/www.tuasaude.com\/news\/2026\/09\/05\/a-prisao-de-ventre-cronica-nao-se-deve-apenas-a-falta-de-fibras-mas-sim-em-muitos-casos-ao-hipotireoidismo-e-ao-transito-intestinal-lento\/\" \/>\n<meta property=\"og:locale\" content=\"pt_BR\" \/>\n<meta property=\"og:type\" content=\"article\" \/>\n<meta property=\"og:title\" content=\"A pris\u00e3o de ventre cr\u00f4nica n\u00e3o se deve apenas \u00e0 falta de fibras, mas sim em muitos casos ao hipotireoidismo e ao tr\u00e2nsito intestinal lento - Tua Sa\u00fade\" \/>\n<meta property=\"og:description\" content=\"A pris\u00e3o de ventre cr\u00f4nica pode ter rela\u00e7\u00e3o com hipotireoidismo e tr\u00e2nsito intestinal lento, mesmo quando as fibras j\u00e1 fazem parte da rotina.\" \/>\n<meta property=\"og:url\" content=\"https:\/\/www.tuasaude.com\/news\/2026\/09\/05\/a-prisao-de-ventre-cronica-nao-se-deve-apenas-a-falta-de-fibras-mas-sim-em-muitos-casos-ao-hipotireoidismo-e-ao-transito-intestinal-lento\/\" \/>\n<meta property=\"og:site_name\" content=\"Tua Sa\u00fade\" \/>\n<meta property=\"article:published_time\" content=\"2026-09-05T20:00:00+00:00\" \/>\n<meta property=\"og:image\" content=\"https:\/\/www.tuasaude.com\/news\/wp-content\/uploads\/2026\/09\/a-prisao-de-ventre-cronica-nao-se-deve-apenas-a-falta-de-fib.jpg\" \/>\n\t<meta property=\"og:image:width\" content=\"1280\" \/>\n\t<meta property=\"og:image:height\" content=\"720\" \/>\n\t<meta property=\"og:image:type\" content=\"image\/jpeg\" \/>\n<meta name=\"author\" content=\"Gabriel Leme\" \/>\n<meta name=\"twitter:card\" content=\"summary_large_image\" \/>\n<meta name=\"twitter:label1\" content=\"Escrito por\" \/>\n\t<meta name=\"twitter:data1\" content=\"Gabriel Leme\" \/>\n\t<meta name=\"twitter:label2\" content=\"Est. tempo de leitura\" \/>\n\t<meta name=\"twitter:data2\" content=\"5 minutos\" \/>\n<!-- \/ Yoast SEO plugin. -->","yoast_head_json":{"title":"A pris\u00e3o de ventre cr\u00f4nica n\u00e3o se deve apenas \u00e0 falta de fibras, mas sim em muitos casos ao hipotireoidismo e ao tr\u00e2nsito intestinal lento - Tua Sa\u00fade","description":"A pris\u00e3o de ventre cr\u00f4nica pode ter rela\u00e7\u00e3o com hipotireoidismo e tr\u00e2nsito intestinal lento, mesmo quando as fibras j\u00e1 fazem parte da rotina.","robots":{"index":"index","follow":"follow","max-snippet":"max-snippet:-1","max-image-preview":"max-image-preview:large","max-video-preview":"max-video-preview:-1"},"canonical":"https:\/\/www.tuasaude.com\/news\/2026\/09\/05\/a-prisao-de-ventre-cronica-nao-se-deve-apenas-a-falta-de-fibras-mas-sim-em-muitos-casos-ao-hipotireoidismo-e-ao-transito-intestinal-lento\/","og_locale":"pt_BR","og_type":"article","og_title":"A pris\u00e3o de ventre cr\u00f4nica n\u00e3o se deve apenas \u00e0 falta de fibras, mas sim em muitos casos ao hipotireoidismo e ao tr\u00e2nsito intestinal lento - Tua Sa\u00fade","og_description":"A pris\u00e3o de ventre cr\u00f4nica pode ter rela\u00e7\u00e3o com hipotireoidismo e tr\u00e2nsito intestinal lento, mesmo quando as fibras j\u00e1 fazem parte da rotina.","og_url":"https:\/\/www.tuasaude.com\/news\/2026\/09\/05\/a-prisao-de-ventre-cronica-nao-se-deve-apenas-a-falta-de-fibras-mas-sim-em-muitos-casos-ao-hipotireoidismo-e-ao-transito-intestinal-lento\/","og_site_name":"Tua Sa\u00fade","article_published_time":"2026-09-05T20:00:00+00:00","og_image":[{"width":1280,"height":720,"url":"https:\/\/www.tuasaude.com\/news\/wp-content\/uploads\/2026\/09\/a-prisao-de-ventre-cronica-nao-se-deve-apenas-a-falta-de-fib.jpg","type":"image\/jpeg"}],"author":"Gabriel Leme","twitter_card":"summary_large_image","twitter_misc":{"Escrito por":"Gabriel Leme","Est. tempo de leitura":"5 minutos"},"schema":{"@context":"https:\/\/schema.org","@graph":[{"@type":"Article","@id":"https:\/\/www.tuasaude.com\/news\/2026\/09\/05\/a-prisao-de-ventre-cronica-nao-se-deve-apenas-a-falta-de-fibras-mas-sim-em-muitos-casos-ao-hipotireoidismo-e-ao-transito-intestinal-lento\/#article","isPartOf":{"@id":"https:\/\/www.tuasaude.com\/news\/2026\/09\/05\/a-prisao-de-ventre-cronica-nao-se-deve-apenas-a-falta-de-fibras-mas-sim-em-muitos-casos-ao-hipotireoidismo-e-ao-transito-intestinal-lento\/"},"author":{"name":"Gabriel Leme","@id":"https:\/\/www.tuasaude.com\/news\/#\/schema\/person\/bf512a2e53b74f5544ff3040f496e593"},"headline":"A pris\u00e3o de ventre cr\u00f4nica n\u00e3o se deve apenas \u00e0 falta de fibras, mas sim em muitos casos ao hipotireoidismo e ao tr\u00e2nsito intestinal lento","datePublished":"2026-09-05T20:00:00+00:00","mainEntityOfPage":{"@id":"https:\/\/www.tuasaude.com\/news\/2026\/09\/05\/a-prisao-de-ventre-cronica-nao-se-deve-apenas-a-falta-de-fibras-mas-sim-em-muitos-casos-ao-hipotireoidismo-e-ao-transito-intestinal-lento\/"},"wordCount":885,"commentCount":0,"image":{"@id":"https:\/\/www.tuasaude.com\/news\/2026\/09\/05\/a-prisao-de-ventre-cronica-nao-se-deve-apenas-a-falta-de-fibras-mas-sim-em-muitos-casos-ao-hipotireoidismo-e-ao-transito-intestinal-lento\/#primaryimage"},"thumbnailUrl":"https:\/\/www.tuasaude.com\/news\/wp-content\/uploads\/2026\/09\/a-prisao-de-ventre-cronica-nao-se-deve-apenas-a-falta-de-fib.jpg","keywords":["fibras","Hipotireoidismo","pris\u00e3o de ventre","saude","tr\u00e2nsito intestinal"],"articleSection":["Sa\u00fade"],"inLanguage":"pt-BR","potentialAction":[{"@type":"CommentAction","name":"Comment","target":["https:\/\/www.tuasaude.com\/news\/2026\/09\/05\/a-prisao-de-ventre-cronica-nao-se-deve-apenas-a-falta-de-fibras-mas-sim-em-muitos-casos-ao-hipotireoidismo-e-ao-transito-intestinal-lento\/#respond"]}]},{"@type":"WebPage","@id":"https:\/\/www.tuasaude.com\/news\/2026\/09\/05\/a-prisao-de-ventre-cronica-nao-se-deve-apenas-a-falta-de-fibras-mas-sim-em-muitos-casos-ao-hipotireoidismo-e-ao-transito-intestinal-lento\/","url":"https:\/\/www.tuasaude.com\/news\/2026\/09\/05\/a-prisao-de-ventre-cronica-nao-se-deve-apenas-a-falta-de-fibras-mas-sim-em-muitos-casos-ao-hipotireoidismo-e-ao-transito-intestinal-lento\/","name":"A pris\u00e3o de ventre cr\u00f4nica n\u00e3o se deve apenas \u00e0 falta de fibras, mas sim em muitos casos ao hipotireoidismo e ao tr\u00e2nsito intestinal lento - Tua Sa\u00fade","isPartOf":{"@id":"https:\/\/www.tuasaude.com\/news\/#website"},"primaryImageOfPage":{"@id":"https:\/\/www.tuasaude.com\/news\/2026\/09\/05\/a-prisao-de-ventre-cronica-nao-se-deve-apenas-a-falta-de-fibras-mas-sim-em-muitos-casos-ao-hipotireoidismo-e-ao-transito-intestinal-lento\/#primaryimage"},"image":{"@id":"https:\/\/www.tuasaude.com\/news\/2026\/09\/05\/a-prisao-de-ventre-cronica-nao-se-deve-apenas-a-falta-de-fibras-mas-sim-em-muitos-casos-ao-hipotireoidismo-e-ao-transito-intestinal-lento\/#primaryimage"},"thumbnailUrl":"https:\/\/www.tuasaude.com\/news\/wp-content\/uploads\/2026\/09\/a-prisao-de-ventre-cronica-nao-se-deve-apenas-a-falta-de-fib.jpg","datePublished":"2026-09-05T20:00:00+00:00","author":{"@id":"https:\/\/www.tuasaude.com\/news\/#\/schema\/person\/bf512a2e53b74f5544ff3040f496e593"},"description":"A pris\u00e3o de ventre cr\u00f4nica pode ter rela\u00e7\u00e3o com hipotireoidismo e tr\u00e2nsito intestinal lento, mesmo quando as fibras j\u00e1 fazem parte da rotina.","breadcrumb":{"@id":"https:\/\/www.tuasaude.com\/news\/2026\/09\/05\/a-prisao-de-ventre-cronica-nao-se-deve-apenas-a-falta-de-fibras-mas-sim-em-muitos-casos-ao-hipotireoidismo-e-ao-transito-intestinal-lento\/#breadcrumb"},"inLanguage":"pt-BR","potentialAction":[{"@type":"ReadAction","target":["https:\/\/www.tuasaude.com\/news\/2026\/09\/05\/a-prisao-de-ventre-cronica-nao-se-deve-apenas-a-falta-de-fibras-mas-sim-em-muitos-casos-ao-hipotireoidismo-e-ao-transito-intestinal-lento\/"]}]},{"@type":"ImageObject","inLanguage":"pt-BR","@id":"https:\/\/www.tuasaude.com\/news\/2026\/09\/05\/a-prisao-de-ventre-cronica-nao-se-deve-apenas-a-falta-de-fibras-mas-sim-em-muitos-casos-ao-hipotireoidismo-e-ao-transito-intestinal-lento\/#primaryimage","url":"https:\/\/www.tuasaude.com\/news\/wp-content\/uploads\/2026\/09\/a-prisao-de-ventre-cronica-nao-se-deve-apenas-a-falta-de-fib.jpg","contentUrl":"https:\/\/www.tuasaude.com\/news\/wp-content\/uploads\/2026\/09\/a-prisao-de-ventre-cronica-nao-se-deve-apenas-a-falta-de-fib.jpg","width":1280,"height":720,"caption":"Pris\u00e3o de ventre cr\u00f4nica pode estar ligada ao hipotireoidismo e ao intestino lento."},{"@type":"BreadcrumbList","@id":"https:\/\/www.tuasaude.com\/news\/2026\/09\/05\/a-prisao-de-ventre-cronica-nao-se-deve-apenas-a-falta-de-fibras-mas-sim-em-muitos-casos-ao-hipotireoidismo-e-ao-transito-intestinal-lento\/#breadcrumb","itemListElement":[{"@type":"ListItem","position":1,"name":"In\u00edcio","item":"https:\/\/www.tuasaude.com\/news\/"},{"@type":"ListItem","position":2,"name":"A pris\u00e3o de ventre cr\u00f4nica n\u00e3o se deve apenas \u00e0 falta de fibras, mas sim em muitos casos ao hipotireoidismo e ao tr\u00e2nsito intestinal lento"}]},{"@type":"WebSite","@id":"https:\/\/www.tuasaude.com\/news\/#website","url":"https:\/\/www.tuasaude.com\/news\/","name":"Tua Sa\u00fade","description":"Seu site de sa\u00fade","potentialAction":[{"@type":"SearchAction","target":{"@type":"EntryPoint","urlTemplate":"https:\/\/www.tuasaude.com\/news\/?s={search_term_string}"},"query-input":{"@type":"PropertyValueSpecification","valueRequired":true,"valueName":"search_term_string"}}],"inLanguage":"pt-BR"},{"@type":"Person","@id":"https:\/\/www.tuasaude.com\/news\/#\/schema\/person\/bf512a2e53b74f5544ff3040f496e593","name":"Gabriel Leme","image":{"@type":"ImageObject","inLanguage":"pt-BR","@id":"https:\/\/www.tuasaude.com\/news\/#\/schema\/person\/image\/","url":"https:\/\/secure.gravatar.com\/avatar\/a12badc2d08e73d59b38f178ebe822eca26c0445823b05fefedea89fb346439c?s=96&d=mm&r=g","contentUrl":"https:\/\/secure.gravatar.com\/avatar\/a12badc2d08e73d59b38f178ebe822eca26c0445823b05fefedea89fb346439c?s=96&d=mm&r=g","caption":"Gabriel Leme"},"sameAs":["https:\/\/www.tuasaude.com\/news"],"url":"https:\/\/www.tuasaude.com\/news\/author\/gabrielleme\/"}]}},"_links":{"self":[{"href":"https:\/\/www.tuasaude.com\/news\/wp-json\/wp\/v2\/posts\/108764","targetHints":{"allow":["GET"]}}],"collection":[{"href":"https:\/\/www.tuasaude.com\/news\/wp-json\/wp\/v2\/posts"}],"about":[{"href":"https:\/\/www.tuasaude.com\/news\/wp-json\/wp\/v2\/types\/post"}],"author":[{"embeddable":true,"href":"https:\/\/www.tuasaude.com\/news\/wp-json\/wp\/v2\/users\/6"}],"replies":[{"embeddable":true,"href":"https:\/\/www.tuasaude.com\/news\/wp-json\/wp\/v2\/comments?post=108764"}],"version-history":[{"count":1,"href":"https:\/\/www.tuasaude.com\/news\/wp-json\/wp\/v2\/posts\/108764\/revisions"}],"predecessor-version":[{"id":108797,"href":"https:\/\/www.tuasaude.com\/news\/wp-json\/wp\/v2\/posts\/108764\/revisions\/108797"}],"wp:featuredmedia":[{"embeddable":true,"href":"https:\/\/www.tuasaude.com\/news\/wp-json\/wp\/v2\/media\/108762"}],"wp:attachment":[{"href":"https:\/\/www.tuasaude.com\/news\/wp-json\/wp\/v2\/media?parent=108764"}],"wp:term":[{"taxonomy":"category","embeddable":true,"href":"https:\/\/www.tuasaude.com\/news\/wp-json\/wp\/v2\/categories?post=108764"},{"taxonomy":"post_tag","embeddable":true,"href":"https:\/\/www.tuasaude.com\/news\/wp-json\/wp\/v2\/tags?post=108764"}],"curies":[{"name":"wp","href":"https:\/\/api.w.org\/{rel}","templated":true}]}}