{"id":108761,"date":"2026-09-05T16:00:00","date_gmt":"2026-09-05T19:00:00","guid":{"rendered":"https:\/\/www.tuasaude.com\/news\/?p=108761"},"modified":"2026-09-05T08:28:44","modified_gmt":"2026-09-05T11:28:44","slug":"tomar-cafe-antes-ou-depois-do-cafe-da-manha-qual-horario-e-melhor-para-a-glicose-e-para-o-estomago","status":"publish","type":"post","link":"https:\/\/www.tuasaude.com\/news\/2026\/09\/05\/tomar-cafe-antes-ou-depois-do-cafe-da-manha-qual-horario-e-melhor-para-a-glicose-e-para-o-estomago\/","title":{"rendered":"Tomar caf\u00e9 antes ou depois do caf\u00e9 da manh\u00e3: qual hor\u00e1rio \u00e9 melhor para a glicose e para o est\u00f4mago"},"content":{"rendered":"\n<p class=\"wp-block-paragraph\"><strong>Caf\u00e9<\/strong> cedo faz parte da rotina de muita gente, mas o hor\u00e1rio pode mudar a resposta da <strong>glicose<\/strong> e o conforto do <strong>est\u00f4mago<\/strong>. Quando a bebida entra antes, junto ou depois do <strong>caf\u00e9 da manh\u00e3<\/strong>, h\u00e1 diferen\u00e7as na digest\u00e3o, no pico glic\u00eamico e na chance de azia ou irrita\u00e7\u00e3o em pessoas mais sens\u00edveis. Por isso, a melhor escolha depende do tipo de refei\u00e7\u00e3o e da toler\u00e2ncia gastrointestinal.<\/p>\n\n\n\n<h2 class=\"wp-block-heading\">Tomar caf\u00e9 em jejum pesa mais na glicose ou no est\u00f4mago?<\/h2>\n\n\n\n<p class=\"wp-block-paragraph\">Para o est\u00f4mago, o ponto costuma ser mais sens\u00edvel. O caf\u00e9 estimula a produ\u00e7\u00e3o de \u00e1cido g\u00e1strico e tamb\u00e9m a motilidade intestinal. Em quem j\u00e1 sente queima\u00e7\u00e3o, enjoo, dor na parte alta do abd\u00f4men ou refluxo, beber a x\u00edcara sem nenhum alimento pode piorar o desconforto logo nas primeiras horas da manh\u00e3.<\/p>\n\n\n\n<p class=\"wp-block-paragraph\">Na glicose, o efeito isolado do caf\u00e9 n\u00e3o \u00e9 igual para todos. Entram na conta a torra, a quantidade, o a\u00e7\u00facar adicionado, o leite e, principalmente, o carboidrato do desjejum. Uma refei\u00e7\u00e3o com p\u00e3o branco, bolo ou biscoito tende a provocar resposta diferente daquela com ovos, iogurte, aveia ou fruta com fibras.<\/p>\n\n\n\n<h2 class=\"wp-block-heading\">O que um estudo recente observou sobre caf\u00e9 e resposta glic\u00eamica?<\/h2>\n\n\n\n<p class=\"wp-block-paragraph\">Pesquisa publicada em <strong>2024<\/strong> avaliou adultos saud\u00e1veis e comparou o momento do caf\u00e9 em rela\u00e7\u00e3o ao carboidrato da refei\u00e7\u00e3o. Os resultados indicaram que beber antes, junto ou depois do caf\u00e9 da manh\u00e3 mudou o pico de glicose e a resposta ao longo das horas seguintes. O dado mais importante \u00e9 que o hor\u00e1rio n\u00e3o foi neutro para o metabolismo, como mostra a <a href=\"https:\/\/pubmed.ncbi.nlm.nih.gov\/41179392\/\" target=\"_blank\" rel=\"noopener noreferrer\">diferen\u00e7a no pico de glicose ap\u00f3s o caf\u00e9 em rela\u00e7\u00e3o \u00e0 refei\u00e7\u00e3o<\/a>.<\/p>\n\n\n\n<p class=\"wp-block-paragraph\">Na pr\u00e1tica, isso sugere que n\u00e3o existe regra \u00fanica. Se o caf\u00e9 da manh\u00e3 for rico em carboidrato refinado, tomar caf\u00e9 antes pode n\u00e3o ser a melhor estrat\u00e9gia para algumas pessoas. Quando a refei\u00e7\u00e3o inclui <strong>prote\u00edna<\/strong>, <strong>fibras<\/strong> e gordura em por\u00e7\u00e3o moderada, a curva glic\u00eamica tende a ficar mais est\u00e1vel.<\/p>\n\n\n<div class=\"wp-block-image wp-block-image aligncenter size-large\">\n<figure ><img decoding=\"async\" width=\"1279\" height=\"720\" src=\"https:\/\/cdnnewsimg.tuasaude.com\/wp-content\/uploads\/2026\/09\/tomar-cafe-antes-ou-depois-do-cafe-da-manha-qual-horari-corpo.jpg\" alt=\"Hor\u00e1rio, refei\u00e7\u00e3o, est\u00f4mago e por\u00e7\u00e3o formam os pilares do caf\u00e9 matinal.\" class=\"wp-image-108760\" srcset=\"https:\/\/www.tuasaude.com\/news\/wp-content\/uploads\/2026\/09\/tomar-cafe-antes-ou-depois-do-cafe-da-manha-qual-horari-corpo.jpg 1279w, https:\/\/www.tuasaude.com\/news\/wp-content\/uploads\/2026\/09\/tomar-cafe-antes-ou-depois-do-cafe-da-manha-qual-horari-corpo-300x169.jpg 300w, https:\/\/www.tuasaude.com\/news\/wp-content\/uploads\/2026\/09\/tomar-cafe-antes-ou-depois-do-cafe-da-manha-qual-horari-corpo-1024x576.jpg 1024w, https:\/\/www.tuasaude.com\/news\/wp-content\/uploads\/2026\/09\/tomar-cafe-antes-ou-depois-do-cafe-da-manha-qual-horari-corpo-768x432.jpg 768w, https:\/\/www.tuasaude.com\/news\/wp-content\/uploads\/2026\/09\/tomar-cafe-antes-ou-depois-do-cafe-da-manha-qual-horari-corpo-750x422.jpg 750w, https:\/\/www.tuasaude.com\/news\/wp-content\/uploads\/2026\/09\/tomar-cafe-antes-ou-depois-do-cafe-da-manha-qual-horari-corpo-1140x642.jpg 1140w\" sizes=\"(max-width: 1279px) 100vw, 1279px\" \/><figcaption class=\"wp-element-caption\">Hor\u00e1rio, refei\u00e7\u00e3o, est\u00f4mago e por\u00e7\u00e3o formam os pilares do caf\u00e9 matinal.<\/figcaption><\/figure>\n<\/div>\n\n\n<h2 class=\"wp-block-heading\">Qual combina\u00e7\u00e3o no caf\u00e9 da manh\u00e3 tende a suavizar o impacto?<\/h2>\n\n\n\n<p class=\"wp-block-paragraph\">Se a preocupa\u00e7\u00e3o principal \u00e9 a glicose, vale pensar menos na x\u00edcara isolada e mais no conjunto da refei\u00e7\u00e3o. Combina\u00e7\u00f5es com digest\u00e3o mais lenta costumam reduzir oscila\u00e7\u00f5es r\u00e1pidas ap\u00f3s comer e beber.<\/p>\n\n\n\n<ul class=\"wp-block-list\">\n<li>ovos com p\u00e3o integral e fruta<\/li>\n\n\n\n<li>iogurte natural com aveia e chia<\/li>\n\n\n\n<li>queijo branco com tapioca e sementes<\/li>\n\n\n\n<li>vitamina sem a\u00e7\u00facar com fonte de prote\u00edna<\/li>\n<\/ul>\n\n\n\n<p class=\"wp-block-paragraph\">Para quem j\u00e1 sente ardor, empachamento ou n\u00e1usea, tamb\u00e9m ajuda evitar grandes volumes de caf\u00e9 de uma vez. Nesses casos, conhecer <a href=\"https:\/\/www.tuasaude.com\/gastrite\/\" target=\"_blank\" rel=\"noopener noreferrer\">os sinais comuns de gastrite<\/a> pode orientar melhor a conversa com o profissional que acompanha a alimenta\u00e7\u00e3o e os sintomas digestivos.<\/p>\n\n\n\n<h2 class=\"wp-block-heading\">Depois da refei\u00e7\u00e3o costuma ser mais gentil com o est\u00f4mago?<\/h2>\n\n\n\n<p class=\"wp-block-paragraph\">Em muitas pessoas, sim. Quando o caf\u00e9 vem ap\u00f3s alguns goles de \u00e1gua e depois de alimento s\u00f3lido, o est\u00f4mago recebe a bebida com maior prote\u00e7\u00e3o mec\u00e2nica. Isso n\u00e3o elimina a acidez nem a estimula\u00e7\u00e3o g\u00e1strica, mas costuma reduzir a chance de desconforto imediato, principalmente em quem j\u00e1 tem sensibilidade digestiva.<\/p>\n\n\n\n<p class=\"wp-block-paragraph\">Outra investiga\u00e7\u00e3o, publicada em <strong>2022<\/strong>, descreveu que o caf\u00e9 pode aumentar a secre\u00e7\u00e3o \u00e1cida e a motilidade gastrointestinal, o que ajuda a explicar por que algumas pessoas pioram em jejum. Ao mesmo tempo, a rela\u00e7\u00e3o com refluxo e \u00falcera n\u00e3o \u00e9 igual em todos os casos, segundo a <a href=\"https:\/\/pubmed.ncbi.nlm.nih.gov\/35057580\/\" target=\"_blank\" rel=\"noopener noreferrer\">estimula\u00e7\u00e3o do \u00e1cido g\u00e1strico e do tr\u00e2nsito digestivo ap\u00f3s o caf\u00e9<\/a>.<\/p>\n\n\n\n<h2 class=\"wp-block-heading\">Ent\u00e3o, qual hor\u00e1rio faz mais sentido no dia a dia?<\/h2>\n\n\n\n<p class=\"wp-block-paragraph\">Se o foco \u00e9 controlar melhor a glicose, o melhor hor\u00e1rio costuma ser aquele integrado a um caf\u00e9 da manh\u00e3 com boa composi\u00e7\u00e3o, e n\u00e3o uma x\u00edcara isolada antes de um alimento rico em a\u00e7\u00facar ou farinha refinada. Se o foco \u00e9 proteger o est\u00f4mago, tomar caf\u00e9 depois de comer tende a ser a op\u00e7\u00e3o mais confort\u00e1vel para quem tem azia, gastrite, dor epig\u00e1strica ou refluxo.<\/p>\n\n\n\n<ul class=\"wp-block-list\">\n<li>antes da refei\u00e7\u00e3o, observe tremor, vazio g\u00e1strico, queima\u00e7\u00e3o ou piora da fome<\/li>\n\n\n\n<li>junto da refei\u00e7\u00e3o, evite excesso de a\u00e7\u00facar e acompanhamentos ultraprocessados<\/li>\n\n\n\n<li>depois da refei\u00e7\u00e3o, prefira por\u00e7\u00e3o moderada e aten\u00e7\u00e3o aos sintomas digestivos<\/li>\n\n\n\n<li>se houver diabetes ou pr\u00e9-diabetes, monitore a resposta individual com orienta\u00e7\u00e3o profissional<\/li>\n<\/ul>\n\n\n\n<p class=\"wp-block-paragraph\">O melhor ajuste costuma nascer da observa\u00e7\u00e3o do corpo por alguns dias, com aten\u00e7\u00e3o a saciedade, digest\u00e3o, energia e resposta glic\u00eamica ap\u00f3s a manh\u00e3. Hor\u00e1rio, composi\u00e7\u00e3o da refei\u00e7\u00e3o, quantidade de cafe\u00edna e sensibilidade gastrointestinal pesam mais do que regras fixas.<\/p>\n\n\n\n<p class=\"wp-block-paragraph\">Este conte\u00fado tem car\u00e1ter exclusivamente informativo e <strong>n\u00e3o substitui a avalia\u00e7\u00e3o<\/strong>, o diagn\u00f3stico ou o acompanhamento de um profissional de sa\u00fade. Se voc\u00ea apresenta sintomas ou tem d\u00favidas sobre sua condi\u00e7\u00e3o, procure orienta\u00e7\u00e3o m\u00e9dica.<\/p>\n","protected":false},"excerpt":{"rendered":"<p>Caf\u00e9 cedo faz parte da rotina de muita gente, mas o hor\u00e1rio pode mudar a resposta da glicose e o conforto do est\u00f4mago. Quando a bebida entra antes, junto ou depois do caf\u00e9 da manh\u00e3, h\u00e1 diferen\u00e7as na digest\u00e3o, no pico glic\u00eamico e na chance de azia ou irrita\u00e7\u00e3o em pessoas mais sens\u00edveis. Por isso, [&hellip;]<\/p>\n","protected":false},"author":6,"featured_media":108759,"comment_status":"open","ping_status":"open","sticky":false,"template":"","format":"standard","meta":{"_yoast_wpseo_focuskw":"caf\u00e9","_yoast_wpseo_title":"","_yoast_wpseo_metadesc":"Caf\u00e9 antes ou depois do caf\u00e9 da manh\u00e3 muda mais do que o sabor, a glicose e o est\u00f4mago podem reagir de formas bem diferentes.","jnews-multi-image_gallery":[],"jnews_single_post":{"format":"standard"},"jnews_primary_category":[],"jnews_social_meta":[],"jnews_override_counter":[],"footnotes":""},"categories":[110],"tags":[1205,1788,1947,1232,152],"class_list":["post-108761","post","type-post","status-publish","format-standard","has-post-thumbnail","hentry","category-nutricao","tag-cafe","tag-cafe-da-manha","tag-estomago","tag-glicose","tag-nutricao"],"yoast_head":"<!-- This site is optimized with the Yoast SEO plugin v26.7 - https:\/\/yoast.com\/wordpress\/plugins\/seo\/ -->\n<title>Tomar caf\u00e9 antes ou depois do caf\u00e9 da manh\u00e3: qual hor\u00e1rio \u00e9 melhor para a glicose e para o est\u00f4mago - Tua Sa\u00fade<\/title>\n<meta name=\"description\" content=\"Caf\u00e9 antes ou depois do caf\u00e9 da manh\u00e3 muda mais do que o sabor, a glicose e o est\u00f4mago podem reagir de formas bem diferentes.\" \/>\n<meta name=\"robots\" content=\"index, follow, max-snippet:-1, max-image-preview:large, max-video-preview:-1\" \/>\n<link rel=\"canonical\" href=\"https:\/\/www.tuasaude.com\/news\/2026\/09\/05\/tomar-cafe-antes-ou-depois-do-cafe-da-manha-qual-horario-e-melhor-para-a-glicose-e-para-o-estomago\/\" \/>\n<meta property=\"og:locale\" content=\"pt_BR\" \/>\n<meta property=\"og:type\" content=\"article\" \/>\n<meta property=\"og:title\" content=\"Tomar caf\u00e9 antes ou depois do caf\u00e9 da manh\u00e3: qual hor\u00e1rio \u00e9 melhor para a glicose e para o est\u00f4mago - Tua Sa\u00fade\" \/>\n<meta property=\"og:description\" content=\"Caf\u00e9 antes ou depois do caf\u00e9 da manh\u00e3 muda mais do que o sabor, a glicose e o est\u00f4mago podem reagir de formas bem diferentes.\" \/>\n<meta property=\"og:url\" content=\"https:\/\/www.tuasaude.com\/news\/2026\/09\/05\/tomar-cafe-antes-ou-depois-do-cafe-da-manha-qual-horario-e-melhor-para-a-glicose-e-para-o-estomago\/\" \/>\n<meta property=\"og:site_name\" content=\"Tua Sa\u00fade\" \/>\n<meta property=\"article:published_time\" content=\"2026-09-05T19:00:00+00:00\" \/>\n<meta property=\"og:image\" content=\"https:\/\/www.tuasaude.com\/news\/wp-content\/uploads\/2026\/09\/tomar-cafe-antes-ou-depois-do-cafe-da-manha-qual-horario-e-m.jpg\" \/>\n\t<meta property=\"og:image:width\" content=\"1279\" \/>\n\t<meta property=\"og:image:height\" content=\"720\" \/>\n\t<meta property=\"og:image:type\" content=\"image\/jpeg\" \/>\n<meta name=\"author\" content=\"Gabriel Leme\" \/>\n<meta name=\"twitter:card\" content=\"summary_large_image\" \/>\n<meta name=\"twitter:label1\" content=\"Escrito por\" \/>\n\t<meta name=\"twitter:data1\" content=\"Gabriel Leme\" \/>\n\t<meta name=\"twitter:label2\" content=\"Est. tempo de leitura\" \/>\n\t<meta name=\"twitter:data2\" content=\"5 minutos\" \/>\n<!-- \/ Yoast SEO plugin. -->","yoast_head_json":{"title":"Tomar caf\u00e9 antes ou depois do caf\u00e9 da manh\u00e3: qual hor\u00e1rio \u00e9 melhor para a glicose e para o est\u00f4mago - Tua Sa\u00fade","description":"Caf\u00e9 antes ou depois do caf\u00e9 da manh\u00e3 muda mais do que o sabor, a glicose e o est\u00f4mago podem reagir de formas bem diferentes.","robots":{"index":"index","follow":"follow","max-snippet":"max-snippet:-1","max-image-preview":"max-image-preview:large","max-video-preview":"max-video-preview:-1"},"canonical":"https:\/\/www.tuasaude.com\/news\/2026\/09\/05\/tomar-cafe-antes-ou-depois-do-cafe-da-manha-qual-horario-e-melhor-para-a-glicose-e-para-o-estomago\/","og_locale":"pt_BR","og_type":"article","og_title":"Tomar caf\u00e9 antes ou depois do caf\u00e9 da manh\u00e3: qual hor\u00e1rio \u00e9 melhor para a glicose e para o est\u00f4mago - Tua Sa\u00fade","og_description":"Caf\u00e9 antes ou depois do caf\u00e9 da manh\u00e3 muda mais do que o sabor, a glicose e o est\u00f4mago podem reagir de formas bem diferentes.","og_url":"https:\/\/www.tuasaude.com\/news\/2026\/09\/05\/tomar-cafe-antes-ou-depois-do-cafe-da-manha-qual-horario-e-melhor-para-a-glicose-e-para-o-estomago\/","og_site_name":"Tua Sa\u00fade","article_published_time":"2026-09-05T19:00:00+00:00","og_image":[{"width":1279,"height":720,"url":"https:\/\/www.tuasaude.com\/news\/wp-content\/uploads\/2026\/09\/tomar-cafe-antes-ou-depois-do-cafe-da-manha-qual-horario-e-m.jpg","type":"image\/jpeg"}],"author":"Gabriel Leme","twitter_card":"summary_large_image","twitter_misc":{"Escrito por":"Gabriel Leme","Est. tempo de leitura":"5 minutos"},"schema":{"@context":"https:\/\/schema.org","@graph":[{"@type":"Article","@id":"https:\/\/www.tuasaude.com\/news\/2026\/09\/05\/tomar-cafe-antes-ou-depois-do-cafe-da-manha-qual-horario-e-melhor-para-a-glicose-e-para-o-estomago\/#article","isPartOf":{"@id":"https:\/\/www.tuasaude.com\/news\/2026\/09\/05\/tomar-cafe-antes-ou-depois-do-cafe-da-manha-qual-horario-e-melhor-para-a-glicose-e-para-o-estomago\/"},"author":{"name":"Gabriel Leme","@id":"https:\/\/www.tuasaude.com\/news\/#\/schema\/person\/bf512a2e53b74f5544ff3040f496e593"},"headline":"Tomar caf\u00e9 antes ou depois do caf\u00e9 da manh\u00e3: qual hor\u00e1rio \u00e9 melhor para a glicose e para o est\u00f4mago","datePublished":"2026-09-05T19:00:00+00:00","mainEntityOfPage":{"@id":"https:\/\/www.tuasaude.com\/news\/2026\/09\/05\/tomar-cafe-antes-ou-depois-do-cafe-da-manha-qual-horario-e-melhor-para-a-glicose-e-para-o-estomago\/"},"wordCount":883,"commentCount":0,"image":{"@id":"https:\/\/www.tuasaude.com\/news\/2026\/09\/05\/tomar-cafe-antes-ou-depois-do-cafe-da-manha-qual-horario-e-melhor-para-a-glicose-e-para-o-estomago\/#primaryimage"},"thumbnailUrl":"https:\/\/www.tuasaude.com\/news\/wp-content\/uploads\/2026\/09\/tomar-cafe-antes-ou-depois-do-cafe-da-manha-qual-horario-e-m.jpg","keywords":["caf\u00e9","caf\u00e9 da manh\u00e3","est\u00f4mago","glicose","nutri\u00e7\u00e3o"],"articleSection":["Nutri\u00e7\u00e3o"],"inLanguage":"pt-BR","potentialAction":[{"@type":"CommentAction","name":"Comment","target":["https:\/\/www.tuasaude.com\/news\/2026\/09\/05\/tomar-cafe-antes-ou-depois-do-cafe-da-manha-qual-horario-e-melhor-para-a-glicose-e-para-o-estomago\/#respond"]}]},{"@type":"WebPage","@id":"https:\/\/www.tuasaude.com\/news\/2026\/09\/05\/tomar-cafe-antes-ou-depois-do-cafe-da-manha-qual-horario-e-melhor-para-a-glicose-e-para-o-estomago\/","url":"https:\/\/www.tuasaude.com\/news\/2026\/09\/05\/tomar-cafe-antes-ou-depois-do-cafe-da-manha-qual-horario-e-melhor-para-a-glicose-e-para-o-estomago\/","name":"Tomar caf\u00e9 antes ou depois do caf\u00e9 da manh\u00e3: qual hor\u00e1rio \u00e9 melhor para a glicose e para o est\u00f4mago - Tua Sa\u00fade","isPartOf":{"@id":"https:\/\/www.tuasaude.com\/news\/#website"},"primaryImageOfPage":{"@id":"https:\/\/www.tuasaude.com\/news\/2026\/09\/05\/tomar-cafe-antes-ou-depois-do-cafe-da-manha-qual-horario-e-melhor-para-a-glicose-e-para-o-estomago\/#primaryimage"},"image":{"@id":"https:\/\/www.tuasaude.com\/news\/2026\/09\/05\/tomar-cafe-antes-ou-depois-do-cafe-da-manha-qual-horario-e-melhor-para-a-glicose-e-para-o-estomago\/#primaryimage"},"thumbnailUrl":"https:\/\/www.tuasaude.com\/news\/wp-content\/uploads\/2026\/09\/tomar-cafe-antes-ou-depois-do-cafe-da-manha-qual-horario-e-m.jpg","datePublished":"2026-09-05T19:00:00+00:00","author":{"@id":"https:\/\/www.tuasaude.com\/news\/#\/schema\/person\/bf512a2e53b74f5544ff3040f496e593"},"description":"Caf\u00e9 antes ou depois do caf\u00e9 da manh\u00e3 muda mais do que o sabor, a glicose e o est\u00f4mago podem reagir de formas bem diferentes.","breadcrumb":{"@id":"https:\/\/www.tuasaude.com\/news\/2026\/09\/05\/tomar-cafe-antes-ou-depois-do-cafe-da-manha-qual-horario-e-melhor-para-a-glicose-e-para-o-estomago\/#breadcrumb"},"inLanguage":"pt-BR","potentialAction":[{"@type":"ReadAction","target":["https:\/\/www.tuasaude.com\/news\/2026\/09\/05\/tomar-cafe-antes-ou-depois-do-cafe-da-manha-qual-horario-e-melhor-para-a-glicose-e-para-o-estomago\/"]}]},{"@type":"ImageObject","inLanguage":"pt-BR","@id":"https:\/\/www.tuasaude.com\/news\/2026\/09\/05\/tomar-cafe-antes-ou-depois-do-cafe-da-manha-qual-horario-e-melhor-para-a-glicose-e-para-o-estomago\/#primaryimage","url":"https:\/\/www.tuasaude.com\/news\/wp-content\/uploads\/2026\/09\/tomar-cafe-antes-ou-depois-do-cafe-da-manha-qual-horario-e-m.jpg","contentUrl":"https:\/\/www.tuasaude.com\/news\/wp-content\/uploads\/2026\/09\/tomar-cafe-antes-ou-depois-do-cafe-da-manha-qual-horario-e-m.jpg","width":1279,"height":720,"caption":"O hor\u00e1rio do caf\u00e9 pode influenciar a glicose e o conforto digestivo."},{"@type":"BreadcrumbList","@id":"https:\/\/www.tuasaude.com\/news\/2026\/09\/05\/tomar-cafe-antes-ou-depois-do-cafe-da-manha-qual-horario-e-melhor-para-a-glicose-e-para-o-estomago\/#breadcrumb","itemListElement":[{"@type":"ListItem","position":1,"name":"In\u00edcio","item":"https:\/\/www.tuasaude.com\/news\/"},{"@type":"ListItem","position":2,"name":"Tomar caf\u00e9 antes ou depois do caf\u00e9 da manh\u00e3: qual hor\u00e1rio \u00e9 melhor para a glicose e para o est\u00f4mago"}]},{"@type":"WebSite","@id":"https:\/\/www.tuasaude.com\/news\/#website","url":"https:\/\/www.tuasaude.com\/news\/","name":"Tua Sa\u00fade","description":"Seu site de sa\u00fade","potentialAction":[{"@type":"SearchAction","target":{"@type":"EntryPoint","urlTemplate":"https:\/\/www.tuasaude.com\/news\/?s={search_term_string}"},"query-input":{"@type":"PropertyValueSpecification","valueRequired":true,"valueName":"search_term_string"}}],"inLanguage":"pt-BR"},{"@type":"Person","@id":"https:\/\/www.tuasaude.com\/news\/#\/schema\/person\/bf512a2e53b74f5544ff3040f496e593","name":"Gabriel Leme","image":{"@type":"ImageObject","inLanguage":"pt-BR","@id":"https:\/\/www.tuasaude.com\/news\/#\/schema\/person\/image\/","url":"https:\/\/secure.gravatar.com\/avatar\/a12badc2d08e73d59b38f178ebe822eca26c0445823b05fefedea89fb346439c?s=96&d=mm&r=g","contentUrl":"https:\/\/secure.gravatar.com\/avatar\/a12badc2d08e73d59b38f178ebe822eca26c0445823b05fefedea89fb346439c?s=96&d=mm&r=g","caption":"Gabriel Leme"},"sameAs":["https:\/\/www.tuasaude.com\/news"],"url":"https:\/\/www.tuasaude.com\/news\/author\/gabrielleme\/"}]}},"_links":{"self":[{"href":"https:\/\/www.tuasaude.com\/news\/wp-json\/wp\/v2\/posts\/108761","targetHints":{"allow":["GET"]}}],"collection":[{"href":"https:\/\/www.tuasaude.com\/news\/wp-json\/wp\/v2\/posts"}],"about":[{"href":"https:\/\/www.tuasaude.com\/news\/wp-json\/wp\/v2\/types\/post"}],"author":[{"embeddable":true,"href":"https:\/\/www.tuasaude.com\/news\/wp-json\/wp\/v2\/users\/6"}],"replies":[{"embeddable":true,"href":"https:\/\/www.tuasaude.com\/news\/wp-json\/wp\/v2\/comments?post=108761"}],"version-history":[{"count":1,"href":"https:\/\/www.tuasaude.com\/news\/wp-json\/wp\/v2\/posts\/108761\/revisions"}],"predecessor-version":[{"id":108795,"href":"https:\/\/www.tuasaude.com\/news\/wp-json\/wp\/v2\/posts\/108761\/revisions\/108795"}],"wp:featuredmedia":[{"embeddable":true,"href":"https:\/\/www.tuasaude.com\/news\/wp-json\/wp\/v2\/media\/108759"}],"wp:attachment":[{"href":"https:\/\/www.tuasaude.com\/news\/wp-json\/wp\/v2\/media?parent=108761"}],"wp:term":[{"taxonomy":"category","embeddable":true,"href":"https:\/\/www.tuasaude.com\/news\/wp-json\/wp\/v2\/categories?post=108761"},{"taxonomy":"post_tag","embeddable":true,"href":"https:\/\/www.tuasaude.com\/news\/wp-json\/wp\/v2\/tags?post=108761"}],"curies":[{"name":"wp","href":"https:\/\/api.w.org\/{rel}","templated":true}]}}