{"id":108758,"date":"2026-09-05T15:05:00","date_gmt":"2026-09-05T18:05:00","guid":{"rendered":"https:\/\/www.tuasaude.com\/news\/?p=108758"},"modified":"2026-09-05T08:28:20","modified_gmt":"2026-09-05T11:28:20","slug":"acordar-com-a-mandibula-travada-e-dor-perto-do-ouvido-com-frequencia-pode-ser-um-dos-primeiros-sinais-de-bruxismo-noturno","status":"publish","type":"post","link":"https:\/\/www.tuasaude.com\/news\/2026\/09\/05\/acordar-com-a-mandibula-travada-e-dor-perto-do-ouvido-com-frequencia-pode-ser-um-dos-primeiros-sinais-de-bruxismo-noturno\/","title":{"rendered":"Acordar com a mand\u00edbula travada e dor perto do ouvido com frequ\u00eancia pode ser um dos primeiros sinais de bruxismo noturno"},"content":{"rendered":"\n<p class=\"wp-block-paragraph\"><strong>Mand\u00edbula travada<\/strong> ao acordar, estalo na articula\u00e7\u00e3o e <strong>dor no ouvido<\/strong> sem infec\u00e7\u00e3o aparente formam um conjunto de sinais que merece aten\u00e7\u00e3o. Em muitos casos, esse padr\u00e3o est\u00e1 ligado ao <strong>bruxismo noturno<\/strong>, h\u00e1bito involunt\u00e1rio de apertar ou <strong>ranger os dentes<\/strong> durante o sono, com sobrecarga nos m\u00fasculos da mastiga\u00e7\u00e3o e na articula\u00e7\u00e3o temporomandibular.<\/p>\n\n\n\n<h2 class=\"wp-block-heading\">Por que a mand\u00edbula pode travar logo ao acordar?<\/h2>\n\n\n\n<p class=\"wp-block-paragraph\">A sensa\u00e7\u00e3o de travamento costuma aparecer quando a musculatura fica em contra\u00e7\u00e3o repetida por horas. Masseter e temporal amanhecem tensos, a articula\u00e7\u00e3o perto do ouvido perde mobilidade por alguns minutos e movimentos simples, como bocejar ou mastigar, podem provocar dor, rigidez ou estalos.<\/p>\n\n\n\n<p class=\"wp-block-paragraph\">Mand\u00edbula travada tamb\u00e9m pode vir com desgaste dent\u00e1rio, cefaleia matinal e sensibilidade nos dentes. Quando a pessoa passa a noite apertando a arcada, a press\u00e3o excessiva irrita estruturas ao redor da ATM, o que explica por que a dor parece vir de dentro do ouvido, mesmo sem altera\u00e7\u00e3o no canal auditivo.<\/p>\n\n\n\n<h2 class=\"wp-block-heading\">O que a pesquisa recente mostra sobre bruxismo do sono?<\/h2>\n\n\n\n<p class=\"wp-block-paragraph\">Pesquisa publicada em <strong>2025<\/strong> avaliou op\u00e7\u00f5es de cuidado para adultos com bruxismo do sono e observou melhora tanto com placa oclusal quanto com higiene do sono associada a relaxamento muscular progressivo. O achado sugere que diferentes estrat\u00e9gias podem ajudar no controle dos epis\u00f3dios e do estresse percebido, sem superioridade clara entre elas em v\u00e1rios desfechos. Vale ler o resumo sobre <a href=\"https:\/\/pubmed.ncbi.nlm.nih.gov\/39088703\/\" target=\"_blank\" rel=\"noopener noreferrer\">redu\u00e7\u00e3o de epis\u00f3dios de bruxismo e estresse percebido<\/a>.<\/p>\n\n\n\n<p class=\"wp-block-paragraph\">Na pr\u00e1tica, isso refor\u00e7a um ponto importante. Nem todo tratamento depende de um \u00fanico recurso. Ajustes no sono, avalia\u00e7\u00e3o odontol\u00f3gica e medidas para reduzir tens\u00e3o muscular podem atuar em conjunto, sobretudo quando o quadro inclui dor ao mastigar, travamento ao abrir a boca e desconforto ao redor da orelha.<\/p>\n\n\n<div class=\"wp-block-image wp-block-image aligncenter size-large\">\n<figure ><img decoding=\"async\" width=\"1279\" height=\"720\" src=\"https:\/\/cdnnewsimg.tuasaude.com\/wp-content\/uploads\/2026\/09\/acordar-com-a-mandibula-travada-e-dor-perto-do-ouvido-c-corpo.jpg\" alt=\"Sono, placa, relaxamento e h\u00e1bitos ajudam a reduzir sintomas do bruxismo.\" class=\"wp-image-108757\" srcset=\"https:\/\/www.tuasaude.com\/news\/wp-content\/uploads\/2026\/09\/acordar-com-a-mandibula-travada-e-dor-perto-do-ouvido-c-corpo.jpg 1279w, https:\/\/www.tuasaude.com\/news\/wp-content\/uploads\/2026\/09\/acordar-com-a-mandibula-travada-e-dor-perto-do-ouvido-c-corpo-300x169.jpg 300w, https:\/\/www.tuasaude.com\/news\/wp-content\/uploads\/2026\/09\/acordar-com-a-mandibula-travada-e-dor-perto-do-ouvido-c-corpo-1024x576.jpg 1024w, https:\/\/www.tuasaude.com\/news\/wp-content\/uploads\/2026\/09\/acordar-com-a-mandibula-travada-e-dor-perto-do-ouvido-c-corpo-768x432.jpg 768w, https:\/\/www.tuasaude.com\/news\/wp-content\/uploads\/2026\/09\/acordar-com-a-mandibula-travada-e-dor-perto-do-ouvido-c-corpo-750x422.jpg 750w, https:\/\/www.tuasaude.com\/news\/wp-content\/uploads\/2026\/09\/acordar-com-a-mandibula-travada-e-dor-perto-do-ouvido-c-corpo-1140x642.jpg 1140w\" sizes=\"(max-width: 1279px) 100vw, 1279px\" \/><figcaption class=\"wp-element-caption\">Sono, placa, relaxamento e h\u00e1bitos ajudam a reduzir sintomas do bruxismo.<\/figcaption><\/figure>\n<\/div>\n\n\n<h2 class=\"wp-block-heading\">Quais sinais costumam acompanhar o ranger dos dentes?<\/h2>\n\n\n\n<p class=\"wp-block-paragraph\">Ranger os dentes nem sempre produz barulho percebido por quem dorme ao lado. Muitas vezes, o corpo d\u00e1 outros sinais ao despertar. Quando eles se repetem por semanas, vale observar o padr\u00e3o e procurar avalia\u00e7\u00e3o.<\/p>\n\n\n\n<ul class=\"wp-block-list\">\n<li><strong>Dor facial<\/strong> ao acordar<\/li>\n\n\n\n<li>sensa\u00e7\u00e3o de press\u00e3o perto da t\u00eampora<\/li>\n\n\n\n<li>cansa\u00e7o ao mastigar alimentos firmes<\/li>\n\n\n\n<li>estalos ao abrir e fechar a boca<\/li>\n\n\n\n<li>dentes mais sens\u00edveis ao frio ou calor<\/li>\n\n\n\n<li>marcas de mordida na bochecha ou na l\u00edngua<\/li>\n<\/ul>\n\n\n\n<p class=\"wp-block-paragraph\">Se esse conjunto faz sentido para sua rotina, ajuda consultar um material objetivo sobre <a href=\"https:\/\/www.tuasaude.com\/bruxismo\/\" target=\"_blank\" rel=\"noopener noreferrer\">sintomas e tratamento do bruxismo<\/a>, com explica\u00e7\u00f5es sobre causas, diagn\u00f3stico e formas de manejo.<\/p>\n\n\n\n<h2 class=\"wp-block-heading\">Dor no ouvido pode ser da articula\u00e7\u00e3o e n\u00e3o do ouvido?<\/h2>\n\n\n\n<p class=\"wp-block-paragraph\">Sim. A <strong>dor no ouvido<\/strong> pode ser reflexo da proximidade entre a ATM e as estruturas da orelha. Quando h\u00e1 inflama\u00e7\u00e3o local, tens\u00e3o muscular ou sobrecarga mec\u00e2nica, o c\u00e9rebro pode interpretar o desconforto como se a origem estivesse no ouvido. Por isso, algumas pessoas procuram atendimento por otalgia recorrente e recebem exame otol\u00f3gico normal.<\/p>\n\n\n\n<p class=\"wp-block-paragraph\">Esse detalhe muda a investiga\u00e7\u00e3o cl\u00ednica. Se a dor aparece mais pela manh\u00e3, junto de mand\u00edbula travada, estalos, limita\u00e7\u00e3o para abrir a boca e relato de bruxismo noturno, a hip\u00f3tese articular ganha for\u00e7a. J\u00e1 febre, secre\u00e7\u00e3o, perda auditiva s\u00fabita ou tontura pedem avalia\u00e7\u00e3o mais r\u00e1pida para excluir outras causas.<\/p>\n\n\n\n<h2 class=\"wp-block-heading\">O que ajuda a reduzir a sobrecarga durante a noite?<\/h2>\n\n\n\n<p class=\"wp-block-paragraph\">O controle depende da causa e da intensidade dos sintomas, mas algumas medidas costumam entrar na rotina de manejo. Elas n\u00e3o substituem diagn\u00f3stico, por\u00e9m ajudam a diminuir a press\u00e3o sobre dentes, m\u00fasculos e articula\u00e7\u00e3o.<\/p>\n\n\n\n<ul class=\"wp-block-list\">\n<li>evitar cafe\u00edna e \u00e1lcool perto da hora de dormir<\/li>\n\n\n\n<li>reduzir chiclete e alimentos muito duros nos per\u00edodos de dor<\/li>\n\n\n\n<li>manter hor\u00e1rio regular para deitar e acordar<\/li>\n\n\n\n<li>aplicar calor local por poucos minutos, quando orientado<\/li>\n\n\n\n<li>buscar avalia\u00e7\u00e3o sobre placa oclusal em casos indicados<\/li>\n\n\n\n<li>investigar estresse, ansiedade e qualidade do sono<\/li>\n<\/ul>\n\n\n\n<p class=\"wp-block-paragraph\">Quando o ranger dos dentes se torna frequente, o objetivo \u00e9 preservar esmalte, aliviar a musculatura e melhorar a fun\u00e7\u00e3o da ATM. Quanto mais cedo a combina\u00e7\u00e3o entre bruxismo noturno, dor facial e travamento \u00e9 reconhecida, maior a chance de evitar desgaste dent\u00e1rio, limita\u00e7\u00e3o de abertura bucal e crises dolorosas pela manh\u00e3.<\/p>\n\n\n\n<p class=\"wp-block-paragraph\">Este conte\u00fado tem car\u00e1ter exclusivamente informativo e <strong>n\u00e3o substitui a avalia\u00e7\u00e3o<\/strong>, o diagn\u00f3stico ou o acompanhamento de um profissional de sa\u00fade. Se voc\u00ea apresenta sintomas ou tem d\u00favidas sobre sua condi\u00e7\u00e3o, procure orienta\u00e7\u00e3o m\u00e9dica.<\/p>\n","protected":false},"excerpt":{"rendered":"<p>Mand\u00edbula travada ao acordar, estalo na articula\u00e7\u00e3o e dor no ouvido sem infec\u00e7\u00e3o aparente formam um conjunto de sinais que merece aten\u00e7\u00e3o. Em muitos casos, esse padr\u00e3o est\u00e1 ligado ao bruxismo noturno, h\u00e1bito involunt\u00e1rio de apertar ou ranger os dentes durante o sono, com sobrecarga nos m\u00fasculos da mastiga\u00e7\u00e3o e na articula\u00e7\u00e3o temporomandibular. Por que [&hellip;]<\/p>\n","protected":false},"author":6,"featured_media":108756,"comment_status":"open","ping_status":"open","sticky":false,"template":"","format":"standard","meta":{"_yoast_wpseo_focuskw":"mand\u00edbula travada","_yoast_wpseo_title":"","_yoast_wpseo_metadesc":"Mand\u00edbula travada ao acordar e dor perto do ouvido podem apontar um padr\u00e3o noturno pouco notado, com impacto na articula\u00e7\u00e3o e no sono.","jnews-multi-image_gallery":[],"jnews_single_post":{"format":"standard"},"jnews_primary_category":[],"jnews_social_meta":[],"jnews_override_counter":[],"footnotes":""},"categories":[111],"tags":[6519,2004,11707,2329,1796],"class_list":["post-108758","post","type-post","status-publish","format-standard","has-post-thumbnail","hentry","category-saude","tag-bruxismo-noturno","tag-dor-no-ouvido","tag-mandibula-travada","tag-ranger-os-dentes","tag-saude-2"],"yoast_head":"<!-- This site is optimized with the Yoast SEO plugin v26.7 - https:\/\/yoast.com\/wordpress\/plugins\/seo\/ -->\n<title>Acordar com a mand\u00edbula travada e dor perto do ouvido com frequ\u00eancia pode ser um dos primeiros sinais de bruxismo noturno - Tua Sa\u00fade<\/title>\n<meta name=\"description\" content=\"Mand\u00edbula travada ao acordar e dor perto do ouvido podem apontar um padr\u00e3o noturno pouco notado, com impacto na articula\u00e7\u00e3o e no sono.\" \/>\n<meta name=\"robots\" content=\"index, follow, max-snippet:-1, max-image-preview:large, max-video-preview:-1\" \/>\n<link rel=\"canonical\" href=\"https:\/\/www.tuasaude.com\/news\/2026\/09\/05\/acordar-com-a-mandibula-travada-e-dor-perto-do-ouvido-com-frequencia-pode-ser-um-dos-primeiros-sinais-de-bruxismo-noturno\/\" \/>\n<meta property=\"og:locale\" content=\"pt_BR\" \/>\n<meta property=\"og:type\" content=\"article\" \/>\n<meta property=\"og:title\" content=\"Acordar com a mand\u00edbula travada e dor perto do ouvido com frequ\u00eancia pode ser um dos primeiros sinais de bruxismo noturno - Tua Sa\u00fade\" \/>\n<meta property=\"og:description\" content=\"Mand\u00edbula travada ao acordar e dor perto do ouvido podem apontar um padr\u00e3o noturno pouco notado, com impacto na articula\u00e7\u00e3o e no sono.\" \/>\n<meta property=\"og:url\" content=\"https:\/\/www.tuasaude.com\/news\/2026\/09\/05\/acordar-com-a-mandibula-travada-e-dor-perto-do-ouvido-com-frequencia-pode-ser-um-dos-primeiros-sinais-de-bruxismo-noturno\/\" \/>\n<meta property=\"og:site_name\" content=\"Tua Sa\u00fade\" \/>\n<meta property=\"article:published_time\" content=\"2026-09-05T18:05:00+00:00\" \/>\n<meta property=\"og:image\" content=\"https:\/\/www.tuasaude.com\/news\/wp-content\/uploads\/2026\/09\/acordar-com-a-mandibula-travada-e-dor-perto-do-ouvido-com-fr.jpg\" \/>\n\t<meta property=\"og:image:width\" content=\"1279\" \/>\n\t<meta property=\"og:image:height\" content=\"720\" \/>\n\t<meta property=\"og:image:type\" content=\"image\/jpeg\" \/>\n<meta name=\"author\" content=\"Gabriel Leme\" \/>\n<meta name=\"twitter:card\" content=\"summary_large_image\" \/>\n<meta name=\"twitter:label1\" content=\"Escrito por\" \/>\n\t<meta name=\"twitter:data1\" content=\"Gabriel Leme\" \/>\n\t<meta name=\"twitter:label2\" content=\"Est. tempo de leitura\" \/>\n\t<meta name=\"twitter:data2\" content=\"5 minutos\" \/>\n<!-- \/ Yoast SEO plugin. -->","yoast_head_json":{"title":"Acordar com a mand\u00edbula travada e dor perto do ouvido com frequ\u00eancia pode ser um dos primeiros sinais de bruxismo noturno - Tua Sa\u00fade","description":"Mand\u00edbula travada ao acordar e dor perto do ouvido podem apontar um padr\u00e3o noturno pouco notado, com impacto na articula\u00e7\u00e3o e no sono.","robots":{"index":"index","follow":"follow","max-snippet":"max-snippet:-1","max-image-preview":"max-image-preview:large","max-video-preview":"max-video-preview:-1"},"canonical":"https:\/\/www.tuasaude.com\/news\/2026\/09\/05\/acordar-com-a-mandibula-travada-e-dor-perto-do-ouvido-com-frequencia-pode-ser-um-dos-primeiros-sinais-de-bruxismo-noturno\/","og_locale":"pt_BR","og_type":"article","og_title":"Acordar com a mand\u00edbula travada e dor perto do ouvido com frequ\u00eancia pode ser um dos primeiros sinais de bruxismo noturno - Tua Sa\u00fade","og_description":"Mand\u00edbula travada ao acordar e dor perto do ouvido podem apontar um padr\u00e3o noturno pouco notado, com impacto na articula\u00e7\u00e3o e no sono.","og_url":"https:\/\/www.tuasaude.com\/news\/2026\/09\/05\/acordar-com-a-mandibula-travada-e-dor-perto-do-ouvido-com-frequencia-pode-ser-um-dos-primeiros-sinais-de-bruxismo-noturno\/","og_site_name":"Tua Sa\u00fade","article_published_time":"2026-09-05T18:05:00+00:00","og_image":[{"width":1279,"height":720,"url":"https:\/\/www.tuasaude.com\/news\/wp-content\/uploads\/2026\/09\/acordar-com-a-mandibula-travada-e-dor-perto-do-ouvido-com-fr.jpg","type":"image\/jpeg"}],"author":"Gabriel Leme","twitter_card":"summary_large_image","twitter_misc":{"Escrito por":"Gabriel Leme","Est. tempo de leitura":"5 minutos"},"schema":{"@context":"https:\/\/schema.org","@graph":[{"@type":"Article","@id":"https:\/\/www.tuasaude.com\/news\/2026\/09\/05\/acordar-com-a-mandibula-travada-e-dor-perto-do-ouvido-com-frequencia-pode-ser-um-dos-primeiros-sinais-de-bruxismo-noturno\/#article","isPartOf":{"@id":"https:\/\/www.tuasaude.com\/news\/2026\/09\/05\/acordar-com-a-mandibula-travada-e-dor-perto-do-ouvido-com-frequencia-pode-ser-um-dos-primeiros-sinais-de-bruxismo-noturno\/"},"author":{"name":"Gabriel Leme","@id":"https:\/\/www.tuasaude.com\/news\/#\/schema\/person\/bf512a2e53b74f5544ff3040f496e593"},"headline":"Acordar com a mand\u00edbula travada e dor perto do ouvido com frequ\u00eancia pode ser um dos primeiros sinais de bruxismo noturno","datePublished":"2026-09-05T18:05:00+00:00","mainEntityOfPage":{"@id":"https:\/\/www.tuasaude.com\/news\/2026\/09\/05\/acordar-com-a-mandibula-travada-e-dor-perto-do-ouvido-com-frequencia-pode-ser-um-dos-primeiros-sinais-de-bruxismo-noturno\/"},"wordCount":797,"commentCount":0,"image":{"@id":"https:\/\/www.tuasaude.com\/news\/2026\/09\/05\/acordar-com-a-mandibula-travada-e-dor-perto-do-ouvido-com-frequencia-pode-ser-um-dos-primeiros-sinais-de-bruxismo-noturno\/#primaryimage"},"thumbnailUrl":"https:\/\/www.tuasaude.com\/news\/wp-content\/uploads\/2026\/09\/acordar-com-a-mandibula-travada-e-dor-perto-do-ouvido-com-fr.jpg","keywords":["bruxismo noturno","dor no ouvido","mand\u00edbula travada","ranger os dentes","saude"],"articleSection":["Sa\u00fade"],"inLanguage":"pt-BR","potentialAction":[{"@type":"CommentAction","name":"Comment","target":["https:\/\/www.tuasaude.com\/news\/2026\/09\/05\/acordar-com-a-mandibula-travada-e-dor-perto-do-ouvido-com-frequencia-pode-ser-um-dos-primeiros-sinais-de-bruxismo-noturno\/#respond"]}]},{"@type":"WebPage","@id":"https:\/\/www.tuasaude.com\/news\/2026\/09\/05\/acordar-com-a-mandibula-travada-e-dor-perto-do-ouvido-com-frequencia-pode-ser-um-dos-primeiros-sinais-de-bruxismo-noturno\/","url":"https:\/\/www.tuasaude.com\/news\/2026\/09\/05\/acordar-com-a-mandibula-travada-e-dor-perto-do-ouvido-com-frequencia-pode-ser-um-dos-primeiros-sinais-de-bruxismo-noturno\/","name":"Acordar com a mand\u00edbula travada e dor perto do ouvido com frequ\u00eancia pode ser um dos primeiros sinais de bruxismo noturno - Tua Sa\u00fade","isPartOf":{"@id":"https:\/\/www.tuasaude.com\/news\/#website"},"primaryImageOfPage":{"@id":"https:\/\/www.tuasaude.com\/news\/2026\/09\/05\/acordar-com-a-mandibula-travada-e-dor-perto-do-ouvido-com-frequencia-pode-ser-um-dos-primeiros-sinais-de-bruxismo-noturno\/#primaryimage"},"image":{"@id":"https:\/\/www.tuasaude.com\/news\/2026\/09\/05\/acordar-com-a-mandibula-travada-e-dor-perto-do-ouvido-com-frequencia-pode-ser-um-dos-primeiros-sinais-de-bruxismo-noturno\/#primaryimage"},"thumbnailUrl":"https:\/\/www.tuasaude.com\/news\/wp-content\/uploads\/2026\/09\/acordar-com-a-mandibula-travada-e-dor-perto-do-ouvido-com-fr.jpg","datePublished":"2026-09-05T18:05:00+00:00","author":{"@id":"https:\/\/www.tuasaude.com\/news\/#\/schema\/person\/bf512a2e53b74f5544ff3040f496e593"},"description":"Mand\u00edbula travada ao acordar e dor perto do ouvido podem apontar um padr\u00e3o noturno pouco notado, com impacto na articula\u00e7\u00e3o e no sono.","breadcrumb":{"@id":"https:\/\/www.tuasaude.com\/news\/2026\/09\/05\/acordar-com-a-mandibula-travada-e-dor-perto-do-ouvido-com-frequencia-pode-ser-um-dos-primeiros-sinais-de-bruxismo-noturno\/#breadcrumb"},"inLanguage":"pt-BR","potentialAction":[{"@type":"ReadAction","target":["https:\/\/www.tuasaude.com\/news\/2026\/09\/05\/acordar-com-a-mandibula-travada-e-dor-perto-do-ouvido-com-frequencia-pode-ser-um-dos-primeiros-sinais-de-bruxismo-noturno\/"]}]},{"@type":"ImageObject","inLanguage":"pt-BR","@id":"https:\/\/www.tuasaude.com\/news\/2026\/09\/05\/acordar-com-a-mandibula-travada-e-dor-perto-do-ouvido-com-frequencia-pode-ser-um-dos-primeiros-sinais-de-bruxismo-noturno\/#primaryimage","url":"https:\/\/www.tuasaude.com\/news\/wp-content\/uploads\/2026\/09\/acordar-com-a-mandibula-travada-e-dor-perto-do-ouvido-com-fr.jpg","contentUrl":"https:\/\/www.tuasaude.com\/news\/wp-content\/uploads\/2026\/09\/acordar-com-a-mandibula-travada-e-dor-perto-do-ouvido-com-fr.jpg","width":1279,"height":720,"caption":"Mand\u00edbula travada ao acordar pode indicar bruxismo noturno e sobrecarga na ATM."},{"@type":"BreadcrumbList","@id":"https:\/\/www.tuasaude.com\/news\/2026\/09\/05\/acordar-com-a-mandibula-travada-e-dor-perto-do-ouvido-com-frequencia-pode-ser-um-dos-primeiros-sinais-de-bruxismo-noturno\/#breadcrumb","itemListElement":[{"@type":"ListItem","position":1,"name":"In\u00edcio","item":"https:\/\/www.tuasaude.com\/news\/"},{"@type":"ListItem","position":2,"name":"Acordar com a mand\u00edbula travada e dor perto do ouvido com frequ\u00eancia pode ser um dos primeiros sinais de bruxismo noturno"}]},{"@type":"WebSite","@id":"https:\/\/www.tuasaude.com\/news\/#website","url":"https:\/\/www.tuasaude.com\/news\/","name":"Tua Sa\u00fade","description":"Seu site de sa\u00fade","potentialAction":[{"@type":"SearchAction","target":{"@type":"EntryPoint","urlTemplate":"https:\/\/www.tuasaude.com\/news\/?s={search_term_string}"},"query-input":{"@type":"PropertyValueSpecification","valueRequired":true,"valueName":"search_term_string"}}],"inLanguage":"pt-BR"},{"@type":"Person","@id":"https:\/\/www.tuasaude.com\/news\/#\/schema\/person\/bf512a2e53b74f5544ff3040f496e593","name":"Gabriel Leme","image":{"@type":"ImageObject","inLanguage":"pt-BR","@id":"https:\/\/www.tuasaude.com\/news\/#\/schema\/person\/image\/","url":"https:\/\/secure.gravatar.com\/avatar\/a12badc2d08e73d59b38f178ebe822eca26c0445823b05fefedea89fb346439c?s=96&d=mm&r=g","contentUrl":"https:\/\/secure.gravatar.com\/avatar\/a12badc2d08e73d59b38f178ebe822eca26c0445823b05fefedea89fb346439c?s=96&d=mm&r=g","caption":"Gabriel Leme"},"sameAs":["https:\/\/www.tuasaude.com\/news"],"url":"https:\/\/www.tuasaude.com\/news\/author\/gabrielleme\/"}]}},"_links":{"self":[{"href":"https:\/\/www.tuasaude.com\/news\/wp-json\/wp\/v2\/posts\/108758","targetHints":{"allow":["GET"]}}],"collection":[{"href":"https:\/\/www.tuasaude.com\/news\/wp-json\/wp\/v2\/posts"}],"about":[{"href":"https:\/\/www.tuasaude.com\/news\/wp-json\/wp\/v2\/types\/post"}],"author":[{"embeddable":true,"href":"https:\/\/www.tuasaude.com\/news\/wp-json\/wp\/v2\/users\/6"}],"replies":[{"embeddable":true,"href":"https:\/\/www.tuasaude.com\/news\/wp-json\/wp\/v2\/comments?post=108758"}],"version-history":[{"count":1,"href":"https:\/\/www.tuasaude.com\/news\/wp-json\/wp\/v2\/posts\/108758\/revisions"}],"predecessor-version":[{"id":108794,"href":"https:\/\/www.tuasaude.com\/news\/wp-json\/wp\/v2\/posts\/108758\/revisions\/108794"}],"wp:featuredmedia":[{"embeddable":true,"href":"https:\/\/www.tuasaude.com\/news\/wp-json\/wp\/v2\/media\/108756"}],"wp:attachment":[{"href":"https:\/\/www.tuasaude.com\/news\/wp-json\/wp\/v2\/media?parent=108758"}],"wp:term":[{"taxonomy":"category","embeddable":true,"href":"https:\/\/www.tuasaude.com\/news\/wp-json\/wp\/v2\/categories?post=108758"},{"taxonomy":"post_tag","embeddable":true,"href":"https:\/\/www.tuasaude.com\/news\/wp-json\/wp\/v2\/tags?post=108758"}],"curies":[{"name":"wp","href":"https:\/\/api.w.org\/{rel}","templated":true}]}}