{"id":108755,"date":"2026-09-05T14:05:00","date_gmt":"2026-09-05T17:05:00","guid":{"rendered":"https:\/\/www.tuasaude.com\/news\/?p=108755"},"modified":"2026-09-05T08:28:05","modified_gmt":"2026-09-05T11:28:05","slug":"aveia-ou-pao-integral-no-cafe-da-manha-qual-e-melhor-para-a-saciedade-o-intestino-e-o-controle-da-glicose","status":"publish","type":"post","link":"https:\/\/www.tuasaude.com\/news\/2026\/09\/05\/aveia-ou-pao-integral-no-cafe-da-manha-qual-e-melhor-para-a-saciedade-o-intestino-e-o-controle-da-glicose\/","title":{"rendered":"Aveia ou p\u00e3o integral no caf\u00e9 da manh\u00e3: qual \u00e9 melhor para a saciedade, o intestino e o controle da glicose"},"content":{"rendered":"\n<p class=\"wp-block-paragraph\"><strong>Aveia<\/strong> e <strong>p\u00e3o integral<\/strong> costumam disputar espa\u00e7o no caf\u00e9 da manh\u00e3 por um motivo simples: os dois entregam carboidrato, fibras e energia, mas o efeito no apetite, no tr\u00e2nsito intestinal e na <strong>glicose<\/strong> pode mudar bastante conforme a composi\u00e7\u00e3o e a por\u00e7\u00e3o. Quando a compara\u00e7\u00e3o \u00e9 feita de forma pr\u00e1tica, a aveia tende a se destacar mais pela fibra sol\u00favel, enquanto o p\u00e3o integral pode funcionar bem em refei\u00e7\u00f5es equilibradas.<\/p>\n\n\n\n<h2 class=\"wp-block-heading\">O que muda na saciedade entre aveia e p\u00e3o integral?<\/h2>\n\n\n\n<p class=\"wp-block-paragraph\">A <strong>saciedade<\/strong> depende da combina\u00e7\u00e3o entre fibras, volume, mastiga\u00e7\u00e3o e velocidade de digest\u00e3o. A aveia costuma levar vantagem porque concentra beta-glucanas, fibras sol\u00faveis que formam um gel no trato digestivo e retardam o esvaziamento do est\u00f4mago. Isso ajuda a prolongar a sensa\u00e7\u00e3o de est\u00f4mago cheio ap\u00f3s a refei\u00e7\u00e3o.<\/p>\n\n\n\n<p class=\"wp-block-paragraph\">O p\u00e3o integral tamb\u00e9m pode sustentar bem, mas isso varia com a lista de ingredientes. Muitos produtos t\u00eam farinha refinada misturada, pouco teor de fibra e adi\u00e7\u00e3o de a\u00e7\u00facar. Na pr\u00e1tica, a resposta costuma seguir esta l\u00f3gica:<\/p>\n\n\n\n<ul class=\"wp-block-list\">\n<li><strong>Aveia<\/strong> favorece maior perman\u00eancia da saciedade, sobretudo em mingau, overnight oats ou vitaminas mais espessas.<\/li>\n\n\n\n<li><strong>P\u00e3o integral<\/strong> pode saciar mais quando vem com boa quantidade de gr\u00e3os integrais e \u00e9 combinado com prote\u00edna, como ovo, queijo ou iogurte.<\/li>\n\n\n\n<li>Refei\u00e7\u00f5es com pouca fibra e pouca prote\u00edna tendem a gerar fome mais cedo, mesmo com calorias semelhantes.<\/li>\n<\/ul>\n\n\n\n<h2 class=\"wp-block-heading\">O que a pesquisa mostra sobre glicose e apetite?<\/h2>\n\n\n\n<p class=\"wp-block-paragraph\">Um estudo publicado em <strong>2022<\/strong> avaliou a resposta ap\u00f3s o consumo de p\u00e3es com beta-glucanas de aveia ou cevada em compara\u00e7\u00e3o com p\u00e3o branco. Os autores observaram <a href=\"https:\/\/pubmed.ncbi.nlm.nih.gov\/36124913\/\" target=\"_blank\" rel=\"noopener noreferrer\">menor resposta glic\u00eamica p\u00f3s-prandial com beta-glucanas<\/a>, mas n\u00e3o encontraram diferen\u00e7a clara entre p\u00e3o de aveia e p\u00e3o integral de trigo na glicemia nem no consumo alimentar seguinte.<\/p>\n\n\n\n<p class=\"wp-block-paragraph\">Esse achado ajuda a colocar a discuss\u00e3o em perspectiva. Para o controle da <strong>glicose<\/strong>, n\u00e3o basta olhar o nome do alimento. Importam a quantidade de fibra sol\u00favel, o grau de processamento, a presen\u00e7a de prote\u00edna e gordura na refei\u00e7\u00e3o e at\u00e9 o ponto de coc\u00e7\u00e3o. Ou seja, aveia em sua forma mais simples tende a oferecer uma vantagem metab\u00f3lica mais previs\u00edvel do que muitos p\u00e3es integrais industrializados.<\/p>\n\n\n<div class=\"wp-block-image wp-block-image aligncenter size-large\">\n<figure ><img decoding=\"async\" width=\"1279\" height=\"720\" src=\"https:\/\/cdnnewsimg.tuasaude.com\/wp-content\/uploads\/2026\/09\/aveia-ou-pao-integral-no-cafe-da-manha-qual-e-melhor-pa-corpo.jpg\" alt=\"Infogr\u00e1fico resume fibras, glicose, intestino e escolha do p\u00e3o integral.\" class=\"wp-image-108754\" srcset=\"https:\/\/www.tuasaude.com\/news\/wp-content\/uploads\/2026\/09\/aveia-ou-pao-integral-no-cafe-da-manha-qual-e-melhor-pa-corpo.jpg 1279w, https:\/\/www.tuasaude.com\/news\/wp-content\/uploads\/2026\/09\/aveia-ou-pao-integral-no-cafe-da-manha-qual-e-melhor-pa-corpo-300x169.jpg 300w, https:\/\/www.tuasaude.com\/news\/wp-content\/uploads\/2026\/09\/aveia-ou-pao-integral-no-cafe-da-manha-qual-e-melhor-pa-corpo-1024x576.jpg 1024w, https:\/\/www.tuasaude.com\/news\/wp-content\/uploads\/2026\/09\/aveia-ou-pao-integral-no-cafe-da-manha-qual-e-melhor-pa-corpo-768x432.jpg 768w, https:\/\/www.tuasaude.com\/news\/wp-content\/uploads\/2026\/09\/aveia-ou-pao-integral-no-cafe-da-manha-qual-e-melhor-pa-corpo-750x422.jpg 750w, https:\/\/www.tuasaude.com\/news\/wp-content\/uploads\/2026\/09\/aveia-ou-pao-integral-no-cafe-da-manha-qual-e-melhor-pa-corpo-1140x642.jpg 1140w\" sizes=\"(max-width: 1279px) 100vw, 1279px\" \/><figcaption class=\"wp-element-caption\">Infogr\u00e1fico resume fibras, glicose, intestino e escolha do p\u00e3o integral.<\/figcaption><\/figure>\n<\/div>\n\n\n<h2 class=\"wp-block-heading\">Qual op\u00e7\u00e3o ajuda mais o intestino a funcionar?<\/h2>\n\n\n\n<p class=\"wp-block-paragraph\">Para o intestino, a aveia tamb\u00e9m costuma aparecer na frente. Suas fibras, especialmente as sol\u00faveis, ajudam a reter \u00e1gua nas fezes e servem de substrato para a microbiota. Uma revis\u00e3o cient\u00edfica de 2021 apontou <a href=\"https:\/\/pubmed.ncbi.nlm.nih.gov\/34486656\/\" target=\"_blank\" rel=\"noopener noreferrer\">desfechos intestinais favor\u00e1veis com o consumo de aveia<\/a>, embora a resposta varie conforme a pessoa e o tipo de produto.<\/p>\n\n\n\n<p class=\"wp-block-paragraph\">O p\u00e3o integral pode colaborar com o tr\u00e2nsito intestinal, principalmente quando traz farinha 100% integral e sementes, mas geralmente oferece menos efeito fermentativo do que a aveia. Alguns sinais ajudam a escolher melhor:<\/p>\n\n\n\n<ul class=\"wp-block-list\">\n<li>Constipa\u00e7\u00e3o frequente costuma responder melhor ao aumento gradual de fibras com boa hidrata\u00e7\u00e3o.<\/li>\n\n\n\n<li>Aveia em flocos, farelo ou mingau tende a ser mais \u00fatil para regular o bolo fecal.<\/li>\n\n\n\n<li>P\u00e3o integral pode ser uma op\u00e7\u00e3o conveniente, mas nem sempre entrega fibra suficiente por fatia.<\/li>\n<\/ul>\n\n\n\n<h2 class=\"wp-block-heading\">Como escolher um p\u00e3o integral que n\u00e3o decepcione?<\/h2>\n\n\n\n<p class=\"wp-block-paragraph\">Nem todo p\u00e3o integral \u00e9 igual. O r\u00f3tulo deve trazer farinha integral entre os primeiros ingredientes e um teor de fibra coerente com a proposta. Se o produto tem textura muito macia, sabor muito adocicado e lista longa de aditivos, o efeito sobre a saciedade e a glicose pode ficar abaixo do esperado.<\/p>\n\n\n\n<p class=\"wp-block-paragraph\">Se a ideia for aumentar fibra no caf\u00e9 da manh\u00e3, vale incluir prepara\u00e7\u00f5es e por\u00e7\u00f5es que fa\u00e7am sentido na rotina. No portal Tua Sa\u00fade, h\u00e1 um bom resumo sobre <a href=\"https:\/\/www.tuasaude.com\/aveia\/\" target=\"_blank\" rel=\"noopener noreferrer\">formas de consumir aveia<\/a>, com orienta\u00e7\u00f5es \u00fateis para variar o card\u00e1pio sem depender apenas do p\u00e3o.<\/p>\n\n\n\n<h2 class=\"wp-block-heading\">Ent\u00e3o, qual \u00e9 melhor no caf\u00e9 da manh\u00e3?<\/h2>\n\n\n\n<p class=\"wp-block-paragraph\">Se o foco principal for <strong>saciedade<\/strong>, tr\u00e2nsito intestinal e resposta glic\u00eamica mais est\u00e1vel, a aveia costuma ser a escolha mais consistente. Isso acontece pela presen\u00e7a de <strong>beta-glucanas<\/strong>, pelo teor de fibra e pela versatilidade em combina\u00e7\u00f5es com fruta, iogurte, leite ou sementes. J\u00e1 o p\u00e3o integral entra como boa alternativa quando \u00e9 realmente integral e faz parte de uma refei\u00e7\u00e3o com prote\u00edna e gordura de boa qualidade.<\/p>\n\n\n\n<p class=\"wp-block-paragraph\">Na rotina alimentar, a melhor decis\u00e3o depende do objetivo e da toler\u00e2ncia digestiva. Para quem sente fome cedo, evacua com dificuldade ou busca reduzir picos de glicemia, a aveia frequentemente entrega um resultado mais claro no caf\u00e9 da manh\u00e3. Este conte\u00fado tem car\u00e1ter exclusivamente informativo e <strong>n\u00e3o substitui a avalia\u00e7\u00e3o<\/strong>, o diagn\u00f3stico ou o acompanhamento de um profissional de sa\u00fade. Se voc\u00ea apresenta sintomas ou tem d\u00favidas sobre sua condi\u00e7\u00e3o, procure orienta\u00e7\u00e3o m\u00e9dica.<\/p>\n","protected":false},"excerpt":{"rendered":"<p>Aveia e p\u00e3o integral costumam disputar espa\u00e7o no caf\u00e9 da manh\u00e3 por um motivo simples: os dois entregam carboidrato, fibras e energia, mas o efeito no apetite, no tr\u00e2nsito intestinal e na glicose pode mudar bastante conforme a composi\u00e7\u00e3o e a por\u00e7\u00e3o. Quando a compara\u00e7\u00e3o \u00e9 feita de forma pr\u00e1tica, a aveia tende a se [&hellip;]<\/p>\n","protected":false},"author":6,"featured_media":108753,"comment_status":"open","ping_status":"open","sticky":false,"template":"","format":"standard","meta":{"_yoast_wpseo_focuskw":"aveia","_yoast_wpseo_title":"","_yoast_wpseo_metadesc":"Aveia ou p\u00e3o integral no caf\u00e9 da manh\u00e3? Um detalhe sobre fibras e glicose muda a forma de encarar saciedade e intestino logo cedo.","jnews-multi-image_gallery":[],"jnews_single_post":{"format":"standard"},"jnews_primary_category":[],"jnews_social_meta":[],"jnews_override_counter":[],"footnotes":""},"categories":[110],"tags":[338,1232,152,7491,1544],"class_list":["post-108755","post","type-post","status-publish","format-standard","has-post-thumbnail","hentry","category-nutricao","tag-aveia","tag-glicose","tag-nutricao","tag-pao-integral","tag-saciedade"],"yoast_head":"<!-- This site is optimized with the Yoast SEO plugin v26.7 - https:\/\/yoast.com\/wordpress\/plugins\/seo\/ -->\n<title>Aveia ou p\u00e3o integral no caf\u00e9 da manh\u00e3: qual \u00e9 melhor para a saciedade, o intestino e o controle da glicose - Tua Sa\u00fade<\/title>\n<meta name=\"description\" content=\"Aveia ou p\u00e3o integral no caf\u00e9 da manh\u00e3? Um detalhe sobre fibras e glicose muda a forma de encarar saciedade e intestino logo cedo.\" \/>\n<meta name=\"robots\" content=\"index, follow, max-snippet:-1, max-image-preview:large, max-video-preview:-1\" \/>\n<link rel=\"canonical\" href=\"https:\/\/www.tuasaude.com\/news\/2026\/09\/05\/aveia-ou-pao-integral-no-cafe-da-manha-qual-e-melhor-para-a-saciedade-o-intestino-e-o-controle-da-glicose\/\" \/>\n<meta property=\"og:locale\" content=\"pt_BR\" \/>\n<meta property=\"og:type\" content=\"article\" \/>\n<meta property=\"og:title\" content=\"Aveia ou p\u00e3o integral no caf\u00e9 da manh\u00e3: qual \u00e9 melhor para a saciedade, o intestino e o controle da glicose - Tua Sa\u00fade\" \/>\n<meta property=\"og:description\" content=\"Aveia ou p\u00e3o integral no caf\u00e9 da manh\u00e3? Um detalhe sobre fibras e glicose muda a forma de encarar saciedade e intestino logo cedo.\" \/>\n<meta property=\"og:url\" content=\"https:\/\/www.tuasaude.com\/news\/2026\/09\/05\/aveia-ou-pao-integral-no-cafe-da-manha-qual-e-melhor-para-a-saciedade-o-intestino-e-o-controle-da-glicose\/\" \/>\n<meta property=\"og:site_name\" content=\"Tua Sa\u00fade\" \/>\n<meta property=\"article:published_time\" content=\"2026-09-05T17:05:00+00:00\" \/>\n<meta property=\"og:image\" content=\"https:\/\/www.tuasaude.com\/news\/wp-content\/uploads\/2026\/09\/aveia-ou-pao-integral-no-cafe-da-manha-qual-e-melhor-para-a-.jpg\" \/>\n\t<meta property=\"og:image:width\" content=\"1279\" \/>\n\t<meta property=\"og:image:height\" content=\"720\" \/>\n\t<meta property=\"og:image:type\" content=\"image\/jpeg\" \/>\n<meta name=\"author\" content=\"Gabriel Leme\" \/>\n<meta name=\"twitter:card\" content=\"summary_large_image\" \/>\n<meta name=\"twitter:label1\" content=\"Escrito por\" \/>\n\t<meta name=\"twitter:data1\" content=\"Gabriel Leme\" \/>\n\t<meta name=\"twitter:label2\" content=\"Est. tempo de leitura\" \/>\n\t<meta name=\"twitter:data2\" content=\"5 minutos\" \/>\n<!-- \/ Yoast SEO plugin. -->","yoast_head_json":{"title":"Aveia ou p\u00e3o integral no caf\u00e9 da manh\u00e3: qual \u00e9 melhor para a saciedade, o intestino e o controle da glicose - Tua Sa\u00fade","description":"Aveia ou p\u00e3o integral no caf\u00e9 da manh\u00e3? Um detalhe sobre fibras e glicose muda a forma de encarar saciedade e intestino logo cedo.","robots":{"index":"index","follow":"follow","max-snippet":"max-snippet:-1","max-image-preview":"max-image-preview:large","max-video-preview":"max-video-preview:-1"},"canonical":"https:\/\/www.tuasaude.com\/news\/2026\/09\/05\/aveia-ou-pao-integral-no-cafe-da-manha-qual-e-melhor-para-a-saciedade-o-intestino-e-o-controle-da-glicose\/","og_locale":"pt_BR","og_type":"article","og_title":"Aveia ou p\u00e3o integral no caf\u00e9 da manh\u00e3: qual \u00e9 melhor para a saciedade, o intestino e o controle da glicose - Tua Sa\u00fade","og_description":"Aveia ou p\u00e3o integral no caf\u00e9 da manh\u00e3? Um detalhe sobre fibras e glicose muda a forma de encarar saciedade e intestino logo cedo.","og_url":"https:\/\/www.tuasaude.com\/news\/2026\/09\/05\/aveia-ou-pao-integral-no-cafe-da-manha-qual-e-melhor-para-a-saciedade-o-intestino-e-o-controle-da-glicose\/","og_site_name":"Tua Sa\u00fade","article_published_time":"2026-09-05T17:05:00+00:00","og_image":[{"width":1279,"height":720,"url":"https:\/\/www.tuasaude.com\/news\/wp-content\/uploads\/2026\/09\/aveia-ou-pao-integral-no-cafe-da-manha-qual-e-melhor-para-a-.jpg","type":"image\/jpeg"}],"author":"Gabriel Leme","twitter_card":"summary_large_image","twitter_misc":{"Escrito por":"Gabriel Leme","Est. tempo de leitura":"5 minutos"},"schema":{"@context":"https:\/\/schema.org","@graph":[{"@type":"Article","@id":"https:\/\/www.tuasaude.com\/news\/2026\/09\/05\/aveia-ou-pao-integral-no-cafe-da-manha-qual-e-melhor-para-a-saciedade-o-intestino-e-o-controle-da-glicose\/#article","isPartOf":{"@id":"https:\/\/www.tuasaude.com\/news\/2026\/09\/05\/aveia-ou-pao-integral-no-cafe-da-manha-qual-e-melhor-para-a-saciedade-o-intestino-e-o-controle-da-glicose\/"},"author":{"name":"Gabriel Leme","@id":"https:\/\/www.tuasaude.com\/news\/#\/schema\/person\/bf512a2e53b74f5544ff3040f496e593"},"headline":"Aveia ou p\u00e3o integral no caf\u00e9 da manh\u00e3: qual \u00e9 melhor para a saciedade, o intestino e o controle da glicose","datePublished":"2026-09-05T17:05:00+00:00","mainEntityOfPage":{"@id":"https:\/\/www.tuasaude.com\/news\/2026\/09\/05\/aveia-ou-pao-integral-no-cafe-da-manha-qual-e-melhor-para-a-saciedade-o-intestino-e-o-controle-da-glicose\/"},"wordCount":865,"commentCount":0,"image":{"@id":"https:\/\/www.tuasaude.com\/news\/2026\/09\/05\/aveia-ou-pao-integral-no-cafe-da-manha-qual-e-melhor-para-a-saciedade-o-intestino-e-o-controle-da-glicose\/#primaryimage"},"thumbnailUrl":"https:\/\/www.tuasaude.com\/news\/wp-content\/uploads\/2026\/09\/aveia-ou-pao-integral-no-cafe-da-manha-qual-e-melhor-para-a-.jpg","keywords":["Aveia","glicose","nutri\u00e7\u00e3o","p\u00e3o integral","saciedade"],"articleSection":["Nutri\u00e7\u00e3o"],"inLanguage":"pt-BR","potentialAction":[{"@type":"CommentAction","name":"Comment","target":["https:\/\/www.tuasaude.com\/news\/2026\/09\/05\/aveia-ou-pao-integral-no-cafe-da-manha-qual-e-melhor-para-a-saciedade-o-intestino-e-o-controle-da-glicose\/#respond"]}]},{"@type":"WebPage","@id":"https:\/\/www.tuasaude.com\/news\/2026\/09\/05\/aveia-ou-pao-integral-no-cafe-da-manha-qual-e-melhor-para-a-saciedade-o-intestino-e-o-controle-da-glicose\/","url":"https:\/\/www.tuasaude.com\/news\/2026\/09\/05\/aveia-ou-pao-integral-no-cafe-da-manha-qual-e-melhor-para-a-saciedade-o-intestino-e-o-controle-da-glicose\/","name":"Aveia ou p\u00e3o integral no caf\u00e9 da manh\u00e3: qual \u00e9 melhor para a saciedade, o intestino e o controle da glicose - Tua Sa\u00fade","isPartOf":{"@id":"https:\/\/www.tuasaude.com\/news\/#website"},"primaryImageOfPage":{"@id":"https:\/\/www.tuasaude.com\/news\/2026\/09\/05\/aveia-ou-pao-integral-no-cafe-da-manha-qual-e-melhor-para-a-saciedade-o-intestino-e-o-controle-da-glicose\/#primaryimage"},"image":{"@id":"https:\/\/www.tuasaude.com\/news\/2026\/09\/05\/aveia-ou-pao-integral-no-cafe-da-manha-qual-e-melhor-para-a-saciedade-o-intestino-e-o-controle-da-glicose\/#primaryimage"},"thumbnailUrl":"https:\/\/www.tuasaude.com\/news\/wp-content\/uploads\/2026\/09\/aveia-ou-pao-integral-no-cafe-da-manha-qual-e-melhor-para-a-.jpg","datePublished":"2026-09-05T17:05:00+00:00","author":{"@id":"https:\/\/www.tuasaude.com\/news\/#\/schema\/person\/bf512a2e53b74f5544ff3040f496e593"},"description":"Aveia ou p\u00e3o integral no caf\u00e9 da manh\u00e3? Um detalhe sobre fibras e glicose muda a forma de encarar saciedade e intestino logo cedo.","breadcrumb":{"@id":"https:\/\/www.tuasaude.com\/news\/2026\/09\/05\/aveia-ou-pao-integral-no-cafe-da-manha-qual-e-melhor-para-a-saciedade-o-intestino-e-o-controle-da-glicose\/#breadcrumb"},"inLanguage":"pt-BR","potentialAction":[{"@type":"ReadAction","target":["https:\/\/www.tuasaude.com\/news\/2026\/09\/05\/aveia-ou-pao-integral-no-cafe-da-manha-qual-e-melhor-para-a-saciedade-o-intestino-e-o-controle-da-glicose\/"]}]},{"@type":"ImageObject","inLanguage":"pt-BR","@id":"https:\/\/www.tuasaude.com\/news\/2026\/09\/05\/aveia-ou-pao-integral-no-cafe-da-manha-qual-e-melhor-para-a-saciedade-o-intestino-e-o-controle-da-glicose\/#primaryimage","url":"https:\/\/www.tuasaude.com\/news\/wp-content\/uploads\/2026\/09\/aveia-ou-pao-integral-no-cafe-da-manha-qual-e-melhor-para-a-.jpg","contentUrl":"https:\/\/www.tuasaude.com\/news\/wp-content\/uploads\/2026\/09\/aveia-ou-pao-integral-no-cafe-da-manha-qual-e-melhor-para-a-.jpg","width":1279,"height":720,"caption":"Aveia e p\u00e3o integral no caf\u00e9 da manh\u00e3 afetam saciedade e glicose."},{"@type":"BreadcrumbList","@id":"https:\/\/www.tuasaude.com\/news\/2026\/09\/05\/aveia-ou-pao-integral-no-cafe-da-manha-qual-e-melhor-para-a-saciedade-o-intestino-e-o-controle-da-glicose\/#breadcrumb","itemListElement":[{"@type":"ListItem","position":1,"name":"In\u00edcio","item":"https:\/\/www.tuasaude.com\/news\/"},{"@type":"ListItem","position":2,"name":"Aveia ou p\u00e3o integral no caf\u00e9 da manh\u00e3: qual \u00e9 melhor para a saciedade, o intestino e o controle da glicose"}]},{"@type":"WebSite","@id":"https:\/\/www.tuasaude.com\/news\/#website","url":"https:\/\/www.tuasaude.com\/news\/","name":"Tua Sa\u00fade","description":"Seu site de sa\u00fade","potentialAction":[{"@type":"SearchAction","target":{"@type":"EntryPoint","urlTemplate":"https:\/\/www.tuasaude.com\/news\/?s={search_term_string}"},"query-input":{"@type":"PropertyValueSpecification","valueRequired":true,"valueName":"search_term_string"}}],"inLanguage":"pt-BR"},{"@type":"Person","@id":"https:\/\/www.tuasaude.com\/news\/#\/schema\/person\/bf512a2e53b74f5544ff3040f496e593","name":"Gabriel Leme","image":{"@type":"ImageObject","inLanguage":"pt-BR","@id":"https:\/\/www.tuasaude.com\/news\/#\/schema\/person\/image\/","url":"https:\/\/secure.gravatar.com\/avatar\/a12badc2d08e73d59b38f178ebe822eca26c0445823b05fefedea89fb346439c?s=96&d=mm&r=g","contentUrl":"https:\/\/secure.gravatar.com\/avatar\/a12badc2d08e73d59b38f178ebe822eca26c0445823b05fefedea89fb346439c?s=96&d=mm&r=g","caption":"Gabriel Leme"},"sameAs":["https:\/\/www.tuasaude.com\/news"],"url":"https:\/\/www.tuasaude.com\/news\/author\/gabrielleme\/"}]}},"_links":{"self":[{"href":"https:\/\/www.tuasaude.com\/news\/wp-json\/wp\/v2\/posts\/108755","targetHints":{"allow":["GET"]}}],"collection":[{"href":"https:\/\/www.tuasaude.com\/news\/wp-json\/wp\/v2\/posts"}],"about":[{"href":"https:\/\/www.tuasaude.com\/news\/wp-json\/wp\/v2\/types\/post"}],"author":[{"embeddable":true,"href":"https:\/\/www.tuasaude.com\/news\/wp-json\/wp\/v2\/users\/6"}],"replies":[{"embeddable":true,"href":"https:\/\/www.tuasaude.com\/news\/wp-json\/wp\/v2\/comments?post=108755"}],"version-history":[{"count":1,"href":"https:\/\/www.tuasaude.com\/news\/wp-json\/wp\/v2\/posts\/108755\/revisions"}],"predecessor-version":[{"id":108793,"href":"https:\/\/www.tuasaude.com\/news\/wp-json\/wp\/v2\/posts\/108755\/revisions\/108793"}],"wp:featuredmedia":[{"embeddable":true,"href":"https:\/\/www.tuasaude.com\/news\/wp-json\/wp\/v2\/media\/108753"}],"wp:attachment":[{"href":"https:\/\/www.tuasaude.com\/news\/wp-json\/wp\/v2\/media?parent=108755"}],"wp:term":[{"taxonomy":"category","embeddable":true,"href":"https:\/\/www.tuasaude.com\/news\/wp-json\/wp\/v2\/categories?post=108755"},{"taxonomy":"post_tag","embeddable":true,"href":"https:\/\/www.tuasaude.com\/news\/wp-json\/wp\/v2\/tags?post=108755"}],"curies":[{"name":"wp","href":"https:\/\/api.w.org\/{rel}","templated":true}]}}