{"id":108740,"date":"2026-09-05T10:20:00","date_gmt":"2026-09-05T13:20:00","guid":{"rendered":"https:\/\/www.tuasaude.com\/news\/?p=108740"},"modified":"2026-09-05T08:24:45","modified_gmt":"2026-09-05T11:24:45","slug":"acordar-com-os-olhos-vermelhos-e-a-sensacao-de-areia-com-frequencia-pode-ser-um-sinal-precoce-de-olho-seco-noturno","status":"publish","type":"post","link":"https:\/\/www.tuasaude.com\/news\/2026\/09\/05\/acordar-com-os-olhos-vermelhos-e-a-sensacao-de-areia-com-frequencia-pode-ser-um-sinal-precoce-de-olho-seco-noturno\/","title":{"rendered":"Acordar com os olhos vermelhos e a sensa\u00e7\u00e3o de areia com frequ\u00eancia pode ser um sinal precoce de olho seco noturno"},"content":{"rendered":"\n<p class=\"wp-block-paragraph\"><strong>Olhos vermelhos<\/strong> ao despertar, junto com <strong>sensa\u00e7\u00e3o de areia<\/strong>, ardor e inc\u00f4modo para abrir as p\u00e1lpebras, podem indicar altera\u00e7\u00e3o na superf\u00edcie ocular durante a noite. Quando a <strong>lubrifica\u00e7\u00e3o ocular<\/strong> cai no per\u00edodo de sono, a l\u00e1grima evapora mais, a c\u00f3rnea fica mais exposta e o <strong>olho seco<\/strong> pode aparecer logo nas primeiras horas da manh\u00e3.<\/p>\n\n\n\n<h2 class=\"wp-block-heading\">Quando esse desconforto ao acordar merece aten\u00e7\u00e3o?<\/h2>\n\n\n\n<p class=\"wp-block-paragraph\">Olhos vermelhos ocasionais podem surgir ap\u00f3s uma noite mal dormida, uso prolongado de telas ou ambiente com ar-condicionado. O sinal de alerta aparece quando a vermelhid\u00e3o se repete, a sensa\u00e7\u00e3o de areia volta em v\u00e1rios dias da semana e h\u00e1 secura, coceira leve, queima\u00e7\u00e3o ou vis\u00e3o emba\u00e7ada nos primeiros minutos da manh\u00e3.<\/p>\n\n\n\n<p class=\"wp-block-paragraph\">Olho seco noturno costuma estar ligado \u00e0 produ\u00e7\u00e3o insuficiente de l\u00e1grimas, evapora\u00e7\u00e3o excessiva ou falha na camada lip\u00eddica que protege a superf\u00edcie ocular. Pessoas que dormem com os olhos parcialmente abertos, usam lentes de contato por muitas horas ou t\u00eam disfun\u00e7\u00e3o das gl\u00e2ndulas meibomianas podem notar piora importante ao despertar.<\/p>\n\n\n\n<h2 class=\"wp-block-heading\">O que a pesquisa mostra sobre lubrifica\u00e7\u00e3o ocular e al\u00edvio dos sintomas?<\/h2>\n\n\n\n<p class=\"wp-block-paragraph\">Pesquisa publicada em 2023 reuniu ensaios cl\u00ednicos sobre l\u00e1grimas artificiais e observou melhora dos sintomas com uso regular em cerca de um m\u00eas. Na pr\u00e1tica, isso refor\u00e7a que o al\u00edvio do olho seco depende de consist\u00eancia, e n\u00e3o apenas de aplica\u00e7\u00f5es espor\u00e1dicas quando os olhos vermelhos j\u00e1 apareceram. O achado pode ser visto nesta revis\u00e3o sobre <a href=\"https:\/\/pubmed.ncbi.nlm.nih.gov\/36647552\/\" target=\"_blank\" rel=\"noopener noreferrer\">melhora dos sintomas com l\u00e1grimas artificiais<\/a>.<\/p>\n\n\n\n<p class=\"wp-block-paragraph\">A revis\u00e3o tamb\u00e9m sugere que algumas formula\u00e7\u00f5es combinadas podem ter desempenho superior. Isso importa porque a lubrifica\u00e7\u00e3o ocular n\u00e3o atua s\u00f3 como conforto imediato. Ela ajuda a estabilizar o filme lacrimal, reduzir atrito na c\u00f3rnea e diminuir a sensa\u00e7\u00e3o de areia ao longo das semanas.<\/p>\n\n\n<div class=\"wp-block-image wp-block-image aligncenter size-large\">\n<figure ><img decoding=\"async\" width=\"1279\" height=\"720\" src=\"https:\/\/cdnnewsimg.tuasaude.com\/wp-content\/uploads\/2026\/09\/acordar-com-os-olhos-vermelhos-e-a-sensacao-de-areia-co-corpo.jpg\" alt=\"Lubrifica\u00e7\u00e3o, ambiente, telas e p\u00e1lpebras formam pilares contra olho seco noturno.\" class=\"wp-image-108739\" srcset=\"https:\/\/www.tuasaude.com\/news\/wp-content\/uploads\/2026\/09\/acordar-com-os-olhos-vermelhos-e-a-sensacao-de-areia-co-corpo.jpg 1279w, https:\/\/www.tuasaude.com\/news\/wp-content\/uploads\/2026\/09\/acordar-com-os-olhos-vermelhos-e-a-sensacao-de-areia-co-corpo-300x169.jpg 300w, https:\/\/www.tuasaude.com\/news\/wp-content\/uploads\/2026\/09\/acordar-com-os-olhos-vermelhos-e-a-sensacao-de-areia-co-corpo-1024x576.jpg 1024w, https:\/\/www.tuasaude.com\/news\/wp-content\/uploads\/2026\/09\/acordar-com-os-olhos-vermelhos-e-a-sensacao-de-areia-co-corpo-768x432.jpg 768w, https:\/\/www.tuasaude.com\/news\/wp-content\/uploads\/2026\/09\/acordar-com-os-olhos-vermelhos-e-a-sensacao-de-areia-co-corpo-750x422.jpg 750w, https:\/\/www.tuasaude.com\/news\/wp-content\/uploads\/2026\/09\/acordar-com-os-olhos-vermelhos-e-a-sensacao-de-areia-co-corpo-1140x642.jpg 1140w\" sizes=\"(max-width: 1279px) 100vw, 1279px\" \/><figcaption class=\"wp-element-caption\">Lubrifica\u00e7\u00e3o, ambiente, telas e p\u00e1lpebras formam pilares contra olho seco noturno.<\/figcaption><\/figure>\n<\/div>\n\n\n<h2 class=\"wp-block-heading\">Quais sinais costumam acompanhar o olho seco noturno?<\/h2>\n\n\n\n<p class=\"wp-block-paragraph\">Al\u00e9m dos olhos vermelhos ao acordar, o quadro pode incluir manifesta\u00e7\u00f5es que variam de leves a persistentes. Observar o padr\u00e3o ajuda a diferenciar uma irrita\u00e7\u00e3o passageira de um problema recorrente da superf\u00edcie ocular.<\/p>\n\n\n\n<ul class=\"wp-block-list\">\n<li><strong>ardor<\/strong> ou queima\u00e7\u00e3o logo ao abrir os olhos<\/li>\n\n\n\n<li>sensa\u00e7\u00e3o de corpo estranho ou areia<\/li>\n\n\n\n<li>lacrimejamento reflexo, mesmo com secura<\/li>\n\n\n\n<li>vis\u00e3o borrada que melhora ap\u00f3s piscar<\/li>\n\n\n\n<li>sensibilidade \u00e0 luz em ambientes claros<\/li>\n\n\n\n<li>desconforto maior com ventilador ou ar-condicionado<\/li>\n<\/ul>\n\n\n\n<p class=\"wp-block-paragraph\">Se esses sinais aparecem com frequ\u00eancia, vale observar tamb\u00e9m se h\u00e1 secre\u00e7\u00e3o espessa, dor intensa ou queda visual mantida. Nesses casos, a vermelhid\u00e3o pode ter outra causa e precisa de avalia\u00e7\u00e3o oftalmol\u00f3gica mais r\u00e1pida.<\/p>\n\n\n\n<h2 class=\"wp-block-heading\">O que pode piorar a secura durante a noite?<\/h2>\n\n\n\n<p class=\"wp-block-paragraph\">O ambiente do quarto e alguns h\u00e1bitos interferem diretamente no filme lacrimal. Quem quer entender melhor <a href=\"https:\/\/www.tuasaude.com\/sindrome-do-olho-seco\/\" target=\"_blank\" rel=\"noopener noreferrer\">as causas do olho seco<\/a> encontra uma explica\u00e7\u00e3o \u00fatil sobre sintomas, gatilhos e tratamento.<\/p>\n\n\n\n<ul class=\"wp-block-list\">\n<li>ar-condicionado ligado a noite toda<\/li>\n\n\n\n<li>ventilador direcionado para o rosto<\/li>\n\n\n\n<li>tempo excessivo de tela antes de dormir, com menos piscadas<\/li>\n\n\n\n<li>uso prolongado de lentes de contato<\/li>\n\n\n\n<li>baixa umidade do ar<\/li>\n\n\n\n<li>disfun\u00e7\u00e3o das gl\u00e2ndulas meibomianas<\/li>\n<\/ul>\n\n\n\n<p class=\"wp-block-paragraph\">Lubrifica\u00e7\u00e3o ocular insuficiente tamb\u00e9m pode piorar com idade, alguns medicamentos e inflama\u00e7\u00e3o palpebral. Quando a camada oleosa da l\u00e1grima est\u00e1 alterada, a evapora\u00e7\u00e3o aumenta e a c\u00f3rnea amanhece mais sens\u00edvel.<\/p>\n\n\n\n<h2 class=\"wp-block-heading\">Como aliviar a sensa\u00e7\u00e3o de areia e proteger a superf\u00edcie ocular?<\/h2>\n\n\n\n<p class=\"wp-block-paragraph\">O primeiro passo \u00e9 reduzir fatores que favorecem evapora\u00e7\u00e3o e atrito. Em muitos casos, o cuidado di\u00e1rio melhora bastante o despertar e diminui os epis\u00f3dios de olhos vermelhos, principalmente quando o desconforto ainda est\u00e1 no in\u00edcio.<\/p>\n\n\n\n<p class=\"wp-block-paragraph\">Entre as medidas \u00fateis est\u00e3o usar l\u00e1grimas artificiais orientadas por oftalmologista, ajustar a dire\u00e7\u00e3o do ventilador, pausar o uso de telas \u00e0 noite e tratar altera\u00e7\u00f5es das p\u00e1lpebras. Outra investiga\u00e7\u00e3o na mesma linha indicou benef\u00edcio de terapias de aquecimento palpebral em parte dos pacientes, com impacto sobre sintomas e conforto, como mostra a an\u00e1lise sobre <a href=\"https:\/\/pubmed.ncbi.nlm.nih.gov\/41893995\/\" target=\"_blank\" rel=\"noopener noreferrer\">benef\u00edcio do aquecimento palpebral<\/a>. Quando a rotina ocular melhora, a c\u00f3rnea tende a amanhecer menos irritada e o filme lacrimal fica mais est\u00e1vel.<\/p>\n\n\n\n<h2 class=\"wp-block-heading\">Quando procurar avalia\u00e7\u00e3o m\u00e9dica?<\/h2>\n\n\n\n<p class=\"wp-block-paragraph\">Olho seco nem sempre parece grave no come\u00e7o, mas a repeti\u00e7\u00e3o dos sintomas merece aten\u00e7\u00e3o. Vermelhid\u00e3o matinal frequente, sensa\u00e7\u00e3o de areia, ardor e oscila\u00e7\u00e3o visual indicam que a superf\u00edcie ocular pode estar sofrendo irrita\u00e7\u00e3o cont\u00ednua, com impacto na l\u00e1grima, na c\u00f3rnea e no conforto ao piscar.<\/p>\n\n\n\n<p class=\"wp-block-paragraph\">Este conte\u00fado tem car\u00e1ter exclusivamente informativo e <strong>n\u00e3o substitui a avalia\u00e7\u00e3o<\/strong>, o diagn\u00f3stico ou o acompanhamento de um profissional de sa\u00fade. Se voc\u00ea apresenta sintomas ou tem d\u00favidas sobre sua condi\u00e7\u00e3o, procure orienta\u00e7\u00e3o m\u00e9dica.<\/p>\n","protected":false},"excerpt":{"rendered":"<p>Olhos vermelhos ao despertar, junto com sensa\u00e7\u00e3o de areia, ardor e inc\u00f4modo para abrir as p\u00e1lpebras, podem indicar altera\u00e7\u00e3o na superf\u00edcie ocular durante a noite. Quando a lubrifica\u00e7\u00e3o ocular cai no per\u00edodo de sono, a l\u00e1grima evapora mais, a c\u00f3rnea fica mais exposta e o olho seco pode aparecer logo nas primeiras horas da manh\u00e3. [&hellip;]<\/p>\n","protected":false},"author":6,"featured_media":108738,"comment_status":"open","ping_status":"open","sticky":false,"template":"","format":"standard","meta":{"_yoast_wpseo_focuskw":"olhos vermelhos","_yoast_wpseo_title":"","_yoast_wpseo_metadesc":"Olhos vermelhos ao acordar com sensa\u00e7\u00e3o de areia podem apontar um desequil\u00edbrio noturno da l\u00e1grima, antes que o desconforto fique mais persistente.","jnews-multi-image_gallery":[],"jnews_single_post":{"format":"standard"},"jnews_primary_category":[],"jnews_social_meta":[],"jnews_override_counter":[],"footnotes":""},"categories":[111],"tags":[13361,1123,1715,1796,11230],"class_list":["post-108740","post","type-post","status-publish","format-standard","has-post-thumbnail","hentry","category-saude","tag-lubrificacao-ocular","tag-olho-seco","tag-olhos-vermelhos","tag-saude-2","tag-sensacao-de-areia"],"yoast_head":"<!-- This site is optimized with the Yoast SEO plugin v26.7 - https:\/\/yoast.com\/wordpress\/plugins\/seo\/ -->\n<title>Acordar com os olhos vermelhos e a sensa\u00e7\u00e3o de areia com frequ\u00eancia pode ser um sinal precoce de olho seco noturno - Tua Sa\u00fade<\/title>\n<meta name=\"description\" content=\"Olhos vermelhos ao acordar com sensa\u00e7\u00e3o de areia podem apontar um desequil\u00edbrio noturno da l\u00e1grima, antes que o desconforto fique mais persistente.\" \/>\n<meta name=\"robots\" content=\"index, follow, max-snippet:-1, max-image-preview:large, max-video-preview:-1\" \/>\n<link rel=\"canonical\" href=\"https:\/\/www.tuasaude.com\/news\/2026\/09\/05\/acordar-com-os-olhos-vermelhos-e-a-sensacao-de-areia-com-frequencia-pode-ser-um-sinal-precoce-de-olho-seco-noturno\/\" \/>\n<meta property=\"og:locale\" content=\"pt_BR\" \/>\n<meta property=\"og:type\" content=\"article\" \/>\n<meta property=\"og:title\" content=\"Acordar com os olhos vermelhos e a sensa\u00e7\u00e3o de areia com frequ\u00eancia pode ser um sinal precoce de olho seco noturno - Tua Sa\u00fade\" \/>\n<meta property=\"og:description\" content=\"Olhos vermelhos ao acordar com sensa\u00e7\u00e3o de areia podem apontar um desequil\u00edbrio noturno da l\u00e1grima, antes que o desconforto fique mais persistente.\" \/>\n<meta property=\"og:url\" content=\"https:\/\/www.tuasaude.com\/news\/2026\/09\/05\/acordar-com-os-olhos-vermelhos-e-a-sensacao-de-areia-com-frequencia-pode-ser-um-sinal-precoce-de-olho-seco-noturno\/\" \/>\n<meta property=\"og:site_name\" content=\"Tua Sa\u00fade\" \/>\n<meta property=\"article:published_time\" content=\"2026-09-05T13:20:00+00:00\" \/>\n<meta property=\"og:image\" content=\"https:\/\/www.tuasaude.com\/news\/wp-content\/uploads\/2026\/09\/acordar-com-os-olhos-vermelhos-e-a-sensacao-de-areia-com-fre.jpg\" \/>\n\t<meta property=\"og:image:width\" content=\"1279\" \/>\n\t<meta property=\"og:image:height\" content=\"720\" \/>\n\t<meta property=\"og:image:type\" content=\"image\/jpeg\" \/>\n<meta name=\"author\" content=\"Gabriel Leme\" \/>\n<meta name=\"twitter:card\" content=\"summary_large_image\" \/>\n<meta name=\"twitter:label1\" content=\"Escrito por\" \/>\n\t<meta name=\"twitter:data1\" content=\"Gabriel Leme\" \/>\n\t<meta name=\"twitter:label2\" content=\"Est. tempo de leitura\" \/>\n\t<meta name=\"twitter:data2\" content=\"5 minutos\" \/>\n<!-- \/ Yoast SEO plugin. -->","yoast_head_json":{"title":"Acordar com os olhos vermelhos e a sensa\u00e7\u00e3o de areia com frequ\u00eancia pode ser um sinal precoce de olho seco noturno - Tua Sa\u00fade","description":"Olhos vermelhos ao acordar com sensa\u00e7\u00e3o de areia podem apontar um desequil\u00edbrio noturno da l\u00e1grima, antes que o desconforto fique mais persistente.","robots":{"index":"index","follow":"follow","max-snippet":"max-snippet:-1","max-image-preview":"max-image-preview:large","max-video-preview":"max-video-preview:-1"},"canonical":"https:\/\/www.tuasaude.com\/news\/2026\/09\/05\/acordar-com-os-olhos-vermelhos-e-a-sensacao-de-areia-com-frequencia-pode-ser-um-sinal-precoce-de-olho-seco-noturno\/","og_locale":"pt_BR","og_type":"article","og_title":"Acordar com os olhos vermelhos e a sensa\u00e7\u00e3o de areia com frequ\u00eancia pode ser um sinal precoce de olho seco noturno - Tua Sa\u00fade","og_description":"Olhos vermelhos ao acordar com sensa\u00e7\u00e3o de areia podem apontar um desequil\u00edbrio noturno da l\u00e1grima, antes que o desconforto fique mais persistente.","og_url":"https:\/\/www.tuasaude.com\/news\/2026\/09\/05\/acordar-com-os-olhos-vermelhos-e-a-sensacao-de-areia-com-frequencia-pode-ser-um-sinal-precoce-de-olho-seco-noturno\/","og_site_name":"Tua Sa\u00fade","article_published_time":"2026-09-05T13:20:00+00:00","og_image":[{"width":1279,"height":720,"url":"https:\/\/www.tuasaude.com\/news\/wp-content\/uploads\/2026\/09\/acordar-com-os-olhos-vermelhos-e-a-sensacao-de-areia-com-fre.jpg","type":"image\/jpeg"}],"author":"Gabriel Leme","twitter_card":"summary_large_image","twitter_misc":{"Escrito por":"Gabriel Leme","Est. tempo de leitura":"5 minutos"},"schema":{"@context":"https:\/\/schema.org","@graph":[{"@type":"Article","@id":"https:\/\/www.tuasaude.com\/news\/2026\/09\/05\/acordar-com-os-olhos-vermelhos-e-a-sensacao-de-areia-com-frequencia-pode-ser-um-sinal-precoce-de-olho-seco-noturno\/#article","isPartOf":{"@id":"https:\/\/www.tuasaude.com\/news\/2026\/09\/05\/acordar-com-os-olhos-vermelhos-e-a-sensacao-de-areia-com-frequencia-pode-ser-um-sinal-precoce-de-olho-seco-noturno\/"},"author":{"name":"Gabriel Leme","@id":"https:\/\/www.tuasaude.com\/news\/#\/schema\/person\/bf512a2e53b74f5544ff3040f496e593"},"headline":"Acordar com os olhos vermelhos e a sensa\u00e7\u00e3o de areia com frequ\u00eancia pode ser um sinal precoce de olho seco noturno","datePublished":"2026-09-05T13:20:00+00:00","mainEntityOfPage":{"@id":"https:\/\/www.tuasaude.com\/news\/2026\/09\/05\/acordar-com-os-olhos-vermelhos-e-a-sensacao-de-areia-com-frequencia-pode-ser-um-sinal-precoce-de-olho-seco-noturno\/"},"wordCount":851,"commentCount":0,"image":{"@id":"https:\/\/www.tuasaude.com\/news\/2026\/09\/05\/acordar-com-os-olhos-vermelhos-e-a-sensacao-de-areia-com-frequencia-pode-ser-um-sinal-precoce-de-olho-seco-noturno\/#primaryimage"},"thumbnailUrl":"https:\/\/www.tuasaude.com\/news\/wp-content\/uploads\/2026\/09\/acordar-com-os-olhos-vermelhos-e-a-sensacao-de-areia-com-fre.jpg","keywords":["lubrifica\u00e7\u00e3o ocular","olho seco","olhos vermelhos","saude","sensa\u00e7\u00e3o de areia"],"articleSection":["Sa\u00fade"],"inLanguage":"pt-BR","potentialAction":[{"@type":"CommentAction","name":"Comment","target":["https:\/\/www.tuasaude.com\/news\/2026\/09\/05\/acordar-com-os-olhos-vermelhos-e-a-sensacao-de-areia-com-frequencia-pode-ser-um-sinal-precoce-de-olho-seco-noturno\/#respond"]}]},{"@type":"WebPage","@id":"https:\/\/www.tuasaude.com\/news\/2026\/09\/05\/acordar-com-os-olhos-vermelhos-e-a-sensacao-de-areia-com-frequencia-pode-ser-um-sinal-precoce-de-olho-seco-noturno\/","url":"https:\/\/www.tuasaude.com\/news\/2026\/09\/05\/acordar-com-os-olhos-vermelhos-e-a-sensacao-de-areia-com-frequencia-pode-ser-um-sinal-precoce-de-olho-seco-noturno\/","name":"Acordar com os olhos vermelhos e a sensa\u00e7\u00e3o de areia com frequ\u00eancia pode ser um sinal precoce de olho seco noturno - Tua Sa\u00fade","isPartOf":{"@id":"https:\/\/www.tuasaude.com\/news\/#website"},"primaryImageOfPage":{"@id":"https:\/\/www.tuasaude.com\/news\/2026\/09\/05\/acordar-com-os-olhos-vermelhos-e-a-sensacao-de-areia-com-frequencia-pode-ser-um-sinal-precoce-de-olho-seco-noturno\/#primaryimage"},"image":{"@id":"https:\/\/www.tuasaude.com\/news\/2026\/09\/05\/acordar-com-os-olhos-vermelhos-e-a-sensacao-de-areia-com-frequencia-pode-ser-um-sinal-precoce-de-olho-seco-noturno\/#primaryimage"},"thumbnailUrl":"https:\/\/www.tuasaude.com\/news\/wp-content\/uploads\/2026\/09\/acordar-com-os-olhos-vermelhos-e-a-sensacao-de-areia-com-fre.jpg","datePublished":"2026-09-05T13:20:00+00:00","author":{"@id":"https:\/\/www.tuasaude.com\/news\/#\/schema\/person\/bf512a2e53b74f5544ff3040f496e593"},"description":"Olhos vermelhos ao acordar com sensa\u00e7\u00e3o de areia podem apontar um desequil\u00edbrio noturno da l\u00e1grima, antes que o desconforto fique mais persistente.","breadcrumb":{"@id":"https:\/\/www.tuasaude.com\/news\/2026\/09\/05\/acordar-com-os-olhos-vermelhos-e-a-sensacao-de-areia-com-frequencia-pode-ser-um-sinal-precoce-de-olho-seco-noturno\/#breadcrumb"},"inLanguage":"pt-BR","potentialAction":[{"@type":"ReadAction","target":["https:\/\/www.tuasaude.com\/news\/2026\/09\/05\/acordar-com-os-olhos-vermelhos-e-a-sensacao-de-areia-com-frequencia-pode-ser-um-sinal-precoce-de-olho-seco-noturno\/"]}]},{"@type":"ImageObject","inLanguage":"pt-BR","@id":"https:\/\/www.tuasaude.com\/news\/2026\/09\/05\/acordar-com-os-olhos-vermelhos-e-a-sensacao-de-areia-com-frequencia-pode-ser-um-sinal-precoce-de-olho-seco-noturno\/#primaryimage","url":"https:\/\/www.tuasaude.com\/news\/wp-content\/uploads\/2026\/09\/acordar-com-os-olhos-vermelhos-e-a-sensacao-de-areia-com-fre.jpg","contentUrl":"https:\/\/www.tuasaude.com\/news\/wp-content\/uploads\/2026\/09\/acordar-com-os-olhos-vermelhos-e-a-sensacao-de-areia-com-fre.jpg","width":1279,"height":720,"caption":"Olhos vermelhos ao acordar podem sinalizar olho seco noturno precoce."},{"@type":"BreadcrumbList","@id":"https:\/\/www.tuasaude.com\/news\/2026\/09\/05\/acordar-com-os-olhos-vermelhos-e-a-sensacao-de-areia-com-frequencia-pode-ser-um-sinal-precoce-de-olho-seco-noturno\/#breadcrumb","itemListElement":[{"@type":"ListItem","position":1,"name":"In\u00edcio","item":"https:\/\/www.tuasaude.com\/news\/"},{"@type":"ListItem","position":2,"name":"Acordar com os olhos vermelhos e a sensa\u00e7\u00e3o de areia com frequ\u00eancia pode ser um sinal precoce de olho seco noturno"}]},{"@type":"WebSite","@id":"https:\/\/www.tuasaude.com\/news\/#website","url":"https:\/\/www.tuasaude.com\/news\/","name":"Tua Sa\u00fade","description":"Seu site de sa\u00fade","potentialAction":[{"@type":"SearchAction","target":{"@type":"EntryPoint","urlTemplate":"https:\/\/www.tuasaude.com\/news\/?s={search_term_string}"},"query-input":{"@type":"PropertyValueSpecification","valueRequired":true,"valueName":"search_term_string"}}],"inLanguage":"pt-BR"},{"@type":"Person","@id":"https:\/\/www.tuasaude.com\/news\/#\/schema\/person\/bf512a2e53b74f5544ff3040f496e593","name":"Gabriel Leme","image":{"@type":"ImageObject","inLanguage":"pt-BR","@id":"https:\/\/www.tuasaude.com\/news\/#\/schema\/person\/image\/","url":"https:\/\/secure.gravatar.com\/avatar\/a12badc2d08e73d59b38f178ebe822eca26c0445823b05fefedea89fb346439c?s=96&d=mm&r=g","contentUrl":"https:\/\/secure.gravatar.com\/avatar\/a12badc2d08e73d59b38f178ebe822eca26c0445823b05fefedea89fb346439c?s=96&d=mm&r=g","caption":"Gabriel Leme"},"sameAs":["https:\/\/www.tuasaude.com\/news"],"url":"https:\/\/www.tuasaude.com\/news\/author\/gabrielleme\/"}]}},"_links":{"self":[{"href":"https:\/\/www.tuasaude.com\/news\/wp-json\/wp\/v2\/posts\/108740","targetHints":{"allow":["GET"]}}],"collection":[{"href":"https:\/\/www.tuasaude.com\/news\/wp-json\/wp\/v2\/posts"}],"about":[{"href":"https:\/\/www.tuasaude.com\/news\/wp-json\/wp\/v2\/types\/post"}],"author":[{"embeddable":true,"href":"https:\/\/www.tuasaude.com\/news\/wp-json\/wp\/v2\/users\/6"}],"replies":[{"embeddable":true,"href":"https:\/\/www.tuasaude.com\/news\/wp-json\/wp\/v2\/comments?post=108740"}],"version-history":[{"count":1,"href":"https:\/\/www.tuasaude.com\/news\/wp-json\/wp\/v2\/posts\/108740\/revisions"}],"predecessor-version":[{"id":108785,"href":"https:\/\/www.tuasaude.com\/news\/wp-json\/wp\/v2\/posts\/108740\/revisions\/108785"}],"wp:featuredmedia":[{"embeddable":true,"href":"https:\/\/www.tuasaude.com\/news\/wp-json\/wp\/v2\/media\/108738"}],"wp:attachment":[{"href":"https:\/\/www.tuasaude.com\/news\/wp-json\/wp\/v2\/media?parent=108740"}],"wp:term":[{"taxonomy":"category","embeddable":true,"href":"https:\/\/www.tuasaude.com\/news\/wp-json\/wp\/v2\/categories?post=108740"},{"taxonomy":"post_tag","embeddable":true,"href":"https:\/\/www.tuasaude.com\/news\/wp-json\/wp\/v2\/tags?post=108740"}],"curies":[{"name":"wp","href":"https:\/\/api.w.org\/{rel}","templated":true}]}}