{"id":108737,"date":"2026-09-05T09:35:00","date_gmt":"2026-09-05T12:35:00","guid":{"rendered":"https:\/\/www.tuasaude.com\/news\/?p=108737"},"modified":"2026-09-05T08:24:27","modified_gmt":"2026-09-05T11:24:27","slug":"o-esquecimento-frequente-de-nomes-e-compromissos-nem-sempre-e-idade-pode-ser-reflexo-de-sono-ruim-e-de-deficiencia-de-vitamina-b12","status":"publish","type":"post","link":"https:\/\/www.tuasaude.com\/news\/2026\/09\/05\/o-esquecimento-frequente-de-nomes-e-compromissos-nem-sempre-e-idade-pode-ser-reflexo-de-sono-ruim-e-de-deficiencia-de-vitamina-b12\/","title":{"rendered":"O esquecimento frequente de nomes e compromissos nem sempre \u00e9 idade: pode ser reflexo de sono ruim e de defici\u00eancia de vitamina B12"},"content":{"rendered":"\n<p class=\"wp-block-paragraph\"><strong>Esquecimento frequente<\/strong> ao tentar lembrar nomes, hor\u00e1rios ou tarefas do dia a dia nem sempre aponta para envelhecimento isolado. Altera\u00e7\u00f5es na <strong>mem\u00f3ria<\/strong> podem surgir quando o c\u00e9rebro passa semanas lidando com sono fragmentado, cansa\u00e7o persistente ou n\u00edveis baixos de <strong>vitamina B12<\/strong>, fatores que afetam aten\u00e7\u00e3o, concentra\u00e7\u00e3o e racioc\u00ednio de forma direta.<\/p>\n\n\n\n<h2 class=\"wp-block-heading\">Quando esquecer nomes e compromissos deixa de ser algo pontual?<\/h2>\n\n\n\n<p class=\"wp-block-paragraph\">Falhas ocasionais acontecem com qualquer pessoa, sobretudo em fases de estresse, rotina corrida ou poucas horas de descanso. O sinal de alerta aparece quando o branco mental se repete, atrapalha recados simples, compromissos marcados ou a lembran\u00e7a de conversas recentes.<\/p>\n\n\n\n<p class=\"wp-block-paragraph\">Nesse cen\u00e1rio, vale observar se a dificuldade vem junto com sonol\u00eancia diurna, irritabilidade, formigamento, dificuldade de foco ou sensa\u00e7\u00e3o de cabe\u00e7a lenta. Esses sinais ajudam a diferenciar distra\u00e7\u00e3o comum de uma queda real no desempenho cognitivo.<\/p>\n\n\n\n<h2 class=\"wp-block-heading\">O que a pesquisa mostra sobre sono ruim, vitamina B12 e mem\u00f3ria?<\/h2>\n\n\n\n<p class=\"wp-block-paragraph\">A rela\u00e7\u00e3o com a <strong>qualidade do sono<\/strong> \u00e9 mais consistente do que muita gente imagina. Pesquisa publicada em 2023 avaliou dados de revis\u00f5es sistem\u00e1ticas e mostrou <a href=\"https:\/\/pubmed.ncbi.nlm.nih.gov\/38469285\/\" target=\"_blank\" rel=\"noopener noreferrer\">associa\u00e7\u00e3o entre dist\u00farbios do sono e pior desempenho cognitivo<\/a>, com impacto importante em mem\u00f3ria de trabalho, mem\u00f3ria epis\u00f3dica, aten\u00e7\u00e3o e flexibilidade mental, especialmente em adultos mais velhos.<\/p>\n\n\n\n<p class=\"wp-block-paragraph\">Sobre a <strong>vitamina B12<\/strong>, a interpreta\u00e7\u00e3o pede cuidado. Uma meta-an\u00e1lise de 2025 encontrou benef\u00edcio muito pequeno da suplementa\u00e7\u00e3o de vitaminas do complexo B sobre a fun\u00e7\u00e3o cognitiva global em idosos. Em outras palavras, tomar suplemento sem defici\u00eancia confirmada n\u00e3o costuma resolver, por si s\u00f3, o esquecimento frequente.<\/p>\n\n\n<div class=\"wp-block-image wp-block-image aligncenter size-large\">\n<figure ><img decoding=\"async\" width=\"1279\" height=\"720\" src=\"https:\/\/cdnnewsimg.tuasaude.com\/wp-content\/uploads\/2026\/09\/o-esquecimento-frequente-de-nomes-e-compromissos-nem-se-corpo.jpg\" alt=\"Sono, vitamina B12, sinais e rotina formam pilares para proteger a mem\u00f3ria.\" class=\"wp-image-108736\" srcset=\"https:\/\/www.tuasaude.com\/news\/wp-content\/uploads\/2026\/09\/o-esquecimento-frequente-de-nomes-e-compromissos-nem-se-corpo.jpg 1279w, https:\/\/www.tuasaude.com\/news\/wp-content\/uploads\/2026\/09\/o-esquecimento-frequente-de-nomes-e-compromissos-nem-se-corpo-300x169.jpg 300w, https:\/\/www.tuasaude.com\/news\/wp-content\/uploads\/2026\/09\/o-esquecimento-frequente-de-nomes-e-compromissos-nem-se-corpo-1024x576.jpg 1024w, https:\/\/www.tuasaude.com\/news\/wp-content\/uploads\/2026\/09\/o-esquecimento-frequente-de-nomes-e-compromissos-nem-se-corpo-768x432.jpg 768w, https:\/\/www.tuasaude.com\/news\/wp-content\/uploads\/2026\/09\/o-esquecimento-frequente-de-nomes-e-compromissos-nem-se-corpo-750x422.jpg 750w, https:\/\/www.tuasaude.com\/news\/wp-content\/uploads\/2026\/09\/o-esquecimento-frequente-de-nomes-e-compromissos-nem-se-corpo-1140x642.jpg 1140w\" sizes=\"(max-width: 1279px) 100vw, 1279px\" \/><figcaption class=\"wp-element-caption\">Sono, vitamina B12, sinais e rotina formam pilares para proteger a mem\u00f3ria.<\/figcaption><\/figure>\n<\/div>\n\n\n<h2 class=\"wp-block-heading\">Quais sinais podem sugerir defici\u00eancia de vitamina B12?<\/h2>\n\n\n\n<p class=\"wp-block-paragraph\">A defici\u00eancia nem sempre aparece apenas nos exames. Em muitas pessoas, ela se manifesta primeiro por lentid\u00e3o mental, cansa\u00e7o fora do habitual e lapsos de mem\u00f3ria. Em casos mais marcantes, podem surgir dorm\u00eancia, palidez, falta de ar aos esfor\u00e7os e l\u00edngua dolorida.<\/p>\n\n\n\n<p class=\"wp-block-paragraph\">Se houver suspeita, faz sentido observar <a href=\"https:\/\/www.tuasaude.com\/sintomas-da-falta-de-vitamina-b12\/\" target=\"_blank\" rel=\"noopener noreferrer\">os sinais de falta de B12<\/a> e buscar avalia\u00e7\u00e3o cl\u00ednica. A redu\u00e7\u00e3o dessa vitamina pode ocorrer por alimenta\u00e7\u00e3o restrita, gastrite, uso prolongado de alguns rem\u00e9dios ou dificuldade intestinal de absor\u00e7\u00e3o.<\/p>\n\n\n\n<ul class=\"wp-block-list\">\n<li><strong>Cansa\u00e7o persistente<\/strong> sem causa clara<\/li>\n\n\n\n<li>Formigamento em m\u00e3os ou p\u00e9s<\/li>\n\n\n\n<li>Dificuldade de concentra\u00e7\u00e3o no trabalho<\/li>\n\n\n\n<li>Esquecimento frequente de tarefas simples<\/li>\n\n\n\n<li>Tontura, fraqueza ou palidez<\/li>\n<\/ul>\n\n\n\n<h2 class=\"wp-block-heading\">Como o sono afeta a fixa\u00e7\u00e3o das lembran\u00e7as?<\/h2>\n\n\n\n<p class=\"wp-block-paragraph\">Dormir mal n\u00e3o causa apenas pregui\u00e7a no dia seguinte. Durante o sono, o c\u00e9rebro organiza informa\u00e7\u00f5es recentes e consolida lembran\u00e7as \u00fateis. Quando esse processo \u00e9 interrompido por ins\u00f4nia, despertares repetidos ou poucas horas de repouso, a mem\u00f3ria recente sofre mais.<\/p>\n\n\n\n<p class=\"wp-block-paragraph\">Alguns padr\u00f5es costumam aparecer com baixa qualidade do sono:<\/p>\n\n\n\n<ul class=\"wp-block-list\">\n<li>esquecer recados dados no mesmo dia<\/li>\n\n\n\n<li>trocar nomes com mais frequ\u00eancia<\/li>\n\n\n\n<li>perder compromissos apesar de anotar<\/li>\n\n\n\n<li>demorar mais para raciocinar<\/li>\n\n\n\n<li>precisar reler a mesma informa\u00e7\u00e3o v\u00e1rias vezes<\/li>\n<\/ul>\n\n\n\n<h2 class=\"wp-block-heading\">O que vale observar antes de concluir que \u00e9 s\u00f3 idade?<\/h2>\n\n\n\n<p class=\"wp-block-paragraph\">Nem toda queixa de mem\u00f3ria indica doen\u00e7a neurol\u00f3gica, mas tamb\u00e9m n\u00e3o conv\u00e9m normalizar tudo. Frequ\u00eancia dos lapsos, dura\u00e7\u00e3o dos sintomas, uso de rem\u00e9dios, consumo de \u00e1lcool, padr\u00e3o alimentar e presen\u00e7a de ronco alto ajudam a montar o quadro com mais precis\u00e3o.<\/p>\n\n\n\n<p class=\"wp-block-paragraph\">Quando o esquecimento frequente aparece junto com sono n\u00e3o reparador, fadiga, desaten\u00e7\u00e3o e poss\u00edvel car\u00eancia nutricional, a investiga\u00e7\u00e3o costuma incluir exames laboratoriais e revis\u00e3o da rotina. Esse olhar integrado \u00e9 o que melhor esclarece se a causa principal est\u00e1 no descanso insuficiente, na defici\u00eancia de vitamina B12 ou na soma dos dois fatores.<\/p>\n\n\n\n<h2 class=\"wp-block-heading\">Qual \u00e9 o pr\u00f3ximo passo para proteger a mem\u00f3ria?<\/h2>\n\n\n\n<p class=\"wp-block-paragraph\">Se os lapsos est\u00e3o ficando mais comuns, o melhor caminho \u00e9 registrar os epis\u00f3dios por algumas semanas, notar o padr\u00e3o do sono e levar essas informa\u00e7\u00f5es \u00e0 consulta. Ajustes no hor\u00e1rio de dormir, tratamento de dist\u00farbios noturnos e corre\u00e7\u00e3o de defici\u00eancia confirmada tendem a ter mais efeito do que apostar em suplementos por conta pr\u00f3pria.<\/p>\n\n\n\n<p class=\"wp-block-paragraph\">Preservar a mem\u00f3ria depende de aten\u00e7\u00e3o ao sono, ao estado nutricional e aos sinais do sistema nervoso no dia a dia. Quando o c\u00e9rebro recebe descanso adequado e h\u00e1 n\u00edveis suficientes de vitamina B12, concentra\u00e7\u00e3o, velocidade de racioc\u00ednio e reten\u00e7\u00e3o de informa\u00e7\u00f5es costumam funcionar de modo mais est\u00e1vel.<\/p>\n\n\n\n<p class=\"wp-block-paragraph\">Este conte\u00fado tem car\u00e1ter exclusivamente informativo e <strong>n\u00e3o substitui a avalia\u00e7\u00e3o<\/strong>, o diagn\u00f3stico ou o acompanhamento de um profissional de sa\u00fade. Se voc\u00ea apresenta sintomas ou tem d\u00favidas sobre sua condi\u00e7\u00e3o, procure orienta\u00e7\u00e3o m\u00e9dica.<\/p>\n","protected":false},"excerpt":{"rendered":"<p>Esquecimento frequente ao tentar lembrar nomes, hor\u00e1rios ou tarefas do dia a dia nem sempre aponta para envelhecimento isolado. Altera\u00e7\u00f5es na mem\u00f3ria podem surgir quando o c\u00e9rebro passa semanas lidando com sono fragmentado, cansa\u00e7o persistente ou n\u00edveis baixos de vitamina B12, fatores que afetam aten\u00e7\u00e3o, concentra\u00e7\u00e3o e racioc\u00ednio de forma direta. Quando esquecer nomes e [&hellip;]<\/p>\n","protected":false},"author":6,"featured_media":108735,"comment_status":"open","ping_status":"open","sticky":false,"template":"","format":"standard","meta":{"_yoast_wpseo_focuskw":"esquecimento frequente","_yoast_wpseo_title":"","_yoast_wpseo_metadesc":"O esquecimento frequente pode ter rela\u00e7\u00e3o com sono ruim e vitamina B12 baixa, um detalhe que muda a forma de avaliar falhas de mem\u00f3ria.","jnews-multi-image_gallery":[],"jnews_single_post":{"format":"standard"},"jnews_primary_category":[],"jnews_social_meta":[],"jnews_override_counter":[],"footnotes":""},"categories":[111],"tags":[4861,1026,1159,1796,1039],"class_list":["post-108737","post","type-post","status-publish","format-standard","has-post-thumbnail","hentry","category-saude","tag-esquecimento-frequente","tag-memoria","tag-qualidade-do-sono","tag-saude-2","tag-vitamina-b12"],"yoast_head":"<!-- This site is optimized with the Yoast SEO plugin v26.7 - https:\/\/yoast.com\/wordpress\/plugins\/seo\/ -->\n<title>O esquecimento frequente de nomes e compromissos nem sempre \u00e9 idade: pode ser reflexo de sono ruim e de defici\u00eancia de vitamina B12 - Tua Sa\u00fade<\/title>\n<meta name=\"description\" content=\"O esquecimento frequente pode ter rela\u00e7\u00e3o com sono ruim e vitamina B12 baixa, um detalhe que muda a forma de avaliar falhas de mem\u00f3ria.\" \/>\n<meta name=\"robots\" content=\"index, follow, max-snippet:-1, max-image-preview:large, max-video-preview:-1\" \/>\n<link rel=\"canonical\" href=\"https:\/\/www.tuasaude.com\/news\/2026\/09\/05\/o-esquecimento-frequente-de-nomes-e-compromissos-nem-sempre-e-idade-pode-ser-reflexo-de-sono-ruim-e-de-deficiencia-de-vitamina-b12\/\" \/>\n<meta property=\"og:locale\" content=\"pt_BR\" \/>\n<meta property=\"og:type\" content=\"article\" \/>\n<meta property=\"og:title\" content=\"O esquecimento frequente de nomes e compromissos nem sempre \u00e9 idade: pode ser reflexo de sono ruim e de defici\u00eancia de vitamina B12 - Tua Sa\u00fade\" \/>\n<meta property=\"og:description\" content=\"O esquecimento frequente pode ter rela\u00e7\u00e3o com sono ruim e vitamina B12 baixa, um detalhe que muda a forma de avaliar falhas de mem\u00f3ria.\" \/>\n<meta property=\"og:url\" content=\"https:\/\/www.tuasaude.com\/news\/2026\/09\/05\/o-esquecimento-frequente-de-nomes-e-compromissos-nem-sempre-e-idade-pode-ser-reflexo-de-sono-ruim-e-de-deficiencia-de-vitamina-b12\/\" \/>\n<meta property=\"og:site_name\" content=\"Tua Sa\u00fade\" \/>\n<meta property=\"article:published_time\" content=\"2026-09-05T12:35:00+00:00\" \/>\n<meta property=\"og:image\" content=\"https:\/\/www.tuasaude.com\/news\/wp-content\/uploads\/2026\/09\/o-esquecimento-frequente-de-nomes-e-compromissos-nem-sempre-.jpg\" \/>\n\t<meta property=\"og:image:width\" content=\"1279\" \/>\n\t<meta property=\"og:image:height\" content=\"720\" \/>\n\t<meta property=\"og:image:type\" content=\"image\/jpeg\" \/>\n<meta name=\"author\" content=\"Gabriel Leme\" \/>\n<meta name=\"twitter:card\" content=\"summary_large_image\" \/>\n<meta name=\"twitter:label1\" content=\"Escrito por\" \/>\n\t<meta name=\"twitter:data1\" content=\"Gabriel Leme\" \/>\n\t<meta name=\"twitter:label2\" content=\"Est. tempo de leitura\" \/>\n\t<meta name=\"twitter:data2\" content=\"5 minutos\" \/>\n<!-- \/ Yoast SEO plugin. -->","yoast_head_json":{"title":"O esquecimento frequente de nomes e compromissos nem sempre \u00e9 idade: pode ser reflexo de sono ruim e de defici\u00eancia de vitamina B12 - Tua Sa\u00fade","description":"O esquecimento frequente pode ter rela\u00e7\u00e3o com sono ruim e vitamina B12 baixa, um detalhe que muda a forma de avaliar falhas de mem\u00f3ria.","robots":{"index":"index","follow":"follow","max-snippet":"max-snippet:-1","max-image-preview":"max-image-preview:large","max-video-preview":"max-video-preview:-1"},"canonical":"https:\/\/www.tuasaude.com\/news\/2026\/09\/05\/o-esquecimento-frequente-de-nomes-e-compromissos-nem-sempre-e-idade-pode-ser-reflexo-de-sono-ruim-e-de-deficiencia-de-vitamina-b12\/","og_locale":"pt_BR","og_type":"article","og_title":"O esquecimento frequente de nomes e compromissos nem sempre \u00e9 idade: pode ser reflexo de sono ruim e de defici\u00eancia de vitamina B12 - Tua Sa\u00fade","og_description":"O esquecimento frequente pode ter rela\u00e7\u00e3o com sono ruim e vitamina B12 baixa, um detalhe que muda a forma de avaliar falhas de mem\u00f3ria.","og_url":"https:\/\/www.tuasaude.com\/news\/2026\/09\/05\/o-esquecimento-frequente-de-nomes-e-compromissos-nem-sempre-e-idade-pode-ser-reflexo-de-sono-ruim-e-de-deficiencia-de-vitamina-b12\/","og_site_name":"Tua Sa\u00fade","article_published_time":"2026-09-05T12:35:00+00:00","og_image":[{"width":1279,"height":720,"url":"https:\/\/www.tuasaude.com\/news\/wp-content\/uploads\/2026\/09\/o-esquecimento-frequente-de-nomes-e-compromissos-nem-sempre-.jpg","type":"image\/jpeg"}],"author":"Gabriel Leme","twitter_card":"summary_large_image","twitter_misc":{"Escrito por":"Gabriel Leme","Est. tempo de leitura":"5 minutos"},"schema":{"@context":"https:\/\/schema.org","@graph":[{"@type":"Article","@id":"https:\/\/www.tuasaude.com\/news\/2026\/09\/05\/o-esquecimento-frequente-de-nomes-e-compromissos-nem-sempre-e-idade-pode-ser-reflexo-de-sono-ruim-e-de-deficiencia-de-vitamina-b12\/#article","isPartOf":{"@id":"https:\/\/www.tuasaude.com\/news\/2026\/09\/05\/o-esquecimento-frequente-de-nomes-e-compromissos-nem-sempre-e-idade-pode-ser-reflexo-de-sono-ruim-e-de-deficiencia-de-vitamina-b12\/"},"author":{"name":"Gabriel Leme","@id":"https:\/\/www.tuasaude.com\/news\/#\/schema\/person\/bf512a2e53b74f5544ff3040f496e593"},"headline":"O esquecimento frequente de nomes e compromissos nem sempre \u00e9 idade: pode ser reflexo de sono ruim e de defici\u00eancia de vitamina B12","datePublished":"2026-09-05T12:35:00+00:00","mainEntityOfPage":{"@id":"https:\/\/www.tuasaude.com\/news\/2026\/09\/05\/o-esquecimento-frequente-de-nomes-e-compromissos-nem-sempre-e-idade-pode-ser-reflexo-de-sono-ruim-e-de-deficiencia-de-vitamina-b12\/"},"wordCount":833,"commentCount":0,"image":{"@id":"https:\/\/www.tuasaude.com\/news\/2026\/09\/05\/o-esquecimento-frequente-de-nomes-e-compromissos-nem-sempre-e-idade-pode-ser-reflexo-de-sono-ruim-e-de-deficiencia-de-vitamina-b12\/#primaryimage"},"thumbnailUrl":"https:\/\/www.tuasaude.com\/news\/wp-content\/uploads\/2026\/09\/o-esquecimento-frequente-de-nomes-e-compromissos-nem-sempre-.jpg","keywords":["esquecimento frequente","mem\u00f3ria","qualidade do sono","saude","vitamina B12"],"articleSection":["Sa\u00fade"],"inLanguage":"pt-BR","potentialAction":[{"@type":"CommentAction","name":"Comment","target":["https:\/\/www.tuasaude.com\/news\/2026\/09\/05\/o-esquecimento-frequente-de-nomes-e-compromissos-nem-sempre-e-idade-pode-ser-reflexo-de-sono-ruim-e-de-deficiencia-de-vitamina-b12\/#respond"]}]},{"@type":"WebPage","@id":"https:\/\/www.tuasaude.com\/news\/2026\/09\/05\/o-esquecimento-frequente-de-nomes-e-compromissos-nem-sempre-e-idade-pode-ser-reflexo-de-sono-ruim-e-de-deficiencia-de-vitamina-b12\/","url":"https:\/\/www.tuasaude.com\/news\/2026\/09\/05\/o-esquecimento-frequente-de-nomes-e-compromissos-nem-sempre-e-idade-pode-ser-reflexo-de-sono-ruim-e-de-deficiencia-de-vitamina-b12\/","name":"O esquecimento frequente de nomes e compromissos nem sempre \u00e9 idade: pode ser reflexo de sono ruim e de defici\u00eancia de vitamina B12 - Tua Sa\u00fade","isPartOf":{"@id":"https:\/\/www.tuasaude.com\/news\/#website"},"primaryImageOfPage":{"@id":"https:\/\/www.tuasaude.com\/news\/2026\/09\/05\/o-esquecimento-frequente-de-nomes-e-compromissos-nem-sempre-e-idade-pode-ser-reflexo-de-sono-ruim-e-de-deficiencia-de-vitamina-b12\/#primaryimage"},"image":{"@id":"https:\/\/www.tuasaude.com\/news\/2026\/09\/05\/o-esquecimento-frequente-de-nomes-e-compromissos-nem-sempre-e-idade-pode-ser-reflexo-de-sono-ruim-e-de-deficiencia-de-vitamina-b12\/#primaryimage"},"thumbnailUrl":"https:\/\/www.tuasaude.com\/news\/wp-content\/uploads\/2026\/09\/o-esquecimento-frequente-de-nomes-e-compromissos-nem-sempre-.jpg","datePublished":"2026-09-05T12:35:00+00:00","author":{"@id":"https:\/\/www.tuasaude.com\/news\/#\/schema\/person\/bf512a2e53b74f5544ff3040f496e593"},"description":"O esquecimento frequente pode ter rela\u00e7\u00e3o com sono ruim e vitamina B12 baixa, um detalhe que muda a forma de avaliar falhas de mem\u00f3ria.","breadcrumb":{"@id":"https:\/\/www.tuasaude.com\/news\/2026\/09\/05\/o-esquecimento-frequente-de-nomes-e-compromissos-nem-sempre-e-idade-pode-ser-reflexo-de-sono-ruim-e-de-deficiencia-de-vitamina-b12\/#breadcrumb"},"inLanguage":"pt-BR","potentialAction":[{"@type":"ReadAction","target":["https:\/\/www.tuasaude.com\/news\/2026\/09\/05\/o-esquecimento-frequente-de-nomes-e-compromissos-nem-sempre-e-idade-pode-ser-reflexo-de-sono-ruim-e-de-deficiencia-de-vitamina-b12\/"]}]},{"@type":"ImageObject","inLanguage":"pt-BR","@id":"https:\/\/www.tuasaude.com\/news\/2026\/09\/05\/o-esquecimento-frequente-de-nomes-e-compromissos-nem-sempre-e-idade-pode-ser-reflexo-de-sono-ruim-e-de-deficiencia-de-vitamina-b12\/#primaryimage","url":"https:\/\/www.tuasaude.com\/news\/wp-content\/uploads\/2026\/09\/o-esquecimento-frequente-de-nomes-e-compromissos-nem-sempre-.jpg","contentUrl":"https:\/\/www.tuasaude.com\/news\/wp-content\/uploads\/2026\/09\/o-esquecimento-frequente-de-nomes-e-compromissos-nem-sempre-.jpg","width":1279,"height":720,"caption":"Esquecimento frequente pode ter rela\u00e7\u00e3o com sono ruim e vitamina B12 baixa."},{"@type":"BreadcrumbList","@id":"https:\/\/www.tuasaude.com\/news\/2026\/09\/05\/o-esquecimento-frequente-de-nomes-e-compromissos-nem-sempre-e-idade-pode-ser-reflexo-de-sono-ruim-e-de-deficiencia-de-vitamina-b12\/#breadcrumb","itemListElement":[{"@type":"ListItem","position":1,"name":"In\u00edcio","item":"https:\/\/www.tuasaude.com\/news\/"},{"@type":"ListItem","position":2,"name":"O esquecimento frequente de nomes e compromissos nem sempre \u00e9 idade: pode ser reflexo de sono ruim e de defici\u00eancia de vitamina B12"}]},{"@type":"WebSite","@id":"https:\/\/www.tuasaude.com\/news\/#website","url":"https:\/\/www.tuasaude.com\/news\/","name":"Tua Sa\u00fade","description":"Seu site de sa\u00fade","potentialAction":[{"@type":"SearchAction","target":{"@type":"EntryPoint","urlTemplate":"https:\/\/www.tuasaude.com\/news\/?s={search_term_string}"},"query-input":{"@type":"PropertyValueSpecification","valueRequired":true,"valueName":"search_term_string"}}],"inLanguage":"pt-BR"},{"@type":"Person","@id":"https:\/\/www.tuasaude.com\/news\/#\/schema\/person\/bf512a2e53b74f5544ff3040f496e593","name":"Gabriel Leme","image":{"@type":"ImageObject","inLanguage":"pt-BR","@id":"https:\/\/www.tuasaude.com\/news\/#\/schema\/person\/image\/","url":"https:\/\/secure.gravatar.com\/avatar\/a12badc2d08e73d59b38f178ebe822eca26c0445823b05fefedea89fb346439c?s=96&d=mm&r=g","contentUrl":"https:\/\/secure.gravatar.com\/avatar\/a12badc2d08e73d59b38f178ebe822eca26c0445823b05fefedea89fb346439c?s=96&d=mm&r=g","caption":"Gabriel Leme"},"sameAs":["https:\/\/www.tuasaude.com\/news"],"url":"https:\/\/www.tuasaude.com\/news\/author\/gabrielleme\/"}]}},"_links":{"self":[{"href":"https:\/\/www.tuasaude.com\/news\/wp-json\/wp\/v2\/posts\/108737","targetHints":{"allow":["GET"]}}],"collection":[{"href":"https:\/\/www.tuasaude.com\/news\/wp-json\/wp\/v2\/posts"}],"about":[{"href":"https:\/\/www.tuasaude.com\/news\/wp-json\/wp\/v2\/types\/post"}],"author":[{"embeddable":true,"href":"https:\/\/www.tuasaude.com\/news\/wp-json\/wp\/v2\/users\/6"}],"replies":[{"embeddable":true,"href":"https:\/\/www.tuasaude.com\/news\/wp-json\/wp\/v2\/comments?post=108737"}],"version-history":[{"count":1,"href":"https:\/\/www.tuasaude.com\/news\/wp-json\/wp\/v2\/posts\/108737\/revisions"}],"predecessor-version":[{"id":108784,"href":"https:\/\/www.tuasaude.com\/news\/wp-json\/wp\/v2\/posts\/108737\/revisions\/108784"}],"wp:featuredmedia":[{"embeddable":true,"href":"https:\/\/www.tuasaude.com\/news\/wp-json\/wp\/v2\/media\/108735"}],"wp:attachment":[{"href":"https:\/\/www.tuasaude.com\/news\/wp-json\/wp\/v2\/media?parent=108737"}],"wp:term":[{"taxonomy":"category","embeddable":true,"href":"https:\/\/www.tuasaude.com\/news\/wp-json\/wp\/v2\/categories?post=108737"},{"taxonomy":"post_tag","embeddable":true,"href":"https:\/\/www.tuasaude.com\/news\/wp-json\/wp\/v2\/tags?post=108737"}],"curies":[{"name":"wp","href":"https:\/\/api.w.org\/{rel}","templated":true}]}}