{"id":108622,"date":"2026-09-05T10:35:00","date_gmt":"2026-09-05T13:35:00","guid":{"rendered":"https:\/\/www.tuasaude.com\/news\/?p=108622"},"modified":"2026-09-05T01:34:25","modified_gmt":"2026-09-05T04:34:25","slug":"tontura-ao-levantar-sem-jejum-prolongado-pode-ser-uma-pista-negligenciada-de-queda-de-pressao-ou-desequilibrio-no-ouvido-interno","status":"publish","type":"post","link":"https:\/\/www.tuasaude.com\/news\/2026\/09\/05\/tontura-ao-levantar-sem-jejum-prolongado-pode-ser-uma-pista-negligenciada-de-queda-de-pressao-ou-desequilibrio-no-ouvido-interno\/","title":{"rendered":"Tontura ao levantar sem jejum prolongado pode ser uma pista negligenciada de queda de press\u00e3o ou desequil\u00edbrio no ouvido interno"},"content":{"rendered":"\n<p class=\"wp-block-paragraph\">Sentir tontura ao sair da cama ou levantar da cadeira nem sempre significa apenas cansa\u00e7o ou jejum prolongado. Esse sintoma, muitas vezes ignorado, pode revelar uma queda transit\u00f3ria da press\u00e3o arterial ou um desequil\u00edbrio no ouvido interno, estruturas respons\u00e1veis pelo controle da postura e do equil\u00edbrio. Identificar o padr\u00e3o da tontura ajuda a diferenciar situa\u00e7\u00f5es passageiras de condi\u00e7\u00f5es que merecem avalia\u00e7\u00e3o m\u00e9dica e podem aumentar o risco de quedas.<\/p>\n\n\n\n<h2 class=\"wp-block-heading\">Por que surge a tontura ao levantar?<\/h2>\n\n\n\n<p class=\"wp-block-paragraph\">Quando mudamos rapidamente de posi\u00e7\u00e3o, cerca de 500 a 800 ml de sangue se deslocam para as pernas por a\u00e7\u00e3o da gravidade. O corpo precisa ajustar os batimentos card\u00edacos e o calibre dos vasos em segundos para manter o fluxo sangu\u00edneo adequado no c\u00e9rebro.<\/p>\n\n\n\n<p class=\"wp-block-paragraph\">Quando essa adapta\u00e7\u00e3o falha ou demora, a press\u00e3o cai momentaneamente, gerando tontura, vis\u00e3o escurecida, fraqueza e sensa\u00e7\u00e3o de desmaio. Esse quadro \u00e9 conhecido como hipotens\u00e3o ortost\u00e1tica e pode acontecer em qualquer idade, embora seja mais frequente em idosos e pessoas com doen\u00e7as cr\u00f4nicas.<\/p>\n\n\n\n<h2 class=\"wp-block-heading\">Como diferenciar queda de press\u00e3o de problema no ouvido interno?<\/h2>\n\n\n\n<p class=\"wp-block-paragraph\">Na queda de press\u00e3o, a tontura surge nos primeiros segundos ap\u00f3s ficar em p\u00e9 e melhora ao sentar ou deitar. J\u00e1 a tontura de origem vestibular, como a causada pela labirintite, costuma vir com sensa\u00e7\u00e3o de que o ambiente gira, n\u00e1useas, zumbido e piora com movimentos da cabe\u00e7a, mesmo em repouso.<\/p>\n\n\n\n<p class=\"wp-block-paragraph\">Observar o momento em que o sintoma aparece \u00e9 essencial para o diagn\u00f3stico. Altera\u00e7\u00f5es no ouvido interno, como <a href=\"https:\/\/www.tuasaude.com\/como-evitar-as-crises-de-tontura-da-labirintite\/\" target=\"_blank\" rel=\"noreferrer noopener\">crise de labirintite<\/a>, vertigem posicional parox\u00edstica benigna e doen\u00e7a de M\u00e9ni\u00e8re, exigem avalia\u00e7\u00e3o com otorrinolaringologista.<\/p>\n\n\n<div class=\"wp-block-image\">\n<figure class=\"aligncenter size-large\"><img decoding=\"async\" width=\"1024\" height=\"571\" src=\"https:\/\/www.tuasaude.com\/news\/wp-content\/uploads\/2026\/09\/Tontura_ao_levantar_pressao_ou_202609050130-1024x571.jpg\" alt=\"Press\u00e3o, ouvido interno, hidrata\u00e7\u00e3o e medicamentos ajudam a explicar a tontura ao levantar.\" class=\"wp-image-108628\" srcset=\"https:\/\/www.tuasaude.com\/news\/wp-content\/uploads\/2026\/09\/Tontura_ao_levantar_pressao_ou_202609050130-1024x571.jpg 1024w, https:\/\/www.tuasaude.com\/news\/wp-content\/uploads\/2026\/09\/Tontura_ao_levantar_pressao_ou_202609050130-300x167.jpg 300w, https:\/\/www.tuasaude.com\/news\/wp-content\/uploads\/2026\/09\/Tontura_ao_levantar_pressao_ou_202609050130-768x428.jpg 768w, https:\/\/www.tuasaude.com\/news\/wp-content\/uploads\/2026\/09\/Tontura_ao_levantar_pressao_ou_202609050130-750x418.jpg 750w, https:\/\/www.tuasaude.com\/news\/wp-content\/uploads\/2026\/09\/Tontura_ao_levantar_pressao_ou_202609050130-1140x636.jpg 1140w, https:\/\/www.tuasaude.com\/news\/wp-content\/uploads\/2026\/09\/Tontura_ao_levantar_pressao_ou_202609050130.jpg 1280w\" sizes=\"(max-width: 1024px) 100vw, 1024px\" \/><figcaption class=\"wp-element-caption\">Press\u00e3o, ouvido interno, hidrata\u00e7\u00e3o e medicamentos ajudam a explicar a tontura ao levantar.<\/figcaption><\/figure>\n<\/div>\n\n\n<h2 class=\"wp-block-heading\">Quais s\u00e3o as causas mais comuns da tontura ao levantar?<\/h2>\n\n\n\n<p class=\"wp-block-paragraph\">Diversos fatores podem provocar a tontura repentina ao ficar em p\u00e9, e conhec\u00ea-los ajuda a identificar situa\u00e7\u00f5es passageiras e sinais de alerta. Entre os principais est\u00e3o:<\/p>\n\n\n\n<ul class=\"wp-block-list\">\n<li><strong>Desidrata\u00e7\u00e3o<\/strong>, que reduz o volume de sangue circulante e dificulta o ajuste da press\u00e3o.<\/li>\n\n\n\n<li><strong>Uso de medicamentos<\/strong> como diur\u00e9ticos, anti-hipertensivos, antidepressivos e rem\u00e9dios para pr\u00f3stata.<\/li>\n\n\n\n<li><strong>Anemia<\/strong>, que compromete o transporte de oxig\u00eanio para o c\u00e9rebro.<\/li>\n\n\n\n<li><strong>Repouso prolongado na cama<\/strong> ou perman\u00eancia deitado por muitas horas.<\/li>\n\n\n\n<li><strong>Diabetes e neuropatia auton\u00f4mica<\/strong>, que afetam o controle nervoso da press\u00e3o arterial.<\/li>\n\n\n\n<li><strong>Doen\u00e7a de Parkinson<\/strong> e outras condi\u00e7\u00f5es neurol\u00f3gicas que alteram o sistema nervoso aut\u00f4nomo.<\/li>\n\n\n\n<li><strong>Consumo excessivo de \u00e1lcool<\/strong>, que causa dilata\u00e7\u00e3o dos vasos sangu\u00edneos.<\/li>\n<\/ul>\n\n\n\n<h2 class=\"wp-block-heading\">O que a ci\u00eancia revela sobre a hipotens\u00e3o ortost\u00e1tica?<\/h2>\n\n\n\n<p class=\"wp-block-paragraph\">A queda de press\u00e3o ao levantar \u00e9 mais comum e s\u00e9ria do que se imagina, mesmo em pessoas assintom\u00e1ticas. Segundo o estudo <a href=\"https:\/\/pubmed.ncbi.nlm.nih.gov\/35841911\/\" target=\"_blank\" rel=\"noreferrer noopener\">Diagnosis and Treatment of Orthostatic Hypotension<\/a>, publicado no peri\u00f3dico The Lancet Neurology, a hipotens\u00e3o ortost\u00e1tica \u00e9 uma redu\u00e7\u00e3o anormal da press\u00e3o arterial ao ficar em p\u00e9 que aumenta o risco de eventos adversos, incluindo quedas e comprometimento cognitivo, mesmo quando os sintomas s\u00e3o discretos.<\/p>\n\n\n\n<p class=\"wp-block-paragraph\">A revis\u00e3o descreve quatro subtipos principais da condi\u00e7\u00e3o e ressalta que o diagn\u00f3stico depende de medir a press\u00e3o arterial deitado e em p\u00e9, junto com uma avalia\u00e7\u00e3o cl\u00ednica detalhada. Em casos confirmados, ajustes na medica\u00e7\u00e3o atual, mudan\u00e7as de h\u00e1bitos e tratamento espec\u00edfico para <a href=\"https:\/\/www.tuasaude.com\/tratamento-para-pressao-baixa\/\" target=\"_blank\" rel=\"noreferrer noopener\">press\u00e3o baixa<\/a> podem reduzir os sintomas e prevenir complica\u00e7\u00f5es.<\/p>\n\n\n<div class=\"wp-block-image\">\n<figure class=\"aligncenter size-large\"><img decoding=\"async\" width=\"1024\" height=\"571\" src=\"https:\/\/www.tuasaude.com\/news\/wp-content\/uploads\/2026\/09\/Man_standing_holding_armchair_di\u2026_202609050130-1024x571.jpg\" alt=\"\" class=\"wp-image-108630\" srcset=\"https:\/\/www.tuasaude.com\/news\/wp-content\/uploads\/2026\/09\/Man_standing_holding_armchair_di\u2026_202609050130-1024x571.jpg 1024w, https:\/\/www.tuasaude.com\/news\/wp-content\/uploads\/2026\/09\/Man_standing_holding_armchair_di\u2026_202609050130-300x167.jpg 300w, https:\/\/www.tuasaude.com\/news\/wp-content\/uploads\/2026\/09\/Man_standing_holding_armchair_di\u2026_202609050130-768x428.jpg 768w, https:\/\/www.tuasaude.com\/news\/wp-content\/uploads\/2026\/09\/Man_standing_holding_armchair_di\u2026_202609050130-750x418.jpg 750w, https:\/\/www.tuasaude.com\/news\/wp-content\/uploads\/2026\/09\/Man_standing_holding_armchair_di\u2026_202609050130-1140x636.jpg 1140w, https:\/\/www.tuasaude.com\/news\/wp-content\/uploads\/2026\/09\/Man_standing_holding_armchair_di\u2026_202609050130.jpg 1280w\" sizes=\"(max-width: 1024px) 100vw, 1024px\" \/><figcaption class=\"wp-element-caption\">Press\u00e3o arterial e ouvido interno est\u00e3o entre as causas comuns de tontura.<\/figcaption><\/figure>\n<\/div>\n\n\n<h2 class=\"wp-block-heading\">Quando procurar avalia\u00e7\u00e3o m\u00e9dica?<\/h2>\n\n\n\n<p class=\"wp-block-paragraph\">Epis\u00f3dios ocasionais de tontura ao levantar geralmente n\u00e3o s\u00e3o preocupantes, mas alguns sinais indicam a necessidade de investiga\u00e7\u00e3o. Procure avalia\u00e7\u00e3o nas seguintes situa\u00e7\u00f5es:<\/p>\n\n\n\n<ol class=\"wp-block-list\">\n<li>Tontura ao levantar que se repete v\u00e1rias vezes por semana.<\/li>\n\n\n\n<li>Epis\u00f3dios de desmaio, quedas ou perda moment\u00e2nea da consci\u00eancia.<\/li>\n\n\n\n<li>Tontura acompanhada de dor no peito, palpita\u00e7\u00f5es ou falta de ar.<\/li>\n\n\n\n<li>Sensa\u00e7\u00e3o rotat\u00f3ria com zumbido, n\u00e1useas ou perda auditiva.<\/li>\n\n\n\n<li>Vis\u00e3o dupla, fraqueza em um lado do corpo ou dificuldade de fala.<\/li>\n\n\n\n<li>Sintomas persistentes mesmo ap\u00f3s hidrata\u00e7\u00e3o e ajuste postural.<\/li>\n<\/ol>\n\n\n\n<p class=\"wp-block-paragraph\">Enquanto isso, medidas simples ajudam a reduzir o desconforto, como levantar devagar, sentar na beira da cama por alguns segundos antes de ficar em p\u00e9, beber bastante \u00e1gua ao longo do dia e evitar mudan\u00e7as bruscas de posi\u00e7\u00e3o. O cl\u00ednico geral, cardiologista ou otorrinolaringologista pode conduzir a investiga\u00e7\u00e3o e definir o tratamento adequado.<\/p>\n\n\n\n<p class=\"wp-block-paragraph\"><em>Este conte\u00fado tem car\u00e1ter apenas informativo e n\u00e3o substitui a avalia\u00e7\u00e3o m\u00e9dica. Em caso de sintomas ou d\u00favidas sobre sua sa\u00fade, procure um profissional qualificado para diagn\u00f3stico e tratamento adequados.<\/em><\/p>\n\n\n\n<p class=\"wp-block-paragraph\"><\/p>\n","protected":false},"excerpt":{"rendered":"<p>Sentir tontura ao sair da cama ou levantar da cadeira nem sempre significa apenas cansa\u00e7o ou jejum prolongado. Esse sintoma, muitas vezes ignorado, pode revelar uma queda transit\u00f3ria da press\u00e3o arterial ou um desequil\u00edbrio no ouvido interno, estruturas respons\u00e1veis pelo controle da postura e do equil\u00edbrio. Identificar o padr\u00e3o da tontura ajuda a diferenciar situa\u00e7\u00f5es [&hellip;]<\/p>\n","protected":false},"author":11,"featured_media":108626,"comment_status":"open","ping_status":"open","sticky":false,"template":"","format":"standard","meta":{"_yoast_wpseo_focuskw":"tontura","_yoast_wpseo_title":"","_yoast_wpseo_metadesc":"Tontura ao sair da cama com vis\u00e3o escurecida pode ter rela\u00e7\u00e3o com queda de press\u00e3o. Entenda como diferenciar esse quadro de altera\u00e7\u00f5es no ouvido interno.","jnews-multi-image_gallery":[],"jnews_single_post":{"format":"standard"},"jnews_primary_category":[],"jnews_social_meta":[],"jnews_override_counter":[],"footnotes":""},"categories":[111],"tags":[145,2289,800,136],"class_list":["post-108622","post","type-post","status-publish","format-standard","has-post-thumbnail","hentry","category-saude","tag-bem-estar","tag-bile","tag-figado","tag-saude"],"yoast_head":"<!-- This site is optimized with the Yoast SEO plugin v26.7 - https:\/\/yoast.com\/wordpress\/plugins\/seo\/ -->\n<title>Tontura ao levantar sem jejum prolongado pode ser uma pista negligenciada de queda de press\u00e3o ou desequil\u00edbrio no ouvido interno - Tua Sa\u00fade<\/title>\n<meta name=\"description\" content=\"Tontura ao sair da cama com vis\u00e3o escurecida pode ter rela\u00e7\u00e3o com queda de press\u00e3o. Entenda como diferenciar esse quadro de altera\u00e7\u00f5es no ouvido interno.\" \/>\n<meta name=\"robots\" content=\"index, follow, max-snippet:-1, max-image-preview:large, max-video-preview:-1\" \/>\n<link rel=\"canonical\" href=\"https:\/\/www.tuasaude.com\/news\/2026\/09\/05\/tontura-ao-levantar-sem-jejum-prolongado-pode-ser-uma-pista-negligenciada-de-queda-de-pressao-ou-desequilibrio-no-ouvido-interno\/\" \/>\n<meta property=\"og:locale\" content=\"pt_BR\" \/>\n<meta property=\"og:type\" content=\"article\" \/>\n<meta property=\"og:title\" content=\"Tontura ao levantar sem jejum prolongado pode ser uma pista negligenciada de queda de press\u00e3o ou desequil\u00edbrio no ouvido interno - Tua Sa\u00fade\" \/>\n<meta property=\"og:description\" content=\"Tontura ao sair da cama com vis\u00e3o escurecida pode ter rela\u00e7\u00e3o com queda de press\u00e3o. Entenda como diferenciar esse quadro de altera\u00e7\u00f5es no ouvido interno.\" \/>\n<meta property=\"og:url\" content=\"https:\/\/www.tuasaude.com\/news\/2026\/09\/05\/tontura-ao-levantar-sem-jejum-prolongado-pode-ser-uma-pista-negligenciada-de-queda-de-pressao-ou-desequilibrio-no-ouvido-interno\/\" \/>\n<meta property=\"og:site_name\" content=\"Tua Sa\u00fade\" \/>\n<meta property=\"article:published_time\" content=\"2026-09-05T13:35:00+00:00\" \/>\n<meta property=\"og:image\" content=\"https:\/\/www.tuasaude.com\/news\/wp-content\/uploads\/2026\/09\/Woman_rising_from_bed_202609050129.jpg\" \/>\n\t<meta property=\"og:image:width\" content=\"1280\" \/>\n\t<meta property=\"og:image:height\" content=\"714\" \/>\n\t<meta property=\"og:image:type\" content=\"image\/jpeg\" \/>\n<meta name=\"author\" content=\"Gessika Julia Carvalho\" \/>\n<meta name=\"twitter:card\" content=\"summary_large_image\" \/>\n<meta name=\"twitter:label1\" content=\"Escrito por\" \/>\n\t<meta name=\"twitter:data1\" content=\"Gessika Julia Carvalho\" \/>\n\t<meta name=\"twitter:label2\" content=\"Est. tempo de leitura\" \/>\n\t<meta name=\"twitter:data2\" content=\"5 minutos\" \/>\n<!-- \/ Yoast SEO plugin. -->","yoast_head_json":{"title":"Tontura ao levantar sem jejum prolongado pode ser uma pista negligenciada de queda de press\u00e3o ou desequil\u00edbrio no ouvido interno - Tua Sa\u00fade","description":"Tontura ao sair da cama com vis\u00e3o escurecida pode ter rela\u00e7\u00e3o com queda de press\u00e3o. Entenda como diferenciar esse quadro de altera\u00e7\u00f5es no ouvido interno.","robots":{"index":"index","follow":"follow","max-snippet":"max-snippet:-1","max-image-preview":"max-image-preview:large","max-video-preview":"max-video-preview:-1"},"canonical":"https:\/\/www.tuasaude.com\/news\/2026\/09\/05\/tontura-ao-levantar-sem-jejum-prolongado-pode-ser-uma-pista-negligenciada-de-queda-de-pressao-ou-desequilibrio-no-ouvido-interno\/","og_locale":"pt_BR","og_type":"article","og_title":"Tontura ao levantar sem jejum prolongado pode ser uma pista negligenciada de queda de press\u00e3o ou desequil\u00edbrio no ouvido interno - Tua Sa\u00fade","og_description":"Tontura ao sair da cama com vis\u00e3o escurecida pode ter rela\u00e7\u00e3o com queda de press\u00e3o. Entenda como diferenciar esse quadro de altera\u00e7\u00f5es no ouvido interno.","og_url":"https:\/\/www.tuasaude.com\/news\/2026\/09\/05\/tontura-ao-levantar-sem-jejum-prolongado-pode-ser-uma-pista-negligenciada-de-queda-de-pressao-ou-desequilibrio-no-ouvido-interno\/","og_site_name":"Tua Sa\u00fade","article_published_time":"2026-09-05T13:35:00+00:00","og_image":[{"width":1280,"height":714,"url":"https:\/\/www.tuasaude.com\/news\/wp-content\/uploads\/2026\/09\/Woman_rising_from_bed_202609050129.jpg","type":"image\/jpeg"}],"author":"Gessika Julia Carvalho","twitter_card":"summary_large_image","twitter_misc":{"Escrito por":"Gessika Julia Carvalho","Est. tempo de leitura":"5 minutos"},"schema":{"@context":"https:\/\/schema.org","@graph":[{"@type":"Article","@id":"https:\/\/www.tuasaude.com\/news\/2026\/09\/05\/tontura-ao-levantar-sem-jejum-prolongado-pode-ser-uma-pista-negligenciada-de-queda-de-pressao-ou-desequilibrio-no-ouvido-interno\/#article","isPartOf":{"@id":"https:\/\/www.tuasaude.com\/news\/2026\/09\/05\/tontura-ao-levantar-sem-jejum-prolongado-pode-ser-uma-pista-negligenciada-de-queda-de-pressao-ou-desequilibrio-no-ouvido-interno\/"},"author":{"name":"Gessika Julia Carvalho","@id":"https:\/\/www.tuasaude.com\/news\/#\/schema\/person\/2e9df841be69ec84f5d20ddb8d273ac2"},"headline":"Tontura ao levantar sem jejum prolongado pode ser uma pista negligenciada de queda de press\u00e3o ou desequil\u00edbrio no ouvido interno","datePublished":"2026-09-05T13:35:00+00:00","mainEntityOfPage":{"@id":"https:\/\/www.tuasaude.com\/news\/2026\/09\/05\/tontura-ao-levantar-sem-jejum-prolongado-pode-ser-uma-pista-negligenciada-de-queda-de-pressao-ou-desequilibrio-no-ouvido-interno\/"},"wordCount":825,"commentCount":0,"image":{"@id":"https:\/\/www.tuasaude.com\/news\/2026\/09\/05\/tontura-ao-levantar-sem-jejum-prolongado-pode-ser-uma-pista-negligenciada-de-queda-de-pressao-ou-desequilibrio-no-ouvido-interno\/#primaryimage"},"thumbnailUrl":"https:\/\/www.tuasaude.com\/news\/wp-content\/uploads\/2026\/09\/Woman_rising_from_bed_202609050129.jpg","keywords":["bem-estar","bile","f\u00edgado","sa\u00fade"],"articleSection":["Sa\u00fade"],"inLanguage":"pt-BR","potentialAction":[{"@type":"CommentAction","name":"Comment","target":["https:\/\/www.tuasaude.com\/news\/2026\/09\/05\/tontura-ao-levantar-sem-jejum-prolongado-pode-ser-uma-pista-negligenciada-de-queda-de-pressao-ou-desequilibrio-no-ouvido-interno\/#respond"]}]},{"@type":"WebPage","@id":"https:\/\/www.tuasaude.com\/news\/2026\/09\/05\/tontura-ao-levantar-sem-jejum-prolongado-pode-ser-uma-pista-negligenciada-de-queda-de-pressao-ou-desequilibrio-no-ouvido-interno\/","url":"https:\/\/www.tuasaude.com\/news\/2026\/09\/05\/tontura-ao-levantar-sem-jejum-prolongado-pode-ser-uma-pista-negligenciada-de-queda-de-pressao-ou-desequilibrio-no-ouvido-interno\/","name":"Tontura ao levantar sem jejum prolongado pode ser uma pista negligenciada de queda de press\u00e3o ou desequil\u00edbrio no ouvido interno - Tua Sa\u00fade","isPartOf":{"@id":"https:\/\/www.tuasaude.com\/news\/#website"},"primaryImageOfPage":{"@id":"https:\/\/www.tuasaude.com\/news\/2026\/09\/05\/tontura-ao-levantar-sem-jejum-prolongado-pode-ser-uma-pista-negligenciada-de-queda-de-pressao-ou-desequilibrio-no-ouvido-interno\/#primaryimage"},"image":{"@id":"https:\/\/www.tuasaude.com\/news\/2026\/09\/05\/tontura-ao-levantar-sem-jejum-prolongado-pode-ser-uma-pista-negligenciada-de-queda-de-pressao-ou-desequilibrio-no-ouvido-interno\/#primaryimage"},"thumbnailUrl":"https:\/\/www.tuasaude.com\/news\/wp-content\/uploads\/2026\/09\/Woman_rising_from_bed_202609050129.jpg","datePublished":"2026-09-05T13:35:00+00:00","author":{"@id":"https:\/\/www.tuasaude.com\/news\/#\/schema\/person\/2e9df841be69ec84f5d20ddb8d273ac2"},"description":"Tontura ao sair da cama com vis\u00e3o escurecida pode ter rela\u00e7\u00e3o com queda de press\u00e3o. Entenda como diferenciar esse quadro de altera\u00e7\u00f5es no ouvido interno.","breadcrumb":{"@id":"https:\/\/www.tuasaude.com\/news\/2026\/09\/05\/tontura-ao-levantar-sem-jejum-prolongado-pode-ser-uma-pista-negligenciada-de-queda-de-pressao-ou-desequilibrio-no-ouvido-interno\/#breadcrumb"},"inLanguage":"pt-BR","potentialAction":[{"@type":"ReadAction","target":["https:\/\/www.tuasaude.com\/news\/2026\/09\/05\/tontura-ao-levantar-sem-jejum-prolongado-pode-ser-uma-pista-negligenciada-de-queda-de-pressao-ou-desequilibrio-no-ouvido-interno\/"]}]},{"@type":"ImageObject","inLanguage":"pt-BR","@id":"https:\/\/www.tuasaude.com\/news\/2026\/09\/05\/tontura-ao-levantar-sem-jejum-prolongado-pode-ser-uma-pista-negligenciada-de-queda-de-pressao-ou-desequilibrio-no-ouvido-interno\/#primaryimage","url":"https:\/\/www.tuasaude.com\/news\/wp-content\/uploads\/2026\/09\/Woman_rising_from_bed_202609050129.jpg","contentUrl":"https:\/\/www.tuasaude.com\/news\/wp-content\/uploads\/2026\/09\/Woman_rising_from_bed_202609050129.jpg","width":1280,"height":714,"caption":"A melhor erva para limpar o f\u00edgado e estimular a produ\u00e7\u00e3o de bile naturalmente"},{"@type":"BreadcrumbList","@id":"https:\/\/www.tuasaude.com\/news\/2026\/09\/05\/tontura-ao-levantar-sem-jejum-prolongado-pode-ser-uma-pista-negligenciada-de-queda-de-pressao-ou-desequilibrio-no-ouvido-interno\/#breadcrumb","itemListElement":[{"@type":"ListItem","position":1,"name":"In\u00edcio","item":"https:\/\/www.tuasaude.com\/news\/"},{"@type":"ListItem","position":2,"name":"Tontura ao levantar sem jejum prolongado pode ser uma pista negligenciada de queda de press\u00e3o ou desequil\u00edbrio no ouvido interno"}]},{"@type":"WebSite","@id":"https:\/\/www.tuasaude.com\/news\/#website","url":"https:\/\/www.tuasaude.com\/news\/","name":"Tua Sa\u00fade","description":"Seu site de sa\u00fade","potentialAction":[{"@type":"SearchAction","target":{"@type":"EntryPoint","urlTemplate":"https:\/\/www.tuasaude.com\/news\/?s={search_term_string}"},"query-input":{"@type":"PropertyValueSpecification","valueRequired":true,"valueName":"search_term_string"}}],"inLanguage":"pt-BR"},{"@type":"Person","@id":"https:\/\/www.tuasaude.com\/news\/#\/schema\/person\/2e9df841be69ec84f5d20ddb8d273ac2","name":"Gessika Julia Carvalho","image":{"@type":"ImageObject","inLanguage":"pt-BR","@id":"https:\/\/www.tuasaude.com\/news\/#\/schema\/person\/image\/","url":"https:\/\/secure.gravatar.com\/avatar\/0fcc8769024577fd0bc6a8b766055690f76a8e8f29dfb2a2f89cf04db8d0f2d2?s=96&d=mm&r=g","contentUrl":"https:\/\/secure.gravatar.com\/avatar\/0fcc8769024577fd0bc6a8b766055690f76a8e8f29dfb2a2f89cf04db8d0f2d2?s=96&d=mm&r=g","caption":"Gessika Julia Carvalho"},"sameAs":["https:\/\/www.tuasaude.com\/news\/"],"url":"https:\/\/www.tuasaude.com\/news\/author\/gessika-julia\/"}]}},"_links":{"self":[{"href":"https:\/\/www.tuasaude.com\/news\/wp-json\/wp\/v2\/posts\/108622","targetHints":{"allow":["GET"]}}],"collection":[{"href":"https:\/\/www.tuasaude.com\/news\/wp-json\/wp\/v2\/posts"}],"about":[{"href":"https:\/\/www.tuasaude.com\/news\/wp-json\/wp\/v2\/types\/post"}],"author":[{"embeddable":true,"href":"https:\/\/www.tuasaude.com\/news\/wp-json\/wp\/v2\/users\/11"}],"replies":[{"embeddable":true,"href":"https:\/\/www.tuasaude.com\/news\/wp-json\/wp\/v2\/comments?post=108622"}],"version-history":[{"count":2,"href":"https:\/\/www.tuasaude.com\/news\/wp-json\/wp\/v2\/posts\/108622\/revisions"}],"predecessor-version":[{"id":108635,"href":"https:\/\/www.tuasaude.com\/news\/wp-json\/wp\/v2\/posts\/108622\/revisions\/108635"}],"wp:featuredmedia":[{"embeddable":true,"href":"https:\/\/www.tuasaude.com\/news\/wp-json\/wp\/v2\/media\/108626"}],"wp:attachment":[{"href":"https:\/\/www.tuasaude.com\/news\/wp-json\/wp\/v2\/media?parent=108622"}],"wp:term":[{"taxonomy":"category","embeddable":true,"href":"https:\/\/www.tuasaude.com\/news\/wp-json\/wp\/v2\/categories?post=108622"},{"taxonomy":"post_tag","embeddable":true,"href":"https:\/\/www.tuasaude.com\/news\/wp-json\/wp\/v2\/tags?post=108622"}],"curies":[{"name":"wp","href":"https:\/\/api.w.org\/{rel}","templated":true}]}}