{"id":108598,"date":"2026-09-05T09:55:00","date_gmt":"2026-09-05T12:55:00","guid":{"rendered":"https:\/\/www.tuasaude.com\/news\/?p=108598"},"modified":"2026-09-05T01:25:22","modified_gmt":"2026-09-05T04:25:22","slug":"falta-de-apetite-sem-quadro-gripal-pode-ser-um-indicio-esquecido-de-alteracao-no-figado-ou-em-quadros-depressivos","status":"publish","type":"post","link":"https:\/\/www.tuasaude.com\/news\/2026\/09\/05\/falta-de-apetite-sem-quadro-gripal-pode-ser-um-indicio-esquecido-de-alteracao-no-figado-ou-em-quadros-depressivos\/","title":{"rendered":"Falta de apetite sem quadro gripal pode ser um ind\u00edcio esquecido de altera\u00e7\u00e3o no f\u00edgado ou em quadros depressivos"},"content":{"rendered":"\n<p class=\"wp-block-paragraph\">Perder a vontade de comer sem estar gripado ou com uma virose parece um sintoma banal, mas pode revelar altera\u00e7\u00f5es importantes no organismo. O f\u00edgado inflamado, o uso de medicamentos hepatot\u00f3xicos e quadros depressivos est\u00e3o entre as causas mais subestimadas dessa queda de apetite. Reconhecer quando esse sinal deixa de ser passageiro e passa a merecer avalia\u00e7\u00e3o m\u00e9dica \u00e9 essencial para identificar precocemente doen\u00e7as que costumam evoluir de forma silenciosa.<\/p>\n\n\n\n<h2 class=\"wp-block-heading\">Por que a falta de apetite pode indicar problema no f\u00edgado?<\/h2>\n\n\n\n<p class=\"wp-block-paragraph\">O f\u00edgado participa da digest\u00e3o, do metabolismo dos nutrientes e da elimina\u00e7\u00e3o de toxinas, e quando est\u00e1 inflamado, envia sinais como perda de apetite, n\u00e1usea e desconforto abdominal. Hepatites virais, hepatite medicamentosa, esteatose hep\u00e1tica e cirrose podem se manifestar inicialmente apenas com essa recusa alimentar.<\/p>\n\n\n\n<p class=\"wp-block-paragraph\">Nas fases iniciais, a queda de apetite costuma vir acompanhada de cansa\u00e7o, sensa\u00e7\u00e3o de peso no lado direito da barriga, n\u00e1useas leves e altera\u00e7\u00f5es discretas na urina, sem necessariamente ter icter\u00edcia. Exames como o <a href=\"https:\/\/www.tuasaude.com\/tgp-alto\/\" target=\"_blank\" rel=\"noreferrer noopener\">TGP alto<\/a> podem sinalizar les\u00e3o hep\u00e1tica antes mesmo do aparecimento dos sintomas mais evidentes.<\/p>\n\n\n\n<h2 class=\"wp-block-heading\">Como as hepatites virais afetam o apetite?<\/h2>\n\n\n\n<p class=\"wp-block-paragraph\">As hepatites virais provocam inflama\u00e7\u00e3o nas c\u00e9lulas do f\u00edgado e podem permanecer silenciosas por semanas ou meses antes que sintomas mais claros apare\u00e7am. A falta de apetite costuma ser um dos primeiros sinais, junto com cansa\u00e7o, mal-estar e enjoo.<\/p>\n\n\n\n<p class=\"wp-block-paragraph\">A <a href=\"https:\/\/www.tuasaude.com\/hepatite-viral\/\" target=\"_blank\" rel=\"noreferrer noopener\">hepatite viral<\/a> pode ser causada pelos v\u00edrus A, B, C, D ou E, com formas de transmiss\u00e3o e evolu\u00e7\u00e3o diferentes. Em muitos casos, o diagn\u00f3stico s\u00f3 acontece em exames de rotina, quando altera\u00e7\u00f5es nas enzimas hep\u00e1ticas chamam aten\u00e7\u00e3o do m\u00e9dico.<\/p>\n\n\n<div class=\"wp-block-image\">\n<figure class=\"aligncenter size-large\"><img decoding=\"async\" width=\"1024\" height=\"571\" src=\"https:\/\/www.tuasaude.com\/news\/wp-content\/uploads\/2026\/09\/Infographic_about_persistent_app\u2026_202609050124-1024x571.jpg\" alt=\"F\u00edgado, humor, medicamentos e sinais associados ajudam a investigar a falta de apetite.\" class=\"wp-image-108614\" srcset=\"https:\/\/www.tuasaude.com\/news\/wp-content\/uploads\/2026\/09\/Infographic_about_persistent_app\u2026_202609050124-1024x571.jpg 1024w, https:\/\/www.tuasaude.com\/news\/wp-content\/uploads\/2026\/09\/Infographic_about_persistent_app\u2026_202609050124-300x167.jpg 300w, https:\/\/www.tuasaude.com\/news\/wp-content\/uploads\/2026\/09\/Infographic_about_persistent_app\u2026_202609050124-768x428.jpg 768w, https:\/\/www.tuasaude.com\/news\/wp-content\/uploads\/2026\/09\/Infographic_about_persistent_app\u2026_202609050124-750x418.jpg 750w, https:\/\/www.tuasaude.com\/news\/wp-content\/uploads\/2026\/09\/Infographic_about_persistent_app\u2026_202609050124-1140x636.jpg 1140w, https:\/\/www.tuasaude.com\/news\/wp-content\/uploads\/2026\/09\/Infographic_about_persistent_app\u2026_202609050124.jpg 1280w\" sizes=\"(max-width: 1024px) 100vw, 1024px\" \/><figcaption class=\"wp-element-caption\">F\u00edgado, humor, medicamentos e sinais associados ajudam a investigar a falta de apetite.<\/figcaption><\/figure>\n<\/div>\n\n\n<h2 class=\"wp-block-heading\">Quais medicamentos podem prejudicar o f\u00edgado e reduzir o apetite?<\/h2>\n\n\n\n<p class=\"wp-block-paragraph\">O uso frequente ou em altas doses de certos medicamentos pode sobrecarregar o f\u00edgado e provocar o quadro chamado de hepatite medicamentosa. Entre os principais est\u00e3o:<\/p>\n\n\n\n<ul class=\"wp-block-list\">\n<li><strong>Paracetamol em doses elevadas<\/strong>, principalmente quando associado ao consumo de \u00e1lcool.<\/li>\n\n\n\n<li><strong>Anti-inflamat\u00f3rios n\u00e3o esteroides<\/strong> como diclofenaco, nimesulida e ibuprofeno usados por longos per\u00edodos.<\/li>\n\n\n\n<li><strong>Antibi\u00f3ticos<\/strong> como amoxicilina com clavulanato, sulfametoxazol e trimetoprima.<\/li>\n\n\n\n<li><strong>Estatinas<\/strong> usadas para controle do colesterol, especialmente em doses altas.<\/li>\n\n\n\n<li><strong>Antif\u00fangicos orais<\/strong> como cetoconazol e fluconazol.<\/li>\n\n\n\n<li><strong>Anticonvulsivantes<\/strong> como fenito\u00edna, valproato e carbamazepina.<\/li>\n\n\n\n<li><strong>Suplementos e ch\u00e1s<\/strong> vendidos sem prescri\u00e7\u00e3o, incluindo alguns fitoter\u00e1picos.<\/li>\n<\/ul>\n\n\n\n<h2 class=\"wp-block-heading\">O que a ci\u00eancia revela sobre a rela\u00e7\u00e3o entre depress\u00e3o e apetite?<\/h2>\n\n\n\n<p class=\"wp-block-paragraph\">A perda de interesse pela comida \u00e9 um dos sintomas centrais da depress\u00e3o e est\u00e1 diretamente relacionada a altera\u00e7\u00f5es no c\u00e9rebro. Segundo o estudo <a href=\"https:\/\/pubmed.ncbi.nlm.nih.gov\/26806872\/\" target=\"_blank\" rel=\"noreferrer noopener\">Depression-Related Increases and Decreases in Appetite<\/a>, publicado no American Journal of Psychiatry, a queda de apetite associada \u00e0 depress\u00e3o est\u00e1 ligada \u00e0 hipoativa\u00e7\u00e3o de regi\u00f5es da \u00ednsula, \u00e1rea do c\u00e9rebro respons\u00e1vel por monitorar sinais internos do corpo, como fome e saciedade.<\/p>\n\n\n\n<p class=\"wp-block-paragraph\">A pesquisa mostra que essa altera\u00e7\u00e3o neural explica por que muitas pessoas deprimidas simplesmente deixam de sentir prazer em comer, mesmo diante de alimentos que antes apreciavam. Reconhecer essa rela\u00e7\u00e3o \u00e9 fundamental para buscar avalia\u00e7\u00e3o psiqui\u00e1trica quando a perda de apetite vem acompanhada de tristeza persistente, des\u00e2nimo e outros <a href=\"https:\/\/www.tuasaude.com\/depressao\/\" target=\"_blank\" rel=\"noreferrer noopener\">sinais de depress\u00e3o<\/a>.<\/p>\n\n\n<div class=\"wp-block-image\">\n<figure class=\"aligncenter size-large\"><img decoding=\"async\" width=\"1024\" height=\"571\" src=\"https:\/\/www.tuasaude.com\/news\/wp-content\/uploads\/2026\/09\/Man_sitting_at_breakfast_table_202609050124-1024x571.jpg\" alt=\"Falta de apetite persistente pode estar ligada ao f\u00edgado ou \u00e0 depress\u00e3o.\" class=\"wp-image-108615\" srcset=\"https:\/\/www.tuasaude.com\/news\/wp-content\/uploads\/2026\/09\/Man_sitting_at_breakfast_table_202609050124-1024x571.jpg 1024w, https:\/\/www.tuasaude.com\/news\/wp-content\/uploads\/2026\/09\/Man_sitting_at_breakfast_table_202609050124-300x167.jpg 300w, https:\/\/www.tuasaude.com\/news\/wp-content\/uploads\/2026\/09\/Man_sitting_at_breakfast_table_202609050124-768x428.jpg 768w, https:\/\/www.tuasaude.com\/news\/wp-content\/uploads\/2026\/09\/Man_sitting_at_breakfast_table_202609050124-750x418.jpg 750w, https:\/\/www.tuasaude.com\/news\/wp-content\/uploads\/2026\/09\/Man_sitting_at_breakfast_table_202609050124-1140x636.jpg 1140w, https:\/\/www.tuasaude.com\/news\/wp-content\/uploads\/2026\/09\/Man_sitting_at_breakfast_table_202609050124.jpg 1280w\" sizes=\"(max-width: 1024px) 100vw, 1024px\" \/><figcaption class=\"wp-element-caption\">Falta de apetite persistente pode estar ligada ao f\u00edgado ou \u00e0 depress\u00e3o.<\/figcaption><\/figure>\n<\/div>\n\n\n<h2 class=\"wp-block-heading\">Quando procurar avalia\u00e7\u00e3o m\u00e9dica?<\/h2>\n\n\n\n<p class=\"wp-block-paragraph\">A queda de apetite passageira raramente \u00e9 preocupante, mas alguns sinais indicam que \u00e9 hora de investigar. Procure orienta\u00e7\u00e3o m\u00e9dica nas seguintes situa\u00e7\u00f5es:<\/p>\n\n\n\n<ol class=\"wp-block-list\">\n<li>Perda de apetite que dura mais de duas semanas sem causa evidente.<\/li>\n\n\n\n<li>Emagrecimento involunt\u00e1rio de mais de 5% do peso corporal em poucos meses.<\/li>\n\n\n\n<li>Cansa\u00e7o extremo, n\u00e1useas ou dor no lado direito do abdome.<\/li>\n\n\n\n<li>Pele ou olhos amarelados, urina escura ou fezes esbranqui\u00e7adas.<\/li>\n\n\n\n<li>Tristeza persistente, des\u00e2nimo ou perda de interesse por atividades prazerosas.<\/li>\n\n\n\n<li>Uso cont\u00ednuo de medicamentos que podem afetar o f\u00edgado.<\/li>\n<\/ol>\n\n\n\n<p class=\"wp-block-paragraph\">Exames simples de sangue, como hemograma, avalia\u00e7\u00e3o das enzimas hep\u00e1ticas e fun\u00e7\u00e3o renal, ajudam a orientar o diagn\u00f3stico. O acompanhamento com cl\u00ednico geral, hepatologista ou psiquiatra permite identificar a causa real do sintoma e iniciar o tratamento adequado.<\/p>\n\n\n\n<p class=\"wp-block-paragraph\"><em>Este conte\u00fado tem car\u00e1ter apenas informativo e n\u00e3o substitui a avalia\u00e7\u00e3o m\u00e9dica. Em caso de sintomas ou d\u00favidas sobre sua sa\u00fade, procure um profissional qualificado para diagn\u00f3stico e tratamento adequados.<\/em><\/p>\n","protected":false},"excerpt":{"rendered":"<p>Perder a vontade de comer sem estar gripado ou com uma virose parece um sintoma banal, mas pode revelar altera\u00e7\u00f5es importantes no organismo. O f\u00edgado inflamado, o uso de medicamentos hepatot\u00f3xicos e quadros depressivos est\u00e3o entre as causas mais subestimadas dessa queda de apetite. Reconhecer quando esse sinal deixa de ser passageiro e passa a [&hellip;]<\/p>\n","protected":false},"author":11,"featured_media":108613,"comment_status":"open","ping_status":"open","sticky":false,"template":"","format":"standard","meta":{"_yoast_wpseo_focuskw":"apetite","_yoast_wpseo_title":"","_yoast_wpseo_metadesc":"Falta de apetite por mais de duas semanas merece aten\u00e7\u00e3o. Entenda como altera\u00e7\u00f5es no f\u00edgado, medicamentos e depress\u00e3o podem estar ligadas ao sintoma.","jnews-multi-image_gallery":[],"jnews_single_post":{"format":"standard"},"jnews_primary_category":[],"jnews_social_meta":[],"jnews_override_counter":[],"footnotes":""},"categories":[111],"tags":[1422,302,800,146],"class_list":["post-108598","post","type-post","status-publish","format-standard","has-post-thumbnail","hentry","category-saude","tag-apetite","tag-depressao","tag-figado","tag-gripe"],"yoast_head":"<!-- This site is optimized with the Yoast SEO plugin v26.7 - https:\/\/yoast.com\/wordpress\/plugins\/seo\/ -->\n<title>Falta de apetite sem quadro gripal pode ser um ind\u00edcio esquecido de altera\u00e7\u00e3o no f\u00edgado ou em quadros depressivos - Tua Sa\u00fade<\/title>\n<meta name=\"description\" content=\"Falta de apetite por mais de duas semanas merece aten\u00e7\u00e3o. Entenda como altera\u00e7\u00f5es no f\u00edgado, medicamentos e depress\u00e3o podem estar ligadas ao sintoma.\" \/>\n<meta name=\"robots\" content=\"index, follow, max-snippet:-1, max-image-preview:large, max-video-preview:-1\" \/>\n<link rel=\"canonical\" href=\"https:\/\/www.tuasaude.com\/news\/2026\/09\/05\/falta-de-apetite-sem-quadro-gripal-pode-ser-um-indicio-esquecido-de-alteracao-no-figado-ou-em-quadros-depressivos\/\" \/>\n<meta property=\"og:locale\" content=\"pt_BR\" \/>\n<meta property=\"og:type\" content=\"article\" \/>\n<meta property=\"og:title\" content=\"Falta de apetite sem quadro gripal pode ser um ind\u00edcio esquecido de altera\u00e7\u00e3o no f\u00edgado ou em quadros depressivos - Tua Sa\u00fade\" \/>\n<meta property=\"og:description\" content=\"Falta de apetite por mais de duas semanas merece aten\u00e7\u00e3o. Entenda como altera\u00e7\u00f5es no f\u00edgado, medicamentos e depress\u00e3o podem estar ligadas ao sintoma.\" \/>\n<meta property=\"og:url\" content=\"https:\/\/www.tuasaude.com\/news\/2026\/09\/05\/falta-de-apetite-sem-quadro-gripal-pode-ser-um-indicio-esquecido-de-alteracao-no-figado-ou-em-quadros-depressivos\/\" \/>\n<meta property=\"og:site_name\" content=\"Tua Sa\u00fade\" \/>\n<meta property=\"article:published_time\" content=\"2026-09-05T12:55:00+00:00\" \/>\n<meta property=\"og:image\" content=\"https:\/\/www.tuasaude.com\/news\/wp-content\/uploads\/2026\/09\/Woman_sitting_at_dining_table_202609050124.jpg\" \/>\n\t<meta property=\"og:image:width\" content=\"1280\" \/>\n\t<meta property=\"og:image:height\" content=\"714\" \/>\n\t<meta property=\"og:image:type\" content=\"image\/jpeg\" \/>\n<meta name=\"author\" content=\"Gessika Julia Carvalho\" \/>\n<meta name=\"twitter:card\" content=\"summary_large_image\" \/>\n<meta name=\"twitter:label1\" content=\"Escrito por\" \/>\n\t<meta name=\"twitter:data1\" content=\"Gessika Julia Carvalho\" \/>\n\t<meta name=\"twitter:label2\" content=\"Est. tempo de leitura\" \/>\n\t<meta name=\"twitter:data2\" content=\"5 minutos\" \/>\n<!-- \/ Yoast SEO plugin. -->","yoast_head_json":{"title":"Falta de apetite sem quadro gripal pode ser um ind\u00edcio esquecido de altera\u00e7\u00e3o no f\u00edgado ou em quadros depressivos - Tua Sa\u00fade","description":"Falta de apetite por mais de duas semanas merece aten\u00e7\u00e3o. Entenda como altera\u00e7\u00f5es no f\u00edgado, medicamentos e depress\u00e3o podem estar ligadas ao sintoma.","robots":{"index":"index","follow":"follow","max-snippet":"max-snippet:-1","max-image-preview":"max-image-preview:large","max-video-preview":"max-video-preview:-1"},"canonical":"https:\/\/www.tuasaude.com\/news\/2026\/09\/05\/falta-de-apetite-sem-quadro-gripal-pode-ser-um-indicio-esquecido-de-alteracao-no-figado-ou-em-quadros-depressivos\/","og_locale":"pt_BR","og_type":"article","og_title":"Falta de apetite sem quadro gripal pode ser um ind\u00edcio esquecido de altera\u00e7\u00e3o no f\u00edgado ou em quadros depressivos - Tua Sa\u00fade","og_description":"Falta de apetite por mais de duas semanas merece aten\u00e7\u00e3o. Entenda como altera\u00e7\u00f5es no f\u00edgado, medicamentos e depress\u00e3o podem estar ligadas ao sintoma.","og_url":"https:\/\/www.tuasaude.com\/news\/2026\/09\/05\/falta-de-apetite-sem-quadro-gripal-pode-ser-um-indicio-esquecido-de-alteracao-no-figado-ou-em-quadros-depressivos\/","og_site_name":"Tua Sa\u00fade","article_published_time":"2026-09-05T12:55:00+00:00","og_image":[{"width":1280,"height":714,"url":"https:\/\/www.tuasaude.com\/news\/wp-content\/uploads\/2026\/09\/Woman_sitting_at_dining_table_202609050124.jpg","type":"image\/jpeg"}],"author":"Gessika Julia Carvalho","twitter_card":"summary_large_image","twitter_misc":{"Escrito por":"Gessika Julia Carvalho","Est. tempo de leitura":"5 minutos"},"schema":{"@context":"https:\/\/schema.org","@graph":[{"@type":"Article","@id":"https:\/\/www.tuasaude.com\/news\/2026\/09\/05\/falta-de-apetite-sem-quadro-gripal-pode-ser-um-indicio-esquecido-de-alteracao-no-figado-ou-em-quadros-depressivos\/#article","isPartOf":{"@id":"https:\/\/www.tuasaude.com\/news\/2026\/09\/05\/falta-de-apetite-sem-quadro-gripal-pode-ser-um-indicio-esquecido-de-alteracao-no-figado-ou-em-quadros-depressivos\/"},"author":{"name":"Gessika Julia Carvalho","@id":"https:\/\/www.tuasaude.com\/news\/#\/schema\/person\/2e9df841be69ec84f5d20ddb8d273ac2"},"headline":"Falta de apetite sem quadro gripal pode ser um ind\u00edcio esquecido de altera\u00e7\u00e3o no f\u00edgado ou em quadros depressivos","datePublished":"2026-09-05T12:55:00+00:00","mainEntityOfPage":{"@id":"https:\/\/www.tuasaude.com\/news\/2026\/09\/05\/falta-de-apetite-sem-quadro-gripal-pode-ser-um-indicio-esquecido-de-alteracao-no-figado-ou-em-quadros-depressivos\/"},"wordCount":773,"commentCount":0,"image":{"@id":"https:\/\/www.tuasaude.com\/news\/2026\/09\/05\/falta-de-apetite-sem-quadro-gripal-pode-ser-um-indicio-esquecido-de-alteracao-no-figado-ou-em-quadros-depressivos\/#primaryimage"},"thumbnailUrl":"https:\/\/www.tuasaude.com\/news\/wp-content\/uploads\/2026\/09\/Woman_sitting_at_dining_table_202609050124.jpg","keywords":["apetite","depress\u00e3o","f\u00edgado","gripe"],"articleSection":["Sa\u00fade"],"inLanguage":"pt-BR","potentialAction":[{"@type":"CommentAction","name":"Comment","target":["https:\/\/www.tuasaude.com\/news\/2026\/09\/05\/falta-de-apetite-sem-quadro-gripal-pode-ser-um-indicio-esquecido-de-alteracao-no-figado-ou-em-quadros-depressivos\/#respond"]}]},{"@type":"WebPage","@id":"https:\/\/www.tuasaude.com\/news\/2026\/09\/05\/falta-de-apetite-sem-quadro-gripal-pode-ser-um-indicio-esquecido-de-alteracao-no-figado-ou-em-quadros-depressivos\/","url":"https:\/\/www.tuasaude.com\/news\/2026\/09\/05\/falta-de-apetite-sem-quadro-gripal-pode-ser-um-indicio-esquecido-de-alteracao-no-figado-ou-em-quadros-depressivos\/","name":"Falta de apetite sem quadro gripal pode ser um ind\u00edcio esquecido de altera\u00e7\u00e3o no f\u00edgado ou em quadros depressivos - Tua Sa\u00fade","isPartOf":{"@id":"https:\/\/www.tuasaude.com\/news\/#website"},"primaryImageOfPage":{"@id":"https:\/\/www.tuasaude.com\/news\/2026\/09\/05\/falta-de-apetite-sem-quadro-gripal-pode-ser-um-indicio-esquecido-de-alteracao-no-figado-ou-em-quadros-depressivos\/#primaryimage"},"image":{"@id":"https:\/\/www.tuasaude.com\/news\/2026\/09\/05\/falta-de-apetite-sem-quadro-gripal-pode-ser-um-indicio-esquecido-de-alteracao-no-figado-ou-em-quadros-depressivos\/#primaryimage"},"thumbnailUrl":"https:\/\/www.tuasaude.com\/news\/wp-content\/uploads\/2026\/09\/Woman_sitting_at_dining_table_202609050124.jpg","datePublished":"2026-09-05T12:55:00+00:00","author":{"@id":"https:\/\/www.tuasaude.com\/news\/#\/schema\/person\/2e9df841be69ec84f5d20ddb8d273ac2"},"description":"Falta de apetite por mais de duas semanas merece aten\u00e7\u00e3o. Entenda como altera\u00e7\u00f5es no f\u00edgado, medicamentos e depress\u00e3o podem estar ligadas ao sintoma.","breadcrumb":{"@id":"https:\/\/www.tuasaude.com\/news\/2026\/09\/05\/falta-de-apetite-sem-quadro-gripal-pode-ser-um-indicio-esquecido-de-alteracao-no-figado-ou-em-quadros-depressivos\/#breadcrumb"},"inLanguage":"pt-BR","potentialAction":[{"@type":"ReadAction","target":["https:\/\/www.tuasaude.com\/news\/2026\/09\/05\/falta-de-apetite-sem-quadro-gripal-pode-ser-um-indicio-esquecido-de-alteracao-no-figado-ou-em-quadros-depressivos\/"]}]},{"@type":"ImageObject","inLanguage":"pt-BR","@id":"https:\/\/www.tuasaude.com\/news\/2026\/09\/05\/falta-de-apetite-sem-quadro-gripal-pode-ser-um-indicio-esquecido-de-alteracao-no-figado-ou-em-quadros-depressivos\/#primaryimage","url":"https:\/\/www.tuasaude.com\/news\/wp-content\/uploads\/2026\/09\/Woman_sitting_at_dining_table_202609050124.jpg","contentUrl":"https:\/\/www.tuasaude.com\/news\/wp-content\/uploads\/2026\/09\/Woman_sitting_at_dining_table_202609050124.jpg","width":1280,"height":714,"caption":"Falta de apetite sem quadro gripal pode ser um ind\u00edcio esquecido de altera\u00e7\u00e3o no f\u00edgado ou em quadros depressivos"},{"@type":"BreadcrumbList","@id":"https:\/\/www.tuasaude.com\/news\/2026\/09\/05\/falta-de-apetite-sem-quadro-gripal-pode-ser-um-indicio-esquecido-de-alteracao-no-figado-ou-em-quadros-depressivos\/#breadcrumb","itemListElement":[{"@type":"ListItem","position":1,"name":"In\u00edcio","item":"https:\/\/www.tuasaude.com\/news\/"},{"@type":"ListItem","position":2,"name":"Falta de apetite sem quadro gripal pode ser um ind\u00edcio esquecido de altera\u00e7\u00e3o no f\u00edgado ou em quadros depressivos"}]},{"@type":"WebSite","@id":"https:\/\/www.tuasaude.com\/news\/#website","url":"https:\/\/www.tuasaude.com\/news\/","name":"Tua Sa\u00fade","description":"Seu site de sa\u00fade","potentialAction":[{"@type":"SearchAction","target":{"@type":"EntryPoint","urlTemplate":"https:\/\/www.tuasaude.com\/news\/?s={search_term_string}"},"query-input":{"@type":"PropertyValueSpecification","valueRequired":true,"valueName":"search_term_string"}}],"inLanguage":"pt-BR"},{"@type":"Person","@id":"https:\/\/www.tuasaude.com\/news\/#\/schema\/person\/2e9df841be69ec84f5d20ddb8d273ac2","name":"Gessika Julia Carvalho","image":{"@type":"ImageObject","inLanguage":"pt-BR","@id":"https:\/\/www.tuasaude.com\/news\/#\/schema\/person\/image\/","url":"https:\/\/secure.gravatar.com\/avatar\/0fcc8769024577fd0bc6a8b766055690f76a8e8f29dfb2a2f89cf04db8d0f2d2?s=96&d=mm&r=g","contentUrl":"https:\/\/secure.gravatar.com\/avatar\/0fcc8769024577fd0bc6a8b766055690f76a8e8f29dfb2a2f89cf04db8d0f2d2?s=96&d=mm&r=g","caption":"Gessika Julia Carvalho"},"sameAs":["https:\/\/www.tuasaude.com\/news\/"],"url":"https:\/\/www.tuasaude.com\/news\/author\/gessika-julia\/"}]}},"_links":{"self":[{"href":"https:\/\/www.tuasaude.com\/news\/wp-json\/wp\/v2\/posts\/108598","targetHints":{"allow":["GET"]}}],"collection":[{"href":"https:\/\/www.tuasaude.com\/news\/wp-json\/wp\/v2\/posts"}],"about":[{"href":"https:\/\/www.tuasaude.com\/news\/wp-json\/wp\/v2\/types\/post"}],"author":[{"embeddable":true,"href":"https:\/\/www.tuasaude.com\/news\/wp-json\/wp\/v2\/users\/11"}],"replies":[{"embeddable":true,"href":"https:\/\/www.tuasaude.com\/news\/wp-json\/wp\/v2\/comments?post=108598"}],"version-history":[{"count":1,"href":"https:\/\/www.tuasaude.com\/news\/wp-json\/wp\/v2\/posts\/108598\/revisions"}],"predecessor-version":[{"id":108616,"href":"https:\/\/www.tuasaude.com\/news\/wp-json\/wp\/v2\/posts\/108598\/revisions\/108616"}],"wp:featuredmedia":[{"embeddable":true,"href":"https:\/\/www.tuasaude.com\/news\/wp-json\/wp\/v2\/media\/108613"}],"wp:attachment":[{"href":"https:\/\/www.tuasaude.com\/news\/wp-json\/wp\/v2\/media?parent=108598"}],"wp:term":[{"taxonomy":"category","embeddable":true,"href":"https:\/\/www.tuasaude.com\/news\/wp-json\/wp\/v2\/categories?post=108598"},{"taxonomy":"post_tag","embeddable":true,"href":"https:\/\/www.tuasaude.com\/news\/wp-json\/wp\/v2\/tags?post=108598"}],"curies":[{"name":"wp","href":"https:\/\/api.w.org\/{rel}","templated":true}]}}