{"id":108581,"date":"2026-09-05T07:35:00","date_gmt":"2026-09-05T10:35:00","guid":{"rendered":"https:\/\/www.tuasaude.com\/news\/?p=108581"},"modified":"2026-09-05T01:10:52","modified_gmt":"2026-09-05T04:10:52","slug":"os-gases-em-excesso-durante-o-dia-nao-vem-apenas-de-feijao-ou-refrigerante-mas-com-frequencia-de-desequilibrio-da-flora-intestinal-e-ma-absorcao-de-carboidratos-fermentaveis","status":"publish","type":"post","link":"https:\/\/www.tuasaude.com\/news\/2026\/09\/05\/os-gases-em-excesso-durante-o-dia-nao-vem-apenas-de-feijao-ou-refrigerante-mas-com-frequencia-de-desequilibrio-da-flora-intestinal-e-ma-absorcao-de-carboidratos-fermentaveis\/","title":{"rendered":"Os gases em excesso durante o dia n\u00e3o v\u00eam apenas de feij\u00e3o ou refrigerante, mas com frequ\u00eancia de desequil\u00edbrio da flora intestinal e m\u00e1 absor\u00e7\u00e3o de carboidratos ferment\u00e1veis"},"content":{"rendered":"\n<p class=\"wp-block-paragraph\">Ter gases \u00e9 um processo natural da digest\u00e3o, mas quando surgem em quantidade elevada e v\u00eam acompanhados de desconforto, o problema costuma ir al\u00e9m do que se comeu no almo\u00e7o. Al\u00e9m de feij\u00e3o e bebidas gaseificadas, o excesso de gases durante o dia frequentemente reflete um desequil\u00edbrio da flora intestinal ou dificuldade do organismo em absorver certos carboidratos ferment\u00e1veis. Reconhecer a origem correta \u00e9 o primeiro passo para reduzir o incha\u00e7o e recuperar o bem-estar digestivo.<\/p>\n\n\n\n<h2 class=\"wp-block-heading\">Por que os gases aumentam ao longo do dia?<\/h2>\n\n\n\n<p class=\"wp-block-paragraph\">Os gases se formam quando bact\u00e9rias intestinais fermentam restos de alimentos que n\u00e3o foram totalmente digeridos no intestino delgado. Esse processo \u00e9 normal, mas se intensifica quando h\u00e1 altera\u00e7\u00f5es na microbiota ou consumo elevado de alimentos altamente ferment\u00e1veis.<\/p>\n\n\n\n<p class=\"wp-block-paragraph\">Fatores como estresse, uso frequente de antibi\u00f3ticos, sedentarismo e m\u00e1 qualidade do sono tamb\u00e9m interferem na produ\u00e7\u00e3o de gases. Por isso, o quadro tende a piorar em rotinas desequilibradas, mesmo com alimenta\u00e7\u00e3o aparentemente saud\u00e1vel.<\/p>\n\n\n\n<h2 class=\"wp-block-heading\">O que \u00e9 disbiose intestinal?<\/h2>\n\n\n\n<p class=\"wp-block-paragraph\">A disbiose \u00e9 o desequil\u00edbrio entre bact\u00e9rias ben\u00e9ficas e prejudiciais que habitam o intestino. Esse desajuste compromete a digest\u00e3o, aumenta a fermenta\u00e7\u00e3o de res\u00edduos alimentares e favorece a produ\u00e7\u00e3o excessiva de gases.<\/p>\n\n\n\n<p class=\"wp-block-paragraph\">Al\u00e9m do incha\u00e7o, esse desequil\u00edbrio pode causar diarreia, pris\u00e3o de ventre e queda de imunidade. Reconhecer os sintomas de <a href=\"https:\/\/www.tuasaude.com\/disbiose-intestinal-sintomas\/\" target=\"_blank\" rel=\"noreferrer noopener\">disbiose intestinal<\/a> \u00e9 fundamental para buscar avalia\u00e7\u00e3o m\u00e9dica e evitar tratamentos por conta pr\u00f3pria.<\/p>\n\n\n<div class=\"wp-block-image\">\n<figure class=\"aligncenter size-large\"><img decoding=\"async\" width=\"1024\" height=\"571\" src=\"https:\/\/www.tuasaude.com\/news\/wp-content\/uploads\/2026\/09\/Medical_infographic_about_excess\u2026_202609050109-1024x571.jpg\" alt=\"Mastiga\u00e7\u00e3o, por\u00e7\u00f5es, fibras e estresse influenciam fermenta\u00e7\u00e3o e produ\u00e7\u00e3o excessiva de gases.\" class=\"wp-image-108585\" srcset=\"https:\/\/www.tuasaude.com\/news\/wp-content\/uploads\/2026\/09\/Medical_infographic_about_excess\u2026_202609050109-1024x571.jpg 1024w, https:\/\/www.tuasaude.com\/news\/wp-content\/uploads\/2026\/09\/Medical_infographic_about_excess\u2026_202609050109-300x167.jpg 300w, https:\/\/www.tuasaude.com\/news\/wp-content\/uploads\/2026\/09\/Medical_infographic_about_excess\u2026_202609050109-768x428.jpg 768w, https:\/\/www.tuasaude.com\/news\/wp-content\/uploads\/2026\/09\/Medical_infographic_about_excess\u2026_202609050109-750x418.jpg 750w, https:\/\/www.tuasaude.com\/news\/wp-content\/uploads\/2026\/09\/Medical_infographic_about_excess\u2026_202609050109-1140x636.jpg 1140w, https:\/\/www.tuasaude.com\/news\/wp-content\/uploads\/2026\/09\/Medical_infographic_about_excess\u2026_202609050109.jpg 1280w\" sizes=\"(max-width: 1024px) 100vw, 1024px\" \/><figcaption class=\"wp-element-caption\">Mastiga\u00e7\u00e3o, por\u00e7\u00f5es, fibras e estresse influenciam fermenta\u00e7\u00e3o e produ\u00e7\u00e3o excessiva de gases.<\/figcaption><\/figure>\n<\/div>\n\n\n<h2 class=\"wp-block-heading\">Como intoler\u00e2ncia \u00e0 lactose e FODMAPs afetam o intestino?<\/h2>\n\n\n\n<p class=\"wp-block-paragraph\">A intoler\u00e2ncia \u00e0 lactose ocorre quando o organismo produz pouca lactase, enzima respons\u00e1vel por digerir o a\u00e7\u00facar do leite. Sem essa quebra adequada, a lactose chega ao c\u00f3lon e \u00e9 fermentada por bact\u00e9rias, gerando gases, c\u00f3licas e distens\u00e3o abdominal.<\/p>\n\n\n\n<p class=\"wp-block-paragraph\">J\u00e1 os FODMAPs s\u00e3o carboidratos de cadeia curta, presentes em alimentos como cebola, alho, trigo e certas frutas, que fermentam rapidamente no intestino. Em pessoas sens\u00edveis, esses compostos causam sintomas parecidos com os da <a href=\"https:\/\/www.tuasaude.com\/intolerancia-a-lactose\/\" target=\"_blank\" rel=\"noreferrer noopener\">intoler\u00e2ncia \u00e0 lactose<\/a>, mesmo sem envolver leite.<\/p>\n\n\n\n<h2 class=\"wp-block-heading\">O que a ci\u00eancia diz sobre lactose e sintomas digestivos?<\/h2>\n\n\n\n<p class=\"wp-block-paragraph\">A rela\u00e7\u00e3o entre m\u00e1 absor\u00e7\u00e3o de carboidratos e desconforto intestinal j\u00e1 foi amplamente investigada em pesquisas cl\u00ednicas. Segundo a revis\u00e3o <a href=\"https:\/\/pmc.ncbi.nlm.nih.gov\/articles\/PMC4586575\/\" target=\"_blank\" rel=\"noreferrer noopener\">Lactose Intolerance in Adults<\/a>, publicada na revista Nutrients e indexada no PubMed Central, pelo menos metade dos pacientes com s\u00edndrome do intestino irrit\u00e1vel apresenta intoler\u00e2ncia \u00e0 lactose e se beneficia da combina\u00e7\u00e3o entre restri\u00e7\u00e3o de lactose e dieta pobre em FODMAPs para melhorar os sintomas gastrointestinais.<\/p>\n\n\n\n<p class=\"wp-block-paragraph\">Os autores destacam que essas estrat\u00e9gias alimentares exigem acompanhamento profissional, j\u00e1 que a exclus\u00e3o prolongada de determinados alimentos pode comprometer a microbiota intestinal e o estado nutricional a longo prazo.<\/p>\n\n\n<div class=\"wp-block-image\">\n<figure class=\"aligncenter size-large\"><img decoding=\"async\" width=\"1024\" height=\"571\" src=\"https:\/\/www.tuasaude.com\/news\/wp-content\/uploads\/2026\/09\/Man_experiencing_abdominal_bloating_202609050110-1024x571.jpg\" alt=\"Carboidratos mal absorvidos podem chegar ao c\u00f3lon e aumentar a fermenta\u00e7\u00e3o bacteriana.\" class=\"wp-image-108587\" srcset=\"https:\/\/www.tuasaude.com\/news\/wp-content\/uploads\/2026\/09\/Man_experiencing_abdominal_bloating_202609050110-1024x571.jpg 1024w, https:\/\/www.tuasaude.com\/news\/wp-content\/uploads\/2026\/09\/Man_experiencing_abdominal_bloating_202609050110-300x167.jpg 300w, https:\/\/www.tuasaude.com\/news\/wp-content\/uploads\/2026\/09\/Man_experiencing_abdominal_bloating_202609050110-768x428.jpg 768w, https:\/\/www.tuasaude.com\/news\/wp-content\/uploads\/2026\/09\/Man_experiencing_abdominal_bloating_202609050110-750x418.jpg 750w, https:\/\/www.tuasaude.com\/news\/wp-content\/uploads\/2026\/09\/Man_experiencing_abdominal_bloating_202609050110-1140x636.jpg 1140w, https:\/\/www.tuasaude.com\/news\/wp-content\/uploads\/2026\/09\/Man_experiencing_abdominal_bloating_202609050110.jpg 1280w\" sizes=\"(max-width: 1024px) 100vw, 1024px\" \/><figcaption class=\"wp-element-caption\">Carboidratos mal absorvidos podem chegar ao c\u00f3lon e aumentar a fermenta\u00e7\u00e3o bacteriana.<\/figcaption><\/figure>\n<\/div>\n\n\n<h2 class=\"wp-block-heading\">Quais cuidados ajudam a controlar os gases?<\/h2>\n\n\n\n<p class=\"wp-block-paragraph\">Algumas mudan\u00e7as simples no dia a dia ajudam a reduzir o excesso de gases sem recorrer a restri\u00e7\u00f5es severas. Essas estrat\u00e9gias atuam tanto na alimenta\u00e7\u00e3o quanto no equil\u00edbrio da flora intestinal.<\/p>\n\n\n\n<ul class=\"wp-block-list\">\n<li><strong>Mastigar devagar<\/strong>: evita a ingest\u00e3o de ar durante as refei\u00e7\u00f5es e melhora a digest\u00e3o.<\/li>\n\n\n\n<li><strong>Fracionar as refei\u00e7\u00f5es<\/strong>: comer por\u00e7\u00f5es menores diminui a fermenta\u00e7\u00e3o intestinal.<\/li>\n\n\n\n<li><strong>Aumentar fibras gradualmente<\/strong>: o excesso repentino piora o incha\u00e7o, por isso o aumento deve ser progressivo.<\/li>\n\n\n\n<li><strong>Manter boa hidrata\u00e7\u00e3o<\/strong>: \u00e1gua ajuda no tr\u00e2nsito intestinal e reduz a forma\u00e7\u00e3o de gases.<\/li>\n\n\n\n<li><strong>Praticar atividade f\u00edsica<\/strong>: o movimento estimula a motilidade e favorece a elimina\u00e7\u00e3o natural dos gases.<\/li>\n\n\n\n<li><strong>Controlar o estresse<\/strong>: o eixo intestino-c\u00e9rebro influencia diretamente a sensibilidade abdominal.<\/li>\n<\/ul>\n\n\n\n<p class=\"wp-block-paragraph\">\u00c9 importante lembrar que probi\u00f3ticos podem ajudar a restaurar a flora intestinal, mas n\u00e3o funcionam como solu\u00e7\u00e3o \u00fanica. Dietas restritivas, como a low-FODMAP, devem ser conduzidas por nutricionista, com fases de restri\u00e7\u00e3o e reintrodu\u00e7\u00e3o planejadas para evitar preju\u00edzos \u00e0 sa\u00fade intestinal e nutricional. Diante de sintomas persistentes, o ideal \u00e9 procurar um gastroenterologista para investigar a causa e definir o tratamento adequado.<\/p>\n\n\n\n<p class=\"wp-block-paragraph\"><em>Este conte\u00fado tem car\u00e1ter apenas informativo e n\u00e3o substitui a avalia\u00e7\u00e3o de um m\u00e9dico. Consulte sempre um profissional de sa\u00fade qualificado para diagn\u00f3stico e tratamento adequados ao seu caso.<\/em><\/p>\n","protected":false},"excerpt":{"rendered":"<p>Ter gases \u00e9 um processo natural da digest\u00e3o, mas quando surgem em quantidade elevada e v\u00eam acompanhados de desconforto, o problema costuma ir al\u00e9m do que se comeu no almo\u00e7o. Al\u00e9m de feij\u00e3o e bebidas gaseificadas, o excesso de gases durante o dia frequentemente reflete um desequil\u00edbrio da flora intestinal ou dificuldade do organismo em [&hellip;]<\/p>\n","protected":false},"author":11,"featured_media":108584,"comment_status":"open","ping_status":"open","sticky":false,"template":"","format":"standard","meta":{"_yoast_wpseo_focuskw":"gases","_yoast_wpseo_title":"","_yoast_wpseo_metadesc":"Gases que aumentam durante o dia podem ter rela\u00e7\u00e3o com a microbiota e a absor\u00e7\u00e3o de carboidratos. Entenda as causas e os cuidados que ajudam a aliviar.","jnews-multi-image_gallery":[],"jnews_single_post":{"format":"standard"},"jnews_primary_category":[],"jnews_social_meta":[],"jnews_override_counter":[],"footnotes":""},"categories":[111],"tags":[987,2560,175,3335],"class_list":["post-108581","post","type-post","status-publish","format-standard","has-post-thumbnail","hentry","category-saude","tag-feijao","tag-flora-intestinal","tag-gases","tag-refrigerante"],"yoast_head":"<!-- This site is optimized with the Yoast SEO plugin v26.7 - https:\/\/yoast.com\/wordpress\/plugins\/seo\/ -->\n<title>Os gases em excesso durante o dia n\u00e3o v\u00eam apenas de feij\u00e3o ou refrigerante, mas com frequ\u00eancia de desequil\u00edbrio da flora intestinal e m\u00e1 absor\u00e7\u00e3o de carboidratos ferment\u00e1veis - Tua Sa\u00fade<\/title>\n<meta name=\"description\" content=\"Gases que aumentam durante o dia podem ter rela\u00e7\u00e3o com a microbiota e a absor\u00e7\u00e3o de carboidratos. Entenda as causas e os cuidados que ajudam a aliviar.\" \/>\n<meta name=\"robots\" content=\"index, follow, max-snippet:-1, max-image-preview:large, max-video-preview:-1\" \/>\n<link rel=\"canonical\" href=\"https:\/\/www.tuasaude.com\/news\/2026\/09\/05\/os-gases-em-excesso-durante-o-dia-nao-vem-apenas-de-feijao-ou-refrigerante-mas-com-frequencia-de-desequilibrio-da-flora-intestinal-e-ma-absorcao-de-carboidratos-fermentaveis\/\" \/>\n<meta property=\"og:locale\" content=\"pt_BR\" \/>\n<meta property=\"og:type\" content=\"article\" \/>\n<meta property=\"og:title\" content=\"Os gases em excesso durante o dia n\u00e3o v\u00eam apenas de feij\u00e3o ou refrigerante, mas com frequ\u00eancia de desequil\u00edbrio da flora intestinal e m\u00e1 absor\u00e7\u00e3o de carboidratos ferment\u00e1veis - Tua Sa\u00fade\" \/>\n<meta property=\"og:description\" content=\"Gases que aumentam durante o dia podem ter rela\u00e7\u00e3o com a microbiota e a absor\u00e7\u00e3o de carboidratos. Entenda as causas e os cuidados que ajudam a aliviar.\" \/>\n<meta property=\"og:url\" content=\"https:\/\/www.tuasaude.com\/news\/2026\/09\/05\/os-gases-em-excesso-durante-o-dia-nao-vem-apenas-de-feijao-ou-refrigerante-mas-com-frequencia-de-desequilibrio-da-flora-intestinal-e-ma-absorcao-de-carboidratos-fermentaveis\/\" \/>\n<meta property=\"og:site_name\" content=\"Tua Sa\u00fade\" \/>\n<meta property=\"article:published_time\" content=\"2026-09-05T10:35:00+00:00\" \/>\n<meta property=\"og:image\" content=\"https:\/\/www.tuasaude.com\/news\/wp-content\/uploads\/2026\/09\/Man_seated_at_kitchen_counter_202609050109.jpg\" \/>\n\t<meta property=\"og:image:width\" content=\"1280\" \/>\n\t<meta property=\"og:image:height\" content=\"714\" \/>\n\t<meta property=\"og:image:type\" content=\"image\/jpeg\" \/>\n<meta name=\"author\" content=\"Gessika Julia Carvalho\" \/>\n<meta name=\"twitter:card\" content=\"summary_large_image\" \/>\n<meta name=\"twitter:label1\" content=\"Escrito por\" \/>\n\t<meta name=\"twitter:data1\" content=\"Gessika Julia Carvalho\" \/>\n\t<meta name=\"twitter:label2\" content=\"Est. tempo de leitura\" \/>\n\t<meta name=\"twitter:data2\" content=\"5 minutos\" \/>\n<!-- \/ Yoast SEO plugin. -->","yoast_head_json":{"title":"Os gases em excesso durante o dia n\u00e3o v\u00eam apenas de feij\u00e3o ou refrigerante, mas com frequ\u00eancia de desequil\u00edbrio da flora intestinal e m\u00e1 absor\u00e7\u00e3o de carboidratos ferment\u00e1veis - Tua Sa\u00fade","description":"Gases que aumentam durante o dia podem ter rela\u00e7\u00e3o com a microbiota e a absor\u00e7\u00e3o de carboidratos. Entenda as causas e os cuidados que ajudam a aliviar.","robots":{"index":"index","follow":"follow","max-snippet":"max-snippet:-1","max-image-preview":"max-image-preview:large","max-video-preview":"max-video-preview:-1"},"canonical":"https:\/\/www.tuasaude.com\/news\/2026\/09\/05\/os-gases-em-excesso-durante-o-dia-nao-vem-apenas-de-feijao-ou-refrigerante-mas-com-frequencia-de-desequilibrio-da-flora-intestinal-e-ma-absorcao-de-carboidratos-fermentaveis\/","og_locale":"pt_BR","og_type":"article","og_title":"Os gases em excesso durante o dia n\u00e3o v\u00eam apenas de feij\u00e3o ou refrigerante, mas com frequ\u00eancia de desequil\u00edbrio da flora intestinal e m\u00e1 absor\u00e7\u00e3o de carboidratos ferment\u00e1veis - Tua Sa\u00fade","og_description":"Gases que aumentam durante o dia podem ter rela\u00e7\u00e3o com a microbiota e a absor\u00e7\u00e3o de carboidratos. Entenda as causas e os cuidados que ajudam a aliviar.","og_url":"https:\/\/www.tuasaude.com\/news\/2026\/09\/05\/os-gases-em-excesso-durante-o-dia-nao-vem-apenas-de-feijao-ou-refrigerante-mas-com-frequencia-de-desequilibrio-da-flora-intestinal-e-ma-absorcao-de-carboidratos-fermentaveis\/","og_site_name":"Tua Sa\u00fade","article_published_time":"2026-09-05T10:35:00+00:00","og_image":[{"width":1280,"height":714,"url":"https:\/\/www.tuasaude.com\/news\/wp-content\/uploads\/2026\/09\/Man_seated_at_kitchen_counter_202609050109.jpg","type":"image\/jpeg"}],"author":"Gessika Julia Carvalho","twitter_card":"summary_large_image","twitter_misc":{"Escrito por":"Gessika Julia Carvalho","Est. tempo de leitura":"5 minutos"},"schema":{"@context":"https:\/\/schema.org","@graph":[{"@type":"Article","@id":"https:\/\/www.tuasaude.com\/news\/2026\/09\/05\/os-gases-em-excesso-durante-o-dia-nao-vem-apenas-de-feijao-ou-refrigerante-mas-com-frequencia-de-desequilibrio-da-flora-intestinal-e-ma-absorcao-de-carboidratos-fermentaveis\/#article","isPartOf":{"@id":"https:\/\/www.tuasaude.com\/news\/2026\/09\/05\/os-gases-em-excesso-durante-o-dia-nao-vem-apenas-de-feijao-ou-refrigerante-mas-com-frequencia-de-desequilibrio-da-flora-intestinal-e-ma-absorcao-de-carboidratos-fermentaveis\/"},"author":{"name":"Gessika Julia Carvalho","@id":"https:\/\/www.tuasaude.com\/news\/#\/schema\/person\/2e9df841be69ec84f5d20ddb8d273ac2"},"headline":"Os gases em excesso durante o dia n\u00e3o v\u00eam apenas de feij\u00e3o ou refrigerante, mas com frequ\u00eancia de desequil\u00edbrio da flora intestinal e m\u00e1 absor\u00e7\u00e3o de carboidratos ferment\u00e1veis","datePublished":"2026-09-05T10:35:00+00:00","mainEntityOfPage":{"@id":"https:\/\/www.tuasaude.com\/news\/2026\/09\/05\/os-gases-em-excesso-durante-o-dia-nao-vem-apenas-de-feijao-ou-refrigerante-mas-com-frequencia-de-desequilibrio-da-flora-intestinal-e-ma-absorcao-de-carboidratos-fermentaveis\/"},"wordCount":769,"commentCount":0,"image":{"@id":"https:\/\/www.tuasaude.com\/news\/2026\/09\/05\/os-gases-em-excesso-durante-o-dia-nao-vem-apenas-de-feijao-ou-refrigerante-mas-com-frequencia-de-desequilibrio-da-flora-intestinal-e-ma-absorcao-de-carboidratos-fermentaveis\/#primaryimage"},"thumbnailUrl":"https:\/\/www.tuasaude.com\/news\/wp-content\/uploads\/2026\/09\/Man_seated_at_kitchen_counter_202609050109.jpg","keywords":["feij\u00e3o","flora intestinal","gases","refrigerante"],"articleSection":["Sa\u00fade"],"inLanguage":"pt-BR","potentialAction":[{"@type":"CommentAction","name":"Comment","target":["https:\/\/www.tuasaude.com\/news\/2026\/09\/05\/os-gases-em-excesso-durante-o-dia-nao-vem-apenas-de-feijao-ou-refrigerante-mas-com-frequencia-de-desequilibrio-da-flora-intestinal-e-ma-absorcao-de-carboidratos-fermentaveis\/#respond"]}]},{"@type":"WebPage","@id":"https:\/\/www.tuasaude.com\/news\/2026\/09\/05\/os-gases-em-excesso-durante-o-dia-nao-vem-apenas-de-feijao-ou-refrigerante-mas-com-frequencia-de-desequilibrio-da-flora-intestinal-e-ma-absorcao-de-carboidratos-fermentaveis\/","url":"https:\/\/www.tuasaude.com\/news\/2026\/09\/05\/os-gases-em-excesso-durante-o-dia-nao-vem-apenas-de-feijao-ou-refrigerante-mas-com-frequencia-de-desequilibrio-da-flora-intestinal-e-ma-absorcao-de-carboidratos-fermentaveis\/","name":"Os gases em excesso durante o dia n\u00e3o v\u00eam apenas de feij\u00e3o ou refrigerante, mas com frequ\u00eancia de desequil\u00edbrio da flora intestinal e m\u00e1 absor\u00e7\u00e3o de carboidratos ferment\u00e1veis - Tua Sa\u00fade","isPartOf":{"@id":"https:\/\/www.tuasaude.com\/news\/#website"},"primaryImageOfPage":{"@id":"https:\/\/www.tuasaude.com\/news\/2026\/09\/05\/os-gases-em-excesso-durante-o-dia-nao-vem-apenas-de-feijao-ou-refrigerante-mas-com-frequencia-de-desequilibrio-da-flora-intestinal-e-ma-absorcao-de-carboidratos-fermentaveis\/#primaryimage"},"image":{"@id":"https:\/\/www.tuasaude.com\/news\/2026\/09\/05\/os-gases-em-excesso-durante-o-dia-nao-vem-apenas-de-feijao-ou-refrigerante-mas-com-frequencia-de-desequilibrio-da-flora-intestinal-e-ma-absorcao-de-carboidratos-fermentaveis\/#primaryimage"},"thumbnailUrl":"https:\/\/www.tuasaude.com\/news\/wp-content\/uploads\/2026\/09\/Man_seated_at_kitchen_counter_202609050109.jpg","datePublished":"2026-09-05T10:35:00+00:00","author":{"@id":"https:\/\/www.tuasaude.com\/news\/#\/schema\/person\/2e9df841be69ec84f5d20ddb8d273ac2"},"description":"Gases que aumentam durante o dia podem ter rela\u00e7\u00e3o com a microbiota e a absor\u00e7\u00e3o de carboidratos. Entenda as causas e os cuidados que ajudam a aliviar.","breadcrumb":{"@id":"https:\/\/www.tuasaude.com\/news\/2026\/09\/05\/os-gases-em-excesso-durante-o-dia-nao-vem-apenas-de-feijao-ou-refrigerante-mas-com-frequencia-de-desequilibrio-da-flora-intestinal-e-ma-absorcao-de-carboidratos-fermentaveis\/#breadcrumb"},"inLanguage":"pt-BR","potentialAction":[{"@type":"ReadAction","target":["https:\/\/www.tuasaude.com\/news\/2026\/09\/05\/os-gases-em-excesso-durante-o-dia-nao-vem-apenas-de-feijao-ou-refrigerante-mas-com-frequencia-de-desequilibrio-da-flora-intestinal-e-ma-absorcao-de-carboidratos-fermentaveis\/"]}]},{"@type":"ImageObject","inLanguage":"pt-BR","@id":"https:\/\/www.tuasaude.com\/news\/2026\/09\/05\/os-gases-em-excesso-durante-o-dia-nao-vem-apenas-de-feijao-ou-refrigerante-mas-com-frequencia-de-desequilibrio-da-flora-intestinal-e-ma-absorcao-de-carboidratos-fermentaveis\/#primaryimage","url":"https:\/\/www.tuasaude.com\/news\/wp-content\/uploads\/2026\/09\/Man_seated_at_kitchen_counter_202609050109.jpg","contentUrl":"https:\/\/www.tuasaude.com\/news\/wp-content\/uploads\/2026\/09\/Man_seated_at_kitchen_counter_202609050109.jpg","width":1280,"height":714,"caption":"Os gases em excesso durante o dia n\u00e3o v\u00eam apenas de feij\u00e3o ou refrigerante, mas com frequ\u00eancia de desequil\u00edbrio da flora intestinal e m\u00e1 absor\u00e7\u00e3o de carboidratos ferment\u00e1veis"},{"@type":"BreadcrumbList","@id":"https:\/\/www.tuasaude.com\/news\/2026\/09\/05\/os-gases-em-excesso-durante-o-dia-nao-vem-apenas-de-feijao-ou-refrigerante-mas-com-frequencia-de-desequilibrio-da-flora-intestinal-e-ma-absorcao-de-carboidratos-fermentaveis\/#breadcrumb","itemListElement":[{"@type":"ListItem","position":1,"name":"In\u00edcio","item":"https:\/\/www.tuasaude.com\/news\/"},{"@type":"ListItem","position":2,"name":"Os gases em excesso durante o dia n\u00e3o v\u00eam apenas de feij\u00e3o ou refrigerante, mas com frequ\u00eancia de desequil\u00edbrio da flora intestinal e m\u00e1 absor\u00e7\u00e3o de carboidratos ferment\u00e1veis"}]},{"@type":"WebSite","@id":"https:\/\/www.tuasaude.com\/news\/#website","url":"https:\/\/www.tuasaude.com\/news\/","name":"Tua Sa\u00fade","description":"Seu site de sa\u00fade","potentialAction":[{"@type":"SearchAction","target":{"@type":"EntryPoint","urlTemplate":"https:\/\/www.tuasaude.com\/news\/?s={search_term_string}"},"query-input":{"@type":"PropertyValueSpecification","valueRequired":true,"valueName":"search_term_string"}}],"inLanguage":"pt-BR"},{"@type":"Person","@id":"https:\/\/www.tuasaude.com\/news\/#\/schema\/person\/2e9df841be69ec84f5d20ddb8d273ac2","name":"Gessika Julia Carvalho","image":{"@type":"ImageObject","inLanguage":"pt-BR","@id":"https:\/\/www.tuasaude.com\/news\/#\/schema\/person\/image\/","url":"https:\/\/secure.gravatar.com\/avatar\/0fcc8769024577fd0bc6a8b766055690f76a8e8f29dfb2a2f89cf04db8d0f2d2?s=96&d=mm&r=g","contentUrl":"https:\/\/secure.gravatar.com\/avatar\/0fcc8769024577fd0bc6a8b766055690f76a8e8f29dfb2a2f89cf04db8d0f2d2?s=96&d=mm&r=g","caption":"Gessika Julia Carvalho"},"sameAs":["https:\/\/www.tuasaude.com\/news\/"],"url":"https:\/\/www.tuasaude.com\/news\/author\/gessika-julia\/"}]}},"_links":{"self":[{"href":"https:\/\/www.tuasaude.com\/news\/wp-json\/wp\/v2\/posts\/108581","targetHints":{"allow":["GET"]}}],"collection":[{"href":"https:\/\/www.tuasaude.com\/news\/wp-json\/wp\/v2\/posts"}],"about":[{"href":"https:\/\/www.tuasaude.com\/news\/wp-json\/wp\/v2\/types\/post"}],"author":[{"embeddable":true,"href":"https:\/\/www.tuasaude.com\/news\/wp-json\/wp\/v2\/users\/11"}],"replies":[{"embeddable":true,"href":"https:\/\/www.tuasaude.com\/news\/wp-json\/wp\/v2\/comments?post=108581"}],"version-history":[{"count":1,"href":"https:\/\/www.tuasaude.com\/news\/wp-json\/wp\/v2\/posts\/108581\/revisions"}],"predecessor-version":[{"id":108588,"href":"https:\/\/www.tuasaude.com\/news\/wp-json\/wp\/v2\/posts\/108581\/revisions\/108588"}],"wp:featuredmedia":[{"embeddable":true,"href":"https:\/\/www.tuasaude.com\/news\/wp-json\/wp\/v2\/media\/108584"}],"wp:attachment":[{"href":"https:\/\/www.tuasaude.com\/news\/wp-json\/wp\/v2\/media?parent=108581"}],"wp:term":[{"taxonomy":"category","embeddable":true,"href":"https:\/\/www.tuasaude.com\/news\/wp-json\/wp\/v2\/categories?post=108581"},{"taxonomy":"post_tag","embeddable":true,"href":"https:\/\/www.tuasaude.com\/news\/wp-json\/wp\/v2\/tags?post=108581"}],"curies":[{"name":"wp","href":"https:\/\/api.w.org\/{rel}","templated":true}]}}