{"id":108556,"date":"2026-09-05T06:55:00","date_gmt":"2026-09-05T09:55:00","guid":{"rendered":"https:\/\/www.tuasaude.com\/news\/?p=108556"},"modified":"2026-09-05T01:02:26","modified_gmt":"2026-09-05T04:02:26","slug":"o-inchaco-nas-pernas-ao-fim-do-dia-nao-acontece-apenas-por-ficar-muito-tempo-em-pe-mas-frequentemente-por-causas-como-insuficiencia-venosa-ou-retencao-de-liquidos","status":"publish","type":"post","link":"https:\/\/www.tuasaude.com\/news\/2026\/09\/05\/o-inchaco-nas-pernas-ao-fim-do-dia-nao-acontece-apenas-por-ficar-muito-tempo-em-pe-mas-frequentemente-por-causas-como-insuficiencia-venosa-ou-retencao-de-liquidos\/","title":{"rendered":"O incha\u00e7o nas pernas ao fim do dia n\u00e3o acontece apenas por ficar muito tempo em p\u00e9, mas frequentemente por causas como insufici\u00eancia venosa ou reten\u00e7\u00e3o de l\u00edquidos"},"content":{"rendered":"\n<p class=\"wp-block-paragraph\">Passar muitas horas em p\u00e9 costuma ser apontado como o grande vil\u00e3o do incha\u00e7o nas pernas, mas essa \u00e9 apenas parte da hist\u00f3ria. Reten\u00e7\u00e3o de l\u00edquidos, insufici\u00eancia venosa, varizes e at\u00e9 o uso prolongado de anti-inflamat\u00f3rios podem estar por tr\u00e1s do desconforto que aparece ao fim do dia. Entender a origem desse sintoma \u00e9 essencial para diferenciar um inc\u00f4modo passageiro de um alerta que exige aten\u00e7\u00e3o m\u00e9dica.<\/p>\n\n\n\n<h2 class=\"wp-block-heading\">Por que as pernas incham ao fim do dia?<\/h2>\n\n\n\n<p class=\"wp-block-paragraph\">O incha\u00e7o acontece quando o l\u00edquido dos vasos sangu\u00edneos se acumula nos tecidos das pernas, geralmente por falha no retorno venoso ao cora\u00e7\u00e3o. A gravidade, o calor, o sedentarismo e o excesso de s\u00f3dio na alimenta\u00e7\u00e3o favorecem esse ac\u00famulo, principalmente nos tornozelos e p\u00e9s.<\/p>\n\n\n\n<p class=\"wp-block-paragraph\">Quando o incha\u00e7o melhora ap\u00f3s elevar as pernas ou dormir, costuma ser passageiro. Mas se persiste, piora com o tempo ou vem acompanhado de dor e peso, pode indicar problemas circulat\u00f3rios que exigem investiga\u00e7\u00e3o.<\/p>\n\n\n\n<h2 class=\"wp-block-heading\">Como diferenciar incha\u00e7o ocasional de sinal de alerta?<\/h2>\n\n\n\n<p class=\"wp-block-paragraph\">O incha\u00e7o ocasional aparece nos dois lados, some com repouso e n\u00e3o deixa marcas duradouras na pele. J\u00e1 o edema patol\u00f3gico tende a ser persistente, pode ser assim\u00e9trico e vem com sintomas como dor, calor, vermelhid\u00e3o ou altera\u00e7\u00f5es na colora\u00e7\u00e3o da pele.<\/p>\n\n\n\n<p class=\"wp-block-paragraph\">Nesses casos, \u00e9 fundamental buscar um angiologista para avalia\u00e7\u00e3o. Condi\u00e7\u00f5es como <a href=\"https:\/\/www.tuasaude.com\/varizes\/\" target=\"_blank\" rel=\"noreferrer noopener\">varizes<\/a> nas pernas, insufici\u00eancia card\u00edaca ou problemas renais podem se manifestar inicialmente com pernas inchadas ao entardecer.<\/p>\n\n\n<div class=\"wp-block-image\">\n<figure class=\"aligncenter size-large\"><img decoding=\"async\" width=\"1024\" height=\"571\" src=\"https:\/\/www.tuasaude.com\/news\/wp-content\/uploads\/2026\/09\/Medical_infographic_about_venous\u2026_202609050100-1024x571.jpg\" alt=\"Movimento, eleva\u00e7\u00e3o e aten\u00e7\u00e3o aos sinais de alerta ajudam a proteger a circula\u00e7\u00e3o venosa.\" class=\"wp-image-108573\" srcset=\"https:\/\/www.tuasaude.com\/news\/wp-content\/uploads\/2026\/09\/Medical_infographic_about_venous\u2026_202609050100-1024x571.jpg 1024w, https:\/\/www.tuasaude.com\/news\/wp-content\/uploads\/2026\/09\/Medical_infographic_about_venous\u2026_202609050100-300x167.jpg 300w, https:\/\/www.tuasaude.com\/news\/wp-content\/uploads\/2026\/09\/Medical_infographic_about_venous\u2026_202609050100-768x428.jpg 768w, https:\/\/www.tuasaude.com\/news\/wp-content\/uploads\/2026\/09\/Medical_infographic_about_venous\u2026_202609050100-750x418.jpg 750w, https:\/\/www.tuasaude.com\/news\/wp-content\/uploads\/2026\/09\/Medical_infographic_about_venous\u2026_202609050100-1140x636.jpg 1140w, https:\/\/www.tuasaude.com\/news\/wp-content\/uploads\/2026\/09\/Medical_infographic_about_venous\u2026_202609050100.jpg 1280w\" sizes=\"(max-width: 1024px) 100vw, 1024px\" \/><figcaption class=\"wp-element-caption\">Movimento, eleva\u00e7\u00e3o e aten\u00e7\u00e3o aos sinais de alerta ajudam a proteger a circula\u00e7\u00e3o venosa.<\/figcaption><\/figure>\n<\/div>\n\n\n<h2 class=\"wp-block-heading\">Quais s\u00e3o as principais causas do incha\u00e7o al\u00e9m do tempo em p\u00e9?<\/h2>\n\n\n\n<p class=\"wp-block-paragraph\">Muitos fatores contribuem para o incha\u00e7o nas pernas mesmo em quem n\u00e3o passa longas horas em p\u00e9. Entre os principais est\u00e3o:<\/p>\n\n\n\n<ul class=\"wp-block-list\">\n<li><strong>Insufici\u00eancia venosa cr\u00f4nica<\/strong>, quando as v\u00e1lvulas das veias n\u00e3o fecham direito e o sangue se acumula nas pernas.<\/li>\n\n\n\n<li><strong>Reten\u00e7\u00e3o de l\u00edquidos<\/strong> por excesso de s\u00f3dio, altera\u00e7\u00f5es hormonais ou baixa ingest\u00e3o de \u00e1gua.<\/li>\n\n\n\n<li><strong>Uso prolongado de anti-inflamat\u00f3rios<\/strong> n\u00e3o esteroides, que podem provocar edema perif\u00e9rico como efeito colateral.<\/li>\n\n\n\n<li><strong>Bloqueadores de canais de c\u00e1lcio<\/strong> e outros anti-hipertensivos usados no tratamento da press\u00e3o alta.<\/li>\n\n\n\n<li><strong>Sobrepeso e sedentarismo<\/strong>, que sobrecarregam o sistema venoso e reduzem a bomba muscular da panturrilha.<\/li>\n\n\n\n<li><strong>Gravidez<\/strong>, pelo aumento do volume sangu\u00edneo e press\u00e3o do \u00fatero sobre os vasos p\u00e9lvicos.<\/li>\n<\/ul>\n\n\n\n<h2 class=\"wp-block-heading\">O que a ci\u00eancia diz sobre a insufici\u00eancia venosa e o incha\u00e7o?<\/h2>\n\n\n\n<p class=\"wp-block-paragraph\">A insufici\u00eancia venosa \u00e9 uma das causas mais frequentes de incha\u00e7o persistente e progressivo nos membros inferiores. Segundo a revis\u00e3o cient\u00edfica <a href=\"https:\/\/pubmed.ncbi.nlm.nih.gov\/16389426\/\" target=\"_blank\" rel=\"noreferrer noopener\">Chronic Venous Insufficiency<\/a>, publicada no peri\u00f3dico Circulation, cerca de 25 milh\u00f5es de adultos apresentam varizes nos Estados Unidos, e entre 2 e 6 milh\u00f5es evoluem para formas avan\u00e7adas com incha\u00e7o, altera\u00e7\u00f5es na pele e \u00falceras venosas.<\/p>\n\n\n\n<p class=\"wp-block-paragraph\">A revis\u00e3o refor\u00e7a que o refluxo sangu\u00edneo nas veias das pernas provoca dor, peso e edema, com impacto direto na qualidade de vida. Diagnosticar e tratar o problema cedo evita a progress\u00e3o para complica\u00e7\u00f5es mais s\u00e9rias, como \u00falceras venosas e <a href=\"https:\/\/www.tuasaude.com\/tratamento-para-trombose\/\" target=\"_blank\" rel=\"noreferrer noopener\">trombose venosa profunda<\/a>.<\/p>\n\n\n<div class=\"wp-block-image\">\n<figure class=\"aligncenter size-large\"><img decoding=\"async\" width=\"1024\" height=\"571\" src=\"https:\/\/www.tuasaude.com\/news\/wp-content\/uploads\/2026\/09\/Man_touching_swollen_leg_202609050101-1024x571.jpg\" alt=\"Falhas nas v\u00e1lvulas venosas favorecem ac\u00famulo de sangue e peso nas pernas.\" class=\"wp-image-108575\" srcset=\"https:\/\/www.tuasaude.com\/news\/wp-content\/uploads\/2026\/09\/Man_touching_swollen_leg_202609050101-1024x571.jpg 1024w, https:\/\/www.tuasaude.com\/news\/wp-content\/uploads\/2026\/09\/Man_touching_swollen_leg_202609050101-300x167.jpg 300w, https:\/\/www.tuasaude.com\/news\/wp-content\/uploads\/2026\/09\/Man_touching_swollen_leg_202609050101-768x428.jpg 768w, https:\/\/www.tuasaude.com\/news\/wp-content\/uploads\/2026\/09\/Man_touching_swollen_leg_202609050101-750x418.jpg 750w, https:\/\/www.tuasaude.com\/news\/wp-content\/uploads\/2026\/09\/Man_touching_swollen_leg_202609050101-1140x636.jpg 1140w, https:\/\/www.tuasaude.com\/news\/wp-content\/uploads\/2026\/09\/Man_touching_swollen_leg_202609050101.jpg 1280w\" sizes=\"(max-width: 1024px) 100vw, 1024px\" \/><figcaption class=\"wp-element-caption\">Falhas nas v\u00e1lvulas venosas favorecem ac\u00famulo de sangue e peso nas pernas.<\/figcaption><\/figure>\n<\/div>\n\n\n<h2 class=\"wp-block-heading\">Quando o incha\u00e7o em uma perna s\u00f3 exige avalia\u00e7\u00e3o urgente?<\/h2>\n\n\n\n<p class=\"wp-block-paragraph\">Incha\u00e7o s\u00fabito em apenas uma das pernas, especialmente com dor, calor, vermelhid\u00e3o ou endurecimento da panturrilha, pode indicar trombose venosa profunda e exige atendimento de emerg\u00eancia. O co\u00e1gulo formado nas veias profundas pode se soltar e migrar para o pulm\u00e3o, causando embolia pulmonar, que \u00e9 potencialmente fatal.<\/p>\n\n\n\n<p class=\"wp-block-paragraph\">Procure atendimento m\u00e9dico imediato ao apresentar os seguintes sinais:<\/p>\n\n\n\n<ol class=\"wp-block-list\">\n<li>Incha\u00e7o repentino e intenso em apenas uma perna.<\/li>\n\n\n\n<li>Dor forte na panturrilha, principalmente ao caminhar ou apalpar.<\/li>\n\n\n\n<li>Calor, vermelhid\u00e3o ou pele arroxeada no local.<\/li>\n\n\n\n<li>Falta de ar s\u00fabita, dor no peito ou tosse com sangue.<\/li>\n\n\n\n<li>Endurecimento vis\u00edvel de veias superficiais.<\/li>\n\n\n\n<li>Febre associada ao incha\u00e7o na perna.<\/li>\n<\/ol>\n\n\n\n<p class=\"wp-block-paragraph\">Fatores como imobilidade prolongada, viagens longas, cirurgias recentes, uso de anticoncepcionais e hist\u00f3rico familiar aumentam o risco de trombose.<\/p>\n\n\n\n<p class=\"wp-block-paragraph\"><em>Este conte\u00fado tem car\u00e1ter apenas informativo e n\u00e3o substitui a avalia\u00e7\u00e3o m\u00e9dica. Em caso de sintomas ou d\u00favidas sobre sua sa\u00fade, procure imediatamente um profissional qualificado ou o servi\u00e7o de emerg\u00eancia mais pr\u00f3ximo.<\/em><\/p>\n","protected":false},"excerpt":{"rendered":"<p>Passar muitas horas em p\u00e9 costuma ser apontado como o grande vil\u00e3o do incha\u00e7o nas pernas, mas essa \u00e9 apenas parte da hist\u00f3ria. Reten\u00e7\u00e3o de l\u00edquidos, insufici\u00eancia venosa, varizes e at\u00e9 o uso prolongado de anti-inflamat\u00f3rios podem estar por tr\u00e1s do desconforto que aparece ao fim do dia. Entender a origem desse sintoma \u00e9 essencial [&hellip;]<\/p>\n","protected":false},"author":11,"featured_media":108572,"comment_status":"open","ping_status":"open","sticky":false,"template":"","format":"standard","meta":{"_yoast_wpseo_focuskw":"incha\u00e7o","_yoast_wpseo_title":"","_yoast_wpseo_metadesc":"Pernas inchadas ao entardecer nem sempre s\u00e3o resultado de horas em p\u00e9. Entenda a rela\u00e7\u00e3o com insufici\u00eancia venosa e os sinais que merecem investiga\u00e7\u00e3o.","jnews-multi-image_gallery":[],"jnews_single_post":{"format":"standard"},"jnews_primary_category":[],"jnews_social_meta":[],"jnews_override_counter":[],"footnotes":""},"categories":[111],"tags":[1135,2320,1000,136],"class_list":["post-108556","post","type-post","status-publish","format-standard","has-post-thumbnail","hentry","category-saude","tag-inchaco","tag-insuficiencia-venosa","tag-retencao-de-liquidos","tag-saude"],"yoast_head":"<!-- This site is optimized with the Yoast SEO plugin v26.7 - https:\/\/yoast.com\/wordpress\/plugins\/seo\/ -->\n<title>O incha\u00e7o nas pernas ao fim do dia n\u00e3o acontece apenas por ficar muito tempo em p\u00e9, mas frequentemente por causas como insufici\u00eancia venosa ou reten\u00e7\u00e3o de l\u00edquidos - Tua Sa\u00fade<\/title>\n<meta name=\"description\" content=\"Pernas inchadas ao entardecer nem sempre s\u00e3o resultado de horas em p\u00e9. Entenda a rela\u00e7\u00e3o com insufici\u00eancia venosa e os sinais que merecem investiga\u00e7\u00e3o.\" \/>\n<meta name=\"robots\" content=\"index, follow, max-snippet:-1, max-image-preview:large, max-video-preview:-1\" \/>\n<link rel=\"canonical\" href=\"https:\/\/www.tuasaude.com\/news\/2026\/09\/05\/o-inchaco-nas-pernas-ao-fim-do-dia-nao-acontece-apenas-por-ficar-muito-tempo-em-pe-mas-frequentemente-por-causas-como-insuficiencia-venosa-ou-retencao-de-liquidos\/\" \/>\n<meta property=\"og:locale\" content=\"pt_BR\" \/>\n<meta property=\"og:type\" content=\"article\" \/>\n<meta property=\"og:title\" content=\"O incha\u00e7o nas pernas ao fim do dia n\u00e3o acontece apenas por ficar muito tempo em p\u00e9, mas frequentemente por causas como insufici\u00eancia venosa ou reten\u00e7\u00e3o de l\u00edquidos - Tua Sa\u00fade\" \/>\n<meta property=\"og:description\" content=\"Pernas inchadas ao entardecer nem sempre s\u00e3o resultado de horas em p\u00e9. Entenda a rela\u00e7\u00e3o com insufici\u00eancia venosa e os sinais que merecem investiga\u00e7\u00e3o.\" \/>\n<meta property=\"og:url\" content=\"https:\/\/www.tuasaude.com\/news\/2026\/09\/05\/o-inchaco-nas-pernas-ao-fim-do-dia-nao-acontece-apenas-por-ficar-muito-tempo-em-pe-mas-frequentemente-por-causas-como-insuficiencia-venosa-ou-retencao-de-liquidos\/\" \/>\n<meta property=\"og:site_name\" content=\"Tua Sa\u00fade\" \/>\n<meta property=\"article:published_time\" content=\"2026-09-05T09:55:00+00:00\" \/>\n<meta property=\"og:image\" content=\"https:\/\/www.tuasaude.com\/news\/wp-content\/uploads\/2026\/09\/Man_touching_swollen_leg_202609050100.jpg\" \/>\n\t<meta property=\"og:image:width\" content=\"1280\" \/>\n\t<meta property=\"og:image:height\" content=\"714\" \/>\n\t<meta property=\"og:image:type\" content=\"image\/jpeg\" \/>\n<meta name=\"author\" content=\"Gessika Julia Carvalho\" \/>\n<meta name=\"twitter:card\" content=\"summary_large_image\" \/>\n<meta name=\"twitter:label1\" content=\"Escrito por\" \/>\n\t<meta name=\"twitter:data1\" content=\"Gessika Julia Carvalho\" \/>\n\t<meta name=\"twitter:label2\" content=\"Est. tempo de leitura\" \/>\n\t<meta name=\"twitter:data2\" content=\"5 minutos\" \/>\n<!-- \/ Yoast SEO plugin. -->","yoast_head_json":{"title":"O incha\u00e7o nas pernas ao fim do dia n\u00e3o acontece apenas por ficar muito tempo em p\u00e9, mas frequentemente por causas como insufici\u00eancia venosa ou reten\u00e7\u00e3o de l\u00edquidos - Tua Sa\u00fade","description":"Pernas inchadas ao entardecer nem sempre s\u00e3o resultado de horas em p\u00e9. Entenda a rela\u00e7\u00e3o com insufici\u00eancia venosa e os sinais que merecem investiga\u00e7\u00e3o.","robots":{"index":"index","follow":"follow","max-snippet":"max-snippet:-1","max-image-preview":"max-image-preview:large","max-video-preview":"max-video-preview:-1"},"canonical":"https:\/\/www.tuasaude.com\/news\/2026\/09\/05\/o-inchaco-nas-pernas-ao-fim-do-dia-nao-acontece-apenas-por-ficar-muito-tempo-em-pe-mas-frequentemente-por-causas-como-insuficiencia-venosa-ou-retencao-de-liquidos\/","og_locale":"pt_BR","og_type":"article","og_title":"O incha\u00e7o nas pernas ao fim do dia n\u00e3o acontece apenas por ficar muito tempo em p\u00e9, mas frequentemente por causas como insufici\u00eancia venosa ou reten\u00e7\u00e3o de l\u00edquidos - Tua Sa\u00fade","og_description":"Pernas inchadas ao entardecer nem sempre s\u00e3o resultado de horas em p\u00e9. Entenda a rela\u00e7\u00e3o com insufici\u00eancia venosa e os sinais que merecem investiga\u00e7\u00e3o.","og_url":"https:\/\/www.tuasaude.com\/news\/2026\/09\/05\/o-inchaco-nas-pernas-ao-fim-do-dia-nao-acontece-apenas-por-ficar-muito-tempo-em-pe-mas-frequentemente-por-causas-como-insuficiencia-venosa-ou-retencao-de-liquidos\/","og_site_name":"Tua Sa\u00fade","article_published_time":"2026-09-05T09:55:00+00:00","og_image":[{"width":1280,"height":714,"url":"https:\/\/www.tuasaude.com\/news\/wp-content\/uploads\/2026\/09\/Man_touching_swollen_leg_202609050100.jpg","type":"image\/jpeg"}],"author":"Gessika Julia Carvalho","twitter_card":"summary_large_image","twitter_misc":{"Escrito por":"Gessika Julia Carvalho","Est. tempo de leitura":"5 minutos"},"schema":{"@context":"https:\/\/schema.org","@graph":[{"@type":"Article","@id":"https:\/\/www.tuasaude.com\/news\/2026\/09\/05\/o-inchaco-nas-pernas-ao-fim-do-dia-nao-acontece-apenas-por-ficar-muito-tempo-em-pe-mas-frequentemente-por-causas-como-insuficiencia-venosa-ou-retencao-de-liquidos\/#article","isPartOf":{"@id":"https:\/\/www.tuasaude.com\/news\/2026\/09\/05\/o-inchaco-nas-pernas-ao-fim-do-dia-nao-acontece-apenas-por-ficar-muito-tempo-em-pe-mas-frequentemente-por-causas-como-insuficiencia-venosa-ou-retencao-de-liquidos\/"},"author":{"name":"Gessika Julia Carvalho","@id":"https:\/\/www.tuasaude.com\/news\/#\/schema\/person\/2e9df841be69ec84f5d20ddb8d273ac2"},"headline":"O incha\u00e7o nas pernas ao fim do dia n\u00e3o acontece apenas por ficar muito tempo em p\u00e9, mas frequentemente por causas como insufici\u00eancia venosa ou reten\u00e7\u00e3o de l\u00edquidos","datePublished":"2026-09-05T09:55:00+00:00","mainEntityOfPage":{"@id":"https:\/\/www.tuasaude.com\/news\/2026\/09\/05\/o-inchaco-nas-pernas-ao-fim-do-dia-nao-acontece-apenas-por-ficar-muito-tempo-em-pe-mas-frequentemente-por-causas-como-insuficiencia-venosa-ou-retencao-de-liquidos\/"},"wordCount":788,"commentCount":0,"image":{"@id":"https:\/\/www.tuasaude.com\/news\/2026\/09\/05\/o-inchaco-nas-pernas-ao-fim-do-dia-nao-acontece-apenas-por-ficar-muito-tempo-em-pe-mas-frequentemente-por-causas-como-insuficiencia-venosa-ou-retencao-de-liquidos\/#primaryimage"},"thumbnailUrl":"https:\/\/www.tuasaude.com\/news\/wp-content\/uploads\/2026\/09\/Man_touching_swollen_leg_202609050100.jpg","keywords":["incha\u00e7o","insufici\u00eancia venosa","reten\u00e7\u00e3o de l\u00edquidos","sa\u00fade"],"articleSection":["Sa\u00fade"],"inLanguage":"pt-BR","potentialAction":[{"@type":"CommentAction","name":"Comment","target":["https:\/\/www.tuasaude.com\/news\/2026\/09\/05\/o-inchaco-nas-pernas-ao-fim-do-dia-nao-acontece-apenas-por-ficar-muito-tempo-em-pe-mas-frequentemente-por-causas-como-insuficiencia-venosa-ou-retencao-de-liquidos\/#respond"]}]},{"@type":"WebPage","@id":"https:\/\/www.tuasaude.com\/news\/2026\/09\/05\/o-inchaco-nas-pernas-ao-fim-do-dia-nao-acontece-apenas-por-ficar-muito-tempo-em-pe-mas-frequentemente-por-causas-como-insuficiencia-venosa-ou-retencao-de-liquidos\/","url":"https:\/\/www.tuasaude.com\/news\/2026\/09\/05\/o-inchaco-nas-pernas-ao-fim-do-dia-nao-acontece-apenas-por-ficar-muito-tempo-em-pe-mas-frequentemente-por-causas-como-insuficiencia-venosa-ou-retencao-de-liquidos\/","name":"O incha\u00e7o nas pernas ao fim do dia n\u00e3o acontece apenas por ficar muito tempo em p\u00e9, mas frequentemente por causas como insufici\u00eancia venosa ou reten\u00e7\u00e3o de l\u00edquidos - Tua Sa\u00fade","isPartOf":{"@id":"https:\/\/www.tuasaude.com\/news\/#website"},"primaryImageOfPage":{"@id":"https:\/\/www.tuasaude.com\/news\/2026\/09\/05\/o-inchaco-nas-pernas-ao-fim-do-dia-nao-acontece-apenas-por-ficar-muito-tempo-em-pe-mas-frequentemente-por-causas-como-insuficiencia-venosa-ou-retencao-de-liquidos\/#primaryimage"},"image":{"@id":"https:\/\/www.tuasaude.com\/news\/2026\/09\/05\/o-inchaco-nas-pernas-ao-fim-do-dia-nao-acontece-apenas-por-ficar-muito-tempo-em-pe-mas-frequentemente-por-causas-como-insuficiencia-venosa-ou-retencao-de-liquidos\/#primaryimage"},"thumbnailUrl":"https:\/\/www.tuasaude.com\/news\/wp-content\/uploads\/2026\/09\/Man_touching_swollen_leg_202609050100.jpg","datePublished":"2026-09-05T09:55:00+00:00","author":{"@id":"https:\/\/www.tuasaude.com\/news\/#\/schema\/person\/2e9df841be69ec84f5d20ddb8d273ac2"},"description":"Pernas inchadas ao entardecer nem sempre s\u00e3o resultado de horas em p\u00e9. Entenda a rela\u00e7\u00e3o com insufici\u00eancia venosa e os sinais que merecem investiga\u00e7\u00e3o.","breadcrumb":{"@id":"https:\/\/www.tuasaude.com\/news\/2026\/09\/05\/o-inchaco-nas-pernas-ao-fim-do-dia-nao-acontece-apenas-por-ficar-muito-tempo-em-pe-mas-frequentemente-por-causas-como-insuficiencia-venosa-ou-retencao-de-liquidos\/#breadcrumb"},"inLanguage":"pt-BR","potentialAction":[{"@type":"ReadAction","target":["https:\/\/www.tuasaude.com\/news\/2026\/09\/05\/o-inchaco-nas-pernas-ao-fim-do-dia-nao-acontece-apenas-por-ficar-muito-tempo-em-pe-mas-frequentemente-por-causas-como-insuficiencia-venosa-ou-retencao-de-liquidos\/"]}]},{"@type":"ImageObject","inLanguage":"pt-BR","@id":"https:\/\/www.tuasaude.com\/news\/2026\/09\/05\/o-inchaco-nas-pernas-ao-fim-do-dia-nao-acontece-apenas-por-ficar-muito-tempo-em-pe-mas-frequentemente-por-causas-como-insuficiencia-venosa-ou-retencao-de-liquidos\/#primaryimage","url":"https:\/\/www.tuasaude.com\/news\/wp-content\/uploads\/2026\/09\/Man_touching_swollen_leg_202609050100.jpg","contentUrl":"https:\/\/www.tuasaude.com\/news\/wp-content\/uploads\/2026\/09\/Man_touching_swollen_leg_202609050100.jpg","width":1280,"height":714,"caption":"O incha\u00e7o nas pernas ao fim do dia n\u00e3o acontece apenas por ficar muito tempo em p\u00e9, mas frequentemente por causas como insufici\u00eancia venosa ou reten\u00e7\u00e3o de l\u00edquidos"},{"@type":"BreadcrumbList","@id":"https:\/\/www.tuasaude.com\/news\/2026\/09\/05\/o-inchaco-nas-pernas-ao-fim-do-dia-nao-acontece-apenas-por-ficar-muito-tempo-em-pe-mas-frequentemente-por-causas-como-insuficiencia-venosa-ou-retencao-de-liquidos\/#breadcrumb","itemListElement":[{"@type":"ListItem","position":1,"name":"In\u00edcio","item":"https:\/\/www.tuasaude.com\/news\/"},{"@type":"ListItem","position":2,"name":"O incha\u00e7o nas pernas ao fim do dia n\u00e3o acontece apenas por ficar muito tempo em p\u00e9, mas frequentemente por causas como insufici\u00eancia venosa ou reten\u00e7\u00e3o de l\u00edquidos"}]},{"@type":"WebSite","@id":"https:\/\/www.tuasaude.com\/news\/#website","url":"https:\/\/www.tuasaude.com\/news\/","name":"Tua Sa\u00fade","description":"Seu site de sa\u00fade","potentialAction":[{"@type":"SearchAction","target":{"@type":"EntryPoint","urlTemplate":"https:\/\/www.tuasaude.com\/news\/?s={search_term_string}"},"query-input":{"@type":"PropertyValueSpecification","valueRequired":true,"valueName":"search_term_string"}}],"inLanguage":"pt-BR"},{"@type":"Person","@id":"https:\/\/www.tuasaude.com\/news\/#\/schema\/person\/2e9df841be69ec84f5d20ddb8d273ac2","name":"Gessika Julia Carvalho","image":{"@type":"ImageObject","inLanguage":"pt-BR","@id":"https:\/\/www.tuasaude.com\/news\/#\/schema\/person\/image\/","url":"https:\/\/secure.gravatar.com\/avatar\/0fcc8769024577fd0bc6a8b766055690f76a8e8f29dfb2a2f89cf04db8d0f2d2?s=96&d=mm&r=g","contentUrl":"https:\/\/secure.gravatar.com\/avatar\/0fcc8769024577fd0bc6a8b766055690f76a8e8f29dfb2a2f89cf04db8d0f2d2?s=96&d=mm&r=g","caption":"Gessika Julia Carvalho"},"sameAs":["https:\/\/www.tuasaude.com\/news\/"],"url":"https:\/\/www.tuasaude.com\/news\/author\/gessika-julia\/"}]}},"_links":{"self":[{"href":"https:\/\/www.tuasaude.com\/news\/wp-json\/wp\/v2\/posts\/108556","targetHints":{"allow":["GET"]}}],"collection":[{"href":"https:\/\/www.tuasaude.com\/news\/wp-json\/wp\/v2\/posts"}],"about":[{"href":"https:\/\/www.tuasaude.com\/news\/wp-json\/wp\/v2\/types\/post"}],"author":[{"embeddable":true,"href":"https:\/\/www.tuasaude.com\/news\/wp-json\/wp\/v2\/users\/11"}],"replies":[{"embeddable":true,"href":"https:\/\/www.tuasaude.com\/news\/wp-json\/wp\/v2\/comments?post=108556"}],"version-history":[{"count":2,"href":"https:\/\/www.tuasaude.com\/news\/wp-json\/wp\/v2\/posts\/108556\/revisions"}],"predecessor-version":[{"id":108576,"href":"https:\/\/www.tuasaude.com\/news\/wp-json\/wp\/v2\/posts\/108556\/revisions\/108576"}],"wp:featuredmedia":[{"embeddable":true,"href":"https:\/\/www.tuasaude.com\/news\/wp-json\/wp\/v2\/media\/108572"}],"wp:attachment":[{"href":"https:\/\/www.tuasaude.com\/news\/wp-json\/wp\/v2\/media?parent=108556"}],"wp:term":[{"taxonomy":"category","embeddable":true,"href":"https:\/\/www.tuasaude.com\/news\/wp-json\/wp\/v2\/categories?post=108556"},{"taxonomy":"post_tag","embeddable":true,"href":"https:\/\/www.tuasaude.com\/news\/wp-json\/wp\/v2\/tags?post=108556"}],"curies":[{"name":"wp","href":"https:\/\/api.w.org\/{rel}","templated":true}]}}