{"id":108526,"date":"2026-09-05T00:55:00","date_gmt":"2026-09-05T03:55:00","guid":{"rendered":"https:\/\/www.tuasaude.com\/news\/?p=108526"},"modified":"2026-09-05T00:41:39","modified_gmt":"2026-09-05T03:41:39","slug":"o-cansaco-constante-durante-o-dia-nao-surge-apenas-por-falta-de-sono-mas-geralmente-por-fatores-como-anemia-ou-deficiencia-de-vitamina-d","status":"publish","type":"post","link":"https:\/\/www.tuasaude.com\/news\/2026\/09\/05\/o-cansaco-constante-durante-o-dia-nao-surge-apenas-por-falta-de-sono-mas-geralmente-por-fatores-como-anemia-ou-deficiencia-de-vitamina-d\/","title":{"rendered":"O cansa\u00e7o constante durante o dia n\u00e3o surge apenas por falta de sono, mas geralmente por fatores como anemia ou defici\u00eancia de vitamina D"},"content":{"rendered":"\n<p class=\"wp-block-paragraph\">Sentir-se exausto mesmo ap\u00f3s uma noite inteira de sono \u00e9 um sinal que merece aten\u00e7\u00e3o. O cansa\u00e7o constante durante o dia raramente est\u00e1 ligado apenas \u00e0 rotina puxada ou a poucas horas de descanso, pois costuma ter origem cl\u00ednica, como anemia por defici\u00eancia de ferro ou baixos n\u00edveis de vitamina D no organismo. Identificar a causa correta \u00e9 o primeiro passo para recuperar a disposi\u00e7\u00e3o e proteger a sa\u00fade a longo prazo.<\/p>\n\n\n\n<h2 class=\"wp-block-heading\">Por que dormir bem n\u00e3o elimina o cansa\u00e7o?<\/h2>\n\n\n\n<p class=\"wp-block-paragraph\">O sono reparador \u00e9 essencial, mas n\u00e3o resolve defici\u00eancias nutricionais ou altera\u00e7\u00f5es metab\u00f3licas que afetam a produ\u00e7\u00e3o de energia nas c\u00e9lulas. Quando o corpo n\u00e3o recebe oxig\u00eanio ou nutrientes suficientes, a sensa\u00e7\u00e3o de fadiga persiste mesmo ap\u00f3s 8 horas de descanso.<\/p>\n\n\n\n<p class=\"wp-block-paragraph\">Fatores como estresse cr\u00f4nico, hipotireoidismo e altera\u00e7\u00f5es hormonais tamb\u00e9m contribuem para o esgotamento diurno. Por isso, um <a href=\"https:\/\/www.tuasaude.com\/cansaco-excessivo\/\" target=\"_blank\" rel=\"noreferrer noopener\">cansa\u00e7o excessivo<\/a> que dura semanas exige investiga\u00e7\u00e3o m\u00e9dica em vez de apenas ajustes na rotina de sono.<\/p>\n\n\n\n<h2 class=\"wp-block-heading\">Quais s\u00e3o os principais sinais da anemia?<\/h2>\n\n\n\n<p class=\"wp-block-paragraph\">A anemia ocorre quando h\u00e1 redu\u00e7\u00e3o da hemoglobina no sangue, prejudicando o transporte de oxig\u00eanio para os tecidos. Esse d\u00e9ficit gera cansa\u00e7o extremo, palidez e queda de rendimento nas atividades di\u00e1rias.<\/p>\n\n\n\n<p class=\"wp-block-paragraph\">Entre as causas mais comuns est\u00e1 a baixa ingest\u00e3o de ferro, al\u00e9m de perdas sangu\u00edneas e m\u00e1 absor\u00e7\u00e3o intestinal. Conhecer os sinais da <a href=\"https:\/\/www.tuasaude.com\/anemia\/\" target=\"_blank\" rel=\"noreferrer noopener\">anemia<\/a> ajuda a buscar diagn\u00f3stico precoce e evitar complica\u00e7\u00f5es mais s\u00e9rias.<\/p>\n\n\n<div class=\"wp-block-image\">\n<figure class=\"aligncenter size-large\"><img decoding=\"async\" width=\"1024\" height=\"571\" src=\"https:\/\/www.tuasaude.com\/news\/wp-content\/uploads\/2026\/09\/Medical_infographic_explaining_p\u2026_202609050040-1024x571.jpg\" alt=\"Hemograma, ferritina, vitamina D e metabolismo ajudam a investigar o cansa\u00e7o persistente.\" class=\"wp-image-108546\" srcset=\"https:\/\/www.tuasaude.com\/news\/wp-content\/uploads\/2026\/09\/Medical_infographic_explaining_p\u2026_202609050040-1024x571.jpg 1024w, https:\/\/www.tuasaude.com\/news\/wp-content\/uploads\/2026\/09\/Medical_infographic_explaining_p\u2026_202609050040-300x167.jpg 300w, https:\/\/www.tuasaude.com\/news\/wp-content\/uploads\/2026\/09\/Medical_infographic_explaining_p\u2026_202609050040-768x428.jpg 768w, https:\/\/www.tuasaude.com\/news\/wp-content\/uploads\/2026\/09\/Medical_infographic_explaining_p\u2026_202609050040-750x418.jpg 750w, https:\/\/www.tuasaude.com\/news\/wp-content\/uploads\/2026\/09\/Medical_infographic_explaining_p\u2026_202609050040-1140x636.jpg 1140w, https:\/\/www.tuasaude.com\/news\/wp-content\/uploads\/2026\/09\/Medical_infographic_explaining_p\u2026_202609050040.jpg 1280w\" sizes=\"(max-width: 1024px) 100vw, 1024px\" \/><figcaption class=\"wp-element-caption\">Hemograma, ferritina, vitamina D e metabolismo ajudam a investigar o cansa\u00e7o persistente.<\/figcaption><\/figure>\n<\/div>\n\n\n<h2 class=\"wp-block-heading\">Como a defici\u00eancia de vitamina D afeta a disposi\u00e7\u00e3o?<\/h2>\n\n\n\n<p class=\"wp-block-paragraph\">A vitamina D atua na fun\u00e7\u00e3o muscular, no sistema imunol\u00f3gico e no metabolismo energ\u00e9tico. N\u00edveis baixos est\u00e3o associados a fraqueza, dores musculares difusas e sensa\u00e7\u00e3o de cansa\u00e7o mesmo em tarefas leves.<\/p>\n\n\n\n<p class=\"wp-block-paragraph\">A exposi\u00e7\u00e3o solar insuficiente e dietas pobres em alimentos-fonte favorecem a queda dessa vitamina no organismo. Reconhecer a <a href=\"https:\/\/www.tuasaude.com\/deficiencia-de-vitamina-d\/\" target=\"_blank\" rel=\"noreferrer noopener\">defici\u00eancia de vitamina D<\/a> permite ajustar h\u00e1bitos e prevenir problemas \u00f3sseos e imunol\u00f3gicos ao longo do tempo.<\/p>\n\n\n\n<h2 class=\"wp-block-heading\">O que a ci\u00eancia diz sobre fadiga e vitamina D?<\/h2>\n\n\n\n<p class=\"wp-block-paragraph\">Pesquisas recentes refor\u00e7am a rela\u00e7\u00e3o entre baixos n\u00edveis de vitamina D e o cansa\u00e7o persistente. Segundo a revis\u00e3o sistem\u00e1tica e meta-an\u00e1lise <a href=\"https:\/\/pmc.ncbi.nlm.nih.gov\/articles\/PMC10343753\/\" target=\"_blank\" rel=\"noreferrer noopener\">Effect of Vitamin D Supplementation on Fatigue in Multiple Sclerosis<\/a>, publicada na revista Nutrients e indexada no PubMed Central, a suplementa\u00e7\u00e3o de vitamina D demonstrou efeito positivo na redu\u00e7\u00e3o da fadiga em pacientes com defici\u00eancia comprovada do nutriente.<\/p>\n\n\n\n<p class=\"wp-block-paragraph\">Os autores destacam, no entanto, que o benef\u00edcio aparece de forma consistente apenas quando h\u00e1 defici\u00eancia confirmada por exame laboratorial, refor\u00e7ando a import\u00e2ncia da avalia\u00e7\u00e3o m\u00e9dica antes de iniciar qualquer suplemento por conta pr\u00f3pria.<\/p>\n\n\n<div class=\"wp-block-image\">\n<figure class=\"aligncenter size-large\"><img decoding=\"async\" width=\"1024\" height=\"571\" src=\"https:\/\/www.tuasaude.com\/news\/wp-content\/uploads\/2026\/09\/Man_standing_at_desk_202609050040-1024x571.jpg\" alt=\"Anemia e vitamina D baixa est\u00e3o entre as causas poss\u00edveis da fadiga diurna.\" class=\"wp-image-108547\" srcset=\"https:\/\/www.tuasaude.com\/news\/wp-content\/uploads\/2026\/09\/Man_standing_at_desk_202609050040-1024x571.jpg 1024w, https:\/\/www.tuasaude.com\/news\/wp-content\/uploads\/2026\/09\/Man_standing_at_desk_202609050040-300x167.jpg 300w, https:\/\/www.tuasaude.com\/news\/wp-content\/uploads\/2026\/09\/Man_standing_at_desk_202609050040-768x428.jpg 768w, https:\/\/www.tuasaude.com\/news\/wp-content\/uploads\/2026\/09\/Man_standing_at_desk_202609050040-750x418.jpg 750w, https:\/\/www.tuasaude.com\/news\/wp-content\/uploads\/2026\/09\/Man_standing_at_desk_202609050040-1140x636.jpg 1140w, https:\/\/www.tuasaude.com\/news\/wp-content\/uploads\/2026\/09\/Man_standing_at_desk_202609050040.jpg 1280w\" sizes=\"(max-width: 1024px) 100vw, 1024px\" \/><figcaption class=\"wp-element-caption\">Anemia e vitamina D baixa est\u00e3o entre as causas poss\u00edveis da fadiga diurna.<\/figcaption><\/figure>\n<\/div>\n\n\n<h2 class=\"wp-block-heading\">Quais exames ajudam a identificar a causa do cansa\u00e7o?<\/h2>\n\n\n\n<p class=\"wp-block-paragraph\">Antes de recorrer a suplementos ou multivitam\u00ednicos, \u00e9 fundamental passar por avalia\u00e7\u00e3o cl\u00ednica e realizar exames laboratoriais simples que revelam a origem do problema. Esses testes s\u00e3o acess\u00edveis e orientam o tratamento correto.<\/p>\n\n\n\n<ul class=\"wp-block-list\">\n<li><strong>Hemograma completo<\/strong>: avalia gl\u00f3bulos vermelhos, hemoglobina e hemat\u00f3crito, identificando anemia.<\/li>\n\n\n\n<li><strong>Ferritina<\/strong>: mede as reservas de ferro no organismo, mesmo antes de a anemia se instalar.<\/li>\n\n\n\n<li><strong>25-OH vitamina D<\/strong>: verifica os n\u00edveis circulantes da vitamina e detecta defici\u00eancia.<\/li>\n\n\n\n<li><strong>TSH e T4 livre<\/strong>: investigam altera\u00e7\u00f5es na tireoide que causam fadiga.<\/li>\n\n\n\n<li><strong>Glicemia de jejum<\/strong>: descarta diabetes ou resist\u00eancia \u00e0 insulina como causa do cansa\u00e7o.<\/li>\n<\/ul>\n\n\n\n<p class=\"wp-block-paragraph\">O cl\u00ednico geral \u00e9 o profissional indicado para solicitar e interpretar os resultados desses exames de forma segura, definindo se h\u00e1 necessidade de reposi\u00e7\u00e3o nutricional, mudan\u00e7a na alimenta\u00e7\u00e3o ou investiga\u00e7\u00e3o adicional. A automedica\u00e7\u00e3o com ferro ou vitamina D pode mascarar diagn\u00f3sticos e trazer riscos ao organismo.<\/p>\n\n\n\n<p class=\"wp-block-paragraph\"><em>Este conte\u00fado tem car\u00e1ter apenas informativo e n\u00e3o substitui a avalia\u00e7\u00e3o de um m\u00e9dico. Consulte sempre um profissional de sa\u00fade qualificado para diagn\u00f3stico e tratamento adequados ao seu caso.<\/em><\/p>\n","protected":false},"excerpt":{"rendered":"<p>Sentir-se exausto mesmo ap\u00f3s uma noite inteira de sono \u00e9 um sinal que merece aten\u00e7\u00e3o. O cansa\u00e7o constante durante o dia raramente est\u00e1 ligado apenas \u00e0 rotina puxada ou a poucas horas de descanso, pois costuma ter origem cl\u00ednica, como anemia por defici\u00eancia de ferro ou baixos n\u00edveis de vitamina D no organismo. Identificar a [&hellip;]<\/p>\n","protected":false},"author":11,"featured_media":108545,"comment_status":"open","ping_status":"open","sticky":false,"template":"","format":"standard","meta":{"_yoast_wpseo_focuskw":"cansa\u00e7o","_yoast_wpseo_title":"","_yoast_wpseo_metadesc":"Cansa\u00e7o durante o dia, fraqueza e palidez podem indicar anemia ou vitamina D baixa. Saiba quais sinais merecem aten\u00e7\u00e3o e quando investigar a causa.","jnews-multi-image_gallery":[],"jnews_single_post":{"format":"standard"},"jnews_primary_category":[],"jnews_social_meta":[],"jnews_override_counter":[],"footnotes":""},"categories":[111],"tags":[193,136,116,114],"class_list":["post-108526","post","type-post","status-publish","format-standard","has-post-thumbnail","hentry","category-saude","tag-cansaco","tag-saude","tag-sono","tag-vitamina-d"],"yoast_head":"<!-- This site is optimized with the Yoast SEO plugin v26.7 - https:\/\/yoast.com\/wordpress\/plugins\/seo\/ -->\n<title>O cansa\u00e7o constante durante o dia n\u00e3o surge apenas por falta de sono, mas geralmente por fatores como anemia ou defici\u00eancia de vitamina D - Tua Sa\u00fade<\/title>\n<meta name=\"description\" content=\"Cansa\u00e7o durante o dia, fraqueza e palidez podem indicar anemia ou vitamina D baixa. Saiba quais sinais merecem aten\u00e7\u00e3o e quando investigar a causa.\" \/>\n<meta name=\"robots\" content=\"index, follow, max-snippet:-1, max-image-preview:large, max-video-preview:-1\" \/>\n<link rel=\"canonical\" href=\"https:\/\/www.tuasaude.com\/news\/2026\/09\/05\/o-cansaco-constante-durante-o-dia-nao-surge-apenas-por-falta-de-sono-mas-geralmente-por-fatores-como-anemia-ou-deficiencia-de-vitamina-d\/\" \/>\n<meta property=\"og:locale\" content=\"pt_BR\" \/>\n<meta property=\"og:type\" content=\"article\" \/>\n<meta property=\"og:title\" content=\"O cansa\u00e7o constante durante o dia n\u00e3o surge apenas por falta de sono, mas geralmente por fatores como anemia ou defici\u00eancia de vitamina D - Tua Sa\u00fade\" \/>\n<meta property=\"og:description\" content=\"Cansa\u00e7o durante o dia, fraqueza e palidez podem indicar anemia ou vitamina D baixa. Saiba quais sinais merecem aten\u00e7\u00e3o e quando investigar a causa.\" \/>\n<meta property=\"og:url\" content=\"https:\/\/www.tuasaude.com\/news\/2026\/09\/05\/o-cansaco-constante-durante-o-dia-nao-surge-apenas-por-falta-de-sono-mas-geralmente-por-fatores-como-anemia-ou-deficiencia-de-vitamina-d\/\" \/>\n<meta property=\"og:site_name\" content=\"Tua Sa\u00fade\" \/>\n<meta property=\"article:published_time\" content=\"2026-09-05T03:55:00+00:00\" \/>\n<meta property=\"og:image\" content=\"https:\/\/www.tuasaude.com\/news\/wp-content\/uploads\/2026\/09\/Woman_sitting_at_breakfast_table_202609050040.jpg\" \/>\n\t<meta property=\"og:image:width\" content=\"1280\" \/>\n\t<meta property=\"og:image:height\" content=\"714\" \/>\n\t<meta property=\"og:image:type\" content=\"image\/jpeg\" \/>\n<meta name=\"author\" content=\"Gessika Julia Carvalho\" \/>\n<meta name=\"twitter:card\" content=\"summary_large_image\" \/>\n<meta name=\"twitter:label1\" content=\"Escrito por\" \/>\n\t<meta name=\"twitter:data1\" content=\"Gessika Julia Carvalho\" \/>\n\t<meta name=\"twitter:label2\" content=\"Est. tempo de leitura\" \/>\n\t<meta name=\"twitter:data2\" content=\"4 minutos\" \/>\n<!-- \/ Yoast SEO plugin. -->","yoast_head_json":{"title":"O cansa\u00e7o constante durante o dia n\u00e3o surge apenas por falta de sono, mas geralmente por fatores como anemia ou defici\u00eancia de vitamina D - Tua Sa\u00fade","description":"Cansa\u00e7o durante o dia, fraqueza e palidez podem indicar anemia ou vitamina D baixa. Saiba quais sinais merecem aten\u00e7\u00e3o e quando investigar a causa.","robots":{"index":"index","follow":"follow","max-snippet":"max-snippet:-1","max-image-preview":"max-image-preview:large","max-video-preview":"max-video-preview:-1"},"canonical":"https:\/\/www.tuasaude.com\/news\/2026\/09\/05\/o-cansaco-constante-durante-o-dia-nao-surge-apenas-por-falta-de-sono-mas-geralmente-por-fatores-como-anemia-ou-deficiencia-de-vitamina-d\/","og_locale":"pt_BR","og_type":"article","og_title":"O cansa\u00e7o constante durante o dia n\u00e3o surge apenas por falta de sono, mas geralmente por fatores como anemia ou defici\u00eancia de vitamina D - Tua Sa\u00fade","og_description":"Cansa\u00e7o durante o dia, fraqueza e palidez podem indicar anemia ou vitamina D baixa. Saiba quais sinais merecem aten\u00e7\u00e3o e quando investigar a causa.","og_url":"https:\/\/www.tuasaude.com\/news\/2026\/09\/05\/o-cansaco-constante-durante-o-dia-nao-surge-apenas-por-falta-de-sono-mas-geralmente-por-fatores-como-anemia-ou-deficiencia-de-vitamina-d\/","og_site_name":"Tua Sa\u00fade","article_published_time":"2026-09-05T03:55:00+00:00","og_image":[{"width":1280,"height":714,"url":"https:\/\/www.tuasaude.com\/news\/wp-content\/uploads\/2026\/09\/Woman_sitting_at_breakfast_table_202609050040.jpg","type":"image\/jpeg"}],"author":"Gessika Julia Carvalho","twitter_card":"summary_large_image","twitter_misc":{"Escrito por":"Gessika Julia Carvalho","Est. tempo de leitura":"4 minutos"},"schema":{"@context":"https:\/\/schema.org","@graph":[{"@type":"Article","@id":"https:\/\/www.tuasaude.com\/news\/2026\/09\/05\/o-cansaco-constante-durante-o-dia-nao-surge-apenas-por-falta-de-sono-mas-geralmente-por-fatores-como-anemia-ou-deficiencia-de-vitamina-d\/#article","isPartOf":{"@id":"https:\/\/www.tuasaude.com\/news\/2026\/09\/05\/o-cansaco-constante-durante-o-dia-nao-surge-apenas-por-falta-de-sono-mas-geralmente-por-fatores-como-anemia-ou-deficiencia-de-vitamina-d\/"},"author":{"name":"Gessika Julia Carvalho","@id":"https:\/\/www.tuasaude.com\/news\/#\/schema\/person\/2e9df841be69ec84f5d20ddb8d273ac2"},"headline":"O cansa\u00e7o constante durante o dia n\u00e3o surge apenas por falta de sono, mas geralmente por fatores como anemia ou defici\u00eancia de vitamina D","datePublished":"2026-09-05T03:55:00+00:00","mainEntityOfPage":{"@id":"https:\/\/www.tuasaude.com\/news\/2026\/09\/05\/o-cansaco-constante-durante-o-dia-nao-surge-apenas-por-falta-de-sono-mas-geralmente-por-fatores-como-anemia-ou-deficiencia-de-vitamina-d\/"},"wordCount":727,"commentCount":0,"image":{"@id":"https:\/\/www.tuasaude.com\/news\/2026\/09\/05\/o-cansaco-constante-durante-o-dia-nao-surge-apenas-por-falta-de-sono-mas-geralmente-por-fatores-como-anemia-ou-deficiencia-de-vitamina-d\/#primaryimage"},"thumbnailUrl":"https:\/\/www.tuasaude.com\/news\/wp-content\/uploads\/2026\/09\/Woman_sitting_at_breakfast_table_202609050040.jpg","keywords":["cansa\u00e7o","sa\u00fade","sono","vitamina d"],"articleSection":["Sa\u00fade"],"inLanguage":"pt-BR","potentialAction":[{"@type":"CommentAction","name":"Comment","target":["https:\/\/www.tuasaude.com\/news\/2026\/09\/05\/o-cansaco-constante-durante-o-dia-nao-surge-apenas-por-falta-de-sono-mas-geralmente-por-fatores-como-anemia-ou-deficiencia-de-vitamina-d\/#respond"]}]},{"@type":"WebPage","@id":"https:\/\/www.tuasaude.com\/news\/2026\/09\/05\/o-cansaco-constante-durante-o-dia-nao-surge-apenas-por-falta-de-sono-mas-geralmente-por-fatores-como-anemia-ou-deficiencia-de-vitamina-d\/","url":"https:\/\/www.tuasaude.com\/news\/2026\/09\/05\/o-cansaco-constante-durante-o-dia-nao-surge-apenas-por-falta-de-sono-mas-geralmente-por-fatores-como-anemia-ou-deficiencia-de-vitamina-d\/","name":"O cansa\u00e7o constante durante o dia n\u00e3o surge apenas por falta de sono, mas geralmente por fatores como anemia ou defici\u00eancia de vitamina D - Tua Sa\u00fade","isPartOf":{"@id":"https:\/\/www.tuasaude.com\/news\/#website"},"primaryImageOfPage":{"@id":"https:\/\/www.tuasaude.com\/news\/2026\/09\/05\/o-cansaco-constante-durante-o-dia-nao-surge-apenas-por-falta-de-sono-mas-geralmente-por-fatores-como-anemia-ou-deficiencia-de-vitamina-d\/#primaryimage"},"image":{"@id":"https:\/\/www.tuasaude.com\/news\/2026\/09\/05\/o-cansaco-constante-durante-o-dia-nao-surge-apenas-por-falta-de-sono-mas-geralmente-por-fatores-como-anemia-ou-deficiencia-de-vitamina-d\/#primaryimage"},"thumbnailUrl":"https:\/\/www.tuasaude.com\/news\/wp-content\/uploads\/2026\/09\/Woman_sitting_at_breakfast_table_202609050040.jpg","datePublished":"2026-09-05T03:55:00+00:00","author":{"@id":"https:\/\/www.tuasaude.com\/news\/#\/schema\/person\/2e9df841be69ec84f5d20ddb8d273ac2"},"description":"Cansa\u00e7o durante o dia, fraqueza e palidez podem indicar anemia ou vitamina D baixa. Saiba quais sinais merecem aten\u00e7\u00e3o e quando investigar a causa.","breadcrumb":{"@id":"https:\/\/www.tuasaude.com\/news\/2026\/09\/05\/o-cansaco-constante-durante-o-dia-nao-surge-apenas-por-falta-de-sono-mas-geralmente-por-fatores-como-anemia-ou-deficiencia-de-vitamina-d\/#breadcrumb"},"inLanguage":"pt-BR","potentialAction":[{"@type":"ReadAction","target":["https:\/\/www.tuasaude.com\/news\/2026\/09\/05\/o-cansaco-constante-durante-o-dia-nao-surge-apenas-por-falta-de-sono-mas-geralmente-por-fatores-como-anemia-ou-deficiencia-de-vitamina-d\/"]}]},{"@type":"ImageObject","inLanguage":"pt-BR","@id":"https:\/\/www.tuasaude.com\/news\/2026\/09\/05\/o-cansaco-constante-durante-o-dia-nao-surge-apenas-por-falta-de-sono-mas-geralmente-por-fatores-como-anemia-ou-deficiencia-de-vitamina-d\/#primaryimage","url":"https:\/\/www.tuasaude.com\/news\/wp-content\/uploads\/2026\/09\/Woman_sitting_at_breakfast_table_202609050040.jpg","contentUrl":"https:\/\/www.tuasaude.com\/news\/wp-content\/uploads\/2026\/09\/Woman_sitting_at_breakfast_table_202609050040.jpg","width":1280,"height":714,"caption":"O cansa\u00e7o constante durante o dia n\u00e3o surge apenas por falta de sono, mas geralmente por fatores como anemia ou defici\u00eancia de vitamina D"},{"@type":"BreadcrumbList","@id":"https:\/\/www.tuasaude.com\/news\/2026\/09\/05\/o-cansaco-constante-durante-o-dia-nao-surge-apenas-por-falta-de-sono-mas-geralmente-por-fatores-como-anemia-ou-deficiencia-de-vitamina-d\/#breadcrumb","itemListElement":[{"@type":"ListItem","position":1,"name":"In\u00edcio","item":"https:\/\/www.tuasaude.com\/news\/"},{"@type":"ListItem","position":2,"name":"O cansa\u00e7o constante durante o dia n\u00e3o surge apenas por falta de sono, mas geralmente por fatores como anemia ou defici\u00eancia de vitamina D"}]},{"@type":"WebSite","@id":"https:\/\/www.tuasaude.com\/news\/#website","url":"https:\/\/www.tuasaude.com\/news\/","name":"Tua Sa\u00fade","description":"Seu site de sa\u00fade","potentialAction":[{"@type":"SearchAction","target":{"@type":"EntryPoint","urlTemplate":"https:\/\/www.tuasaude.com\/news\/?s={search_term_string}"},"query-input":{"@type":"PropertyValueSpecification","valueRequired":true,"valueName":"search_term_string"}}],"inLanguage":"pt-BR"},{"@type":"Person","@id":"https:\/\/www.tuasaude.com\/news\/#\/schema\/person\/2e9df841be69ec84f5d20ddb8d273ac2","name":"Gessika Julia Carvalho","image":{"@type":"ImageObject","inLanguage":"pt-BR","@id":"https:\/\/www.tuasaude.com\/news\/#\/schema\/person\/image\/","url":"https:\/\/secure.gravatar.com\/avatar\/0fcc8769024577fd0bc6a8b766055690f76a8e8f29dfb2a2f89cf04db8d0f2d2?s=96&d=mm&r=g","contentUrl":"https:\/\/secure.gravatar.com\/avatar\/0fcc8769024577fd0bc6a8b766055690f76a8e8f29dfb2a2f89cf04db8d0f2d2?s=96&d=mm&r=g","caption":"Gessika Julia Carvalho"},"sameAs":["https:\/\/www.tuasaude.com\/news\/"],"url":"https:\/\/www.tuasaude.com\/news\/author\/gessika-julia\/"}]}},"_links":{"self":[{"href":"https:\/\/www.tuasaude.com\/news\/wp-json\/wp\/v2\/posts\/108526","targetHints":{"allow":["GET"]}}],"collection":[{"href":"https:\/\/www.tuasaude.com\/news\/wp-json\/wp\/v2\/posts"}],"about":[{"href":"https:\/\/www.tuasaude.com\/news\/wp-json\/wp\/v2\/types\/post"}],"author":[{"embeddable":true,"href":"https:\/\/www.tuasaude.com\/news\/wp-json\/wp\/v2\/users\/11"}],"replies":[{"embeddable":true,"href":"https:\/\/www.tuasaude.com\/news\/wp-json\/wp\/v2\/comments?post=108526"}],"version-history":[{"count":1,"href":"https:\/\/www.tuasaude.com\/news\/wp-json\/wp\/v2\/posts\/108526\/revisions"}],"predecessor-version":[{"id":108548,"href":"https:\/\/www.tuasaude.com\/news\/wp-json\/wp\/v2\/posts\/108526\/revisions\/108548"}],"wp:featuredmedia":[{"embeddable":true,"href":"https:\/\/www.tuasaude.com\/news\/wp-json\/wp\/v2\/media\/108545"}],"wp:attachment":[{"href":"https:\/\/www.tuasaude.com\/news\/wp-json\/wp\/v2\/media?parent=108526"}],"wp:term":[{"taxonomy":"category","embeddable":true,"href":"https:\/\/www.tuasaude.com\/news\/wp-json\/wp\/v2\/categories?post=108526"},{"taxonomy":"post_tag","embeddable":true,"href":"https:\/\/www.tuasaude.com\/news\/wp-json\/wp\/v2\/tags?post=108526"}],"curies":[{"name":"wp","href":"https:\/\/api.w.org\/{rel}","templated":true}]}}