{"id":108483,"date":"2026-09-05T08:35:00","date_gmt":"2026-09-05T11:35:00","guid":{"rendered":"https:\/\/www.tuasaude.com\/news\/?p=108483"},"modified":"2026-09-05T00:59:10","modified_gmt":"2026-09-05T03:59:10","slug":"rosto-parece-mais-caido-depois-dos-50-por-que-bochechas-e-contorno-mudam-com-a-idade","status":"publish","type":"post","link":"https:\/\/www.tuasaude.com\/news\/2026\/09\/05\/rosto-parece-mais-caido-depois-dos-50-por-que-bochechas-e-contorno-mudam-com-a-idade\/","title":{"rendered":"Rosto parece mais ca\u00eddo depois dos 50: por que bochechas e contorno mudam com a idade"},"content":{"rendered":"\n<p class=\"wp-block-paragraph\">Perceber o <strong>rosto ca\u00eddo<\/strong> de forma gradual depois dos 50 pode fazer parte do envelhecimento natural. Com o passar dos anos, altera\u00e7\u00f5es no col\u00e1geno, na elasticidade da pele, na gordura facial e at\u00e9 na estrutura \u00f3ssea podem deixar as bochechas mais baixas, os sulcos mais marcados e o contorno da mand\u00edbula menos definido.<\/p>\n\n\n\n<h2 class=\"wp-block-heading\">Quais mudan\u00e7as deixam o rosto mais ca\u00eddo<\/h2>\n\n\n\n<p class=\"wp-block-paragraph\">O envelhecimento facial n\u00e3o acontece apenas na superf\u00edcie da pele. V\u00e1rias estruturas mudam progressivamente e, juntas, alteram o formato e a sustenta\u00e7\u00e3o do rosto.<\/p>\n\n\n\n<ul class=\"wp-block-list\">\n<li>redu\u00e7\u00e3o e reorganiza\u00e7\u00e3o do <strong>col\u00e1geno e da elastina<\/strong>;<\/li>\n<li>pele mais fina, seca e menos firme;<\/li>\n<li>redistribui\u00e7\u00e3o ou perda de gordura nas bochechas;<\/li>\n<li>mudan\u00e7as graduais nos m\u00fasculos e ossos da face;<\/li>\n<li>maior destaque de sulcos, linhas e do contorno abaixo das bochechas.<\/li>\n<\/ul>\n\n\n\n<h2 class=\"wp-block-heading\">Por que a pele perde firmeza depois dos 50<\/h2>\n\n\n<div class=\"wp-block-image wp-block-image size-large\">\n<figure class=\"aligncenter\"><img decoding=\"async\" width=\"1280\" height=\"714\" src=\"https:\/\/www.tuasaude.com\/news\/wp-content\/uploads\/2026\/09\/108483_rosto-parece-mais-caido-depois-dos-50-por-que-bochechas-e-co_corpo.jpg\" alt=\"O envelhecimento facial envolve mudan\u00e7as na pele, gordura e estruturas que sustentam o rosto.\" class=\"wp-image-108485\" srcset=\"https:\/\/www.tuasaude.com\/news\/wp-content\/uploads\/2026\/09\/108483_rosto-parece-mais-caido-depois-dos-50-por-que-bochechas-e-co_corpo.jpg 1280w, https:\/\/www.tuasaude.com\/news\/wp-content\/uploads\/2026\/09\/108483_rosto-parece-mais-caido-depois-dos-50-por-que-bochechas-e-co_corpo-300x167.jpg 300w, https:\/\/www.tuasaude.com\/news\/wp-content\/uploads\/2026\/09\/108483_rosto-parece-mais-caido-depois-dos-50-por-que-bochechas-e-co_corpo-1024x571.jpg 1024w, https:\/\/www.tuasaude.com\/news\/wp-content\/uploads\/2026\/09\/108483_rosto-parece-mais-caido-depois-dos-50-por-que-bochechas-e-co_corpo-768x428.jpg 768w, https:\/\/www.tuasaude.com\/news\/wp-content\/uploads\/2026\/09\/108483_rosto-parece-mais-caido-depois-dos-50-por-que-bochechas-e-co_corpo-750x418.jpg 750w, https:\/\/www.tuasaude.com\/news\/wp-content\/uploads\/2026\/09\/108483_rosto-parece-mais-caido-depois-dos-50-por-que-bochechas-e-co_corpo-1140x636.jpg 1140w\" sizes=\"(max-width: 1280px) 100vw, 1280px\" \/><figcaption class=\"wp-element-caption\">O envelhecimento facial envolve mudan\u00e7as na pele, gordura e estruturas que sustentam o rosto.<\/figcaption><\/figure>\n<\/div>\n\n\n<p class=\"wp-block-paragraph\">A produ\u00e7\u00e3o e a organiza\u00e7\u00e3o das fibras respons\u00e1veis pela sustenta\u00e7\u00e3o da pele mudam com a idade. A exposi\u00e7\u00e3o solar acumulada tamb\u00e9m acelera esse processo. A <a href=\"https:\/\/www.aad.org\/public\/everyday-care\/skin-care-basics\/care\/skin-care-in-your-40s-and-50s\" target=\"_blank\" rel=\"noopener noreferrer\">American Academy of Dermatology<\/a> destaca que os raios ultravioleta favorecem o fotoenvelhecimento, aumentando rugas e perda de firmeza.<\/p>\n\n\n\n<p class=\"wp-block-paragraph\">A intensidade dessas altera\u00e7\u00f5es varia entre as pessoas e depende de gen\u00e9tica, exposi\u00e7\u00e3o ao sol, tabagismo e outros fatores. A <a href=\"https:\/\/www.tuasaude.com\/flacidez\/\" target=\"_blank\" rel=\"noopener noreferrer\">flacidez<\/a>, portanto, n\u00e3o costuma surgir de um \u00fanico fator.<\/p>\n\n\n\n<h2 class=\"wp-block-heading\">O que um estudo mostra sobre o envelhecimento facial<\/h2>\n\n\n\n<p class=\"wp-block-paragraph\">Segundo a revis\u00e3o cient\u00edfica <a href=\"https:\/\/pubmed.ncbi.nlm.nih.gov\/33325497\/\" target=\"_blank\" rel=\"noopener noreferrer\"><em>The Facial Aging Process From the &#8220;Inside Out&#8221;<\/em><\/a>, publicada no <em>Aesthetic Surgery Journal<\/em>, o envelhecimento do rosto envolve mudan\u00e7as integradas na pele, gordura, m\u00fasculos e estrutura \u00f3ssea, e n\u00e3o apenas a a\u00e7\u00e3o da gravidade.<\/p>\n\n\n\n<p class=\"wp-block-paragraph\">A revis\u00e3o descreve redu\u00e7\u00e3o da s\u00edntese de col\u00e1geno, perda de elasticidade e redistribui\u00e7\u00e3o dos tecidos faciais ao longo dos anos. Essas mudan\u00e7as ajudam a explicar por que <strong>bochechas e contorno do rosto<\/strong> podem parecer mais baixos ou menos definidos com a idade.<\/p>\n\n\n\n<h2 class=\"wp-block-heading\">Quais cuidados ajudam a preservar a pele<\/h2>\n\n\n\n<p class=\"wp-block-paragraph\">Os cuidados di\u00e1rios n\u00e3o impedem o envelhecimento natural, mas podem reduzir danos externos e melhorar hidrata\u00e7\u00e3o, textura e apar\u00eancia da pele.<\/p>\n\n\n\n<ul class=\"wp-block-list\">\n<li>usar <strong>protetor solar de amplo espectro com FPS 30 ou maior<\/strong> diariamente;<\/li>\n<li>aplicar hidratante adequado ao tipo de pele;<\/li>\n<li>evitar exposi\u00e7\u00e3o solar excessiva e bronzeamento artificial;<\/li>\n<li>n\u00e3o fumar;<\/li>\n<li>preferir limpeza suave, sem esfregar excessivamente o rosto.<\/li>\n<\/ul>\n\n\n<div class=\"wp-block-image wp-block-image size-large\">\n<figure class=\"aligncenter\"><img decoding=\"async\" width=\"1280\" height=\"575\" src=\"https:\/\/www.tuasaude.com\/news\/wp-content\/uploads\/2026\/09\/108483_rosto-parece-mais-caido-depois-dos-50-por-que-bochechas-e-co_tabela.jpg\" alt=\"Rosto mais ca\u00eddo depois dos 50: 6 mudan\u00e7as que explicam bochechas e contorno\" class=\"wp-image-108486\" srcset=\"https:\/\/www.tuasaude.com\/news\/wp-content\/uploads\/2026\/09\/108483_rosto-parece-mais-caido-depois-dos-50-por-que-bochechas-e-co_tabela.jpg 1280w, https:\/\/www.tuasaude.com\/news\/wp-content\/uploads\/2026\/09\/108483_rosto-parece-mais-caido-depois-dos-50-por-que-bochechas-e-co_tabela-300x135.jpg 300w, https:\/\/www.tuasaude.com\/news\/wp-content\/uploads\/2026\/09\/108483_rosto-parece-mais-caido-depois-dos-50-por-que-bochechas-e-co_tabela-1024x460.jpg 1024w, https:\/\/www.tuasaude.com\/news\/wp-content\/uploads\/2026\/09\/108483_rosto-parece-mais-caido-depois-dos-50-por-que-bochechas-e-co_tabela-768x345.jpg 768w, https:\/\/www.tuasaude.com\/news\/wp-content\/uploads\/2026\/09\/108483_rosto-parece-mais-caido-depois-dos-50-por-que-bochechas-e-co_tabela-750x337.jpg 750w, https:\/\/www.tuasaude.com\/news\/wp-content\/uploads\/2026\/09\/108483_rosto-parece-mais-caido-depois-dos-50-por-que-bochechas-e-co_tabela-1140x512.jpg 1140w\" sizes=\"(max-width: 1280px) 100vw, 1280px\" \/><figcaption class=\"wp-element-caption\">Rosto mais ca\u00eddo depois dos 50: 6 mudan\u00e7as que explicam bochechas e contorno<\/figcaption><\/figure>\n<\/div>\n\n\n<h2 class=\"wp-block-heading\">Quando o rosto ca\u00eddo n\u00e3o deve ser atribu\u00eddo \u00e0 idade<\/h2>\n\n\n\n<p class=\"wp-block-paragraph\">A perda de firmeza relacionada ao envelhecimento costuma acontecer lentamente e de maneira relativamente gradual. Uma <strong>queda s\u00fabita de apenas um lado do rosto<\/strong>, principalmente se acompanhada de dificuldade para sorrir, levantar um bra\u00e7o, falar ou compreender palavras, n\u00e3o deve ser considerada uma mudan\u00e7a normal da idade.<\/p>\n\n\n\n<p class=\"wp-block-paragraph\">Nessa situa\u00e7\u00e3o, \u00e9 necess\u00e1rio procurar <strong>atendimento m\u00e9dico imediatamente<\/strong>, pois altera\u00e7\u00f5es repentinas da face podem ser um sinal de problema neurol\u00f3gico agudo, como um acidente vascular cerebral.<\/p>\n\n\n\n<p class=\"wp-block-paragraph\"><strong>Este conte\u00fado \u00e9 apenas informativo e n\u00e3o substitui a avalia\u00e7\u00e3o, o diagn\u00f3stico ou a orienta\u00e7\u00e3o de um m\u00e9dico.<\/strong><\/p>\n","protected":false},"excerpt":{"rendered":"<p>Perceber o rosto ca\u00eddo de forma gradual depois dos 50 pode fazer parte do envelhecimento natural. Com o passar dos anos, altera\u00e7\u00f5es no col\u00e1geno, na elasticidade da pele, na gordura facial e at\u00e9 na estrutura \u00f3ssea podem deixar as bochechas mais baixas, os sulcos mais marcados e o contorno da mand\u00edbula menos definido. Quais mudan\u00e7as [&hellip;]<\/p>\n","protected":false},"author":12,"featured_media":108484,"comment_status":"open","ping_status":"open","sticky":false,"template":"","format":"standard","meta":{"_yoast_wpseo_focuskw":"rosto ca\u00eddo","_yoast_wpseo_title":"","_yoast_wpseo_metadesc":"Rosto ca\u00eddo ap\u00f3s os 50 pode ocorrer com o envelhecimento facial. Entenda mudan\u00e7as nas bochechas, flacidez, cuidados e sinais que exigem avalia\u00e7\u00e3o.","jnews-multi-image_gallery":[],"jnews_single_post":{"format":"standard"},"jnews_primary_category":[],"jnews_social_meta":[],"jnews_override_counter":[],"footnotes":""},"categories":[111],"tags":[13308,13309,13310],"class_list":["post-108483","post","type-post","status-publish","format-standard","has-post-thumbnail","hentry","category-saude","tag-envelhecimento-facial","tag-flacidez-no-rosto","tag-perda-de-firmeza"],"yoast_head":"<!-- This site is optimized with the Yoast SEO plugin v26.7 - https:\/\/yoast.com\/wordpress\/plugins\/seo\/ -->\n<title>Rosto parece mais ca\u00eddo depois dos 50: por que bochechas e contorno mudam com a idade - Tua Sa\u00fade<\/title>\n<meta name=\"description\" content=\"Rosto ca\u00eddo ap\u00f3s os 50 pode ocorrer com o envelhecimento facial. Entenda mudan\u00e7as nas bochechas, flacidez, cuidados e sinais que exigem avalia\u00e7\u00e3o.\" \/>\n<meta name=\"robots\" content=\"index, follow, max-snippet:-1, max-image-preview:large, max-video-preview:-1\" \/>\n<link rel=\"canonical\" href=\"https:\/\/www.tuasaude.com\/news\/2026\/09\/05\/rosto-parece-mais-caido-depois-dos-50-por-que-bochechas-e-contorno-mudam-com-a-idade\/\" \/>\n<meta property=\"og:locale\" content=\"pt_BR\" \/>\n<meta property=\"og:type\" content=\"article\" \/>\n<meta property=\"og:title\" content=\"Rosto parece mais ca\u00eddo depois dos 50: por que bochechas e contorno mudam com a idade - Tua Sa\u00fade\" \/>\n<meta property=\"og:description\" content=\"Rosto ca\u00eddo ap\u00f3s os 50 pode ocorrer com o envelhecimento facial. Entenda mudan\u00e7as nas bochechas, flacidez, cuidados e sinais que exigem avalia\u00e7\u00e3o.\" \/>\n<meta property=\"og:url\" content=\"https:\/\/www.tuasaude.com\/news\/2026\/09\/05\/rosto-parece-mais-caido-depois-dos-50-por-que-bochechas-e-contorno-mudam-com-a-idade\/\" \/>\n<meta property=\"og:site_name\" content=\"Tua Sa\u00fade\" \/>\n<meta property=\"article:published_time\" content=\"2026-09-05T11:35:00+00:00\" \/>\n<meta property=\"og:image\" content=\"https:\/\/www.tuasaude.com\/news\/wp-content\/uploads\/2026\/09\/108483_rosto-parece-mais-caido-depois-dos-50-por-que-bochechas-e-co_destaque.jpg\" \/>\n\t<meta property=\"og:image:width\" content=\"1280\" \/>\n\t<meta property=\"og:image:height\" content=\"714\" \/>\n\t<meta property=\"og:image:type\" content=\"image\/jpeg\" \/>\n<meta name=\"author\" content=\"Jeferson Henrique\" \/>\n<meta name=\"twitter:card\" content=\"summary_large_image\" \/>\n<meta name=\"twitter:label1\" content=\"Escrito por\" \/>\n\t<meta name=\"twitter:data1\" content=\"Jeferson Henrique\" \/>\n\t<meta name=\"twitter:label2\" content=\"Est. tempo de leitura\" \/>\n\t<meta name=\"twitter:data2\" content=\"3 minutos\" \/>\n<!-- \/ Yoast SEO plugin. -->","yoast_head_json":{"title":"Rosto parece mais ca\u00eddo depois dos 50: por que bochechas e contorno mudam com a idade - Tua Sa\u00fade","description":"Rosto ca\u00eddo ap\u00f3s os 50 pode ocorrer com o envelhecimento facial. Entenda mudan\u00e7as nas bochechas, flacidez, cuidados e sinais que exigem avalia\u00e7\u00e3o.","robots":{"index":"index","follow":"follow","max-snippet":"max-snippet:-1","max-image-preview":"max-image-preview:large","max-video-preview":"max-video-preview:-1"},"canonical":"https:\/\/www.tuasaude.com\/news\/2026\/09\/05\/rosto-parece-mais-caido-depois-dos-50-por-que-bochechas-e-contorno-mudam-com-a-idade\/","og_locale":"pt_BR","og_type":"article","og_title":"Rosto parece mais ca\u00eddo depois dos 50: por que bochechas e contorno mudam com a idade - Tua Sa\u00fade","og_description":"Rosto ca\u00eddo ap\u00f3s os 50 pode ocorrer com o envelhecimento facial. Entenda mudan\u00e7as nas bochechas, flacidez, cuidados e sinais que exigem avalia\u00e7\u00e3o.","og_url":"https:\/\/www.tuasaude.com\/news\/2026\/09\/05\/rosto-parece-mais-caido-depois-dos-50-por-que-bochechas-e-contorno-mudam-com-a-idade\/","og_site_name":"Tua Sa\u00fade","article_published_time":"2026-09-05T11:35:00+00:00","og_image":[{"width":1280,"height":714,"url":"https:\/\/www.tuasaude.com\/news\/wp-content\/uploads\/2026\/09\/108483_rosto-parece-mais-caido-depois-dos-50-por-que-bochechas-e-co_destaque.jpg","type":"image\/jpeg"}],"author":"Jeferson Henrique","twitter_card":"summary_large_image","twitter_misc":{"Escrito por":"Jeferson Henrique","Est. tempo de leitura":"3 minutos"},"schema":{"@context":"https:\/\/schema.org","@graph":[{"@type":"Article","@id":"https:\/\/www.tuasaude.com\/news\/2026\/09\/05\/rosto-parece-mais-caido-depois-dos-50-por-que-bochechas-e-contorno-mudam-com-a-idade\/#article","isPartOf":{"@id":"https:\/\/www.tuasaude.com\/news\/2026\/09\/05\/rosto-parece-mais-caido-depois-dos-50-por-que-bochechas-e-contorno-mudam-com-a-idade\/"},"author":{"name":"Jeferson Henrique","@id":"https:\/\/www.tuasaude.com\/news\/#\/schema\/person\/963d63d4e1f0c81f5f3a70ba4bcb0ef7"},"headline":"Rosto parece mais ca\u00eddo depois dos 50: por que bochechas e contorno mudam com a idade","datePublished":"2026-09-05T11:35:00+00:00","mainEntityOfPage":{"@id":"https:\/\/www.tuasaude.com\/news\/2026\/09\/05\/rosto-parece-mais-caido-depois-dos-50-por-que-bochechas-e-contorno-mudam-com-a-idade\/"},"wordCount":560,"commentCount":0,"image":{"@id":"https:\/\/www.tuasaude.com\/news\/2026\/09\/05\/rosto-parece-mais-caido-depois-dos-50-por-que-bochechas-e-contorno-mudam-com-a-idade\/#primaryimage"},"thumbnailUrl":"https:\/\/www.tuasaude.com\/news\/wp-content\/uploads\/2026\/09\/108483_rosto-parece-mais-caido-depois-dos-50-por-que-bochechas-e-co_destaque.jpg","keywords":["envelhecimento facial","flacidez no rosto","perda de firmeza"],"articleSection":["Sa\u00fade"],"inLanguage":"pt-BR","potentialAction":[{"@type":"CommentAction","name":"Comment","target":["https:\/\/www.tuasaude.com\/news\/2026\/09\/05\/rosto-parece-mais-caido-depois-dos-50-por-que-bochechas-e-contorno-mudam-com-a-idade\/#respond"]}]},{"@type":"WebPage","@id":"https:\/\/www.tuasaude.com\/news\/2026\/09\/05\/rosto-parece-mais-caido-depois-dos-50-por-que-bochechas-e-contorno-mudam-com-a-idade\/","url":"https:\/\/www.tuasaude.com\/news\/2026\/09\/05\/rosto-parece-mais-caido-depois-dos-50-por-que-bochechas-e-contorno-mudam-com-a-idade\/","name":"Rosto parece mais ca\u00eddo depois dos 50: por que bochechas e contorno mudam com a idade - Tua Sa\u00fade","isPartOf":{"@id":"https:\/\/www.tuasaude.com\/news\/#website"},"primaryImageOfPage":{"@id":"https:\/\/www.tuasaude.com\/news\/2026\/09\/05\/rosto-parece-mais-caido-depois-dos-50-por-que-bochechas-e-contorno-mudam-com-a-idade\/#primaryimage"},"image":{"@id":"https:\/\/www.tuasaude.com\/news\/2026\/09\/05\/rosto-parece-mais-caido-depois-dos-50-por-que-bochechas-e-contorno-mudam-com-a-idade\/#primaryimage"},"thumbnailUrl":"https:\/\/www.tuasaude.com\/news\/wp-content\/uploads\/2026\/09\/108483_rosto-parece-mais-caido-depois-dos-50-por-que-bochechas-e-co_destaque.jpg","datePublished":"2026-09-05T11:35:00+00:00","author":{"@id":"https:\/\/www.tuasaude.com\/news\/#\/schema\/person\/963d63d4e1f0c81f5f3a70ba4bcb0ef7"},"description":"Rosto ca\u00eddo ap\u00f3s os 50 pode ocorrer com o envelhecimento facial. Entenda mudan\u00e7as nas bochechas, flacidez, cuidados e sinais que exigem avalia\u00e7\u00e3o.","breadcrumb":{"@id":"https:\/\/www.tuasaude.com\/news\/2026\/09\/05\/rosto-parece-mais-caido-depois-dos-50-por-que-bochechas-e-contorno-mudam-com-a-idade\/#breadcrumb"},"inLanguage":"pt-BR","potentialAction":[{"@type":"ReadAction","target":["https:\/\/www.tuasaude.com\/news\/2026\/09\/05\/rosto-parece-mais-caido-depois-dos-50-por-que-bochechas-e-contorno-mudam-com-a-idade\/"]}]},{"@type":"ImageObject","inLanguage":"pt-BR","@id":"https:\/\/www.tuasaude.com\/news\/2026\/09\/05\/rosto-parece-mais-caido-depois-dos-50-por-que-bochechas-e-contorno-mudam-com-a-idade\/#primaryimage","url":"https:\/\/www.tuasaude.com\/news\/wp-content\/uploads\/2026\/09\/108483_rosto-parece-mais-caido-depois-dos-50-por-que-bochechas-e-co_destaque.jpg","contentUrl":"https:\/\/www.tuasaude.com\/news\/wp-content\/uploads\/2026\/09\/108483_rosto-parece-mais-caido-depois-dos-50-por-que-bochechas-e-co_destaque.jpg","width":1280,"height":714,"caption":"Com a idade, bochechas e contorno facial podem perder firmeza de forma gradual."},{"@type":"BreadcrumbList","@id":"https:\/\/www.tuasaude.com\/news\/2026\/09\/05\/rosto-parece-mais-caido-depois-dos-50-por-que-bochechas-e-contorno-mudam-com-a-idade\/#breadcrumb","itemListElement":[{"@type":"ListItem","position":1,"name":"In\u00edcio","item":"https:\/\/www.tuasaude.com\/news\/"},{"@type":"ListItem","position":2,"name":"Rosto parece mais ca\u00eddo depois dos 50: por que bochechas e contorno mudam com a idade"}]},{"@type":"WebSite","@id":"https:\/\/www.tuasaude.com\/news\/#website","url":"https:\/\/www.tuasaude.com\/news\/","name":"Tua Sa\u00fade","description":"Seu site de sa\u00fade","potentialAction":[{"@type":"SearchAction","target":{"@type":"EntryPoint","urlTemplate":"https:\/\/www.tuasaude.com\/news\/?s={search_term_string}"},"query-input":{"@type":"PropertyValueSpecification","valueRequired":true,"valueName":"search_term_string"}}],"inLanguage":"pt-BR"},{"@type":"Person","@id":"https:\/\/www.tuasaude.com\/news\/#\/schema\/person\/963d63d4e1f0c81f5f3a70ba4bcb0ef7","name":"Jeferson Henrique","image":{"@type":"ImageObject","inLanguage":"pt-BR","@id":"https:\/\/www.tuasaude.com\/news\/#\/schema\/person\/image\/","url":"https:\/\/secure.gravatar.com\/avatar\/1a476a54a48eb3cdea5dd2f016708263892c6b9f5e54b641df7c65e980fd6f69?s=96&d=mm&r=g","contentUrl":"https:\/\/secure.gravatar.com\/avatar\/1a476a54a48eb3cdea5dd2f016708263892c6b9f5e54b641df7c65e980fd6f69?s=96&d=mm&r=g","caption":"Jeferson Henrique"},"sameAs":["https:\/\/www.tuasaude.com\/news\/"],"url":"https:\/\/www.tuasaude.com\/news\/author\/jeferson-henrique\/"}]}},"_links":{"self":[{"href":"https:\/\/www.tuasaude.com\/news\/wp-json\/wp\/v2\/posts\/108483","targetHints":{"allow":["GET"]}}],"collection":[{"href":"https:\/\/www.tuasaude.com\/news\/wp-json\/wp\/v2\/posts"}],"about":[{"href":"https:\/\/www.tuasaude.com\/news\/wp-json\/wp\/v2\/types\/post"}],"author":[{"embeddable":true,"href":"https:\/\/www.tuasaude.com\/news\/wp-json\/wp\/v2\/users\/12"}],"replies":[{"embeddable":true,"href":"https:\/\/www.tuasaude.com\/news\/wp-json\/wp\/v2\/comments?post=108483"}],"version-history":[{"count":1,"href":"https:\/\/www.tuasaude.com\/news\/wp-json\/wp\/v2\/posts\/108483\/revisions"}],"predecessor-version":[{"id":108487,"href":"https:\/\/www.tuasaude.com\/news\/wp-json\/wp\/v2\/posts\/108483\/revisions\/108487"}],"wp:featuredmedia":[{"embeddable":true,"href":"https:\/\/www.tuasaude.com\/news\/wp-json\/wp\/v2\/media\/108484"}],"wp:attachment":[{"href":"https:\/\/www.tuasaude.com\/news\/wp-json\/wp\/v2\/media?parent=108483"}],"wp:term":[{"taxonomy":"category","embeddable":true,"href":"https:\/\/www.tuasaude.com\/news\/wp-json\/wp\/v2\/categories?post=108483"},{"taxonomy":"post_tag","embeddable":true,"href":"https:\/\/www.tuasaude.com\/news\/wp-json\/wp\/v2\/tags?post=108483"}],"curies":[{"name":"wp","href":"https:\/\/api.w.org\/{rel}","templated":true}]}}