{"id":108468,"date":"2026-09-05T06:05:00","date_gmt":"2026-09-05T09:05:00","guid":{"rendered":"https:\/\/www.tuasaude.com\/news\/?p=108468"},"modified":"2026-09-05T00:59:07","modified_gmt":"2026-09-05T03:59:07","slug":"febre-forte-com-dor-de-cabeca-e-nuca-dura-quando-nao-esperar-em-casa","status":"publish","type":"post","link":"https:\/\/www.tuasaude.com\/news\/2026\/09\/05\/febre-forte-com-dor-de-cabeca-e-nuca-dura-quando-nao-esperar-em-casa\/","title":{"rendered":"Febre forte com dor de cabe\u00e7a e nuca dura: quando n\u00e3o esperar em casa"},"content":{"rendered":"\n<p class=\"wp-block-paragraph\">Febre forte acompanhada de <strong>dor de cabe\u00e7a intensa e nuca dura<\/strong> pode ocorrer em infec\u00e7\u00f5es graves, incluindo meningite, e merece avalia\u00e7\u00e3o m\u00e9dica r\u00e1pida. Essa combina\u00e7\u00e3o n\u00e3o confirma um diagn\u00f3stico por si s\u00f3, mas tamb\u00e9m n\u00e3o deve ser observada em casa na expectativa de melhora quando os sintomas s\u00e3o intensos, surgem de forma s\u00fabita ou est\u00e3o piorando.<\/p>\n\n\n\n<h2 class=\"wp-block-heading\">Por que a nuca dura com febre preocupa<\/h2>\n\n\n\n<p class=\"wp-block-paragraph\">A <strong>rigidez na nuca<\/strong> pode surgir quando h\u00e1 irrita\u00e7\u00e3o das membranas que envolvem o c\u00e9rebro e a medula espinhal, chamadas meninges. Na meningite, ela costuma aparecer junto de febre, dor de cabe\u00e7a e outros sinais neurol\u00f3gicos ou gerais.<\/p>\n\n\n\n<p class=\"wp-block-paragraph\">Nem toda dor ou tens\u00e3o no pesco\u00e7o significa meningite. Por\u00e9m, quando a nuca dura ocorre ao mesmo tempo que <strong>febre importante e dor de cabe\u00e7a forte<\/strong>, n\u00e3o \u00e9 seguro tentar diferenciar as causas apenas pelos sintomas em casa.<\/p>\n\n\n\n<h2 class=\"wp-block-heading\">Quais sintomas aumentam o alerta<\/h2>\n\n\n<div class=\"wp-block-image wp-block-image size-large\">\n<figure class=\"aligncenter\"><img decoding=\"async\" width=\"1280\" height=\"714\" src=\"https:\/\/www.tuasaude.com\/news\/wp-content\/uploads\/2026\/09\/108468_febre-forte-com-dor-de-cabeca-e-nuca-dura-quando-nao-esperar_corpo.jpg\" alt=\"A inflama\u00e7\u00e3o das meninges pode provocar febre, dor de cabe\u00e7a e rigidez na nuca.\" class=\"wp-image-108470\" srcset=\"https:\/\/www.tuasaude.com\/news\/wp-content\/uploads\/2026\/09\/108468_febre-forte-com-dor-de-cabeca-e-nuca-dura-quando-nao-esperar_corpo.jpg 1280w, https:\/\/www.tuasaude.com\/news\/wp-content\/uploads\/2026\/09\/108468_febre-forte-com-dor-de-cabeca-e-nuca-dura-quando-nao-esperar_corpo-300x167.jpg 300w, https:\/\/www.tuasaude.com\/news\/wp-content\/uploads\/2026\/09\/108468_febre-forte-com-dor-de-cabeca-e-nuca-dura-quando-nao-esperar_corpo-1024x571.jpg 1024w, https:\/\/www.tuasaude.com\/news\/wp-content\/uploads\/2026\/09\/108468_febre-forte-com-dor-de-cabeca-e-nuca-dura-quando-nao-esperar_corpo-768x428.jpg 768w, https:\/\/www.tuasaude.com\/news\/wp-content\/uploads\/2026\/09\/108468_febre-forte-com-dor-de-cabeca-e-nuca-dura-quando-nao-esperar_corpo-750x418.jpg 750w, https:\/\/www.tuasaude.com\/news\/wp-content\/uploads\/2026\/09\/108468_febre-forte-com-dor-de-cabeca-e-nuca-dura-quando-nao-esperar_corpo-1140x636.jpg 1140w\" sizes=\"(max-width: 1280px) 100vw, 1280px\" \/><figcaption class=\"wp-element-caption\">A inflama\u00e7\u00e3o das meninges pode provocar febre, dor de cabe\u00e7a e rigidez na nuca.<\/figcaption><\/figure>\n<\/div>\n\n\n<p class=\"wp-block-paragraph\">Al\u00e9m da nuca dura, alguns sinais indicam que a pessoa precisa de <strong>atendimento m\u00e9dico imediato<\/strong>, especialmente quando aparecem de repente ou pioram rapidamente:<\/p>\n\n\n\n<ul class=\"wp-block-list\">\n<li><strong>confus\u00e3o<\/strong>, desorienta\u00e7\u00e3o ou dificuldade para acordar;<\/li>\n<li>sensibilidade intensa \u00e0 luz;<\/li>\n<li>v\u00f4mitos repetidos;<\/li>\n<li><strong>convuls\u00e3o<\/strong>;<\/li>\n<li>fraqueza, dificuldade para falar ou altera\u00e7\u00e3o do estado de consci\u00eancia;<\/li>\n<li>manchas arroxeadas ou avermelhadas na pele associadas \u00e0 febre;<\/li>\n<li>piora r\u00e1pida do estado geral.<\/li>\n<\/ul>\n\n\n\n<h2 class=\"wp-block-heading\">O que um estudo cient\u00edfico encontrou<\/h2>\n\n\n\n<p class=\"wp-block-paragraph\">Segundo o estudo <a href=\"https:\/\/pubmed.ncbi.nlm.nih.gov\/15509818\/\" target=\"_blank\" rel=\"noopener noreferrer\"><em>Clinical features and prognostic factors in adults with bacterial meningitis<\/em><\/a>, publicado no <em>New England Journal of Medicine<\/em>, pesquisadores acompanharam 696 epis\u00f3dios de meningite bacteriana adquirida na comunidade em adultos.<\/p>\n\n\n\n<p class=\"wp-block-paragraph\">A combina\u00e7\u00e3o cl\u00e1ssica de febre, rigidez no pesco\u00e7o e altera\u00e7\u00e3o do estado mental ocorreu em apenas 44% dos epis\u00f3dios. No entanto, 95% apresentavam pelo menos dois entre <strong>dor de cabe\u00e7a, febre, nuca dura e altera\u00e7\u00e3o mental<\/strong>, mostrando por que n\u00e3o se deve esperar que todos os sinais apare\u00e7am para procurar avalia\u00e7\u00e3o.<\/p>\n\n\n\n<h2 class=\"wp-block-heading\">Quando procurar atendimento sem esperar<\/h2>\n\n\n\n<p class=\"wp-block-paragraph\">O <a href=\"https:\/\/www.cdc.gov\/meningococcal\/symptoms\/\" target=\"_blank\" rel=\"noopener noreferrer\">CDC<\/a> aponta febre, dor de cabe\u00e7a e rigidez no pesco\u00e7o entre os sintomas comuns da meningite meningoc\u00f3cica e alerta que a doen\u00e7a pode piorar rapidamente. Diante dessa combina\u00e7\u00e3o, principalmente com confus\u00e3o, v\u00f4mitos ou sensibilidade \u00e0 luz, a orienta\u00e7\u00e3o \u00e9 buscar atendimento imediatamente.<\/p>\n\n\n\n<p class=\"wp-block-paragraph\">Na pr\u00e1tica, alguns sinais justificam n\u00e3o permanecer em casa aguardando a evolu\u00e7\u00e3o:<\/p>\n\n\n\n<ul class=\"wp-block-list\">\n<li>febre com <strong>dor de cabe\u00e7a muito intensa e nuca dura<\/strong>;<\/li>\n<li>confus\u00e3o, sonol\u00eancia anormal ou dificuldade para responder;<\/li>\n<li>convuls\u00e3o ou desmaio;<\/li>\n<li>v\u00f4mitos persistentes ou forte sensibilidade \u00e0 luz;<\/li>\n<li>sintomas que pioram rapidamente em poucas horas.<\/li>\n<\/ul>\n\n\n<div class=\"wp-block-image wp-block-image size-large\">\n<figure class=\"aligncenter\"><img decoding=\"async\" width=\"1280\" height=\"575\" src=\"https:\/\/www.tuasaude.com\/news\/wp-content\/uploads\/2026\/09\/108468_febre-forte-com-dor-de-cabeca-e-nuca-dura-quando-nao-esperar_tabela.jpg\" alt=\"Febre forte, dor de cabe\u00e7a e nuca dura: 6 sinais para buscar atendimento imediato\" class=\"wp-image-108471\" srcset=\"https:\/\/www.tuasaude.com\/news\/wp-content\/uploads\/2026\/09\/108468_febre-forte-com-dor-de-cabeca-e-nuca-dura-quando-nao-esperar_tabela.jpg 1280w, https:\/\/www.tuasaude.com\/news\/wp-content\/uploads\/2026\/09\/108468_febre-forte-com-dor-de-cabeca-e-nuca-dura-quando-nao-esperar_tabela-300x135.jpg 300w, https:\/\/www.tuasaude.com\/news\/wp-content\/uploads\/2026\/09\/108468_febre-forte-com-dor-de-cabeca-e-nuca-dura-quando-nao-esperar_tabela-1024x460.jpg 1024w, https:\/\/www.tuasaude.com\/news\/wp-content\/uploads\/2026\/09\/108468_febre-forte-com-dor-de-cabeca-e-nuca-dura-quando-nao-esperar_tabela-768x345.jpg 768w, https:\/\/www.tuasaude.com\/news\/wp-content\/uploads\/2026\/09\/108468_febre-forte-com-dor-de-cabeca-e-nuca-dura-quando-nao-esperar_tabela-750x337.jpg 750w, https:\/\/www.tuasaude.com\/news\/wp-content\/uploads\/2026\/09\/108468_febre-forte-com-dor-de-cabeca-e-nuca-dura-quando-nao-esperar_tabela-1140x512.jpg 1140w\" sizes=\"(max-width: 1280px) 100vw, 1280px\" \/><figcaption class=\"wp-element-caption\">Febre forte, dor de cabe\u00e7a e nuca dura: 6 sinais para buscar atendimento imediato<\/figcaption><\/figure>\n<\/div>\n\n\n<h2 class=\"wp-block-heading\">Por que o diagn\u00f3stico precisa ser m\u00e9dico<\/h2>\n\n\n\n<p class=\"wp-block-paragraph\">A <a href=\"https:\/\/www.tuasaude.com\/meningite\/\" target=\"_blank\" rel=\"noopener noreferrer\">meningite<\/a> pode ser causada por v\u00edrus, bact\u00e9rias, fungos ou outros agentes, e o tratamento depende da causa. Por isso, tentar confirmar ou excluir a doen\u00e7a apenas verificando a rigidez do pesco\u00e7o pode atrasar uma avalia\u00e7\u00e3o necess\u00e1ria.<\/p>\n\n\n\n<p class=\"wp-block-paragraph\">Quando h\u00e1 suspeita de uma infec\u00e7\u00e3o do sistema nervoso, o m\u00e9dico pode precisar realizar exame f\u00edsico, an\u00e1lises de sangue e outros exames espec\u00edficos. <strong>Quanto mais r\u00e1pida for a avalia\u00e7\u00e3o de uma poss\u00edvel meningite bacteriana, mais cedo o tratamento adequado pode ser iniciado.<\/strong><\/p>\n\n\n\n<p class=\"wp-block-paragraph\"><strong>Este conte\u00fado \u00e9 apenas informativo e n\u00e3o substitui a avalia\u00e7\u00e3o, o diagn\u00f3stico ou a orienta\u00e7\u00e3o de um m\u00e9dico.<\/strong><\/p>\n","protected":false},"excerpt":{"rendered":"<p>Febre forte acompanhada de dor de cabe\u00e7a intensa e nuca dura pode ocorrer em infec\u00e7\u00f5es graves, incluindo meningite, e merece avalia\u00e7\u00e3o m\u00e9dica r\u00e1pida. Essa combina\u00e7\u00e3o n\u00e3o confirma um diagn\u00f3stico por si s\u00f3, mas tamb\u00e9m n\u00e3o deve ser observada em casa na expectativa de melhora quando os sintomas s\u00e3o intensos, surgem de forma s\u00fabita ou est\u00e3o [&hellip;]<\/p>\n","protected":false},"author":12,"featured_media":108469,"comment_status":"open","ping_status":"open","sticky":false,"template":"","format":"standard","meta":{"_yoast_wpseo_focuskw":"nuca dura","_yoast_wpseo_title":"","_yoast_wpseo_metadesc":"Febre forte com dor de cabe\u00e7a e nuca dura pode indicar meningite. Veja sinais de alerta, achados de estudo cient\u00edfico e quando buscar atendimento urgente.","jnews-multi-image_gallery":[],"jnews_single_post":{"format":"standard"},"jnews_primary_category":[],"jnews_social_meta":[],"jnews_override_counter":[],"footnotes":""},"categories":[111],"tags":[7034,9119,13303],"class_list":["post-108468","post","type-post","status-publish","format-standard","has-post-thumbnail","hentry","category-saude","tag-dor-de-cabeca-intensa","tag-meningite","tag-rigidez-na-nuca"],"yoast_head":"<!-- This site is optimized with the Yoast SEO plugin v26.7 - https:\/\/yoast.com\/wordpress\/plugins\/seo\/ -->\n<title>Febre forte com dor de cabe\u00e7a e nuca dura: quando n\u00e3o esperar em casa - Tua Sa\u00fade<\/title>\n<meta name=\"description\" content=\"Febre forte com dor de cabe\u00e7a e nuca dura pode indicar meningite. Veja sinais de alerta, achados de estudo cient\u00edfico e quando buscar atendimento urgente.\" \/>\n<meta name=\"robots\" content=\"index, follow, max-snippet:-1, max-image-preview:large, max-video-preview:-1\" \/>\n<link rel=\"canonical\" href=\"https:\/\/www.tuasaude.com\/news\/2026\/09\/05\/febre-forte-com-dor-de-cabeca-e-nuca-dura-quando-nao-esperar-em-casa\/\" \/>\n<meta property=\"og:locale\" content=\"pt_BR\" \/>\n<meta property=\"og:type\" content=\"article\" \/>\n<meta property=\"og:title\" content=\"Febre forte com dor de cabe\u00e7a e nuca dura: quando n\u00e3o esperar em casa - Tua Sa\u00fade\" \/>\n<meta property=\"og:description\" content=\"Febre forte com dor de cabe\u00e7a e nuca dura pode indicar meningite. Veja sinais de alerta, achados de estudo cient\u00edfico e quando buscar atendimento urgente.\" \/>\n<meta property=\"og:url\" content=\"https:\/\/www.tuasaude.com\/news\/2026\/09\/05\/febre-forte-com-dor-de-cabeca-e-nuca-dura-quando-nao-esperar-em-casa\/\" \/>\n<meta property=\"og:site_name\" content=\"Tua Sa\u00fade\" \/>\n<meta property=\"article:published_time\" content=\"2026-09-05T09:05:00+00:00\" \/>\n<meta property=\"og:image\" content=\"https:\/\/www.tuasaude.com\/news\/wp-content\/uploads\/2026\/09\/108468_febre-forte-com-dor-de-cabeca-e-nuca-dura-quando-nao-esperar_destaque.jpg\" \/>\n\t<meta property=\"og:image:width\" content=\"1280\" \/>\n\t<meta property=\"og:image:height\" content=\"714\" \/>\n\t<meta property=\"og:image:type\" content=\"image\/jpeg\" \/>\n<meta name=\"author\" content=\"Jeferson Henrique\" \/>\n<meta name=\"twitter:card\" content=\"summary_large_image\" \/>\n<meta name=\"twitter:label1\" content=\"Escrito por\" \/>\n\t<meta name=\"twitter:data1\" content=\"Jeferson Henrique\" \/>\n\t<meta name=\"twitter:label2\" content=\"Est. tempo de leitura\" \/>\n\t<meta name=\"twitter:data2\" content=\"3 minutos\" \/>\n<!-- \/ Yoast SEO plugin. -->","yoast_head_json":{"title":"Febre forte com dor de cabe\u00e7a e nuca dura: quando n\u00e3o esperar em casa - Tua Sa\u00fade","description":"Febre forte com dor de cabe\u00e7a e nuca dura pode indicar meningite. Veja sinais de alerta, achados de estudo cient\u00edfico e quando buscar atendimento urgente.","robots":{"index":"index","follow":"follow","max-snippet":"max-snippet:-1","max-image-preview":"max-image-preview:large","max-video-preview":"max-video-preview:-1"},"canonical":"https:\/\/www.tuasaude.com\/news\/2026\/09\/05\/febre-forte-com-dor-de-cabeca-e-nuca-dura-quando-nao-esperar-em-casa\/","og_locale":"pt_BR","og_type":"article","og_title":"Febre forte com dor de cabe\u00e7a e nuca dura: quando n\u00e3o esperar em casa - Tua Sa\u00fade","og_description":"Febre forte com dor de cabe\u00e7a e nuca dura pode indicar meningite. Veja sinais de alerta, achados de estudo cient\u00edfico e quando buscar atendimento urgente.","og_url":"https:\/\/www.tuasaude.com\/news\/2026\/09\/05\/febre-forte-com-dor-de-cabeca-e-nuca-dura-quando-nao-esperar-em-casa\/","og_site_name":"Tua Sa\u00fade","article_published_time":"2026-09-05T09:05:00+00:00","og_image":[{"width":1280,"height":714,"url":"https:\/\/www.tuasaude.com\/news\/wp-content\/uploads\/2026\/09\/108468_febre-forte-com-dor-de-cabeca-e-nuca-dura-quando-nao-esperar_destaque.jpg","type":"image\/jpeg"}],"author":"Jeferson Henrique","twitter_card":"summary_large_image","twitter_misc":{"Escrito por":"Jeferson Henrique","Est. tempo de leitura":"3 minutos"},"schema":{"@context":"https:\/\/schema.org","@graph":[{"@type":"Article","@id":"https:\/\/www.tuasaude.com\/news\/2026\/09\/05\/febre-forte-com-dor-de-cabeca-e-nuca-dura-quando-nao-esperar-em-casa\/#article","isPartOf":{"@id":"https:\/\/www.tuasaude.com\/news\/2026\/09\/05\/febre-forte-com-dor-de-cabeca-e-nuca-dura-quando-nao-esperar-em-casa\/"},"author":{"name":"Jeferson Henrique","@id":"https:\/\/www.tuasaude.com\/news\/#\/schema\/person\/963d63d4e1f0c81f5f3a70ba4bcb0ef7"},"headline":"Febre forte com dor de cabe\u00e7a e nuca dura: quando n\u00e3o esperar em casa","datePublished":"2026-09-05T09:05:00+00:00","mainEntityOfPage":{"@id":"https:\/\/www.tuasaude.com\/news\/2026\/09\/05\/febre-forte-com-dor-de-cabeca-e-nuca-dura-quando-nao-esperar-em-casa\/"},"wordCount":609,"commentCount":0,"image":{"@id":"https:\/\/www.tuasaude.com\/news\/2026\/09\/05\/febre-forte-com-dor-de-cabeca-e-nuca-dura-quando-nao-esperar-em-casa\/#primaryimage"},"thumbnailUrl":"https:\/\/www.tuasaude.com\/news\/wp-content\/uploads\/2026\/09\/108468_febre-forte-com-dor-de-cabeca-e-nuca-dura-quando-nao-esperar_destaque.jpg","keywords":["dor de cabe\u00e7a intensa","Meningite","rigidez na nuca"],"articleSection":["Sa\u00fade"],"inLanguage":"pt-BR","potentialAction":[{"@type":"CommentAction","name":"Comment","target":["https:\/\/www.tuasaude.com\/news\/2026\/09\/05\/febre-forte-com-dor-de-cabeca-e-nuca-dura-quando-nao-esperar-em-casa\/#respond"]}]},{"@type":"WebPage","@id":"https:\/\/www.tuasaude.com\/news\/2026\/09\/05\/febre-forte-com-dor-de-cabeca-e-nuca-dura-quando-nao-esperar-em-casa\/","url":"https:\/\/www.tuasaude.com\/news\/2026\/09\/05\/febre-forte-com-dor-de-cabeca-e-nuca-dura-quando-nao-esperar-em-casa\/","name":"Febre forte com dor de cabe\u00e7a e nuca dura: quando n\u00e3o esperar em casa - Tua Sa\u00fade","isPartOf":{"@id":"https:\/\/www.tuasaude.com\/news\/#website"},"primaryImageOfPage":{"@id":"https:\/\/www.tuasaude.com\/news\/2026\/09\/05\/febre-forte-com-dor-de-cabeca-e-nuca-dura-quando-nao-esperar-em-casa\/#primaryimage"},"image":{"@id":"https:\/\/www.tuasaude.com\/news\/2026\/09\/05\/febre-forte-com-dor-de-cabeca-e-nuca-dura-quando-nao-esperar-em-casa\/#primaryimage"},"thumbnailUrl":"https:\/\/www.tuasaude.com\/news\/wp-content\/uploads\/2026\/09\/108468_febre-forte-com-dor-de-cabeca-e-nuca-dura-quando-nao-esperar_destaque.jpg","datePublished":"2026-09-05T09:05:00+00:00","author":{"@id":"https:\/\/www.tuasaude.com\/news\/#\/schema\/person\/963d63d4e1f0c81f5f3a70ba4bcb0ef7"},"description":"Febre forte com dor de cabe\u00e7a e nuca dura pode indicar meningite. Veja sinais de alerta, achados de estudo cient\u00edfico e quando buscar atendimento urgente.","breadcrumb":{"@id":"https:\/\/www.tuasaude.com\/news\/2026\/09\/05\/febre-forte-com-dor-de-cabeca-e-nuca-dura-quando-nao-esperar-em-casa\/#breadcrumb"},"inLanguage":"pt-BR","potentialAction":[{"@type":"ReadAction","target":["https:\/\/www.tuasaude.com\/news\/2026\/09\/05\/febre-forte-com-dor-de-cabeca-e-nuca-dura-quando-nao-esperar-em-casa\/"]}]},{"@type":"ImageObject","inLanguage":"pt-BR","@id":"https:\/\/www.tuasaude.com\/news\/2026\/09\/05\/febre-forte-com-dor-de-cabeca-e-nuca-dura-quando-nao-esperar-em-casa\/#primaryimage","url":"https:\/\/www.tuasaude.com\/news\/wp-content\/uploads\/2026\/09\/108468_febre-forte-com-dor-de-cabeca-e-nuca-dura-quando-nao-esperar_destaque.jpg","contentUrl":"https:\/\/www.tuasaude.com\/news\/wp-content\/uploads\/2026\/09\/108468_febre-forte-com-dor-de-cabeca-e-nuca-dura-quando-nao-esperar_destaque.jpg","width":1280,"height":714,"caption":"Febre forte com dor de cabe\u00e7a intensa e nuca dura exige avalia\u00e7\u00e3o m\u00e9dica r\u00e1pida."},{"@type":"BreadcrumbList","@id":"https:\/\/www.tuasaude.com\/news\/2026\/09\/05\/febre-forte-com-dor-de-cabeca-e-nuca-dura-quando-nao-esperar-em-casa\/#breadcrumb","itemListElement":[{"@type":"ListItem","position":1,"name":"In\u00edcio","item":"https:\/\/www.tuasaude.com\/news\/"},{"@type":"ListItem","position":2,"name":"Febre forte com dor de cabe\u00e7a e nuca dura: quando n\u00e3o esperar em casa"}]},{"@type":"WebSite","@id":"https:\/\/www.tuasaude.com\/news\/#website","url":"https:\/\/www.tuasaude.com\/news\/","name":"Tua Sa\u00fade","description":"Seu site de sa\u00fade","potentialAction":[{"@type":"SearchAction","target":{"@type":"EntryPoint","urlTemplate":"https:\/\/www.tuasaude.com\/news\/?s={search_term_string}"},"query-input":{"@type":"PropertyValueSpecification","valueRequired":true,"valueName":"search_term_string"}}],"inLanguage":"pt-BR"},{"@type":"Person","@id":"https:\/\/www.tuasaude.com\/news\/#\/schema\/person\/963d63d4e1f0c81f5f3a70ba4bcb0ef7","name":"Jeferson Henrique","image":{"@type":"ImageObject","inLanguage":"pt-BR","@id":"https:\/\/www.tuasaude.com\/news\/#\/schema\/person\/image\/","url":"https:\/\/secure.gravatar.com\/avatar\/1a476a54a48eb3cdea5dd2f016708263892c6b9f5e54b641df7c65e980fd6f69?s=96&d=mm&r=g","contentUrl":"https:\/\/secure.gravatar.com\/avatar\/1a476a54a48eb3cdea5dd2f016708263892c6b9f5e54b641df7c65e980fd6f69?s=96&d=mm&r=g","caption":"Jeferson Henrique"},"sameAs":["https:\/\/www.tuasaude.com\/news\/"],"url":"https:\/\/www.tuasaude.com\/news\/author\/jeferson-henrique\/"}]}},"_links":{"self":[{"href":"https:\/\/www.tuasaude.com\/news\/wp-json\/wp\/v2\/posts\/108468","targetHints":{"allow":["GET"]}}],"collection":[{"href":"https:\/\/www.tuasaude.com\/news\/wp-json\/wp\/v2\/posts"}],"about":[{"href":"https:\/\/www.tuasaude.com\/news\/wp-json\/wp\/v2\/types\/post"}],"author":[{"embeddable":true,"href":"https:\/\/www.tuasaude.com\/news\/wp-json\/wp\/v2\/users\/12"}],"replies":[{"embeddable":true,"href":"https:\/\/www.tuasaude.com\/news\/wp-json\/wp\/v2\/comments?post=108468"}],"version-history":[{"count":1,"href":"https:\/\/www.tuasaude.com\/news\/wp-json\/wp\/v2\/posts\/108468\/revisions"}],"predecessor-version":[{"id":108472,"href":"https:\/\/www.tuasaude.com\/news\/wp-json\/wp\/v2\/posts\/108468\/revisions\/108472"}],"wp:featuredmedia":[{"embeddable":true,"href":"https:\/\/www.tuasaude.com\/news\/wp-json\/wp\/v2\/media\/108469"}],"wp:attachment":[{"href":"https:\/\/www.tuasaude.com\/news\/wp-json\/wp\/v2\/media?parent=108468"}],"wp:term":[{"taxonomy":"category","embeddable":true,"href":"https:\/\/www.tuasaude.com\/news\/wp-json\/wp\/v2\/categories?post=108468"},{"taxonomy":"post_tag","embeddable":true,"href":"https:\/\/www.tuasaude.com\/news\/wp-json\/wp\/v2\/tags?post=108468"}],"curies":[{"name":"wp","href":"https:\/\/api.w.org\/{rel}","templated":true}]}}