{"id":108429,"date":"2026-09-04T22:50:00","date_gmt":"2026-09-05T01:50:00","guid":{"rendered":"https:\/\/www.tuasaude.com\/news\/?p=108429"},"modified":"2026-09-04T22:35:52","modified_gmt":"2026-09-05T01:35:52","slug":"dor-na-virilha-ao-caminhar-o-quadril-pode-ser-a-origem","status":"publish","type":"post","link":"https:\/\/www.tuasaude.com\/news\/2026\/09\/04\/dor-na-virilha-ao-caminhar-o-quadril-pode-ser-a-origem\/","title":{"rendered":"Dor na virilha ao caminhar: o quadril pode ser a origem"},"content":{"rendered":"\n<p class=\"wp-block-paragraph\">A <strong>dor na virilha<\/strong> que aparece ou piora ao caminhar pode ter origem no quadril, mesmo quando n\u00e3o existe dor evidente na lateral do corpo. Isso acontece porque a articula\u00e7\u00e3o fica em uma regi\u00e3o profunda e altera\u00e7\u00f5es como artrose, inflama\u00e7\u00e3o ou les\u00f5es podem provocar dor percebida na virilha, al\u00e9m de rigidez e dificuldade para apoiar a perna.<\/p>\n\n\n\n<h2 class=\"wp-block-heading\">Por que o quadril pode doer na virilha<\/h2>\n\n\n\n<p class=\"wp-block-paragraph\">A articula\u00e7\u00e3o do quadril participa diretamente da sustenta\u00e7\u00e3o do peso e de cada passo. Quando existe alguma altera\u00e7\u00e3o dentro dessa articula\u00e7\u00e3o, a caminhada pode aumentar a press\u00e3o sobre estruturas doloridas e fazer o inc\u00f4modo surgir principalmente na virilha ou na parte da frente da coxa.<\/p>\n\n\n\n<p class=\"wp-block-paragraph\">A <a href=\"https:\/\/www.orthoinfo.org\/diseases--conditions\/osteoarthritis-of-the-hip\/\" target=\"_blank\" rel=\"noopener noreferrer\">American Academy of Orthopaedic Surgeons<\/a> destaca que a <strong>dor na virilha \u00e9 comum na artrose do quadril<\/strong> e que a rigidez pode dificultar a caminhada. Outras causas, como problemas musculares ou h\u00e9rnias, tamb\u00e9m podem provocar dor nessa regi\u00e3o.<\/p>\n\n\n\n<h2 class=\"wp-block-heading\">Quais sinais sugerem origem no quadril<\/h2>\n\n\n<div class=\"wp-block-image wp-block-image size-large\">\n<figure class=\"aligncenter\"><img decoding=\"async\" width=\"1280\" height=\"714\" src=\"https:\/\/www.tuasaude.com\/news\/wp-content\/uploads\/2026\/09\/108429_dor-na-virilha-ao-caminhar-o-quadril-pode-ser-a-origem_corpo.jpg\" alt=\"Altera\u00e7\u00f5es no quadril podem provocar dor percebida na virilha e limitar os movimentos.\" class=\"wp-image-108431\" srcset=\"https:\/\/www.tuasaude.com\/news\/wp-content\/uploads\/2026\/09\/108429_dor-na-virilha-ao-caminhar-o-quadril-pode-ser-a-origem_corpo.jpg 1280w, https:\/\/www.tuasaude.com\/news\/wp-content\/uploads\/2026\/09\/108429_dor-na-virilha-ao-caminhar-o-quadril-pode-ser-a-origem_corpo-300x167.jpg 300w, https:\/\/www.tuasaude.com\/news\/wp-content\/uploads\/2026\/09\/108429_dor-na-virilha-ao-caminhar-o-quadril-pode-ser-a-origem_corpo-1024x571.jpg 1024w, https:\/\/www.tuasaude.com\/news\/wp-content\/uploads\/2026\/09\/108429_dor-na-virilha-ao-caminhar-o-quadril-pode-ser-a-origem_corpo-768x428.jpg 768w, https:\/\/www.tuasaude.com\/news\/wp-content\/uploads\/2026\/09\/108429_dor-na-virilha-ao-caminhar-o-quadril-pode-ser-a-origem_corpo-750x418.jpg 750w, https:\/\/www.tuasaude.com\/news\/wp-content\/uploads\/2026\/09\/108429_dor-na-virilha-ao-caminhar-o-quadril-pode-ser-a-origem_corpo-1140x636.jpg 1140w\" sizes=\"(max-width: 1280px) 100vw, 1280px\" \/><figcaption class=\"wp-element-caption\">Altera\u00e7\u00f5es no quadril podem provocar dor percebida na virilha e limitar os movimentos.<\/figcaption><\/figure>\n<\/div>\n\n\n<p class=\"wp-block-paragraph\">Algumas caracter\u00edsticas tornam mais prov\u00e1vel que a <strong>dor na virilha ao caminhar<\/strong> esteja relacionada ao quadril. \u00c9 importante observar se tamb\u00e9m existem:<\/p>\n\n\n\n<ul class=\"wp-block-list\">\n<li>rigidez para movimentar ou girar a perna;<\/li>\n<li>dor ao levantar de uma cadeira;<\/li>\n<li>dificuldade para subir escadas;<\/li>\n<li>inc\u00f4modo ao entrar ou sair do carro;<\/li>\n<li>limita\u00e7\u00e3o para colocar meias ou sapatos;<\/li>\n<li><strong>mancar durante a caminhada<\/strong>.<\/li>\n<\/ul>\n\n\n\n<h2 class=\"wp-block-heading\">O que um estudo cient\u00edfico mostrou<\/h2>\n\n\n\n<p class=\"wp-block-paragraph\">Segundo o estudo comparativo <a href=\"https:\/\/pubmed.ncbi.nlm.nih.gov\/30708114\/\" target=\"_blank\" rel=\"noopener noreferrer\"><em>Comparison of the history and physical examination for hip osteoarthritis and lumbar spinal stenosis<\/em><\/a>, publicado no <em>The Spine Journal<\/em>, a dor na virilha foi um dos sintomas que favoreceram o diagn\u00f3stico de artrose do quadril em rela\u00e7\u00e3o \u00e0 estenose lombar. Os pesquisadores tamb\u00e9m observaram associa\u00e7\u00e3o com mancar e apresentar movimentos do quadril dolorosos e limitados.<\/p>\n\n\n\n<h2 class=\"wp-block-heading\">O que pode ajudar enquanto a dor \u00e9 toler\u00e1vel<\/h2>\n\n\n\n<p class=\"wp-block-paragraph\">Quando n\u00e3o houve trauma importante e a dor \u00e9 leve ou moderada, reduzir temporariamente a sobrecarga sem deixar a articula\u00e7\u00e3o completamente parada pode ajudar. Algumas medidas incluem:<\/p>\n\n\n\n<ul class=\"wp-block-list\">\n<li>diminuir caminhadas longas e atividades que pioram a dor;<\/li>\n<li>manter movimentos leves dentro do limite confort\u00e1vel;<\/li>\n<li>evitar correr, saltar ou for\u00e7ar alongamentos dolorosos;<\/li>\n<li>retomar as atividades gradualmente conforme houver melhora;<\/li>\n<li>procurar avalia\u00e7\u00e3o se o problema persistir ou limitar a rotina.<\/li>\n<\/ul>\n\n\n\n<p class=\"wp-block-paragraph\">Tamb\u00e9m \u00e9 poss\u00edvel conhecer outras causas de <a href=\"https:\/\/www.tuasaude.com\/dor-no-quadril\/\" target=\"_blank\" rel=\"noopener noreferrer\">dor no quadril<\/a>, j\u00e1 que m\u00fasculos, tend\u00f5es, bursas e a pr\u00f3pria coluna podem produzir sintomas semelhantes.<\/p>\n\n\n<div class=\"wp-block-image wp-block-image size-large\">\n<figure class=\"aligncenter\"><img decoding=\"async\" width=\"1280\" height=\"575\" src=\"https:\/\/www.tuasaude.com\/news\/wp-content\/uploads\/2026\/09\/108429_dor-na-virilha-ao-caminhar-o-quadril-pode-ser-a-origem_tabela.jpg\" alt=\"Dor na virilha ao caminhar: 6 sinais de que o problema pode estar no quadril\" class=\"wp-image-108432\" srcset=\"https:\/\/www.tuasaude.com\/news\/wp-content\/uploads\/2026\/09\/108429_dor-na-virilha-ao-caminhar-o-quadril-pode-ser-a-origem_tabela.jpg 1280w, https:\/\/www.tuasaude.com\/news\/wp-content\/uploads\/2026\/09\/108429_dor-na-virilha-ao-caminhar-o-quadril-pode-ser-a-origem_tabela-300x135.jpg 300w, https:\/\/www.tuasaude.com\/news\/wp-content\/uploads\/2026\/09\/108429_dor-na-virilha-ao-caminhar-o-quadril-pode-ser-a-origem_tabela-1024x460.jpg 1024w, https:\/\/www.tuasaude.com\/news\/wp-content\/uploads\/2026\/09\/108429_dor-na-virilha-ao-caminhar-o-quadril-pode-ser-a-origem_tabela-768x345.jpg 768w, https:\/\/www.tuasaude.com\/news\/wp-content\/uploads\/2026\/09\/108429_dor-na-virilha-ao-caminhar-o-quadril-pode-ser-a-origem_tabela-750x337.jpg 750w, https:\/\/www.tuasaude.com\/news\/wp-content\/uploads\/2026\/09\/108429_dor-na-virilha-ao-caminhar-o-quadril-pode-ser-a-origem_tabela-1140x512.jpg 1140w\" sizes=\"(max-width: 1280px) 100vw, 1280px\" \/><figcaption class=\"wp-element-caption\">Dor na virilha ao caminhar: 6 sinais de que o problema pode estar no quadril<\/figcaption><\/figure>\n<\/div>\n\n\n<h2 class=\"wp-block-heading\">Quando procurar atendimento rapidamente<\/h2>\n\n\n\n<p class=\"wp-block-paragraph\">\u00c9 indicado buscar avalia\u00e7\u00e3o r\u00e1pida quando houver <strong>dor s\u00fabita e muito intensa, febre, quadril quente ou incapacidade de apoiar a perna<\/strong>. Esses sinais podem ocorrer em situa\u00e7\u00f5es que precisam de investiga\u00e7\u00e3o imediata, como infec\u00e7\u00e3o, fratura ou outra les\u00e3o importante.<\/p>\n\n\n\n<p class=\"wp-block-paragraph\">Tamb\u00e9m \u00e9 recomendado procurar um m\u00e9dico se a dor piorar progressivamente, provocar dificuldade importante para caminhar ou n\u00e3o melhorar com a redu\u00e7\u00e3o da sobrecarga.<\/p>\n\n\n\n<p class=\"wp-block-paragraph\"><strong>Este conte\u00fado \u00e9 apenas informativo e n\u00e3o substitui a avalia\u00e7\u00e3o, o diagn\u00f3stico ou a orienta\u00e7\u00e3o de um m\u00e9dico.<\/strong><\/p>\n","protected":false},"excerpt":{"rendered":"<p>A dor na virilha que aparece ou piora ao caminhar pode ter origem no quadril, mesmo quando n\u00e3o existe dor evidente na lateral do corpo. Isso acontece porque a articula\u00e7\u00e3o fica em uma regi\u00e3o profunda e altera\u00e7\u00f5es como artrose, inflama\u00e7\u00e3o ou les\u00f5es podem provocar dor percebida na virilha, al\u00e9m de rigidez e dificuldade para apoiar [&hellip;]<\/p>\n","protected":false},"author":12,"featured_media":108430,"comment_status":"open","ping_status":"open","sticky":false,"template":"","format":"standard","meta":{"_yoast_wpseo_focuskw":"dor na virilha","_yoast_wpseo_title":"","_yoast_wpseo_metadesc":"Dor na virilha ao caminhar pode ter origem no quadril. Veja sinais de artrose, cuidados para aliviar a sobrecarga e quando procurar atendimento.","jnews-multi-image_gallery":[],"jnews_single_post":[],"jnews_primary_category":[],"jnews_social_meta":[],"jnews_override_counter":[],"footnotes":""},"categories":[111],"tags":[11316,2879,2377],"class_list":["post-108429","post","type-post","status-publish","format-standard","has-post-thumbnail","hentry","category-saude","tag-artrose-do-quadril","tag-dor-ao-caminhar","tag-dor-no-quadril"],"yoast_head":"<!-- This site is optimized with the Yoast SEO plugin v26.7 - https:\/\/yoast.com\/wordpress\/plugins\/seo\/ -->\n<title>Dor na virilha ao caminhar: o quadril pode ser a origem - Tua Sa\u00fade<\/title>\n<meta name=\"description\" content=\"Dor na virilha ao caminhar pode ter origem no quadril. Veja sinais de artrose, cuidados para aliviar a sobrecarga e quando procurar atendimento.\" \/>\n<meta name=\"robots\" content=\"index, follow, max-snippet:-1, max-image-preview:large, max-video-preview:-1\" \/>\n<link rel=\"canonical\" href=\"https:\/\/www.tuasaude.com\/news\/2026\/09\/04\/dor-na-virilha-ao-caminhar-o-quadril-pode-ser-a-origem\/\" \/>\n<meta property=\"og:locale\" content=\"pt_BR\" \/>\n<meta property=\"og:type\" content=\"article\" \/>\n<meta property=\"og:title\" content=\"Dor na virilha ao caminhar: o quadril pode ser a origem - Tua Sa\u00fade\" \/>\n<meta property=\"og:description\" content=\"Dor na virilha ao caminhar pode ter origem no quadril. Veja sinais de artrose, cuidados para aliviar a sobrecarga e quando procurar atendimento.\" \/>\n<meta property=\"og:url\" content=\"https:\/\/www.tuasaude.com\/news\/2026\/09\/04\/dor-na-virilha-ao-caminhar-o-quadril-pode-ser-a-origem\/\" \/>\n<meta property=\"og:site_name\" content=\"Tua Sa\u00fade\" \/>\n<meta property=\"article:published_time\" content=\"2026-09-05T01:50:00+00:00\" \/>\n<meta property=\"og:image\" content=\"https:\/\/www.tuasaude.com\/news\/wp-content\/uploads\/2026\/09\/108429_dor-na-virilha-ao-caminhar-o-quadril-pode-ser-a-origem_destaque.jpg\" \/>\n\t<meta property=\"og:image:width\" content=\"1280\" \/>\n\t<meta property=\"og:image:height\" content=\"714\" \/>\n\t<meta property=\"og:image:type\" content=\"image\/jpeg\" \/>\n<meta name=\"author\" content=\"Jeferson Henrique\" \/>\n<meta name=\"twitter:card\" content=\"summary_large_image\" \/>\n<meta name=\"twitter:label1\" content=\"Escrito por\" \/>\n\t<meta name=\"twitter:data1\" content=\"Jeferson Henrique\" \/>\n\t<meta name=\"twitter:label2\" content=\"Est. tempo de leitura\" \/>\n\t<meta name=\"twitter:data2\" content=\"3 minutos\" \/>\n<!-- \/ Yoast SEO plugin. -->","yoast_head_json":{"title":"Dor na virilha ao caminhar: o quadril pode ser a origem - Tua Sa\u00fade","description":"Dor na virilha ao caminhar pode ter origem no quadril. Veja sinais de artrose, cuidados para aliviar a sobrecarga e quando procurar atendimento.","robots":{"index":"index","follow":"follow","max-snippet":"max-snippet:-1","max-image-preview":"max-image-preview:large","max-video-preview":"max-video-preview:-1"},"canonical":"https:\/\/www.tuasaude.com\/news\/2026\/09\/04\/dor-na-virilha-ao-caminhar-o-quadril-pode-ser-a-origem\/","og_locale":"pt_BR","og_type":"article","og_title":"Dor na virilha ao caminhar: o quadril pode ser a origem - Tua Sa\u00fade","og_description":"Dor na virilha ao caminhar pode ter origem no quadril. Veja sinais de artrose, cuidados para aliviar a sobrecarga e quando procurar atendimento.","og_url":"https:\/\/www.tuasaude.com\/news\/2026\/09\/04\/dor-na-virilha-ao-caminhar-o-quadril-pode-ser-a-origem\/","og_site_name":"Tua Sa\u00fade","article_published_time":"2026-09-05T01:50:00+00:00","og_image":[{"width":1280,"height":714,"url":"https:\/\/www.tuasaude.com\/news\/wp-content\/uploads\/2026\/09\/108429_dor-na-virilha-ao-caminhar-o-quadril-pode-ser-a-origem_destaque.jpg","type":"image\/jpeg"}],"author":"Jeferson Henrique","twitter_card":"summary_large_image","twitter_misc":{"Escrito por":"Jeferson Henrique","Est. tempo de leitura":"3 minutos"},"schema":{"@context":"https:\/\/schema.org","@graph":[{"@type":"Article","@id":"https:\/\/www.tuasaude.com\/news\/2026\/09\/04\/dor-na-virilha-ao-caminhar-o-quadril-pode-ser-a-origem\/#article","isPartOf":{"@id":"https:\/\/www.tuasaude.com\/news\/2026\/09\/04\/dor-na-virilha-ao-caminhar-o-quadril-pode-ser-a-origem\/"},"author":{"name":"Jeferson Henrique","@id":"https:\/\/www.tuasaude.com\/news\/#\/schema\/person\/963d63d4e1f0c81f5f3a70ba4bcb0ef7"},"headline":"Dor na virilha ao caminhar: o quadril pode ser a origem","datePublished":"2026-09-05T01:50:00+00:00","mainEntityOfPage":{"@id":"https:\/\/www.tuasaude.com\/news\/2026\/09\/04\/dor-na-virilha-ao-caminhar-o-quadril-pode-ser-a-origem\/"},"wordCount":544,"commentCount":0,"image":{"@id":"https:\/\/www.tuasaude.com\/news\/2026\/09\/04\/dor-na-virilha-ao-caminhar-o-quadril-pode-ser-a-origem\/#primaryimage"},"thumbnailUrl":"https:\/\/www.tuasaude.com\/news\/wp-content\/uploads\/2026\/09\/108429_dor-na-virilha-ao-caminhar-o-quadril-pode-ser-a-origem_destaque.jpg","keywords":["artrose do quadril","dor ao caminhar","dor no quadril"],"articleSection":["Sa\u00fade"],"inLanguage":"pt-BR","potentialAction":[{"@type":"CommentAction","name":"Comment","target":["https:\/\/www.tuasaude.com\/news\/2026\/09\/04\/dor-na-virilha-ao-caminhar-o-quadril-pode-ser-a-origem\/#respond"]}]},{"@type":"WebPage","@id":"https:\/\/www.tuasaude.com\/news\/2026\/09\/04\/dor-na-virilha-ao-caminhar-o-quadril-pode-ser-a-origem\/","url":"https:\/\/www.tuasaude.com\/news\/2026\/09\/04\/dor-na-virilha-ao-caminhar-o-quadril-pode-ser-a-origem\/","name":"Dor na virilha ao caminhar: o quadril pode ser a origem - Tua Sa\u00fade","isPartOf":{"@id":"https:\/\/www.tuasaude.com\/news\/#website"},"primaryImageOfPage":{"@id":"https:\/\/www.tuasaude.com\/news\/2026\/09\/04\/dor-na-virilha-ao-caminhar-o-quadril-pode-ser-a-origem\/#primaryimage"},"image":{"@id":"https:\/\/www.tuasaude.com\/news\/2026\/09\/04\/dor-na-virilha-ao-caminhar-o-quadril-pode-ser-a-origem\/#primaryimage"},"thumbnailUrl":"https:\/\/www.tuasaude.com\/news\/wp-content\/uploads\/2026\/09\/108429_dor-na-virilha-ao-caminhar-o-quadril-pode-ser-a-origem_destaque.jpg","datePublished":"2026-09-05T01:50:00+00:00","author":{"@id":"https:\/\/www.tuasaude.com\/news\/#\/schema\/person\/963d63d4e1f0c81f5f3a70ba4bcb0ef7"},"description":"Dor na virilha ao caminhar pode ter origem no quadril. Veja sinais de artrose, cuidados para aliviar a sobrecarga e quando procurar atendimento.","breadcrumb":{"@id":"https:\/\/www.tuasaude.com\/news\/2026\/09\/04\/dor-na-virilha-ao-caminhar-o-quadril-pode-ser-a-origem\/#breadcrumb"},"inLanguage":"pt-BR","potentialAction":[{"@type":"ReadAction","target":["https:\/\/www.tuasaude.com\/news\/2026\/09\/04\/dor-na-virilha-ao-caminhar-o-quadril-pode-ser-a-origem\/"]}]},{"@type":"ImageObject","inLanguage":"pt-BR","@id":"https:\/\/www.tuasaude.com\/news\/2026\/09\/04\/dor-na-virilha-ao-caminhar-o-quadril-pode-ser-a-origem\/#primaryimage","url":"https:\/\/www.tuasaude.com\/news\/wp-content\/uploads\/2026\/09\/108429_dor-na-virilha-ao-caminhar-o-quadril-pode-ser-a-origem_destaque.jpg","contentUrl":"https:\/\/www.tuasaude.com\/news\/wp-content\/uploads\/2026\/09\/108429_dor-na-virilha-ao-caminhar-o-quadril-pode-ser-a-origem_destaque.jpg","width":1280,"height":714,"caption":"Dor na virilha ao caminhar pode estar relacionada a altera\u00e7\u00f5es na articula\u00e7\u00e3o do quadril."},{"@type":"BreadcrumbList","@id":"https:\/\/www.tuasaude.com\/news\/2026\/09\/04\/dor-na-virilha-ao-caminhar-o-quadril-pode-ser-a-origem\/#breadcrumb","itemListElement":[{"@type":"ListItem","position":1,"name":"In\u00edcio","item":"https:\/\/www.tuasaude.com\/news\/"},{"@type":"ListItem","position":2,"name":"Dor na virilha ao caminhar: o quadril pode ser a origem"}]},{"@type":"WebSite","@id":"https:\/\/www.tuasaude.com\/news\/#website","url":"https:\/\/www.tuasaude.com\/news\/","name":"Tua Sa\u00fade","description":"Seu site de sa\u00fade","potentialAction":[{"@type":"SearchAction","target":{"@type":"EntryPoint","urlTemplate":"https:\/\/www.tuasaude.com\/news\/?s={search_term_string}"},"query-input":{"@type":"PropertyValueSpecification","valueRequired":true,"valueName":"search_term_string"}}],"inLanguage":"pt-BR"},{"@type":"Person","@id":"https:\/\/www.tuasaude.com\/news\/#\/schema\/person\/963d63d4e1f0c81f5f3a70ba4bcb0ef7","name":"Jeferson Henrique","image":{"@type":"ImageObject","inLanguage":"pt-BR","@id":"https:\/\/www.tuasaude.com\/news\/#\/schema\/person\/image\/","url":"https:\/\/secure.gravatar.com\/avatar\/1a476a54a48eb3cdea5dd2f016708263892c6b9f5e54b641df7c65e980fd6f69?s=96&d=mm&r=g","contentUrl":"https:\/\/secure.gravatar.com\/avatar\/1a476a54a48eb3cdea5dd2f016708263892c6b9f5e54b641df7c65e980fd6f69?s=96&d=mm&r=g","caption":"Jeferson Henrique"},"sameAs":["https:\/\/www.tuasaude.com\/news\/"],"url":"https:\/\/www.tuasaude.com\/news\/author\/jeferson-henrique\/"}]}},"_links":{"self":[{"href":"https:\/\/www.tuasaude.com\/news\/wp-json\/wp\/v2\/posts\/108429","targetHints":{"allow":["GET"]}}],"collection":[{"href":"https:\/\/www.tuasaude.com\/news\/wp-json\/wp\/v2\/posts"}],"about":[{"href":"https:\/\/www.tuasaude.com\/news\/wp-json\/wp\/v2\/types\/post"}],"author":[{"embeddable":true,"href":"https:\/\/www.tuasaude.com\/news\/wp-json\/wp\/v2\/users\/12"}],"replies":[{"embeddable":true,"href":"https:\/\/www.tuasaude.com\/news\/wp-json\/wp\/v2\/comments?post=108429"}],"version-history":[{"count":1,"href":"https:\/\/www.tuasaude.com\/news\/wp-json\/wp\/v2\/posts\/108429\/revisions"}],"predecessor-version":[{"id":108433,"href":"https:\/\/www.tuasaude.com\/news\/wp-json\/wp\/v2\/posts\/108429\/revisions\/108433"}],"wp:featuredmedia":[{"embeddable":true,"href":"https:\/\/www.tuasaude.com\/news\/wp-json\/wp\/v2\/media\/108430"}],"wp:attachment":[{"href":"https:\/\/www.tuasaude.com\/news\/wp-json\/wp\/v2\/media?parent=108429"}],"wp:term":[{"taxonomy":"category","embeddable":true,"href":"https:\/\/www.tuasaude.com\/news\/wp-json\/wp\/v2\/categories?post=108429"},{"taxonomy":"post_tag","embeddable":true,"href":"https:\/\/www.tuasaude.com\/news\/wp-json\/wp\/v2\/tags?post=108429"}],"curies":[{"name":"wp","href":"https:\/\/api.w.org\/{rel}","templated":true}]}}