{"id":108320,"date":"2026-09-05T21:40:00","date_gmt":"2026-09-06T00:40:00","guid":{"rendered":"https:\/\/www.tuasaude.com\/news\/?p=108320"},"modified":"2026-09-04T19:10:32","modified_gmt":"2026-09-04T22:10:32","slug":"juntas-travam-por-mais-de-meia-hora-ao-acordar-rigidez-prolongada-merece-investigacao","status":"publish","type":"post","link":"https:\/\/www.tuasaude.com\/news\/2026\/09\/05\/juntas-travam-por-mais-de-meia-hora-ao-acordar-rigidez-prolongada-merece-investigacao\/","title":{"rendered":"Juntas travam por mais de meia hora ao acordar: rigidez prolongada merece investiga\u00e7\u00e3o"},"content":{"rendered":"\n<p class=\"wp-block-paragraph\">Sentir as articula\u00e7\u00f5es um pouco r\u00edgidas depois de horas sem se movimentar pode acontecer, mas uma <strong>rigidez matinal que dura mais de 30 minutos<\/strong>, se repete com frequ\u00eancia ou limita atividades merece aten\u00e7\u00e3o. Esse padr\u00e3o pode estar relacionado a processos inflamat\u00f3rios e n\u00e3o deve ser atribu\u00eddo automaticamente ao envelhecimento ou ao simples \u201cdesgaste\u201d das juntas.<\/p>\n\n\n\n<h2 class=\"wp-block-heading\">Quando a rigidez matinal muda de import\u00e2ncia<\/h2>\n\n\n\n<p class=\"wp-block-paragraph\">A dura\u00e7\u00e3o \u00e9 uma das caracter\u00edsticas consideradas na avalia\u00e7\u00e3o. Uma rigidez breve pode ocorrer ap\u00f3s per\u00edodos de inatividade, enquanto sintomas prolongados, principalmente acompanhados de dor ou incha\u00e7o, aumentam a necessidade de investigar doen\u00e7as articulares.<\/p>\n\n\n\n<p class=\"wp-block-paragraph\">Segundo o <a href=\"https:\/\/www.nhs.uk\/conditions\/rheumatoid-arthritis\/symptoms\/\" target=\"_blank\" rel=\"noopener noreferrer\">NHS<\/a>, na osteoartrite a rigidez ao acordar geralmente melhora em at\u00e9 30 minutos, enquanto na artrite reumatoide costuma persistir por mais tempo. <strong>Esse limite n\u00e3o confirma sozinho nenhuma doen\u00e7a<\/strong>, mas ajuda a orientar a avalia\u00e7\u00e3o.<\/p>\n\n\n\n<h2 class=\"wp-block-heading\">Quais sinais devem ser observados<\/h2>\n\n\n<div class=\"wp-block-image wp-block-image size-large\">\n<figure class=\"aligncenter\"><img decoding=\"async\" width=\"1280\" height=\"714\" src=\"https:\/\/www.tuasaude.com\/news\/wp-content\/uploads\/2026\/09\/108320_juntas-travam-por-mais-de-meia-hora-ao-acordar-rigidez-prolo_corpo.jpg\" alt=\"Rigidez prolongada, dor e incha\u00e7o nas articula\u00e7\u00f5es podem sugerir um processo inflamat\u00f3rio.\" class=\"wp-image-108325\" srcset=\"https:\/\/www.tuasaude.com\/news\/wp-content\/uploads\/2026\/09\/108320_juntas-travam-por-mais-de-meia-hora-ao-acordar-rigidez-prolo_corpo.jpg 1280w, https:\/\/www.tuasaude.com\/news\/wp-content\/uploads\/2026\/09\/108320_juntas-travam-por-mais-de-meia-hora-ao-acordar-rigidez-prolo_corpo-300x167.jpg 300w, https:\/\/www.tuasaude.com\/news\/wp-content\/uploads\/2026\/09\/108320_juntas-travam-por-mais-de-meia-hora-ao-acordar-rigidez-prolo_corpo-1024x571.jpg 1024w, https:\/\/www.tuasaude.com\/news\/wp-content\/uploads\/2026\/09\/108320_juntas-travam-por-mais-de-meia-hora-ao-acordar-rigidez-prolo_corpo-768x428.jpg 768w, https:\/\/www.tuasaude.com\/news\/wp-content\/uploads\/2026\/09\/108320_juntas-travam-por-mais-de-meia-hora-ao-acordar-rigidez-prolo_corpo-750x418.jpg 750w, https:\/\/www.tuasaude.com\/news\/wp-content\/uploads\/2026\/09\/108320_juntas-travam-por-mais-de-meia-hora-ao-acordar-rigidez-prolo_corpo-1140x636.jpg 1140w\" sizes=\"(max-width: 1280px) 100vw, 1280px\" \/><figcaption class=\"wp-element-caption\">Rigidez prolongada, dor e incha\u00e7o nas articula\u00e7\u00f5es podem sugerir um processo inflamat\u00f3rio.<\/figcaption><\/figure>\n<\/div>\n\n\n<p class=\"wp-block-paragraph\">Al\u00e9m de contar quanto tempo as articula\u00e7\u00f5es levam para \u201csoltar\u201d, vale perceber quais regi\u00f5es s\u00e3o afetadas e se existem outros sinais de inflama\u00e7\u00e3o. Algumas informa\u00e7\u00f5es podem ser \u00fateis durante a consulta:<\/p>\n\n\n\n<ul class=\"wp-block-list\">\n<li><strong>rigidez por mais de 30 minutos<\/strong> ao despertar;<\/li>\n<li>incha\u00e7o recorrente nas articula\u00e7\u00f5es;<\/li>\n<li>calor ou vermelhid\u00e3o local;<\/li>\n<li>dor nas mesmas articula\u00e7\u00f5es dos dois lados do corpo;<\/li>\n<li>dificuldade persistente para fechar as m\u00e3os, caminhar ou realizar tarefas habituais.<\/li>\n<\/ul>\n\n\n\n<p class=\"wp-block-paragraph\">A presen\u00e7a desses sinais n\u00e3o significa necessariamente artrite reumatoide, pois diferentes doen\u00e7as articulares podem causar sintomas semelhantes.<\/p>\n\n\n\n<h2 class=\"wp-block-heading\">O que um estudo mostrou sobre rigidez matinal<\/h2>\n\n\n\n<p class=\"wp-block-paragraph\">Segundo o estudo <a href=\"https:\/\/pubmed.ncbi.nlm.nih.gov\/25904188\/\" target=\"_blank\" rel=\"noopener noreferrer\"><em>Reappraisal of the diagnostic and prognostic value of morning stiffness in arthralgia and early arthritis<\/em><\/a>, publicado na <em>Arthritis Research &amp; Therapy<\/em> em 2015, a dura\u00e7\u00e3o da rigidez matinal foi avaliada em mais de 5 mil pessoas com dor ou artrite.<\/p>\n\n\n\n<p class=\"wp-block-paragraph\">Entre pacientes com artrite em fase inicial, uma dura\u00e7\u00e3o pr\u00f3xima de <strong>30 minutos apresentou melhor capacidade de diferenciar artrite reumatoide<\/strong> de outros quadros na popula\u00e7\u00e3o estudada. Os pesquisadores ressaltam, por\u00e9m, que a rigidez \u00e9 apenas uma parte do processo diagn\u00f3stico.<\/p>\n\n\n\n<h2 class=\"wp-block-heading\">O movimento leve pode ajudar<\/h2>\n\n\n\n<p class=\"wp-block-paragraph\">Movimentar as articula\u00e7\u00f5es de forma suave ap\u00f3s acordar pode diminuir a sensa\u00e7\u00e3o de travamento em algumas pessoas. Alongamentos leves, movimentos dentro de uma amplitude confort\u00e1vel e retomada gradual das atividades podem ser \u00fateis, desde que n\u00e3o provoquem piora importante da dor.<\/p>\n\n\n\n<p class=\"wp-block-paragraph\">Quando a rigidez \u00e9 frequente ou progressiva, o al\u00edvio com movimento n\u00e3o elimina a necessidade de investiga\u00e7\u00e3o. O objetivo \u00e9 identificar se existe apenas uma resposta ao per\u00edodo de repouso ou uma condi\u00e7\u00e3o inflamat\u00f3ria que necessita acompanhamento.<\/p>\n\n\n<div class=\"wp-block-image wp-block-image size-large\">\n<figure class=\"aligncenter\"><img decoding=\"async\" width=\"1280\" height=\"575\" src=\"https:\/\/www.tuasaude.com\/news\/wp-content\/uploads\/2026\/09\/108320_juntas-travam-por-mais-de-meia-hora-ao-acordar-rigidez-prolo_tabela.jpg\" alt=\"Juntas travando ao acordar: quando a rigidez matinal merece investiga\u00e7\u00e3o\" class=\"wp-image-108326\" srcset=\"https:\/\/www.tuasaude.com\/news\/wp-content\/uploads\/2026\/09\/108320_juntas-travam-por-mais-de-meia-hora-ao-acordar-rigidez-prolo_tabela.jpg 1280w, https:\/\/www.tuasaude.com\/news\/wp-content\/uploads\/2026\/09\/108320_juntas-travam-por-mais-de-meia-hora-ao-acordar-rigidez-prolo_tabela-300x135.jpg 300w, https:\/\/www.tuasaude.com\/news\/wp-content\/uploads\/2026\/09\/108320_juntas-travam-por-mais-de-meia-hora-ao-acordar-rigidez-prolo_tabela-1024x460.jpg 1024w, https:\/\/www.tuasaude.com\/news\/wp-content\/uploads\/2026\/09\/108320_juntas-travam-por-mais-de-meia-hora-ao-acordar-rigidez-prolo_tabela-768x345.jpg 768w, https:\/\/www.tuasaude.com\/news\/wp-content\/uploads\/2026\/09\/108320_juntas-travam-por-mais-de-meia-hora-ao-acordar-rigidez-prolo_tabela-750x337.jpg 750w, https:\/\/www.tuasaude.com\/news\/wp-content\/uploads\/2026\/09\/108320_juntas-travam-por-mais-de-meia-hora-ao-acordar-rigidez-prolo_tabela-1140x512.jpg 1140w\" sizes=\"(max-width: 1280px) 100vw, 1280px\" \/><figcaption class=\"wp-element-caption\">Juntas travando ao acordar: quando a rigidez matinal merece investiga\u00e7\u00e3o<\/figcaption><\/figure>\n<\/div>\n\n\n<h2 class=\"wp-block-heading\">Quando \u00e9 importante procurar avalia\u00e7\u00e3o<\/h2>\n\n\n\n<p class=\"wp-block-paragraph\">A avalia\u00e7\u00e3o m\u00e9dica \u00e9 indicada quando a <strong>rigidez matinal persiste por mais de meia hora repetidamente<\/strong>, piora com o tempo ou interfere nas atividades di\u00e1rias. Alguns sinais exigem aten\u00e7\u00e3o ainda mais r\u00e1pida:<\/p>\n\n\n\n<ul class=\"wp-block-list\">\n<li>articula\u00e7\u00e3o muito quente e inchada;<\/li>\n<li><strong>febre junto com dor e incha\u00e7o articular<\/strong>;<\/li>\n<li>vermelhid\u00e3o intensa ou aumento r\u00e1pido do incha\u00e7o;<\/li>\n<li>limita\u00e7\u00e3o importante ou persistente dos movimentos;<\/li>\n<li>piora progressiva dos sintomas.<\/li>\n<\/ul>\n\n\n\n<p class=\"wp-block-paragraph\">Uma articula\u00e7\u00e3o quente acompanhada de febre pode, entre outras causas, indicar infec\u00e7\u00e3o e precisa de avalia\u00e7\u00e3o r\u00e1pida. Quando o quadro \u00e9 recorrente, o m\u00e9dico tamb\u00e9m pode investigar doen\u00e7as inflamat\u00f3rias, como a <a href=\"https:\/\/www.tuasaude.com\/artrite-reumatoide\/\" target=\"_blank\" rel=\"noopener noreferrer\">artrite reumatoide<\/a>.<\/p>\n\n\n\n<p class=\"wp-block-paragraph\"><strong>Este conte\u00fado \u00e9 apenas informativo e n\u00e3o substitui a avalia\u00e7\u00e3o, o diagn\u00f3stico ou a orienta\u00e7\u00e3o de um m\u00e9dico.<\/strong><\/p>\n","protected":false},"excerpt":{"rendered":"<p>Sentir as articula\u00e7\u00f5es um pouco r\u00edgidas depois de horas sem se movimentar pode acontecer, mas uma rigidez matinal que dura mais de 30 minutos, se repete com frequ\u00eancia ou limita atividades merece aten\u00e7\u00e3o. Esse padr\u00e3o pode estar relacionado a processos inflamat\u00f3rios e n\u00e3o deve ser atribu\u00eddo automaticamente ao envelhecimento ou ao simples \u201cdesgaste\u201d das juntas. [&hellip;]<\/p>\n","protected":false},"author":12,"featured_media":108324,"comment_status":"open","ping_status":"open","sticky":false,"template":"","format":"standard","meta":{"_yoast_wpseo_focuskw":"rigidez matinal","_yoast_wpseo_title":"","_yoast_wpseo_metadesc":"Rigidez matinal por mais de 30 minutos pode indicar inflama\u00e7\u00e3o nas articula\u00e7\u00f5es. Veja sinais associados e quando procurar avalia\u00e7\u00e3o m\u00e9dica.","jnews-multi-image_gallery":[],"jnews_single_post":[],"jnews_primary_category":[],"jnews_social_meta":[],"jnews_override_counter":[],"footnotes":""},"categories":[111],"tags":[3247,3427,5245],"class_list":["post-108320","post","type-post","status-publish","format-standard","has-post-thumbnail","hentry","category-saude","tag-artrite-reumatoide","tag-inflamacao-nas-articulacoes","tag-rigidez-articular"],"yoast_head":"<!-- This site is optimized with the Yoast SEO plugin v26.7 - https:\/\/yoast.com\/wordpress\/plugins\/seo\/ -->\n<title>Juntas travam por mais de meia hora ao acordar: rigidez prolongada merece investiga\u00e7\u00e3o - Tua Sa\u00fade<\/title>\n<meta name=\"description\" content=\"Rigidez matinal por mais de 30 minutos pode indicar inflama\u00e7\u00e3o nas articula\u00e7\u00f5es. Veja sinais associados e quando procurar avalia\u00e7\u00e3o m\u00e9dica.\" \/>\n<meta name=\"robots\" content=\"index, follow, max-snippet:-1, max-image-preview:large, max-video-preview:-1\" \/>\n<link rel=\"canonical\" href=\"https:\/\/www.tuasaude.com\/news\/2026\/09\/05\/juntas-travam-por-mais-de-meia-hora-ao-acordar-rigidez-prolongada-merece-investigacao\/\" \/>\n<meta property=\"og:locale\" content=\"pt_BR\" \/>\n<meta property=\"og:type\" content=\"article\" \/>\n<meta property=\"og:title\" content=\"Juntas travam por mais de meia hora ao acordar: rigidez prolongada merece investiga\u00e7\u00e3o - Tua Sa\u00fade\" \/>\n<meta property=\"og:description\" content=\"Rigidez matinal por mais de 30 minutos pode indicar inflama\u00e7\u00e3o nas articula\u00e7\u00f5es. Veja sinais associados e quando procurar avalia\u00e7\u00e3o m\u00e9dica.\" \/>\n<meta property=\"og:url\" content=\"https:\/\/www.tuasaude.com\/news\/2026\/09\/05\/juntas-travam-por-mais-de-meia-hora-ao-acordar-rigidez-prolongada-merece-investigacao\/\" \/>\n<meta property=\"og:site_name\" content=\"Tua Sa\u00fade\" \/>\n<meta property=\"article:published_time\" content=\"2026-09-06T00:40:00+00:00\" \/>\n<meta property=\"og:image\" content=\"https:\/\/www.tuasaude.com\/news\/wp-content\/uploads\/2026\/09\/108320_juntas-travam-por-mais-de-meia-hora-ao-acordar-rigidez-prolo_destaque.jpg\" \/>\n\t<meta property=\"og:image:width\" content=\"1280\" \/>\n\t<meta property=\"og:image:height\" content=\"714\" \/>\n\t<meta property=\"og:image:type\" content=\"image\/jpeg\" \/>\n<meta name=\"author\" content=\"Jeferson Henrique\" \/>\n<meta name=\"twitter:card\" content=\"summary_large_image\" \/>\n<meta name=\"twitter:label1\" content=\"Escrito por\" \/>\n\t<meta name=\"twitter:data1\" content=\"Jeferson Henrique\" \/>\n\t<meta name=\"twitter:label2\" content=\"Est. tempo de leitura\" \/>\n\t<meta name=\"twitter:data2\" content=\"3 minutos\" \/>\n<!-- \/ Yoast SEO plugin. -->","yoast_head_json":{"title":"Juntas travam por mais de meia hora ao acordar: rigidez prolongada merece investiga\u00e7\u00e3o - Tua Sa\u00fade","description":"Rigidez matinal por mais de 30 minutos pode indicar inflama\u00e7\u00e3o nas articula\u00e7\u00f5es. Veja sinais associados e quando procurar avalia\u00e7\u00e3o m\u00e9dica.","robots":{"index":"index","follow":"follow","max-snippet":"max-snippet:-1","max-image-preview":"max-image-preview:large","max-video-preview":"max-video-preview:-1"},"canonical":"https:\/\/www.tuasaude.com\/news\/2026\/09\/05\/juntas-travam-por-mais-de-meia-hora-ao-acordar-rigidez-prolongada-merece-investigacao\/","og_locale":"pt_BR","og_type":"article","og_title":"Juntas travam por mais de meia hora ao acordar: rigidez prolongada merece investiga\u00e7\u00e3o - Tua Sa\u00fade","og_description":"Rigidez matinal por mais de 30 minutos pode indicar inflama\u00e7\u00e3o nas articula\u00e7\u00f5es. Veja sinais associados e quando procurar avalia\u00e7\u00e3o m\u00e9dica.","og_url":"https:\/\/www.tuasaude.com\/news\/2026\/09\/05\/juntas-travam-por-mais-de-meia-hora-ao-acordar-rigidez-prolongada-merece-investigacao\/","og_site_name":"Tua Sa\u00fade","article_published_time":"2026-09-06T00:40:00+00:00","og_image":[{"width":1280,"height":714,"url":"https:\/\/www.tuasaude.com\/news\/wp-content\/uploads\/2026\/09\/108320_juntas-travam-por-mais-de-meia-hora-ao-acordar-rigidez-prolo_destaque.jpg","type":"image\/jpeg"}],"author":"Jeferson Henrique","twitter_card":"summary_large_image","twitter_misc":{"Escrito por":"Jeferson Henrique","Est. tempo de leitura":"3 minutos"},"schema":{"@context":"https:\/\/schema.org","@graph":[{"@type":"Article","@id":"https:\/\/www.tuasaude.com\/news\/2026\/09\/05\/juntas-travam-por-mais-de-meia-hora-ao-acordar-rigidez-prolongada-merece-investigacao\/#article","isPartOf":{"@id":"https:\/\/www.tuasaude.com\/news\/2026\/09\/05\/juntas-travam-por-mais-de-meia-hora-ao-acordar-rigidez-prolongada-merece-investigacao\/"},"author":{"name":"Jeferson Henrique","@id":"https:\/\/www.tuasaude.com\/news\/#\/schema\/person\/963d63d4e1f0c81f5f3a70ba4bcb0ef7"},"headline":"Juntas travam por mais de meia hora ao acordar: rigidez prolongada merece investiga\u00e7\u00e3o","datePublished":"2026-09-06T00:40:00+00:00","mainEntityOfPage":{"@id":"https:\/\/www.tuasaude.com\/news\/2026\/09\/05\/juntas-travam-por-mais-de-meia-hora-ao-acordar-rigidez-prolongada-merece-investigacao\/"},"wordCount":615,"commentCount":0,"image":{"@id":"https:\/\/www.tuasaude.com\/news\/2026\/09\/05\/juntas-travam-por-mais-de-meia-hora-ao-acordar-rigidez-prolongada-merece-investigacao\/#primaryimage"},"thumbnailUrl":"https:\/\/www.tuasaude.com\/news\/wp-content\/uploads\/2026\/09\/108320_juntas-travam-por-mais-de-meia-hora-ao-acordar-rigidez-prolo_destaque.jpg","keywords":["artrite reumatoide","inflama\u00e7\u00e3o nas articula\u00e7\u00f5es","rigidez articular"],"articleSection":["Sa\u00fade"],"inLanguage":"pt-BR","potentialAction":[{"@type":"CommentAction","name":"Comment","target":["https:\/\/www.tuasaude.com\/news\/2026\/09\/05\/juntas-travam-por-mais-de-meia-hora-ao-acordar-rigidez-prolongada-merece-investigacao\/#respond"]}]},{"@type":"WebPage","@id":"https:\/\/www.tuasaude.com\/news\/2026\/09\/05\/juntas-travam-por-mais-de-meia-hora-ao-acordar-rigidez-prolongada-merece-investigacao\/","url":"https:\/\/www.tuasaude.com\/news\/2026\/09\/05\/juntas-travam-por-mais-de-meia-hora-ao-acordar-rigidez-prolongada-merece-investigacao\/","name":"Juntas travam por mais de meia hora ao acordar: rigidez prolongada merece investiga\u00e7\u00e3o - Tua Sa\u00fade","isPartOf":{"@id":"https:\/\/www.tuasaude.com\/news\/#website"},"primaryImageOfPage":{"@id":"https:\/\/www.tuasaude.com\/news\/2026\/09\/05\/juntas-travam-por-mais-de-meia-hora-ao-acordar-rigidez-prolongada-merece-investigacao\/#primaryimage"},"image":{"@id":"https:\/\/www.tuasaude.com\/news\/2026\/09\/05\/juntas-travam-por-mais-de-meia-hora-ao-acordar-rigidez-prolongada-merece-investigacao\/#primaryimage"},"thumbnailUrl":"https:\/\/www.tuasaude.com\/news\/wp-content\/uploads\/2026\/09\/108320_juntas-travam-por-mais-de-meia-hora-ao-acordar-rigidez-prolo_destaque.jpg","datePublished":"2026-09-06T00:40:00+00:00","author":{"@id":"https:\/\/www.tuasaude.com\/news\/#\/schema\/person\/963d63d4e1f0c81f5f3a70ba4bcb0ef7"},"description":"Rigidez matinal por mais de 30 minutos pode indicar inflama\u00e7\u00e3o nas articula\u00e7\u00f5es. Veja sinais associados e quando procurar avalia\u00e7\u00e3o m\u00e9dica.","breadcrumb":{"@id":"https:\/\/www.tuasaude.com\/news\/2026\/09\/05\/juntas-travam-por-mais-de-meia-hora-ao-acordar-rigidez-prolongada-merece-investigacao\/#breadcrumb"},"inLanguage":"pt-BR","potentialAction":[{"@type":"ReadAction","target":["https:\/\/www.tuasaude.com\/news\/2026\/09\/05\/juntas-travam-por-mais-de-meia-hora-ao-acordar-rigidez-prolongada-merece-investigacao\/"]}]},{"@type":"ImageObject","inLanguage":"pt-BR","@id":"https:\/\/www.tuasaude.com\/news\/2026\/09\/05\/juntas-travam-por-mais-de-meia-hora-ao-acordar-rigidez-prolongada-merece-investigacao\/#primaryimage","url":"https:\/\/www.tuasaude.com\/news\/wp-content\/uploads\/2026\/09\/108320_juntas-travam-por-mais-de-meia-hora-ao-acordar-rigidez-prolo_destaque.jpg","contentUrl":"https:\/\/www.tuasaude.com\/news\/wp-content\/uploads\/2026\/09\/108320_juntas-travam-por-mais-de-meia-hora-ao-acordar-rigidez-prolo_destaque.jpg","width":1280,"height":714,"caption":"Rigidez nas articula\u00e7\u00f5es por mais de 30 minutos ao acordar merece investiga\u00e7\u00e3o."},{"@type":"BreadcrumbList","@id":"https:\/\/www.tuasaude.com\/news\/2026\/09\/05\/juntas-travam-por-mais-de-meia-hora-ao-acordar-rigidez-prolongada-merece-investigacao\/#breadcrumb","itemListElement":[{"@type":"ListItem","position":1,"name":"In\u00edcio","item":"https:\/\/www.tuasaude.com\/news\/"},{"@type":"ListItem","position":2,"name":"Juntas travam por mais de meia hora ao acordar: rigidez prolongada merece investiga\u00e7\u00e3o"}]},{"@type":"WebSite","@id":"https:\/\/www.tuasaude.com\/news\/#website","url":"https:\/\/www.tuasaude.com\/news\/","name":"Tua Sa\u00fade","description":"Seu site de sa\u00fade","potentialAction":[{"@type":"SearchAction","target":{"@type":"EntryPoint","urlTemplate":"https:\/\/www.tuasaude.com\/news\/?s={search_term_string}"},"query-input":{"@type":"PropertyValueSpecification","valueRequired":true,"valueName":"search_term_string"}}],"inLanguage":"pt-BR"},{"@type":"Person","@id":"https:\/\/www.tuasaude.com\/news\/#\/schema\/person\/963d63d4e1f0c81f5f3a70ba4bcb0ef7","name":"Jeferson Henrique","image":{"@type":"ImageObject","inLanguage":"pt-BR","@id":"https:\/\/www.tuasaude.com\/news\/#\/schema\/person\/image\/","url":"https:\/\/secure.gravatar.com\/avatar\/1a476a54a48eb3cdea5dd2f016708263892c6b9f5e54b641df7c65e980fd6f69?s=96&d=mm&r=g","contentUrl":"https:\/\/secure.gravatar.com\/avatar\/1a476a54a48eb3cdea5dd2f016708263892c6b9f5e54b641df7c65e980fd6f69?s=96&d=mm&r=g","caption":"Jeferson Henrique"},"sameAs":["https:\/\/www.tuasaude.com\/news\/"],"url":"https:\/\/www.tuasaude.com\/news\/author\/jeferson-henrique\/"}]}},"_links":{"self":[{"href":"https:\/\/www.tuasaude.com\/news\/wp-json\/wp\/v2\/posts\/108320","targetHints":{"allow":["GET"]}}],"collection":[{"href":"https:\/\/www.tuasaude.com\/news\/wp-json\/wp\/v2\/posts"}],"about":[{"href":"https:\/\/www.tuasaude.com\/news\/wp-json\/wp\/v2\/types\/post"}],"author":[{"embeddable":true,"href":"https:\/\/www.tuasaude.com\/news\/wp-json\/wp\/v2\/users\/12"}],"replies":[{"embeddable":true,"href":"https:\/\/www.tuasaude.com\/news\/wp-json\/wp\/v2\/comments?post=108320"}],"version-history":[{"count":1,"href":"https:\/\/www.tuasaude.com\/news\/wp-json\/wp\/v2\/posts\/108320\/revisions"}],"predecessor-version":[{"id":108327,"href":"https:\/\/www.tuasaude.com\/news\/wp-json\/wp\/v2\/posts\/108320\/revisions\/108327"}],"wp:featuredmedia":[{"embeddable":true,"href":"https:\/\/www.tuasaude.com\/news\/wp-json\/wp\/v2\/media\/108324"}],"wp:attachment":[{"href":"https:\/\/www.tuasaude.com\/news\/wp-json\/wp\/v2\/media?parent=108320"}],"wp:term":[{"taxonomy":"category","embeddable":true,"href":"https:\/\/www.tuasaude.com\/news\/wp-json\/wp\/v2\/categories?post=108320"},{"taxonomy":"post_tag","embeddable":true,"href":"https:\/\/www.tuasaude.com\/news\/wp-json\/wp\/v2\/tags?post=108320"}],"curies":[{"name":"wp","href":"https:\/\/api.w.org\/{rel}","templated":true}]}}