{"id":108305,"date":"2026-09-05T20:45:00","date_gmt":"2026-09-05T23:45:00","guid":{"rendered":"https:\/\/www.tuasaude.com\/news\/?p=108305"},"modified":"2026-09-04T18:53:42","modified_gmt":"2026-09-04T21:53:42","slug":"dedao-do-pe-fica-vermelho-quente-e-doi-de-repente-gota-e-uma-possibilidade","status":"publish","type":"post","link":"https:\/\/www.tuasaude.com\/news\/2026\/09\/05\/dedao-do-pe-fica-vermelho-quente-e-doi-de-repente-gota-e-uma-possibilidade\/","title":{"rendered":"Ded\u00e3o do p\u00e9 fica vermelho, quente e d\u00f3i de repente: gota \u00e9 uma possibilidade"},"content":{"rendered":"\n<p class=\"wp-block-paragraph\">Uma dor intensa que come\u00e7a de repente no ded\u00e3o do p\u00e9, acompanhada de <strong>vermelhid\u00e3o, calor e incha\u00e7o<\/strong>, pode ser uma crise de gota. Por\u00e9m, esses sinais n\u00e3o confirmam o diagn\u00f3stico sozinhos, j\u00e1 que infec\u00e7\u00f5es, traumas e outras formas de artrite tamb\u00e9m podem deixar uma articula\u00e7\u00e3o dolorida e quente.<\/p>\n\n\n\n<h2 class=\"wp-block-heading\">Como \u00e9 a gota no p\u00e9<\/h2>\n\n\n\n<p class=\"wp-block-paragraph\">A gota \u00e9 uma artrite inflamat\u00f3ria relacionada \u00e0 forma\u00e7\u00e3o de cristais de urato dentro das articula\u00e7\u00f5es. A base do ded\u00e3o do p\u00e9 \u00e9 um dos locais mais caracter\u00edsticos, embora tornozelos, joelhos, m\u00e3os e outras articula\u00e7\u00f5es tamb\u00e9m possam ser atingidos.<\/p>\n\n\n\n<p class=\"wp-block-paragraph\">Segundo o <a href=\"https:\/\/www.nhs.uk\/conditions\/gout\/\" target=\"_blank\" rel=\"noopener noreferrer\">NHS<\/a>, a crise costuma causar <strong>dor s\u00fabita e forte<\/strong>, al\u00e9m de pele quente, inchada e avermelhada sobre a articula\u00e7\u00e3o afetada.<\/p>\n\n\n\n<h2 class=\"wp-block-heading\">Quais sintomas podem aparecer<\/h2>\n\n\n<div class=\"wp-block-image wp-block-image size-large\">\n<figure class=\"aligncenter\"><img decoding=\"async\" width=\"1280\" height=\"714\" src=\"https:\/\/www.tuasaude.com\/news\/wp-content\/uploads\/2026\/09\/108305_dedao-do-pe-fica-vermelho-quente-e-doi-de-repente-gota-e-uma_corpo.jpg\" alt=\"Na gota, cristais de urato podem se acumular na articula\u00e7\u00e3o e provocar dor, calor e incha\u00e7o.\" class=\"wp-image-108307\" srcset=\"https:\/\/www.tuasaude.com\/news\/wp-content\/uploads\/2026\/09\/108305_dedao-do-pe-fica-vermelho-quente-e-doi-de-repente-gota-e-uma_corpo.jpg 1280w, https:\/\/www.tuasaude.com\/news\/wp-content\/uploads\/2026\/09\/108305_dedao-do-pe-fica-vermelho-quente-e-doi-de-repente-gota-e-uma_corpo-300x167.jpg 300w, https:\/\/www.tuasaude.com\/news\/wp-content\/uploads\/2026\/09\/108305_dedao-do-pe-fica-vermelho-quente-e-doi-de-repente-gota-e-uma_corpo-1024x571.jpg 1024w, https:\/\/www.tuasaude.com\/news\/wp-content\/uploads\/2026\/09\/108305_dedao-do-pe-fica-vermelho-quente-e-doi-de-repente-gota-e-uma_corpo-768x428.jpg 768w, https:\/\/www.tuasaude.com\/news\/wp-content\/uploads\/2026\/09\/108305_dedao-do-pe-fica-vermelho-quente-e-doi-de-repente-gota-e-uma_corpo-750x418.jpg 750w, https:\/\/www.tuasaude.com\/news\/wp-content\/uploads\/2026\/09\/108305_dedao-do-pe-fica-vermelho-quente-e-doi-de-repente-gota-e-uma_corpo-1140x636.jpg 1140w\" sizes=\"(max-width: 1280px) 100vw, 1280px\" \/><figcaption class=\"wp-element-caption\">Na gota, cristais de urato podem se acumular na articula\u00e7\u00e3o e provocar dor, calor e incha\u00e7o.<\/figcaption><\/figure>\n<\/div>\n\n\n<p class=\"wp-block-paragraph\">Na <strong>gota no p\u00e9<\/strong>, a sensibilidade pode ser t\u00e3o intensa que at\u00e9 o contato de roupas ou cobertas incomoda. Os sinais mais comuns durante uma crise incluem:<\/p>\n\n\n\n<ul class=\"wp-block-list\">\n<li>dor articular intensa e de in\u00edcio r\u00e1pido;<\/li>\n<li><strong>incha\u00e7o no ded\u00e3o ou em outra articula\u00e7\u00e3o<\/strong>;<\/li>\n<li>aumento da temperatura no local;<\/li>\n<li>vermelhid\u00e3o da pele;<\/li>\n<li>grande sensibilidade ao toque.<\/li>\n<\/ul>\n\n\n\n<p class=\"wp-block-paragraph\">\u00c9 poss\u00edvel conhecer outras caracter\u00edsticas da doen\u00e7a no conte\u00fado sobre <a href=\"https:\/\/www.tuasaude.com\/gota\/\" target=\"_blank\" rel=\"noopener noreferrer\">gota<\/a>, mas a avalia\u00e7\u00e3o m\u00e9dica \u00e9 importante para diferenciar a crise de outras causas de dor articular.<\/p>\n\n\n\n<h2 class=\"wp-block-heading\">O que uma revis\u00e3o mostra sobre a gota no p\u00e9<\/h2>\n\n\n\n<p class=\"wp-block-paragraph\">Segundo a revis\u00e3o <a href=\"https:\/\/pubmed.ncbi.nlm.nih.gov\/22272526\/\" target=\"_blank\" rel=\"noopener noreferrer\"><em>Diagnosis and treatment of gout in primary care<\/em><\/a>, publicada no peri\u00f3dico <em>Practitioner<\/em>, a crise aguda de gota apresenta dor articular forte e de r\u00e1pida instala\u00e7\u00e3o, podendo atingir intensidade m\u00e1xima em poucas horas.<\/p>\n\n\n\n<p class=\"wp-block-paragraph\">A revis\u00e3o tamb\u00e9m destaca que a doen\u00e7a tem prefer\u00eancia pelas articula\u00e7\u00f5es dos membros inferiores e frequentemente come\u00e7a na articula\u00e7\u00e3o da base do ded\u00e3o, quadro conhecido como <strong>podagra<\/strong>. Mesmo assim, confirmar a causa \u00e9 importante, especialmente na primeira crise.<\/p>\n\n\n\n<h2 class=\"wp-block-heading\">O que pode aliviar enquanto busca orienta\u00e7\u00e3o<\/h2>\n\n\n\n<p class=\"wp-block-paragraph\">Algumas medidas simples podem reduzir o desconforto temporariamente enquanto a pessoa procura orienta\u00e7\u00e3o profissional. Elas n\u00e3o substituem a investiga\u00e7\u00e3o da causa da inflama\u00e7\u00e3o.<\/p>\n\n\n\n<ul class=\"wp-block-list\">\n<li>repousar e evitar press\u00e3o sobre a articula\u00e7\u00e3o dolorida;<\/li>\n<li>manter o p\u00e9 em posi\u00e7\u00e3o confort\u00e1vel;<\/li>\n<li>usar <strong>gelo envolvido em um pano<\/strong> por per\u00edodos curtos, sem coloc\u00e1-lo diretamente sobre a pele;<\/li>\n<li>evitar iniciar medicamentos por conta pr\u00f3pria, especialmente quando n\u00e3o h\u00e1 diagn\u00f3stico pr\u00e9vio de gota.<\/li>\n<\/ul>\n\n\n<div class=\"wp-block-image wp-block-image size-large\">\n<figure class=\"aligncenter\"><img decoding=\"async\" width=\"1280\" height=\"575\" src=\"https:\/\/www.tuasaude.com\/news\/wp-content\/uploads\/2026\/09\/108305_dedao-do-pe-fica-vermelho-quente-e-doi-de-repente-gota-e-uma_tabela.jpg\" alt=\"Ded\u00e3o vermelho, quente e dolorido: sinais de gota no p\u00e9\" class=\"wp-image-108308\" srcset=\"https:\/\/www.tuasaude.com\/news\/wp-content\/uploads\/2026\/09\/108305_dedao-do-pe-fica-vermelho-quente-e-doi-de-repente-gota-e-uma_tabela.jpg 1280w, https:\/\/www.tuasaude.com\/news\/wp-content\/uploads\/2026\/09\/108305_dedao-do-pe-fica-vermelho-quente-e-doi-de-repente-gota-e-uma_tabela-300x135.jpg 300w, https:\/\/www.tuasaude.com\/news\/wp-content\/uploads\/2026\/09\/108305_dedao-do-pe-fica-vermelho-quente-e-doi-de-repente-gota-e-uma_tabela-1024x460.jpg 1024w, https:\/\/www.tuasaude.com\/news\/wp-content\/uploads\/2026\/09\/108305_dedao-do-pe-fica-vermelho-quente-e-doi-de-repente-gota-e-uma_tabela-768x345.jpg 768w, https:\/\/www.tuasaude.com\/news\/wp-content\/uploads\/2026\/09\/108305_dedao-do-pe-fica-vermelho-quente-e-doi-de-repente-gota-e-uma_tabela-750x337.jpg 750w, https:\/\/www.tuasaude.com\/news\/wp-content\/uploads\/2026\/09\/108305_dedao-do-pe-fica-vermelho-quente-e-doi-de-repente-gota-e-uma_tabela-1140x512.jpg 1140w\" sizes=\"(max-width: 1280px) 100vw, 1280px\" \/><figcaption class=\"wp-element-caption\">Ded\u00e3o vermelho, quente e dolorido: sinais de gota no p\u00e9<\/figcaption><\/figure>\n<\/div>\n\n\n<h2 class=\"wp-block-heading\">Quando a articula\u00e7\u00e3o quente precisa de avalia\u00e7\u00e3o r\u00e1pida<\/h2>\n\n\n\n<p class=\"wp-block-paragraph\">Uma <strong>primeira crise de dor intensa e incha\u00e7o articular<\/strong> deve ser avaliada para esclarecer a causa. Tamb\u00e9m \u00e9 importante procurar atendimento rapidamente quando a articula\u00e7\u00e3o quente e dolorida vem acompanhada de febre, calafrios, piora importante da dor ou mal-estar intenso.<\/p>\n\n\n\n<p class=\"wp-block-paragraph\">Esses sintomas podem ocorrer em problemas que exigem tratamento r\u00e1pido, incluindo uma infec\u00e7\u00e3o na articula\u00e7\u00e3o. Por isso, n\u00e3o \u00e9 indicado presumir que toda dor s\u00fabita no ded\u00e3o seja apenas gota, mesmo em pessoas com \u00e1cido \u00farico elevado.<\/p>\n\n\n\n<p class=\"wp-block-paragraph\"><strong>Este conte\u00fado \u00e9 apenas informativo e n\u00e3o substitui a avalia\u00e7\u00e3o, o diagn\u00f3stico ou a orienta\u00e7\u00e3o de um m\u00e9dico.<\/strong><\/p>\n","protected":false},"excerpt":{"rendered":"<p>Uma dor intensa que come\u00e7a de repente no ded\u00e3o do p\u00e9, acompanhada de vermelhid\u00e3o, calor e incha\u00e7o, pode ser uma crise de gota. Por\u00e9m, esses sinais n\u00e3o confirmam o diagn\u00f3stico sozinhos, j\u00e1 que infec\u00e7\u00f5es, traumas e outras formas de artrite tamb\u00e9m podem deixar uma articula\u00e7\u00e3o dolorida e quente. Como \u00e9 a gota no p\u00e9 A [&hellip;]<\/p>\n","protected":false},"author":12,"featured_media":108306,"comment_status":"open","ping_status":"open","sticky":false,"template":"","format":"standard","meta":{"_yoast_wpseo_focuskw":"gota no p\u00e9","_yoast_wpseo_title":"","_yoast_wpseo_metadesc":"Gota no p\u00e9 pode causar dor s\u00fabita, vermelhid\u00e3o, calor e incha\u00e7o no ded\u00e3o. Entenda os sintomas, poss\u00edveis causas e quando buscar avalia\u00e7\u00e3o m\u00e9dica.","jnews-multi-image_gallery":[],"jnews_single_post":[],"jnews_primary_category":[],"jnews_social_meta":[],"jnews_override_counter":[],"footnotes":""},"categories":[111],"tags":[9253,8903,8951],"class_list":["post-108305","post","type-post","status-publish","format-standard","has-post-thumbnail","hentry","category-saude","tag-crise-de-gota","tag-dor-no-dedao","tag-podagra"],"yoast_head":"<!-- This site is optimized with the Yoast SEO plugin v26.7 - https:\/\/yoast.com\/wordpress\/plugins\/seo\/ -->\n<title>Ded\u00e3o do p\u00e9 fica vermelho, quente e d\u00f3i de repente: gota \u00e9 uma possibilidade - Tua Sa\u00fade<\/title>\n<meta name=\"description\" content=\"Gota no p\u00e9 pode causar dor s\u00fabita, vermelhid\u00e3o, calor e incha\u00e7o no ded\u00e3o. Entenda os sintomas, poss\u00edveis causas e quando buscar avalia\u00e7\u00e3o m\u00e9dica.\" \/>\n<meta name=\"robots\" content=\"index, follow, max-snippet:-1, max-image-preview:large, max-video-preview:-1\" \/>\n<link rel=\"canonical\" href=\"https:\/\/www.tuasaude.com\/news\/2026\/09\/05\/dedao-do-pe-fica-vermelho-quente-e-doi-de-repente-gota-e-uma-possibilidade\/\" \/>\n<meta property=\"og:locale\" content=\"pt_BR\" \/>\n<meta property=\"og:type\" content=\"article\" \/>\n<meta property=\"og:title\" content=\"Ded\u00e3o do p\u00e9 fica vermelho, quente e d\u00f3i de repente: gota \u00e9 uma possibilidade - Tua Sa\u00fade\" \/>\n<meta property=\"og:description\" content=\"Gota no p\u00e9 pode causar dor s\u00fabita, vermelhid\u00e3o, calor e incha\u00e7o no ded\u00e3o. Entenda os sintomas, poss\u00edveis causas e quando buscar avalia\u00e7\u00e3o m\u00e9dica.\" \/>\n<meta property=\"og:url\" content=\"https:\/\/www.tuasaude.com\/news\/2026\/09\/05\/dedao-do-pe-fica-vermelho-quente-e-doi-de-repente-gota-e-uma-possibilidade\/\" \/>\n<meta property=\"og:site_name\" content=\"Tua Sa\u00fade\" \/>\n<meta property=\"article:published_time\" content=\"2026-09-05T23:45:00+00:00\" \/>\n<meta property=\"og:image\" content=\"https:\/\/www.tuasaude.com\/news\/wp-content\/uploads\/2026\/09\/108305_dedao-do-pe-fica-vermelho-quente-e-doi-de-repente-gota-e-uma_destaque.jpg\" \/>\n\t<meta property=\"og:image:width\" content=\"1280\" \/>\n\t<meta property=\"og:image:height\" content=\"714\" \/>\n\t<meta property=\"og:image:type\" content=\"image\/jpeg\" \/>\n<meta name=\"author\" content=\"Jeferson Henrique\" \/>\n<meta name=\"twitter:card\" content=\"summary_large_image\" \/>\n<meta name=\"twitter:label1\" content=\"Escrito por\" \/>\n\t<meta name=\"twitter:data1\" content=\"Jeferson Henrique\" \/>\n\t<meta name=\"twitter:label2\" content=\"Est. tempo de leitura\" \/>\n\t<meta name=\"twitter:data2\" content=\"3 minutos\" \/>\n<!-- \/ Yoast SEO plugin. -->","yoast_head_json":{"title":"Ded\u00e3o do p\u00e9 fica vermelho, quente e d\u00f3i de repente: gota \u00e9 uma possibilidade - Tua Sa\u00fade","description":"Gota no p\u00e9 pode causar dor s\u00fabita, vermelhid\u00e3o, calor e incha\u00e7o no ded\u00e3o. Entenda os sintomas, poss\u00edveis causas e quando buscar avalia\u00e7\u00e3o m\u00e9dica.","robots":{"index":"index","follow":"follow","max-snippet":"max-snippet:-1","max-image-preview":"max-image-preview:large","max-video-preview":"max-video-preview:-1"},"canonical":"https:\/\/www.tuasaude.com\/news\/2026\/09\/05\/dedao-do-pe-fica-vermelho-quente-e-doi-de-repente-gota-e-uma-possibilidade\/","og_locale":"pt_BR","og_type":"article","og_title":"Ded\u00e3o do p\u00e9 fica vermelho, quente e d\u00f3i de repente: gota \u00e9 uma possibilidade - Tua Sa\u00fade","og_description":"Gota no p\u00e9 pode causar dor s\u00fabita, vermelhid\u00e3o, calor e incha\u00e7o no ded\u00e3o. Entenda os sintomas, poss\u00edveis causas e quando buscar avalia\u00e7\u00e3o m\u00e9dica.","og_url":"https:\/\/www.tuasaude.com\/news\/2026\/09\/05\/dedao-do-pe-fica-vermelho-quente-e-doi-de-repente-gota-e-uma-possibilidade\/","og_site_name":"Tua Sa\u00fade","article_published_time":"2026-09-05T23:45:00+00:00","og_image":[{"width":1280,"height":714,"url":"https:\/\/www.tuasaude.com\/news\/wp-content\/uploads\/2026\/09\/108305_dedao-do-pe-fica-vermelho-quente-e-doi-de-repente-gota-e-uma_destaque.jpg","type":"image\/jpeg"}],"author":"Jeferson Henrique","twitter_card":"summary_large_image","twitter_misc":{"Escrito por":"Jeferson Henrique","Est. tempo de leitura":"3 minutos"},"schema":{"@context":"https:\/\/schema.org","@graph":[{"@type":"Article","@id":"https:\/\/www.tuasaude.com\/news\/2026\/09\/05\/dedao-do-pe-fica-vermelho-quente-e-doi-de-repente-gota-e-uma-possibilidade\/#article","isPartOf":{"@id":"https:\/\/www.tuasaude.com\/news\/2026\/09\/05\/dedao-do-pe-fica-vermelho-quente-e-doi-de-repente-gota-e-uma-possibilidade\/"},"author":{"name":"Jeferson Henrique","@id":"https:\/\/www.tuasaude.com\/news\/#\/schema\/person\/963d63d4e1f0c81f5f3a70ba4bcb0ef7"},"headline":"Ded\u00e3o do p\u00e9 fica vermelho, quente e d\u00f3i de repente: gota \u00e9 uma possibilidade","datePublished":"2026-09-05T23:45:00+00:00","mainEntityOfPage":{"@id":"https:\/\/www.tuasaude.com\/news\/2026\/09\/05\/dedao-do-pe-fica-vermelho-quente-e-doi-de-repente-gota-e-uma-possibilidade\/"},"wordCount":573,"commentCount":0,"image":{"@id":"https:\/\/www.tuasaude.com\/news\/2026\/09\/05\/dedao-do-pe-fica-vermelho-quente-e-doi-de-repente-gota-e-uma-possibilidade\/#primaryimage"},"thumbnailUrl":"https:\/\/www.tuasaude.com\/news\/wp-content\/uploads\/2026\/09\/108305_dedao-do-pe-fica-vermelho-quente-e-doi-de-repente-gota-e-uma_destaque.jpg","keywords":["crise de gota","dor no ded\u00e3o","podagra"],"articleSection":["Sa\u00fade"],"inLanguage":"pt-BR","potentialAction":[{"@type":"CommentAction","name":"Comment","target":["https:\/\/www.tuasaude.com\/news\/2026\/09\/05\/dedao-do-pe-fica-vermelho-quente-e-doi-de-repente-gota-e-uma-possibilidade\/#respond"]}]},{"@type":"WebPage","@id":"https:\/\/www.tuasaude.com\/news\/2026\/09\/05\/dedao-do-pe-fica-vermelho-quente-e-doi-de-repente-gota-e-uma-possibilidade\/","url":"https:\/\/www.tuasaude.com\/news\/2026\/09\/05\/dedao-do-pe-fica-vermelho-quente-e-doi-de-repente-gota-e-uma-possibilidade\/","name":"Ded\u00e3o do p\u00e9 fica vermelho, quente e d\u00f3i de repente: gota \u00e9 uma possibilidade - Tua Sa\u00fade","isPartOf":{"@id":"https:\/\/www.tuasaude.com\/news\/#website"},"primaryImageOfPage":{"@id":"https:\/\/www.tuasaude.com\/news\/2026\/09\/05\/dedao-do-pe-fica-vermelho-quente-e-doi-de-repente-gota-e-uma-possibilidade\/#primaryimage"},"image":{"@id":"https:\/\/www.tuasaude.com\/news\/2026\/09\/05\/dedao-do-pe-fica-vermelho-quente-e-doi-de-repente-gota-e-uma-possibilidade\/#primaryimage"},"thumbnailUrl":"https:\/\/www.tuasaude.com\/news\/wp-content\/uploads\/2026\/09\/108305_dedao-do-pe-fica-vermelho-quente-e-doi-de-repente-gota-e-uma_destaque.jpg","datePublished":"2026-09-05T23:45:00+00:00","author":{"@id":"https:\/\/www.tuasaude.com\/news\/#\/schema\/person\/963d63d4e1f0c81f5f3a70ba4bcb0ef7"},"description":"Gota no p\u00e9 pode causar dor s\u00fabita, vermelhid\u00e3o, calor e incha\u00e7o no ded\u00e3o. Entenda os sintomas, poss\u00edveis causas e quando buscar avalia\u00e7\u00e3o m\u00e9dica.","breadcrumb":{"@id":"https:\/\/www.tuasaude.com\/news\/2026\/09\/05\/dedao-do-pe-fica-vermelho-quente-e-doi-de-repente-gota-e-uma-possibilidade\/#breadcrumb"},"inLanguage":"pt-BR","potentialAction":[{"@type":"ReadAction","target":["https:\/\/www.tuasaude.com\/news\/2026\/09\/05\/dedao-do-pe-fica-vermelho-quente-e-doi-de-repente-gota-e-uma-possibilidade\/"]}]},{"@type":"ImageObject","inLanguage":"pt-BR","@id":"https:\/\/www.tuasaude.com\/news\/2026\/09\/05\/dedao-do-pe-fica-vermelho-quente-e-doi-de-repente-gota-e-uma-possibilidade\/#primaryimage","url":"https:\/\/www.tuasaude.com\/news\/wp-content\/uploads\/2026\/09\/108305_dedao-do-pe-fica-vermelho-quente-e-doi-de-repente-gota-e-uma_destaque.jpg","contentUrl":"https:\/\/www.tuasaude.com\/news\/wp-content\/uploads\/2026\/09\/108305_dedao-do-pe-fica-vermelho-quente-e-doi-de-repente-gota-e-uma_destaque.jpg","width":1280,"height":714,"caption":"Dor s\u00fabita, vermelhid\u00e3o e incha\u00e7o no ded\u00e3o do p\u00e9 podem ocorrer em uma crise de gota."},{"@type":"BreadcrumbList","@id":"https:\/\/www.tuasaude.com\/news\/2026\/09\/05\/dedao-do-pe-fica-vermelho-quente-e-doi-de-repente-gota-e-uma-possibilidade\/#breadcrumb","itemListElement":[{"@type":"ListItem","position":1,"name":"In\u00edcio","item":"https:\/\/www.tuasaude.com\/news\/"},{"@type":"ListItem","position":2,"name":"Ded\u00e3o do p\u00e9 fica vermelho, quente e d\u00f3i de repente: gota \u00e9 uma possibilidade"}]},{"@type":"WebSite","@id":"https:\/\/www.tuasaude.com\/news\/#website","url":"https:\/\/www.tuasaude.com\/news\/","name":"Tua Sa\u00fade","description":"Seu site de sa\u00fade","potentialAction":[{"@type":"SearchAction","target":{"@type":"EntryPoint","urlTemplate":"https:\/\/www.tuasaude.com\/news\/?s={search_term_string}"},"query-input":{"@type":"PropertyValueSpecification","valueRequired":true,"valueName":"search_term_string"}}],"inLanguage":"pt-BR"},{"@type":"Person","@id":"https:\/\/www.tuasaude.com\/news\/#\/schema\/person\/963d63d4e1f0c81f5f3a70ba4bcb0ef7","name":"Jeferson Henrique","image":{"@type":"ImageObject","inLanguage":"pt-BR","@id":"https:\/\/www.tuasaude.com\/news\/#\/schema\/person\/image\/","url":"https:\/\/secure.gravatar.com\/avatar\/1a476a54a48eb3cdea5dd2f016708263892c6b9f5e54b641df7c65e980fd6f69?s=96&d=mm&r=g","contentUrl":"https:\/\/secure.gravatar.com\/avatar\/1a476a54a48eb3cdea5dd2f016708263892c6b9f5e54b641df7c65e980fd6f69?s=96&d=mm&r=g","caption":"Jeferson Henrique"},"sameAs":["https:\/\/www.tuasaude.com\/news\/"],"url":"https:\/\/www.tuasaude.com\/news\/author\/jeferson-henrique\/"}]}},"_links":{"self":[{"href":"https:\/\/www.tuasaude.com\/news\/wp-json\/wp\/v2\/posts\/108305","targetHints":{"allow":["GET"]}}],"collection":[{"href":"https:\/\/www.tuasaude.com\/news\/wp-json\/wp\/v2\/posts"}],"about":[{"href":"https:\/\/www.tuasaude.com\/news\/wp-json\/wp\/v2\/types\/post"}],"author":[{"embeddable":true,"href":"https:\/\/www.tuasaude.com\/news\/wp-json\/wp\/v2\/users\/12"}],"replies":[{"embeddable":true,"href":"https:\/\/www.tuasaude.com\/news\/wp-json\/wp\/v2\/comments?post=108305"}],"version-history":[{"count":1,"href":"https:\/\/www.tuasaude.com\/news\/wp-json\/wp\/v2\/posts\/108305\/revisions"}],"predecessor-version":[{"id":108309,"href":"https:\/\/www.tuasaude.com\/news\/wp-json\/wp\/v2\/posts\/108305\/revisions\/108309"}],"wp:featuredmedia":[{"embeddable":true,"href":"https:\/\/www.tuasaude.com\/news\/wp-json\/wp\/v2\/media\/108306"}],"wp:attachment":[{"href":"https:\/\/www.tuasaude.com\/news\/wp-json\/wp\/v2\/media?parent=108305"}],"wp:term":[{"taxonomy":"category","embeddable":true,"href":"https:\/\/www.tuasaude.com\/news\/wp-json\/wp\/v2\/categories?post=108305"},{"taxonomy":"post_tag","embeddable":true,"href":"https:\/\/www.tuasaude.com\/news\/wp-json\/wp\/v2\/tags?post=108305"}],"curies":[{"name":"wp","href":"https:\/\/api.w.org\/{rel}","templated":true}]}}