{"id":108263,"date":"2026-09-05T19:10:00","date_gmt":"2026-09-05T22:10:00","guid":{"rendered":"https:\/\/www.tuasaude.com\/news\/?p=108263"},"modified":"2026-09-04T18:30:49","modified_gmt":"2026-09-04T21:30:49","slug":"como-manter-a-hidratacao-para-evitar-tontura-e-dor-de-cabeca-nos-dias-de-calor","status":"publish","type":"post","link":"https:\/\/www.tuasaude.com\/news\/2026\/09\/05\/como-manter-a-hidratacao-para-evitar-tontura-e-dor-de-cabeca-nos-dias-de-calor\/","title":{"rendered":"Como manter a hidrata\u00e7\u00e3o para evitar tontura e dor de cabe\u00e7a nos dias de calor?"},"content":{"rendered":"\n<p class=\"wp-block-paragraph\">Nos dias mais quentes, o corpo perde l\u00edquidos com mais facilidade pelo suor e pela respira\u00e7\u00e3o, o que pode desencadear <strong>tontura<\/strong>, <strong>dor de cabe\u00e7a<\/strong>, fraqueza e at\u00e9 mal-estar mais intenso. Manter uma boa hidrata\u00e7\u00e3o \u00e9 a forma mais simples e eficaz de prevenir esses sintomas, especialmente em idosos, crian\u00e7as e pessoas com doen\u00e7as cr\u00f4nicas, que sentem menos sede e t\u00eam maior dificuldade de regular a temperatura corporal. Entender como beber \u00e1gua ao longo do dia faz diferen\u00e7a ajuda a atravessar o ver\u00e3o com mais disposi\u00e7\u00e3o e seguran\u00e7a.<\/p>\n\n\n\n<h2 class=\"wp-block-heading\">Por que o calor causa tontura e dor de cabe\u00e7a?<\/h2>\n\n\n\n<p class=\"wp-block-paragraph\">Quando a temperatura sobe, o organismo aumenta a produ\u00e7\u00e3o de suor para se resfriar. Com isso, perde \u00e1gua e sais minerais importantes, como s\u00f3dio e pot\u00e1ssio, essenciais para o funcionamento do c\u00e9rebro, dos m\u00fasculos e do sistema circulat\u00f3rio.<\/p>\n\n\n\n<p class=\"wp-block-paragraph\">A queda no volume de l\u00edquidos reduz o fluxo sangu\u00edneo cerebral e pode diminuir a press\u00e3o arterial, provocando tontura ao levantar, fraqueza e cefaleia. Em quadros mais avan\u00e7ados, a <a href=\"https:\/\/www.tuasaude.com\/desidratacao\/\" target=\"_blank\" rel=\"noreferrer noopener\">desidrata\u00e7\u00e3o<\/a> pode causar confus\u00e3o mental, n\u00e1useas e desmaios.<\/p>\n\n\n\n<h2 class=\"wp-block-heading\">Quanto de \u00e1gua beber por dia no ver\u00e3o?<\/h2>\n\n\n\n<p class=\"wp-block-paragraph\">A recomenda\u00e7\u00e3o geral \u00e9 de 2 a 2,5 litros de l\u00edquidos por dia para adultos, mas essa quantidade pode aumentar em dias muito quentes, durante atividade f\u00edsica ou quando h\u00e1 febre e diarreia. O ideal \u00e9 beber pequenas por\u00e7\u00f5es ao longo do dia, sem esperar a sede aparecer.<\/p>\n\n\n\n<p class=\"wp-block-paragraph\">A sede \u00e9 um sinal tardio de desidrata\u00e7\u00e3o e, em idosos, tende a estar reduzida, o que aumenta o risco de complica\u00e7\u00f5es. Frutas ricas em \u00e1gua, sucos naturais, \u00e1gua de coco e sopas frias tamb\u00e9m contribuem para o consumo di\u00e1rio de l\u00edquidos.<\/p>\n\n\n<div class=\"wp-block-image\">\n<figure class=\"aligncenter size-large\"><img decoding=\"async\" width=\"1024\" height=\"571\" src=\"https:\/\/www.tuasaude.com\/news\/wp-content\/uploads\/2026\/09\/Hydrating_to_avoid_heat_dizziness_202609041829-1024x571.jpg\" alt=\"\u00c1gua, alimentos hidratantes e menos exposi\u00e7\u00e3o ao calor ajudam a prevenir sintomas.\" class=\"wp-image-108277\" srcset=\"https:\/\/www.tuasaude.com\/news\/wp-content\/uploads\/2026\/09\/Hydrating_to_avoid_heat_dizziness_202609041829-1024x571.jpg 1024w, https:\/\/www.tuasaude.com\/news\/wp-content\/uploads\/2026\/09\/Hydrating_to_avoid_heat_dizziness_202609041829-300x167.jpg 300w, https:\/\/www.tuasaude.com\/news\/wp-content\/uploads\/2026\/09\/Hydrating_to_avoid_heat_dizziness_202609041829-768x428.jpg 768w, https:\/\/www.tuasaude.com\/news\/wp-content\/uploads\/2026\/09\/Hydrating_to_avoid_heat_dizziness_202609041829-750x418.jpg 750w, https:\/\/www.tuasaude.com\/news\/wp-content\/uploads\/2026\/09\/Hydrating_to_avoid_heat_dizziness_202609041829-1140x636.jpg 1140w, https:\/\/www.tuasaude.com\/news\/wp-content\/uploads\/2026\/09\/Hydrating_to_avoid_heat_dizziness_202609041829.jpg 1280w\" sizes=\"(max-width: 1024px) 100vw, 1024px\" \/><figcaption class=\"wp-element-caption\">\u00c1gua, alimentos hidratantes e menos exposi\u00e7\u00e3o ao calor ajudam a prevenir sintomas.<\/figcaption><\/figure>\n<\/div>\n\n\n<h2 class=\"wp-block-heading\">Quem precisa de mais aten\u00e7\u00e3o nos dias quentes?<\/h2>\n\n\n\n<p class=\"wp-block-paragraph\">Alguns grupos s\u00e3o mais vulner\u00e1veis \u00e0 perda de l\u00edquidos e devem redobrar o cuidado com a hidrata\u00e7\u00e3o em ondas de calor. Conhe\u00e7a os principais.<\/p>\n\n\n\n<ul class=\"wp-block-list\">\n<li><strong>Idosos acima de 60 anos<\/strong>, pela menor sensa\u00e7\u00e3o de sede e menor reserva de \u00e1gua no corpo<\/li>\n\n\n\n<li><strong>Crian\u00e7as pequenas<\/strong>, que suam bastante e nem sempre pedem \u00e1gua<\/li>\n\n\n\n<li><strong>Gestantes e lactantes<\/strong>, que t\u00eam demanda maior de l\u00edquidos<\/li>\n\n\n\n<li><strong>Pessoas com hipertens\u00e3o, diabetes ou doen\u00e7a renal<\/strong>, mais sens\u00edveis \u00e0s oscila\u00e7\u00f5es de volume<\/li>\n\n\n\n<li><strong>Quem faz uso de diur\u00e9ticos ou laxantes<\/strong>, medicamentos que aumentam a perda de \u00e1gua<\/li>\n\n\n\n<li><strong>Trabalhadores expostos ao sol<\/strong> e praticantes de atividade f\u00edsica ao ar livre<\/li>\n<\/ul>\n\n\n\n<h2 class=\"wp-block-heading\">O que a ci\u00eancia mostra sobre beber \u00e1gua e dor de cabe\u00e7a?<\/h2>\n\n\n\n<p class=\"wp-block-paragraph\">A rela\u00e7\u00e3o entre baixa ingest\u00e3o de l\u00edquidos e dor de cabe\u00e7a j\u00e1 foi investigada em pesquisas cl\u00ednicas. Um <strong>ensaio cl\u00ednico randomizado<\/strong>, conduzido em servi\u00e7os de aten\u00e7\u00e3o prim\u00e1ria, avaliou o efeito de aumentar a ingest\u00e3o di\u00e1ria de \u00e1gua em pessoas que sofriam com dores de cabe\u00e7a recorrentes.<\/p>\n\n\n\n<p class=\"wp-block-paragraph\">Segundo o estudo <a href=\"https:\/\/pubmed.ncbi.nlm.nih.gov\/22113647\/\" target=\"_blank\" rel=\"noreferrer noopener\">A randomized trial on the effects of regular water intake in patients with recurrent headaches<\/a> publicado na revista Family Practice, participantes que passaram a beber cerca de 1,5 litro a mais de \u00e1gua por dia relataram redu\u00e7\u00e3o na intensidade das crises e melhora na qualidade de vida, refor\u00e7ando o papel da hidrata\u00e7\u00e3o na preven\u00e7\u00e3o da <a href=\"https:\/\/www.tuasaude.com\/dor-de-cabeca\/\" target=\"_blank\" rel=\"noreferrer noopener\">dor de cabe\u00e7a<\/a>.<\/p>\n\n\n<div class=\"wp-block-image\">\n<figure class=\"aligncenter size-large\"><img decoding=\"async\" width=\"1024\" height=\"571\" src=\"https:\/\/www.tuasaude.com\/news\/wp-content\/uploads\/2026\/09\/Man_drinking_water_at_desk_202609041829-1024x571.jpg\" alt=\"\u00c1gua \u00e0 vista e pequenas pausas facilitam a hidrata\u00e7\u00e3o durante dias quentes.\" class=\"wp-image-108278\" srcset=\"https:\/\/www.tuasaude.com\/news\/wp-content\/uploads\/2026\/09\/Man_drinking_water_at_desk_202609041829-1024x571.jpg 1024w, https:\/\/www.tuasaude.com\/news\/wp-content\/uploads\/2026\/09\/Man_drinking_water_at_desk_202609041829-300x167.jpg 300w, https:\/\/www.tuasaude.com\/news\/wp-content\/uploads\/2026\/09\/Man_drinking_water_at_desk_202609041829-768x428.jpg 768w, https:\/\/www.tuasaude.com\/news\/wp-content\/uploads\/2026\/09\/Man_drinking_water_at_desk_202609041829-750x418.jpg 750w, https:\/\/www.tuasaude.com\/news\/wp-content\/uploads\/2026\/09\/Man_drinking_water_at_desk_202609041829-1140x636.jpg 1140w, https:\/\/www.tuasaude.com\/news\/wp-content\/uploads\/2026\/09\/Man_drinking_water_at_desk_202609041829.jpg 1280w\" sizes=\"(max-width: 1024px) 100vw, 1024px\" \/><figcaption class=\"wp-element-caption\">\u00c1gua \u00e0 vista e pequenas pausas facilitam a hidrata\u00e7\u00e3o durante dias quentes.<\/figcaption><\/figure>\n<\/div>\n\n\n<h2 class=\"wp-block-heading\">Como criar o h\u00e1bito de se hidratar ao longo do dia?<\/h2>\n\n\n\n<p class=\"wp-block-paragraph\">Manter a hidrata\u00e7\u00e3o em dias quentes fica mais f\u00e1cil com pequenas mudan\u00e7as na rotina, que ajudam a lembrar de beber \u00e1gua mesmo sem sentir sede. Vale apostar em estrat\u00e9gias simples e sustent\u00e1veis.<\/p>\n\n\n\n<ol class=\"wp-block-list\">\n<li>Deixe uma garrafa de \u00e1gua sempre \u00e0 vista, na mesa de trabalho ou pr\u00f3xima do sof\u00e1<\/li>\n\n\n\n<li>Beba um copo de \u00e1gua ao acordar e outro antes de cada refei\u00e7\u00e3o<\/li>\n\n\n\n<li>Prefira alimentos ricos em \u00e1gua, como melancia, laranja, pepino e alface<\/li>\n\n\n\n<li>Evite bebidas alco\u00f3licas e o excesso de caf\u00e9, que aumentam a perda de l\u00edquidos<\/li>\n\n\n\n<li>Programe alarmes no celular a cada 1 ou 2 horas para lembrar de se hidratar<\/li>\n\n\n\n<li>Diante de tontura, cansa\u00e7o extremo ou tontura persistente, procure um local fresco e ingira l\u00edquidos aos poucos<\/li>\n<\/ol>\n\n\n\n<p class=\"wp-block-paragraph\">Se os sintomas de tontura, dor de cabe\u00e7a ou fraqueza persistirem mesmo ap\u00f3s reidrata\u00e7\u00e3o, ou se surgirem confus\u00e3o mental, febre alta e v\u00f4mitos, \u00e9 fundamental buscar avalia\u00e7\u00e3o m\u00e9dica para investigar a causa e receber o tratamento adequado.<\/p>\n\n\n\n<p class=\"wp-block-paragraph\"><em>Este conte\u00fado tem car\u00e1ter apenas informativo e n\u00e3o substitui a avalia\u00e7\u00e3o de um profissional de sa\u00fade. Consulte sempre um m\u00e9dico para diagn\u00f3stico e orienta\u00e7\u00e3o individualizada.<\/em><\/p>\n","protected":false},"excerpt":{"rendered":"<p>Nos dias mais quentes, o corpo perde l\u00edquidos com mais facilidade pelo suor e pela respira\u00e7\u00e3o, o que pode desencadear tontura, dor de cabe\u00e7a, fraqueza e at\u00e9 mal-estar mais intenso. Manter uma boa hidrata\u00e7\u00e3o \u00e9 a forma mais simples e eficaz de prevenir esses sintomas, especialmente em idosos, crian\u00e7as e pessoas com doen\u00e7as cr\u00f4nicas, que [&hellip;]<\/p>\n","protected":false},"author":11,"featured_media":108276,"comment_status":"open","ping_status":"open","sticky":false,"template":"","format":"standard","meta":{"_yoast_wpseo_focuskw":"hidrata\u00e7\u00e3o","_yoast_wpseo_title":"","_yoast_wpseo_metadesc":"Manter a hidrata\u00e7\u00e3o no calor ajuda a prevenir tontura, fraqueza e dor de cabe\u00e7a. Entenda por que beber \u00e1gua antes de sentir sede faz tanta diferen\u00e7a.","jnews-multi-image_gallery":[],"jnews_single_post":{"format":"standard"},"jnews_primary_category":[],"jnews_social_meta":[],"jnews_override_counter":[],"footnotes":""},"categories":[111],"tags":[204,282,687,136,960],"class_list":["post-108263","post","type-post","status-publish","format-standard","has-post-thumbnail","hentry","category-saude","tag-calor","tag-dor-de-cabeca","tag-hidratacao","tag-saude","tag-tontura"],"yoast_head":"<!-- This site is optimized with the Yoast SEO plugin v26.7 - https:\/\/yoast.com\/wordpress\/plugins\/seo\/ -->\n<title>Como manter a hidrata\u00e7\u00e3o para evitar tontura e dor de cabe\u00e7a nos dias de calor? - Tua Sa\u00fade<\/title>\n<meta name=\"description\" content=\"Manter a hidrata\u00e7\u00e3o no calor ajuda a prevenir tontura, fraqueza e dor de cabe\u00e7a. Entenda por que beber \u00e1gua antes de sentir sede faz tanta diferen\u00e7a.\" \/>\n<meta name=\"robots\" content=\"index, follow, max-snippet:-1, max-image-preview:large, max-video-preview:-1\" \/>\n<link rel=\"canonical\" href=\"https:\/\/www.tuasaude.com\/news\/2026\/09\/05\/como-manter-a-hidratacao-para-evitar-tontura-e-dor-de-cabeca-nos-dias-de-calor\/\" \/>\n<meta property=\"og:locale\" content=\"pt_BR\" \/>\n<meta property=\"og:type\" content=\"article\" \/>\n<meta property=\"og:title\" content=\"Como manter a hidrata\u00e7\u00e3o para evitar tontura e dor de cabe\u00e7a nos dias de calor? - Tua Sa\u00fade\" \/>\n<meta property=\"og:description\" content=\"Manter a hidrata\u00e7\u00e3o no calor ajuda a prevenir tontura, fraqueza e dor de cabe\u00e7a. Entenda por que beber \u00e1gua antes de sentir sede faz tanta diferen\u00e7a.\" \/>\n<meta property=\"og:url\" content=\"https:\/\/www.tuasaude.com\/news\/2026\/09\/05\/como-manter-a-hidratacao-para-evitar-tontura-e-dor-de-cabeca-nos-dias-de-calor\/\" \/>\n<meta property=\"og:site_name\" content=\"Tua Sa\u00fade\" \/>\n<meta property=\"article:published_time\" content=\"2026-09-05T22:10:00+00:00\" \/>\n<meta property=\"og:image\" content=\"https:\/\/www.tuasaude.com\/news\/wp-content\/uploads\/2026\/09\/Woman_drinking_water_on_veranda_202609041829.jpg\" \/>\n\t<meta property=\"og:image:width\" content=\"1280\" \/>\n\t<meta property=\"og:image:height\" content=\"714\" \/>\n\t<meta property=\"og:image:type\" content=\"image\/jpeg\" \/>\n<meta name=\"author\" content=\"Gessika Julia Carvalho\" \/>\n<meta name=\"twitter:card\" content=\"summary_large_image\" \/>\n<meta name=\"twitter:label1\" content=\"Escrito por\" \/>\n\t<meta name=\"twitter:data1\" content=\"Gessika Julia Carvalho\" \/>\n\t<meta name=\"twitter:label2\" content=\"Est. tempo de leitura\" \/>\n\t<meta name=\"twitter:data2\" content=\"5 minutos\" \/>\n<!-- \/ Yoast SEO plugin. -->","yoast_head_json":{"title":"Como manter a hidrata\u00e7\u00e3o para evitar tontura e dor de cabe\u00e7a nos dias de calor? - Tua Sa\u00fade","description":"Manter a hidrata\u00e7\u00e3o no calor ajuda a prevenir tontura, fraqueza e dor de cabe\u00e7a. Entenda por que beber \u00e1gua antes de sentir sede faz tanta diferen\u00e7a.","robots":{"index":"index","follow":"follow","max-snippet":"max-snippet:-1","max-image-preview":"max-image-preview:large","max-video-preview":"max-video-preview:-1"},"canonical":"https:\/\/www.tuasaude.com\/news\/2026\/09\/05\/como-manter-a-hidratacao-para-evitar-tontura-e-dor-de-cabeca-nos-dias-de-calor\/","og_locale":"pt_BR","og_type":"article","og_title":"Como manter a hidrata\u00e7\u00e3o para evitar tontura e dor de cabe\u00e7a nos dias de calor? - Tua Sa\u00fade","og_description":"Manter a hidrata\u00e7\u00e3o no calor ajuda a prevenir tontura, fraqueza e dor de cabe\u00e7a. Entenda por que beber \u00e1gua antes de sentir sede faz tanta diferen\u00e7a.","og_url":"https:\/\/www.tuasaude.com\/news\/2026\/09\/05\/como-manter-a-hidratacao-para-evitar-tontura-e-dor-de-cabeca-nos-dias-de-calor\/","og_site_name":"Tua Sa\u00fade","article_published_time":"2026-09-05T22:10:00+00:00","og_image":[{"width":1280,"height":714,"url":"https:\/\/www.tuasaude.com\/news\/wp-content\/uploads\/2026\/09\/Woman_drinking_water_on_veranda_202609041829.jpg","type":"image\/jpeg"}],"author":"Gessika Julia Carvalho","twitter_card":"summary_large_image","twitter_misc":{"Escrito por":"Gessika Julia Carvalho","Est. tempo de leitura":"5 minutos"},"schema":{"@context":"https:\/\/schema.org","@graph":[{"@type":"Article","@id":"https:\/\/www.tuasaude.com\/news\/2026\/09\/05\/como-manter-a-hidratacao-para-evitar-tontura-e-dor-de-cabeca-nos-dias-de-calor\/#article","isPartOf":{"@id":"https:\/\/www.tuasaude.com\/news\/2026\/09\/05\/como-manter-a-hidratacao-para-evitar-tontura-e-dor-de-cabeca-nos-dias-de-calor\/"},"author":{"name":"Gessika Julia Carvalho","@id":"https:\/\/www.tuasaude.com\/news\/#\/schema\/person\/2e9df841be69ec84f5d20ddb8d273ac2"},"headline":"Como manter a hidrata\u00e7\u00e3o para evitar tontura e dor de cabe\u00e7a nos dias de calor?","datePublished":"2026-09-05T22:10:00+00:00","mainEntityOfPage":{"@id":"https:\/\/www.tuasaude.com\/news\/2026\/09\/05\/como-manter-a-hidratacao-para-evitar-tontura-e-dor-de-cabeca-nos-dias-de-calor\/"},"wordCount":814,"commentCount":0,"image":{"@id":"https:\/\/www.tuasaude.com\/news\/2026\/09\/05\/como-manter-a-hidratacao-para-evitar-tontura-e-dor-de-cabeca-nos-dias-de-calor\/#primaryimage"},"thumbnailUrl":"https:\/\/www.tuasaude.com\/news\/wp-content\/uploads\/2026\/09\/Woman_drinking_water_on_veranda_202609041829.jpg","keywords":["calor","dor de cabe\u00e7a","hidrata\u00e7\u00e3o","sa\u00fade","tontura"],"articleSection":["Sa\u00fade"],"inLanguage":"pt-BR","potentialAction":[{"@type":"CommentAction","name":"Comment","target":["https:\/\/www.tuasaude.com\/news\/2026\/09\/05\/como-manter-a-hidratacao-para-evitar-tontura-e-dor-de-cabeca-nos-dias-de-calor\/#respond"]}]},{"@type":"WebPage","@id":"https:\/\/www.tuasaude.com\/news\/2026\/09\/05\/como-manter-a-hidratacao-para-evitar-tontura-e-dor-de-cabeca-nos-dias-de-calor\/","url":"https:\/\/www.tuasaude.com\/news\/2026\/09\/05\/como-manter-a-hidratacao-para-evitar-tontura-e-dor-de-cabeca-nos-dias-de-calor\/","name":"Como manter a hidrata\u00e7\u00e3o para evitar tontura e dor de cabe\u00e7a nos dias de calor? - Tua Sa\u00fade","isPartOf":{"@id":"https:\/\/www.tuasaude.com\/news\/#website"},"primaryImageOfPage":{"@id":"https:\/\/www.tuasaude.com\/news\/2026\/09\/05\/como-manter-a-hidratacao-para-evitar-tontura-e-dor-de-cabeca-nos-dias-de-calor\/#primaryimage"},"image":{"@id":"https:\/\/www.tuasaude.com\/news\/2026\/09\/05\/como-manter-a-hidratacao-para-evitar-tontura-e-dor-de-cabeca-nos-dias-de-calor\/#primaryimage"},"thumbnailUrl":"https:\/\/www.tuasaude.com\/news\/wp-content\/uploads\/2026\/09\/Woman_drinking_water_on_veranda_202609041829.jpg","datePublished":"2026-09-05T22:10:00+00:00","author":{"@id":"https:\/\/www.tuasaude.com\/news\/#\/schema\/person\/2e9df841be69ec84f5d20ddb8d273ac2"},"description":"Manter a hidrata\u00e7\u00e3o no calor ajuda a prevenir tontura, fraqueza e dor de cabe\u00e7a. Entenda por que beber \u00e1gua antes de sentir sede faz tanta diferen\u00e7a.","breadcrumb":{"@id":"https:\/\/www.tuasaude.com\/news\/2026\/09\/05\/como-manter-a-hidratacao-para-evitar-tontura-e-dor-de-cabeca-nos-dias-de-calor\/#breadcrumb"},"inLanguage":"pt-BR","potentialAction":[{"@type":"ReadAction","target":["https:\/\/www.tuasaude.com\/news\/2026\/09\/05\/como-manter-a-hidratacao-para-evitar-tontura-e-dor-de-cabeca-nos-dias-de-calor\/"]}]},{"@type":"ImageObject","inLanguage":"pt-BR","@id":"https:\/\/www.tuasaude.com\/news\/2026\/09\/05\/como-manter-a-hidratacao-para-evitar-tontura-e-dor-de-cabeca-nos-dias-de-calor\/#primaryimage","url":"https:\/\/www.tuasaude.com\/news\/wp-content\/uploads\/2026\/09\/Woman_drinking_water_on_veranda_202609041829.jpg","contentUrl":"https:\/\/www.tuasaude.com\/news\/wp-content\/uploads\/2026\/09\/Woman_drinking_water_on_veranda_202609041829.jpg","width":1280,"height":714,"caption":"Como manter a hidrata\u00e7\u00e3o para evitar tontura e dor de cabe\u00e7a nos dias de calor?"},{"@type":"BreadcrumbList","@id":"https:\/\/www.tuasaude.com\/news\/2026\/09\/05\/como-manter-a-hidratacao-para-evitar-tontura-e-dor-de-cabeca-nos-dias-de-calor\/#breadcrumb","itemListElement":[{"@type":"ListItem","position":1,"name":"In\u00edcio","item":"https:\/\/www.tuasaude.com\/news\/"},{"@type":"ListItem","position":2,"name":"Como manter a hidrata\u00e7\u00e3o para evitar tontura e dor de cabe\u00e7a nos dias de calor?"}]},{"@type":"WebSite","@id":"https:\/\/www.tuasaude.com\/news\/#website","url":"https:\/\/www.tuasaude.com\/news\/","name":"Tua Sa\u00fade","description":"Seu site de sa\u00fade","potentialAction":[{"@type":"SearchAction","target":{"@type":"EntryPoint","urlTemplate":"https:\/\/www.tuasaude.com\/news\/?s={search_term_string}"},"query-input":{"@type":"PropertyValueSpecification","valueRequired":true,"valueName":"search_term_string"}}],"inLanguage":"pt-BR"},{"@type":"Person","@id":"https:\/\/www.tuasaude.com\/news\/#\/schema\/person\/2e9df841be69ec84f5d20ddb8d273ac2","name":"Gessika Julia Carvalho","image":{"@type":"ImageObject","inLanguage":"pt-BR","@id":"https:\/\/www.tuasaude.com\/news\/#\/schema\/person\/image\/","url":"https:\/\/secure.gravatar.com\/avatar\/0fcc8769024577fd0bc6a8b766055690f76a8e8f29dfb2a2f89cf04db8d0f2d2?s=96&d=mm&r=g","contentUrl":"https:\/\/secure.gravatar.com\/avatar\/0fcc8769024577fd0bc6a8b766055690f76a8e8f29dfb2a2f89cf04db8d0f2d2?s=96&d=mm&r=g","caption":"Gessika Julia Carvalho"},"sameAs":["https:\/\/www.tuasaude.com\/news\/"],"url":"https:\/\/www.tuasaude.com\/news\/author\/gessika-julia\/"}]}},"_links":{"self":[{"href":"https:\/\/www.tuasaude.com\/news\/wp-json\/wp\/v2\/posts\/108263","targetHints":{"allow":["GET"]}}],"collection":[{"href":"https:\/\/www.tuasaude.com\/news\/wp-json\/wp\/v2\/posts"}],"about":[{"href":"https:\/\/www.tuasaude.com\/news\/wp-json\/wp\/v2\/types\/post"}],"author":[{"embeddable":true,"href":"https:\/\/www.tuasaude.com\/news\/wp-json\/wp\/v2\/users\/11"}],"replies":[{"embeddable":true,"href":"https:\/\/www.tuasaude.com\/news\/wp-json\/wp\/v2\/comments?post=108263"}],"version-history":[{"count":1,"href":"https:\/\/www.tuasaude.com\/news\/wp-json\/wp\/v2\/posts\/108263\/revisions"}],"predecessor-version":[{"id":108279,"href":"https:\/\/www.tuasaude.com\/news\/wp-json\/wp\/v2\/posts\/108263\/revisions\/108279"}],"wp:featuredmedia":[{"embeddable":true,"href":"https:\/\/www.tuasaude.com\/news\/wp-json\/wp\/v2\/media\/108276"}],"wp:attachment":[{"href":"https:\/\/www.tuasaude.com\/news\/wp-json\/wp\/v2\/media?parent=108263"}],"wp:term":[{"taxonomy":"category","embeddable":true,"href":"https:\/\/www.tuasaude.com\/news\/wp-json\/wp\/v2\/categories?post=108263"},{"taxonomy":"post_tag","embeddable":true,"href":"https:\/\/www.tuasaude.com\/news\/wp-json\/wp\/v2\/tags?post=108263"}],"curies":[{"name":"wp","href":"https:\/\/api.w.org\/{rel}","templated":true}]}}