{"id":108261,"date":"2026-09-05T17:30:00","date_gmt":"2026-09-05T20:30:00","guid":{"rendered":"https:\/\/www.tuasaude.com\/news\/?p=108261"},"modified":"2026-09-04T18:28:15","modified_gmt":"2026-09-04T21:28:15","slug":"fibras-e-intestino-preso-o-que-um-estudo-recente-investigou-sobre-a-frequencia-das-evacuacoes-em-adultos","status":"publish","type":"post","link":"https:\/\/www.tuasaude.com\/news\/2026\/09\/05\/fibras-e-intestino-preso-o-que-um-estudo-recente-investigou-sobre-a-frequencia-das-evacuacoes-em-adultos\/","title":{"rendered":"Fibras e intestino preso: o que um estudo recente investigou sobre a frequ\u00eancia das evacua\u00e7\u00f5es em adultos"},"content":{"rendered":"\n<p class=\"wp-block-paragraph\">Um ensaio cl\u00ednico publicado em 2026 investigou se uma combina\u00e7\u00e3o de fibras sol\u00faveis e insol\u00faveis de diferentes origens alimentares poderia aumentar a frequ\u00eancia das evacua\u00e7\u00f5es e melhorar a consist\u00eancia das fezes em adultos com constipa\u00e7\u00e3o funcional. Depois de 28 dias de uso, os participantes que receberam a formula\u00e7\u00e3o apresentaram melhora significativa no funcionamento intestinal, redu\u00e7\u00e3o do incha\u00e7o abdominal e normaliza\u00e7\u00e3o do formato das fezes. Esses resultados refor\u00e7am o papel das fibras como estrat\u00e9gia pr\u00e1tica no controle do intestino preso, especialmente quando combinadas de fontes variadas.<\/p>\n\n\n\n<h2 class=\"wp-block-heading\">O que \u00e9 constipa\u00e7\u00e3o funcional e como ela se manifesta?<\/h2>\n\n\n\n<p class=\"wp-block-paragraph\">A constipa\u00e7\u00e3o funcional \u00e9 caracterizada por evacua\u00e7\u00f5es pouco frequentes, geralmente menos de tr\u00eas vezes por semana, associadas a fezes ressecadas, esfor\u00e7o excessivo ao evacuar e sensa\u00e7\u00e3o de esvaziamento incompleto. O quadro n\u00e3o \u00e9 causado por doen\u00e7as estruturais, mas por altera\u00e7\u00f5es no ritmo intestinal.<\/p>\n\n\n\n<p class=\"wp-block-paragraph\">Os sintomas costumam vir acompanhados de desconforto abdominal, gases e sensa\u00e7\u00e3o de peso. Reconhecer o padr\u00e3o \u00e9 o primeiro passo para adotar mudan\u00e7as na alimenta\u00e7\u00e3o e no estilo de vida que ajudem no tratamento do intestino preso.<\/p>\n\n\n\n<h2 class=\"wp-block-heading\">Como as fibras atuam no funcionamento do intestino?<\/h2>\n\n\n\n<p class=\"wp-block-paragraph\">As fibras alimentares aumentam o volume do bolo fecal, ret\u00eam \u00e1gua e estimulam os movimentos naturais do intestino, favorecendo evacua\u00e7\u00f5es mais regulares. Elas se dividem em dois grupos principais, cada um com uma fun\u00e7\u00e3o espec\u00edfica no trato digestivo.<\/p>\n\n\n\n<p class=\"wp-block-paragraph\">As fibras sol\u00faveis, como pectina e dextrina resistente, formam um gel que amolece as fezes, enquanto as insol\u00faveis, presentes no farelo de trigo e na aveia, aceleram o tr\u00e2nsito intestinal. A combina\u00e7\u00e3o dos dois tipos tende a oferecer resultados mais completos no controle da constipa\u00e7\u00e3o.<\/p>\n\n\n<div class=\"wp-block-image\">\n<figure class=\"aligncenter size-large\"><img decoding=\"async\" width=\"1024\" height=\"571\" src=\"https:\/\/www.tuasaude.com\/news\/wp-content\/uploads\/2026\/09\/Fibras_e_intestino_preso_estudo_202609041827-1024x571.jpg\" alt=\"Fibras sol\u00faveis, insol\u00faveis e \u00e1gua atuam juntas na regularidade intestinal.\" class=\"wp-image-108273\" srcset=\"https:\/\/www.tuasaude.com\/news\/wp-content\/uploads\/2026\/09\/Fibras_e_intestino_preso_estudo_202609041827-1024x571.jpg 1024w, https:\/\/www.tuasaude.com\/news\/wp-content\/uploads\/2026\/09\/Fibras_e_intestino_preso_estudo_202609041827-300x167.jpg 300w, https:\/\/www.tuasaude.com\/news\/wp-content\/uploads\/2026\/09\/Fibras_e_intestino_preso_estudo_202609041827-768x428.jpg 768w, https:\/\/www.tuasaude.com\/news\/wp-content\/uploads\/2026\/09\/Fibras_e_intestino_preso_estudo_202609041827-750x418.jpg 750w, https:\/\/www.tuasaude.com\/news\/wp-content\/uploads\/2026\/09\/Fibras_e_intestino_preso_estudo_202609041827-1140x636.jpg 1140w, https:\/\/www.tuasaude.com\/news\/wp-content\/uploads\/2026\/09\/Fibras_e_intestino_preso_estudo_202609041827.jpg 1280w\" sizes=\"(max-width: 1024px) 100vw, 1024px\" \/><figcaption class=\"wp-element-caption\">Fibras sol\u00faveis, insol\u00faveis e \u00e1gua atuam juntas na regularidade intestinal.<\/figcaption><\/figure>\n<\/div>\n\n\n<h2 class=\"wp-block-heading\">O que o ensaio cl\u00ednico de 2026 investigou sobre fibras e evacua\u00e7\u00f5es?<\/h2>\n\n\n\n<p class=\"wp-block-paragraph\">A pesquisa mais recente sobre o tema avaliou uma formula\u00e7\u00e3o combinada de fibras em adultos com constipa\u00e7\u00e3o funcional, buscando entender se a mistura de diferentes fontes seria mais eficaz do que o uso isolado de cada tipo. Os resultados chamaram aten\u00e7\u00e3o pela rapidez das melhoras observadas.<\/p>\n\n\n\n<p class=\"wp-block-paragraph\">Segundo o estudo <a href=\"https:\/\/onlinelibrary.wiley.com\/doi\/10.1002\/fsn3.72048\" target=\"_blank\" rel=\"noreferrer noopener\">Combination of Dietary Fibers From Different Food Origins as a Treatment for Adults With Functional Constipation<\/a>, ensaio cl\u00ednico randomizado, duplo-cego e controlado por placebo publicado na revista Food Science and Nutrition, adultos que receberam por 28 dias uma combina\u00e7\u00e3o de dextrina resistente do trigo, pectina, fibras insol\u00faveis de frutas c\u00edtricas e fibras de aveia apresentaram aumento significativo no n\u00famero de evacua\u00e7\u00f5es e melhora na consist\u00eancia das fezes j\u00e1 a partir da segunda semana, al\u00e9m de redu\u00e7\u00e3o do incha\u00e7o e da distens\u00e3o abdominal.<\/p>\n\n\n\n<h2 class=\"wp-block-heading\">Quais alimentos ajudam a alcan\u00e7ar a quantidade ideal de fibras?<\/h2>\n\n\n\n<p class=\"wp-block-paragraph\">A recomenda\u00e7\u00e3o geral \u00e9 consumir cerca de 25 a 30 gramas de fibras por dia, valor que muitos adultos n\u00e3o atingem, j\u00e1 que a m\u00e9dia habitual costuma ficar em torno de 7 gramas di\u00e1rios. Incluir fontes variadas no card\u00e1pio \u00e9 uma estrat\u00e9gia simples e eficaz.<\/p>\n\n\n\n<p class=\"wp-block-paragraph\">Confira alimentos ricos em fibras que ajudam a regular o intestino:<\/p>\n\n\n\n<ul class=\"wp-block-list\">\n<li><strong>Aveia e cereais integrais<\/strong>, como arroz integral, quinoa e centeio;<\/li>\n\n\n\n<li><strong>Frutas com casca<\/strong>, como ma\u00e7\u00e3, pera, mam\u00e3o e ameixa;<\/li>\n\n\n\n<li><strong>Frutas c\u00edtricas<\/strong>, como laranja e tangerina, ricas em pectina;<\/li>\n\n\n\n<li><strong>Leguminosas<\/strong>, como feij\u00e3o, lentilha, gr\u00e3o-de-bico e ervilha;<\/li>\n\n\n\n<li><strong>Verduras e legumes<\/strong>, especialmente br\u00f3colis, cenoura, abobrinha e folhas verdes;<\/li>\n\n\n\n<li><strong>Sementes e oleaginosas<\/strong>, como linha\u00e7a, chia, castanhas e am\u00eandoas.<\/li>\n<\/ul>\n\n\n<div class=\"wp-block-image\">\n<figure class=\"aligncenter size-large\"><img decoding=\"async\" width=\"1024\" height=\"571\" src=\"https:\/\/www.tuasaude.com\/news\/wp-content\/uploads\/2026\/09\/Woman_preparing_fiber-rich_break\u2026_202609041827-1024x571.jpg\" alt=\"Combinar diferentes fontes de fibras pode favorecer frequ\u00eancia e consist\u00eancia das evacua\u00e7\u00f5es.\" class=\"wp-image-108274\" srcset=\"https:\/\/www.tuasaude.com\/news\/wp-content\/uploads\/2026\/09\/Woman_preparing_fiber-rich_break\u2026_202609041827-1024x571.jpg 1024w, https:\/\/www.tuasaude.com\/news\/wp-content\/uploads\/2026\/09\/Woman_preparing_fiber-rich_break\u2026_202609041827-300x167.jpg 300w, https:\/\/www.tuasaude.com\/news\/wp-content\/uploads\/2026\/09\/Woman_preparing_fiber-rich_break\u2026_202609041827-768x428.jpg 768w, https:\/\/www.tuasaude.com\/news\/wp-content\/uploads\/2026\/09\/Woman_preparing_fiber-rich_break\u2026_202609041827-750x418.jpg 750w, https:\/\/www.tuasaude.com\/news\/wp-content\/uploads\/2026\/09\/Woman_preparing_fiber-rich_break\u2026_202609041827-1140x636.jpg 1140w, https:\/\/www.tuasaude.com\/news\/wp-content\/uploads\/2026\/09\/Woman_preparing_fiber-rich_break\u2026_202609041827.jpg 1280w\" sizes=\"(max-width: 1024px) 100vw, 1024px\" \/><figcaption class=\"wp-element-caption\">Combinar diferentes fontes de fibras pode favorecer frequ\u00eancia e consist\u00eancia das evacua\u00e7\u00f5es.<\/figcaption><\/figure>\n<\/div>\n\n\n<h2 class=\"wp-block-heading\">Quais cuidados s\u00e3o importantes ao aumentar o consumo de fibras?<\/h2>\n\n\n\n<p class=\"wp-block-paragraph\">O aumento das fibras deve ser gradual e sempre acompanhado de boa hidrata\u00e7\u00e3o, j\u00e1 que a ingest\u00e3o insuficiente de \u00e1gua pode piorar o quadro de constipa\u00e7\u00e3o e provocar desconforto abdominal, gases e incha\u00e7o. Beber cerca de 2 litros de \u00e1gua por dia \u00e9 essencial para que as fibras cumpram sua fun\u00e7\u00e3o.<\/p>\n\n\n\n<p class=\"wp-block-paragraph\">Vale lembrar que o aumento da atividade f\u00edsica, a redu\u00e7\u00e3o de ultraprocessados e a cria\u00e7\u00e3o de uma rotina para evacuar tamb\u00e9m potencializam os efeitos das fibras. Consumir <a href=\"https:\/\/www.tuasaude.com\/alimentos-para-prisao-de-ventre\/\" target=\"_blank\" rel=\"noreferrer noopener\">alimentos para pris\u00e3o de ventre<\/a> de forma regular ajuda a manter o intestino funcionando de maneira equilibrada a longo prazo.<\/p>\n\n\n\n<p class=\"wp-block-paragraph\"><em>Este conte\u00fado tem car\u00e1ter apenas informativo e n\u00e3o substitui a avalia\u00e7\u00e3o, o diagn\u00f3stico ou o tratamento realizado por um profissional de sa\u00fade qualificado. Consulte sempre um m\u00e9dico ou nutricionista antes de iniciar suplementa\u00e7\u00e3o de fibras ou fazer mudan\u00e7as significativas na alimenta\u00e7\u00e3o, especialmente em caso de constipa\u00e7\u00e3o persistente.<\/em><\/p>\n","protected":false},"excerpt":{"rendered":"<p>Um ensaio cl\u00ednico publicado em 2026 investigou se uma combina\u00e7\u00e3o de fibras sol\u00faveis e insol\u00faveis de diferentes origens alimentares poderia aumentar a frequ\u00eancia das evacua\u00e7\u00f5es e melhorar a consist\u00eancia das fezes em adultos com constipa\u00e7\u00e3o funcional. Depois de 28 dias de uso, os participantes que receberam a formula\u00e7\u00e3o apresentaram melhora significativa no funcionamento intestinal, redu\u00e7\u00e3o [&hellip;]<\/p>\n","protected":false},"author":11,"featured_media":108272,"comment_status":"open","ping_status":"open","sticky":false,"template":"","format":"standard","meta":{"_yoast_wpseo_focuskw":"intestino preso","_yoast_wpseo_title":"","_yoast_wpseo_metadesc":"Estudo de 2026 investiga fibras para intestino preso e encontra melhora nas evacua\u00e7\u00f5es a partir da segunda semana, al\u00e9m de redu\u00e7\u00e3o do incha\u00e7o abdominal.","jnews-multi-image_gallery":[],"jnews_single_post":{"format":"standard"},"jnews_primary_category":[],"jnews_social_meta":[],"jnews_override_counter":[],"footnotes":""},"categories":[111],"tags":[13246,1132,2078,245,136],"class_list":["post-108261","post","type-post","status-publish","format-standard","has-post-thumbnail","hentry","category-saude","tag-evacuacoes","tag-fibras","tag-intestino","tag-intestino-preso","tag-saude"],"yoast_head":"<!-- This site is optimized with the Yoast SEO plugin v26.7 - https:\/\/yoast.com\/wordpress\/plugins\/seo\/ -->\n<title>Fibras e intestino preso: o que um estudo recente investigou sobre a frequ\u00eancia das evacua\u00e7\u00f5es em adultos - Tua Sa\u00fade<\/title>\n<meta name=\"description\" content=\"Estudo de 2026 investiga fibras para intestino preso e encontra melhora nas evacua\u00e7\u00f5es a partir da segunda semana, al\u00e9m de redu\u00e7\u00e3o do incha\u00e7o abdominal.\" \/>\n<meta name=\"robots\" content=\"index, follow, max-snippet:-1, max-image-preview:large, max-video-preview:-1\" \/>\n<link rel=\"canonical\" href=\"https:\/\/www.tuasaude.com\/news\/2026\/09\/05\/fibras-e-intestino-preso-o-que-um-estudo-recente-investigou-sobre-a-frequencia-das-evacuacoes-em-adultos\/\" \/>\n<meta property=\"og:locale\" content=\"pt_BR\" \/>\n<meta property=\"og:type\" content=\"article\" \/>\n<meta property=\"og:title\" content=\"Fibras e intestino preso: o que um estudo recente investigou sobre a frequ\u00eancia das evacua\u00e7\u00f5es em adultos - Tua Sa\u00fade\" \/>\n<meta property=\"og:description\" content=\"Estudo de 2026 investiga fibras para intestino preso e encontra melhora nas evacua\u00e7\u00f5es a partir da segunda semana, al\u00e9m de redu\u00e7\u00e3o do incha\u00e7o abdominal.\" \/>\n<meta property=\"og:url\" content=\"https:\/\/www.tuasaude.com\/news\/2026\/09\/05\/fibras-e-intestino-preso-o-que-um-estudo-recente-investigou-sobre-a-frequencia-das-evacuacoes-em-adultos\/\" \/>\n<meta property=\"og:site_name\" content=\"Tua Sa\u00fade\" \/>\n<meta property=\"article:published_time\" content=\"2026-09-05T20:30:00+00:00\" \/>\n<meta property=\"og:image\" content=\"https:\/\/www.tuasaude.com\/news\/wp-content\/uploads\/2026\/09\/Man_planning_dietary_fiber_intake_202609041826.jpg\" \/>\n\t<meta property=\"og:image:width\" content=\"1280\" \/>\n\t<meta property=\"og:image:height\" content=\"714\" \/>\n\t<meta property=\"og:image:type\" content=\"image\/jpeg\" \/>\n<meta name=\"author\" content=\"Gessika Julia Carvalho\" \/>\n<meta name=\"twitter:card\" content=\"summary_large_image\" \/>\n<meta name=\"twitter:label1\" content=\"Escrito por\" \/>\n\t<meta name=\"twitter:data1\" content=\"Gessika Julia Carvalho\" \/>\n\t<meta name=\"twitter:label2\" content=\"Est. tempo de leitura\" \/>\n\t<meta name=\"twitter:data2\" content=\"5 minutos\" \/>\n<!-- \/ Yoast SEO plugin. -->","yoast_head_json":{"title":"Fibras e intestino preso: o que um estudo recente investigou sobre a frequ\u00eancia das evacua\u00e7\u00f5es em adultos - Tua Sa\u00fade","description":"Estudo de 2026 investiga fibras para intestino preso e encontra melhora nas evacua\u00e7\u00f5es a partir da segunda semana, al\u00e9m de redu\u00e7\u00e3o do incha\u00e7o abdominal.","robots":{"index":"index","follow":"follow","max-snippet":"max-snippet:-1","max-image-preview":"max-image-preview:large","max-video-preview":"max-video-preview:-1"},"canonical":"https:\/\/www.tuasaude.com\/news\/2026\/09\/05\/fibras-e-intestino-preso-o-que-um-estudo-recente-investigou-sobre-a-frequencia-das-evacuacoes-em-adultos\/","og_locale":"pt_BR","og_type":"article","og_title":"Fibras e intestino preso: o que um estudo recente investigou sobre a frequ\u00eancia das evacua\u00e7\u00f5es em adultos - Tua Sa\u00fade","og_description":"Estudo de 2026 investiga fibras para intestino preso e encontra melhora nas evacua\u00e7\u00f5es a partir da segunda semana, al\u00e9m de redu\u00e7\u00e3o do incha\u00e7o abdominal.","og_url":"https:\/\/www.tuasaude.com\/news\/2026\/09\/05\/fibras-e-intestino-preso-o-que-um-estudo-recente-investigou-sobre-a-frequencia-das-evacuacoes-em-adultos\/","og_site_name":"Tua Sa\u00fade","article_published_time":"2026-09-05T20:30:00+00:00","og_image":[{"width":1280,"height":714,"url":"https:\/\/www.tuasaude.com\/news\/wp-content\/uploads\/2026\/09\/Man_planning_dietary_fiber_intake_202609041826.jpg","type":"image\/jpeg"}],"author":"Gessika Julia Carvalho","twitter_card":"summary_large_image","twitter_misc":{"Escrito por":"Gessika Julia Carvalho","Est. tempo de leitura":"5 minutos"},"schema":{"@context":"https:\/\/schema.org","@graph":[{"@type":"Article","@id":"https:\/\/www.tuasaude.com\/news\/2026\/09\/05\/fibras-e-intestino-preso-o-que-um-estudo-recente-investigou-sobre-a-frequencia-das-evacuacoes-em-adultos\/#article","isPartOf":{"@id":"https:\/\/www.tuasaude.com\/news\/2026\/09\/05\/fibras-e-intestino-preso-o-que-um-estudo-recente-investigou-sobre-a-frequencia-das-evacuacoes-em-adultos\/"},"author":{"name":"Gessika Julia Carvalho","@id":"https:\/\/www.tuasaude.com\/news\/#\/schema\/person\/2e9df841be69ec84f5d20ddb8d273ac2"},"headline":"Fibras e intestino preso: o que um estudo recente investigou sobre a frequ\u00eancia das evacua\u00e7\u00f5es em adultos","datePublished":"2026-09-05T20:30:00+00:00","mainEntityOfPage":{"@id":"https:\/\/www.tuasaude.com\/news\/2026\/09\/05\/fibras-e-intestino-preso-o-que-um-estudo-recente-investigou-sobre-a-frequencia-das-evacuacoes-em-adultos\/"},"wordCount":804,"commentCount":0,"image":{"@id":"https:\/\/www.tuasaude.com\/news\/2026\/09\/05\/fibras-e-intestino-preso-o-que-um-estudo-recente-investigou-sobre-a-frequencia-das-evacuacoes-em-adultos\/#primaryimage"},"thumbnailUrl":"https:\/\/www.tuasaude.com\/news\/wp-content\/uploads\/2026\/09\/Man_planning_dietary_fiber_intake_202609041826.jpg","keywords":["evacua\u00e7\u00f5es","fibras","intestino","intestino preso","sa\u00fade"],"articleSection":["Sa\u00fade"],"inLanguage":"pt-BR","potentialAction":[{"@type":"CommentAction","name":"Comment","target":["https:\/\/www.tuasaude.com\/news\/2026\/09\/05\/fibras-e-intestino-preso-o-que-um-estudo-recente-investigou-sobre-a-frequencia-das-evacuacoes-em-adultos\/#respond"]}]},{"@type":"WebPage","@id":"https:\/\/www.tuasaude.com\/news\/2026\/09\/05\/fibras-e-intestino-preso-o-que-um-estudo-recente-investigou-sobre-a-frequencia-das-evacuacoes-em-adultos\/","url":"https:\/\/www.tuasaude.com\/news\/2026\/09\/05\/fibras-e-intestino-preso-o-que-um-estudo-recente-investigou-sobre-a-frequencia-das-evacuacoes-em-adultos\/","name":"Fibras e intestino preso: o que um estudo recente investigou sobre a frequ\u00eancia das evacua\u00e7\u00f5es em adultos - Tua Sa\u00fade","isPartOf":{"@id":"https:\/\/www.tuasaude.com\/news\/#website"},"primaryImageOfPage":{"@id":"https:\/\/www.tuasaude.com\/news\/2026\/09\/05\/fibras-e-intestino-preso-o-que-um-estudo-recente-investigou-sobre-a-frequencia-das-evacuacoes-em-adultos\/#primaryimage"},"image":{"@id":"https:\/\/www.tuasaude.com\/news\/2026\/09\/05\/fibras-e-intestino-preso-o-que-um-estudo-recente-investigou-sobre-a-frequencia-das-evacuacoes-em-adultos\/#primaryimage"},"thumbnailUrl":"https:\/\/www.tuasaude.com\/news\/wp-content\/uploads\/2026\/09\/Man_planning_dietary_fiber_intake_202609041826.jpg","datePublished":"2026-09-05T20:30:00+00:00","author":{"@id":"https:\/\/www.tuasaude.com\/news\/#\/schema\/person\/2e9df841be69ec84f5d20ddb8d273ac2"},"description":"Estudo de 2026 investiga fibras para intestino preso e encontra melhora nas evacua\u00e7\u00f5es a partir da segunda semana, al\u00e9m de redu\u00e7\u00e3o do incha\u00e7o abdominal.","breadcrumb":{"@id":"https:\/\/www.tuasaude.com\/news\/2026\/09\/05\/fibras-e-intestino-preso-o-que-um-estudo-recente-investigou-sobre-a-frequencia-das-evacuacoes-em-adultos\/#breadcrumb"},"inLanguage":"pt-BR","potentialAction":[{"@type":"ReadAction","target":["https:\/\/www.tuasaude.com\/news\/2026\/09\/05\/fibras-e-intestino-preso-o-que-um-estudo-recente-investigou-sobre-a-frequencia-das-evacuacoes-em-adultos\/"]}]},{"@type":"ImageObject","inLanguage":"pt-BR","@id":"https:\/\/www.tuasaude.com\/news\/2026\/09\/05\/fibras-e-intestino-preso-o-que-um-estudo-recente-investigou-sobre-a-frequencia-das-evacuacoes-em-adultos\/#primaryimage","url":"https:\/\/www.tuasaude.com\/news\/wp-content\/uploads\/2026\/09\/Man_planning_dietary_fiber_intake_202609041826.jpg","contentUrl":"https:\/\/www.tuasaude.com\/news\/wp-content\/uploads\/2026\/09\/Man_planning_dietary_fiber_intake_202609041826.jpg","width":1280,"height":714,"caption":"Fibras e intestino preso: o que um estudo recente investigou sobre a frequ\u00eancia das evacua\u00e7\u00f5es em adultos"},{"@type":"BreadcrumbList","@id":"https:\/\/www.tuasaude.com\/news\/2026\/09\/05\/fibras-e-intestino-preso-o-que-um-estudo-recente-investigou-sobre-a-frequencia-das-evacuacoes-em-adultos\/#breadcrumb","itemListElement":[{"@type":"ListItem","position":1,"name":"In\u00edcio","item":"https:\/\/www.tuasaude.com\/news\/"},{"@type":"ListItem","position":2,"name":"Fibras e intestino preso: o que um estudo recente investigou sobre a frequ\u00eancia das evacua\u00e7\u00f5es em adultos"}]},{"@type":"WebSite","@id":"https:\/\/www.tuasaude.com\/news\/#website","url":"https:\/\/www.tuasaude.com\/news\/","name":"Tua Sa\u00fade","description":"Seu site de sa\u00fade","potentialAction":[{"@type":"SearchAction","target":{"@type":"EntryPoint","urlTemplate":"https:\/\/www.tuasaude.com\/news\/?s={search_term_string}"},"query-input":{"@type":"PropertyValueSpecification","valueRequired":true,"valueName":"search_term_string"}}],"inLanguage":"pt-BR"},{"@type":"Person","@id":"https:\/\/www.tuasaude.com\/news\/#\/schema\/person\/2e9df841be69ec84f5d20ddb8d273ac2","name":"Gessika Julia Carvalho","image":{"@type":"ImageObject","inLanguage":"pt-BR","@id":"https:\/\/www.tuasaude.com\/news\/#\/schema\/person\/image\/","url":"https:\/\/secure.gravatar.com\/avatar\/0fcc8769024577fd0bc6a8b766055690f76a8e8f29dfb2a2f89cf04db8d0f2d2?s=96&d=mm&r=g","contentUrl":"https:\/\/secure.gravatar.com\/avatar\/0fcc8769024577fd0bc6a8b766055690f76a8e8f29dfb2a2f89cf04db8d0f2d2?s=96&d=mm&r=g","caption":"Gessika Julia Carvalho"},"sameAs":["https:\/\/www.tuasaude.com\/news\/"],"url":"https:\/\/www.tuasaude.com\/news\/author\/gessika-julia\/"}]}},"_links":{"self":[{"href":"https:\/\/www.tuasaude.com\/news\/wp-json\/wp\/v2\/posts\/108261","targetHints":{"allow":["GET"]}}],"collection":[{"href":"https:\/\/www.tuasaude.com\/news\/wp-json\/wp\/v2\/posts"}],"about":[{"href":"https:\/\/www.tuasaude.com\/news\/wp-json\/wp\/v2\/types\/post"}],"author":[{"embeddable":true,"href":"https:\/\/www.tuasaude.com\/news\/wp-json\/wp\/v2\/users\/11"}],"replies":[{"embeddable":true,"href":"https:\/\/www.tuasaude.com\/news\/wp-json\/wp\/v2\/comments?post=108261"}],"version-history":[{"count":1,"href":"https:\/\/www.tuasaude.com\/news\/wp-json\/wp\/v2\/posts\/108261\/revisions"}],"predecessor-version":[{"id":108275,"href":"https:\/\/www.tuasaude.com\/news\/wp-json\/wp\/v2\/posts\/108261\/revisions\/108275"}],"wp:featuredmedia":[{"embeddable":true,"href":"https:\/\/www.tuasaude.com\/news\/wp-json\/wp\/v2\/media\/108272"}],"wp:attachment":[{"href":"https:\/\/www.tuasaude.com\/news\/wp-json\/wp\/v2\/media?parent=108261"}],"wp:term":[{"taxonomy":"category","embeddable":true,"href":"https:\/\/www.tuasaude.com\/news\/wp-json\/wp\/v2\/categories?post=108261"},{"taxonomy":"post_tag","embeddable":true,"href":"https:\/\/www.tuasaude.com\/news\/wp-json\/wp\/v2\/tags?post=108261"}],"curies":[{"name":"wp","href":"https:\/\/api.w.org\/{rel}","templated":true}]}}