{"id":108239,"date":"2026-09-05T16:15:00","date_gmt":"2026-09-05T19:15:00","guid":{"rendered":"https:\/\/www.tuasaude.com\/news\/?p=108239"},"modified":"2026-09-04T18:17:46","modified_gmt":"2026-09-04T21:17:46","slug":"o-que-significa-sentir-fraqueza-e-dor-de-cabeca-nos-dias-muito-quentes","status":"publish","type":"post","link":"https:\/\/www.tuasaude.com\/news\/2026\/09\/05\/o-que-significa-sentir-fraqueza-e-dor-de-cabeca-nos-dias-muito-quentes\/","title":{"rendered":"O que significa sentir fraqueza e dor de cabe\u00e7a nos dias muito quentes"},"content":{"rendered":"\n<p class=\"wp-block-paragraph\">Sentir fraqueza e dor de cabe\u00e7a em dias muito quentes geralmente \u00e9 um sinal de que o corpo est\u00e1 perdendo \u00e1gua e sais minerais mais r\u00e1pido do que consegue repor, favorecendo desidrata\u00e7\u00e3o, queda da press\u00e3o arterial e menor oxigena\u00e7\u00e3o cerebral. Com o suor intenso, o organismo elimina l\u00edquidos e eletr\u00f3litos importantes para o funcionamento dos m\u00fasculos, do cora\u00e7\u00e3o e do sistema nervoso, o que explica o cansa\u00e7o s\u00fabito, a tontura e a cefaleia latejante. Reconhecer esses sintomas cedo \u00e9 essencial para agir antes que o quadro evolua para exaust\u00e3o ou insola\u00e7\u00e3o.<\/p>\n\n\n\n<h2 class=\"wp-block-heading\">Por que o calor causa fraqueza e dor de cabe\u00e7a?<\/h2>\n\n\n\n<p class=\"wp-block-paragraph\">Quando a temperatura ambiente sobe, o corpo aciona mecanismos de resfriamento como a sudorese e a dilata\u00e7\u00e3o dos vasos sangu\u00edneos perif\u00e9ricos. Essa vasodilata\u00e7\u00e3o reduz momentaneamente a press\u00e3o arterial, o que pode gerar sensa\u00e7\u00e3o de fraqueza, tontura e cabe\u00e7a pesada.<\/p>\n\n\n\n<p class=\"wp-block-paragraph\">Ao mesmo tempo, a perda de \u00e1gua e s\u00f3dio pelo suor diminui o volume de sangue circulante e altera o equil\u00edbrio de eletr\u00f3litos nas c\u00e9lulas. Esse desequil\u00edbrio afeta a irriga\u00e7\u00e3o cerebral e ativa vias de dor, o que ajuda a explicar por que a cefaleia \u00e9 uma das queixas mais comuns em ondas de calor.<\/p>\n\n\n\n<h2 class=\"wp-block-heading\">Como a desidrata\u00e7\u00e3o est\u00e1 ligada \u00e0 cefaleia?<\/h2>\n\n\n\n<p class=\"wp-block-paragraph\">A desidrata\u00e7\u00e3o reduz o volume de l\u00edquido no organismo e pode provocar um leve estiramento dos vasos e das meninges, estruturas ricas em receptores de dor localizadas ao redor do c\u00e9rebro. Esse mecanismo \u00e9 um dos principais respons\u00e1veis pela dor de cabe\u00e7a em dias quentes.<\/p>\n\n\n\n<p class=\"wp-block-paragraph\">Al\u00e9m disso, a queda na hidrata\u00e7\u00e3o diminui a oxigena\u00e7\u00e3o cerebral e favorece o surgimento de sintomas como boca seca, urina escura e dificuldade de concentra\u00e7\u00e3o. Em pessoas predispostas, esse contexto pode ainda desencadear crises de <a href=\"https:\/\/www.tuasaude.com\/enxaqueca\/\" target=\"_blank\" rel=\"noreferrer noopener\">enxaqueca<\/a> mais intensas e prolongadas.<\/p>\n\n\n<div class=\"wp-block-image\">\n<figure class=\"aligncenter size-large\"><img decoding=\"async\" width=\"1024\" height=\"571\" src=\"https:\/\/www.tuasaude.com\/news\/wp-content\/uploads\/2026\/09\/Fraqueza_e_dor_de_cabeca_202609041815-1024x571.jpg\" alt=\"Hidrata\u00e7\u00e3o, eletr\u00f3litos, descanso e prote\u00e7\u00e3o do calor ajudam a prevenir sintomas.\" class=\"wp-image-108247\" srcset=\"https:\/\/www.tuasaude.com\/news\/wp-content\/uploads\/2026\/09\/Fraqueza_e_dor_de_cabeca_202609041815-1024x571.jpg 1024w, https:\/\/www.tuasaude.com\/news\/wp-content\/uploads\/2026\/09\/Fraqueza_e_dor_de_cabeca_202609041815-300x167.jpg 300w, https:\/\/www.tuasaude.com\/news\/wp-content\/uploads\/2026\/09\/Fraqueza_e_dor_de_cabeca_202609041815-768x428.jpg 768w, https:\/\/www.tuasaude.com\/news\/wp-content\/uploads\/2026\/09\/Fraqueza_e_dor_de_cabeca_202609041815-750x418.jpg 750w, https:\/\/www.tuasaude.com\/news\/wp-content\/uploads\/2026\/09\/Fraqueza_e_dor_de_cabeca_202609041815-1140x636.jpg 1140w, https:\/\/www.tuasaude.com\/news\/wp-content\/uploads\/2026\/09\/Fraqueza_e_dor_de_cabeca_202609041815.jpg 1280w\" sizes=\"(max-width: 1024px) 100vw, 1024px\" \/><figcaption class=\"wp-element-caption\">Hidrata\u00e7\u00e3o, eletr\u00f3litos, descanso e prote\u00e7\u00e3o do calor ajudam a prevenir sintomas.<\/figcaption><\/figure>\n<\/div>\n\n\n<h2 class=\"wp-block-heading\">O que a ci\u00eancia diz sobre a dor de cabe\u00e7a por falta de \u00e1gua?<\/h2>\n\n\n\n<p class=\"wp-block-paragraph\">A rela\u00e7\u00e3o entre a baixa ingest\u00e3o de l\u00edquidos e a cefaleia j\u00e1 foi documentada em pesquisas cl\u00ednicas que descreveram um padr\u00e3o espec\u00edfico de dor associada \u00e0 priva\u00e7\u00e3o de \u00e1gua. Esses estudos ajudam a entender por que os sintomas aparecem justamente nos dias mais quentes, quando a perda h\u00eddrica \u00e9 maior.<\/p>\n\n\n\n<p class=\"wp-block-paragraph\">Segundo o estudo <a href=\"https:\/\/pubmed.ncbi.nlm.nih.gov\/14979888\/\" target=\"_blank\" rel=\"noreferrer noopener\">Water-Deprivation Headache A New Headache With Two Variants<\/a> publicado no peri\u00f3dico Headache The Journal of Head and Face Pain, cerca de 1 em cada 10 pessoas avaliadas desenvolveu dor de cabe\u00e7a ap\u00f3s per\u00edodos de priva\u00e7\u00e3o de l\u00edquidos, com melhora significativa entre 30 minutos e 3 horas depois da reidrata\u00e7\u00e3o. Os autores destacam que o quadro tende a piorar com movimentos da cabe\u00e7a, ao se inclinar ou ao caminhar.<\/p>\n\n\n\n<h2 class=\"wp-block-heading\">Quais sinais indicam que o corpo est\u00e1 desidratado pelo calor?<\/h2>\n\n\n\n<p class=\"wp-block-paragraph\">Nem sempre a sede \u00e9 o primeiro sinal de desidrata\u00e7\u00e3o, e reconhecer sintomas iniciais ajuda a prevenir quadros mais graves como exaust\u00e3o pelo calor e insola\u00e7\u00e3o. Ficar atento ao pr\u00f3prio corpo \u00e9 essencial nos dias de temperatura elevada.<\/p>\n\n\n\n<p class=\"wp-block-paragraph\">Os sinais mais comuns de desidrata\u00e7\u00e3o por calor incluem:<\/p>\n\n\n\n<ul class=\"wp-block-list\">\n<li><strong>Boca seca<\/strong> e sensa\u00e7\u00e3o persistente de sede;<\/li>\n\n\n\n<li><strong>Urina escura<\/strong> e em pequena quantidade;<\/li>\n\n\n\n<li>Dor de cabe\u00e7a latejante, especialmente na regi\u00e3o frontal;<\/li>\n\n\n\n<li><strong>Fraqueza muscular<\/strong>, cansa\u00e7o e sonol\u00eancia excessiva;<\/li>\n\n\n\n<li>Tontura ao levantar rapidamente, sinal de <a href=\"https:\/\/www.tuasaude.com\/pressao-baixa\/\" target=\"_blank\" rel=\"noreferrer noopener\">press\u00e3o baixa<\/a>;<\/li>\n\n\n\n<li>Pele fria e pegajosa, com suor abundante ou, ao contr\u00e1rio, aus\u00eancia de suor;<\/li>\n\n\n\n<li>N\u00e1useas, c\u00e3ibras e batimentos card\u00edacos acelerados.<\/li>\n<\/ul>\n\n\n<div class=\"wp-block-image\">\n<figure class=\"aligncenter size-large\"><img decoding=\"async\" width=\"1024\" height=\"571\" src=\"https:\/\/www.tuasaude.com\/news\/wp-content\/uploads\/2026\/09\/Man_drinking_water_resting_head_202609041817-1024x571.jpg\" alt=\"Calor intenso, suor e desidrata\u00e7\u00e3o podem provocar cansa\u00e7o, tontura e cefaleia.\" class=\"wp-image-108250\" srcset=\"https:\/\/www.tuasaude.com\/news\/wp-content\/uploads\/2026\/09\/Man_drinking_water_resting_head_202609041817-1024x571.jpg 1024w, https:\/\/www.tuasaude.com\/news\/wp-content\/uploads\/2026\/09\/Man_drinking_water_resting_head_202609041817-300x167.jpg 300w, https:\/\/www.tuasaude.com\/news\/wp-content\/uploads\/2026\/09\/Man_drinking_water_resting_head_202609041817-768x428.jpg 768w, https:\/\/www.tuasaude.com\/news\/wp-content\/uploads\/2026\/09\/Man_drinking_water_resting_head_202609041817-750x418.jpg 750w, https:\/\/www.tuasaude.com\/news\/wp-content\/uploads\/2026\/09\/Man_drinking_water_resting_head_202609041817-1140x636.jpg 1140w, https:\/\/www.tuasaude.com\/news\/wp-content\/uploads\/2026\/09\/Man_drinking_water_resting_head_202609041817.jpg 1280w\" sizes=\"(max-width: 1024px) 100vw, 1024px\" \/><figcaption class=\"wp-element-caption\">Calor intenso, suor e desidrata\u00e7\u00e3o podem provocar cansa\u00e7o, tontura e cefaleia.<\/figcaption><\/figure>\n<\/div>\n\n\n<h2 class=\"wp-block-heading\">Como aliviar e prevenir esses sintomas no calor?<\/h2>\n\n\n\n<p class=\"wp-block-paragraph\">A principal medida \u00e9 repor l\u00edquidos com regularidade ao longo do dia, sem esperar a sede aparecer. Descansar em local fresco, ventilado e \u00e0 sombra tamb\u00e9m ajuda o corpo a recuperar o equil\u00edbrio t\u00e9rmico e a estabilizar a press\u00e3o arterial.<\/p>\n\n\n\n<p class=\"wp-block-paragraph\">Confira medidas pr\u00e1ticas para reduzir o risco de fraqueza e dor de cabe\u00e7a no calor:<\/p>\n\n\n\n<ol class=\"wp-block-list\">\n<li>Beba entre <strong>2 e 3 litros de \u00e1gua<\/strong> por dia, aumentando o consumo em dias muito quentes;<\/li>\n\n\n\n<li>Prefira <strong>\u00e1gua de coco, sucos naturais e frutas ricas em \u00e1gua<\/strong>, como melancia e laranja;<\/li>\n\n\n\n<li>Evite bebidas <strong>alco\u00f3licas, com muita cafe\u00edna e refrigerantes a\u00e7ucarados<\/strong>, que favorecem a perda de l\u00edquidos;<\/li>\n\n\n\n<li>Use <strong>roupas leves, claras e chap\u00e9u<\/strong> ao sair de casa;<\/li>\n\n\n\n<li>N\u00e3o pratique atividade f\u00edsica intensa nos hor\u00e1rios mais quentes, entre 10h e 16h;<\/li>\n\n\n\n<li>Fa\u00e7a refei\u00e7\u00f5es leves, com frutas, legumes e verduras, evitando alimentos muito gordurosos.<\/li>\n<\/ol>\n\n\n\n<p class=\"wp-block-paragraph\"><em>Este conte\u00fado tem car\u00e1ter apenas informativo e n\u00e3o substitui a avalia\u00e7\u00e3o, o diagn\u00f3stico ou o tratamento realizado por um profissional de sa\u00fade qualificado. Consulte sempre um m\u00e9dico caso a fraqueza e a dor de cabe\u00e7a sejam intensas, frequentes ou acompanhadas de febre, confus\u00e3o mental, v\u00f4mitos ou desmaio.<\/em><\/p>\n","protected":false},"excerpt":{"rendered":"<p>Sentir fraqueza e dor de cabe\u00e7a em dias muito quentes geralmente \u00e9 um sinal de que o corpo est\u00e1 perdendo \u00e1gua e sais minerais mais r\u00e1pido do que consegue repor, favorecendo desidrata\u00e7\u00e3o, queda da press\u00e3o arterial e menor oxigena\u00e7\u00e3o cerebral. Com o suor intenso, o organismo elimina l\u00edquidos e eletr\u00f3litos importantes para o funcionamento dos [&hellip;]<\/p>\n","protected":false},"author":11,"featured_media":108241,"comment_status":"open","ping_status":"open","sticky":false,"template":"","format":"standard","meta":{"_yoast_wpseo_focuskw":"dor de cabe\u00e7a","_yoast_wpseo_title":"","_yoast_wpseo_metadesc":"O calor pode provocar fraqueza e dor de cabe\u00e7a quando o corpo perde \u00e1gua e s\u00f3dio. Saiba quais outros sinais indicam desidrata\u00e7\u00e3o e quando \u00e9 preciso aten\u00e7\u00e3o.","jnews-multi-image_gallery":[],"jnews_single_post":{"format":"standard"},"jnews_primary_category":[],"jnews_social_meta":[],"jnews_override_counter":[],"footnotes":""},"categories":[111],"tags":[204,6143,282,136],"class_list":["post-108239","post","type-post","status-publish","format-standard","has-post-thumbnail","hentry","category-saude","tag-calor","tag-cefaleia","tag-dor-de-cabeca","tag-saude"],"yoast_head":"<!-- This site is optimized with the Yoast SEO plugin v26.7 - https:\/\/yoast.com\/wordpress\/plugins\/seo\/ -->\n<title>O que significa sentir fraqueza e dor de cabe\u00e7a nos dias muito quentes - Tua Sa\u00fade<\/title>\n<meta name=\"description\" content=\"O calor pode provocar fraqueza e dor de cabe\u00e7a quando o corpo perde \u00e1gua e s\u00f3dio. Saiba quais outros sinais indicam desidrata\u00e7\u00e3o e quando \u00e9 preciso aten\u00e7\u00e3o.\" \/>\n<meta name=\"robots\" content=\"index, follow, max-snippet:-1, max-image-preview:large, max-video-preview:-1\" \/>\n<link rel=\"canonical\" href=\"https:\/\/www.tuasaude.com\/news\/2026\/09\/05\/o-que-significa-sentir-fraqueza-e-dor-de-cabeca-nos-dias-muito-quentes\/\" \/>\n<meta property=\"og:locale\" content=\"pt_BR\" \/>\n<meta property=\"og:type\" content=\"article\" \/>\n<meta property=\"og:title\" content=\"O que significa sentir fraqueza e dor de cabe\u00e7a nos dias muito quentes - Tua Sa\u00fade\" \/>\n<meta property=\"og:description\" content=\"O calor pode provocar fraqueza e dor de cabe\u00e7a quando o corpo perde \u00e1gua e s\u00f3dio. Saiba quais outros sinais indicam desidrata\u00e7\u00e3o e quando \u00e9 preciso aten\u00e7\u00e3o.\" \/>\n<meta property=\"og:url\" content=\"https:\/\/www.tuasaude.com\/news\/2026\/09\/05\/o-que-significa-sentir-fraqueza-e-dor-de-cabeca-nos-dias-muito-quentes\/\" \/>\n<meta property=\"og:site_name\" content=\"Tua Sa\u00fade\" \/>\n<meta property=\"article:published_time\" content=\"2026-09-05T19:15:00+00:00\" \/>\n<meta property=\"og:image\" content=\"https:\/\/www.tuasaude.com\/news\/wp-content\/uploads\/2026\/09\/Man_drinking_water_at_table_202609041815.jpg\" \/>\n\t<meta property=\"og:image:width\" content=\"1280\" \/>\n\t<meta property=\"og:image:height\" content=\"714\" \/>\n\t<meta property=\"og:image:type\" content=\"image\/jpeg\" \/>\n<meta name=\"author\" content=\"Gessika Julia Carvalho\" \/>\n<meta name=\"twitter:card\" content=\"summary_large_image\" \/>\n<meta name=\"twitter:label1\" content=\"Escrito por\" \/>\n\t<meta name=\"twitter:data1\" content=\"Gessika Julia Carvalho\" \/>\n\t<meta name=\"twitter:label2\" content=\"Est. tempo de leitura\" \/>\n\t<meta name=\"twitter:data2\" content=\"5 minutos\" \/>\n<!-- \/ Yoast SEO plugin. -->","yoast_head_json":{"title":"O que significa sentir fraqueza e dor de cabe\u00e7a nos dias muito quentes - Tua Sa\u00fade","description":"O calor pode provocar fraqueza e dor de cabe\u00e7a quando o corpo perde \u00e1gua e s\u00f3dio. Saiba quais outros sinais indicam desidrata\u00e7\u00e3o e quando \u00e9 preciso aten\u00e7\u00e3o.","robots":{"index":"index","follow":"follow","max-snippet":"max-snippet:-1","max-image-preview":"max-image-preview:large","max-video-preview":"max-video-preview:-1"},"canonical":"https:\/\/www.tuasaude.com\/news\/2026\/09\/05\/o-que-significa-sentir-fraqueza-e-dor-de-cabeca-nos-dias-muito-quentes\/","og_locale":"pt_BR","og_type":"article","og_title":"O que significa sentir fraqueza e dor de cabe\u00e7a nos dias muito quentes - Tua Sa\u00fade","og_description":"O calor pode provocar fraqueza e dor de cabe\u00e7a quando o corpo perde \u00e1gua e s\u00f3dio. Saiba quais outros sinais indicam desidrata\u00e7\u00e3o e quando \u00e9 preciso aten\u00e7\u00e3o.","og_url":"https:\/\/www.tuasaude.com\/news\/2026\/09\/05\/o-que-significa-sentir-fraqueza-e-dor-de-cabeca-nos-dias-muito-quentes\/","og_site_name":"Tua Sa\u00fade","article_published_time":"2026-09-05T19:15:00+00:00","og_image":[{"width":1280,"height":714,"url":"https:\/\/www.tuasaude.com\/news\/wp-content\/uploads\/2026\/09\/Man_drinking_water_at_table_202609041815.jpg","type":"image\/jpeg"}],"author":"Gessika Julia Carvalho","twitter_card":"summary_large_image","twitter_misc":{"Escrito por":"Gessika Julia Carvalho","Est. tempo de leitura":"5 minutos"},"schema":{"@context":"https:\/\/schema.org","@graph":[{"@type":"Article","@id":"https:\/\/www.tuasaude.com\/news\/2026\/09\/05\/o-que-significa-sentir-fraqueza-e-dor-de-cabeca-nos-dias-muito-quentes\/#article","isPartOf":{"@id":"https:\/\/www.tuasaude.com\/news\/2026\/09\/05\/o-que-significa-sentir-fraqueza-e-dor-de-cabeca-nos-dias-muito-quentes\/"},"author":{"name":"Gessika Julia Carvalho","@id":"https:\/\/www.tuasaude.com\/news\/#\/schema\/person\/2e9df841be69ec84f5d20ddb8d273ac2"},"headline":"O que significa sentir fraqueza e dor de cabe\u00e7a nos dias muito quentes","datePublished":"2026-09-05T19:15:00+00:00","mainEntityOfPage":{"@id":"https:\/\/www.tuasaude.com\/news\/2026\/09\/05\/o-que-significa-sentir-fraqueza-e-dor-de-cabeca-nos-dias-muito-quentes\/"},"wordCount":847,"commentCount":0,"image":{"@id":"https:\/\/www.tuasaude.com\/news\/2026\/09\/05\/o-que-significa-sentir-fraqueza-e-dor-de-cabeca-nos-dias-muito-quentes\/#primaryimage"},"thumbnailUrl":"https:\/\/www.tuasaude.com\/news\/wp-content\/uploads\/2026\/09\/Man_drinking_water_at_table_202609041815.jpg","keywords":["calor","cefaleia","dor de cabe\u00e7a","sa\u00fade"],"articleSection":["Sa\u00fade"],"inLanguage":"pt-BR","potentialAction":[{"@type":"CommentAction","name":"Comment","target":["https:\/\/www.tuasaude.com\/news\/2026\/09\/05\/o-que-significa-sentir-fraqueza-e-dor-de-cabeca-nos-dias-muito-quentes\/#respond"]}]},{"@type":"WebPage","@id":"https:\/\/www.tuasaude.com\/news\/2026\/09\/05\/o-que-significa-sentir-fraqueza-e-dor-de-cabeca-nos-dias-muito-quentes\/","url":"https:\/\/www.tuasaude.com\/news\/2026\/09\/05\/o-que-significa-sentir-fraqueza-e-dor-de-cabeca-nos-dias-muito-quentes\/","name":"O que significa sentir fraqueza e dor de cabe\u00e7a nos dias muito quentes - Tua Sa\u00fade","isPartOf":{"@id":"https:\/\/www.tuasaude.com\/news\/#website"},"primaryImageOfPage":{"@id":"https:\/\/www.tuasaude.com\/news\/2026\/09\/05\/o-que-significa-sentir-fraqueza-e-dor-de-cabeca-nos-dias-muito-quentes\/#primaryimage"},"image":{"@id":"https:\/\/www.tuasaude.com\/news\/2026\/09\/05\/o-que-significa-sentir-fraqueza-e-dor-de-cabeca-nos-dias-muito-quentes\/#primaryimage"},"thumbnailUrl":"https:\/\/www.tuasaude.com\/news\/wp-content\/uploads\/2026\/09\/Man_drinking_water_at_table_202609041815.jpg","datePublished":"2026-09-05T19:15:00+00:00","author":{"@id":"https:\/\/www.tuasaude.com\/news\/#\/schema\/person\/2e9df841be69ec84f5d20ddb8d273ac2"},"description":"O calor pode provocar fraqueza e dor de cabe\u00e7a quando o corpo perde \u00e1gua e s\u00f3dio. Saiba quais outros sinais indicam desidrata\u00e7\u00e3o e quando \u00e9 preciso aten\u00e7\u00e3o.","breadcrumb":{"@id":"https:\/\/www.tuasaude.com\/news\/2026\/09\/05\/o-que-significa-sentir-fraqueza-e-dor-de-cabeca-nos-dias-muito-quentes\/#breadcrumb"},"inLanguage":"pt-BR","potentialAction":[{"@type":"ReadAction","target":["https:\/\/www.tuasaude.com\/news\/2026\/09\/05\/o-que-significa-sentir-fraqueza-e-dor-de-cabeca-nos-dias-muito-quentes\/"]}]},{"@type":"ImageObject","inLanguage":"pt-BR","@id":"https:\/\/www.tuasaude.com\/news\/2026\/09\/05\/o-que-significa-sentir-fraqueza-e-dor-de-cabeca-nos-dias-muito-quentes\/#primaryimage","url":"https:\/\/www.tuasaude.com\/news\/wp-content\/uploads\/2026\/09\/Man_drinking_water_at_table_202609041815.jpg","contentUrl":"https:\/\/www.tuasaude.com\/news\/wp-content\/uploads\/2026\/09\/Man_drinking_water_at_table_202609041815.jpg","width":1280,"height":714,"caption":"O que significa sentir fraqueza e dor de cabe\u00e7a nos dias muito quentes"},{"@type":"BreadcrumbList","@id":"https:\/\/www.tuasaude.com\/news\/2026\/09\/05\/o-que-significa-sentir-fraqueza-e-dor-de-cabeca-nos-dias-muito-quentes\/#breadcrumb","itemListElement":[{"@type":"ListItem","position":1,"name":"In\u00edcio","item":"https:\/\/www.tuasaude.com\/news\/"},{"@type":"ListItem","position":2,"name":"O que significa sentir fraqueza e dor de cabe\u00e7a nos dias muito quentes"}]},{"@type":"WebSite","@id":"https:\/\/www.tuasaude.com\/news\/#website","url":"https:\/\/www.tuasaude.com\/news\/","name":"Tua Sa\u00fade","description":"Seu site de sa\u00fade","potentialAction":[{"@type":"SearchAction","target":{"@type":"EntryPoint","urlTemplate":"https:\/\/www.tuasaude.com\/news\/?s={search_term_string}"},"query-input":{"@type":"PropertyValueSpecification","valueRequired":true,"valueName":"search_term_string"}}],"inLanguage":"pt-BR"},{"@type":"Person","@id":"https:\/\/www.tuasaude.com\/news\/#\/schema\/person\/2e9df841be69ec84f5d20ddb8d273ac2","name":"Gessika Julia Carvalho","image":{"@type":"ImageObject","inLanguage":"pt-BR","@id":"https:\/\/www.tuasaude.com\/news\/#\/schema\/person\/image\/","url":"https:\/\/secure.gravatar.com\/avatar\/0fcc8769024577fd0bc6a8b766055690f76a8e8f29dfb2a2f89cf04db8d0f2d2?s=96&d=mm&r=g","contentUrl":"https:\/\/secure.gravatar.com\/avatar\/0fcc8769024577fd0bc6a8b766055690f76a8e8f29dfb2a2f89cf04db8d0f2d2?s=96&d=mm&r=g","caption":"Gessika Julia Carvalho"},"sameAs":["https:\/\/www.tuasaude.com\/news\/"],"url":"https:\/\/www.tuasaude.com\/news\/author\/gessika-julia\/"}]}},"_links":{"self":[{"href":"https:\/\/www.tuasaude.com\/news\/wp-json\/wp\/v2\/posts\/108239","targetHints":{"allow":["GET"]}}],"collection":[{"href":"https:\/\/www.tuasaude.com\/news\/wp-json\/wp\/v2\/posts"}],"about":[{"href":"https:\/\/www.tuasaude.com\/news\/wp-json\/wp\/v2\/types\/post"}],"author":[{"embeddable":true,"href":"https:\/\/www.tuasaude.com\/news\/wp-json\/wp\/v2\/users\/11"}],"replies":[{"embeddable":true,"href":"https:\/\/www.tuasaude.com\/news\/wp-json\/wp\/v2\/comments?post=108239"}],"version-history":[{"count":1,"href":"https:\/\/www.tuasaude.com\/news\/wp-json\/wp\/v2\/posts\/108239\/revisions"}],"predecessor-version":[{"id":108251,"href":"https:\/\/www.tuasaude.com\/news\/wp-json\/wp\/v2\/posts\/108239\/revisions\/108251"}],"wp:featuredmedia":[{"embeddable":true,"href":"https:\/\/www.tuasaude.com\/news\/wp-json\/wp\/v2\/media\/108241"}],"wp:attachment":[{"href":"https:\/\/www.tuasaude.com\/news\/wp-json\/wp\/v2\/media?parent=108239"}],"wp:term":[{"taxonomy":"category","embeddable":true,"href":"https:\/\/www.tuasaude.com\/news\/wp-json\/wp\/v2\/categories?post=108239"},{"taxonomy":"post_tag","embeddable":true,"href":"https:\/\/www.tuasaude.com\/news\/wp-json\/wp\/v2\/tags?post=108239"}],"curies":[{"name":"wp","href":"https:\/\/api.w.org\/{rel}","templated":true}]}}