{"id":108137,"date":"2026-09-05T08:00:00","date_gmt":"2026-09-05T11:00:00","guid":{"rendered":"https:\/\/www.tuasaude.com\/news\/?p=108137"},"modified":"2026-09-04T17:06:47","modified_gmt":"2026-09-04T20:06:47","slug":"mancha-escura-no-rosto-que-nao-some-sol-e-hormonios-podem-estar-por-tras","status":"publish","type":"post","link":"https:\/\/www.tuasaude.com\/news\/2026\/09\/05\/mancha-escura-no-rosto-que-nao-some-sol-e-hormonios-podem-estar-por-tras\/","title":{"rendered":"Mancha escura no rosto que n\u00e3o some: sol e horm\u00f4nios podem estar por tr\u00e1s"},"content":{"rendered":"\n<p class=\"wp-block-paragraph\">Uma <strong>mancha escura no rosto<\/strong> que persiste por semanas ou meses pode ser melasma, especialmente quando aparece de forma sim\u00e9trica nas bochechas, testa, nariz ou acima dos l\u00e1bios. A condi\u00e7\u00e3o est\u00e1 relacionada principalmente \u00e0 exposi\u00e7\u00e3o \u00e0 luz, \u00e0 predisposi\u00e7\u00e3o individual e a fatores hormonais, e pode voltar a escurecer mesmo depois de um tratamento bem-sucedido.<\/p>\n\n\n\n<h2 class=\"wp-block-heading\">Por que o melasma aparece<\/h2>\n\n\n\n<p class=\"wp-block-paragraph\">O melasma ocorre quando os melan\u00f3citos, c\u00e9lulas respons\u00e1veis pela produ\u00e7\u00e3o de melanina, ficam mais ativos e produzem pigmento em excesso. A radia\u00e7\u00e3o ultravioleta e a luz vis\u00edvel podem estimular esse processo, fazendo com que as <strong>manchas no rosto<\/strong> apare\u00e7am ou se tornem mais evidentes.<\/p>\n\n\n\n<p class=\"wp-block-paragraph\">Segundo a <a href=\"https:\/\/www.aad.org\/public\/diseases\/a-z\/melasma-causes\" target=\"_blank\" rel=\"noopener noreferrer\">American Academy of Dermatology<\/a>, gravidez, anticoncepcionais e alguns medicamentos tamb\u00e9m podem atuar como gatilhos. O aumento de horm\u00f4nios como estrog\u00eanio e progesterona durante a gesta\u00e7\u00e3o ajuda a explicar por que o problema \u00e9 frequente nesse per\u00edodo.<\/p>\n\n\n\n<h2 class=\"wp-block-heading\">Como reconhecer manchas sugestivas de melasma<\/h2>\n\n\n<div class=\"wp-block-image wp-block-image size-large\">\n<figure class=\"aligncenter\"><img decoding=\"async\" width=\"1280\" height=\"714\" src=\"https:\/\/www.tuasaude.com\/news\/wp-content\/uploads\/2026\/09\/108137_mancha-escura-no-rosto-que-nao-some-sol-e-hormonios-podem-es_corpo.jpg\" alt=\"A fotoprote\u00e7\u00e3o di\u00e1ria ajuda a controlar o melasma e reduzir o risco de novo escurecimento.\" class=\"wp-image-108139\" srcset=\"https:\/\/www.tuasaude.com\/news\/wp-content\/uploads\/2026\/09\/108137_mancha-escura-no-rosto-que-nao-some-sol-e-hormonios-podem-es_corpo.jpg 1280w, https:\/\/www.tuasaude.com\/news\/wp-content\/uploads\/2026\/09\/108137_mancha-escura-no-rosto-que-nao-some-sol-e-hormonios-podem-es_corpo-300x167.jpg 300w, https:\/\/www.tuasaude.com\/news\/wp-content\/uploads\/2026\/09\/108137_mancha-escura-no-rosto-que-nao-some-sol-e-hormonios-podem-es_corpo-1024x571.jpg 1024w, https:\/\/www.tuasaude.com\/news\/wp-content\/uploads\/2026\/09\/108137_mancha-escura-no-rosto-que-nao-some-sol-e-hormonios-podem-es_corpo-768x428.jpg 768w, https:\/\/www.tuasaude.com\/news\/wp-content\/uploads\/2026\/09\/108137_mancha-escura-no-rosto-que-nao-some-sol-e-hormonios-podem-es_corpo-750x418.jpg 750w, https:\/\/www.tuasaude.com\/news\/wp-content\/uploads\/2026\/09\/108137_mancha-escura-no-rosto-que-nao-some-sol-e-hormonios-podem-es_corpo-1140x636.jpg 1140w\" sizes=\"(max-width: 1280px) 100vw, 1280px\" \/><figcaption class=\"wp-element-caption\">A fotoprote\u00e7\u00e3o di\u00e1ria ajuda a controlar o melasma e reduzir o risco de novo escurecimento.<\/figcaption><\/figure>\n<\/div>\n\n\n<p class=\"wp-block-paragraph\">O melasma costuma produzir \u00e1reas planas de colora\u00e7\u00e3o castanha ou acinzentada, sem dor ou coceira. Entretanto, nem toda altera\u00e7\u00e3o de pigmenta\u00e7\u00e3o no rosto \u00e9 melasma, e o diagn\u00f3stico deve considerar a apar\u00eancia e a evolu\u00e7\u00e3o das les\u00f5es.<\/p>\n\n\n\n<ul class=\"wp-block-list\">\n<li>Manchas geralmente <strong>sim\u00e9tricas<\/strong> nos dois lados do rosto.<\/li>\n<li>Maior frequ\u00eancia nas bochechas, testa, nariz e regi\u00e3o acima dos l\u00e1bios.<\/li>\n<li>Escurecimento ap\u00f3s maior exposi\u00e7\u00e3o ao sol.<\/li>\n<li>Possibilidade de clarear e voltar a aparecer ao longo do tempo.<\/li>\n<\/ul>\n\n\n\n<p class=\"wp-block-paragraph\">Veja tamb\u00e9m como identificar e tratar o <a href=\"https:\/\/www.tuasaude.com\/melasma\/\" target=\"_blank\" rel=\"noopener noreferrer\">melasma<\/a>.<\/p>\n\n\n\n<h2 class=\"wp-block-heading\">O que um estudo cient\u00edfico mostrou<\/h2>\n\n\n\n<p class=\"wp-block-paragraph\">Segundo o ensaio cl\u00ednico <a href=\"https:\/\/pubmed.ncbi.nlm.nih.gov\/24313385\/\" target=\"_blank\" rel=\"noopener noreferrer\"><em>Near-visible light and UV photoprotection in the treatment of melasma: a double-blind randomized trial<\/em><\/a>, publicado na revista <em>Photodermatology, Photoimmunology &amp; Photomedicine<\/em>, 68 pessoas com melasma foram divididas para usar protetores com diferentes tipos de prote\u00e7\u00e3o enquanto realizavam tratamento clareador.<\/p>\n\n\n\n<p class=\"wp-block-paragraph\">Ap\u00f3s oito semanas, o grupo que utilizou prote\u00e7\u00e3o contra radia\u00e7\u00e3o ultravioleta e luz vis\u00edvel apresentou melhora maior em diferentes medidas de pigmenta\u00e7\u00e3o. O resultado refor\u00e7a que a <strong>prote\u00e7\u00e3o contra a luz \u00e9 parte central do controle do melasma<\/strong> e pode influenciar a resposta ao tratamento.<\/p>\n\n\n\n<h2 class=\"wp-block-heading\">Como evitar que as manchas voltem<\/h2>\n\n\n\n<p class=\"wp-block-paragraph\">O melasma \u00e9 uma condi\u00e7\u00e3o persistente e pode reaparecer mesmo depois de clarear. Por isso, a fotoprote\u00e7\u00e3o deve continuar durante e ap\u00f3s o tratamento, junto aos cuidados indicados pelo dermatologista.<\/p>\n\n\n\n<ul class=\"wp-block-list\">\n<li>Usar diariamente protetor solar de amplo espectro com <strong>FPS 30 ou superior<\/strong>.<\/li>\n<li>Reaplicar o produto ao longo do dia, especialmente ap\u00f3s suor ou exposi\u00e7\u00e3o prolongada.<\/li>\n<li>Preferir sombra, chap\u00e9us de aba larga e outras formas de prote\u00e7\u00e3o f\u00edsica.<\/li>\n<li>Considerar protetor solar com cor e \u00f3xidos de ferro quando indicado para maior prote\u00e7\u00e3o contra luz vis\u00edvel.<\/li>\n<li>Evitar produtos que provoquem ardor ou irrita\u00e7\u00e3o, pois a inflama\u00e7\u00e3o pode favorecer novas altera\u00e7\u00f5es de pigmenta\u00e7\u00e3o.<\/li>\n<\/ul>\n\n\n<div class=\"wp-block-image wp-block-image size-large\">\n<figure class=\"aligncenter\"><img decoding=\"async\" width=\"1280\" height=\"575\" src=\"https:\/\/www.tuasaude.com\/news\/wp-content\/uploads\/2026\/09\/108137_mancha-escura-no-rosto-que-nao-some-sol-e-hormonios-podem-es_tabela.jpg\" alt=\"Mancha escura no rosto: 6 sinais de melasma e como evitar que volte\" class=\"wp-image-108140\" srcset=\"https:\/\/www.tuasaude.com\/news\/wp-content\/uploads\/2026\/09\/108137_mancha-escura-no-rosto-que-nao-some-sol-e-hormonios-podem-es_tabela.jpg 1280w, https:\/\/www.tuasaude.com\/news\/wp-content\/uploads\/2026\/09\/108137_mancha-escura-no-rosto-que-nao-some-sol-e-hormonios-podem-es_tabela-300x135.jpg 300w, https:\/\/www.tuasaude.com\/news\/wp-content\/uploads\/2026\/09\/108137_mancha-escura-no-rosto-que-nao-some-sol-e-hormonios-podem-es_tabela-1024x460.jpg 1024w, https:\/\/www.tuasaude.com\/news\/wp-content\/uploads\/2026\/09\/108137_mancha-escura-no-rosto-que-nao-some-sol-e-hormonios-podem-es_tabela-768x345.jpg 768w, https:\/\/www.tuasaude.com\/news\/wp-content\/uploads\/2026\/09\/108137_mancha-escura-no-rosto-que-nao-some-sol-e-hormonios-podem-es_tabela-750x337.jpg 750w, https:\/\/www.tuasaude.com\/news\/wp-content\/uploads\/2026\/09\/108137_mancha-escura-no-rosto-que-nao-some-sol-e-hormonios-podem-es_tabela-1140x512.jpg 1140w\" sizes=\"(max-width: 1280px) 100vw, 1280px\" \/><figcaption class=\"wp-element-caption\">Mancha escura no rosto: 6 sinais de melasma e como evitar que volte<\/figcaption><\/figure>\n<\/div>\n\n\n<h2 class=\"wp-block-heading\">Quando uma mancha precisa ser examinada<\/h2>\n\n\n\n<p class=\"wp-block-paragraph\">Uma mancha nova, muito diferente das demais ou que apresenta <strong>crescimento ou mudan\u00e7a r\u00e1pida de cor, formato ou apar\u00eancia<\/strong> deve ser examinada por um dermatologista. Essas caracter\u00edsticas n\u00e3o s\u00e3o t\u00edpicas do padr\u00e3o habitual do melasma e podem ocorrer em outras doen\u00e7as da pele.<\/p>\n\n\n\n<p class=\"wp-block-paragraph\">Tamb\u00e9m \u00e9 indicado procurar avalia\u00e7\u00e3o quando n\u00e3o h\u00e1 certeza sobre a causa da mancha ou quando ela continua mudando apesar dos cuidados. O dermatologista pode diferenciar o melasma de outras altera\u00e7\u00f5es pigmentares e indicar a estrat\u00e9gia mais adequada para cada tipo de pele.<\/p>\n\n\n\n<p class=\"wp-block-paragraph\"><strong>Este conte\u00fado \u00e9 apenas informativo e n\u00e3o substitui a avalia\u00e7\u00e3o, o diagn\u00f3stico ou as orienta\u00e7\u00f5es de um m\u00e9dico.<\/strong><\/p>\n","protected":false},"excerpt":{"rendered":"<p>Uma mancha escura no rosto que persiste por semanas ou meses pode ser melasma, especialmente quando aparece de forma sim\u00e9trica nas bochechas, testa, nariz ou acima dos l\u00e1bios. A condi\u00e7\u00e3o est\u00e1 relacionada principalmente \u00e0 exposi\u00e7\u00e3o \u00e0 luz, \u00e0 predisposi\u00e7\u00e3o individual e a fatores hormonais, e pode voltar a escurecer mesmo depois de um tratamento bem-sucedido. [&hellip;]<\/p>\n","protected":false},"author":12,"featured_media":108138,"comment_status":"open","ping_status":"open","sticky":false,"template":"","format":"standard","meta":{"_yoast_wpseo_focuskw":"mancha escura no rosto","_yoast_wpseo_title":"","_yoast_wpseo_metadesc":"Mancha escura no rosto pode ser melasma, ligado ao sol e horm\u00f4nios. Veja como reconhecer, prevenir o escurecimento e quando procurar dermatologista.","jnews-multi-image_gallery":[],"jnews_single_post":[],"jnews_primary_category":[],"jnews_social_meta":[],"jnews_override_counter":[],"footnotes":""},"categories":[111],"tags":[13225,237,7067],"class_list":["post-108137","post","type-post","status-publish","format-standard","has-post-thumbnail","hentry","category-saude","tag-fotoprotecao","tag-manchas-no-rosto","tag-melasma"],"yoast_head":"<!-- This site is optimized with the Yoast SEO plugin v26.7 - https:\/\/yoast.com\/wordpress\/plugins\/seo\/ -->\n<title>Mancha escura no rosto que n\u00e3o some: sol e horm\u00f4nios podem estar por tr\u00e1s - Tua Sa\u00fade<\/title>\n<meta name=\"description\" content=\"Mancha escura no rosto pode ser melasma, ligado ao sol e horm\u00f4nios. Veja como reconhecer, prevenir o escurecimento e quando procurar dermatologista.\" \/>\n<meta name=\"robots\" content=\"index, follow, max-snippet:-1, max-image-preview:large, max-video-preview:-1\" \/>\n<link rel=\"canonical\" href=\"https:\/\/www.tuasaude.com\/news\/2026\/09\/05\/mancha-escura-no-rosto-que-nao-some-sol-e-hormonios-podem-estar-por-tras\/\" \/>\n<meta property=\"og:locale\" content=\"pt_BR\" \/>\n<meta property=\"og:type\" content=\"article\" \/>\n<meta property=\"og:title\" content=\"Mancha escura no rosto que n\u00e3o some: sol e horm\u00f4nios podem estar por tr\u00e1s - Tua Sa\u00fade\" \/>\n<meta property=\"og:description\" content=\"Mancha escura no rosto pode ser melasma, ligado ao sol e horm\u00f4nios. Veja como reconhecer, prevenir o escurecimento e quando procurar dermatologista.\" \/>\n<meta property=\"og:url\" content=\"https:\/\/www.tuasaude.com\/news\/2026\/09\/05\/mancha-escura-no-rosto-que-nao-some-sol-e-hormonios-podem-estar-por-tras\/\" \/>\n<meta property=\"og:site_name\" content=\"Tua Sa\u00fade\" \/>\n<meta property=\"article:published_time\" content=\"2026-09-05T11:00:00+00:00\" \/>\n<meta property=\"og:image\" content=\"https:\/\/www.tuasaude.com\/news\/wp-content\/uploads\/2026\/09\/108137_mancha-escura-no-rosto-que-nao-some-sol-e-hormonios-podem-es_destaque.jpg\" \/>\n\t<meta property=\"og:image:width\" content=\"1280\" \/>\n\t<meta property=\"og:image:height\" content=\"714\" \/>\n\t<meta property=\"og:image:type\" content=\"image\/jpeg\" \/>\n<meta name=\"author\" content=\"Jeferson Henrique\" \/>\n<meta name=\"twitter:card\" content=\"summary_large_image\" \/>\n<meta name=\"twitter:label1\" content=\"Escrito por\" \/>\n\t<meta name=\"twitter:data1\" content=\"Jeferson Henrique\" \/>\n\t<meta name=\"twitter:label2\" content=\"Est. tempo de leitura\" \/>\n\t<meta name=\"twitter:data2\" content=\"3 minutos\" \/>\n<!-- \/ Yoast SEO plugin. -->","yoast_head_json":{"title":"Mancha escura no rosto que n\u00e3o some: sol e horm\u00f4nios podem estar por tr\u00e1s - Tua Sa\u00fade","description":"Mancha escura no rosto pode ser melasma, ligado ao sol e horm\u00f4nios. Veja como reconhecer, prevenir o escurecimento e quando procurar dermatologista.","robots":{"index":"index","follow":"follow","max-snippet":"max-snippet:-1","max-image-preview":"max-image-preview:large","max-video-preview":"max-video-preview:-1"},"canonical":"https:\/\/www.tuasaude.com\/news\/2026\/09\/05\/mancha-escura-no-rosto-que-nao-some-sol-e-hormonios-podem-estar-por-tras\/","og_locale":"pt_BR","og_type":"article","og_title":"Mancha escura no rosto que n\u00e3o some: sol e horm\u00f4nios podem estar por tr\u00e1s - Tua Sa\u00fade","og_description":"Mancha escura no rosto pode ser melasma, ligado ao sol e horm\u00f4nios. Veja como reconhecer, prevenir o escurecimento e quando procurar dermatologista.","og_url":"https:\/\/www.tuasaude.com\/news\/2026\/09\/05\/mancha-escura-no-rosto-que-nao-some-sol-e-hormonios-podem-estar-por-tras\/","og_site_name":"Tua Sa\u00fade","article_published_time":"2026-09-05T11:00:00+00:00","og_image":[{"width":1280,"height":714,"url":"https:\/\/www.tuasaude.com\/news\/wp-content\/uploads\/2026\/09\/108137_mancha-escura-no-rosto-que-nao-some-sol-e-hormonios-podem-es_destaque.jpg","type":"image\/jpeg"}],"author":"Jeferson Henrique","twitter_card":"summary_large_image","twitter_misc":{"Escrito por":"Jeferson Henrique","Est. tempo de leitura":"3 minutos"},"schema":{"@context":"https:\/\/schema.org","@graph":[{"@type":"Article","@id":"https:\/\/www.tuasaude.com\/news\/2026\/09\/05\/mancha-escura-no-rosto-que-nao-some-sol-e-hormonios-podem-estar-por-tras\/#article","isPartOf":{"@id":"https:\/\/www.tuasaude.com\/news\/2026\/09\/05\/mancha-escura-no-rosto-que-nao-some-sol-e-hormonios-podem-estar-por-tras\/"},"author":{"name":"Jeferson Henrique","@id":"https:\/\/www.tuasaude.com\/news\/#\/schema\/person\/963d63d4e1f0c81f5f3a70ba4bcb0ef7"},"headline":"Mancha escura no rosto que n\u00e3o some: sol e horm\u00f4nios podem estar por tr\u00e1s","datePublished":"2026-09-05T11:00:00+00:00","mainEntityOfPage":{"@id":"https:\/\/www.tuasaude.com\/news\/2026\/09\/05\/mancha-escura-no-rosto-que-nao-some-sol-e-hormonios-podem-estar-por-tras\/"},"wordCount":649,"commentCount":0,"image":{"@id":"https:\/\/www.tuasaude.com\/news\/2026\/09\/05\/mancha-escura-no-rosto-que-nao-some-sol-e-hormonios-podem-estar-por-tras\/#primaryimage"},"thumbnailUrl":"https:\/\/www.tuasaude.com\/news\/wp-content\/uploads\/2026\/09\/108137_mancha-escura-no-rosto-que-nao-some-sol-e-hormonios-podem-es_destaque.jpg","keywords":["fotoprote\u00e7\u00e3o","manchas no rosto","Melasma"],"articleSection":["Sa\u00fade"],"inLanguage":"pt-BR","potentialAction":[{"@type":"CommentAction","name":"Comment","target":["https:\/\/www.tuasaude.com\/news\/2026\/09\/05\/mancha-escura-no-rosto-que-nao-some-sol-e-hormonios-podem-estar-por-tras\/#respond"]}]},{"@type":"WebPage","@id":"https:\/\/www.tuasaude.com\/news\/2026\/09\/05\/mancha-escura-no-rosto-que-nao-some-sol-e-hormonios-podem-estar-por-tras\/","url":"https:\/\/www.tuasaude.com\/news\/2026\/09\/05\/mancha-escura-no-rosto-que-nao-some-sol-e-hormonios-podem-estar-por-tras\/","name":"Mancha escura no rosto que n\u00e3o some: sol e horm\u00f4nios podem estar por tr\u00e1s - Tua Sa\u00fade","isPartOf":{"@id":"https:\/\/www.tuasaude.com\/news\/#website"},"primaryImageOfPage":{"@id":"https:\/\/www.tuasaude.com\/news\/2026\/09\/05\/mancha-escura-no-rosto-que-nao-some-sol-e-hormonios-podem-estar-por-tras\/#primaryimage"},"image":{"@id":"https:\/\/www.tuasaude.com\/news\/2026\/09\/05\/mancha-escura-no-rosto-que-nao-some-sol-e-hormonios-podem-estar-por-tras\/#primaryimage"},"thumbnailUrl":"https:\/\/www.tuasaude.com\/news\/wp-content\/uploads\/2026\/09\/108137_mancha-escura-no-rosto-que-nao-some-sol-e-hormonios-podem-es_destaque.jpg","datePublished":"2026-09-05T11:00:00+00:00","author":{"@id":"https:\/\/www.tuasaude.com\/news\/#\/schema\/person\/963d63d4e1f0c81f5f3a70ba4bcb0ef7"},"description":"Mancha escura no rosto pode ser melasma, ligado ao sol e horm\u00f4nios. Veja como reconhecer, prevenir o escurecimento e quando procurar dermatologista.","breadcrumb":{"@id":"https:\/\/www.tuasaude.com\/news\/2026\/09\/05\/mancha-escura-no-rosto-que-nao-some-sol-e-hormonios-podem-estar-por-tras\/#breadcrumb"},"inLanguage":"pt-BR","potentialAction":[{"@type":"ReadAction","target":["https:\/\/www.tuasaude.com\/news\/2026\/09\/05\/mancha-escura-no-rosto-que-nao-some-sol-e-hormonios-podem-estar-por-tras\/"]}]},{"@type":"ImageObject","inLanguage":"pt-BR","@id":"https:\/\/www.tuasaude.com\/news\/2026\/09\/05\/mancha-escura-no-rosto-que-nao-some-sol-e-hormonios-podem-estar-por-tras\/#primaryimage","url":"https:\/\/www.tuasaude.com\/news\/wp-content\/uploads\/2026\/09\/108137_mancha-escura-no-rosto-que-nao-some-sol-e-hormonios-podem-es_destaque.jpg","contentUrl":"https:\/\/www.tuasaude.com\/news\/wp-content\/uploads\/2026\/09\/108137_mancha-escura-no-rosto-que-nao-some-sol-e-hormonios-podem-es_destaque.jpg","width":1280,"height":714,"caption":"Manchas escuras e sim\u00e9tricas no rosto podem ser sugestivas de melasma."},{"@type":"BreadcrumbList","@id":"https:\/\/www.tuasaude.com\/news\/2026\/09\/05\/mancha-escura-no-rosto-que-nao-some-sol-e-hormonios-podem-estar-por-tras\/#breadcrumb","itemListElement":[{"@type":"ListItem","position":1,"name":"In\u00edcio","item":"https:\/\/www.tuasaude.com\/news\/"},{"@type":"ListItem","position":2,"name":"Mancha escura no rosto que n\u00e3o some: sol e horm\u00f4nios podem estar por tr\u00e1s"}]},{"@type":"WebSite","@id":"https:\/\/www.tuasaude.com\/news\/#website","url":"https:\/\/www.tuasaude.com\/news\/","name":"Tua Sa\u00fade","description":"Seu site de sa\u00fade","potentialAction":[{"@type":"SearchAction","target":{"@type":"EntryPoint","urlTemplate":"https:\/\/www.tuasaude.com\/news\/?s={search_term_string}"},"query-input":{"@type":"PropertyValueSpecification","valueRequired":true,"valueName":"search_term_string"}}],"inLanguage":"pt-BR"},{"@type":"Person","@id":"https:\/\/www.tuasaude.com\/news\/#\/schema\/person\/963d63d4e1f0c81f5f3a70ba4bcb0ef7","name":"Jeferson Henrique","image":{"@type":"ImageObject","inLanguage":"pt-BR","@id":"https:\/\/www.tuasaude.com\/news\/#\/schema\/person\/image\/","url":"https:\/\/secure.gravatar.com\/avatar\/1a476a54a48eb3cdea5dd2f016708263892c6b9f5e54b641df7c65e980fd6f69?s=96&d=mm&r=g","contentUrl":"https:\/\/secure.gravatar.com\/avatar\/1a476a54a48eb3cdea5dd2f016708263892c6b9f5e54b641df7c65e980fd6f69?s=96&d=mm&r=g","caption":"Jeferson Henrique"},"sameAs":["https:\/\/www.tuasaude.com\/news\/"],"url":"https:\/\/www.tuasaude.com\/news\/author\/jeferson-henrique\/"}]}},"_links":{"self":[{"href":"https:\/\/www.tuasaude.com\/news\/wp-json\/wp\/v2\/posts\/108137","targetHints":{"allow":["GET"]}}],"collection":[{"href":"https:\/\/www.tuasaude.com\/news\/wp-json\/wp\/v2\/posts"}],"about":[{"href":"https:\/\/www.tuasaude.com\/news\/wp-json\/wp\/v2\/types\/post"}],"author":[{"embeddable":true,"href":"https:\/\/www.tuasaude.com\/news\/wp-json\/wp\/v2\/users\/12"}],"replies":[{"embeddable":true,"href":"https:\/\/www.tuasaude.com\/news\/wp-json\/wp\/v2\/comments?post=108137"}],"version-history":[{"count":1,"href":"https:\/\/www.tuasaude.com\/news\/wp-json\/wp\/v2\/posts\/108137\/revisions"}],"predecessor-version":[{"id":108141,"href":"https:\/\/www.tuasaude.com\/news\/wp-json\/wp\/v2\/posts\/108137\/revisions\/108141"}],"wp:featuredmedia":[{"embeddable":true,"href":"https:\/\/www.tuasaude.com\/news\/wp-json\/wp\/v2\/media\/108138"}],"wp:attachment":[{"href":"https:\/\/www.tuasaude.com\/news\/wp-json\/wp\/v2\/media?parent=108137"}],"wp:term":[{"taxonomy":"category","embeddable":true,"href":"https:\/\/www.tuasaude.com\/news\/wp-json\/wp\/v2\/categories?post=108137"},{"taxonomy":"post_tag","embeddable":true,"href":"https:\/\/www.tuasaude.com\/news\/wp-json\/wp\/v2\/tags?post=108137"}],"curies":[{"name":"wp","href":"https:\/\/api.w.org\/{rel}","templated":true}]}}