{"id":108094,"date":"2026-09-05T11:05:00","date_gmt":"2026-09-05T14:05:00","guid":{"rendered":"https:\/\/www.tuasaude.com\/news\/?p=108094"},"modified":"2026-09-04T15:00:55","modified_gmt":"2026-09-04T18:00:55","slug":"apneia-do-sono-o-que-e-e-como-diferencia-la-de-um-ronco-simples-para-nao-retardar-o-tratamento","status":"publish","type":"post","link":"https:\/\/www.tuasaude.com\/news\/2026\/09\/05\/apneia-do-sono-o-que-e-e-como-diferencia-la-de-um-ronco-simples-para-nao-retardar-o-tratamento\/","title":{"rendered":"Apneia do sono: o que \u00e9 e como diferenci\u00e1-la de um ronco simples para n\u00e3o retardar o tratamento"},"content":{"rendered":"\n<p class=\"wp-block-paragraph\">Roncar n\u00e3o significa necessariamente ter apneia do sono. O ronco simples acontece pela vibra\u00e7\u00e3o dos tecidos das vias a\u00e9reas durante a passagem do ar, enquanto a apneia envolve epis\u00f3dios repetidos de obstru\u00e7\u00e3o parcial ou completa da respira\u00e7\u00e3o durante o sono. Pausas respirat\u00f3rias percebidas por outra pessoa, engasgos durante a noite, sono n\u00e3o reparador e sonol\u00eancia excessiva durante o dia aumentam a suspeita e merecem investiga\u00e7\u00e3o, principalmente porque a apneia n\u00e3o tratada pode afetar a sa\u00fade cardiovascular e o funcionamento do c\u00e9rebro.<\/p>\n\n\n\n<h2 class=\"wp-block-heading\">O que acontece durante uma apneia do sono?<\/h2>\n\n\n\n<p class=\"wp-block-paragraph\">Na <a href=\"https:\/\/www.tuasaude.com\/apneia-do-sono\/\" target=\"_blank\" rel=\"noreferrer noopener\">apneia do sono<\/a> obstrutiva, os m\u00fasculos e tecidos da garganta relaxam durante o descanso e podem estreitar ou bloquear temporariamente a passagem do ar. Esses epis\u00f3dios provocam quedas repetidas de oxig\u00eanio e pequenos despertares que fragmentam o sono, mesmo quando a pessoa n\u00e3o se lembra deles pela manh\u00e3.<\/p>\n\n\n\n<p class=\"wp-block-paragraph\">Como consequ\u00eancia, \u00e9 poss\u00edvel dormir v\u00e1rias horas e ainda acordar cansado, com dor de cabe\u00e7a ou dificuldade de concentra\u00e7\u00e3o. Ao longo do tempo, a repeti\u00e7\u00e3o dessas interrup\u00e7\u00f5es tamb\u00e9m est\u00e1 associada a maior ativa\u00e7\u00e3o do sistema nervoso, altera\u00e7\u00f5es da press\u00e3o arterial e outros efeitos cardiovasculares.<\/p>\n\n\n\n<h2 class=\"wp-block-heading\">Como diferenciar apneia de um ronco simples?<\/h2>\n\n\n\n<p class=\"wp-block-paragraph\">O ronco isolado pode ser frequente e inc\u00f4modo, mas n\u00e3o necessariamente vem acompanhado de interrup\u00e7\u00f5es respirat\u00f3rias. Na apneia, \u00e9 comum que algu\u00e9m observe momentos em que o ronco para porque a pessoa deixa de respirar por alguns segundos, seguidos por um ronco forte, suspiro ou engasgo quando a respira\u00e7\u00e3o retorna.<\/p>\n\n\n\n<p class=\"wp-block-paragraph\">Al\u00e9m disso, quem apresenta apenas <a href=\"https:\/\/www.tuasaude.com\/como-parar-de-roncar\/\" target=\"_blank\" rel=\"noreferrer noopener\">ronco<\/a> pode n\u00e3o ter sintomas durante o dia. J\u00e1 na apneia s\u00e3o mais comuns sonol\u00eancia, falta de disposi\u00e7\u00e3o ao acordar, problemas de mem\u00f3ria e concentra\u00e7\u00e3o, irritabilidade e sensa\u00e7\u00e3o de sono pouco restaurador.<\/p>\n\n\n<div class=\"wp-block-image\">\n<figure class=\"aligncenter size-large\"><img decoding=\"async\" width=\"1024\" height=\"571\" src=\"https:\/\/www.tuasaude.com\/news\/wp-content\/uploads\/2026\/09\/Medical_infographic_comparing_sl\u2026_202609041500-1024x571.jpg\" alt=\"Ronco mant\u00e9m fluxo de ar; apneia provoca obstru\u00e7\u00f5es, pausas e sono fragmentado.\" class=\"wp-image-108098\" srcset=\"https:\/\/www.tuasaude.com\/news\/wp-content\/uploads\/2026\/09\/Medical_infographic_comparing_sl\u2026_202609041500-1024x571.jpg 1024w, https:\/\/www.tuasaude.com\/news\/wp-content\/uploads\/2026\/09\/Medical_infographic_comparing_sl\u2026_202609041500-300x167.jpg 300w, https:\/\/www.tuasaude.com\/news\/wp-content\/uploads\/2026\/09\/Medical_infographic_comparing_sl\u2026_202609041500-768x428.jpg 768w, https:\/\/www.tuasaude.com\/news\/wp-content\/uploads\/2026\/09\/Medical_infographic_comparing_sl\u2026_202609041500-750x418.jpg 750w, https:\/\/www.tuasaude.com\/news\/wp-content\/uploads\/2026\/09\/Medical_infographic_comparing_sl\u2026_202609041500-1140x636.jpg 1140w, https:\/\/www.tuasaude.com\/news\/wp-content\/uploads\/2026\/09\/Medical_infographic_comparing_sl\u2026_202609041500.jpg 1280w\" sizes=\"(max-width: 1024px) 100vw, 1024px\" \/><figcaption class=\"wp-element-caption\">Ronco mant\u00e9m fluxo de ar; apneia provoca obstru\u00e7\u00f5es, pausas e sono fragmentado.<\/figcaption><\/figure>\n<\/div>\n\n\n<h2 class=\"wp-block-heading\">Quais sinais aumentam a suspeita de apneia?<\/h2>\n\n\n\n<p class=\"wp-block-paragraph\">Alguns sintomas tornam mais importante procurar avalia\u00e7\u00e3o especializada:<\/p>\n\n\n\n<ul class=\"wp-block-list\">\n<li><strong>Pausas respirat\u00f3rias durante o sono:<\/strong> geralmente percebidas pelo parceiro ou por algu\u00e9m da fam\u00edlia.<\/li>\n\n\n\n<li><strong>Engasgos ou sensa\u00e7\u00e3o de sufocamento:<\/strong> podem fazer a pessoa despertar repetidamente durante a noite.<\/li>\n\n\n\n<li><strong>Ronco alto e irregular:<\/strong> especialmente quando alterna com per\u00edodos de sil\u00eancio e retomadas abruptas da respira\u00e7\u00e3o.<\/li>\n\n\n\n<li><strong>Sonol\u00eancia durante o dia:<\/strong> pode surgir mesmo ap\u00f3s v\u00e1rias horas de sono.<\/li>\n\n\n\n<li><strong>Dor de cabe\u00e7a ao acordar:<\/strong> pode acompanhar noites com respira\u00e7\u00e3o inadequada.<\/li>\n\n\n\n<li><strong>Dificuldade de mem\u00f3ria e concentra\u00e7\u00e3o:<\/strong> pode estar relacionada \u00e0 fragmenta\u00e7\u00e3o frequente do descanso.<\/li>\n\n\n\n<li><strong>Press\u00e3o alta:<\/strong> especialmente quando \u00e9 dif\u00edcil de controlar, pode aumentar a suspeita de apneia associada.<\/li>\n<\/ul>\n\n\n\n<h2 class=\"wp-block-heading\">Estudo refor\u00e7a a rela\u00e7\u00e3o entre apneia e risco cardiovascular<\/h2>\n\n\n\n<p class=\"wp-block-paragraph\">As consequ\u00eancias da apneia v\u00e3o al\u00e9m do ronco. Segundo a revis\u00e3o sistem\u00e1tica e metan\u00e1lise <a href=\"https:\/\/pubmed.ncbi.nlm.nih.gov\/41303825\/\" target=\"_blank\" rel=\"noreferrer noopener\">Association Between Obstructive Sleep Apnea and Cardiovascular Risk: A Systematic Review and Meta-Analysis of Prospective Cohort Studies<\/a>, publicada na revista cient\u00edfica <em>Medicina<\/em>, a apneia obstrutiva do sono esteve associada a maior risco cardiovascular, e esse risco aumentou conforme a gravidade da doen\u00e7a.<\/p>\n\n\n\n<p class=\"wp-block-paragraph\">Uma revis\u00e3o mais recente tamb\u00e9m descreve a apneia como uma condi\u00e7\u00e3o marcada por obstru\u00e7\u00f5es recorrentes das vias a\u00e9reas, hip\u00f3xia intermitente, fragmenta\u00e7\u00e3o do sono e maior ativa\u00e7\u00e3o do sistema nervoso, mecanismos ligados a hipertens\u00e3o, arritmias, doen\u00e7a coronariana e insufici\u00eancia card\u00edaca. Pesquisas tamb\u00e9m v\u00eam relacionando a apneia a altera\u00e7\u00f5es de mem\u00f3ria e decl\u00ednio cognitivo.<\/p>\n\n\n<div class=\"wp-block-image\">\n<figure class=\"aligncenter size-large\"><img decoding=\"async\" width=\"1024\" height=\"571\" src=\"https:\/\/www.tuasaude.com\/news\/wp-content\/uploads\/2026\/09\/Man_sleeping_with_anatomical_airway_202609041459-1024x571.jpg\" alt=\"Pausas respirat\u00f3rias, engasgos e cansa\u00e7o diurno tornam o ronco mais preocupante.\" class=\"wp-image-108099\" srcset=\"https:\/\/www.tuasaude.com\/news\/wp-content\/uploads\/2026\/09\/Man_sleeping_with_anatomical_airway_202609041459-1024x571.jpg 1024w, https:\/\/www.tuasaude.com\/news\/wp-content\/uploads\/2026\/09\/Man_sleeping_with_anatomical_airway_202609041459-300x167.jpg 300w, https:\/\/www.tuasaude.com\/news\/wp-content\/uploads\/2026\/09\/Man_sleeping_with_anatomical_airway_202609041459-768x428.jpg 768w, https:\/\/www.tuasaude.com\/news\/wp-content\/uploads\/2026\/09\/Man_sleeping_with_anatomical_airway_202609041459-750x418.jpg 750w, https:\/\/www.tuasaude.com\/news\/wp-content\/uploads\/2026\/09\/Man_sleeping_with_anatomical_airway_202609041459-1140x636.jpg 1140w, https:\/\/www.tuasaude.com\/news\/wp-content\/uploads\/2026\/09\/Man_sleeping_with_anatomical_airway_202609041459.jpg 1280w\" sizes=\"(max-width: 1024px) 100vw, 1024px\" \/><figcaption class=\"wp-element-caption\">Pausas respirat\u00f3rias, engasgos e cansa\u00e7o diurno tornam o ronco mais preocupante.<\/figcaption><\/figure>\n<\/div>\n\n\n<h2 class=\"wp-block-heading\">Quando o ronco precisa ser investigado?<\/h2>\n\n\n\n<p class=\"wp-block-paragraph\">Nem todo ronco exige tratamento para apneia, mas alguns sinais n\u00e3o devem ser ignorados:<\/p>\n\n\n\n<ul class=\"wp-block-list\">\n<li>ronco muito alto na maioria das noites;<\/li>\n\n\n\n<li>pausas respirat\u00f3rias percebidas durante o sono;<\/li>\n\n\n\n<li>engasgos ou despertares frequentes \u00e0 noite;<\/li>\n\n\n\n<li>sono excessivo durante o dia;<\/li>\n\n\n\n<li>dificuldade para permanecer acordado ao dirigir ou trabalhar;<\/li>\n\n\n\n<li>cansa\u00e7o persistente mesmo ap\u00f3s tempo adequado de sono;<\/li>\n\n\n\n<li>problemas de mem\u00f3ria, concentra\u00e7\u00e3o ou irritabilidade frequente.<\/li>\n<\/ul>\n\n\n\n<p class=\"wp-block-paragraph\">Quando h\u00e1 suspeita de apneia, o diagn\u00f3stico pode envolver avalia\u00e7\u00e3o cl\u00ednica e exames do sono, como a polissonografia ou testes respirat\u00f3rios domiciliares em situa\u00e7\u00f5es selecionadas. Identificar o problema precocemente \u00e9 importante porque existem diferentes tratamentos, que podem incluir mudan\u00e7as de h\u00e1bitos, controle do peso, aparelhos de press\u00e3o positiva, dispositivos intraorais ou outras abordagens conforme a causa e a gravidade.<\/p>\n\n\n\n<p class=\"wp-block-paragraph\">Quem ronca e apresenta pausas respirat\u00f3rias, engasgos noturnos, sonol\u00eancia excessiva ou cansa\u00e7o persistente deve buscar orienta\u00e7\u00e3o m\u00e9dica profissional, preferencialmente com especialista em medicina do sono, pneumologista ou otorrinolaringologista.<\/p>\n\n\n\n<p class=\"wp-block-paragraph\"><em>Este conte\u00fado \u00e9 apenas informativo e n\u00e3o substitui avalia\u00e7\u00e3o, diagn\u00f3stico ou tratamento realizado por m\u00e9dico ou outro profissional de sa\u00fade qualificado.<\/em><\/p>\n","protected":false},"excerpt":{"rendered":"<p>Roncar n\u00e3o significa necessariamente ter apneia do sono. O ronco simples acontece pela vibra\u00e7\u00e3o dos tecidos das vias a\u00e9reas durante a passagem do ar, enquanto a apneia envolve epis\u00f3dios repetidos de obstru\u00e7\u00e3o parcial ou completa da respira\u00e7\u00e3o durante o sono. Pausas respirat\u00f3rias percebidas por outra pessoa, engasgos durante a noite, sono n\u00e3o reparador e sonol\u00eancia [&hellip;]<\/p>\n","protected":false},"author":11,"featured_media":108096,"comment_status":"open","ping_status":"open","sticky":false,"template":"","format":"standard","meta":{"_yoast_wpseo_focuskw":"apneia do sono","_yoast_wpseo_title":"","_yoast_wpseo_metadesc":"Ronco nem sempre significa apneia do sono. Entenda como pausas na respira\u00e7\u00e3o, engasgos, cansa\u00e7o e sonol\u00eancia durante o dia aumentam a suspeita do problema.","jnews-multi-image_gallery":[],"jnews_single_post":{"format":"standard"},"jnews_primary_category":[],"jnews_social_meta":[],"jnews_override_counter":[],"footnotes":""},"categories":[111],"tags":[1189,2245,136,116],"class_list":["post-108094","post","type-post","status-publish","format-standard","has-post-thumbnail","hentry","category-saude","tag-apneia-do-sono","tag-ronco","tag-saude","tag-sono"],"yoast_head":"<!-- This site is optimized with the Yoast SEO plugin v26.7 - https:\/\/yoast.com\/wordpress\/plugins\/seo\/ -->\n<title>Apneia do sono: o que \u00e9 e como diferenci\u00e1-la de um ronco simples para n\u00e3o retardar o tratamento - Tua Sa\u00fade<\/title>\n<meta name=\"description\" content=\"Ronco nem sempre significa apneia do sono. Entenda como pausas na respira\u00e7\u00e3o, engasgos, cansa\u00e7o e sonol\u00eancia durante o dia aumentam a suspeita do problema.\" \/>\n<meta name=\"robots\" content=\"index, follow, max-snippet:-1, max-image-preview:large, max-video-preview:-1\" \/>\n<link rel=\"canonical\" href=\"https:\/\/www.tuasaude.com\/news\/2026\/09\/05\/apneia-do-sono-o-que-e-e-como-diferencia-la-de-um-ronco-simples-para-nao-retardar-o-tratamento\/\" \/>\n<meta property=\"og:locale\" content=\"pt_BR\" \/>\n<meta property=\"og:type\" content=\"article\" \/>\n<meta property=\"og:title\" content=\"Apneia do sono: o que \u00e9 e como diferenci\u00e1-la de um ronco simples para n\u00e3o retardar o tratamento - Tua Sa\u00fade\" \/>\n<meta property=\"og:description\" content=\"Ronco nem sempre significa apneia do sono. Entenda como pausas na respira\u00e7\u00e3o, engasgos, cansa\u00e7o e sonol\u00eancia durante o dia aumentam a suspeita do problema.\" \/>\n<meta property=\"og:url\" content=\"https:\/\/www.tuasaude.com\/news\/2026\/09\/05\/apneia-do-sono-o-que-e-e-como-diferencia-la-de-um-ronco-simples-para-nao-retardar-o-tratamento\/\" \/>\n<meta property=\"og:site_name\" content=\"Tua Sa\u00fade\" \/>\n<meta property=\"article:published_time\" content=\"2026-09-05T14:05:00+00:00\" \/>\n<meta property=\"og:image\" content=\"https:\/\/www.tuasaude.com\/news\/wp-content\/uploads\/2026\/09\/Woman_sleeping_comparing_airway_\u2026_202609041459.jpg\" \/>\n\t<meta property=\"og:image:width\" content=\"1280\" \/>\n\t<meta property=\"og:image:height\" content=\"714\" \/>\n\t<meta property=\"og:image:type\" content=\"image\/jpeg\" \/>\n<meta name=\"author\" content=\"Gessika Julia Carvalho\" \/>\n<meta name=\"twitter:card\" content=\"summary_large_image\" \/>\n<meta name=\"twitter:label1\" content=\"Escrito por\" \/>\n\t<meta name=\"twitter:data1\" content=\"Gessika Julia Carvalho\" \/>\n\t<meta name=\"twitter:label2\" content=\"Est. tempo de leitura\" \/>\n\t<meta name=\"twitter:data2\" content=\"5 minutos\" \/>\n<!-- \/ Yoast SEO plugin. -->","yoast_head_json":{"title":"Apneia do sono: o que \u00e9 e como diferenci\u00e1-la de um ronco simples para n\u00e3o retardar o tratamento - Tua Sa\u00fade","description":"Ronco nem sempre significa apneia do sono. Entenda como pausas na respira\u00e7\u00e3o, engasgos, cansa\u00e7o e sonol\u00eancia durante o dia aumentam a suspeita do problema.","robots":{"index":"index","follow":"follow","max-snippet":"max-snippet:-1","max-image-preview":"max-image-preview:large","max-video-preview":"max-video-preview:-1"},"canonical":"https:\/\/www.tuasaude.com\/news\/2026\/09\/05\/apneia-do-sono-o-que-e-e-como-diferencia-la-de-um-ronco-simples-para-nao-retardar-o-tratamento\/","og_locale":"pt_BR","og_type":"article","og_title":"Apneia do sono: o que \u00e9 e como diferenci\u00e1-la de um ronco simples para n\u00e3o retardar o tratamento - Tua Sa\u00fade","og_description":"Ronco nem sempre significa apneia do sono. Entenda como pausas na respira\u00e7\u00e3o, engasgos, cansa\u00e7o e sonol\u00eancia durante o dia aumentam a suspeita do problema.","og_url":"https:\/\/www.tuasaude.com\/news\/2026\/09\/05\/apneia-do-sono-o-que-e-e-como-diferencia-la-de-um-ronco-simples-para-nao-retardar-o-tratamento\/","og_site_name":"Tua Sa\u00fade","article_published_time":"2026-09-05T14:05:00+00:00","og_image":[{"width":1280,"height":714,"url":"https:\/\/www.tuasaude.com\/news\/wp-content\/uploads\/2026\/09\/Woman_sleeping_comparing_airway_\u2026_202609041459.jpg","type":"image\/jpeg"}],"author":"Gessika Julia Carvalho","twitter_card":"summary_large_image","twitter_misc":{"Escrito por":"Gessika Julia Carvalho","Est. tempo de leitura":"5 minutos"},"schema":{"@context":"https:\/\/schema.org","@graph":[{"@type":"Article","@id":"https:\/\/www.tuasaude.com\/news\/2026\/09\/05\/apneia-do-sono-o-que-e-e-como-diferencia-la-de-um-ronco-simples-para-nao-retardar-o-tratamento\/#article","isPartOf":{"@id":"https:\/\/www.tuasaude.com\/news\/2026\/09\/05\/apneia-do-sono-o-que-e-e-como-diferencia-la-de-um-ronco-simples-para-nao-retardar-o-tratamento\/"},"author":{"name":"Gessika Julia Carvalho","@id":"https:\/\/www.tuasaude.com\/news\/#\/schema\/person\/2e9df841be69ec84f5d20ddb8d273ac2"},"headline":"Apneia do sono: o que \u00e9 e como diferenci\u00e1-la de um ronco simples para n\u00e3o retardar o tratamento","datePublished":"2026-09-05T14:05:00+00:00","mainEntityOfPage":{"@id":"https:\/\/www.tuasaude.com\/news\/2026\/09\/05\/apneia-do-sono-o-que-e-e-como-diferencia-la-de-um-ronco-simples-para-nao-retardar-o-tratamento\/"},"wordCount":829,"commentCount":0,"image":{"@id":"https:\/\/www.tuasaude.com\/news\/2026\/09\/05\/apneia-do-sono-o-que-e-e-como-diferencia-la-de-um-ronco-simples-para-nao-retardar-o-tratamento\/#primaryimage"},"thumbnailUrl":"https:\/\/www.tuasaude.com\/news\/wp-content\/uploads\/2026\/09\/Woman_sleeping_comparing_airway_\u2026_202609041459.jpg","keywords":["apneia do sono","ronco","sa\u00fade","sono"],"articleSection":["Sa\u00fade"],"inLanguage":"pt-BR","potentialAction":[{"@type":"CommentAction","name":"Comment","target":["https:\/\/www.tuasaude.com\/news\/2026\/09\/05\/apneia-do-sono-o-que-e-e-como-diferencia-la-de-um-ronco-simples-para-nao-retardar-o-tratamento\/#respond"]}]},{"@type":"WebPage","@id":"https:\/\/www.tuasaude.com\/news\/2026\/09\/05\/apneia-do-sono-o-que-e-e-como-diferencia-la-de-um-ronco-simples-para-nao-retardar-o-tratamento\/","url":"https:\/\/www.tuasaude.com\/news\/2026\/09\/05\/apneia-do-sono-o-que-e-e-como-diferencia-la-de-um-ronco-simples-para-nao-retardar-o-tratamento\/","name":"Apneia do sono: o que \u00e9 e como diferenci\u00e1-la de um ronco simples para n\u00e3o retardar o tratamento - Tua Sa\u00fade","isPartOf":{"@id":"https:\/\/www.tuasaude.com\/news\/#website"},"primaryImageOfPage":{"@id":"https:\/\/www.tuasaude.com\/news\/2026\/09\/05\/apneia-do-sono-o-que-e-e-como-diferencia-la-de-um-ronco-simples-para-nao-retardar-o-tratamento\/#primaryimage"},"image":{"@id":"https:\/\/www.tuasaude.com\/news\/2026\/09\/05\/apneia-do-sono-o-que-e-e-como-diferencia-la-de-um-ronco-simples-para-nao-retardar-o-tratamento\/#primaryimage"},"thumbnailUrl":"https:\/\/www.tuasaude.com\/news\/wp-content\/uploads\/2026\/09\/Woman_sleeping_comparing_airway_\u2026_202609041459.jpg","datePublished":"2026-09-05T14:05:00+00:00","author":{"@id":"https:\/\/www.tuasaude.com\/news\/#\/schema\/person\/2e9df841be69ec84f5d20ddb8d273ac2"},"description":"Ronco nem sempre significa apneia do sono. Entenda como pausas na respira\u00e7\u00e3o, engasgos, cansa\u00e7o e sonol\u00eancia durante o dia aumentam a suspeita do problema.","breadcrumb":{"@id":"https:\/\/www.tuasaude.com\/news\/2026\/09\/05\/apneia-do-sono-o-que-e-e-como-diferencia-la-de-um-ronco-simples-para-nao-retardar-o-tratamento\/#breadcrumb"},"inLanguage":"pt-BR","potentialAction":[{"@type":"ReadAction","target":["https:\/\/www.tuasaude.com\/news\/2026\/09\/05\/apneia-do-sono-o-que-e-e-como-diferencia-la-de-um-ronco-simples-para-nao-retardar-o-tratamento\/"]}]},{"@type":"ImageObject","inLanguage":"pt-BR","@id":"https:\/\/www.tuasaude.com\/news\/2026\/09\/05\/apneia-do-sono-o-que-e-e-como-diferencia-la-de-um-ronco-simples-para-nao-retardar-o-tratamento\/#primaryimage","url":"https:\/\/www.tuasaude.com\/news\/wp-content\/uploads\/2026\/09\/Woman_sleeping_comparing_airway_\u2026_202609041459.jpg","contentUrl":"https:\/\/www.tuasaude.com\/news\/wp-content\/uploads\/2026\/09\/Woman_sleeping_comparing_airway_\u2026_202609041459.jpg","width":1280,"height":714,"caption":"Apneia do sono: o que \u00e9 e como diferenci\u00e1-la de um ronco simples para n\u00e3o retardar o tratamento"},{"@type":"BreadcrumbList","@id":"https:\/\/www.tuasaude.com\/news\/2026\/09\/05\/apneia-do-sono-o-que-e-e-como-diferencia-la-de-um-ronco-simples-para-nao-retardar-o-tratamento\/#breadcrumb","itemListElement":[{"@type":"ListItem","position":1,"name":"In\u00edcio","item":"https:\/\/www.tuasaude.com\/news\/"},{"@type":"ListItem","position":2,"name":"Apneia do sono: o que \u00e9 e como diferenci\u00e1-la de um ronco simples para n\u00e3o retardar o tratamento"}]},{"@type":"WebSite","@id":"https:\/\/www.tuasaude.com\/news\/#website","url":"https:\/\/www.tuasaude.com\/news\/","name":"Tua Sa\u00fade","description":"Seu site de sa\u00fade","potentialAction":[{"@type":"SearchAction","target":{"@type":"EntryPoint","urlTemplate":"https:\/\/www.tuasaude.com\/news\/?s={search_term_string}"},"query-input":{"@type":"PropertyValueSpecification","valueRequired":true,"valueName":"search_term_string"}}],"inLanguage":"pt-BR"},{"@type":"Person","@id":"https:\/\/www.tuasaude.com\/news\/#\/schema\/person\/2e9df841be69ec84f5d20ddb8d273ac2","name":"Gessika Julia Carvalho","image":{"@type":"ImageObject","inLanguage":"pt-BR","@id":"https:\/\/www.tuasaude.com\/news\/#\/schema\/person\/image\/","url":"https:\/\/secure.gravatar.com\/avatar\/0fcc8769024577fd0bc6a8b766055690f76a8e8f29dfb2a2f89cf04db8d0f2d2?s=96&d=mm&r=g","contentUrl":"https:\/\/secure.gravatar.com\/avatar\/0fcc8769024577fd0bc6a8b766055690f76a8e8f29dfb2a2f89cf04db8d0f2d2?s=96&d=mm&r=g","caption":"Gessika Julia Carvalho"},"sameAs":["https:\/\/www.tuasaude.com\/news\/"],"url":"https:\/\/www.tuasaude.com\/news\/author\/gessika-julia\/"}]}},"_links":{"self":[{"href":"https:\/\/www.tuasaude.com\/news\/wp-json\/wp\/v2\/posts\/108094","targetHints":{"allow":["GET"]}}],"collection":[{"href":"https:\/\/www.tuasaude.com\/news\/wp-json\/wp\/v2\/posts"}],"about":[{"href":"https:\/\/www.tuasaude.com\/news\/wp-json\/wp\/v2\/types\/post"}],"author":[{"embeddable":true,"href":"https:\/\/www.tuasaude.com\/news\/wp-json\/wp\/v2\/users\/11"}],"replies":[{"embeddable":true,"href":"https:\/\/www.tuasaude.com\/news\/wp-json\/wp\/v2\/comments?post=108094"}],"version-history":[{"count":2,"href":"https:\/\/www.tuasaude.com\/news\/wp-json\/wp\/v2\/posts\/108094\/revisions"}],"predecessor-version":[{"id":108100,"href":"https:\/\/www.tuasaude.com\/news\/wp-json\/wp\/v2\/posts\/108094\/revisions\/108100"}],"wp:featuredmedia":[{"embeddable":true,"href":"https:\/\/www.tuasaude.com\/news\/wp-json\/wp\/v2\/media\/108096"}],"wp:attachment":[{"href":"https:\/\/www.tuasaude.com\/news\/wp-json\/wp\/v2\/media?parent=108094"}],"wp:term":[{"taxonomy":"category","embeddable":true,"href":"https:\/\/www.tuasaude.com\/news\/wp-json\/wp\/v2\/categories?post=108094"},{"taxonomy":"post_tag","embeddable":true,"href":"https:\/\/www.tuasaude.com\/news\/wp-json\/wp\/v2\/tags?post=108094"}],"curies":[{"name":"wp","href":"https:\/\/api.w.org\/{rel}","templated":true}]}}