{"id":108062,"date":"2026-09-05T07:00:00","date_gmt":"2026-09-05T10:00:00","guid":{"rendered":"https:\/\/www.tuasaude.com\/news\/?p=108062"},"modified":"2026-09-04T14:25:51","modified_gmt":"2026-09-04T17:25:51","slug":"o-que-provoca-o-cansaco-logo-ao-acordar-e-5-formas-de-recuperar-a-disposicao-pela-manha","status":"publish","type":"post","link":"https:\/\/www.tuasaude.com\/news\/2026\/09\/05\/o-que-provoca-o-cansaco-logo-ao-acordar-e-5-formas-de-recuperar-a-disposicao-pela-manha\/","title":{"rendered":"O que provoca o cansa\u00e7o logo ao acordar? E 5 formas de recuperar a disposi\u00e7\u00e3o pela manh\u00e3"},"content":{"rendered":"\n<p class=\"wp-block-paragraph\">Acordar cansado mesmo depois de passar v\u00e1rias horas na cama pode acontecer por motivos diferentes, desde a chamada in\u00e9rcia do sono at\u00e9 noites fragmentadas, apneia, desidrata\u00e7\u00e3o e hor\u00e1rios desalinhados com o rel\u00f3gio biol\u00f3gico. Em muitos casos, a sensa\u00e7\u00e3o melhora com ajustes simples na rotina, como receber luz natural pela manh\u00e3, manter hor\u00e1rios regulares e usar a cafe\u00edna de forma estrat\u00e9gica. Quando o cansa\u00e7o \u00e9 persistente, por\u00e9m, \u00e9 importante investigar a qualidade real do sono e poss\u00edveis problemas de sa\u00fade.<\/p>\n\n\n\n<h2 class=\"wp-block-heading\">Por que algumas pessoas acordam cansadas mesmo dormindo bastante?<\/h2>\n\n\n\n<p class=\"wp-block-paragraph\">Uma explica\u00e7\u00e3o comum \u00e9 a <strong>in\u00e9rcia do sono<\/strong>, per\u00edodo de sonol\u00eancia, lentid\u00e3o mental e dificuldade de concentra\u00e7\u00e3o que ocorre logo ap\u00f3s despertar. Ela tende a ser mais intensa quando a pessoa acorda durante fases profundas do sono, est\u00e1 privada de descanso ou desperta em um hor\u00e1rio desfavor\u00e1vel do ciclo circadiano.<\/p>\n\n\n\n<p class=\"wp-block-paragraph\">Tamb\u00e9m \u00e9 poss\u00edvel permanecer muitas horas na cama e ainda assim ter sono pouco reparador. Despertares frequentes, ru\u00eddos, estresse, consumo tardio de cafe\u00edna e uso de telas podem prejudicar a continuidade do descanso. Manter uma boa <a href=\"https:\/\/www.tuasaude.com\/higiene-do-sono\/\" target=\"_blank\" rel=\"noreferrer noopener\">higiene do sono<\/a> ajuda a melhorar tanto a dura\u00e7\u00e3o quanto a qualidade da noite.<\/p>\n\n\n\n<h2 class=\"wp-block-heading\">Apneia leve tamb\u00e9m pode causar cansa\u00e7o pela manh\u00e3?<\/h2>\n\n\n\n<p class=\"wp-block-paragraph\">Sim. Mesmo formas menos intensas de apneia obstrutiva do sono podem provocar interrup\u00e7\u00f5es repetidas da respira\u00e7\u00e3o e pequenos despertares que a pessoa nem sempre percebe. O resultado pode ser cansa\u00e7o ao acordar, sonol\u00eancia durante o dia, dificuldade de concentra\u00e7\u00e3o e sensa\u00e7\u00e3o de que o sono n\u00e3o foi suficiente.<\/p>\n\n\n\n<p class=\"wp-block-paragraph\">Ronco frequente, engasgos \u00e0 noite, pausas respirat\u00f3rias observadas por outra pessoa e sono n\u00e3o reparador refor\u00e7am a necessidade de avalia\u00e7\u00e3o. Entidades ligadas \u00e0 Associa\u00e7\u00e3o Brasileira do Sono incluem justamente o <strong>cansa\u00e7o ao acordar<\/strong> e a sonol\u00eancia diurna entre os sintomas da <a href=\"https:\/\/www.tuasaude.com\/apneia-do-sono\/\" target=\"_blank\" rel=\"noreferrer noopener\">apneia do sono<\/a>.<\/p>\n\n\n<div class=\"wp-block-image\">\n<figure class=\"aligncenter size-large\"><img decoding=\"async\" width=\"1024\" height=\"571\" src=\"https:\/\/www.tuasaude.com\/news\/wp-content\/uploads\/2026\/09\/Infographic_explaining_morning_f\u2026_202609041424-1024x571.jpg\" alt=\"Luz, hidrata\u00e7\u00e3o, hor\u00e1rios regulares e menos est\u00edmulos favorecem manh\u00e3s mais dispostas.\" class=\"wp-image-108065\" srcset=\"https:\/\/www.tuasaude.com\/news\/wp-content\/uploads\/2026\/09\/Infographic_explaining_morning_f\u2026_202609041424-1024x571.jpg 1024w, https:\/\/www.tuasaude.com\/news\/wp-content\/uploads\/2026\/09\/Infographic_explaining_morning_f\u2026_202609041424-300x167.jpg 300w, https:\/\/www.tuasaude.com\/news\/wp-content\/uploads\/2026\/09\/Infographic_explaining_morning_f\u2026_202609041424-768x428.jpg 768w, https:\/\/www.tuasaude.com\/news\/wp-content\/uploads\/2026\/09\/Infographic_explaining_morning_f\u2026_202609041424-750x418.jpg 750w, https:\/\/www.tuasaude.com\/news\/wp-content\/uploads\/2026\/09\/Infographic_explaining_morning_f\u2026_202609041424-1140x636.jpg 1140w, https:\/\/www.tuasaude.com\/news\/wp-content\/uploads\/2026\/09\/Infographic_explaining_morning_f\u2026_202609041424.jpg 1280w\" sizes=\"(max-width: 1024px) 100vw, 1024px\" \/><figcaption class=\"wp-element-caption\">Luz, hidrata\u00e7\u00e3o, hor\u00e1rios regulares e menos est\u00edmulos favorecem manh\u00e3s mais dispostas.<\/figcaption><\/figure>\n<\/div>\n\n\n<h2 class=\"wp-block-heading\">Quais h\u00e1bitos podem aumentar o cansa\u00e7o ao despertar?<\/h2>\n\n\n\n<p class=\"wp-block-paragraph\">Alguns fatores cotidianos podem deixar o despertar mais dif\u00edcil mesmo quando n\u00e3o existe uma doen\u00e7a do sono:<\/p>\n\n\n\n<ul class=\"wp-block-list\">\n<li><strong>Dormir e acordar em hor\u00e1rios muito diferentes:<\/strong> pode desalinhar o ciclo circadiano e dificultar o estado de alerta pela manh\u00e3.<\/li>\n\n\n\n<li><strong>Usar o celular na cama:<\/strong> a luz e a estimula\u00e7\u00e3o mental podem atrasar o in\u00edcio do sono e reduzir sua qualidade.<\/li>\n\n\n\n<li><strong>Beber pouca \u00e1gua:<\/strong> uma hidrata\u00e7\u00e3o inadequada pode contribuir para sensa\u00e7\u00e3o de indisposi\u00e7\u00e3o e dor de cabe\u00e7a ao levantar.<\/li>\n\n\n\n<li><strong>Consumir cafe\u00edna tarde demais:<\/strong> pode prolongar a vig\u00edlia e prejudicar o sono noturno, mesmo que a pessoa consiga adormecer.<\/li>\n\n\n\n<li><strong>Ter sono fragmentado:<\/strong> ronco, desconforto, ansiedade, \u00e1lcool e outros fatores podem reduzir a continuidade do descanso.<\/li>\n<\/ul>\n\n\n\n<h2 class=\"wp-block-heading\">Estudo ajuda a explicar a lentid\u00e3o logo depois de acordar<\/h2>\n\n\n\n<p class=\"wp-block-paragraph\">A dificuldade de \u201cpegar no ritmo\u201d ao despertar \u00e9 um fen\u00f4meno estudado pela ci\u00eancia. Segundo a revis\u00e3o <a href=\"https:\/\/pubmed.ncbi.nlm.nih.gov\/38394921\/\" target=\"_blank\" rel=\"noreferrer noopener\">From physiological awakening to pathological sleep inertia: Neurophysiological and behavioural characteristics of the sleep-to-wake transition<\/a>, publicada na revista <em>Neurophysiologie Clinique<\/em>, a in\u00e9rcia do sono corresponde a um estado tempor\u00e1rio de baixa ativa\u00e7\u00e3o cerebral, no qual algumas regi\u00f5es ainda apresentam caracter\u00edsticas semelhantes \u00e0s do sono ap\u00f3s o despertar.<\/p>\n\n\n\n<p class=\"wp-block-paragraph\">Os autores destacam que sua intensidade pode variar conforme a fase do sono no momento em que a pessoa acorda, a necessidade acumulada de descanso e o ritmo circadiano. Isso explica por que algumas manh\u00e3s come\u00e7am com poucos minutos de sonol\u00eancia, enquanto outras trazem sensa\u00e7\u00e3o de lentid\u00e3o e dificuldade mental mais pronunciadas.<\/p>\n\n\n<div class=\"wp-block-image\">\n<figure class=\"aligncenter size-large\"><img decoding=\"async\" width=\"1024\" height=\"571\" src=\"https:\/\/www.tuasaude.com\/news\/wp-content\/uploads\/2026\/09\/Woman_rubbing_temple_on_bed_202609041424-1024x571.jpg\" alt=\"Sono fragmentado e hor\u00e1rios irregulares podem manter a fadiga pela manh\u00e3.\" class=\"wp-image-108066\" srcset=\"https:\/\/www.tuasaude.com\/news\/wp-content\/uploads\/2026\/09\/Woman_rubbing_temple_on_bed_202609041424-1024x571.jpg 1024w, https:\/\/www.tuasaude.com\/news\/wp-content\/uploads\/2026\/09\/Woman_rubbing_temple_on_bed_202609041424-300x167.jpg 300w, https:\/\/www.tuasaude.com\/news\/wp-content\/uploads\/2026\/09\/Woman_rubbing_temple_on_bed_202609041424-768x428.jpg 768w, https:\/\/www.tuasaude.com\/news\/wp-content\/uploads\/2026\/09\/Woman_rubbing_temple_on_bed_202609041424-750x418.jpg 750w, https:\/\/www.tuasaude.com\/news\/wp-content\/uploads\/2026\/09\/Woman_rubbing_temple_on_bed_202609041424-1140x636.jpg 1140w, https:\/\/www.tuasaude.com\/news\/wp-content\/uploads\/2026\/09\/Woman_rubbing_temple_on_bed_202609041424.jpg 1280w\" sizes=\"(max-width: 1024px) 100vw, 1024px\" \/><figcaption class=\"wp-element-caption\">Sono fragmentado e hor\u00e1rios irregulares podem manter a fadiga pela manh\u00e3.<\/figcaption><\/figure>\n<\/div>\n\n\n<h2 class=\"wp-block-heading\">5 formas de recuperar a disposi\u00e7\u00e3o pela manh\u00e3<\/h2>\n\n\n\n<p class=\"wp-block-paragraph\">Algumas medidas simples ajudam a sincronizar o organismo e favorecer um despertar mais ativo:<\/p>\n\n\n\n<ul class=\"wp-block-list\">\n<li><strong>1. Receba luz natural logo cedo:<\/strong> abrir as cortinas ou passar alguns minutos em ambiente externo ajuda a sinalizar ao c\u00e9rebro que o per\u00edodo de vig\u00edlia come\u00e7ou. Diretrizes da Associa\u00e7\u00e3o Brasileira do Sono recomendam exposi\u00e7\u00e3o \u00e0 luz solar pela manh\u00e3.<\/li>\n\n\n\n<li><strong>2. Hidrate-se:<\/strong> beber \u00e1gua ao acordar ajuda a repor os l\u00edquidos perdidos durante a noite.<\/li>\n\n\n\n<li><strong>3. Mantenha hor\u00e1rios regulares:<\/strong> dormir e levantar aproximadamente nos mesmos hor\u00e1rios, inclusive nos fins de semana, favorece o alinhamento do rel\u00f3gio biol\u00f3gico.<\/li>\n\n\n\n<li><strong>4. Evite celular na cama:<\/strong> reduzir telas antes de dormir diminui est\u00edmulos que podem atrasar o sono e interferir na melatonina.<\/li>\n\n\n\n<li><strong>5. Use o caf\u00e9 de forma estrat\u00e9gica:<\/strong> a cafe\u00edna pode aumentar o estado de alerta ap\u00f3s acordar, mas deve ser evitada nas horas que antecedem o sono para n\u00e3o perpetuar o ciclo de noites ruins.<\/li>\n<\/ul>\n\n\n\n<p class=\"wp-block-paragraph\">Se o cansa\u00e7o ao acordar persiste por semanas, vem acompanhado de ronco alto, pausas respirat\u00f3rias, dor de cabe\u00e7a matinal ou sono excessivo durante o dia, \u00e9 recomendado buscar orienta\u00e7\u00e3o m\u00e9dica profissional para investigar dist\u00farbios do sono e outras poss\u00edveis causas.<\/p>\n\n\n\n<p class=\"wp-block-paragraph\"><em>Este conte\u00fado \u00e9 apenas informativo e n\u00e3o substitui avalia\u00e7\u00e3o, diagn\u00f3stico ou tratamento realizado por m\u00e9dico ou outro profissional de sa\u00fade qualificado.<\/em><\/p>\n","protected":false},"excerpt":{"rendered":"<p>Acordar cansado mesmo depois de passar v\u00e1rias horas na cama pode acontecer por motivos diferentes, desde a chamada in\u00e9rcia do sono at\u00e9 noites fragmentadas, apneia, desidrata\u00e7\u00e3o e hor\u00e1rios desalinhados com o rel\u00f3gio biol\u00f3gico. Em muitos casos, a sensa\u00e7\u00e3o melhora com ajustes simples na rotina, como receber luz natural pela manh\u00e3, manter hor\u00e1rios regulares e usar [&hellip;]<\/p>\n","protected":false},"author":11,"featured_media":108064,"comment_status":"open","ping_status":"open","sticky":false,"template":"","format":"standard","meta":{"_yoast_wpseo_focuskw":"cansa\u00e7o","_yoast_wpseo_title":"","_yoast_wpseo_metadesc":"Cansa\u00e7o ao acordar pode ter rela\u00e7\u00e3o com in\u00e9rcia do sono, apneia e h\u00e1bitos da rotina. Entenda as poss\u00edveis causas e 5 formas de recuperar a disposi\u00e7\u00e3o pela manh\u00e3.","jnews-multi-image_gallery":[],"jnews_single_post":{"format":"standard"},"jnews_primary_category":[],"jnews_social_meta":[],"jnews_override_counter":[],"footnotes":""},"categories":[111],"tags":[193,1789,190,136],"class_list":["post-108062","post","type-post","status-publish","format-standard","has-post-thumbnail","hentry","category-saude","tag-cansaco","tag-disposicao","tag-fadiga","tag-saude"],"yoast_head":"<!-- This site is optimized with the Yoast SEO plugin v26.7 - https:\/\/yoast.com\/wordpress\/plugins\/seo\/ -->\n<title>O que provoca o cansa\u00e7o logo ao acordar? E 5 formas de recuperar a disposi\u00e7\u00e3o pela manh\u00e3 - Tua Sa\u00fade<\/title>\n<meta name=\"description\" content=\"Cansa\u00e7o ao acordar pode ter rela\u00e7\u00e3o com in\u00e9rcia do sono, apneia e h\u00e1bitos da rotina. Entenda as poss\u00edveis causas e 5 formas de recuperar a disposi\u00e7\u00e3o pela manh\u00e3.\" \/>\n<meta name=\"robots\" content=\"index, follow, max-snippet:-1, max-image-preview:large, max-video-preview:-1\" \/>\n<link rel=\"canonical\" href=\"https:\/\/www.tuasaude.com\/news\/2026\/09\/05\/o-que-provoca-o-cansaco-logo-ao-acordar-e-5-formas-de-recuperar-a-disposicao-pela-manha\/\" \/>\n<meta property=\"og:locale\" content=\"pt_BR\" \/>\n<meta property=\"og:type\" content=\"article\" \/>\n<meta property=\"og:title\" content=\"O que provoca o cansa\u00e7o logo ao acordar? E 5 formas de recuperar a disposi\u00e7\u00e3o pela manh\u00e3 - Tua Sa\u00fade\" \/>\n<meta property=\"og:description\" content=\"Cansa\u00e7o ao acordar pode ter rela\u00e7\u00e3o com in\u00e9rcia do sono, apneia e h\u00e1bitos da rotina. Entenda as poss\u00edveis causas e 5 formas de recuperar a disposi\u00e7\u00e3o pela manh\u00e3.\" \/>\n<meta property=\"og:url\" content=\"https:\/\/www.tuasaude.com\/news\/2026\/09\/05\/o-que-provoca-o-cansaco-logo-ao-acordar-e-5-formas-de-recuperar-a-disposicao-pela-manha\/\" \/>\n<meta property=\"og:site_name\" content=\"Tua Sa\u00fade\" \/>\n<meta property=\"article:published_time\" content=\"2026-09-05T10:00:00+00:00\" \/>\n<meta property=\"og:image\" content=\"https:\/\/www.tuasaude.com\/news\/wp-content\/uploads\/2026\/09\/Man_transitioning_from_sleep_to_202609041424.jpg\" \/>\n\t<meta property=\"og:image:width\" content=\"1280\" \/>\n\t<meta property=\"og:image:height\" content=\"714\" \/>\n\t<meta property=\"og:image:type\" content=\"image\/jpeg\" \/>\n<meta name=\"author\" content=\"Gessika Julia Carvalho\" \/>\n<meta name=\"twitter:card\" content=\"summary_large_image\" \/>\n<meta name=\"twitter:label1\" content=\"Escrito por\" \/>\n\t<meta name=\"twitter:data1\" content=\"Gessika Julia Carvalho\" \/>\n\t<meta name=\"twitter:label2\" content=\"Est. tempo de leitura\" \/>\n\t<meta name=\"twitter:data2\" content=\"5 minutos\" \/>\n<!-- \/ Yoast SEO plugin. -->","yoast_head_json":{"title":"O que provoca o cansa\u00e7o logo ao acordar? E 5 formas de recuperar a disposi\u00e7\u00e3o pela manh\u00e3 - Tua Sa\u00fade","description":"Cansa\u00e7o ao acordar pode ter rela\u00e7\u00e3o com in\u00e9rcia do sono, apneia e h\u00e1bitos da rotina. Entenda as poss\u00edveis causas e 5 formas de recuperar a disposi\u00e7\u00e3o pela manh\u00e3.","robots":{"index":"index","follow":"follow","max-snippet":"max-snippet:-1","max-image-preview":"max-image-preview:large","max-video-preview":"max-video-preview:-1"},"canonical":"https:\/\/www.tuasaude.com\/news\/2026\/09\/05\/o-que-provoca-o-cansaco-logo-ao-acordar-e-5-formas-de-recuperar-a-disposicao-pela-manha\/","og_locale":"pt_BR","og_type":"article","og_title":"O que provoca o cansa\u00e7o logo ao acordar? E 5 formas de recuperar a disposi\u00e7\u00e3o pela manh\u00e3 - Tua Sa\u00fade","og_description":"Cansa\u00e7o ao acordar pode ter rela\u00e7\u00e3o com in\u00e9rcia do sono, apneia e h\u00e1bitos da rotina. Entenda as poss\u00edveis causas e 5 formas de recuperar a disposi\u00e7\u00e3o pela manh\u00e3.","og_url":"https:\/\/www.tuasaude.com\/news\/2026\/09\/05\/o-que-provoca-o-cansaco-logo-ao-acordar-e-5-formas-de-recuperar-a-disposicao-pela-manha\/","og_site_name":"Tua Sa\u00fade","article_published_time":"2026-09-05T10:00:00+00:00","og_image":[{"width":1280,"height":714,"url":"https:\/\/www.tuasaude.com\/news\/wp-content\/uploads\/2026\/09\/Man_transitioning_from_sleep_to_202609041424.jpg","type":"image\/jpeg"}],"author":"Gessika Julia Carvalho","twitter_card":"summary_large_image","twitter_misc":{"Escrito por":"Gessika Julia Carvalho","Est. tempo de leitura":"5 minutos"},"schema":{"@context":"https:\/\/schema.org","@graph":[{"@type":"Article","@id":"https:\/\/www.tuasaude.com\/news\/2026\/09\/05\/o-que-provoca-o-cansaco-logo-ao-acordar-e-5-formas-de-recuperar-a-disposicao-pela-manha\/#article","isPartOf":{"@id":"https:\/\/www.tuasaude.com\/news\/2026\/09\/05\/o-que-provoca-o-cansaco-logo-ao-acordar-e-5-formas-de-recuperar-a-disposicao-pela-manha\/"},"author":{"name":"Gessika Julia Carvalho","@id":"https:\/\/www.tuasaude.com\/news\/#\/schema\/person\/2e9df841be69ec84f5d20ddb8d273ac2"},"headline":"O que provoca o cansa\u00e7o logo ao acordar? E 5 formas de recuperar a disposi\u00e7\u00e3o pela manh\u00e3","datePublished":"2026-09-05T10:00:00+00:00","mainEntityOfPage":{"@id":"https:\/\/www.tuasaude.com\/news\/2026\/09\/05\/o-que-provoca-o-cansaco-logo-ao-acordar-e-5-formas-de-recuperar-a-disposicao-pela-manha\/"},"wordCount":881,"commentCount":0,"image":{"@id":"https:\/\/www.tuasaude.com\/news\/2026\/09\/05\/o-que-provoca-o-cansaco-logo-ao-acordar-e-5-formas-de-recuperar-a-disposicao-pela-manha\/#primaryimage"},"thumbnailUrl":"https:\/\/www.tuasaude.com\/news\/wp-content\/uploads\/2026\/09\/Man_transitioning_from_sleep_to_202609041424.jpg","keywords":["cansa\u00e7o","disposi\u00e7\u00e3o","fadiga","sa\u00fade"],"articleSection":["Sa\u00fade"],"inLanguage":"pt-BR","potentialAction":[{"@type":"CommentAction","name":"Comment","target":["https:\/\/www.tuasaude.com\/news\/2026\/09\/05\/o-que-provoca-o-cansaco-logo-ao-acordar-e-5-formas-de-recuperar-a-disposicao-pela-manha\/#respond"]}]},{"@type":"WebPage","@id":"https:\/\/www.tuasaude.com\/news\/2026\/09\/05\/o-que-provoca-o-cansaco-logo-ao-acordar-e-5-formas-de-recuperar-a-disposicao-pela-manha\/","url":"https:\/\/www.tuasaude.com\/news\/2026\/09\/05\/o-que-provoca-o-cansaco-logo-ao-acordar-e-5-formas-de-recuperar-a-disposicao-pela-manha\/","name":"O que provoca o cansa\u00e7o logo ao acordar? E 5 formas de recuperar a disposi\u00e7\u00e3o pela manh\u00e3 - Tua Sa\u00fade","isPartOf":{"@id":"https:\/\/www.tuasaude.com\/news\/#website"},"primaryImageOfPage":{"@id":"https:\/\/www.tuasaude.com\/news\/2026\/09\/05\/o-que-provoca-o-cansaco-logo-ao-acordar-e-5-formas-de-recuperar-a-disposicao-pela-manha\/#primaryimage"},"image":{"@id":"https:\/\/www.tuasaude.com\/news\/2026\/09\/05\/o-que-provoca-o-cansaco-logo-ao-acordar-e-5-formas-de-recuperar-a-disposicao-pela-manha\/#primaryimage"},"thumbnailUrl":"https:\/\/www.tuasaude.com\/news\/wp-content\/uploads\/2026\/09\/Man_transitioning_from_sleep_to_202609041424.jpg","datePublished":"2026-09-05T10:00:00+00:00","author":{"@id":"https:\/\/www.tuasaude.com\/news\/#\/schema\/person\/2e9df841be69ec84f5d20ddb8d273ac2"},"description":"Cansa\u00e7o ao acordar pode ter rela\u00e7\u00e3o com in\u00e9rcia do sono, apneia e h\u00e1bitos da rotina. Entenda as poss\u00edveis causas e 5 formas de recuperar a disposi\u00e7\u00e3o pela manh\u00e3.","breadcrumb":{"@id":"https:\/\/www.tuasaude.com\/news\/2026\/09\/05\/o-que-provoca-o-cansaco-logo-ao-acordar-e-5-formas-de-recuperar-a-disposicao-pela-manha\/#breadcrumb"},"inLanguage":"pt-BR","potentialAction":[{"@type":"ReadAction","target":["https:\/\/www.tuasaude.com\/news\/2026\/09\/05\/o-que-provoca-o-cansaco-logo-ao-acordar-e-5-formas-de-recuperar-a-disposicao-pela-manha\/"]}]},{"@type":"ImageObject","inLanguage":"pt-BR","@id":"https:\/\/www.tuasaude.com\/news\/2026\/09\/05\/o-que-provoca-o-cansaco-logo-ao-acordar-e-5-formas-de-recuperar-a-disposicao-pela-manha\/#primaryimage","url":"https:\/\/www.tuasaude.com\/news\/wp-content\/uploads\/2026\/09\/Man_transitioning_from_sleep_to_202609041424.jpg","contentUrl":"https:\/\/www.tuasaude.com\/news\/wp-content\/uploads\/2026\/09\/Man_transitioning_from_sleep_to_202609041424.jpg","width":1280,"height":714,"caption":"O que provoca o cansa\u00e7o logo ao acordar? E 5 formas de recuperar a disposi\u00e7\u00e3o pela manh\u00e3"},{"@type":"BreadcrumbList","@id":"https:\/\/www.tuasaude.com\/news\/2026\/09\/05\/o-que-provoca-o-cansaco-logo-ao-acordar-e-5-formas-de-recuperar-a-disposicao-pela-manha\/#breadcrumb","itemListElement":[{"@type":"ListItem","position":1,"name":"In\u00edcio","item":"https:\/\/www.tuasaude.com\/news\/"},{"@type":"ListItem","position":2,"name":"O que provoca o cansa\u00e7o logo ao acordar? E 5 formas de recuperar a disposi\u00e7\u00e3o pela manh\u00e3"}]},{"@type":"WebSite","@id":"https:\/\/www.tuasaude.com\/news\/#website","url":"https:\/\/www.tuasaude.com\/news\/","name":"Tua Sa\u00fade","description":"Seu site de sa\u00fade","potentialAction":[{"@type":"SearchAction","target":{"@type":"EntryPoint","urlTemplate":"https:\/\/www.tuasaude.com\/news\/?s={search_term_string}"},"query-input":{"@type":"PropertyValueSpecification","valueRequired":true,"valueName":"search_term_string"}}],"inLanguage":"pt-BR"},{"@type":"Person","@id":"https:\/\/www.tuasaude.com\/news\/#\/schema\/person\/2e9df841be69ec84f5d20ddb8d273ac2","name":"Gessika Julia Carvalho","image":{"@type":"ImageObject","inLanguage":"pt-BR","@id":"https:\/\/www.tuasaude.com\/news\/#\/schema\/person\/image\/","url":"https:\/\/secure.gravatar.com\/avatar\/0fcc8769024577fd0bc6a8b766055690f76a8e8f29dfb2a2f89cf04db8d0f2d2?s=96&d=mm&r=g","contentUrl":"https:\/\/secure.gravatar.com\/avatar\/0fcc8769024577fd0bc6a8b766055690f76a8e8f29dfb2a2f89cf04db8d0f2d2?s=96&d=mm&r=g","caption":"Gessika Julia Carvalho"},"sameAs":["https:\/\/www.tuasaude.com\/news\/"],"url":"https:\/\/www.tuasaude.com\/news\/author\/gessika-julia\/"}]}},"_links":{"self":[{"href":"https:\/\/www.tuasaude.com\/news\/wp-json\/wp\/v2\/posts\/108062","targetHints":{"allow":["GET"]}}],"collection":[{"href":"https:\/\/www.tuasaude.com\/news\/wp-json\/wp\/v2\/posts"}],"about":[{"href":"https:\/\/www.tuasaude.com\/news\/wp-json\/wp\/v2\/types\/post"}],"author":[{"embeddable":true,"href":"https:\/\/www.tuasaude.com\/news\/wp-json\/wp\/v2\/users\/11"}],"replies":[{"embeddable":true,"href":"https:\/\/www.tuasaude.com\/news\/wp-json\/wp\/v2\/comments?post=108062"}],"version-history":[{"count":1,"href":"https:\/\/www.tuasaude.com\/news\/wp-json\/wp\/v2\/posts\/108062\/revisions"}],"predecessor-version":[{"id":108067,"href":"https:\/\/www.tuasaude.com\/news\/wp-json\/wp\/v2\/posts\/108062\/revisions\/108067"}],"wp:featuredmedia":[{"embeddable":true,"href":"https:\/\/www.tuasaude.com\/news\/wp-json\/wp\/v2\/media\/108064"}],"wp:attachment":[{"href":"https:\/\/www.tuasaude.com\/news\/wp-json\/wp\/v2\/media?parent=108062"}],"wp:term":[{"taxonomy":"category","embeddable":true,"href":"https:\/\/www.tuasaude.com\/news\/wp-json\/wp\/v2\/categories?post=108062"},{"taxonomy":"post_tag","embeddable":true,"href":"https:\/\/www.tuasaude.com\/news\/wp-json\/wp\/v2\/tags?post=108062"}],"curies":[{"name":"wp","href":"https:\/\/api.w.org\/{rel}","templated":true}]}}