{"id":107869,"date":"2026-09-04T20:45:00","date_gmt":"2026-09-04T23:45:00","guid":{"rendered":"https:\/\/www.tuasaude.com\/news\/?p=107869"},"modified":"2026-09-04T00:30:00","modified_gmt":"2026-09-04T03:30:00","slug":"unhas-ganham-linhas-verticais-depois-dos-50-quando-e-da-idade-e-quando-investigar","status":"publish","type":"post","link":"https:\/\/www.tuasaude.com\/news\/2026\/09\/04\/unhas-ganham-linhas-verticais-depois-dos-50-quando-e-da-idade-e-quando-investigar\/","title":{"rendered":"Unhas ganham linhas verticais depois dos 50: quando \u00e9 da idade e quando investigar"},"content":{"rendered":"\n<p class=\"wp-block-paragraph\">As <strong>linhas nas unhas<\/strong> que seguem da base at\u00e9 a ponta ficam mais comuns com o envelhecimento e, muitas vezes, representam apenas uma mudan\u00e7a natural. Depois dos 50 anos, o crescimento das unhas tende a ficar mais lento e a superf\u00edcie pode perder parte da uniformidade, mas altera\u00e7\u00f5es novas, intensas ou acompanhadas de outros sinais merecem aten\u00e7\u00e3o.<\/p>\n\n\n\n<h2 class=\"wp-block-heading\">Por que surgem linhas verticais com a idade<\/h2>\n\n\n\n<p class=\"wp-block-paragraph\">Com o passar dos anos, mudan\u00e7as na forma\u00e7\u00e3o e no crescimento da unha podem deix\u00e1-la mais seca, fina ou com pequenas eleva\u00e7\u00f5es longitudinais. Quando essas linhas aparecem gradualmente, s\u00e3o semelhantes entre si e n\u00e3o causam dor, geralmente n\u00e3o indicam doen\u00e7a.<\/p>\n\n\n\n<p class=\"wp-block-paragraph\">Segundo a <a href=\"https:\/\/my.clevelandclinic.org\/health\/symptoms\/24459-ridges-in-nails\" target=\"_blank\" rel=\"noopener noreferrer\">Cleveland Clinic<\/a>, as estrias verticais s\u00e3o comuns durante o envelhecimento e podem ser inofensivas. Pele muito seca e algumas condi\u00e7\u00f5es de sa\u00fade tamb\u00e9m podem modificar a superf\u00edcie das unhas.<\/p>\n\n\n\n<h2 class=\"wp-block-heading\">Quais cuidados ajudam no aspecto das unhas<\/h2>\n\n\n<div class=\"wp-block-image wp-block-image size-large\">\n<figure class=\"aligncenter\"><img decoding=\"async\" width=\"1280\" height=\"714\" src=\"https:\/\/www.tuasaude.com\/news\/wp-content\/uploads\/2026\/09\/107869_unhas-ganham-linhas-verticais-depois-dos-50-quando-e-da-idad_corpo.jpg\" alt=\"Mudan\u00e7as intensas na cor, espessura ou formato das unhas merecem avalia\u00e7\u00e3o m\u00e9dica.\" class=\"wp-image-107871\" srcset=\"https:\/\/www.tuasaude.com\/news\/wp-content\/uploads\/2026\/09\/107869_unhas-ganham-linhas-verticais-depois-dos-50-quando-e-da-idad_corpo.jpg 1280w, https:\/\/www.tuasaude.com\/news\/wp-content\/uploads\/2026\/09\/107869_unhas-ganham-linhas-verticais-depois-dos-50-quando-e-da-idad_corpo-300x167.jpg 300w, https:\/\/www.tuasaude.com\/news\/wp-content\/uploads\/2026\/09\/107869_unhas-ganham-linhas-verticais-depois-dos-50-quando-e-da-idad_corpo-1024x571.jpg 1024w, https:\/\/www.tuasaude.com\/news\/wp-content\/uploads\/2026\/09\/107869_unhas-ganham-linhas-verticais-depois-dos-50-quando-e-da-idad_corpo-768x428.jpg 768w, https:\/\/www.tuasaude.com\/news\/wp-content\/uploads\/2026\/09\/107869_unhas-ganham-linhas-verticais-depois-dos-50-quando-e-da-idad_corpo-750x418.jpg 750w, https:\/\/www.tuasaude.com\/news\/wp-content\/uploads\/2026\/09\/107869_unhas-ganham-linhas-verticais-depois-dos-50-quando-e-da-idad_corpo-1140x636.jpg 1140w\" sizes=\"(max-width: 1280px) 100vw, 1280px\" \/><figcaption class=\"wp-element-caption\">Mudan\u00e7as intensas na cor, espessura ou formato das unhas merecem avalia\u00e7\u00e3o m\u00e9dica.<\/figcaption><\/figure>\n<\/div>\n\n\n<p class=\"wp-block-paragraph\">Reduzir o ressecamento e as agress\u00f5es repetidas pode melhorar a apar\u00eancia e diminuir a fragilidade, embora as linhas relacionadas \u00e0 idade nem sempre desapare\u00e7am completamente.<\/p>\n\n\n\n<ul class=\"wp-block-list\">\n<li>Hidrate m\u00e3os, unhas e cut\u00edculas regularmente;<\/li>\n<li>use luvas ao lidar com detergentes e produtos de limpeza;<\/li>\n<li>evite contato frequente com acetona e outros produtos agressivos;<\/li>\n<li>n\u00e3o lixe excessivamente a superf\u00edcie para tentar apagar as linhas;<\/li>\n<li>evite retirar ou traumatizar a cut\u00edcula repetidamente.<\/li>\n<\/ul>\n\n\n\n<h2 class=\"wp-block-heading\">O que um estudo mostra sobre o envelhecimento das unhas<\/h2>\n\n\n\n<p class=\"wp-block-paragraph\">Segundo a revis\u00e3o <a href=\"https:\/\/pubmed.ncbi.nlm.nih.gov\/21146733\/\" target=\"_blank\" rel=\"noopener noreferrer\"><em>The nail in the elderly<\/em><\/a>, publicada na revista <em>Clinics in Dermatology<\/em>, o crescimento linear das unhas diminui com o avan\u00e7o da idade e a presen\u00e7a de estrias na superf\u00edcie pode fazer parte das altera\u00e7\u00f5es normais observadas em pessoas mais velhas.<\/p>\n\n\n\n<p class=\"wp-block-paragraph\">Isso ajuda a explicar por que <strong>linhas verticais discretas<\/strong> podem surgir progressivamente sem representar uma doen\u00e7a. Ainda assim, nem toda mudan\u00e7a deve ser atribu\u00edda automaticamente \u00e0 idade.<\/p>\n\n\n\n<h2 class=\"wp-block-heading\">Quais mudan\u00e7as merecem investiga\u00e7\u00e3o<\/h2>\n\n\n\n<p class=\"wp-block-paragraph\">Vale mostrar as unhas a um m\u00e9dico, especialmente dermatologista, quando a apar\u00eancia muda de maneira r\u00e1pida ou diferente do padr\u00e3o habitual.<\/p>\n\n\n\n<ul class=\"wp-block-list\">\n<li><strong>Linhas novas e muito marcadas<\/strong>;<\/li>\n<li>dor, inflama\u00e7\u00e3o ou sensibilidade ao redor da unha;<\/li>\n<li>mudan\u00e7a importante no formato ou na espessura;<\/li>\n<li>altera\u00e7\u00f5es surgindo em v\u00e1rias unhas ao mesmo tempo;<\/li>\n<li>mudan\u00e7as de cor ou unhas que passam a quebrar com facilidade.<\/li>\n<\/ul>\n\n\n<div class=\"wp-block-image wp-block-image size-large\">\n<figure class=\"aligncenter\"><img decoding=\"async\" width=\"1280\" height=\"575\" src=\"https:\/\/www.tuasaude.com\/news\/wp-content\/uploads\/2026\/09\/107869_unhas-ganham-linhas-verticais-depois-dos-50-quando-e-da-idad_tabela.jpg\" alt=\"Linhas verticais nas unhas depois dos 50: 6 sinais para saber quando investigar\" class=\"wp-image-107872\" srcset=\"https:\/\/www.tuasaude.com\/news\/wp-content\/uploads\/2026\/09\/107869_unhas-ganham-linhas-verticais-depois-dos-50-quando-e-da-idad_tabela.jpg 1280w, https:\/\/www.tuasaude.com\/news\/wp-content\/uploads\/2026\/09\/107869_unhas-ganham-linhas-verticais-depois-dos-50-quando-e-da-idad_tabela-300x135.jpg 300w, https:\/\/www.tuasaude.com\/news\/wp-content\/uploads\/2026\/09\/107869_unhas-ganham-linhas-verticais-depois-dos-50-quando-e-da-idad_tabela-1024x460.jpg 1024w, https:\/\/www.tuasaude.com\/news\/wp-content\/uploads\/2026\/09\/107869_unhas-ganham-linhas-verticais-depois-dos-50-quando-e-da-idad_tabela-768x345.jpg 768w, https:\/\/www.tuasaude.com\/news\/wp-content\/uploads\/2026\/09\/107869_unhas-ganham-linhas-verticais-depois-dos-50-quando-e-da-idad_tabela-750x337.jpg 750w, https:\/\/www.tuasaude.com\/news\/wp-content\/uploads\/2026\/09\/107869_unhas-ganham-linhas-verticais-depois-dos-50-quando-e-da-idad_tabela-1140x512.jpg 1140w\" sizes=\"(max-width: 1280px) 100vw, 1280px\" \/><figcaption class=\"wp-element-caption\">Linhas verticais nas unhas depois dos 50: 6 sinais para saber quando investigar<\/figcaption><\/figure>\n<\/div>\n\n\n<h2 class=\"wp-block-heading\">Quando n\u00e3o atribuir as linhas apenas \u00e0 idade<\/h2>\n\n\n\n<p class=\"wp-block-paragraph\">Problemas de pele, altera\u00e7\u00f5es da tireoide, defici\u00eancias nutricionais, traumas repetidos e outras condi\u00e7\u00f5es tamb\u00e9m podem afetar as unhas. Por isso, o contexto e outros sintomas s\u00e3o importantes para decidir se h\u00e1 necessidade de exames ou tratamento.<\/p>\n\n\n\n<p class=\"wp-block-paragraph\">Quem percebe fragilidade junto das estrias pode conhecer tamb\u00e9m as principais causas de <a href=\"https:\/\/www.tuasaude.com\/unhas-fracas\/\" target=\"_blank\" rel=\"noopener noreferrer\">unhas fracas<\/a>. Uma avalia\u00e7\u00e3o profissional \u00e9 especialmente importante quando existe dor, deforma\u00e7\u00e3o ou mudan\u00e7a progressiva.<\/p>\n\n\n\n<p class=\"wp-block-paragraph\"><strong>Este conte\u00fado \u00e9 apenas informativo e n\u00e3o substitui a avalia\u00e7\u00e3o de um m\u00e9dico.<\/strong><\/p>\n","protected":false},"excerpt":{"rendered":"<p>As linhas nas unhas que seguem da base at\u00e9 a ponta ficam mais comuns com o envelhecimento e, muitas vezes, representam apenas uma mudan\u00e7a natural. Depois dos 50 anos, o crescimento das unhas tende a ficar mais lento e a superf\u00edcie pode perder parte da uniformidade, mas altera\u00e7\u00f5es novas, intensas ou acompanhadas de outros sinais [&hellip;]<\/p>\n","protected":false},"author":12,"featured_media":107870,"comment_status":"open","ping_status":"open","sticky":false,"template":"","format":"standard","meta":{"_yoast_wpseo_focuskw":"linhas nas unhas","_yoast_wpseo_title":"","_yoast_wpseo_metadesc":"Linhas nas unhas podem ser comuns ap\u00f3s os 50 anos. Veja quando as estrias verticais s\u00e3o da idade e quais mudan\u00e7as merecem avalia\u00e7\u00e3o m\u00e9dica.","jnews-multi-image_gallery":[],"jnews_single_post":{"format":"standard"},"jnews_primary_category":[],"jnews_social_meta":[],"jnews_override_counter":[],"footnotes":""},"categories":[111],"tags":[3114,11858,13166],"class_list":["post-107869","post","type-post","status-publish","format-standard","has-post-thumbnail","hentry","category-saude","tag-alteracoes-nas-unhas","tag-estrias-verticais","tag-unhas-envelhecidas"],"yoast_head":"<!-- This site is optimized with the Yoast SEO plugin v26.7 - https:\/\/yoast.com\/wordpress\/plugins\/seo\/ -->\n<title>Unhas ganham linhas verticais depois dos 50: quando \u00e9 da idade e quando investigar - Tua Sa\u00fade<\/title>\n<meta name=\"description\" content=\"Linhas nas unhas podem ser comuns ap\u00f3s os 50 anos. Veja quando as estrias verticais s\u00e3o da idade e quais mudan\u00e7as merecem avalia\u00e7\u00e3o m\u00e9dica.\" \/>\n<meta name=\"robots\" content=\"index, follow, max-snippet:-1, max-image-preview:large, max-video-preview:-1\" \/>\n<link rel=\"canonical\" href=\"https:\/\/www.tuasaude.com\/news\/2026\/09\/04\/unhas-ganham-linhas-verticais-depois-dos-50-quando-e-da-idade-e-quando-investigar\/\" \/>\n<meta property=\"og:locale\" content=\"pt_BR\" \/>\n<meta property=\"og:type\" content=\"article\" \/>\n<meta property=\"og:title\" content=\"Unhas ganham linhas verticais depois dos 50: quando \u00e9 da idade e quando investigar - Tua Sa\u00fade\" \/>\n<meta property=\"og:description\" content=\"Linhas nas unhas podem ser comuns ap\u00f3s os 50 anos. Veja quando as estrias verticais s\u00e3o da idade e quais mudan\u00e7as merecem avalia\u00e7\u00e3o m\u00e9dica.\" \/>\n<meta property=\"og:url\" content=\"https:\/\/www.tuasaude.com\/news\/2026\/09\/04\/unhas-ganham-linhas-verticais-depois-dos-50-quando-e-da-idade-e-quando-investigar\/\" \/>\n<meta property=\"og:site_name\" content=\"Tua Sa\u00fade\" \/>\n<meta property=\"article:published_time\" content=\"2026-09-04T23:45:00+00:00\" \/>\n<meta property=\"og:image\" content=\"https:\/\/www.tuasaude.com\/news\/wp-content\/uploads\/2026\/09\/107869_unhas-ganham-linhas-verticais-depois-dos-50-quando-e-da-idad_destaque.jpg\" \/>\n\t<meta property=\"og:image:width\" content=\"1280\" \/>\n\t<meta property=\"og:image:height\" content=\"714\" \/>\n\t<meta property=\"og:image:type\" content=\"image\/jpeg\" \/>\n<meta name=\"author\" content=\"Jeferson Henrique\" \/>\n<meta name=\"twitter:card\" content=\"summary_large_image\" \/>\n<meta name=\"twitter:label1\" content=\"Escrito por\" \/>\n\t<meta name=\"twitter:data1\" content=\"Jeferson Henrique\" \/>\n\t<meta name=\"twitter:label2\" content=\"Est. tempo de leitura\" \/>\n\t<meta name=\"twitter:data2\" content=\"3 minutos\" \/>\n<!-- \/ Yoast SEO plugin. -->","yoast_head_json":{"title":"Unhas ganham linhas verticais depois dos 50: quando \u00e9 da idade e quando investigar - Tua Sa\u00fade","description":"Linhas nas unhas podem ser comuns ap\u00f3s os 50 anos. Veja quando as estrias verticais s\u00e3o da idade e quais mudan\u00e7as merecem avalia\u00e7\u00e3o m\u00e9dica.","robots":{"index":"index","follow":"follow","max-snippet":"max-snippet:-1","max-image-preview":"max-image-preview:large","max-video-preview":"max-video-preview:-1"},"canonical":"https:\/\/www.tuasaude.com\/news\/2026\/09\/04\/unhas-ganham-linhas-verticais-depois-dos-50-quando-e-da-idade-e-quando-investigar\/","og_locale":"pt_BR","og_type":"article","og_title":"Unhas ganham linhas verticais depois dos 50: quando \u00e9 da idade e quando investigar - Tua Sa\u00fade","og_description":"Linhas nas unhas podem ser comuns ap\u00f3s os 50 anos. Veja quando as estrias verticais s\u00e3o da idade e quais mudan\u00e7as merecem avalia\u00e7\u00e3o m\u00e9dica.","og_url":"https:\/\/www.tuasaude.com\/news\/2026\/09\/04\/unhas-ganham-linhas-verticais-depois-dos-50-quando-e-da-idade-e-quando-investigar\/","og_site_name":"Tua Sa\u00fade","article_published_time":"2026-09-04T23:45:00+00:00","og_image":[{"width":1280,"height":714,"url":"https:\/\/www.tuasaude.com\/news\/wp-content\/uploads\/2026\/09\/107869_unhas-ganham-linhas-verticais-depois-dos-50-quando-e-da-idad_destaque.jpg","type":"image\/jpeg"}],"author":"Jeferson Henrique","twitter_card":"summary_large_image","twitter_misc":{"Escrito por":"Jeferson Henrique","Est. tempo de leitura":"3 minutos"},"schema":{"@context":"https:\/\/schema.org","@graph":[{"@type":"Article","@id":"https:\/\/www.tuasaude.com\/news\/2026\/09\/04\/unhas-ganham-linhas-verticais-depois-dos-50-quando-e-da-idade-e-quando-investigar\/#article","isPartOf":{"@id":"https:\/\/www.tuasaude.com\/news\/2026\/09\/04\/unhas-ganham-linhas-verticais-depois-dos-50-quando-e-da-idade-e-quando-investigar\/"},"author":{"name":"Jeferson Henrique","@id":"https:\/\/www.tuasaude.com\/news\/#\/schema\/person\/963d63d4e1f0c81f5f3a70ba4bcb0ef7"},"headline":"Unhas ganham linhas verticais depois dos 50: quando \u00e9 da idade e quando investigar","datePublished":"2026-09-04T23:45:00+00:00","mainEntityOfPage":{"@id":"https:\/\/www.tuasaude.com\/news\/2026\/09\/04\/unhas-ganham-linhas-verticais-depois-dos-50-quando-e-da-idade-e-quando-investigar\/"},"wordCount":529,"commentCount":0,"image":{"@id":"https:\/\/www.tuasaude.com\/news\/2026\/09\/04\/unhas-ganham-linhas-verticais-depois-dos-50-quando-e-da-idade-e-quando-investigar\/#primaryimage"},"thumbnailUrl":"https:\/\/www.tuasaude.com\/news\/wp-content\/uploads\/2026\/09\/107869_unhas-ganham-linhas-verticais-depois-dos-50-quando-e-da-idad_destaque.jpg","keywords":["altera\u00e7\u00f5es nas unhas","estrias verticais","unhas envelhecidas"],"articleSection":["Sa\u00fade"],"inLanguage":"pt-BR","potentialAction":[{"@type":"CommentAction","name":"Comment","target":["https:\/\/www.tuasaude.com\/news\/2026\/09\/04\/unhas-ganham-linhas-verticais-depois-dos-50-quando-e-da-idade-e-quando-investigar\/#respond"]}]},{"@type":"WebPage","@id":"https:\/\/www.tuasaude.com\/news\/2026\/09\/04\/unhas-ganham-linhas-verticais-depois-dos-50-quando-e-da-idade-e-quando-investigar\/","url":"https:\/\/www.tuasaude.com\/news\/2026\/09\/04\/unhas-ganham-linhas-verticais-depois-dos-50-quando-e-da-idade-e-quando-investigar\/","name":"Unhas ganham linhas verticais depois dos 50: quando \u00e9 da idade e quando investigar - Tua Sa\u00fade","isPartOf":{"@id":"https:\/\/www.tuasaude.com\/news\/#website"},"primaryImageOfPage":{"@id":"https:\/\/www.tuasaude.com\/news\/2026\/09\/04\/unhas-ganham-linhas-verticais-depois-dos-50-quando-e-da-idade-e-quando-investigar\/#primaryimage"},"image":{"@id":"https:\/\/www.tuasaude.com\/news\/2026\/09\/04\/unhas-ganham-linhas-verticais-depois-dos-50-quando-e-da-idade-e-quando-investigar\/#primaryimage"},"thumbnailUrl":"https:\/\/www.tuasaude.com\/news\/wp-content\/uploads\/2026\/09\/107869_unhas-ganham-linhas-verticais-depois-dos-50-quando-e-da-idad_destaque.jpg","datePublished":"2026-09-04T23:45:00+00:00","author":{"@id":"https:\/\/www.tuasaude.com\/news\/#\/schema\/person\/963d63d4e1f0c81f5f3a70ba4bcb0ef7"},"description":"Linhas nas unhas podem ser comuns ap\u00f3s os 50 anos. Veja quando as estrias verticais s\u00e3o da idade e quais mudan\u00e7as merecem avalia\u00e7\u00e3o m\u00e9dica.","breadcrumb":{"@id":"https:\/\/www.tuasaude.com\/news\/2026\/09\/04\/unhas-ganham-linhas-verticais-depois-dos-50-quando-e-da-idade-e-quando-investigar\/#breadcrumb"},"inLanguage":"pt-BR","potentialAction":[{"@type":"ReadAction","target":["https:\/\/www.tuasaude.com\/news\/2026\/09\/04\/unhas-ganham-linhas-verticais-depois-dos-50-quando-e-da-idade-e-quando-investigar\/"]}]},{"@type":"ImageObject","inLanguage":"pt-BR","@id":"https:\/\/www.tuasaude.com\/news\/2026\/09\/04\/unhas-ganham-linhas-verticais-depois-dos-50-quando-e-da-idade-e-quando-investigar\/#primaryimage","url":"https:\/\/www.tuasaude.com\/news\/wp-content\/uploads\/2026\/09\/107869_unhas-ganham-linhas-verticais-depois-dos-50-quando-e-da-idad_destaque.jpg","contentUrl":"https:\/\/www.tuasaude.com\/news\/wp-content\/uploads\/2026\/09\/107869_unhas-ganham-linhas-verticais-depois-dos-50-quando-e-da-idad_destaque.jpg","width":1280,"height":714,"caption":"Linhas verticais nas unhas podem se tornar mais comuns com o envelhecimento."},{"@type":"BreadcrumbList","@id":"https:\/\/www.tuasaude.com\/news\/2026\/09\/04\/unhas-ganham-linhas-verticais-depois-dos-50-quando-e-da-idade-e-quando-investigar\/#breadcrumb","itemListElement":[{"@type":"ListItem","position":1,"name":"In\u00edcio","item":"https:\/\/www.tuasaude.com\/news\/"},{"@type":"ListItem","position":2,"name":"Unhas ganham linhas verticais depois dos 50: quando \u00e9 da idade e quando investigar"}]},{"@type":"WebSite","@id":"https:\/\/www.tuasaude.com\/news\/#website","url":"https:\/\/www.tuasaude.com\/news\/","name":"Tua Sa\u00fade","description":"Seu site de sa\u00fade","potentialAction":[{"@type":"SearchAction","target":{"@type":"EntryPoint","urlTemplate":"https:\/\/www.tuasaude.com\/news\/?s={search_term_string}"},"query-input":{"@type":"PropertyValueSpecification","valueRequired":true,"valueName":"search_term_string"}}],"inLanguage":"pt-BR"},{"@type":"Person","@id":"https:\/\/www.tuasaude.com\/news\/#\/schema\/person\/963d63d4e1f0c81f5f3a70ba4bcb0ef7","name":"Jeferson Henrique","image":{"@type":"ImageObject","inLanguage":"pt-BR","@id":"https:\/\/www.tuasaude.com\/news\/#\/schema\/person\/image\/","url":"https:\/\/secure.gravatar.com\/avatar\/1a476a54a48eb3cdea5dd2f016708263892c6b9f5e54b641df7c65e980fd6f69?s=96&d=mm&r=g","contentUrl":"https:\/\/secure.gravatar.com\/avatar\/1a476a54a48eb3cdea5dd2f016708263892c6b9f5e54b641df7c65e980fd6f69?s=96&d=mm&r=g","caption":"Jeferson Henrique"},"sameAs":["https:\/\/www.tuasaude.com\/news\/"],"url":"https:\/\/www.tuasaude.com\/news\/author\/jeferson-henrique\/"}]}},"_links":{"self":[{"href":"https:\/\/www.tuasaude.com\/news\/wp-json\/wp\/v2\/posts\/107869","targetHints":{"allow":["GET"]}}],"collection":[{"href":"https:\/\/www.tuasaude.com\/news\/wp-json\/wp\/v2\/posts"}],"about":[{"href":"https:\/\/www.tuasaude.com\/news\/wp-json\/wp\/v2\/types\/post"}],"author":[{"embeddable":true,"href":"https:\/\/www.tuasaude.com\/news\/wp-json\/wp\/v2\/users\/12"}],"replies":[{"embeddable":true,"href":"https:\/\/www.tuasaude.com\/news\/wp-json\/wp\/v2\/comments?post=107869"}],"version-history":[{"count":1,"href":"https:\/\/www.tuasaude.com\/news\/wp-json\/wp\/v2\/posts\/107869\/revisions"}],"predecessor-version":[{"id":107873,"href":"https:\/\/www.tuasaude.com\/news\/wp-json\/wp\/v2\/posts\/107869\/revisions\/107873"}],"wp:featuredmedia":[{"embeddable":true,"href":"https:\/\/www.tuasaude.com\/news\/wp-json\/wp\/v2\/media\/107870"}],"wp:attachment":[{"href":"https:\/\/www.tuasaude.com\/news\/wp-json\/wp\/v2\/media?parent=107869"}],"wp:term":[{"taxonomy":"category","embeddable":true,"href":"https:\/\/www.tuasaude.com\/news\/wp-json\/wp\/v2\/categories?post=107869"},{"taxonomy":"post_tag","embeddable":true,"href":"https:\/\/www.tuasaude.com\/news\/wp-json\/wp\/v2\/tags?post=107869"}],"curies":[{"name":"wp","href":"https:\/\/api.w.org\/{rel}","templated":true}]}}