{"id":107864,"date":"2026-09-04T19:50:00","date_gmt":"2026-09-04T22:50:00","guid":{"rendered":"https:\/\/www.tuasaude.com\/news\/?p=107864"},"modified":"2026-09-04T00:27:12","modified_gmt":"2026-09-04T03:27:12","slug":"ombro-trava-ao-levar-a-mao-as-costas-quando-pode-ser-ombro-congelado","status":"publish","type":"post","link":"https:\/\/www.tuasaude.com\/news\/2026\/09\/04\/ombro-trava-ao-levar-a-mao-as-costas-quando-pode-ser-ombro-congelado\/","title":{"rendered":"Ombro trava ao levar a m\u00e3o \u00e0s costas: quando pode ser ombro congelado"},"content":{"rendered":"\n<p class=\"wp-block-paragraph\">Quando o ombro parece travar ao levar a m\u00e3o \u00e0s costas e movimentos antes simples ficam cada vez mais dif\u00edceis, uma das poss\u00edveis causas \u00e9 o <strong>ombro congelado<\/strong>, tamb\u00e9m chamado de capsulite adesiva. A condi\u00e7\u00e3o provoca dor e perda progressiva da mobilidade, podendo atrapalhar tarefas como vestir uma roupa, pentear o cabelo ou alcan\u00e7ar objetos.<\/p>\n\n\n\n<h2 class=\"wp-block-heading\">Por que o ombro congelado limita os movimentos<\/h2>\n\n\n\n<p class=\"wp-block-paragraph\">Na capsulite adesiva, a c\u00e1psula que envolve a articula\u00e7\u00e3o fica inflamada, espessa e r\u00edgida. Com isso, movimentos de rota\u00e7\u00e3o e eleva\u00e7\u00e3o do bra\u00e7o podem ficar progressivamente restritos, inclusive quando outra pessoa tenta movimentar o ombro.<\/p>\n\n\n\n<p class=\"wp-block-paragraph\">A dificuldade para <strong>colocar a m\u00e3o atr\u00e1s das costas<\/strong> costuma ser bastante percept\u00edvel. A dor tamb\u00e9m pode piorar \u00e0 noite ou aparecer ao tentar alcan\u00e7ar al\u00e9m do limite que o ombro consegue tolerar.<\/p>\n\n\n\n<h2 class=\"wp-block-heading\">Quais sinais combinam com ombro congelado<\/h2>\n\n\n<div class=\"wp-block-image wp-block-image size-large\">\n<figure class=\"aligncenter\"><img decoding=\"async\" width=\"1280\" height=\"714\" src=\"https:\/\/www.tuasaude.com\/news\/wp-content\/uploads\/2026\/09\/107864_ombro-trava-ao-levar-a-mao-as-costas-quando-pode-ser-ombro-c_corpo.jpg\" alt=\"No ombro congelado, a rigidez da c\u00e1psula articular pode limitar progressivamente os movimentos.\" class=\"wp-image-107866\" srcset=\"https:\/\/www.tuasaude.com\/news\/wp-content\/uploads\/2026\/09\/107864_ombro-trava-ao-levar-a-mao-as-costas-quando-pode-ser-ombro-c_corpo.jpg 1280w, https:\/\/www.tuasaude.com\/news\/wp-content\/uploads\/2026\/09\/107864_ombro-trava-ao-levar-a-mao-as-costas-quando-pode-ser-ombro-c_corpo-300x167.jpg 300w, https:\/\/www.tuasaude.com\/news\/wp-content\/uploads\/2026\/09\/107864_ombro-trava-ao-levar-a-mao-as-costas-quando-pode-ser-ombro-c_corpo-1024x571.jpg 1024w, https:\/\/www.tuasaude.com\/news\/wp-content\/uploads\/2026\/09\/107864_ombro-trava-ao-levar-a-mao-as-costas-quando-pode-ser-ombro-c_corpo-768x428.jpg 768w, https:\/\/www.tuasaude.com\/news\/wp-content\/uploads\/2026\/09\/107864_ombro-trava-ao-levar-a-mao-as-costas-quando-pode-ser-ombro-c_corpo-750x418.jpg 750w, https:\/\/www.tuasaude.com\/news\/wp-content\/uploads\/2026\/09\/107864_ombro-trava-ao-levar-a-mao-as-costas-quando-pode-ser-ombro-c_corpo-1140x636.jpg 1140w\" sizes=\"(max-width: 1280px) 100vw, 1280px\" \/><figcaption class=\"wp-element-caption\">No ombro congelado, a rigidez da c\u00e1psula articular pode limitar progressivamente os movimentos.<\/figcaption><\/figure>\n<\/div>\n\n\n<p class=\"wp-block-paragraph\">O quadro geralmente evolui aos poucos. Alguns sinais ajudam a diferenciar uma rigidez persistente de um desconforto passageiro ap\u00f3s esfor\u00e7o.<\/p>\n\n\n\n<ul class=\"wp-block-list\">\n<li><strong>Perda progressiva dos movimentos<\/strong> do ombro;<\/li>\n<li>dificuldade para alcan\u00e7ar as costas;<\/li>\n<li>problemas para vestir blusas ou casacos;<\/li>\n<li>dificuldade para pentear ou lavar o cabelo;<\/li>\n<li>dor acompanhada de sensa\u00e7\u00e3o de ombro r\u00edgido ou preso.<\/li>\n<\/ul>\n\n\n\n<h2 class=\"wp-block-heading\">O que um estudo cient\u00edfico mostra<\/h2>\n\n\n\n<p class=\"wp-block-paragraph\">Segundo o ensaio cl\u00ednico <a href=\"https:\/\/pubmed.ncbi.nlm.nih.gov\/33010843\/\" target=\"_blank\" rel=\"noopener noreferrer\"><em>Management of adults with primary frozen shoulder in secondary care (UK FROST)<\/em><\/a>, publicado no <em>The Lancet<\/em>, 503 pessoas com ombro congelado foram comparadas em tr\u00eas estrat\u00e9gias de tratamento, incluindo fisioterapia estruturada, manipula\u00e7\u00e3o sob anestesia e cirurgia artrosc\u00f3pica.<\/p>\n\n\n\n<p class=\"wp-block-paragraph\">Ap\u00f3s 12 meses, nenhuma das tr\u00eas abordagens apresentou superioridade cl\u00ednica relevante sobre as demais para dor e fun\u00e7\u00e3o. O resultado refor\u00e7a que o tratamento deve ser individualizado conforme a intensidade dos sintomas, a fase da doen\u00e7a e a resposta \u00e0s medidas menos invasivas.<\/p>\n\n\n\n<h2 class=\"wp-block-heading\">Como movimentar o ombro com seguran\u00e7a<\/h2>\n\n\n\n<p class=\"wp-block-paragraph\">Orienta\u00e7\u00f5es do <a href=\"https:\/\/www.southtees.nhs.uk\/staff-area\/resources\/physiotherapist-booklet-frozen-shoulder\/\" target=\"_blank\" rel=\"noopener noreferrer\">South Tees Hospitals NHS Foundation Trust<\/a> recomendam movimentos suaves dentro dos n\u00edveis toler\u00e1veis de dor, especialmente quando a dor predomina. For\u00e7ar excessivamente o alcance pode aumentar o desconforto.<\/p>\n\n\n\n<ul class=\"wp-block-list\">\n<li>Movimente o bra\u00e7o de forma <strong>suave e gradual<\/strong>;<\/li>\n<li>evite permanecer completamente im\u00f3vel por longos per\u00edodos;<\/li>\n<li>n\u00e3o force alongamentos que provoquem dor intensa;<\/li>\n<li>adapte temporariamente tarefas que exijam grande alcance;<\/li>\n<li>fa\u00e7a exerc\u00edcios espec\u00edficos com orienta\u00e7\u00e3o de um fisioterapeuta.<\/li>\n<\/ul>\n\n\n<div class=\"wp-block-image wp-block-image size-large\">\n<figure class=\"aligncenter\"><img decoding=\"async\" width=\"1280\" height=\"575\" src=\"https:\/\/www.tuasaude.com\/news\/wp-content\/uploads\/2026\/09\/107864_ombro-trava-ao-levar-a-mao-as-costas-quando-pode-ser-ombro-c_tabela.jpg\" alt=\"Ombro travando ao levar a m\u00e3o \u00e0s costas: 6 sinais de poss\u00edvel ombro congelado\" class=\"wp-image-107867\" srcset=\"https:\/\/www.tuasaude.com\/news\/wp-content\/uploads\/2026\/09\/107864_ombro-trava-ao-levar-a-mao-as-costas-quando-pode-ser-ombro-c_tabela.jpg 1280w, https:\/\/www.tuasaude.com\/news\/wp-content\/uploads\/2026\/09\/107864_ombro-trava-ao-levar-a-mao-as-costas-quando-pode-ser-ombro-c_tabela-300x135.jpg 300w, https:\/\/www.tuasaude.com\/news\/wp-content\/uploads\/2026\/09\/107864_ombro-trava-ao-levar-a-mao-as-costas-quando-pode-ser-ombro-c_tabela-1024x460.jpg 1024w, https:\/\/www.tuasaude.com\/news\/wp-content\/uploads\/2026\/09\/107864_ombro-trava-ao-levar-a-mao-as-costas-quando-pode-ser-ombro-c_tabela-768x345.jpg 768w, https:\/\/www.tuasaude.com\/news\/wp-content\/uploads\/2026\/09\/107864_ombro-trava-ao-levar-a-mao-as-costas-quando-pode-ser-ombro-c_tabela-750x337.jpg 750w, https:\/\/www.tuasaude.com\/news\/wp-content\/uploads\/2026\/09\/107864_ombro-trava-ao-levar-a-mao-as-costas-quando-pode-ser-ombro-c_tabela-1140x512.jpg 1140w\" sizes=\"(max-width: 1280px) 100vw, 1280px\" \/><figcaption class=\"wp-element-caption\">Ombro travando ao levar a m\u00e3o \u00e0s costas: 6 sinais de poss\u00edvel ombro congelado<\/figcaption><\/figure>\n<\/div>\n\n\n<h2 class=\"wp-block-heading\">Quando a rigidez precisa ser avaliada<\/h2>\n\n\n\n<p class=\"wp-block-paragraph\">\u00c9 importante procurar avalia\u00e7\u00e3o m\u00e9dica ou fisioterap\u00eautica quando a <strong>rigidez continua piorando<\/strong>, dura v\u00e1rias semanas ou come\u00e7a a limitar atividades b\u00e1sicas, como vestir-se e cuidar do cabelo. Dor intensa, trauma recente ou perda s\u00fabita de for\u00e7a tamb\u00e9m justificam avalia\u00e7\u00e3o.<\/p>\n\n\n\n<p class=\"wp-block-paragraph\">O profissional pode verificar se existe limita\u00e7\u00e3o ativa e passiva do movimento e excluir outras causas de dor no ombro. Saiba tamb\u00e9m quais s\u00e3o os sintomas e tratamentos da <a href=\"https:\/\/www.tuasaude.com\/capsulite-adesiva\/\" target=\"_blank\" rel=\"noopener noreferrer\">capsulite adesiva<\/a>.<\/p>\n\n\n\n<p class=\"wp-block-paragraph\"><strong>Este conte\u00fado \u00e9 apenas informativo e n\u00e3o substitui a avalia\u00e7\u00e3o de um m\u00e9dico.<\/strong><\/p>\n","protected":false},"excerpt":{"rendered":"<p>Quando o ombro parece travar ao levar a m\u00e3o \u00e0s costas e movimentos antes simples ficam cada vez mais dif\u00edceis, uma das poss\u00edveis causas \u00e9 o ombro congelado, tamb\u00e9m chamado de capsulite adesiva. A condi\u00e7\u00e3o provoca dor e perda progressiva da mobilidade, podendo atrapalhar tarefas como vestir uma roupa, pentear o cabelo ou alcan\u00e7ar objetos. [&hellip;]<\/p>\n","protected":false},"author":12,"featured_media":107865,"comment_status":"open","ping_status":"open","sticky":false,"template":"","format":"standard","meta":{"_yoast_wpseo_focuskw":"ombro congelado","_yoast_wpseo_title":"","_yoast_wpseo_metadesc":"Ombro congelado pode causar dor e rigidez ao levar a m\u00e3o \u00e0s costas. Veja sinais, cuidados e quando procurar avalia\u00e7\u00e3o m\u00e9dica ou fisioterap\u00eautica.","jnews-multi-image_gallery":[],"jnews_single_post":{"format":"standard"},"jnews_primary_category":[],"jnews_social_meta":[],"jnews_override_counter":[],"footnotes":""},"categories":[111],"tags":[1374,1375,1554],"class_list":["post-107864","post","type-post","status-publish","format-standard","has-post-thumbnail","hentry","category-saude","tag-capsulite-adesiva","tag-dor-no-ombro","tag-rigidez-no-ombro"],"yoast_head":"<!-- This site is optimized with the Yoast SEO plugin v26.7 - https:\/\/yoast.com\/wordpress\/plugins\/seo\/ -->\n<title>Ombro trava ao levar a m\u00e3o \u00e0s costas: quando pode ser ombro congelado - Tua Sa\u00fade<\/title>\n<meta name=\"description\" content=\"Ombro congelado pode causar dor e rigidez ao levar a m\u00e3o \u00e0s costas. Veja sinais, cuidados e quando procurar avalia\u00e7\u00e3o m\u00e9dica ou fisioterap\u00eautica.\" \/>\n<meta name=\"robots\" content=\"index, follow, max-snippet:-1, max-image-preview:large, max-video-preview:-1\" \/>\n<link rel=\"canonical\" href=\"https:\/\/www.tuasaude.com\/news\/2026\/09\/04\/ombro-trava-ao-levar-a-mao-as-costas-quando-pode-ser-ombro-congelado\/\" \/>\n<meta property=\"og:locale\" content=\"pt_BR\" \/>\n<meta property=\"og:type\" content=\"article\" \/>\n<meta property=\"og:title\" content=\"Ombro trava ao levar a m\u00e3o \u00e0s costas: quando pode ser ombro congelado - Tua Sa\u00fade\" \/>\n<meta property=\"og:description\" content=\"Ombro congelado pode causar dor e rigidez ao levar a m\u00e3o \u00e0s costas. Veja sinais, cuidados e quando procurar avalia\u00e7\u00e3o m\u00e9dica ou fisioterap\u00eautica.\" \/>\n<meta property=\"og:url\" content=\"https:\/\/www.tuasaude.com\/news\/2026\/09\/04\/ombro-trava-ao-levar-a-mao-as-costas-quando-pode-ser-ombro-congelado\/\" \/>\n<meta property=\"og:site_name\" content=\"Tua Sa\u00fade\" \/>\n<meta property=\"article:published_time\" content=\"2026-09-04T22:50:00+00:00\" \/>\n<meta property=\"og:image\" content=\"https:\/\/www.tuasaude.com\/news\/wp-content\/uploads\/2026\/09\/107864_ombro-trava-ao-levar-a-mao-as-costas-quando-pode-ser-ombro-c_destaque.jpg\" \/>\n\t<meta property=\"og:image:width\" content=\"1280\" \/>\n\t<meta property=\"og:image:height\" content=\"714\" \/>\n\t<meta property=\"og:image:type\" content=\"image\/jpeg\" \/>\n<meta name=\"author\" content=\"Jeferson Henrique\" \/>\n<meta name=\"twitter:card\" content=\"summary_large_image\" \/>\n<meta name=\"twitter:label1\" content=\"Escrito por\" \/>\n\t<meta name=\"twitter:data1\" content=\"Jeferson Henrique\" \/>\n\t<meta name=\"twitter:label2\" content=\"Est. tempo de leitura\" \/>\n\t<meta name=\"twitter:data2\" content=\"3 minutos\" \/>\n<!-- \/ Yoast SEO plugin. -->","yoast_head_json":{"title":"Ombro trava ao levar a m\u00e3o \u00e0s costas: quando pode ser ombro congelado - Tua Sa\u00fade","description":"Ombro congelado pode causar dor e rigidez ao levar a m\u00e3o \u00e0s costas. Veja sinais, cuidados e quando procurar avalia\u00e7\u00e3o m\u00e9dica ou fisioterap\u00eautica.","robots":{"index":"index","follow":"follow","max-snippet":"max-snippet:-1","max-image-preview":"max-image-preview:large","max-video-preview":"max-video-preview:-1"},"canonical":"https:\/\/www.tuasaude.com\/news\/2026\/09\/04\/ombro-trava-ao-levar-a-mao-as-costas-quando-pode-ser-ombro-congelado\/","og_locale":"pt_BR","og_type":"article","og_title":"Ombro trava ao levar a m\u00e3o \u00e0s costas: quando pode ser ombro congelado - Tua Sa\u00fade","og_description":"Ombro congelado pode causar dor e rigidez ao levar a m\u00e3o \u00e0s costas. Veja sinais, cuidados e quando procurar avalia\u00e7\u00e3o m\u00e9dica ou fisioterap\u00eautica.","og_url":"https:\/\/www.tuasaude.com\/news\/2026\/09\/04\/ombro-trava-ao-levar-a-mao-as-costas-quando-pode-ser-ombro-congelado\/","og_site_name":"Tua Sa\u00fade","article_published_time":"2026-09-04T22:50:00+00:00","og_image":[{"width":1280,"height":714,"url":"https:\/\/www.tuasaude.com\/news\/wp-content\/uploads\/2026\/09\/107864_ombro-trava-ao-levar-a-mao-as-costas-quando-pode-ser-ombro-c_destaque.jpg","type":"image\/jpeg"}],"author":"Jeferson Henrique","twitter_card":"summary_large_image","twitter_misc":{"Escrito por":"Jeferson Henrique","Est. tempo de leitura":"3 minutos"},"schema":{"@context":"https:\/\/schema.org","@graph":[{"@type":"Article","@id":"https:\/\/www.tuasaude.com\/news\/2026\/09\/04\/ombro-trava-ao-levar-a-mao-as-costas-quando-pode-ser-ombro-congelado\/#article","isPartOf":{"@id":"https:\/\/www.tuasaude.com\/news\/2026\/09\/04\/ombro-trava-ao-levar-a-mao-as-costas-quando-pode-ser-ombro-congelado\/"},"author":{"name":"Jeferson Henrique","@id":"https:\/\/www.tuasaude.com\/news\/#\/schema\/person\/963d63d4e1f0c81f5f3a70ba4bcb0ef7"},"headline":"Ombro trava ao levar a m\u00e3o \u00e0s costas: quando pode ser ombro congelado","datePublished":"2026-09-04T22:50:00+00:00","mainEntityOfPage":{"@id":"https:\/\/www.tuasaude.com\/news\/2026\/09\/04\/ombro-trava-ao-levar-a-mao-as-costas-quando-pode-ser-ombro-congelado\/"},"wordCount":544,"commentCount":0,"image":{"@id":"https:\/\/www.tuasaude.com\/news\/2026\/09\/04\/ombro-trava-ao-levar-a-mao-as-costas-quando-pode-ser-ombro-congelado\/#primaryimage"},"thumbnailUrl":"https:\/\/www.tuasaude.com\/news\/wp-content\/uploads\/2026\/09\/107864_ombro-trava-ao-levar-a-mao-as-costas-quando-pode-ser-ombro-c_destaque.jpg","keywords":["capsulite adesiva","dor no ombro","rigidez no ombro"],"articleSection":["Sa\u00fade"],"inLanguage":"pt-BR","potentialAction":[{"@type":"CommentAction","name":"Comment","target":["https:\/\/www.tuasaude.com\/news\/2026\/09\/04\/ombro-trava-ao-levar-a-mao-as-costas-quando-pode-ser-ombro-congelado\/#respond"]}]},{"@type":"WebPage","@id":"https:\/\/www.tuasaude.com\/news\/2026\/09\/04\/ombro-trava-ao-levar-a-mao-as-costas-quando-pode-ser-ombro-congelado\/","url":"https:\/\/www.tuasaude.com\/news\/2026\/09\/04\/ombro-trava-ao-levar-a-mao-as-costas-quando-pode-ser-ombro-congelado\/","name":"Ombro trava ao levar a m\u00e3o \u00e0s costas: quando pode ser ombro congelado - Tua Sa\u00fade","isPartOf":{"@id":"https:\/\/www.tuasaude.com\/news\/#website"},"primaryImageOfPage":{"@id":"https:\/\/www.tuasaude.com\/news\/2026\/09\/04\/ombro-trava-ao-levar-a-mao-as-costas-quando-pode-ser-ombro-congelado\/#primaryimage"},"image":{"@id":"https:\/\/www.tuasaude.com\/news\/2026\/09\/04\/ombro-trava-ao-levar-a-mao-as-costas-quando-pode-ser-ombro-congelado\/#primaryimage"},"thumbnailUrl":"https:\/\/www.tuasaude.com\/news\/wp-content\/uploads\/2026\/09\/107864_ombro-trava-ao-levar-a-mao-as-costas-quando-pode-ser-ombro-c_destaque.jpg","datePublished":"2026-09-04T22:50:00+00:00","author":{"@id":"https:\/\/www.tuasaude.com\/news\/#\/schema\/person\/963d63d4e1f0c81f5f3a70ba4bcb0ef7"},"description":"Ombro congelado pode causar dor e rigidez ao levar a m\u00e3o \u00e0s costas. Veja sinais, cuidados e quando procurar avalia\u00e7\u00e3o m\u00e9dica ou fisioterap\u00eautica.","breadcrumb":{"@id":"https:\/\/www.tuasaude.com\/news\/2026\/09\/04\/ombro-trava-ao-levar-a-mao-as-costas-quando-pode-ser-ombro-congelado\/#breadcrumb"},"inLanguage":"pt-BR","potentialAction":[{"@type":"ReadAction","target":["https:\/\/www.tuasaude.com\/news\/2026\/09\/04\/ombro-trava-ao-levar-a-mao-as-costas-quando-pode-ser-ombro-congelado\/"]}]},{"@type":"ImageObject","inLanguage":"pt-BR","@id":"https:\/\/www.tuasaude.com\/news\/2026\/09\/04\/ombro-trava-ao-levar-a-mao-as-costas-quando-pode-ser-ombro-congelado\/#primaryimage","url":"https:\/\/www.tuasaude.com\/news\/wp-content\/uploads\/2026\/09\/107864_ombro-trava-ao-levar-a-mao-as-costas-quando-pode-ser-ombro-c_destaque.jpg","contentUrl":"https:\/\/www.tuasaude.com\/news\/wp-content\/uploads\/2026\/09\/107864_ombro-trava-ao-levar-a-mao-as-costas-quando-pode-ser-ombro-c_destaque.jpg","width":1280,"height":714,"caption":"Dificuldade para levar a m\u00e3o \u00e0s costas pode ser um sinal de ombro congelado."},{"@type":"BreadcrumbList","@id":"https:\/\/www.tuasaude.com\/news\/2026\/09\/04\/ombro-trava-ao-levar-a-mao-as-costas-quando-pode-ser-ombro-congelado\/#breadcrumb","itemListElement":[{"@type":"ListItem","position":1,"name":"In\u00edcio","item":"https:\/\/www.tuasaude.com\/news\/"},{"@type":"ListItem","position":2,"name":"Ombro trava ao levar a m\u00e3o \u00e0s costas: quando pode ser ombro congelado"}]},{"@type":"WebSite","@id":"https:\/\/www.tuasaude.com\/news\/#website","url":"https:\/\/www.tuasaude.com\/news\/","name":"Tua Sa\u00fade","description":"Seu site de sa\u00fade","potentialAction":[{"@type":"SearchAction","target":{"@type":"EntryPoint","urlTemplate":"https:\/\/www.tuasaude.com\/news\/?s={search_term_string}"},"query-input":{"@type":"PropertyValueSpecification","valueRequired":true,"valueName":"search_term_string"}}],"inLanguage":"pt-BR"},{"@type":"Person","@id":"https:\/\/www.tuasaude.com\/news\/#\/schema\/person\/963d63d4e1f0c81f5f3a70ba4bcb0ef7","name":"Jeferson Henrique","image":{"@type":"ImageObject","inLanguage":"pt-BR","@id":"https:\/\/www.tuasaude.com\/news\/#\/schema\/person\/image\/","url":"https:\/\/secure.gravatar.com\/avatar\/1a476a54a48eb3cdea5dd2f016708263892c6b9f5e54b641df7c65e980fd6f69?s=96&d=mm&r=g","contentUrl":"https:\/\/secure.gravatar.com\/avatar\/1a476a54a48eb3cdea5dd2f016708263892c6b9f5e54b641df7c65e980fd6f69?s=96&d=mm&r=g","caption":"Jeferson Henrique"},"sameAs":["https:\/\/www.tuasaude.com\/news\/"],"url":"https:\/\/www.tuasaude.com\/news\/author\/jeferson-henrique\/"}]}},"_links":{"self":[{"href":"https:\/\/www.tuasaude.com\/news\/wp-json\/wp\/v2\/posts\/107864","targetHints":{"allow":["GET"]}}],"collection":[{"href":"https:\/\/www.tuasaude.com\/news\/wp-json\/wp\/v2\/posts"}],"about":[{"href":"https:\/\/www.tuasaude.com\/news\/wp-json\/wp\/v2\/types\/post"}],"author":[{"embeddable":true,"href":"https:\/\/www.tuasaude.com\/news\/wp-json\/wp\/v2\/users\/12"}],"replies":[{"embeddable":true,"href":"https:\/\/www.tuasaude.com\/news\/wp-json\/wp\/v2\/comments?post=107864"}],"version-history":[{"count":1,"href":"https:\/\/www.tuasaude.com\/news\/wp-json\/wp\/v2\/posts\/107864\/revisions"}],"predecessor-version":[{"id":107868,"href":"https:\/\/www.tuasaude.com\/news\/wp-json\/wp\/v2\/posts\/107864\/revisions\/107868"}],"wp:featuredmedia":[{"embeddable":true,"href":"https:\/\/www.tuasaude.com\/news\/wp-json\/wp\/v2\/media\/107865"}],"wp:attachment":[{"href":"https:\/\/www.tuasaude.com\/news\/wp-json\/wp\/v2\/media?parent=107864"}],"wp:term":[{"taxonomy":"category","embeddable":true,"href":"https:\/\/www.tuasaude.com\/news\/wp-json\/wp\/v2\/categories?post=107864"},{"taxonomy":"post_tag","embeddable":true,"href":"https:\/\/www.tuasaude.com\/news\/wp-json\/wp\/v2\/tags?post=107864"}],"curies":[{"name":"wp","href":"https:\/\/api.w.org\/{rel}","templated":true}]}}