{"id":107859,"date":"2026-09-04T19:05:00","date_gmt":"2026-09-04T22:05:00","guid":{"rendered":"https:\/\/www.tuasaude.com\/news\/?p=107859"},"modified":"2026-09-04T00:24:34","modified_gmt":"2026-09-04T03:24:34","slug":"dedos-ficam-brancos-ou-arroxeados-no-frio-quando-a-circulacao-reage-demais","status":"publish","type":"post","link":"https:\/\/www.tuasaude.com\/news\/2026\/09\/04\/dedos-ficam-brancos-ou-arroxeados-no-frio-quando-a-circulacao-reage-demais\/","title":{"rendered":"Dedos ficam brancos ou arroxeados no frio: quando a circula\u00e7\u00e3o reage demais"},"content":{"rendered":"\n<p class=\"wp-block-paragraph\">Ter os <strong>dedos arroxeados ou brancos no frio<\/strong> pode acontecer quando pequenos vasos sangu\u00edneos se contraem de forma exagerada, reduzindo temporariamente a circula\u00e7\u00e3o. Esse padr\u00e3o \u00e9 caracter\u00edstico do fen\u00f4meno de Raynaud e tamb\u00e9m pode surgir em momentos de estresse, geralmente melhorando conforme as m\u00e3os voltam a se aquecer.<\/p>\n\n\n\n<h2 class=\"wp-block-heading\">Por que os dedos mudam de cor no frio<\/h2>\n\n\n\n<p class=\"wp-block-paragraph\">Durante uma crise, os vasos dos dedos se estreitam e chega menos sangue \u00e0 pele, que pode ficar branca e fria. Depois, os dedos podem adquirir tonalidade azulada ou arroxeada e, quando a circula\u00e7\u00e3o retorna, ficar <strong>vermelhos, quentes ou formigando<\/strong>.<\/p>\n\n\n\n<p class=\"wp-block-paragraph\">Segundo o <a href=\"https:\/\/www.niams.nih.gov\/health-topics\/raynauds-phenomenon\" target=\"_blank\" rel=\"noopener noreferrer\">NIAMS<\/a>, o frio e o estresse emocional est\u00e3o entre os principais desencadeadores do fen\u00f4meno de Raynaud, que pode ser prim\u00e1rio ou estar associado a outra condi\u00e7\u00e3o de sa\u00fade.<\/p>\n\n\n\n<h2 class=\"wp-block-heading\">Quais sinais combinam com o fen\u00f4meno de Raynaud<\/h2>\n\n\n<div class=\"wp-block-image wp-block-image size-large\">\n<figure class=\"aligncenter\"><img decoding=\"async\" width=\"1280\" height=\"714\" src=\"https:\/\/www.tuasaude.com\/news\/wp-content\/uploads\/2026\/09\/107859_dedos-ficam-brancos-ou-arroxeados-no-frio-quando-a-circulaca_corpo.jpg\" alt=\"No fen\u00f4meno de Raynaud, os dedos podem mudar de cor conforme a circula\u00e7\u00e3o diminui e depois retorna.\" class=\"wp-image-107861\" srcset=\"https:\/\/www.tuasaude.com\/news\/wp-content\/uploads\/2026\/09\/107859_dedos-ficam-brancos-ou-arroxeados-no-frio-quando-a-circulaca_corpo.jpg 1280w, https:\/\/www.tuasaude.com\/news\/wp-content\/uploads\/2026\/09\/107859_dedos-ficam-brancos-ou-arroxeados-no-frio-quando-a-circulaca_corpo-300x167.jpg 300w, https:\/\/www.tuasaude.com\/news\/wp-content\/uploads\/2026\/09\/107859_dedos-ficam-brancos-ou-arroxeados-no-frio-quando-a-circulaca_corpo-1024x571.jpg 1024w, https:\/\/www.tuasaude.com\/news\/wp-content\/uploads\/2026\/09\/107859_dedos-ficam-brancos-ou-arroxeados-no-frio-quando-a-circulaca_corpo-768x428.jpg 768w, https:\/\/www.tuasaude.com\/news\/wp-content\/uploads\/2026\/09\/107859_dedos-ficam-brancos-ou-arroxeados-no-frio-quando-a-circulaca_corpo-750x418.jpg 750w, https:\/\/www.tuasaude.com\/news\/wp-content\/uploads\/2026\/09\/107859_dedos-ficam-brancos-ou-arroxeados-no-frio-quando-a-circulaca_corpo-1140x636.jpg 1140w\" sizes=\"(max-width: 1280px) 100vw, 1280px\" \/><figcaption class=\"wp-element-caption\">No fen\u00f4meno de Raynaud, os dedos podem mudar de cor conforme a circula\u00e7\u00e3o diminui e depois retorna.<\/figcaption><\/figure>\n<\/div>\n\n\n<p class=\"wp-block-paragraph\">As crises podem variar de pessoa para pessoa e nem sempre apresentam todas as mudan\u00e7as de cor. Alguns sinais ajudam a reconhecer esse padr\u00e3o de rea\u00e7\u00e3o dos vasos.<\/p>\n\n\n\n<ul class=\"wp-block-list\">\n<li><strong>Dedos brancos, azulados ou arroxeados<\/strong> ap\u00f3s exposi\u00e7\u00e3o ao frio;<\/li>\n<li>dorm\u00eancia, formigamento ou sensa\u00e7\u00e3o de frio intenso;<\/li>\n<li>vermelhid\u00e3o e sensa\u00e7\u00e3o de calor quando a circula\u00e7\u00e3o retorna;<\/li>\n<li>epis\u00f3dios desencadeados tamb\u00e9m por estresse emocional;<\/li>\n<li>melhora gradual ap\u00f3s aquecer as m\u00e3os.<\/li>\n<\/ul>\n\n\n\n<h2 class=\"wp-block-heading\">O que um estudo cient\u00edfico mostra<\/h2>\n\n\n\n<p class=\"wp-block-paragraph\">Segundo a revis\u00e3o sistem\u00e1tica e metan\u00e1lise <a href=\"https:\/\/pubmed.ncbi.nlm.nih.gov\/25776043\/\" target=\"_blank\" rel=\"noopener noreferrer\"><em>Prevalence, risk factors and associations of primary Raynaud&#8217;s phenomenon<\/em><\/a>, publicada no <em>BMJ Open<\/em>, o fen\u00f4meno de Raynaud prim\u00e1rio apresentou preval\u00eancia estimada de 4,85% na popula\u00e7\u00e3o geral analisada. O trabalho tamb\u00e9m encontrou associa\u00e7\u00e3o com fatores como sexo feminino e hist\u00f3rico familiar.<\/p>\n\n\n\n<p class=\"wp-block-paragraph\">Esses dados mostram que essa rea\u00e7\u00e3o vascular n\u00e3o \u00e9 rara, mas tamb\u00e9m refor\u00e7am que existem diferentes formas do problema. Quando surgem caracter\u00edsticas incomuns, pode ser necess\u00e1rio investigar se existe alguma condi\u00e7\u00e3o associada.<\/p>\n\n\n\n<h2 class=\"wp-block-heading\">Como proteger as m\u00e3os durante as crises<\/h2>\n\n\n\n<p class=\"wp-block-paragraph\">Evitar quedas bruscas de temperatura e manter o corpo aquecido pode diminuir os epis\u00f3dios. A prote\u00e7\u00e3o deve come\u00e7ar antes da exposi\u00e7\u00e3o ao frio, especialmente em pessoas que j\u00e1 reconhecem seus gatilhos.<\/p>\n\n\n\n<ul class=\"wp-block-list\">\n<li>Use <strong>luvas<\/strong> em ambientes frios e ao manusear objetos gelados;<\/li>\n<li>vista-se em camadas para manter todo o corpo aquecido;<\/li>\n<li>evite mudan\u00e7as bruscas de temperatura quando poss\u00edvel;<\/li>\n<li>aque\u00e7a as m\u00e3os gradualmente durante uma crise;<\/li>\n<li>observe situa\u00e7\u00f5es de estresse que costumam desencadear os sintomas.<\/li>\n<\/ul>\n\n\n<div class=\"wp-block-image wp-block-image size-large\">\n<figure class=\"aligncenter\"><img decoding=\"async\" width=\"1280\" height=\"575\" src=\"https:\/\/www.tuasaude.com\/news\/wp-content\/uploads\/2026\/09\/107859_dedos-ficam-brancos-ou-arroxeados-no-frio-quando-a-circulaca_tabela.jpg\" alt=\"Dedos brancos ou arroxeados no frio: 6 sinais do fen\u00f4meno de Raynaud\" class=\"wp-image-107862\" srcset=\"https:\/\/www.tuasaude.com\/news\/wp-content\/uploads\/2026\/09\/107859_dedos-ficam-brancos-ou-arroxeados-no-frio-quando-a-circulaca_tabela.jpg 1280w, https:\/\/www.tuasaude.com\/news\/wp-content\/uploads\/2026\/09\/107859_dedos-ficam-brancos-ou-arroxeados-no-frio-quando-a-circulaca_tabela-300x135.jpg 300w, https:\/\/www.tuasaude.com\/news\/wp-content\/uploads\/2026\/09\/107859_dedos-ficam-brancos-ou-arroxeados-no-frio-quando-a-circulaca_tabela-1024x460.jpg 1024w, https:\/\/www.tuasaude.com\/news\/wp-content\/uploads\/2026\/09\/107859_dedos-ficam-brancos-ou-arroxeados-no-frio-quando-a-circulaca_tabela-768x345.jpg 768w, https:\/\/www.tuasaude.com\/news\/wp-content\/uploads\/2026\/09\/107859_dedos-ficam-brancos-ou-arroxeados-no-frio-quando-a-circulaca_tabela-750x337.jpg 750w, https:\/\/www.tuasaude.com\/news\/wp-content\/uploads\/2026\/09\/107859_dedos-ficam-brancos-ou-arroxeados-no-frio-quando-a-circulaca_tabela-1140x512.jpg 1140w\" sizes=\"(max-width: 1280px) 100vw, 1280px\" \/><figcaption class=\"wp-element-caption\">Dedos brancos ou arroxeados no frio: 6 sinais do fen\u00f4meno de Raynaud<\/figcaption><\/figure>\n<\/div>\n\n\n<h2 class=\"wp-block-heading\">Quando os dedos arroxeados precisam de avalia\u00e7\u00e3o<\/h2>\n\n\n\n<p class=\"wp-block-paragraph\">Procure avalia\u00e7\u00e3o m\u00e9dica se as crises forem <strong>muito dolorosas, frequentes ou causarem feridas<\/strong>, especialmente quando os sintomas aparecem predominantemente de um lado. Tamb\u00e9m merece investiga\u00e7\u00e3o quando esse padr\u00e3o come\u00e7a apenas mais tarde na vida ou apresenta piora progressiva.<\/p>\n\n\n\n<p class=\"wp-block-paragraph\">O m\u00e9dico pode avaliar se o fen\u00f4meno \u00e9 prim\u00e1rio ou se est\u00e1 relacionado a doen\u00e7as autoimunes, altera\u00e7\u00f5es vasculares, medicamentos ou outras condi\u00e7\u00f5es. Conhe\u00e7a tamb\u00e9m outros sinais relacionados \u00e0 <a href=\"https:\/\/www.tuasaude.com\/ma-circulacao\/\" target=\"_blank\" rel=\"noopener noreferrer\">m\u00e1 circula\u00e7\u00e3o<\/a> e quando procurar orienta\u00e7\u00e3o m\u00e9dica.<\/p>\n\n\n\n<p class=\"wp-block-paragraph\"><strong>Este conte\u00fado \u00e9 apenas informativo e n\u00e3o substitui a avalia\u00e7\u00e3o de um m\u00e9dico.<\/strong><\/p>\n","protected":false},"excerpt":{"rendered":"<p>Ter os dedos arroxeados ou brancos no frio pode acontecer quando pequenos vasos sangu\u00edneos se contraem de forma exagerada, reduzindo temporariamente a circula\u00e7\u00e3o. Esse padr\u00e3o \u00e9 caracter\u00edstico do fen\u00f4meno de Raynaud e tamb\u00e9m pode surgir em momentos de estresse, geralmente melhorando conforme as m\u00e3os voltam a se aquecer. Por que os dedos mudam de cor [&hellip;]<\/p>\n","protected":false},"author":12,"featured_media":107860,"comment_status":"open","ping_status":"open","sticky":false,"template":"","format":"standard","meta":{"_yoast_wpseo_focuskw":"fen\u00f4meno de Raynaud","_yoast_wpseo_title":"","_yoast_wpseo_metadesc":"Dedos arroxeados ou brancos no frio podem indicar fen\u00f4meno de Raynaud. Veja sinais, cuidados para se proteger e quando procurar avalia\u00e7\u00e3o m\u00e9dica.","jnews-multi-image_gallery":[],"jnews_single_post":{"format":"standard"},"jnews_primary_category":[],"jnews_social_meta":[],"jnews_override_counter":[],"footnotes":""},"categories":[111],"tags":[10277,11334,9274],"class_list":["post-107859","post","type-post","status-publish","format-standard","has-post-thumbnail","hentry","category-saude","tag-circulacao-nas-maos","tag-dedos-arroxeados","tag-dedos-brancos-no-frio"],"yoast_head":"<!-- This site is optimized with the Yoast SEO plugin v26.7 - https:\/\/yoast.com\/wordpress\/plugins\/seo\/ -->\n<title>Dedos ficam brancos ou arroxeados no frio: quando a circula\u00e7\u00e3o reage demais - Tua Sa\u00fade<\/title>\n<meta name=\"description\" content=\"Dedos arroxeados ou brancos no frio podem indicar fen\u00f4meno de Raynaud. Veja sinais, cuidados para se proteger e quando procurar avalia\u00e7\u00e3o m\u00e9dica.\" \/>\n<meta name=\"robots\" content=\"index, follow, max-snippet:-1, max-image-preview:large, max-video-preview:-1\" \/>\n<link rel=\"canonical\" href=\"https:\/\/www.tuasaude.com\/news\/2026\/09\/04\/dedos-ficam-brancos-ou-arroxeados-no-frio-quando-a-circulacao-reage-demais\/\" \/>\n<meta property=\"og:locale\" content=\"pt_BR\" \/>\n<meta property=\"og:type\" content=\"article\" \/>\n<meta property=\"og:title\" content=\"Dedos ficam brancos ou arroxeados no frio: quando a circula\u00e7\u00e3o reage demais - Tua Sa\u00fade\" \/>\n<meta property=\"og:description\" content=\"Dedos arroxeados ou brancos no frio podem indicar fen\u00f4meno de Raynaud. Veja sinais, cuidados para se proteger e quando procurar avalia\u00e7\u00e3o m\u00e9dica.\" \/>\n<meta property=\"og:url\" content=\"https:\/\/www.tuasaude.com\/news\/2026\/09\/04\/dedos-ficam-brancos-ou-arroxeados-no-frio-quando-a-circulacao-reage-demais\/\" \/>\n<meta property=\"og:site_name\" content=\"Tua Sa\u00fade\" \/>\n<meta property=\"article:published_time\" content=\"2026-09-04T22:05:00+00:00\" \/>\n<meta property=\"og:image\" content=\"https:\/\/www.tuasaude.com\/news\/wp-content\/uploads\/2026\/09\/107859_dedos-ficam-brancos-ou-arroxeados-no-frio-quando-a-circulaca_destaque.jpg\" \/>\n\t<meta property=\"og:image:width\" content=\"1280\" \/>\n\t<meta property=\"og:image:height\" content=\"714\" \/>\n\t<meta property=\"og:image:type\" content=\"image\/jpeg\" \/>\n<meta name=\"author\" content=\"Jeferson Henrique\" \/>\n<meta name=\"twitter:card\" content=\"summary_large_image\" \/>\n<meta name=\"twitter:label1\" content=\"Escrito por\" \/>\n\t<meta name=\"twitter:data1\" content=\"Jeferson Henrique\" \/>\n\t<meta name=\"twitter:label2\" content=\"Est. tempo de leitura\" \/>\n\t<meta name=\"twitter:data2\" content=\"3 minutos\" \/>\n<!-- \/ Yoast SEO plugin. -->","yoast_head_json":{"title":"Dedos ficam brancos ou arroxeados no frio: quando a circula\u00e7\u00e3o reage demais - Tua Sa\u00fade","description":"Dedos arroxeados ou brancos no frio podem indicar fen\u00f4meno de Raynaud. Veja sinais, cuidados para se proteger e quando procurar avalia\u00e7\u00e3o m\u00e9dica.","robots":{"index":"index","follow":"follow","max-snippet":"max-snippet:-1","max-image-preview":"max-image-preview:large","max-video-preview":"max-video-preview:-1"},"canonical":"https:\/\/www.tuasaude.com\/news\/2026\/09\/04\/dedos-ficam-brancos-ou-arroxeados-no-frio-quando-a-circulacao-reage-demais\/","og_locale":"pt_BR","og_type":"article","og_title":"Dedos ficam brancos ou arroxeados no frio: quando a circula\u00e7\u00e3o reage demais - Tua Sa\u00fade","og_description":"Dedos arroxeados ou brancos no frio podem indicar fen\u00f4meno de Raynaud. Veja sinais, cuidados para se proteger e quando procurar avalia\u00e7\u00e3o m\u00e9dica.","og_url":"https:\/\/www.tuasaude.com\/news\/2026\/09\/04\/dedos-ficam-brancos-ou-arroxeados-no-frio-quando-a-circulacao-reage-demais\/","og_site_name":"Tua Sa\u00fade","article_published_time":"2026-09-04T22:05:00+00:00","og_image":[{"width":1280,"height":714,"url":"https:\/\/www.tuasaude.com\/news\/wp-content\/uploads\/2026\/09\/107859_dedos-ficam-brancos-ou-arroxeados-no-frio-quando-a-circulaca_destaque.jpg","type":"image\/jpeg"}],"author":"Jeferson Henrique","twitter_card":"summary_large_image","twitter_misc":{"Escrito por":"Jeferson Henrique","Est. tempo de leitura":"3 minutos"},"schema":{"@context":"https:\/\/schema.org","@graph":[{"@type":"Article","@id":"https:\/\/www.tuasaude.com\/news\/2026\/09\/04\/dedos-ficam-brancos-ou-arroxeados-no-frio-quando-a-circulacao-reage-demais\/#article","isPartOf":{"@id":"https:\/\/www.tuasaude.com\/news\/2026\/09\/04\/dedos-ficam-brancos-ou-arroxeados-no-frio-quando-a-circulacao-reage-demais\/"},"author":{"name":"Jeferson Henrique","@id":"https:\/\/www.tuasaude.com\/news\/#\/schema\/person\/963d63d4e1f0c81f5f3a70ba4bcb0ef7"},"headline":"Dedos ficam brancos ou arroxeados no frio: quando a circula\u00e7\u00e3o reage demais","datePublished":"2026-09-04T22:05:00+00:00","mainEntityOfPage":{"@id":"https:\/\/www.tuasaude.com\/news\/2026\/09\/04\/dedos-ficam-brancos-ou-arroxeados-no-frio-quando-a-circulacao-reage-demais\/"},"wordCount":573,"commentCount":0,"image":{"@id":"https:\/\/www.tuasaude.com\/news\/2026\/09\/04\/dedos-ficam-brancos-ou-arroxeados-no-frio-quando-a-circulacao-reage-demais\/#primaryimage"},"thumbnailUrl":"https:\/\/www.tuasaude.com\/news\/wp-content\/uploads\/2026\/09\/107859_dedos-ficam-brancos-ou-arroxeados-no-frio-quando-a-circulaca_destaque.jpg","keywords":["circula\u00e7\u00e3o nas m\u00e3os","dedos arroxeados","dedos brancos no frio"],"articleSection":["Sa\u00fade"],"inLanguage":"pt-BR","potentialAction":[{"@type":"CommentAction","name":"Comment","target":["https:\/\/www.tuasaude.com\/news\/2026\/09\/04\/dedos-ficam-brancos-ou-arroxeados-no-frio-quando-a-circulacao-reage-demais\/#respond"]}]},{"@type":"WebPage","@id":"https:\/\/www.tuasaude.com\/news\/2026\/09\/04\/dedos-ficam-brancos-ou-arroxeados-no-frio-quando-a-circulacao-reage-demais\/","url":"https:\/\/www.tuasaude.com\/news\/2026\/09\/04\/dedos-ficam-brancos-ou-arroxeados-no-frio-quando-a-circulacao-reage-demais\/","name":"Dedos ficam brancos ou arroxeados no frio: quando a circula\u00e7\u00e3o reage demais - Tua Sa\u00fade","isPartOf":{"@id":"https:\/\/www.tuasaude.com\/news\/#website"},"primaryImageOfPage":{"@id":"https:\/\/www.tuasaude.com\/news\/2026\/09\/04\/dedos-ficam-brancos-ou-arroxeados-no-frio-quando-a-circulacao-reage-demais\/#primaryimage"},"image":{"@id":"https:\/\/www.tuasaude.com\/news\/2026\/09\/04\/dedos-ficam-brancos-ou-arroxeados-no-frio-quando-a-circulacao-reage-demais\/#primaryimage"},"thumbnailUrl":"https:\/\/www.tuasaude.com\/news\/wp-content\/uploads\/2026\/09\/107859_dedos-ficam-brancos-ou-arroxeados-no-frio-quando-a-circulaca_destaque.jpg","datePublished":"2026-09-04T22:05:00+00:00","author":{"@id":"https:\/\/www.tuasaude.com\/news\/#\/schema\/person\/963d63d4e1f0c81f5f3a70ba4bcb0ef7"},"description":"Dedos arroxeados ou brancos no frio podem indicar fen\u00f4meno de Raynaud. Veja sinais, cuidados para se proteger e quando procurar avalia\u00e7\u00e3o m\u00e9dica.","breadcrumb":{"@id":"https:\/\/www.tuasaude.com\/news\/2026\/09\/04\/dedos-ficam-brancos-ou-arroxeados-no-frio-quando-a-circulacao-reage-demais\/#breadcrumb"},"inLanguage":"pt-BR","potentialAction":[{"@type":"ReadAction","target":["https:\/\/www.tuasaude.com\/news\/2026\/09\/04\/dedos-ficam-brancos-ou-arroxeados-no-frio-quando-a-circulacao-reage-demais\/"]}]},{"@type":"ImageObject","inLanguage":"pt-BR","@id":"https:\/\/www.tuasaude.com\/news\/2026\/09\/04\/dedos-ficam-brancos-ou-arroxeados-no-frio-quando-a-circulacao-reage-demais\/#primaryimage","url":"https:\/\/www.tuasaude.com\/news\/wp-content\/uploads\/2026\/09\/107859_dedos-ficam-brancos-ou-arroxeados-no-frio-quando-a-circulaca_destaque.jpg","contentUrl":"https:\/\/www.tuasaude.com\/news\/wp-content\/uploads\/2026\/09\/107859_dedos-ficam-brancos-ou-arroxeados-no-frio-quando-a-circulaca_destaque.jpg","width":1280,"height":714,"caption":"Dedos brancos ou arroxeados no frio podem ocorrer no fen\u00f4meno de Raynaud."},{"@type":"BreadcrumbList","@id":"https:\/\/www.tuasaude.com\/news\/2026\/09\/04\/dedos-ficam-brancos-ou-arroxeados-no-frio-quando-a-circulacao-reage-demais\/#breadcrumb","itemListElement":[{"@type":"ListItem","position":1,"name":"In\u00edcio","item":"https:\/\/www.tuasaude.com\/news\/"},{"@type":"ListItem","position":2,"name":"Dedos ficam brancos ou arroxeados no frio: quando a circula\u00e7\u00e3o reage demais"}]},{"@type":"WebSite","@id":"https:\/\/www.tuasaude.com\/news\/#website","url":"https:\/\/www.tuasaude.com\/news\/","name":"Tua Sa\u00fade","description":"Seu site de sa\u00fade","potentialAction":[{"@type":"SearchAction","target":{"@type":"EntryPoint","urlTemplate":"https:\/\/www.tuasaude.com\/news\/?s={search_term_string}"},"query-input":{"@type":"PropertyValueSpecification","valueRequired":true,"valueName":"search_term_string"}}],"inLanguage":"pt-BR"},{"@type":"Person","@id":"https:\/\/www.tuasaude.com\/news\/#\/schema\/person\/963d63d4e1f0c81f5f3a70ba4bcb0ef7","name":"Jeferson Henrique","image":{"@type":"ImageObject","inLanguage":"pt-BR","@id":"https:\/\/www.tuasaude.com\/news\/#\/schema\/person\/image\/","url":"https:\/\/secure.gravatar.com\/avatar\/1a476a54a48eb3cdea5dd2f016708263892c6b9f5e54b641df7c65e980fd6f69?s=96&d=mm&r=g","contentUrl":"https:\/\/secure.gravatar.com\/avatar\/1a476a54a48eb3cdea5dd2f016708263892c6b9f5e54b641df7c65e980fd6f69?s=96&d=mm&r=g","caption":"Jeferson Henrique"},"sameAs":["https:\/\/www.tuasaude.com\/news\/"],"url":"https:\/\/www.tuasaude.com\/news\/author\/jeferson-henrique\/"}]}},"_links":{"self":[{"href":"https:\/\/www.tuasaude.com\/news\/wp-json\/wp\/v2\/posts\/107859","targetHints":{"allow":["GET"]}}],"collection":[{"href":"https:\/\/www.tuasaude.com\/news\/wp-json\/wp\/v2\/posts"}],"about":[{"href":"https:\/\/www.tuasaude.com\/news\/wp-json\/wp\/v2\/types\/post"}],"author":[{"embeddable":true,"href":"https:\/\/www.tuasaude.com\/news\/wp-json\/wp\/v2\/users\/12"}],"replies":[{"embeddable":true,"href":"https:\/\/www.tuasaude.com\/news\/wp-json\/wp\/v2\/comments?post=107859"}],"version-history":[{"count":1,"href":"https:\/\/www.tuasaude.com\/news\/wp-json\/wp\/v2\/posts\/107859\/revisions"}],"predecessor-version":[{"id":107863,"href":"https:\/\/www.tuasaude.com\/news\/wp-json\/wp\/v2\/posts\/107859\/revisions\/107863"}],"wp:featuredmedia":[{"embeddable":true,"href":"https:\/\/www.tuasaude.com\/news\/wp-json\/wp\/v2\/media\/107860"}],"wp:attachment":[{"href":"https:\/\/www.tuasaude.com\/news\/wp-json\/wp\/v2\/media?parent=107859"}],"wp:term":[{"taxonomy":"category","embeddable":true,"href":"https:\/\/www.tuasaude.com\/news\/wp-json\/wp\/v2\/categories?post=107859"},{"taxonomy":"post_tag","embeddable":true,"href":"https:\/\/www.tuasaude.com\/news\/wp-json\/wp\/v2\/tags?post=107859"}],"curies":[{"name":"wp","href":"https:\/\/api.w.org\/{rel}","templated":true}]}}