{"id":107832,"date":"2026-09-04T16:40:00","date_gmt":"2026-09-04T19:40:00","guid":{"rendered":"https:\/\/www.tuasaude.com\/news\/?p=107832"},"modified":"2026-09-04T00:11:55","modified_gmt":"2026-09-04T03:11:55","slug":"dor-na-virilha-ao-levantar-da-cadeira-quando-o-quadril-pode-estar-envolvido","status":"publish","type":"post","link":"https:\/\/www.tuasaude.com\/news\/2026\/09\/04\/dor-na-virilha-ao-levantar-da-cadeira-quando-o-quadril-pode-estar-envolvido\/","title":{"rendered":"Dor na virilha ao levantar da cadeira: quando o quadril pode estar envolvido"},"content":{"rendered":"\n<p class=\"wp-block-paragraph\">A <strong>dor na virilha<\/strong> ao levantar da cadeira pode ter rela\u00e7\u00e3o com a articula\u00e7\u00e3o do quadril, principalmente quando tamb\u00e9m aparece ao caminhar, subir escadas ou permanecer muito tempo em p\u00e9. Isso acontece porque problemas dentro do quadril nem sempre causam dor na lateral do corpo e podem ser percebidos justamente na regi\u00e3o da virilha.<\/p>\n\n\n\n<h2 class=\"wp-block-heading\">Por que o quadril pode causar dor na virilha<\/h2>\n\n\n\n<p class=\"wp-block-paragraph\">O quadril \u00e9 uma articula\u00e7\u00e3o profunda e fica pr\u00f3ximo \u00e0 virilha. Altera\u00e7\u00f5es como <strong>artrose, inflama\u00e7\u00e3o ou redu\u00e7\u00e3o da mobilidade<\/strong> podem causar desconforto nessa regi\u00e3o e dificultar movimentos que exigem dobrar ou sustentar o peso sobre a perna.<\/p>\n\n\n\n<p class=\"wp-block-paragraph\">Levantar depois de algum tempo sentado pode ser especialmente inc\u00f4modo quando existe rigidez. Por\u00e9m, a dor na virilha tamb\u00e9m pode ter outras origens, como m\u00fasculos, tend\u00f5es ou h\u00e9rnias, por isso a localiza\u00e7\u00e3o da dor isoladamente n\u00e3o confirma um problema no quadril.<\/p>\n\n\n\n<h2 class=\"wp-block-heading\">Quais sinais podem apontar para o quadril<\/h2>\n\n\n<div class=\"wp-block-image wp-block-image size-large\">\n<figure class=\"aligncenter\"><img decoding=\"async\" width=\"1280\" height=\"714\" src=\"https:\/\/www.tuasaude.com\/news\/wp-content\/uploads\/2026\/09\/107832_dor-na-virilha-ao-levantar-da-cadeira-quando-o-quadril-pode-_corpo.jpg\" alt=\"Altera\u00e7\u00f5es no quadril podem causar dor na virilha e dificuldade para movimentar a perna.\" class=\"wp-image-107834\" srcset=\"https:\/\/www.tuasaude.com\/news\/wp-content\/uploads\/2026\/09\/107832_dor-na-virilha-ao-levantar-da-cadeira-quando-o-quadril-pode-_corpo.jpg 1280w, https:\/\/www.tuasaude.com\/news\/wp-content\/uploads\/2026\/09\/107832_dor-na-virilha-ao-levantar-da-cadeira-quando-o-quadril-pode-_corpo-300x167.jpg 300w, https:\/\/www.tuasaude.com\/news\/wp-content\/uploads\/2026\/09\/107832_dor-na-virilha-ao-levantar-da-cadeira-quando-o-quadril-pode-_corpo-1024x571.jpg 1024w, https:\/\/www.tuasaude.com\/news\/wp-content\/uploads\/2026\/09\/107832_dor-na-virilha-ao-levantar-da-cadeira-quando-o-quadril-pode-_corpo-768x428.jpg 768w, https:\/\/www.tuasaude.com\/news\/wp-content\/uploads\/2026\/09\/107832_dor-na-virilha-ao-levantar-da-cadeira-quando-o-quadril-pode-_corpo-750x418.jpg 750w, https:\/\/www.tuasaude.com\/news\/wp-content\/uploads\/2026\/09\/107832_dor-na-virilha-ao-levantar-da-cadeira-quando-o-quadril-pode-_corpo-1140x636.jpg 1140w\" sizes=\"(max-width: 1280px) 100vw, 1280px\" \/><figcaption class=\"wp-element-caption\">Altera\u00e7\u00f5es no quadril podem causar dor na virilha e dificuldade para movimentar a perna.<\/figcaption><\/figure>\n<\/div>\n\n\n<p class=\"wp-block-paragraph\">Alguns padr\u00f5es tornam o envolvimento do quadril mais prov\u00e1vel, sobretudo quando surgem juntos ou passam a limitar atividades simples do cotidiano.<\/p>\n\n\n\n<ul class=\"wp-block-list\">\n<li><strong>Dor na virilha ao levantar da cadeira<\/strong> ou sair da cama;<\/li>\n<li>rigidez ap\u00f3s permanecer sentado por algum tempo;<\/li>\n<li>dor ao caminhar, subir escadas ou ficar muito tempo em p\u00e9;<\/li>\n<li>dificuldade para cruzar as pernas ou colocar meias e sapatos;<\/li>\n<li><strong>mancar com frequ\u00eancia<\/strong> ou reduzir o apoio sobre a perna dolorida.<\/li>\n<\/ul>\n\n\n\n<h2 class=\"wp-block-heading\">O que mostra um estudo sobre dor no quadril<\/h2>\n\n\n\n<p class=\"wp-block-paragraph\">Segundo a revis\u00e3o sistem\u00e1tica <a href=\"https:\/\/pubmed.ncbi.nlm.nih.gov\/31846019\/\" target=\"_blank\" rel=\"noopener noreferrer\"><em>Does This Patient Have Hip Osteoarthritis? The Rational Clinical Examination Systematic Review<\/em><\/a>, publicada no <em>JAMA<\/em>, achados como dor provocada por movimentos do quadril e redu\u00e7\u00e3o da amplitude de movimento ajudam na avalia\u00e7\u00e3o da osteoartrite dessa articula\u00e7\u00e3o.<\/p>\n\n\n\n<p class=\"wp-block-paragraph\">Isso refor\u00e7a que a <strong>dor na virilha deve ser analisada junto com a mobilidade e a forma de caminhar<\/strong>. O exame cl\u00ednico \u00e9 importante para diferenciar altera\u00e7\u00f5es do quadril de problemas musculares, da coluna ou de outras estruturas pr\u00f3ximas.<\/p>\n\n\n\n<h2 class=\"wp-block-heading\">Como se movimentar sem piorar a dor<\/h2>\n\n\n\n<p class=\"wp-block-paragraph\">Em quadros sem sinais de gravidade, manter movimentos leves dentro do limite toler\u00e1vel costuma ser prefer\u00edvel \u00e0 imobilidade completa. O <a href=\"https:\/\/www.dynamichealth.nhs.uk\/help-and-advice\/hip-pain\/\" target=\"_blank\" rel=\"noopener noreferrer\">NHS Dynamic Health<\/a> orienta que exerc\u00edcios e atividade gradual podem fazer parte do manejo da dor no quadril, respeitando os sintomas.<\/p>\n\n\n\n<ul class=\"wp-block-list\">\n<li>Levante-se da cadeira devagar e use os bra\u00e7os como apoio se necess\u00e1rio;<\/li>\n<li>fa\u00e7a caminhadas curtas se elas n\u00e3o aumentarem significativamente a dor;<\/li>\n<li>evite insistir em movimentos que provoquem <strong>dor forte<\/strong>;<\/li>\n<li>alterne per\u00edodos sentado com movimentos leves ao longo do dia;<\/li>\n<li>reduza temporariamente atividades que estejam piorando os sintomas.<\/li>\n<\/ul>\n\n\n<div class=\"wp-block-image wp-block-image size-large\">\n<figure class=\"aligncenter\"><img decoding=\"async\" width=\"1280\" height=\"575\" src=\"https:\/\/www.tuasaude.com\/news\/wp-content\/uploads\/2026\/09\/107832_dor-na-virilha-ao-levantar-da-cadeira-quando-o-quadril-pode-_tabela.jpg\" alt=\"Dor na virilha ao levantar: 6 sinais de que o quadril pode estar envolvido\" class=\"wp-image-107835\" srcset=\"https:\/\/www.tuasaude.com\/news\/wp-content\/uploads\/2026\/09\/107832_dor-na-virilha-ao-levantar-da-cadeira-quando-o-quadril-pode-_tabela.jpg 1280w, https:\/\/www.tuasaude.com\/news\/wp-content\/uploads\/2026\/09\/107832_dor-na-virilha-ao-levantar-da-cadeira-quando-o-quadril-pode-_tabela-300x135.jpg 300w, https:\/\/www.tuasaude.com\/news\/wp-content\/uploads\/2026\/09\/107832_dor-na-virilha-ao-levantar-da-cadeira-quando-o-quadril-pode-_tabela-1024x460.jpg 1024w, https:\/\/www.tuasaude.com\/news\/wp-content\/uploads\/2026\/09\/107832_dor-na-virilha-ao-levantar-da-cadeira-quando-o-quadril-pode-_tabela-768x345.jpg 768w, https:\/\/www.tuasaude.com\/news\/wp-content\/uploads\/2026\/09\/107832_dor-na-virilha-ao-levantar-da-cadeira-quando-o-quadril-pode-_tabela-750x337.jpg 750w, https:\/\/www.tuasaude.com\/news\/wp-content\/uploads\/2026\/09\/107832_dor-na-virilha-ao-levantar-da-cadeira-quando-o-quadril-pode-_tabela-1140x512.jpg 1140w\" sizes=\"(max-width: 1280px) 100vw, 1280px\" \/><figcaption class=\"wp-element-caption\">Dor na virilha ao levantar: 6 sinais de que o quadril pode estar envolvido<\/figcaption><\/figure>\n<\/div>\n\n\n<h2 class=\"wp-block-heading\">Quando procurar avalia\u00e7\u00e3o m\u00e9dica<\/h2>\n\n\n\n<p class=\"wp-block-paragraph\">Vale procurar avalia\u00e7\u00e3o quando a dor apresenta <strong>piora progressiva<\/strong>, quando mancar se torna frequente ou quando existe dificuldade crescente para caminhar e apoiar a perna. Dor intensa ap\u00f3s queda ou incapacidade de sustentar o peso tamb\u00e9m justificam atendimento mais r\u00e1pido.<\/p>\n\n\n\n<p class=\"wp-block-paragraph\">O profissional pode avaliar a mobilidade, a for\u00e7a e a marcha e, quando necess\u00e1rio, solicitar exames. Conhe\u00e7a tamb\u00e9m outras poss\u00edveis causas de <a href=\"https:\/\/www.tuasaude.com\/dor-no-quadril\/\" target=\"_blank\" rel=\"noopener noreferrer\">dor no quadril<\/a> e os sinais que ajudam a diferenci\u00e1-las.<\/p>\n\n\n\n<p class=\"wp-block-paragraph\"><strong>Este conte\u00fado \u00e9 apenas informativo e n\u00e3o substitui a avalia\u00e7\u00e3o de um m\u00e9dico.<\/strong><\/p>\n","protected":false},"excerpt":{"rendered":"<p>A dor na virilha ao levantar da cadeira pode ter rela\u00e7\u00e3o com a articula\u00e7\u00e3o do quadril, principalmente quando tamb\u00e9m aparece ao caminhar, subir escadas ou permanecer muito tempo em p\u00e9. Isso acontece porque problemas dentro do quadril nem sempre causam dor na lateral do corpo e podem ser percebidos justamente na regi\u00e3o da virilha. Por [&hellip;]<\/p>\n","protected":false},"author":12,"featured_media":107833,"comment_status":"open","ping_status":"open","sticky":false,"template":"","format":"standard","meta":{"_yoast_wpseo_focuskw":"dor na virilha","_yoast_wpseo_title":"","_yoast_wpseo_metadesc":"Dor na virilha ao levantar da cadeira pode estar ligada ao quadril. Veja sinais, cuidados, causas poss\u00edveis e quando procurar avalia\u00e7\u00e3o m\u00e9dica.","jnews-multi-image_gallery":[],"jnews_single_post":{"format":"standard"},"jnews_primary_category":[],"jnews_social_meta":[],"jnews_override_counter":[],"footnotes":""},"categories":[111],"tags":[13161,2377,11268],"class_list":["post-107832","post","type-post","status-publish","format-standard","has-post-thumbnail","hentry","category-saude","tag-dificuldade-para-caminhar","tag-dor-no-quadril","tag-rigidez-no-quadril"],"yoast_head":"<!-- This site is optimized with the Yoast SEO plugin v26.7 - https:\/\/yoast.com\/wordpress\/plugins\/seo\/ -->\n<title>Dor na virilha ao levantar da cadeira: quando o quadril pode estar envolvido - Tua Sa\u00fade<\/title>\n<meta name=\"description\" content=\"Dor na virilha ao levantar da cadeira pode estar ligada ao quadril. Veja sinais, cuidados, causas poss\u00edveis e quando procurar avalia\u00e7\u00e3o m\u00e9dica.\" \/>\n<meta name=\"robots\" content=\"index, follow, max-snippet:-1, max-image-preview:large, max-video-preview:-1\" \/>\n<link rel=\"canonical\" href=\"https:\/\/www.tuasaude.com\/news\/2026\/09\/04\/dor-na-virilha-ao-levantar-da-cadeira-quando-o-quadril-pode-estar-envolvido\/\" \/>\n<meta property=\"og:locale\" content=\"pt_BR\" \/>\n<meta property=\"og:type\" content=\"article\" \/>\n<meta property=\"og:title\" content=\"Dor na virilha ao levantar da cadeira: quando o quadril pode estar envolvido - Tua Sa\u00fade\" \/>\n<meta property=\"og:description\" content=\"Dor na virilha ao levantar da cadeira pode estar ligada ao quadril. Veja sinais, cuidados, causas poss\u00edveis e quando procurar avalia\u00e7\u00e3o m\u00e9dica.\" \/>\n<meta property=\"og:url\" content=\"https:\/\/www.tuasaude.com\/news\/2026\/09\/04\/dor-na-virilha-ao-levantar-da-cadeira-quando-o-quadril-pode-estar-envolvido\/\" \/>\n<meta property=\"og:site_name\" content=\"Tua Sa\u00fade\" \/>\n<meta property=\"article:published_time\" content=\"2026-09-04T19:40:00+00:00\" \/>\n<meta property=\"og:image\" content=\"https:\/\/www.tuasaude.com\/news\/wp-content\/uploads\/2026\/09\/107832_dor-na-virilha-ao-levantar-da-cadeira-quando-o-quadril-pode-_destaque.jpg\" \/>\n\t<meta property=\"og:image:width\" content=\"1280\" \/>\n\t<meta property=\"og:image:height\" content=\"714\" \/>\n\t<meta property=\"og:image:type\" content=\"image\/jpeg\" \/>\n<meta name=\"author\" content=\"Jeferson Henrique\" \/>\n<meta name=\"twitter:card\" content=\"summary_large_image\" \/>\n<meta name=\"twitter:label1\" content=\"Escrito por\" \/>\n\t<meta name=\"twitter:data1\" content=\"Jeferson Henrique\" \/>\n\t<meta name=\"twitter:label2\" content=\"Est. tempo de leitura\" \/>\n\t<meta name=\"twitter:data2\" content=\"3 minutos\" \/>\n<!-- \/ Yoast SEO plugin. -->","yoast_head_json":{"title":"Dor na virilha ao levantar da cadeira: quando o quadril pode estar envolvido - Tua Sa\u00fade","description":"Dor na virilha ao levantar da cadeira pode estar ligada ao quadril. Veja sinais, cuidados, causas poss\u00edveis e quando procurar avalia\u00e7\u00e3o m\u00e9dica.","robots":{"index":"index","follow":"follow","max-snippet":"max-snippet:-1","max-image-preview":"max-image-preview:large","max-video-preview":"max-video-preview:-1"},"canonical":"https:\/\/www.tuasaude.com\/news\/2026\/09\/04\/dor-na-virilha-ao-levantar-da-cadeira-quando-o-quadril-pode-estar-envolvido\/","og_locale":"pt_BR","og_type":"article","og_title":"Dor na virilha ao levantar da cadeira: quando o quadril pode estar envolvido - Tua Sa\u00fade","og_description":"Dor na virilha ao levantar da cadeira pode estar ligada ao quadril. Veja sinais, cuidados, causas poss\u00edveis e quando procurar avalia\u00e7\u00e3o m\u00e9dica.","og_url":"https:\/\/www.tuasaude.com\/news\/2026\/09\/04\/dor-na-virilha-ao-levantar-da-cadeira-quando-o-quadril-pode-estar-envolvido\/","og_site_name":"Tua Sa\u00fade","article_published_time":"2026-09-04T19:40:00+00:00","og_image":[{"width":1280,"height":714,"url":"https:\/\/www.tuasaude.com\/news\/wp-content\/uploads\/2026\/09\/107832_dor-na-virilha-ao-levantar-da-cadeira-quando-o-quadril-pode-_destaque.jpg","type":"image\/jpeg"}],"author":"Jeferson Henrique","twitter_card":"summary_large_image","twitter_misc":{"Escrito por":"Jeferson Henrique","Est. tempo de leitura":"3 minutos"},"schema":{"@context":"https:\/\/schema.org","@graph":[{"@type":"Article","@id":"https:\/\/www.tuasaude.com\/news\/2026\/09\/04\/dor-na-virilha-ao-levantar-da-cadeira-quando-o-quadril-pode-estar-envolvido\/#article","isPartOf":{"@id":"https:\/\/www.tuasaude.com\/news\/2026\/09\/04\/dor-na-virilha-ao-levantar-da-cadeira-quando-o-quadril-pode-estar-envolvido\/"},"author":{"name":"Jeferson Henrique","@id":"https:\/\/www.tuasaude.com\/news\/#\/schema\/person\/963d63d4e1f0c81f5f3a70ba4bcb0ef7"},"headline":"Dor na virilha ao levantar da cadeira: quando o quadril pode estar envolvido","datePublished":"2026-09-04T19:40:00+00:00","mainEntityOfPage":{"@id":"https:\/\/www.tuasaude.com\/news\/2026\/09\/04\/dor-na-virilha-ao-levantar-da-cadeira-quando-o-quadril-pode-estar-envolvido\/"},"wordCount":583,"commentCount":0,"image":{"@id":"https:\/\/www.tuasaude.com\/news\/2026\/09\/04\/dor-na-virilha-ao-levantar-da-cadeira-quando-o-quadril-pode-estar-envolvido\/#primaryimage"},"thumbnailUrl":"https:\/\/www.tuasaude.com\/news\/wp-content\/uploads\/2026\/09\/107832_dor-na-virilha-ao-levantar-da-cadeira-quando-o-quadril-pode-_destaque.jpg","keywords":["dificuldade para caminhar","dor no quadril","rigidez no quadril"],"articleSection":["Sa\u00fade"],"inLanguage":"pt-BR","potentialAction":[{"@type":"CommentAction","name":"Comment","target":["https:\/\/www.tuasaude.com\/news\/2026\/09\/04\/dor-na-virilha-ao-levantar-da-cadeira-quando-o-quadril-pode-estar-envolvido\/#respond"]}]},{"@type":"WebPage","@id":"https:\/\/www.tuasaude.com\/news\/2026\/09\/04\/dor-na-virilha-ao-levantar-da-cadeira-quando-o-quadril-pode-estar-envolvido\/","url":"https:\/\/www.tuasaude.com\/news\/2026\/09\/04\/dor-na-virilha-ao-levantar-da-cadeira-quando-o-quadril-pode-estar-envolvido\/","name":"Dor na virilha ao levantar da cadeira: quando o quadril pode estar envolvido - Tua Sa\u00fade","isPartOf":{"@id":"https:\/\/www.tuasaude.com\/news\/#website"},"primaryImageOfPage":{"@id":"https:\/\/www.tuasaude.com\/news\/2026\/09\/04\/dor-na-virilha-ao-levantar-da-cadeira-quando-o-quadril-pode-estar-envolvido\/#primaryimage"},"image":{"@id":"https:\/\/www.tuasaude.com\/news\/2026\/09\/04\/dor-na-virilha-ao-levantar-da-cadeira-quando-o-quadril-pode-estar-envolvido\/#primaryimage"},"thumbnailUrl":"https:\/\/www.tuasaude.com\/news\/wp-content\/uploads\/2026\/09\/107832_dor-na-virilha-ao-levantar-da-cadeira-quando-o-quadril-pode-_destaque.jpg","datePublished":"2026-09-04T19:40:00+00:00","author":{"@id":"https:\/\/www.tuasaude.com\/news\/#\/schema\/person\/963d63d4e1f0c81f5f3a70ba4bcb0ef7"},"description":"Dor na virilha ao levantar da cadeira pode estar ligada ao quadril. Veja sinais, cuidados, causas poss\u00edveis e quando procurar avalia\u00e7\u00e3o m\u00e9dica.","breadcrumb":{"@id":"https:\/\/www.tuasaude.com\/news\/2026\/09\/04\/dor-na-virilha-ao-levantar-da-cadeira-quando-o-quadril-pode-estar-envolvido\/#breadcrumb"},"inLanguage":"pt-BR","potentialAction":[{"@type":"ReadAction","target":["https:\/\/www.tuasaude.com\/news\/2026\/09\/04\/dor-na-virilha-ao-levantar-da-cadeira-quando-o-quadril-pode-estar-envolvido\/"]}]},{"@type":"ImageObject","inLanguage":"pt-BR","@id":"https:\/\/www.tuasaude.com\/news\/2026\/09\/04\/dor-na-virilha-ao-levantar-da-cadeira-quando-o-quadril-pode-estar-envolvido\/#primaryimage","url":"https:\/\/www.tuasaude.com\/news\/wp-content\/uploads\/2026\/09\/107832_dor-na-virilha-ao-levantar-da-cadeira-quando-o-quadril-pode-_destaque.jpg","contentUrl":"https:\/\/www.tuasaude.com\/news\/wp-content\/uploads\/2026\/09\/107832_dor-na-virilha-ao-levantar-da-cadeira-quando-o-quadril-pode-_destaque.jpg","width":1280,"height":714,"caption":"Dor na virilha ao levantar pode estar relacionada \u00e0 articula\u00e7\u00e3o do quadril."},{"@type":"BreadcrumbList","@id":"https:\/\/www.tuasaude.com\/news\/2026\/09\/04\/dor-na-virilha-ao-levantar-da-cadeira-quando-o-quadril-pode-estar-envolvido\/#breadcrumb","itemListElement":[{"@type":"ListItem","position":1,"name":"In\u00edcio","item":"https:\/\/www.tuasaude.com\/news\/"},{"@type":"ListItem","position":2,"name":"Dor na virilha ao levantar da cadeira: quando o quadril pode estar envolvido"}]},{"@type":"WebSite","@id":"https:\/\/www.tuasaude.com\/news\/#website","url":"https:\/\/www.tuasaude.com\/news\/","name":"Tua Sa\u00fade","description":"Seu site de sa\u00fade","potentialAction":[{"@type":"SearchAction","target":{"@type":"EntryPoint","urlTemplate":"https:\/\/www.tuasaude.com\/news\/?s={search_term_string}"},"query-input":{"@type":"PropertyValueSpecification","valueRequired":true,"valueName":"search_term_string"}}],"inLanguage":"pt-BR"},{"@type":"Person","@id":"https:\/\/www.tuasaude.com\/news\/#\/schema\/person\/963d63d4e1f0c81f5f3a70ba4bcb0ef7","name":"Jeferson Henrique","image":{"@type":"ImageObject","inLanguage":"pt-BR","@id":"https:\/\/www.tuasaude.com\/news\/#\/schema\/person\/image\/","url":"https:\/\/secure.gravatar.com\/avatar\/1a476a54a48eb3cdea5dd2f016708263892c6b9f5e54b641df7c65e980fd6f69?s=96&d=mm&r=g","contentUrl":"https:\/\/secure.gravatar.com\/avatar\/1a476a54a48eb3cdea5dd2f016708263892c6b9f5e54b641df7c65e980fd6f69?s=96&d=mm&r=g","caption":"Jeferson Henrique"},"sameAs":["https:\/\/www.tuasaude.com\/news\/"],"url":"https:\/\/www.tuasaude.com\/news\/author\/jeferson-henrique\/"}]}},"_links":{"self":[{"href":"https:\/\/www.tuasaude.com\/news\/wp-json\/wp\/v2\/posts\/107832","targetHints":{"allow":["GET"]}}],"collection":[{"href":"https:\/\/www.tuasaude.com\/news\/wp-json\/wp\/v2\/posts"}],"about":[{"href":"https:\/\/www.tuasaude.com\/news\/wp-json\/wp\/v2\/types\/post"}],"author":[{"embeddable":true,"href":"https:\/\/www.tuasaude.com\/news\/wp-json\/wp\/v2\/users\/12"}],"replies":[{"embeddable":true,"href":"https:\/\/www.tuasaude.com\/news\/wp-json\/wp\/v2\/comments?post=107832"}],"version-history":[{"count":1,"href":"https:\/\/www.tuasaude.com\/news\/wp-json\/wp\/v2\/posts\/107832\/revisions"}],"predecessor-version":[{"id":107836,"href":"https:\/\/www.tuasaude.com\/news\/wp-json\/wp\/v2\/posts\/107832\/revisions\/107836"}],"wp:featuredmedia":[{"embeddable":true,"href":"https:\/\/www.tuasaude.com\/news\/wp-json\/wp\/v2\/media\/107833"}],"wp:attachment":[{"href":"https:\/\/www.tuasaude.com\/news\/wp-json\/wp\/v2\/media?parent=107832"}],"wp:term":[{"taxonomy":"category","embeddable":true,"href":"https:\/\/www.tuasaude.com\/news\/wp-json\/wp\/v2\/categories?post=107832"},{"taxonomy":"post_tag","embeddable":true,"href":"https:\/\/www.tuasaude.com\/news\/wp-json\/wp\/v2\/tags?post=107832"}],"curies":[{"name":"wp","href":"https:\/\/api.w.org\/{rel}","templated":true}]}}