{"id":107818,"date":"2026-09-04T22:40:00","date_gmt":"2026-09-05T01:40:00","guid":{"rendered":"https:\/\/www.tuasaude.com\/news\/?p=107818"},"modified":"2026-09-03T23:39:02","modified_gmt":"2026-09-04T02:39:02","slug":"refluxo-insonia-e-ansiedade-os-efeitos-do-consumo-exagerado-de-cafeina","status":"publish","type":"post","link":"https:\/\/www.tuasaude.com\/news\/2026\/09\/04\/refluxo-insonia-e-ansiedade-os-efeitos-do-consumo-exagerado-de-cafeina\/","title":{"rendered":"Refluxo, ins\u00f4nia e ansiedade: os efeitos do consumo exagerado de cafe\u00edna"},"content":{"rendered":"\n<p class=\"wp-block-paragraph\">O consumo exagerado de cafe\u00edna, seja em caf\u00e9, ch\u00e1s fortes ou energ\u00e9ticos, pode contribuir para refluxo gastroesof\u00e1gico, ins\u00f4nia e sintomas de ansiedade ao relaxar o esf\u00edncter do es\u00f4fago, prejudicar o sono profundo e estimular em excesso o sistema nervoso central. Segundo a Anvisa, adultos saud\u00e1veis podem consumir at\u00e9 400 mg de cafe\u00edna por dia com seguran\u00e7a, mas ultrapassar essa quantidade favorece efeitos indesejados especialmente em pessoas mais sens\u00edveis. Entender como a cafe\u00edna age no organismo ajuda a fazer escolhas equilibradas e a preservar a sa\u00fade digestiva, o sono e o bem-estar emocional.<\/p>\n\n\n\n<h2 class=\"wp-block-heading\">Como a cafe\u00edna em excesso favorece o refluxo?<\/h2>\n\n\n\n<p class=\"wp-block-paragraph\">A cafe\u00edna relaxa o esf\u00edncter esof\u00e1gico inferior, m\u00fasculo respons\u00e1vel por impedir o retorno do \u00e1cido do est\u00f4mago para o es\u00f4fago. Quando essa estrutura perde t\u00f4nus com frequ\u00eancia, o \u00e1cido sobe e provoca a sensa\u00e7\u00e3o t\u00edpica de queima\u00e7\u00e3o atr\u00e1s do osso esterno.<\/p>\n\n\n\n<p class=\"wp-block-paragraph\">Al\u00e9m disso, o caf\u00e9 estimula a produ\u00e7\u00e3o de \u00e1cido g\u00e1strico, o que pode agravar quadros de gastrite e piorar sintomas em quem j\u00e1 tem doen\u00e7a do refluxo. Reduzir o consumo \u00e9 uma das primeiras recomenda\u00e7\u00f5es para quem sente <a href=\"https:\/\/www.tuasaude.com\/sintomas-de-refluxo\/\" target=\"_blank\" rel=\"noreferrer noopener\">sintomas de refluxo<\/a> ap\u00f3s tomar caf\u00e9.<\/p>\n\n\n\n<h2 class=\"wp-block-heading\">Por que a cafe\u00edna prejudica o sono e o sono REM?<\/h2>\n\n\n\n<p class=\"wp-block-paragraph\">A cafe\u00edna bloqueia os receptores de adenosina no c\u00e9rebro, subst\u00e2ncia que sinaliza cansa\u00e7o e prepara o organismo para o sono. Esse bloqueio pode durar v\u00e1rias horas, atrasando o in\u00edcio do sono e reduzindo a dura\u00e7\u00e3o das fases mais profundas.<\/p>\n\n\n\n<p class=\"wp-block-paragraph\">Consumir caf\u00e9 \u00e0 tarde ou \u00e0 noite prejudica principalmente o sono de ondas lentas e o sono REM, essenciais para a mem\u00f3ria e o equil\u00edbrio hormonal. A pr\u00e1tica se torna um dos gatilhos silenciosos da <a href=\"https:\/\/www.tuasaude.com\/insonia\/\" target=\"_blank\" rel=\"noreferrer noopener\">ins\u00f4nia<\/a>, especialmente em pessoas com metabolismo mais lento da subst\u00e2ncia.<\/p>\n\n\n<div class=\"wp-block-image\">\n<figure class=\"aligncenter size-large\"><img decoding=\"async\" width=\"1024\" height=\"571\" src=\"https:\/\/www.tuasaude.com\/news\/wp-content\/uploads\/2026\/09\/Excessive_caffeine_health_effect\u2026_202609032338-1024x571.jpg\" alt=\"Refluxo, sono, ansiedade, dose e hor\u00e1rio explicam os principais efeitos do excesso de cafe\u00edna.\" class=\"wp-image-107820\" srcset=\"https:\/\/www.tuasaude.com\/news\/wp-content\/uploads\/2026\/09\/Excessive_caffeine_health_effect\u2026_202609032338-1024x571.jpg 1024w, https:\/\/www.tuasaude.com\/news\/wp-content\/uploads\/2026\/09\/Excessive_caffeine_health_effect\u2026_202609032338-300x167.jpg 300w, https:\/\/www.tuasaude.com\/news\/wp-content\/uploads\/2026\/09\/Excessive_caffeine_health_effect\u2026_202609032338-768x428.jpg 768w, https:\/\/www.tuasaude.com\/news\/wp-content\/uploads\/2026\/09\/Excessive_caffeine_health_effect\u2026_202609032338-750x418.jpg 750w, https:\/\/www.tuasaude.com\/news\/wp-content\/uploads\/2026\/09\/Excessive_caffeine_health_effect\u2026_202609032338-1140x636.jpg 1140w, https:\/\/www.tuasaude.com\/news\/wp-content\/uploads\/2026\/09\/Excessive_caffeine_health_effect\u2026_202609032338.jpg 1280w\" sizes=\"(max-width: 1024px) 100vw, 1024px\" \/><figcaption class=\"wp-element-caption\">Refluxo, sono, ansiedade, dose e hor\u00e1rio explicam os principais efeitos do excesso de cafe\u00edna.<\/figcaption><\/figure>\n<\/div>\n\n\n<h2 class=\"wp-block-heading\">Quais fontes de cafe\u00edna merecem aten\u00e7\u00e3o no dia a dia?<\/h2>\n\n\n\n<p class=\"wp-block-paragraph\">Muita gente subestima o consumo di\u00e1rio por n\u00e3o somar todas as fontes de cafe\u00edna ingeridas ao longo do dia. Confira os principais itens que precisam entrar na conta:<\/p>\n\n\n\n<ul class=\"wp-block-list\">\n<li><strong>Caf\u00e9 coado, expresso e c\u00e1psulas<\/strong>, com 80 a 150 mg de cafe\u00edna por x\u00edcara pequena<\/li>\n\n\n\n<li><strong>Bebidas energ\u00e9ticas<\/strong>, que podem ter entre 80 e 300 mg por lata<\/li>\n\n\n\n<li><strong>Ch\u00e1s verde, preto e mate<\/strong>, com 30 a 70 mg por x\u00edcara<\/li>\n\n\n\n<li><strong>Refrigerantes tipo cola<\/strong>, com cerca de 30 a 50 mg por lata<\/li>\n\n\n\n<li><strong>Chocolate amargo, pr\u00e9-treinos e alguns medicamentos<\/strong> como analg\u00e9sicos e emagrecedores<\/li>\n<\/ul>\n\n\n\n<h2 class=\"wp-block-heading\">Como uma meta-an\u00e1lise confirma o impacto no sono?<\/h2>\n\n\n\n<p class=\"wp-block-paragraph\">Os efeitos da cafe\u00edna sobre o sono j\u00e1 foram documentados em pesquisas robustas. Uma revis\u00e3o sistem\u00e1tica com meta-an\u00e1lise chamada <a href=\"https:\/\/pubmed.ncbi.nlm.nih.gov\/36870101\/\" target=\"_blank\" rel=\"noreferrer noopener\">The effect of caffeine on subsequent sleep<\/a>, publicada na revista Sleep Medicine Reviews e indexada no PubMed, reuniu 24 estudos sobre o tema.<\/p>\n\n\n\n<p class=\"wp-block-paragraph\">Segundo o The effect of caffeine on subsequent sleep publicado na Sleep Medicine Reviews, o consumo de cafe\u00edna reduziu o tempo total de sono em 45 minutos, diminuiu a efici\u00eancia do sono em 7% e reduziu a dura\u00e7\u00e3o do sono profundo em cerca de 11 minutos, com recomenda\u00e7\u00e3o de evitar caf\u00e9 pelo menos 8,8 horas antes de dormir para minimizar preju\u00edzos.<\/p>\n\n\n<div class=\"wp-block-image\">\n<figure class=\"aligncenter size-large\"><img decoding=\"async\" width=\"1024\" height=\"571\" src=\"https:\/\/www.tuasaude.com\/news\/wp-content\/uploads\/2026\/09\/Man_working_at_home_desk_202609032338-1024x571.jpg\" alt=\"Somar todas as fontes de cafe\u00edna ajuda a entender seu impacto no corpo ao longo do dia.\" class=\"wp-image-107821\" srcset=\"https:\/\/www.tuasaude.com\/news\/wp-content\/uploads\/2026\/09\/Man_working_at_home_desk_202609032338-1024x571.jpg 1024w, https:\/\/www.tuasaude.com\/news\/wp-content\/uploads\/2026\/09\/Man_working_at_home_desk_202609032338-300x167.jpg 300w, https:\/\/www.tuasaude.com\/news\/wp-content\/uploads\/2026\/09\/Man_working_at_home_desk_202609032338-768x428.jpg 768w, https:\/\/www.tuasaude.com\/news\/wp-content\/uploads\/2026\/09\/Man_working_at_home_desk_202609032338-750x418.jpg 750w, https:\/\/www.tuasaude.com\/news\/wp-content\/uploads\/2026\/09\/Man_working_at_home_desk_202609032338-1140x636.jpg 1140w, https:\/\/www.tuasaude.com\/news\/wp-content\/uploads\/2026\/09\/Man_working_at_home_desk_202609032338.jpg 1280w\" sizes=\"(max-width: 1024px) 100vw, 1024px\" \/><figcaption class=\"wp-element-caption\">Somar todas as fontes de cafe\u00edna ajuda a entender seu impacto no corpo ao longo do dia.<\/figcaption><\/figure>\n<\/div>\n\n\n<h2 class=\"wp-block-heading\">Como equilibrar o consumo para evitar ansiedade e outros efeitos?<\/h2>\n\n\n\n<p class=\"wp-block-paragraph\">O ideal \u00e9 adaptar a quantidade e o hor\u00e1rio da cafe\u00edna \u00e0 sensibilidade individual, especialmente em pessoas ansiosas, hipertensas ou com refluxo. Veja estrat\u00e9gias pr\u00e1ticas para um consumo mais equilibrado:<\/p>\n\n\n\n<ol class=\"wp-block-list\">\n<li>Respeitar o limite de at\u00e9 400 mg de cafe\u00edna por dia recomendado pela Anvisa e pela FDA para adultos saud\u00e1veis<\/li>\n\n\n\n<li>Evitar caf\u00e9 e energ\u00e9ticos ap\u00f3s as 15h ou 16h, permitindo que a subst\u00e2ncia seja eliminada antes do sono<\/li>\n\n\n\n<li>Reduzir gradualmente o consumo em caso de agita\u00e7\u00e3o, ins\u00f4nia frequente ou palpita\u00e7\u00f5es, para evitar dor de cabe\u00e7a de abstin\u00eancia<\/li>\n\n\n\n<li>Somar todas as fontes de cafe\u00edna do dia, incluindo ch\u00e1s, refrigerantes e suplementos pr\u00e9-treino<\/li>\n\n\n\n<li>Considerar reduzir ou eliminar o consumo diante de sintomas persistentes, buscando orienta\u00e7\u00e3o m\u00e9dica se houver <a href=\"https:\/\/www.tuasaude.com\/cafeina-faz-mal\/\" target=\"_blank\" rel=\"noreferrer noopener\">sinais de excesso de cafe\u00edna<\/a> associados a ansiedade, taquicardia ou dist\u00farbios do sono<\/li>\n<\/ol>\n\n\n\n<p class=\"wp-block-paragraph\"><em>Este conte\u00fado tem car\u00e1ter meramente informativo e n\u00e3o substitui a avalia\u00e7\u00e3o, o diagn\u00f3stico ou o tratamento realizados por um profissional de sa\u00fade qualificado. Consulte sempre um cl\u00ednico geral, gastroenterologista ou m\u00e9dico do sono diante de refluxo persistente, ins\u00f4nia frequente ou sintomas de ansiedade que possam estar relacionados ao consumo de cafe\u00edna.<\/em><\/p>\n","protected":false},"excerpt":{"rendered":"<p>O consumo exagerado de cafe\u00edna, seja em caf\u00e9, ch\u00e1s fortes ou energ\u00e9ticos, pode contribuir para refluxo gastroesof\u00e1gico, ins\u00f4nia e sintomas de ansiedade ao relaxar o esf\u00edncter do es\u00f4fago, prejudicar o sono profundo e estimular em excesso o sistema nervoso central. Segundo a Anvisa, adultos saud\u00e1veis podem consumir at\u00e9 400 mg de cafe\u00edna por dia com [&hellip;]<\/p>\n","protected":false},"author":11,"featured_media":107819,"comment_status":"open","ping_status":"open","sticky":false,"template":"","format":"standard","meta":{"_yoast_wpseo_focuskw":"cafe\u00edna","_yoast_wpseo_title":"","_yoast_wpseo_metadesc":"Caf\u00e9, energ\u00e9ticos e ch\u00e1s podem elevar o consumo de cafe\u00edna sem voc\u00ea perceber. Entenda como o excesso afeta o refluxo, o sono e os sintomas de ansiedade.","jnews-multi-image_gallery":[],"jnews_single_post":{"format":"standard"},"jnews_primary_category":[],"jnews_social_meta":[],"jnews_override_counter":[],"footnotes":""},"categories":[111],"tags":[140,869,510,3868,136],"class_list":["post-107818","post","type-post","status-publish","format-standard","has-post-thumbnail","hentry","category-saude","tag-ansiedade","tag-cafeina","tag-insonia","tag-refluxo","tag-saude"],"yoast_head":"<!-- This site is optimized with the Yoast SEO plugin v26.7 - https:\/\/yoast.com\/wordpress\/plugins\/seo\/ -->\n<title>Refluxo, ins\u00f4nia e ansiedade: os efeitos do consumo exagerado de cafe\u00edna - Tua Sa\u00fade<\/title>\n<meta name=\"description\" content=\"Caf\u00e9, energ\u00e9ticos e ch\u00e1s podem elevar o consumo de cafe\u00edna sem voc\u00ea perceber. Entenda como o excesso afeta o refluxo, o sono e os sintomas de ansiedade.\" \/>\n<meta name=\"robots\" content=\"index, follow, max-snippet:-1, max-image-preview:large, max-video-preview:-1\" \/>\n<link rel=\"canonical\" href=\"https:\/\/www.tuasaude.com\/news\/2026\/09\/04\/refluxo-insonia-e-ansiedade-os-efeitos-do-consumo-exagerado-de-cafeina\/\" \/>\n<meta property=\"og:locale\" content=\"pt_BR\" \/>\n<meta property=\"og:type\" content=\"article\" \/>\n<meta property=\"og:title\" content=\"Refluxo, ins\u00f4nia e ansiedade: os efeitos do consumo exagerado de cafe\u00edna - Tua Sa\u00fade\" \/>\n<meta property=\"og:description\" content=\"Caf\u00e9, energ\u00e9ticos e ch\u00e1s podem elevar o consumo de cafe\u00edna sem voc\u00ea perceber. Entenda como o excesso afeta o refluxo, o sono e os sintomas de ansiedade.\" \/>\n<meta property=\"og:url\" content=\"https:\/\/www.tuasaude.com\/news\/2026\/09\/04\/refluxo-insonia-e-ansiedade-os-efeitos-do-consumo-exagerado-de-cafeina\/\" \/>\n<meta property=\"og:site_name\" content=\"Tua Sa\u00fade\" \/>\n<meta property=\"article:published_time\" content=\"2026-09-05T01:40:00+00:00\" \/>\n<meta property=\"og:image\" content=\"https:\/\/www.tuasaude.com\/news\/wp-content\/uploads\/2026\/09\/Man_working_at_home_office_202609032338.jpg\" \/>\n\t<meta property=\"og:image:width\" content=\"1280\" \/>\n\t<meta property=\"og:image:height\" content=\"714\" \/>\n\t<meta property=\"og:image:type\" content=\"image\/jpeg\" \/>\n<meta name=\"author\" content=\"Gessika Julia Carvalho\" \/>\n<meta name=\"twitter:card\" content=\"summary_large_image\" \/>\n<meta name=\"twitter:label1\" content=\"Escrito por\" \/>\n\t<meta name=\"twitter:data1\" content=\"Gessika Julia Carvalho\" \/>\n\t<meta name=\"twitter:label2\" content=\"Est. tempo de leitura\" \/>\n\t<meta name=\"twitter:data2\" content=\"5 minutos\" \/>\n<!-- \/ Yoast SEO plugin. -->","yoast_head_json":{"title":"Refluxo, ins\u00f4nia e ansiedade: os efeitos do consumo exagerado de cafe\u00edna - Tua Sa\u00fade","description":"Caf\u00e9, energ\u00e9ticos e ch\u00e1s podem elevar o consumo de cafe\u00edna sem voc\u00ea perceber. Entenda como o excesso afeta o refluxo, o sono e os sintomas de ansiedade.","robots":{"index":"index","follow":"follow","max-snippet":"max-snippet:-1","max-image-preview":"max-image-preview:large","max-video-preview":"max-video-preview:-1"},"canonical":"https:\/\/www.tuasaude.com\/news\/2026\/09\/04\/refluxo-insonia-e-ansiedade-os-efeitos-do-consumo-exagerado-de-cafeina\/","og_locale":"pt_BR","og_type":"article","og_title":"Refluxo, ins\u00f4nia e ansiedade: os efeitos do consumo exagerado de cafe\u00edna - Tua Sa\u00fade","og_description":"Caf\u00e9, energ\u00e9ticos e ch\u00e1s podem elevar o consumo de cafe\u00edna sem voc\u00ea perceber. Entenda como o excesso afeta o refluxo, o sono e os sintomas de ansiedade.","og_url":"https:\/\/www.tuasaude.com\/news\/2026\/09\/04\/refluxo-insonia-e-ansiedade-os-efeitos-do-consumo-exagerado-de-cafeina\/","og_site_name":"Tua Sa\u00fade","article_published_time":"2026-09-05T01:40:00+00:00","og_image":[{"width":1280,"height":714,"url":"https:\/\/www.tuasaude.com\/news\/wp-content\/uploads\/2026\/09\/Man_working_at_home_office_202609032338.jpg","type":"image\/jpeg"}],"author":"Gessika Julia Carvalho","twitter_card":"summary_large_image","twitter_misc":{"Escrito por":"Gessika Julia Carvalho","Est. tempo de leitura":"5 minutos"},"schema":{"@context":"https:\/\/schema.org","@graph":[{"@type":"Article","@id":"https:\/\/www.tuasaude.com\/news\/2026\/09\/04\/refluxo-insonia-e-ansiedade-os-efeitos-do-consumo-exagerado-de-cafeina\/#article","isPartOf":{"@id":"https:\/\/www.tuasaude.com\/news\/2026\/09\/04\/refluxo-insonia-e-ansiedade-os-efeitos-do-consumo-exagerado-de-cafeina\/"},"author":{"name":"Gessika Julia Carvalho","@id":"https:\/\/www.tuasaude.com\/news\/#\/schema\/person\/2e9df841be69ec84f5d20ddb8d273ac2"},"headline":"Refluxo, ins\u00f4nia e ansiedade: os efeitos do consumo exagerado de cafe\u00edna","datePublished":"2026-09-05T01:40:00+00:00","mainEntityOfPage":{"@id":"https:\/\/www.tuasaude.com\/news\/2026\/09\/04\/refluxo-insonia-e-ansiedade-os-efeitos-do-consumo-exagerado-de-cafeina\/"},"wordCount":807,"commentCount":0,"image":{"@id":"https:\/\/www.tuasaude.com\/news\/2026\/09\/04\/refluxo-insonia-e-ansiedade-os-efeitos-do-consumo-exagerado-de-cafeina\/#primaryimage"},"thumbnailUrl":"https:\/\/www.tuasaude.com\/news\/wp-content\/uploads\/2026\/09\/Man_working_at_home_office_202609032338.jpg","keywords":["ansiedade","cafe\u00edna","ins\u00f4nia","refluxo","sa\u00fade"],"articleSection":["Sa\u00fade"],"inLanguage":"pt-BR","potentialAction":[{"@type":"CommentAction","name":"Comment","target":["https:\/\/www.tuasaude.com\/news\/2026\/09\/04\/refluxo-insonia-e-ansiedade-os-efeitos-do-consumo-exagerado-de-cafeina\/#respond"]}]},{"@type":"WebPage","@id":"https:\/\/www.tuasaude.com\/news\/2026\/09\/04\/refluxo-insonia-e-ansiedade-os-efeitos-do-consumo-exagerado-de-cafeina\/","url":"https:\/\/www.tuasaude.com\/news\/2026\/09\/04\/refluxo-insonia-e-ansiedade-os-efeitos-do-consumo-exagerado-de-cafeina\/","name":"Refluxo, ins\u00f4nia e ansiedade: os efeitos do consumo exagerado de cafe\u00edna - Tua Sa\u00fade","isPartOf":{"@id":"https:\/\/www.tuasaude.com\/news\/#website"},"primaryImageOfPage":{"@id":"https:\/\/www.tuasaude.com\/news\/2026\/09\/04\/refluxo-insonia-e-ansiedade-os-efeitos-do-consumo-exagerado-de-cafeina\/#primaryimage"},"image":{"@id":"https:\/\/www.tuasaude.com\/news\/2026\/09\/04\/refluxo-insonia-e-ansiedade-os-efeitos-do-consumo-exagerado-de-cafeina\/#primaryimage"},"thumbnailUrl":"https:\/\/www.tuasaude.com\/news\/wp-content\/uploads\/2026\/09\/Man_working_at_home_office_202609032338.jpg","datePublished":"2026-09-05T01:40:00+00:00","author":{"@id":"https:\/\/www.tuasaude.com\/news\/#\/schema\/person\/2e9df841be69ec84f5d20ddb8d273ac2"},"description":"Caf\u00e9, energ\u00e9ticos e ch\u00e1s podem elevar o consumo de cafe\u00edna sem voc\u00ea perceber. Entenda como o excesso afeta o refluxo, o sono e os sintomas de ansiedade.","breadcrumb":{"@id":"https:\/\/www.tuasaude.com\/news\/2026\/09\/04\/refluxo-insonia-e-ansiedade-os-efeitos-do-consumo-exagerado-de-cafeina\/#breadcrumb"},"inLanguage":"pt-BR","potentialAction":[{"@type":"ReadAction","target":["https:\/\/www.tuasaude.com\/news\/2026\/09\/04\/refluxo-insonia-e-ansiedade-os-efeitos-do-consumo-exagerado-de-cafeina\/"]}]},{"@type":"ImageObject","inLanguage":"pt-BR","@id":"https:\/\/www.tuasaude.com\/news\/2026\/09\/04\/refluxo-insonia-e-ansiedade-os-efeitos-do-consumo-exagerado-de-cafeina\/#primaryimage","url":"https:\/\/www.tuasaude.com\/news\/wp-content\/uploads\/2026\/09\/Man_working_at_home_office_202609032338.jpg","contentUrl":"https:\/\/www.tuasaude.com\/news\/wp-content\/uploads\/2026\/09\/Man_working_at_home_office_202609032338.jpg","width":1280,"height":714,"caption":"Refluxo, ins\u00f4nia e ansiedade: os efeitos do consumo exagerado de cafe\u00edna"},{"@type":"BreadcrumbList","@id":"https:\/\/www.tuasaude.com\/news\/2026\/09\/04\/refluxo-insonia-e-ansiedade-os-efeitos-do-consumo-exagerado-de-cafeina\/#breadcrumb","itemListElement":[{"@type":"ListItem","position":1,"name":"In\u00edcio","item":"https:\/\/www.tuasaude.com\/news\/"},{"@type":"ListItem","position":2,"name":"Refluxo, ins\u00f4nia e ansiedade: os efeitos do consumo exagerado de cafe\u00edna"}]},{"@type":"WebSite","@id":"https:\/\/www.tuasaude.com\/news\/#website","url":"https:\/\/www.tuasaude.com\/news\/","name":"Tua Sa\u00fade","description":"Seu site de sa\u00fade","potentialAction":[{"@type":"SearchAction","target":{"@type":"EntryPoint","urlTemplate":"https:\/\/www.tuasaude.com\/news\/?s={search_term_string}"},"query-input":{"@type":"PropertyValueSpecification","valueRequired":true,"valueName":"search_term_string"}}],"inLanguage":"pt-BR"},{"@type":"Person","@id":"https:\/\/www.tuasaude.com\/news\/#\/schema\/person\/2e9df841be69ec84f5d20ddb8d273ac2","name":"Gessika Julia Carvalho","image":{"@type":"ImageObject","inLanguage":"pt-BR","@id":"https:\/\/www.tuasaude.com\/news\/#\/schema\/person\/image\/","url":"https:\/\/secure.gravatar.com\/avatar\/0fcc8769024577fd0bc6a8b766055690f76a8e8f29dfb2a2f89cf04db8d0f2d2?s=96&d=mm&r=g","contentUrl":"https:\/\/secure.gravatar.com\/avatar\/0fcc8769024577fd0bc6a8b766055690f76a8e8f29dfb2a2f89cf04db8d0f2d2?s=96&d=mm&r=g","caption":"Gessika Julia Carvalho"},"sameAs":["https:\/\/www.tuasaude.com\/news\/"],"url":"https:\/\/www.tuasaude.com\/news\/author\/gessika-julia\/"}]}},"_links":{"self":[{"href":"https:\/\/www.tuasaude.com\/news\/wp-json\/wp\/v2\/posts\/107818","targetHints":{"allow":["GET"]}}],"collection":[{"href":"https:\/\/www.tuasaude.com\/news\/wp-json\/wp\/v2\/posts"}],"about":[{"href":"https:\/\/www.tuasaude.com\/news\/wp-json\/wp\/v2\/types\/post"}],"author":[{"embeddable":true,"href":"https:\/\/www.tuasaude.com\/news\/wp-json\/wp\/v2\/users\/11"}],"replies":[{"embeddable":true,"href":"https:\/\/www.tuasaude.com\/news\/wp-json\/wp\/v2\/comments?post=107818"}],"version-history":[{"count":1,"href":"https:\/\/www.tuasaude.com\/news\/wp-json\/wp\/v2\/posts\/107818\/revisions"}],"predecessor-version":[{"id":107822,"href":"https:\/\/www.tuasaude.com\/news\/wp-json\/wp\/v2\/posts\/107818\/revisions\/107822"}],"wp:featuredmedia":[{"embeddable":true,"href":"https:\/\/www.tuasaude.com\/news\/wp-json\/wp\/v2\/media\/107819"}],"wp:attachment":[{"href":"https:\/\/www.tuasaude.com\/news\/wp-json\/wp\/v2\/media?parent=107818"}],"wp:term":[{"taxonomy":"category","embeddable":true,"href":"https:\/\/www.tuasaude.com\/news\/wp-json\/wp\/v2\/categories?post=107818"},{"taxonomy":"post_tag","embeddable":true,"href":"https:\/\/www.tuasaude.com\/news\/wp-json\/wp\/v2\/tags?post=107818"}],"curies":[{"name":"wp","href":"https:\/\/api.w.org\/{rel}","templated":true}]}}