{"id":107809,"date":"2026-09-04T20:10:00","date_gmt":"2026-09-04T23:10:00","guid":{"rendered":"https:\/\/www.tuasaude.com\/news\/?p=107809"},"modified":"2026-09-03T23:32:46","modified_gmt":"2026-09-04T02:32:46","slug":"de-manha-ou-a-tarde-qual-o-melhor-momento-para-consumir-cafeina-sem-prejudicar-o-sono","status":"publish","type":"post","link":"https:\/\/www.tuasaude.com\/news\/2026\/09\/04\/de-manha-ou-a-tarde-qual-o-melhor-momento-para-consumir-cafeina-sem-prejudicar-o-sono\/","title":{"rendered":"De manh\u00e3 ou \u00e0 tarde? Qual o melhor momento para consumir cafe\u00edna sem prejudicar o sono?"},"content":{"rendered":"\n<p class=\"wp-block-paragraph\">O melhor momento para consumir cafe\u00edna sem prejudicar o sono \u00e9 durante a manh\u00e3 e no in\u00edcio da tarde, preferencialmente at\u00e9 o meio-dia, evitando o consumo ap\u00f3s as 14 horas ou pelo menos 8 horas antes de dormir. A cafe\u00edna tem meia-vida de cerca de 5 horas, o que significa que metade da dose ingerida ainda circula no organismo v\u00e1rias horas depois, atrapalhando o in\u00edcio do sono, reduzindo o tempo total de descanso e afetando a fase de sono profundo. Ajustar o hor\u00e1rio do \u00faltimo caf\u00e9 do dia, respeitar a sensibilidade individual e considerar todas as fontes de cafe\u00edna consumidas s\u00e3o passos simples que ajudam a manter os benef\u00edcios da bebida sem comprometer a qualidade das noites.<\/p>\n\n\n\n<h2 class=\"wp-block-heading\">Como a cafe\u00edna age no corpo e no c\u00e9rebro?<\/h2>\n\n\n\n<p class=\"wp-block-paragraph\">A cafe\u00edna atua bloqueando os receptores de adenosina, neurotransmissor que se acumula ao longo do dia e provoca a sensa\u00e7\u00e3o de cansa\u00e7o. Esse bloqueio mant\u00e9m o c\u00e9rebro em estado de alerta, aumenta a concentra\u00e7\u00e3o e reduz a percep\u00e7\u00e3o da fadiga por v\u00e1rias horas.<\/p>\n\n\n\n<p class=\"wp-block-paragraph\">Al\u00e9m disso, ela estimula a libera\u00e7\u00e3o de cortisol e adrenalina, horm\u00f4nios ligados \u00e0 disposi\u00e7\u00e3o e ao estresse. Esses efeitos explicam por que a cafe\u00edna melhora o rendimento no curto prazo, mas tamb\u00e9m interfere no sono quando consumida em hor\u00e1rios inadequados ou em quantidade acima da recomendada.<\/p>\n\n\n\n<h2 class=\"wp-block-heading\">O que \u00e9 a meia-vida da cafe\u00edna e por que ela importa?<\/h2>\n\n\n\n<p class=\"wp-block-paragraph\">A meia-vida da cafe\u00edna \u00e9 o tempo que o organismo leva para eliminar metade da dose consumida, e costuma variar entre 3 e 5 horas em adultos saud\u00e1veis, podendo chegar a 9 horas em quem metaboliza mais devagar. Fatores como gen\u00e9tica, idade, gravidez e uso de medicamentos influenciam esse tempo.<\/p>\n\n\n\n<p class=\"wp-block-paragraph\">Isso significa que um caf\u00e9 tomado \u00e0s 16 horas ainda pode ter metade da dose circulando por volta das 21 horas, exatamente quando o corpo deveria estar desacelerando. Por isso, quem tem <a href=\"https:\/\/www.tuasaude.com\/insonia\/\" target=\"_blank\" rel=\"noreferrer noopener\">ins\u00f4nia<\/a> ou sensibilidade \u00e0 cafe\u00edna precisa reduzir o consumo ainda mais cedo.<\/p>\n\n\n<div class=\"wp-block-image\">\n<figure class=\"aligncenter size-large\"><img decoding=\"async\" width=\"1024\" height=\"571\" src=\"https:\/\/www.tuasaude.com\/news\/wp-content\/uploads\/2026\/09\/Infographic_explaining_caffeine_\u2026_202609032331-1024x571.jpg\" alt=\"Quanto mais tarde a cafe\u00edna \u00e9 consumida, maior pode ser seu impacto no descanso.\" class=\"wp-image-107815\" srcset=\"https:\/\/www.tuasaude.com\/news\/wp-content\/uploads\/2026\/09\/Infographic_explaining_caffeine_\u2026_202609032331-1024x571.jpg 1024w, https:\/\/www.tuasaude.com\/news\/wp-content\/uploads\/2026\/09\/Infographic_explaining_caffeine_\u2026_202609032331-300x167.jpg 300w, https:\/\/www.tuasaude.com\/news\/wp-content\/uploads\/2026\/09\/Infographic_explaining_caffeine_\u2026_202609032331-768x428.jpg 768w, https:\/\/www.tuasaude.com\/news\/wp-content\/uploads\/2026\/09\/Infographic_explaining_caffeine_\u2026_202609032331-750x418.jpg 750w, https:\/\/www.tuasaude.com\/news\/wp-content\/uploads\/2026\/09\/Infographic_explaining_caffeine_\u2026_202609032331-1140x636.jpg 1140w, https:\/\/www.tuasaude.com\/news\/wp-content\/uploads\/2026\/09\/Infographic_explaining_caffeine_\u2026_202609032331.jpg 1280w\" sizes=\"(max-width: 1024px) 100vw, 1024px\" \/><figcaption class=\"wp-element-caption\">Quanto mais tarde a cafe\u00edna \u00e9 consumida, maior pode ser seu impacto no descanso.<\/figcaption><\/figure>\n<\/div>\n\n\n<h2 class=\"wp-block-heading\">Quais s\u00e3o as principais fontes de cafe\u00edna no dia a dia?<\/h2>\n\n\n\n<p class=\"wp-block-paragraph\">A cafe\u00edna n\u00e3o est\u00e1 presente apenas no caf\u00e9 e pode aparecer em v\u00e1rios outros produtos consumidos ao longo do dia. Somar todas as fontes \u00e9 importante para n\u00e3o ultrapassar o limite seguro. Entre as principais est\u00e3o:<\/p>\n\n\n\n<ul class=\"wp-block-list\">\n<li><strong>Caf\u00e9 coado ou expresso<\/strong>, com 60 a 100 mg por x\u00edcara<\/li>\n\n\n\n<li><strong>Ch\u00e1 verde, preto ou mate<\/strong>, com 20 a 50 mg por x\u00edcara<\/li>\n\n\n\n<li><strong>Refrigerantes tipo cola<\/strong>, com cerca de 30 a 40 mg por lata<\/li>\n\n\n\n<li><strong>Bebidas energ\u00e9ticas<\/strong>, com 80 a 300 mg por lata<\/li>\n\n\n\n<li><strong>Chocolate amargo e chocolate ao leite<\/strong>, com 10 a 30 mg por por\u00e7\u00e3o<\/li>\n\n\n\n<li><strong>Suplementos pr\u00e9-treino<\/strong>, com 100 a 300 mg por dose<\/li>\n\n\n\n<li><strong>Alguns medicamentos analg\u00e9sicos<\/strong>, que combinam cafe\u00edna a outros ativos<\/li>\n<\/ul>\n\n\n\n<h2 class=\"wp-block-heading\">O que a ci\u00eancia revela sobre cafe\u00edna e sono?<\/h2>\n\n\n\n<p class=\"wp-block-paragraph\">O impacto da cafe\u00edna sobre o descanso noturno \u00e9 amplamente documentado por pesquisas recentes de refer\u00eancia. Segundo a revis\u00e3o sistem\u00e1tica com meta-an\u00e1lise <a href=\"https:\/\/pubmed.ncbi.nlm.nih.gov\/36870101\/\" target=\"_blank\" rel=\"noreferrer noopener\">The effect of caffeine on subsequent sleep<\/a>, publicada no peri\u00f3dico Sleep Medicine Reviews em 2023, o consumo de cafe\u00edna reduziu o tempo total de sono em 45 minutos, diminuiu a efici\u00eancia do sono em 7% e aumentou o tempo para adormecer em 9 minutos, al\u00e9m de prolongar os despertares noturnos.<\/p>\n\n\n\n<p class=\"wp-block-paragraph\">Os autores concluem que, para preservar a dura\u00e7\u00e3o total do sono, o caf\u00e9 comum deve ser consumido pelo menos 8,8 horas antes de dormir, enquanto suplementos com cafe\u00edna exigem uma janela ainda maior. Esse dado refor\u00e7a a import\u00e2ncia de observar todas as <a href=\"https:\/\/www.tuasaude.com\/alimentos-ricos-em-cafeina\/\" target=\"_blank\" rel=\"noreferrer noopener\">fontes de cafe\u00edna<\/a> na rotina para quem busca noites de sono mais reparadoras.<\/p>\n\n\n<div class=\"wp-block-image\">\n<figure class=\"aligncenter size-large\"><img decoding=\"async\" width=\"1024\" height=\"571\" src=\"https:\/\/www.tuasaude.com\/news\/wp-content\/uploads\/2026\/09\/Man_comparing_caffeine_intake_times_202609032331-1024x571.jpg\" alt=\"Quanto mais tarde a cafe\u00edna \u00e9 consumida, maior pode ser seu impacto no descanso.\" class=\"wp-image-107816\" srcset=\"https:\/\/www.tuasaude.com\/news\/wp-content\/uploads\/2026\/09\/Man_comparing_caffeine_intake_times_202609032331-1024x571.jpg 1024w, https:\/\/www.tuasaude.com\/news\/wp-content\/uploads\/2026\/09\/Man_comparing_caffeine_intake_times_202609032331-300x167.jpg 300w, https:\/\/www.tuasaude.com\/news\/wp-content\/uploads\/2026\/09\/Man_comparing_caffeine_intake_times_202609032331-768x428.jpg 768w, https:\/\/www.tuasaude.com\/news\/wp-content\/uploads\/2026\/09\/Man_comparing_caffeine_intake_times_202609032331-750x418.jpg 750w, https:\/\/www.tuasaude.com\/news\/wp-content\/uploads\/2026\/09\/Man_comparing_caffeine_intake_times_202609032331-1140x636.jpg 1140w, https:\/\/www.tuasaude.com\/news\/wp-content\/uploads\/2026\/09\/Man_comparing_caffeine_intake_times_202609032331.jpg 1280w\" sizes=\"(max-width: 1024px) 100vw, 1024px\" \/><figcaption class=\"wp-element-caption\">Quanto mais tarde a cafe\u00edna \u00e9 consumida, maior pode ser seu impacto no descanso.<\/figcaption><\/figure>\n<\/div>\n\n\n<h2 class=\"wp-block-heading\">Como ajustar o consumo de cafe\u00edna ao longo do dia?<\/h2>\n\n\n\n<p class=\"wp-block-paragraph\">Alguns cuidados simples ajudam a aproveitar os benef\u00edcios da cafe\u00edna sem prejudicar o sono. As recomenda\u00e7\u00f5es mais indicadas por especialistas incluem:<\/p>\n\n\n\n<ol class=\"wp-block-list\">\n<li>Concentrar o consumo <strong>pela manh\u00e3 e in\u00edcio da tarde<\/strong>, aproveitando o pico natural de energia<\/li>\n\n\n\n<li>Evitar cafe\u00edna ap\u00f3s as <strong>14 \u00e0s 16 horas<\/strong>, respeitando a sensibilidade individual<\/li>\n\n\n\n<li>Respeitar o limite de <strong>at\u00e9 400 mg por dia<\/strong> para adultos saud\u00e1veis<\/li>\n\n\n\n<li>Somar <strong>todas as fontes de cafe\u00edna<\/strong> ao calcular o total di\u00e1rio<\/li>\n\n\n\n<li>Preferir <strong>caf\u00e9 descafeinado ou ch\u00e1s de ervas<\/strong> no fim da tarde<\/li>\n\n\n\n<li>Reduzir o consumo em caso de <strong>ansiedade, refluxo, hipertens\u00e3o ou arritmias<\/strong><\/li>\n\n\n\n<li>Observar o pr\u00f3prio corpo e ajustar o hor\u00e1rio conforme a <strong>qualidade do sono<\/strong><\/li>\n\n\n\n<li>Diminuir o consumo de forma <strong>gradual<\/strong>, para evitar sintomas de abstin\u00eancia<\/li>\n<\/ol>\n\n\n\n<p class=\"wp-block-paragraph\">Quando a dificuldade para dormir persiste mesmo ap\u00f3s ajustar o hor\u00e1rio da cafe\u00edna, ou vem acompanhada de cansa\u00e7o excessivo, altera\u00e7\u00f5es de humor e queda no rendimento, \u00e9 importante procurar avalia\u00e7\u00e3o com cl\u00ednico geral, nutricionista ou m\u00e9dico do sono, que poder\u00e1 investigar as causas de <a href=\"https:\/\/www.tuasaude.com\/nao-consigo-dormir\/\" target=\"_blank\" rel=\"noreferrer noopener\">dificuldade para dormir<\/a> e indicar o tratamento mais adequado.<\/p>\n\n\n\n<p class=\"wp-block-paragraph\"><em>Este conte\u00fado tem car\u00e1ter apenas informativo e n\u00e3o substitui a avalia\u00e7\u00e3o, o diagn\u00f3stico ou o tratamento realizados por um profissional de sa\u00fade qualificado.<\/em><\/p>\n","protected":false},"excerpt":{"rendered":"<p>O melhor momento para consumir cafe\u00edna sem prejudicar o sono \u00e9 durante a manh\u00e3 e no in\u00edcio da tarde, preferencialmente at\u00e9 o meio-dia, evitando o consumo ap\u00f3s as 14 horas ou pelo menos 8 horas antes de dormir. A cafe\u00edna tem meia-vida de cerca de 5 horas, o que significa que metade da dose ingerida [&hellip;]<\/p>\n","protected":false},"author":11,"featured_media":107814,"comment_status":"open","ping_status":"open","sticky":false,"template":"","format":"standard","meta":{"_yoast_wpseo_focuskw":"cafe\u00edna sono","_yoast_wpseo_title":"","_yoast_wpseo_metadesc":"Tomar caf\u00e9 \u00e0 tarde pode interferir no sono horas depois. Entenda como a cafe\u00edna age no organismo e qual intervalo antes de dormir ajuda a preservar o descanso.","jnews-multi-image_gallery":[],"jnews_single_post":{"format":"standard"},"jnews_primary_category":[],"jnews_social_meta":[],"jnews_override_counter":[],"footnotes":""},"categories":[111],"tags":[869,136,1086,116],"class_list":["post-107809","post","type-post","status-publish","format-standard","has-post-thumbnail","hentry","category-saude","tag-cafeina","tag-saude","tag-saude-do-sono","tag-sono"],"yoast_head":"<!-- This site is optimized with the Yoast SEO plugin v26.7 - https:\/\/yoast.com\/wordpress\/plugins\/seo\/ -->\n<title>De manh\u00e3 ou \u00e0 tarde? Qual o melhor momento para consumir cafe\u00edna sem prejudicar o sono? - Tua Sa\u00fade<\/title>\n<meta name=\"description\" content=\"Tomar caf\u00e9 \u00e0 tarde pode interferir no sono horas depois. Entenda como a cafe\u00edna age no organismo e qual intervalo antes de dormir ajuda a preservar o descanso.\" \/>\n<meta name=\"robots\" content=\"index, follow, max-snippet:-1, max-image-preview:large, max-video-preview:-1\" \/>\n<link rel=\"canonical\" href=\"https:\/\/www.tuasaude.com\/news\/2026\/09\/04\/de-manha-ou-a-tarde-qual-o-melhor-momento-para-consumir-cafeina-sem-prejudicar-o-sono\/\" \/>\n<meta property=\"og:locale\" content=\"pt_BR\" \/>\n<meta property=\"og:type\" content=\"article\" \/>\n<meta property=\"og:title\" content=\"De manh\u00e3 ou \u00e0 tarde? Qual o melhor momento para consumir cafe\u00edna sem prejudicar o sono? - Tua Sa\u00fade\" \/>\n<meta property=\"og:description\" content=\"Tomar caf\u00e9 \u00e0 tarde pode interferir no sono horas depois. Entenda como a cafe\u00edna age no organismo e qual intervalo antes de dormir ajuda a preservar o descanso.\" \/>\n<meta property=\"og:url\" content=\"https:\/\/www.tuasaude.com\/news\/2026\/09\/04\/de-manha-ou-a-tarde-qual-o-melhor-momento-para-consumir-cafeina-sem-prejudicar-o-sono\/\" \/>\n<meta property=\"og:site_name\" content=\"Tua Sa\u00fade\" \/>\n<meta property=\"article:published_time\" content=\"2026-09-04T23:10:00+00:00\" \/>\n<meta property=\"og:image\" content=\"https:\/\/www.tuasaude.com\/news\/wp-content\/uploads\/2026\/09\/Woman_drinking_coffee_in_morning_202609032331.jpg\" \/>\n\t<meta property=\"og:image:width\" content=\"1280\" \/>\n\t<meta property=\"og:image:height\" content=\"714\" \/>\n\t<meta property=\"og:image:type\" content=\"image\/jpeg\" \/>\n<meta name=\"author\" content=\"Gessika Julia Carvalho\" \/>\n<meta name=\"twitter:card\" content=\"summary_large_image\" \/>\n<meta name=\"twitter:label1\" content=\"Escrito por\" \/>\n\t<meta name=\"twitter:data1\" content=\"Gessika Julia Carvalho\" \/>\n\t<meta name=\"twitter:label2\" content=\"Est. tempo de leitura\" \/>\n\t<meta name=\"twitter:data2\" content=\"6 minutos\" \/>\n<!-- \/ Yoast SEO plugin. -->","yoast_head_json":{"title":"De manh\u00e3 ou \u00e0 tarde? Qual o melhor momento para consumir cafe\u00edna sem prejudicar o sono? - Tua Sa\u00fade","description":"Tomar caf\u00e9 \u00e0 tarde pode interferir no sono horas depois. Entenda como a cafe\u00edna age no organismo e qual intervalo antes de dormir ajuda a preservar o descanso.","robots":{"index":"index","follow":"follow","max-snippet":"max-snippet:-1","max-image-preview":"max-image-preview:large","max-video-preview":"max-video-preview:-1"},"canonical":"https:\/\/www.tuasaude.com\/news\/2026\/09\/04\/de-manha-ou-a-tarde-qual-o-melhor-momento-para-consumir-cafeina-sem-prejudicar-o-sono\/","og_locale":"pt_BR","og_type":"article","og_title":"De manh\u00e3 ou \u00e0 tarde? Qual o melhor momento para consumir cafe\u00edna sem prejudicar o sono? - Tua Sa\u00fade","og_description":"Tomar caf\u00e9 \u00e0 tarde pode interferir no sono horas depois. Entenda como a cafe\u00edna age no organismo e qual intervalo antes de dormir ajuda a preservar o descanso.","og_url":"https:\/\/www.tuasaude.com\/news\/2026\/09\/04\/de-manha-ou-a-tarde-qual-o-melhor-momento-para-consumir-cafeina-sem-prejudicar-o-sono\/","og_site_name":"Tua Sa\u00fade","article_published_time":"2026-09-04T23:10:00+00:00","og_image":[{"width":1280,"height":714,"url":"https:\/\/www.tuasaude.com\/news\/wp-content\/uploads\/2026\/09\/Woman_drinking_coffee_in_morning_202609032331.jpg","type":"image\/jpeg"}],"author":"Gessika Julia Carvalho","twitter_card":"summary_large_image","twitter_misc":{"Escrito por":"Gessika Julia Carvalho","Est. tempo de leitura":"6 minutos"},"schema":{"@context":"https:\/\/schema.org","@graph":[{"@type":"Article","@id":"https:\/\/www.tuasaude.com\/news\/2026\/09\/04\/de-manha-ou-a-tarde-qual-o-melhor-momento-para-consumir-cafeina-sem-prejudicar-o-sono\/#article","isPartOf":{"@id":"https:\/\/www.tuasaude.com\/news\/2026\/09\/04\/de-manha-ou-a-tarde-qual-o-melhor-momento-para-consumir-cafeina-sem-prejudicar-o-sono\/"},"author":{"name":"Gessika Julia Carvalho","@id":"https:\/\/www.tuasaude.com\/news\/#\/schema\/person\/2e9df841be69ec84f5d20ddb8d273ac2"},"headline":"De manh\u00e3 ou \u00e0 tarde? Qual o melhor momento para consumir cafe\u00edna sem prejudicar o sono?","datePublished":"2026-09-04T23:10:00+00:00","mainEntityOfPage":{"@id":"https:\/\/www.tuasaude.com\/news\/2026\/09\/04\/de-manha-ou-a-tarde-qual-o-melhor-momento-para-consumir-cafeina-sem-prejudicar-o-sono\/"},"wordCount":882,"commentCount":0,"image":{"@id":"https:\/\/www.tuasaude.com\/news\/2026\/09\/04\/de-manha-ou-a-tarde-qual-o-melhor-momento-para-consumir-cafeina-sem-prejudicar-o-sono\/#primaryimage"},"thumbnailUrl":"https:\/\/www.tuasaude.com\/news\/wp-content\/uploads\/2026\/09\/Woman_drinking_coffee_in_morning_202609032331.jpg","keywords":["cafe\u00edna","sa\u00fade","sa\u00fade do sono","sono"],"articleSection":["Sa\u00fade"],"inLanguage":"pt-BR","potentialAction":[{"@type":"CommentAction","name":"Comment","target":["https:\/\/www.tuasaude.com\/news\/2026\/09\/04\/de-manha-ou-a-tarde-qual-o-melhor-momento-para-consumir-cafeina-sem-prejudicar-o-sono\/#respond"]}]},{"@type":"WebPage","@id":"https:\/\/www.tuasaude.com\/news\/2026\/09\/04\/de-manha-ou-a-tarde-qual-o-melhor-momento-para-consumir-cafeina-sem-prejudicar-o-sono\/","url":"https:\/\/www.tuasaude.com\/news\/2026\/09\/04\/de-manha-ou-a-tarde-qual-o-melhor-momento-para-consumir-cafeina-sem-prejudicar-o-sono\/","name":"De manh\u00e3 ou \u00e0 tarde? Qual o melhor momento para consumir cafe\u00edna sem prejudicar o sono? - Tua Sa\u00fade","isPartOf":{"@id":"https:\/\/www.tuasaude.com\/news\/#website"},"primaryImageOfPage":{"@id":"https:\/\/www.tuasaude.com\/news\/2026\/09\/04\/de-manha-ou-a-tarde-qual-o-melhor-momento-para-consumir-cafeina-sem-prejudicar-o-sono\/#primaryimage"},"image":{"@id":"https:\/\/www.tuasaude.com\/news\/2026\/09\/04\/de-manha-ou-a-tarde-qual-o-melhor-momento-para-consumir-cafeina-sem-prejudicar-o-sono\/#primaryimage"},"thumbnailUrl":"https:\/\/www.tuasaude.com\/news\/wp-content\/uploads\/2026\/09\/Woman_drinking_coffee_in_morning_202609032331.jpg","datePublished":"2026-09-04T23:10:00+00:00","author":{"@id":"https:\/\/www.tuasaude.com\/news\/#\/schema\/person\/2e9df841be69ec84f5d20ddb8d273ac2"},"description":"Tomar caf\u00e9 \u00e0 tarde pode interferir no sono horas depois. Entenda como a cafe\u00edna age no organismo e qual intervalo antes de dormir ajuda a preservar o descanso.","breadcrumb":{"@id":"https:\/\/www.tuasaude.com\/news\/2026\/09\/04\/de-manha-ou-a-tarde-qual-o-melhor-momento-para-consumir-cafeina-sem-prejudicar-o-sono\/#breadcrumb"},"inLanguage":"pt-BR","potentialAction":[{"@type":"ReadAction","target":["https:\/\/www.tuasaude.com\/news\/2026\/09\/04\/de-manha-ou-a-tarde-qual-o-melhor-momento-para-consumir-cafeina-sem-prejudicar-o-sono\/"]}]},{"@type":"ImageObject","inLanguage":"pt-BR","@id":"https:\/\/www.tuasaude.com\/news\/2026\/09\/04\/de-manha-ou-a-tarde-qual-o-melhor-momento-para-consumir-cafeina-sem-prejudicar-o-sono\/#primaryimage","url":"https:\/\/www.tuasaude.com\/news\/wp-content\/uploads\/2026\/09\/Woman_drinking_coffee_in_morning_202609032331.jpg","contentUrl":"https:\/\/www.tuasaude.com\/news\/wp-content\/uploads\/2026\/09\/Woman_drinking_coffee_in_morning_202609032331.jpg","width":1280,"height":714,"caption":"De manh\u00e3 ou \u00e0 tarde? Qual o melhor momento para consumir cafe\u00edna sem prejudicar o sono?"},{"@type":"BreadcrumbList","@id":"https:\/\/www.tuasaude.com\/news\/2026\/09\/04\/de-manha-ou-a-tarde-qual-o-melhor-momento-para-consumir-cafeina-sem-prejudicar-o-sono\/#breadcrumb","itemListElement":[{"@type":"ListItem","position":1,"name":"In\u00edcio","item":"https:\/\/www.tuasaude.com\/news\/"},{"@type":"ListItem","position":2,"name":"De manh\u00e3 ou \u00e0 tarde? Qual o melhor momento para consumir cafe\u00edna sem prejudicar o sono?"}]},{"@type":"WebSite","@id":"https:\/\/www.tuasaude.com\/news\/#website","url":"https:\/\/www.tuasaude.com\/news\/","name":"Tua Sa\u00fade","description":"Seu site de sa\u00fade","potentialAction":[{"@type":"SearchAction","target":{"@type":"EntryPoint","urlTemplate":"https:\/\/www.tuasaude.com\/news\/?s={search_term_string}"},"query-input":{"@type":"PropertyValueSpecification","valueRequired":true,"valueName":"search_term_string"}}],"inLanguage":"pt-BR"},{"@type":"Person","@id":"https:\/\/www.tuasaude.com\/news\/#\/schema\/person\/2e9df841be69ec84f5d20ddb8d273ac2","name":"Gessika Julia Carvalho","image":{"@type":"ImageObject","inLanguage":"pt-BR","@id":"https:\/\/www.tuasaude.com\/news\/#\/schema\/person\/image\/","url":"https:\/\/secure.gravatar.com\/avatar\/0fcc8769024577fd0bc6a8b766055690f76a8e8f29dfb2a2f89cf04db8d0f2d2?s=96&d=mm&r=g","contentUrl":"https:\/\/secure.gravatar.com\/avatar\/0fcc8769024577fd0bc6a8b766055690f76a8e8f29dfb2a2f89cf04db8d0f2d2?s=96&d=mm&r=g","caption":"Gessika Julia Carvalho"},"sameAs":["https:\/\/www.tuasaude.com\/news\/"],"url":"https:\/\/www.tuasaude.com\/news\/author\/gessika-julia\/"}]}},"_links":{"self":[{"href":"https:\/\/www.tuasaude.com\/news\/wp-json\/wp\/v2\/posts\/107809","targetHints":{"allow":["GET"]}}],"collection":[{"href":"https:\/\/www.tuasaude.com\/news\/wp-json\/wp\/v2\/posts"}],"about":[{"href":"https:\/\/www.tuasaude.com\/news\/wp-json\/wp\/v2\/types\/post"}],"author":[{"embeddable":true,"href":"https:\/\/www.tuasaude.com\/news\/wp-json\/wp\/v2\/users\/11"}],"replies":[{"embeddable":true,"href":"https:\/\/www.tuasaude.com\/news\/wp-json\/wp\/v2\/comments?post=107809"}],"version-history":[{"count":1,"href":"https:\/\/www.tuasaude.com\/news\/wp-json\/wp\/v2\/posts\/107809\/revisions"}],"predecessor-version":[{"id":107817,"href":"https:\/\/www.tuasaude.com\/news\/wp-json\/wp\/v2\/posts\/107809\/revisions\/107817"}],"wp:featuredmedia":[{"embeddable":true,"href":"https:\/\/www.tuasaude.com\/news\/wp-json\/wp\/v2\/media\/107814"}],"wp:attachment":[{"href":"https:\/\/www.tuasaude.com\/news\/wp-json\/wp\/v2\/media?parent=107809"}],"wp:term":[{"taxonomy":"category","embeddable":true,"href":"https:\/\/www.tuasaude.com\/news\/wp-json\/wp\/v2\/categories?post=107809"},{"taxonomy":"post_tag","embeddable":true,"href":"https:\/\/www.tuasaude.com\/news\/wp-json\/wp\/v2\/tags?post=107809"}],"curies":[{"name":"wp","href":"https:\/\/api.w.org\/{rel}","templated":true}]}}