{"id":107798,"date":"2026-09-04T17:05:00","date_gmt":"2026-09-04T20:05:00","guid":{"rendered":"https:\/\/www.tuasaude.com\/news\/?p=107798"},"modified":"2026-09-03T23:18:19","modified_gmt":"2026-09-04T02:18:19","slug":"dor-nas-costas-ma-postura-e-enxaqueca-o-que-o-sedentarismo-causa-a-longo-prazo","status":"publish","type":"post","link":"https:\/\/www.tuasaude.com\/news\/2026\/09\/04\/dor-nas-costas-ma-postura-e-enxaqueca-o-que-o-sedentarismo-causa-a-longo-prazo\/","title":{"rendered":"Dor nas costas, m\u00e1 postura e enxaqueca: o que o sedentarismo causa a longo prazo"},"content":{"rendered":"\n<p class=\"wp-block-paragraph\">O sedentarismo prolongado \u00e9 um dos principais respons\u00e1veis por dor nas costas, m\u00e1 postura e crises de enxaqueca, pois enfraquece a musculatura de sustenta\u00e7\u00e3o, encurta grupos musculares importantes e prejudica a circula\u00e7\u00e3o sangu\u00ednea. Segundo a Organiza\u00e7\u00e3o Mundial da Sa\u00fade, adultos que passam muitas horas sentados sem pausas regulares t\u00eam risco significativamente maior de desenvolver problemas musculoesquel\u00e9ticos cr\u00f4nicos. Entender como o corpo reage \u00e0 falta de movimento \u00e9 essencial para prevenir dores di\u00e1rias e evitar a evolu\u00e7\u00e3o para condi\u00e7\u00f5es mais graves da coluna e do sistema nervoso.<\/p>\n\n\n\n<h2 class=\"wp-block-heading\">Como o sedentarismo enfraquece a musculatura do corpo?<\/h2>\n\n\n\n<p class=\"wp-block-paragraph\">A falta de est\u00edmulo f\u00edsico regular reduz gradualmente a for\u00e7a dos m\u00fasculos que sustentam a coluna, o abd\u00f4men e os ombros, deixando essas estruturas incapazes de suportar bem o peso corporal ao longo do dia. Esse enfraquecimento sobrecarrega articula\u00e7\u00f5es e discos intervertebrais.<\/p>\n\n\n\n<p class=\"wp-block-paragraph\">Com o tempo, surgem desvios posturais, sensa\u00e7\u00e3o constante de cansa\u00e7o e maior facilidade para les\u00f5es em movimentos simples. Alongar e fortalecer a musculatura s\u00e3o medidas essenciais para prevenir os diferentes <a href=\"https:\/\/www.tuasaude.com\/tipos-de-dores-nas-costas\/\" target=\"_blank\" rel=\"noreferrer noopener\">tipos de dores nas costas<\/a> associados \u00e0 inatividade f\u00edsica.<\/p>\n\n\n\n<h2 class=\"wp-block-heading\">Qual a rela\u00e7\u00e3o entre m\u00e1 postura e sedentarismo?<\/h2>\n\n\n\n<p class=\"wp-block-paragraph\">Passar longos per\u00edodos sentado, principalmente com ombros curvados e cabe\u00e7a inclinada para o celular ou computador, cria um padr\u00e3o de tens\u00e3o constante em m\u00fasculos do pesco\u00e7o e das costas. Essa posi\u00e7\u00e3o favorece encurtamentos musculares e desalinhamentos da coluna.<\/p>\n\n\n\n<p class=\"wp-block-paragraph\">Com os anos, altera\u00e7\u00f5es como hipercifose, retifica\u00e7\u00e3o cervical e escoliose funcional se tornam mais frequentes em pessoas sedent\u00e1rias. A ado\u00e7\u00e3o de pausas ativas e a pr\u00e1tica de exerc\u00edcios corretivos ajudam a preservar a <a href=\"https:\/\/www.tuasaude.com\/5-dicas-para-alcancar-a-postura-correta\/\" target=\"_blank\" rel=\"noreferrer noopener\">postura correta<\/a> e a evitar consequ\u00eancias estruturais permanentes.<\/p>\n\n\n<div class=\"wp-block-image\">\n<figure class=\"aligncenter size-large\"><img decoding=\"async\" width=\"1024\" height=\"571\" src=\"https:\/\/www.tuasaude.com\/news\/wp-content\/uploads\/2026\/09\/Infographic_explaining_sedentary\u2026_202609032316-1024x571.jpg\" alt=\"Costas, postura, pesco\u00e7o e for\u00e7a muscular podem sofrer com longos per\u00edodos de inatividade.\" class=\"wp-image-107801\" srcset=\"https:\/\/www.tuasaude.com\/news\/wp-content\/uploads\/2026\/09\/Infographic_explaining_sedentary\u2026_202609032316-1024x571.jpg 1024w, https:\/\/www.tuasaude.com\/news\/wp-content\/uploads\/2026\/09\/Infographic_explaining_sedentary\u2026_202609032316-300x167.jpg 300w, https:\/\/www.tuasaude.com\/news\/wp-content\/uploads\/2026\/09\/Infographic_explaining_sedentary\u2026_202609032316-768x428.jpg 768w, https:\/\/www.tuasaude.com\/news\/wp-content\/uploads\/2026\/09\/Infographic_explaining_sedentary\u2026_202609032316-750x418.jpg 750w, https:\/\/www.tuasaude.com\/news\/wp-content\/uploads\/2026\/09\/Infographic_explaining_sedentary\u2026_202609032316-1140x636.jpg 1140w, https:\/\/www.tuasaude.com\/news\/wp-content\/uploads\/2026\/09\/Infographic_explaining_sedentary\u2026_202609032316.jpg 1280w\" sizes=\"(max-width: 1024px) 100vw, 1024px\" \/><figcaption class=\"wp-element-caption\">Costas, postura, pesco\u00e7o e for\u00e7a muscular podem sofrer com longos per\u00edodos de inatividade.<\/figcaption><\/figure>\n<\/div>\n\n\n<h2 class=\"wp-block-heading\">Como o sedentarismo pode provocar enxaqueca e tens\u00e3o cervical?<\/h2>\n\n\n\n<p class=\"wp-block-paragraph\">A imobilidade prolongada reduz o fluxo sangu\u00edneo para m\u00fasculos do pesco\u00e7o, ombros e cr\u00e2nio, favorecendo tens\u00e3o persistente e gatilhos para dores de cabe\u00e7a, incluindo enxaqueca. A postura incorreta tamb\u00e9m comprime nervos e vasos da regi\u00e3o cervical. Veja como isso se manifesta:<\/p>\n\n\n\n<ul class=\"wp-block-list\">\n<li><strong>Tens\u00e3o muscular no pesco\u00e7o e trap\u00e9zio<\/strong>, principal fator para cefaleia tensional<\/li>\n\n\n\n<li><strong>Redu\u00e7\u00e3o da irriga\u00e7\u00e3o cerebral<\/strong>, que pode intensificar crises de enxaqueca em pessoas predispostas<\/li>\n\n\n\n<li><strong>Encurtamento dos m\u00fasculos suboccipitais<\/strong>, associado a dor irradiada para a cabe\u00e7a<\/li>\n\n\n\n<li><strong>Altera\u00e7\u00f5es no padr\u00e3o respirat\u00f3rio<\/strong>, com respira\u00e7\u00e3o superficial e maior sensa\u00e7\u00e3o de cansa\u00e7o<\/li>\n\n\n\n<li><strong>Aumento do estresse e da rigidez articular<\/strong>, que agravam a percep\u00e7\u00e3o da dor<\/li>\n<\/ul>\n\n\n\n<h2 class=\"wp-block-heading\">Como uma revis\u00e3o cient\u00edfica confirma o impacto do sedentarismo?<\/h2>\n\n\n\n<p class=\"wp-block-paragraph\">A rela\u00e7\u00e3o entre sedentarismo e dor musculoesquel\u00e9tica \u00e9 amplamente investigada na literatura m\u00e9dica. Uma revis\u00e3o sistem\u00e1tica com meta-an\u00e1lise chamada <a href=\"https:\/\/pubmed.ncbi.nlm.nih.gov\/35079583\/\" target=\"_blank\" rel=\"noreferrer noopener\">Association between sedentary behavior and low back pain<\/a>, publicada na revista Iranian Journal of Public Health e indexada no PubMed, reuniu 49 artigos em adultos, crian\u00e7as e adolescentes.<\/p>\n\n\n\n<p class=\"wp-block-paragraph\">Segundo o Association between sedentary behavior and low back pain publicado na Iranian Journal of Public Health, o comportamento sedent\u00e1rio aumentou de forma significativa o risco de dor lombar em adultos, com destaque para tempo prolongado sentado e horas ao dirigir, al\u00e9m de associa\u00e7\u00e3o semelhante em crian\u00e7as com uso excessivo de telas e videogame.<\/p>\n\n\n<div class=\"wp-block-image\">\n<figure class=\"aligncenter size-large\"><img decoding=\"async\" width=\"1024\" height=\"571\" src=\"https:\/\/www.tuasaude.com\/news\/wp-content\/uploads\/2026\/09\/Man_experiencing_postural_tensio\u2026_202609032239-1-1024x571.jpg\" alt=\"Postura mantida por horas aumenta sobrecarga muscular e pode intensificar dores recorrentes.\" class=\"wp-image-107802\" srcset=\"https:\/\/www.tuasaude.com\/news\/wp-content\/uploads\/2026\/09\/Man_experiencing_postural_tensio\u2026_202609032239-1-1024x571.jpg 1024w, https:\/\/www.tuasaude.com\/news\/wp-content\/uploads\/2026\/09\/Man_experiencing_postural_tensio\u2026_202609032239-1-300x167.jpg 300w, https:\/\/www.tuasaude.com\/news\/wp-content\/uploads\/2026\/09\/Man_experiencing_postural_tensio\u2026_202609032239-1-768x428.jpg 768w, https:\/\/www.tuasaude.com\/news\/wp-content\/uploads\/2026\/09\/Man_experiencing_postural_tensio\u2026_202609032239-1-750x418.jpg 750w, https:\/\/www.tuasaude.com\/news\/wp-content\/uploads\/2026\/09\/Man_experiencing_postural_tensio\u2026_202609032239-1-1140x636.jpg 1140w, https:\/\/www.tuasaude.com\/news\/wp-content\/uploads\/2026\/09\/Man_experiencing_postural_tensio\u2026_202609032239-1.jpg 1280w\" sizes=\"(max-width: 1024px) 100vw, 1024px\" \/><figcaption class=\"wp-element-caption\">Postura mantida por horas aumenta sobrecarga muscular e pode intensificar dores recorrentes.<\/figcaption><\/figure>\n<\/div>\n\n\n<h2 class=\"wp-block-heading\">Como prevenir os efeitos do sedentarismo no dia a dia?<\/h2>\n\n\n\n<p class=\"wp-block-paragraph\">A boa not\u00edcia \u00e9 que pequenas mudan\u00e7as na rotina j\u00e1 reduzem consideravelmente os riscos de dor cr\u00f4nica, m\u00e1 postura e crises de enxaqueca ligadas \u00e0 inatividade. Veja estrat\u00e9gias pr\u00e1ticas com respaldo da OMS e da Sociedade Brasileira de Reumatologia:<\/p>\n\n\n\n<ol class=\"wp-block-list\">\n<li>Fazer pausas ativas a cada 30 a 60 minutos, levantando, caminhando e alongando o pesco\u00e7o, ombros e coluna<\/li>\n\n\n\n<li>Praticar pelo menos 150 minutos semanais de atividade aer\u00f3bica moderada, como caminhada, ciclismo ou nata\u00e7\u00e3o<\/li>\n\n\n\n<li>Incluir exerc\u00edcios de fortalecimento muscular pelo menos duas vezes por semana, com foco em abd\u00f4men, gl\u00fateos e costas<\/li>\n\n\n\n<li>Ajustar altura da cadeira, tela e teclado no trabalho para manter a coluna alinhada e reduzir sobrecarga cervical<\/li>\n\n\n\n<li>Buscar avalia\u00e7\u00e3o com fisioterapeuta ou ortopedista diante de <a href=\"https:\/\/www.tuasaude.com\/dor-nas-costas-na-parte-de-cima\/\" target=\"_blank\" rel=\"noreferrer noopener\">dor nas costas na parte de cima<\/a> persistente ou crises frequentes de enxaqueca<\/li>\n<\/ol>\n\n\n\n<p class=\"wp-block-paragraph\"><em>Este conte\u00fado tem car\u00e1ter meramente informativo e n\u00e3o substitui a avalia\u00e7\u00e3o, o diagn\u00f3stico ou o tratamento realizados por um profissional de sa\u00fade qualificado. Consulte sempre um ortopedista, fisioterapeuta ou neurologista diante de dor persistente na coluna, altera\u00e7\u00f5es posturais importantes ou crises recorrentes de dor de cabe\u00e7a.<\/em><\/p>\n","protected":false},"excerpt":{"rendered":"<p>O sedentarismo prolongado \u00e9 um dos principais respons\u00e1veis por dor nas costas, m\u00e1 postura e crises de enxaqueca, pois enfraquece a musculatura de sustenta\u00e7\u00e3o, encurta grupos musculares importantes e prejudica a circula\u00e7\u00e3o sangu\u00ednea. Segundo a Organiza\u00e7\u00e3o Mundial da Sa\u00fade, adultos que passam muitas horas sentados sem pausas regulares t\u00eam risco significativamente maior de desenvolver problemas [&hellip;]<\/p>\n","protected":false},"author":11,"featured_media":107800,"comment_status":"open","ping_status":"open","sticky":false,"template":"","format":"standard","meta":{"_yoast_wpseo_focuskw":"sedentarismo","_yoast_wpseo_title":"","_yoast_wpseo_metadesc":"Dor nas costas e tens\u00e3o no pesco\u00e7o podem ter rela\u00e7\u00e3o com o sedentarismo. Entenda os efeitos da falta de movimento e quais h\u00e1bitos ajudam a proteger a coluna.","jnews-multi-image_gallery":[],"jnews_single_post":{"format":"standard"},"jnews_primary_category":[],"jnews_social_meta":[],"jnews_override_counter":[],"footnotes":""},"categories":[111],"tags":[123,437,4978,136],"class_list":["post-107798","post","type-post","status-publish","format-standard","has-post-thumbnail","hentry","category-saude","tag-dor-nas-costas","tag-enxaqueca","tag-ma-postura","tag-saude"],"yoast_head":"<!-- This site is optimized with the Yoast SEO plugin v26.7 - https:\/\/yoast.com\/wordpress\/plugins\/seo\/ -->\n<title>Dor nas costas, m\u00e1 postura e enxaqueca: o que o sedentarismo causa a longo prazo - Tua Sa\u00fade<\/title>\n<meta name=\"description\" content=\"Dor nas costas e tens\u00e3o no pesco\u00e7o podem ter rela\u00e7\u00e3o com o sedentarismo. Entenda os efeitos da falta de movimento e quais h\u00e1bitos ajudam a proteger a coluna.\" \/>\n<meta name=\"robots\" content=\"index, follow, max-snippet:-1, max-image-preview:large, max-video-preview:-1\" \/>\n<link rel=\"canonical\" href=\"https:\/\/www.tuasaude.com\/news\/2026\/09\/04\/dor-nas-costas-ma-postura-e-enxaqueca-o-que-o-sedentarismo-causa-a-longo-prazo\/\" \/>\n<meta property=\"og:locale\" content=\"pt_BR\" \/>\n<meta property=\"og:type\" content=\"article\" \/>\n<meta property=\"og:title\" content=\"Dor nas costas, m\u00e1 postura e enxaqueca: o que o sedentarismo causa a longo prazo - Tua Sa\u00fade\" \/>\n<meta property=\"og:description\" content=\"Dor nas costas e tens\u00e3o no pesco\u00e7o podem ter rela\u00e7\u00e3o com o sedentarismo. Entenda os efeitos da falta de movimento e quais h\u00e1bitos ajudam a proteger a coluna.\" \/>\n<meta property=\"og:url\" content=\"https:\/\/www.tuasaude.com\/news\/2026\/09\/04\/dor-nas-costas-ma-postura-e-enxaqueca-o-que-o-sedentarismo-causa-a-longo-prazo\/\" \/>\n<meta property=\"og:site_name\" content=\"Tua Sa\u00fade\" \/>\n<meta property=\"article:published_time\" content=\"2026-09-04T20:05:00+00:00\" \/>\n<meta property=\"og:image\" content=\"https:\/\/www.tuasaude.com\/news\/wp-content\/uploads\/2026\/09\/Man_experiencing_postural_tensio\u2026_202609032239.jpg\" \/>\n\t<meta property=\"og:image:width\" content=\"1280\" \/>\n\t<meta property=\"og:image:height\" content=\"714\" \/>\n\t<meta property=\"og:image:type\" content=\"image\/jpeg\" \/>\n<meta name=\"author\" content=\"Gessika Julia Carvalho\" \/>\n<meta name=\"twitter:card\" content=\"summary_large_image\" \/>\n<meta name=\"twitter:label1\" content=\"Escrito por\" \/>\n\t<meta name=\"twitter:data1\" content=\"Gessika Julia Carvalho\" \/>\n\t<meta name=\"twitter:label2\" content=\"Est. tempo de leitura\" \/>\n\t<meta name=\"twitter:data2\" content=\"5 minutos\" \/>\n<!-- \/ Yoast SEO plugin. -->","yoast_head_json":{"title":"Dor nas costas, m\u00e1 postura e enxaqueca: o que o sedentarismo causa a longo prazo - Tua Sa\u00fade","description":"Dor nas costas e tens\u00e3o no pesco\u00e7o podem ter rela\u00e7\u00e3o com o sedentarismo. Entenda os efeitos da falta de movimento e quais h\u00e1bitos ajudam a proteger a coluna.","robots":{"index":"index","follow":"follow","max-snippet":"max-snippet:-1","max-image-preview":"max-image-preview:large","max-video-preview":"max-video-preview:-1"},"canonical":"https:\/\/www.tuasaude.com\/news\/2026\/09\/04\/dor-nas-costas-ma-postura-e-enxaqueca-o-que-o-sedentarismo-causa-a-longo-prazo\/","og_locale":"pt_BR","og_type":"article","og_title":"Dor nas costas, m\u00e1 postura e enxaqueca: o que o sedentarismo causa a longo prazo - Tua Sa\u00fade","og_description":"Dor nas costas e tens\u00e3o no pesco\u00e7o podem ter rela\u00e7\u00e3o com o sedentarismo. Entenda os efeitos da falta de movimento e quais h\u00e1bitos ajudam a proteger a coluna.","og_url":"https:\/\/www.tuasaude.com\/news\/2026\/09\/04\/dor-nas-costas-ma-postura-e-enxaqueca-o-que-o-sedentarismo-causa-a-longo-prazo\/","og_site_name":"Tua Sa\u00fade","article_published_time":"2026-09-04T20:05:00+00:00","og_image":[{"width":1280,"height":714,"url":"https:\/\/www.tuasaude.com\/news\/wp-content\/uploads\/2026\/09\/Man_experiencing_postural_tensio\u2026_202609032239.jpg","type":"image\/jpeg"}],"author":"Gessika Julia Carvalho","twitter_card":"summary_large_image","twitter_misc":{"Escrito por":"Gessika Julia Carvalho","Est. tempo de leitura":"5 minutos"},"schema":{"@context":"https:\/\/schema.org","@graph":[{"@type":"Article","@id":"https:\/\/www.tuasaude.com\/news\/2026\/09\/04\/dor-nas-costas-ma-postura-e-enxaqueca-o-que-o-sedentarismo-causa-a-longo-prazo\/#article","isPartOf":{"@id":"https:\/\/www.tuasaude.com\/news\/2026\/09\/04\/dor-nas-costas-ma-postura-e-enxaqueca-o-que-o-sedentarismo-causa-a-longo-prazo\/"},"author":{"name":"Gessika Julia Carvalho","@id":"https:\/\/www.tuasaude.com\/news\/#\/schema\/person\/2e9df841be69ec84f5d20ddb8d273ac2"},"headline":"Dor nas costas, m\u00e1 postura e enxaqueca: o que o sedentarismo causa a longo prazo","datePublished":"2026-09-04T20:05:00+00:00","mainEntityOfPage":{"@id":"https:\/\/www.tuasaude.com\/news\/2026\/09\/04\/dor-nas-costas-ma-postura-e-enxaqueca-o-que-o-sedentarismo-causa-a-longo-prazo\/"},"wordCount":793,"commentCount":0,"image":{"@id":"https:\/\/www.tuasaude.com\/news\/2026\/09\/04\/dor-nas-costas-ma-postura-e-enxaqueca-o-que-o-sedentarismo-causa-a-longo-prazo\/#primaryimage"},"thumbnailUrl":"https:\/\/www.tuasaude.com\/news\/wp-content\/uploads\/2026\/09\/Man_experiencing_postural_tensio\u2026_202609032239.jpg","keywords":["dor nas costas","enxaqueca","m\u00e1 postura","sa\u00fade"],"articleSection":["Sa\u00fade"],"inLanguage":"pt-BR","potentialAction":[{"@type":"CommentAction","name":"Comment","target":["https:\/\/www.tuasaude.com\/news\/2026\/09\/04\/dor-nas-costas-ma-postura-e-enxaqueca-o-que-o-sedentarismo-causa-a-longo-prazo\/#respond"]}]},{"@type":"WebPage","@id":"https:\/\/www.tuasaude.com\/news\/2026\/09\/04\/dor-nas-costas-ma-postura-e-enxaqueca-o-que-o-sedentarismo-causa-a-longo-prazo\/","url":"https:\/\/www.tuasaude.com\/news\/2026\/09\/04\/dor-nas-costas-ma-postura-e-enxaqueca-o-que-o-sedentarismo-causa-a-longo-prazo\/","name":"Dor nas costas, m\u00e1 postura e enxaqueca: o que o sedentarismo causa a longo prazo - Tua Sa\u00fade","isPartOf":{"@id":"https:\/\/www.tuasaude.com\/news\/#website"},"primaryImageOfPage":{"@id":"https:\/\/www.tuasaude.com\/news\/2026\/09\/04\/dor-nas-costas-ma-postura-e-enxaqueca-o-que-o-sedentarismo-causa-a-longo-prazo\/#primaryimage"},"image":{"@id":"https:\/\/www.tuasaude.com\/news\/2026\/09\/04\/dor-nas-costas-ma-postura-e-enxaqueca-o-que-o-sedentarismo-causa-a-longo-prazo\/#primaryimage"},"thumbnailUrl":"https:\/\/www.tuasaude.com\/news\/wp-content\/uploads\/2026\/09\/Man_experiencing_postural_tensio\u2026_202609032239.jpg","datePublished":"2026-09-04T20:05:00+00:00","author":{"@id":"https:\/\/www.tuasaude.com\/news\/#\/schema\/person\/2e9df841be69ec84f5d20ddb8d273ac2"},"description":"Dor nas costas e tens\u00e3o no pesco\u00e7o podem ter rela\u00e7\u00e3o com o sedentarismo. Entenda os efeitos da falta de movimento e quais h\u00e1bitos ajudam a proteger a coluna.","breadcrumb":{"@id":"https:\/\/www.tuasaude.com\/news\/2026\/09\/04\/dor-nas-costas-ma-postura-e-enxaqueca-o-que-o-sedentarismo-causa-a-longo-prazo\/#breadcrumb"},"inLanguage":"pt-BR","potentialAction":[{"@type":"ReadAction","target":["https:\/\/www.tuasaude.com\/news\/2026\/09\/04\/dor-nas-costas-ma-postura-e-enxaqueca-o-que-o-sedentarismo-causa-a-longo-prazo\/"]}]},{"@type":"ImageObject","inLanguage":"pt-BR","@id":"https:\/\/www.tuasaude.com\/news\/2026\/09\/04\/dor-nas-costas-ma-postura-e-enxaqueca-o-que-o-sedentarismo-causa-a-longo-prazo\/#primaryimage","url":"https:\/\/www.tuasaude.com\/news\/wp-content\/uploads\/2026\/09\/Man_experiencing_postural_tensio\u2026_202609032239.jpg","contentUrl":"https:\/\/www.tuasaude.com\/news\/wp-content\/uploads\/2026\/09\/Man_experiencing_postural_tensio\u2026_202609032239.jpg","width":1280,"height":714,"caption":"Dor nas costas, m\u00e1 postura e enxaqueca: o que o sedentarismo causa a longo prazo"},{"@type":"BreadcrumbList","@id":"https:\/\/www.tuasaude.com\/news\/2026\/09\/04\/dor-nas-costas-ma-postura-e-enxaqueca-o-que-o-sedentarismo-causa-a-longo-prazo\/#breadcrumb","itemListElement":[{"@type":"ListItem","position":1,"name":"In\u00edcio","item":"https:\/\/www.tuasaude.com\/news\/"},{"@type":"ListItem","position":2,"name":"Dor nas costas, m\u00e1 postura e enxaqueca: o que o sedentarismo causa a longo prazo"}]},{"@type":"WebSite","@id":"https:\/\/www.tuasaude.com\/news\/#website","url":"https:\/\/www.tuasaude.com\/news\/","name":"Tua Sa\u00fade","description":"Seu site de sa\u00fade","potentialAction":[{"@type":"SearchAction","target":{"@type":"EntryPoint","urlTemplate":"https:\/\/www.tuasaude.com\/news\/?s={search_term_string}"},"query-input":{"@type":"PropertyValueSpecification","valueRequired":true,"valueName":"search_term_string"}}],"inLanguage":"pt-BR"},{"@type":"Person","@id":"https:\/\/www.tuasaude.com\/news\/#\/schema\/person\/2e9df841be69ec84f5d20ddb8d273ac2","name":"Gessika Julia Carvalho","image":{"@type":"ImageObject","inLanguage":"pt-BR","@id":"https:\/\/www.tuasaude.com\/news\/#\/schema\/person\/image\/","url":"https:\/\/secure.gravatar.com\/avatar\/0fcc8769024577fd0bc6a8b766055690f76a8e8f29dfb2a2f89cf04db8d0f2d2?s=96&d=mm&r=g","contentUrl":"https:\/\/secure.gravatar.com\/avatar\/0fcc8769024577fd0bc6a8b766055690f76a8e8f29dfb2a2f89cf04db8d0f2d2?s=96&d=mm&r=g","caption":"Gessika Julia Carvalho"},"sameAs":["https:\/\/www.tuasaude.com\/news\/"],"url":"https:\/\/www.tuasaude.com\/news\/author\/gessika-julia\/"}]}},"_links":{"self":[{"href":"https:\/\/www.tuasaude.com\/news\/wp-json\/wp\/v2\/posts\/107798","targetHints":{"allow":["GET"]}}],"collection":[{"href":"https:\/\/www.tuasaude.com\/news\/wp-json\/wp\/v2\/posts"}],"about":[{"href":"https:\/\/www.tuasaude.com\/news\/wp-json\/wp\/v2\/types\/post"}],"author":[{"embeddable":true,"href":"https:\/\/www.tuasaude.com\/news\/wp-json\/wp\/v2\/users\/11"}],"replies":[{"embeddable":true,"href":"https:\/\/www.tuasaude.com\/news\/wp-json\/wp\/v2\/comments?post=107798"}],"version-history":[{"count":1,"href":"https:\/\/www.tuasaude.com\/news\/wp-json\/wp\/v2\/posts\/107798\/revisions"}],"predecessor-version":[{"id":107803,"href":"https:\/\/www.tuasaude.com\/news\/wp-json\/wp\/v2\/posts\/107798\/revisions\/107803"}],"wp:featuredmedia":[{"embeddable":true,"href":"https:\/\/www.tuasaude.com\/news\/wp-json\/wp\/v2\/media\/107800"}],"wp:attachment":[{"href":"https:\/\/www.tuasaude.com\/news\/wp-json\/wp\/v2\/media?parent=107798"}],"wp:term":[{"taxonomy":"category","embeddable":true,"href":"https:\/\/www.tuasaude.com\/news\/wp-json\/wp\/v2\/categories?post=107798"},{"taxonomy":"post_tag","embeddable":true,"href":"https:\/\/www.tuasaude.com\/news\/wp-json\/wp\/v2\/tags?post=107798"}],"curies":[{"name":"wp","href":"https:\/\/api.w.org\/{rel}","templated":true}]}}