{"id":107716,"date":"2026-09-04T13:20:00","date_gmt":"2026-09-04T16:20:00","guid":{"rendered":"https:\/\/www.tuasaude.com\/news\/?p=107716"},"modified":"2026-09-03T16:46:57","modified_gmt":"2026-09-03T19:46:57","slug":"tosse-aparece-no-ar-frio-por-que-a-temperatura-pode-ser-o-gatilho","status":"publish","type":"post","link":"https:\/\/www.tuasaude.com\/news\/2026\/09\/04\/tosse-aparece-no-ar-frio-por-que-a-temperatura-pode-ser-o-gatilho\/","title":{"rendered":"Tosse aparece no ar frio: por que a temperatura pode ser o gatilho"},"content":{"rendered":"\n<p class=\"wp-block-paragraph\">A <strong>tosse no frio<\/strong> pode aparecer porque o ar gelado, especialmente quando tamb\u00e9m est\u00e1 seco, irrita e resseca as vias respirat\u00f3rias. Pessoas com br\u00f4nquios mais sens\u00edveis, como quem tem asma, podem apresentar tosse, chiado, aperto no peito ou falta de ar ao respirar em temperaturas baixas.<\/p>\n\n\n\n<h2 class=\"wp-block-heading\">Por que o ar frio provoca tosse<\/h2>\n\n\n\n<p class=\"wp-block-paragraph\">Ao entrar pelas vias respirat\u00f3rias, o ar precisa ser aquecido e umidificado. Quando est\u00e1 muito frio e seco, esse processo pode favorecer irrita\u00e7\u00e3o e estreitamento dos br\u00f4nquios em pessoas mais sens\u00edveis, desencadeando <strong>tosse e desconforto para respirar<\/strong>.<\/p>\n\n\n\n<p class=\"wp-block-paragraph\">A <a href=\"https:\/\/www.lung.org\/blog\/cold-weather-asthma\" target=\"_blank\" rel=\"noopener noreferrer\">American Lung Association<\/a> explica que o ar frio e seco \u00e9 um gatilho comum para pessoas com asma e pode provocar tosse, chiado e falta de ar.<\/p>\n\n\n\n<h2 class=\"wp-block-heading\">Quem tende a sentir mais tosse no frio<\/h2>\n\n\n<div class=\"wp-block-image wp-block-image size-large\">\n<figure class=\"aligncenter\"><img decoding=\"async\" width=\"1280\" height=\"714\" src=\"https:\/\/www.tuasaude.com\/news\/wp-content\/uploads\/2026\/09\/107716_tosse-aparece-no-ar-frio-por-que-a-temperatura-pode-ser-o-ga_corpo.jpg\" alt=\"O frio pode favorecer irrita\u00e7\u00e3o e estreitamento dos br\u00f4nquios, especialmente em pessoas com vias respirat\u00f3rias sens\u00edveis.\" class=\"wp-image-107718\" srcset=\"https:\/\/www.tuasaude.com\/news\/wp-content\/uploads\/2026\/09\/107716_tosse-aparece-no-ar-frio-por-que-a-temperatura-pode-ser-o-ga_corpo.jpg 1280w, https:\/\/www.tuasaude.com\/news\/wp-content\/uploads\/2026\/09\/107716_tosse-aparece-no-ar-frio-por-que-a-temperatura-pode-ser-o-ga_corpo-300x167.jpg 300w, https:\/\/www.tuasaude.com\/news\/wp-content\/uploads\/2026\/09\/107716_tosse-aparece-no-ar-frio-por-que-a-temperatura-pode-ser-o-ga_corpo-1024x571.jpg 1024w, https:\/\/www.tuasaude.com\/news\/wp-content\/uploads\/2026\/09\/107716_tosse-aparece-no-ar-frio-por-que-a-temperatura-pode-ser-o-ga_corpo-768x428.jpg 768w, https:\/\/www.tuasaude.com\/news\/wp-content\/uploads\/2026\/09\/107716_tosse-aparece-no-ar-frio-por-que-a-temperatura-pode-ser-o-ga_corpo-750x418.jpg 750w, https:\/\/www.tuasaude.com\/news\/wp-content\/uploads\/2026\/09\/107716_tosse-aparece-no-ar-frio-por-que-a-temperatura-pode-ser-o-ga_corpo-1140x636.jpg 1140w\" sizes=\"(max-width: 1280px) 100vw, 1280px\" \/><figcaption class=\"wp-element-caption\">O frio pode favorecer irrita\u00e7\u00e3o e estreitamento dos br\u00f4nquios, especialmente em pessoas com vias respirat\u00f3rias sens\u00edveis.<\/figcaption><\/figure>\n<\/div>\n\n\n<p class=\"wp-block-paragraph\">A rea\u00e7\u00e3o ao frio varia de pessoa para pessoa. Alguns grupos podem perceber os sintomas com maior facilidade, principalmente quando as vias a\u00e9reas j\u00e1 apresentam inflama\u00e7\u00e3o ou hiperresponsividade.<\/p>\n\n\n\n<ul class=\"wp-block-list\">\n<li>pessoas com <strong>asma<\/strong>;<\/li>\n<li>quem apresenta rinite ou outras doen\u00e7as respirat\u00f3rias;<\/li>\n<li>pessoas que praticam exerc\u00edcio intenso ao ar livre no frio;<\/li>\n<li>quem j\u00e1 percebe tosse ou chiado diante de mudan\u00e7as bruscas de temperatura.<\/li>\n<\/ul>\n\n\n\n<h2 class=\"wp-block-heading\">O que um estudo mostra sobre o ar frio<\/h2>\n\n\n\n<p class=\"wp-block-paragraph\">Segundo a revis\u00e3o sistem\u00e1tica e meta-an\u00e1lise <a href=\"https:\/\/pubmed.ncbi.nlm.nih.gov\/42128487\/\" target=\"_blank\" rel=\"noopener noreferrer\"><em>Exploring the role of cold air in airway hyperresponsiveness and asthma diagnostic testing<\/em><\/a>, publicada na <em>European Respiratory Review<\/em> em 2026, testes com ar frio provocaram uma redu\u00e7\u00e3o maior do fluxo respirat\u00f3rio em pessoas com asma do que em indiv\u00edduos saud\u00e1veis.<\/p>\n\n\n\n<p class=\"wp-block-paragraph\">O resultado refor\u00e7a que o frio pode atuar como um est\u00edmulo para <strong>vias respirat\u00f3rias hiper-reativas<\/strong>. Isso, por\u00e9m, n\u00e3o significa que toda tosse desencadeada pela baixa temperatura seja causada por asma.<\/p>\n\n\n\n<h2 class=\"wp-block-heading\">Como reduzir a tosse no frio<\/h2>\n\n\n\n<p class=\"wp-block-paragraph\">Diminuir o contato direto das vias respirat\u00f3rias com o ar muito gelado pode ajudar a controlar o inc\u00f4modo. Algumas medidas simples incluem:<\/p>\n\n\n\n<ul class=\"wp-block-list\">\n<li>cobrir boca e nariz com cachecol ou tecido ao sair no frio;<\/li>\n<li>respirar pelo nariz sempre que poss\u00edvel, ajudando a aquecer o ar;<\/li>\n<li>evitar exerc\u00edcios intensos ao ar livre se o frio costuma desencadear sintomas;<\/li>\n<li>seguir corretamente o tratamento prescrito quando houver doen\u00e7a respirat\u00f3ria;<\/li>\n<li>observar se a tosse aparece acompanhada de <strong>chiado ou falta de ar<\/strong>.<\/li>\n<\/ul>\n\n\n<div class=\"wp-block-image wp-block-image size-large\">\n<figure class=\"aligncenter\"><img decoding=\"async\" width=\"1280\" height=\"575\" src=\"https:\/\/www.tuasaude.com\/news\/wp-content\/uploads\/2026\/09\/107716_tosse-aparece-no-ar-frio-por-que-a-temperatura-pode-ser-o-ga_tabela.jpg\" alt=\"Tosse no frio: por que o ar gelado irrita as vias respirat\u00f3rias e provoca sintomas\" class=\"wp-image-107719\" srcset=\"https:\/\/www.tuasaude.com\/news\/wp-content\/uploads\/2026\/09\/107716_tosse-aparece-no-ar-frio-por-que-a-temperatura-pode-ser-o-ga_tabela.jpg 1280w, https:\/\/www.tuasaude.com\/news\/wp-content\/uploads\/2026\/09\/107716_tosse-aparece-no-ar-frio-por-que-a-temperatura-pode-ser-o-ga_tabela-300x135.jpg 300w, https:\/\/www.tuasaude.com\/news\/wp-content\/uploads\/2026\/09\/107716_tosse-aparece-no-ar-frio-por-que-a-temperatura-pode-ser-o-ga_tabela-1024x460.jpg 1024w, https:\/\/www.tuasaude.com\/news\/wp-content\/uploads\/2026\/09\/107716_tosse-aparece-no-ar-frio-por-que-a-temperatura-pode-ser-o-ga_tabela-768x345.jpg 768w, https:\/\/www.tuasaude.com\/news\/wp-content\/uploads\/2026\/09\/107716_tosse-aparece-no-ar-frio-por-que-a-temperatura-pode-ser-o-ga_tabela-750x337.jpg 750w, https:\/\/www.tuasaude.com\/news\/wp-content\/uploads\/2026\/09\/107716_tosse-aparece-no-ar-frio-por-que-a-temperatura-pode-ser-o-ga_tabela-1140x512.jpg 1140w\" sizes=\"(max-width: 1280px) 100vw, 1280px\" \/><figcaption class=\"wp-element-caption\">Tosse no frio: por que o ar gelado irrita as vias respirat\u00f3rias e provoca sintomas<\/figcaption><\/figure>\n<\/div>\n\n\n<h2 class=\"wp-block-heading\">Quando a tosse no frio precisa ser investigada<\/h2>\n\n\n\n<p class=\"wp-block-paragraph\">Uma <strong>tosse no frio recorrente<\/strong>, principalmente quando acompanhada de chiado, aperto no peito ou falta de ar, merece avalia\u00e7\u00e3o m\u00e9dica para investigar asma e outras condi\u00e7\u00f5es respirat\u00f3rias. Entenda tamb\u00e9m os principais <a href=\"https:\/\/www.tuasaude.com\/asma\/\" target=\"_blank\" rel=\"noopener noreferrer\">sintomas e causas da asma<\/a>.<\/p>\n\n\n\n<p class=\"wp-block-paragraph\">J\u00e1 a <strong>dificuldade intensa para respirar<\/strong>, sensa\u00e7\u00e3o de sufocamento, dificuldade para falar por falta de ar ou colora\u00e7\u00e3o azulada nos l\u00e1bios exige atendimento m\u00e9dico imediato.<\/p>\n\n\n\n<p class=\"wp-block-paragraph\"><strong>Este conte\u00fado \u00e9 apenas informativo e n\u00e3o substitui a avalia\u00e7\u00e3o, o diagn\u00f3stico ou o tratamento indicado por um m\u00e9dico.<\/strong><\/p>\n","protected":false},"excerpt":{"rendered":"<p>A tosse no frio pode aparecer porque o ar gelado, especialmente quando tamb\u00e9m est\u00e1 seco, irrita e resseca as vias respirat\u00f3rias. Pessoas com br\u00f4nquios mais sens\u00edveis, como quem tem asma, podem apresentar tosse, chiado, aperto no peito ou falta de ar ao respirar em temperaturas baixas. Por que o ar frio provoca tosse Ao entrar [&hellip;]<\/p>\n","protected":false},"author":12,"featured_media":107717,"comment_status":"open","ping_status":"open","sticky":false,"template":"","format":"standard","meta":{"_yoast_wpseo_focuskw":"tosse no frio","_yoast_wpseo_title":"","_yoast_wpseo_metadesc":"Tosse no frio pode surgir pela irrita\u00e7\u00e3o das vias respirat\u00f3rias. Veja por que o ar gelado \u00e9 um gatilho, quem sente mais e quando investigar.","jnews-multi-image_gallery":[],"jnews_single_post":{"format":"standard"},"jnews_primary_category":[],"jnews_social_meta":[],"jnews_override_counter":[],"footnotes":""},"categories":[111],"tags":[13153,445,5045],"class_list":["post-107716","post","type-post","status-publish","format-standard","has-post-thumbnail","hentry","category-saude","tag-ar-frio","tag-asma","tag-vias-respiratorias"],"yoast_head":"<!-- This site is optimized with the Yoast SEO plugin v26.7 - https:\/\/yoast.com\/wordpress\/plugins\/seo\/ -->\n<title>Tosse aparece no ar frio: por que a temperatura pode ser o gatilho - Tua Sa\u00fade<\/title>\n<meta name=\"description\" content=\"Tosse no frio pode surgir pela irrita\u00e7\u00e3o das vias respirat\u00f3rias. Veja por que o ar gelado \u00e9 um gatilho, quem sente mais e quando investigar.\" \/>\n<meta name=\"robots\" content=\"index, follow, max-snippet:-1, max-image-preview:large, max-video-preview:-1\" \/>\n<link rel=\"canonical\" href=\"https:\/\/www.tuasaude.com\/news\/2026\/09\/04\/tosse-aparece-no-ar-frio-por-que-a-temperatura-pode-ser-o-gatilho\/\" \/>\n<meta property=\"og:locale\" content=\"pt_BR\" \/>\n<meta property=\"og:type\" content=\"article\" \/>\n<meta property=\"og:title\" content=\"Tosse aparece no ar frio: por que a temperatura pode ser o gatilho - Tua Sa\u00fade\" \/>\n<meta property=\"og:description\" content=\"Tosse no frio pode surgir pela irrita\u00e7\u00e3o das vias respirat\u00f3rias. Veja por que o ar gelado \u00e9 um gatilho, quem sente mais e quando investigar.\" \/>\n<meta property=\"og:url\" content=\"https:\/\/www.tuasaude.com\/news\/2026\/09\/04\/tosse-aparece-no-ar-frio-por-que-a-temperatura-pode-ser-o-gatilho\/\" \/>\n<meta property=\"og:site_name\" content=\"Tua Sa\u00fade\" \/>\n<meta property=\"article:published_time\" content=\"2026-09-04T16:20:00+00:00\" \/>\n<meta property=\"og:image\" content=\"https:\/\/www.tuasaude.com\/news\/wp-content\/uploads\/2026\/09\/107716_tosse-aparece-no-ar-frio-por-que-a-temperatura-pode-ser-o-ga_destaque.jpg\" \/>\n\t<meta property=\"og:image:width\" content=\"1280\" \/>\n\t<meta property=\"og:image:height\" content=\"714\" \/>\n\t<meta property=\"og:image:type\" content=\"image\/jpeg\" \/>\n<meta name=\"author\" content=\"Jeferson Henrique\" \/>\n<meta name=\"twitter:card\" content=\"summary_large_image\" \/>\n<meta name=\"twitter:label1\" content=\"Escrito por\" \/>\n\t<meta name=\"twitter:data1\" content=\"Jeferson Henrique\" \/>\n\t<meta name=\"twitter:label2\" content=\"Est. tempo de leitura\" \/>\n\t<meta name=\"twitter:data2\" content=\"3 minutos\" \/>\n<!-- \/ Yoast SEO plugin. -->","yoast_head_json":{"title":"Tosse aparece no ar frio: por que a temperatura pode ser o gatilho - Tua Sa\u00fade","description":"Tosse no frio pode surgir pela irrita\u00e7\u00e3o das vias respirat\u00f3rias. Veja por que o ar gelado \u00e9 um gatilho, quem sente mais e quando investigar.","robots":{"index":"index","follow":"follow","max-snippet":"max-snippet:-1","max-image-preview":"max-image-preview:large","max-video-preview":"max-video-preview:-1"},"canonical":"https:\/\/www.tuasaude.com\/news\/2026\/09\/04\/tosse-aparece-no-ar-frio-por-que-a-temperatura-pode-ser-o-gatilho\/","og_locale":"pt_BR","og_type":"article","og_title":"Tosse aparece no ar frio: por que a temperatura pode ser o gatilho - Tua Sa\u00fade","og_description":"Tosse no frio pode surgir pela irrita\u00e7\u00e3o das vias respirat\u00f3rias. Veja por que o ar gelado \u00e9 um gatilho, quem sente mais e quando investigar.","og_url":"https:\/\/www.tuasaude.com\/news\/2026\/09\/04\/tosse-aparece-no-ar-frio-por-que-a-temperatura-pode-ser-o-gatilho\/","og_site_name":"Tua Sa\u00fade","article_published_time":"2026-09-04T16:20:00+00:00","og_image":[{"width":1280,"height":714,"url":"https:\/\/www.tuasaude.com\/news\/wp-content\/uploads\/2026\/09\/107716_tosse-aparece-no-ar-frio-por-que-a-temperatura-pode-ser-o-ga_destaque.jpg","type":"image\/jpeg"}],"author":"Jeferson Henrique","twitter_card":"summary_large_image","twitter_misc":{"Escrito por":"Jeferson Henrique","Est. tempo de leitura":"3 minutos"},"schema":{"@context":"https:\/\/schema.org","@graph":[{"@type":"Article","@id":"https:\/\/www.tuasaude.com\/news\/2026\/09\/04\/tosse-aparece-no-ar-frio-por-que-a-temperatura-pode-ser-o-gatilho\/#article","isPartOf":{"@id":"https:\/\/www.tuasaude.com\/news\/2026\/09\/04\/tosse-aparece-no-ar-frio-por-que-a-temperatura-pode-ser-o-gatilho\/"},"author":{"name":"Jeferson Henrique","@id":"https:\/\/www.tuasaude.com\/news\/#\/schema\/person\/963d63d4e1f0c81f5f3a70ba4bcb0ef7"},"headline":"Tosse aparece no ar frio: por que a temperatura pode ser o gatilho","datePublished":"2026-09-04T16:20:00+00:00","mainEntityOfPage":{"@id":"https:\/\/www.tuasaude.com\/news\/2026\/09\/04\/tosse-aparece-no-ar-frio-por-que-a-temperatura-pode-ser-o-gatilho\/"},"wordCount":536,"commentCount":0,"image":{"@id":"https:\/\/www.tuasaude.com\/news\/2026\/09\/04\/tosse-aparece-no-ar-frio-por-que-a-temperatura-pode-ser-o-gatilho\/#primaryimage"},"thumbnailUrl":"https:\/\/www.tuasaude.com\/news\/wp-content\/uploads\/2026\/09\/107716_tosse-aparece-no-ar-frio-por-que-a-temperatura-pode-ser-o-ga_destaque.jpg","keywords":["ar frio","asma","vias respirat\u00f3rias"],"articleSection":["Sa\u00fade"],"inLanguage":"pt-BR","potentialAction":[{"@type":"CommentAction","name":"Comment","target":["https:\/\/www.tuasaude.com\/news\/2026\/09\/04\/tosse-aparece-no-ar-frio-por-que-a-temperatura-pode-ser-o-gatilho\/#respond"]}]},{"@type":"WebPage","@id":"https:\/\/www.tuasaude.com\/news\/2026\/09\/04\/tosse-aparece-no-ar-frio-por-que-a-temperatura-pode-ser-o-gatilho\/","url":"https:\/\/www.tuasaude.com\/news\/2026\/09\/04\/tosse-aparece-no-ar-frio-por-que-a-temperatura-pode-ser-o-gatilho\/","name":"Tosse aparece no ar frio: por que a temperatura pode ser o gatilho - Tua Sa\u00fade","isPartOf":{"@id":"https:\/\/www.tuasaude.com\/news\/#website"},"primaryImageOfPage":{"@id":"https:\/\/www.tuasaude.com\/news\/2026\/09\/04\/tosse-aparece-no-ar-frio-por-que-a-temperatura-pode-ser-o-gatilho\/#primaryimage"},"image":{"@id":"https:\/\/www.tuasaude.com\/news\/2026\/09\/04\/tosse-aparece-no-ar-frio-por-que-a-temperatura-pode-ser-o-gatilho\/#primaryimage"},"thumbnailUrl":"https:\/\/www.tuasaude.com\/news\/wp-content\/uploads\/2026\/09\/107716_tosse-aparece-no-ar-frio-por-que-a-temperatura-pode-ser-o-ga_destaque.jpg","datePublished":"2026-09-04T16:20:00+00:00","author":{"@id":"https:\/\/www.tuasaude.com\/news\/#\/schema\/person\/963d63d4e1f0c81f5f3a70ba4bcb0ef7"},"description":"Tosse no frio pode surgir pela irrita\u00e7\u00e3o das vias respirat\u00f3rias. Veja por que o ar gelado \u00e9 um gatilho, quem sente mais e quando investigar.","breadcrumb":{"@id":"https:\/\/www.tuasaude.com\/news\/2026\/09\/04\/tosse-aparece-no-ar-frio-por-que-a-temperatura-pode-ser-o-gatilho\/#breadcrumb"},"inLanguage":"pt-BR","potentialAction":[{"@type":"ReadAction","target":["https:\/\/www.tuasaude.com\/news\/2026\/09\/04\/tosse-aparece-no-ar-frio-por-que-a-temperatura-pode-ser-o-gatilho\/"]}]},{"@type":"ImageObject","inLanguage":"pt-BR","@id":"https:\/\/www.tuasaude.com\/news\/2026\/09\/04\/tosse-aparece-no-ar-frio-por-que-a-temperatura-pode-ser-o-gatilho\/#primaryimage","url":"https:\/\/www.tuasaude.com\/news\/wp-content\/uploads\/2026\/09\/107716_tosse-aparece-no-ar-frio-por-que-a-temperatura-pode-ser-o-ga_destaque.jpg","contentUrl":"https:\/\/www.tuasaude.com\/news\/wp-content\/uploads\/2026\/09\/107716_tosse-aparece-no-ar-frio-por-que-a-temperatura-pode-ser-o-ga_destaque.jpg","width":1280,"height":714,"caption":"O ar frio e seco pode irritar as vias respirat\u00f3rias e desencadear tosse em pessoas mais sens\u00edveis."},{"@type":"BreadcrumbList","@id":"https:\/\/www.tuasaude.com\/news\/2026\/09\/04\/tosse-aparece-no-ar-frio-por-que-a-temperatura-pode-ser-o-gatilho\/#breadcrumb","itemListElement":[{"@type":"ListItem","position":1,"name":"In\u00edcio","item":"https:\/\/www.tuasaude.com\/news\/"},{"@type":"ListItem","position":2,"name":"Tosse aparece no ar frio: por que a temperatura pode ser o gatilho"}]},{"@type":"WebSite","@id":"https:\/\/www.tuasaude.com\/news\/#website","url":"https:\/\/www.tuasaude.com\/news\/","name":"Tua Sa\u00fade","description":"Seu site de sa\u00fade","potentialAction":[{"@type":"SearchAction","target":{"@type":"EntryPoint","urlTemplate":"https:\/\/www.tuasaude.com\/news\/?s={search_term_string}"},"query-input":{"@type":"PropertyValueSpecification","valueRequired":true,"valueName":"search_term_string"}}],"inLanguage":"pt-BR"},{"@type":"Person","@id":"https:\/\/www.tuasaude.com\/news\/#\/schema\/person\/963d63d4e1f0c81f5f3a70ba4bcb0ef7","name":"Jeferson Henrique","image":{"@type":"ImageObject","inLanguage":"pt-BR","@id":"https:\/\/www.tuasaude.com\/news\/#\/schema\/person\/image\/","url":"https:\/\/secure.gravatar.com\/avatar\/1a476a54a48eb3cdea5dd2f016708263892c6b9f5e54b641df7c65e980fd6f69?s=96&d=mm&r=g","contentUrl":"https:\/\/secure.gravatar.com\/avatar\/1a476a54a48eb3cdea5dd2f016708263892c6b9f5e54b641df7c65e980fd6f69?s=96&d=mm&r=g","caption":"Jeferson Henrique"},"sameAs":["https:\/\/www.tuasaude.com\/news\/"],"url":"https:\/\/www.tuasaude.com\/news\/author\/jeferson-henrique\/"}]}},"_links":{"self":[{"href":"https:\/\/www.tuasaude.com\/news\/wp-json\/wp\/v2\/posts\/107716","targetHints":{"allow":["GET"]}}],"collection":[{"href":"https:\/\/www.tuasaude.com\/news\/wp-json\/wp\/v2\/posts"}],"about":[{"href":"https:\/\/www.tuasaude.com\/news\/wp-json\/wp\/v2\/types\/post"}],"author":[{"embeddable":true,"href":"https:\/\/www.tuasaude.com\/news\/wp-json\/wp\/v2\/users\/12"}],"replies":[{"embeddable":true,"href":"https:\/\/www.tuasaude.com\/news\/wp-json\/wp\/v2\/comments?post=107716"}],"version-history":[{"count":1,"href":"https:\/\/www.tuasaude.com\/news\/wp-json\/wp\/v2\/posts\/107716\/revisions"}],"predecessor-version":[{"id":107720,"href":"https:\/\/www.tuasaude.com\/news\/wp-json\/wp\/v2\/posts\/107716\/revisions\/107720"}],"wp:featuredmedia":[{"embeddable":true,"href":"https:\/\/www.tuasaude.com\/news\/wp-json\/wp\/v2\/media\/107717"}],"wp:attachment":[{"href":"https:\/\/www.tuasaude.com\/news\/wp-json\/wp\/v2\/media?parent=107716"}],"wp:term":[{"taxonomy":"category","embeddable":true,"href":"https:\/\/www.tuasaude.com\/news\/wp-json\/wp\/v2\/categories?post=107716"},{"taxonomy":"post_tag","embeddable":true,"href":"https:\/\/www.tuasaude.com\/news\/wp-json\/wp\/v2\/tags?post=107716"}],"curies":[{"name":"wp","href":"https:\/\/api.w.org\/{rel}","templated":true}]}}