{"id":107591,"date":"2026-09-04T09:10:00","date_gmt":"2026-09-04T12:10:00","guid":{"rendered":"https:\/\/www.tuasaude.com\/news\/?p=107591"},"modified":"2026-09-03T15:26:07","modified_gmt":"2026-09-03T18:26:07","slug":"suplementacao-de-ferro-corrige-a-fadiga-na-anemia-ferropriva","status":"publish","type":"post","link":"https:\/\/www.tuasaude.com\/news\/2026\/09\/04\/suplementacao-de-ferro-corrige-a-fadiga-na-anemia-ferropriva\/","title":{"rendered":"Suplementa\u00e7\u00e3o de ferro corrige a fadiga na anemia ferropriva?"},"content":{"rendered":"\n<p class=\"wp-block-paragraph\">Sim, a suplementa\u00e7\u00e3o de ferro corrige a fadiga na anemia ferropriva quando indicada corretamente, j\u00e1 que restaura os n\u00edveis de hemoglobina e permite que o oxig\u00eanio volte a chegar em quantidade adequada aos tecidos. A melhora do cansa\u00e7o costuma ser um dos primeiros sinais de resposta ao tratamento, com efeitos percept\u00edveis j\u00e1 nas primeiras semanas. No entanto, o diagn\u00f3stico correto por exame de sangue, a escolha do tipo de ferro e o acompanhamento m\u00e9dico s\u00e3o fundamentais para garantir a efic\u00e1cia da reposi\u00e7\u00e3o, minimizar efeitos colaterais e reabastecer as reservas do mineral no organismo.<\/p>\n\n\n\n<h2 class=\"wp-block-heading\">Como \u00e9 feito o diagn\u00f3stico correto da anemia ferropriva?<\/h2>\n\n\n\n<p class=\"wp-block-paragraph\">O diagn\u00f3stico come\u00e7a pela avalia\u00e7\u00e3o cl\u00ednica de sintomas como cansa\u00e7o, palidez, falta de ar e queda de cabelo, mas s\u00f3 \u00e9 confirmado por exames de sangue. O hemograma completo mostra a redu\u00e7\u00e3o da hemoglobina e altera\u00e7\u00f5es no volume dos gl\u00f3bulos vermelhos.<\/p>\n\n\n\n<p class=\"wp-block-paragraph\">Para confirmar a defici\u00eancia de ferro, o m\u00e9dico solicita a dosagem de ferritina, ferro s\u00e9rico, transferrina e satura\u00e7\u00e3o de transferrina. A <a href=\"https:\/\/www.tuasaude.com\/anemia-ferropriva\/\" target=\"_blank\" rel=\"noreferrer noopener\">anemia ferropriva<\/a> se caracteriza pela ferritina baixa e pela queda do ferro circulante, o que orienta o tipo e a dura\u00e7\u00e3o do tratamento.<\/p>\n\n\n\n<h2 class=\"wp-block-heading\">Quais s\u00e3o as formas de reposi\u00e7\u00e3o oral de ferro?<\/h2>\n\n\n\n<p class=\"wp-block-paragraph\">A reposi\u00e7\u00e3o oral \u00e9 a forma mais utilizada e costuma ser prescrita como sulfato ferroso, glicinato de ferro, quelato de ferro ou ferro polimaltosado. Cada apresenta\u00e7\u00e3o tem particularidades quanto \u00e0 absor\u00e7\u00e3o, toler\u00e2ncia g\u00e1strica e dose de ferro elementar.<\/p>\n\n\n\n<p class=\"wp-block-paragraph\">A dose di\u00e1ria recomendada varia conforme a gravidade da anemia e o peso, geralmente entre 60 e 120 mg de ferro elementar por dia. Combinar o suplemento com <a href=\"https:\/\/www.tuasaude.com\/3-truques-para-enriquecer-os-alimentos-com-ferro\/\" target=\"_blank\" rel=\"noreferrer noopener\">alimentos ricos em vitamina C<\/a> aumenta significativamente a absor\u00e7\u00e3o do mineral pelo intestino.<\/p>\n\n\n<div class=\"wp-block-image\">\n<figure class=\"aligncenter size-large\"><img decoding=\"async\" width=\"1024\" height=\"571\" src=\"https:\/\/www.tuasaude.com\/news\/wp-content\/uploads\/2026\/09\/Anemia_ferropriva_e_reposicao_de\u2026_202609031524-1024x571.jpg\" alt=\"Diagn\u00f3stico, reposi\u00e7\u00e3o, recupera\u00e7\u00e3o da hemoglobina e estoques explicam a melhora gradual da fadiga.\" class=\"wp-image-107597\" srcset=\"https:\/\/www.tuasaude.com\/news\/wp-content\/uploads\/2026\/09\/Anemia_ferropriva_e_reposicao_de\u2026_202609031524-1024x571.jpg 1024w, https:\/\/www.tuasaude.com\/news\/wp-content\/uploads\/2026\/09\/Anemia_ferropriva_e_reposicao_de\u2026_202609031524-300x167.jpg 300w, https:\/\/www.tuasaude.com\/news\/wp-content\/uploads\/2026\/09\/Anemia_ferropriva_e_reposicao_de\u2026_202609031524-768x428.jpg 768w, https:\/\/www.tuasaude.com\/news\/wp-content\/uploads\/2026\/09\/Anemia_ferropriva_e_reposicao_de\u2026_202609031524-750x418.jpg 750w, https:\/\/www.tuasaude.com\/news\/wp-content\/uploads\/2026\/09\/Anemia_ferropriva_e_reposicao_de\u2026_202609031524-1140x636.jpg 1140w, https:\/\/www.tuasaude.com\/news\/wp-content\/uploads\/2026\/09\/Anemia_ferropriva_e_reposicao_de\u2026_202609031524.jpg 1280w\" sizes=\"(max-width: 1024px) 100vw, 1024px\" \/><figcaption class=\"wp-element-caption\">Diagn\u00f3stico, reposi\u00e7\u00e3o, recupera\u00e7\u00e3o da hemoglobina e estoques explicam a melhora gradual da fadiga.<\/figcaption><\/figure>\n<\/div>\n\n\n<h2 class=\"wp-block-heading\">Quais s\u00e3o os principais efeitos colaterais do ferro oral?<\/h2>\n\n\n\n<p class=\"wp-block-paragraph\">Apesar de ser um tratamento seguro, o ferro oral pode provocar sintomas gastrointestinais em algumas pessoas, especialmente nas primeiras semanas. Entre os efeitos colaterais mais comuns est\u00e3o:<\/p>\n\n\n\n<ul class=\"wp-block-list\">\n<li><strong>N\u00e1useas e enjoo<\/strong>, principalmente quando tomado em jejum<\/li>\n\n\n\n<li><strong>Dor ou queima\u00e7\u00e3o no est\u00f4mago<\/strong><\/li>\n\n\n\n<li><strong>Pris\u00e3o de ventre ou diarreia<\/strong><\/li>\n\n\n\n<li><strong>Fezes escurecidas<\/strong>, o que \u00e9 esperado e n\u00e3o representa risco<\/li>\n\n\n\n<li><strong>Sabor met\u00e1lico<\/strong> na boca<\/li>\n\n\n\n<li><strong>Escurecimento tempor\u00e1rio dos dentes<\/strong>, no caso de solu\u00e7\u00f5es l\u00edquidas<\/li>\n\n\n\n<li><strong>C\u00f3licas abdominais<\/strong> em doses mais elevadas<\/li>\n<\/ul>\n\n\n\n<h2 class=\"wp-block-heading\">O que a ci\u00eancia revela sobre ferro e melhora da fadiga?<\/h2>\n\n\n\n<p class=\"wp-block-paragraph\">A rela\u00e7\u00e3o entre reposi\u00e7\u00e3o de ferro e al\u00edvio do cansa\u00e7o \u00e9 sustentada por pesquisas cl\u00ednicas de refer\u00eancia. Segundo o ensaio cl\u00ednico randomizado <a href=\"https:\/\/pubmed.ncbi.nlm.nih.gov\/22777991\/\" target=\"_blank\" rel=\"noreferrer noopener\">Effect of iron supplementation on fatigue in nonanemic menstruating women with low ferritin<\/a>, publicado no peri\u00f3dico canadense CMAJ, a suplementa\u00e7\u00e3o oral com sulfato ferroso por 12 semanas reduziu a fadiga em quase 50% nas participantes com baixa reserva de ferro, com diferen\u00e7a significativa em rela\u00e7\u00e3o ao placebo.<\/p>\n\n\n\n<p class=\"wp-block-paragraph\">Os autores destacam que a melhora do cansa\u00e7o aparece mesmo antes da normaliza\u00e7\u00e3o completa da hemoglobina, refor\u00e7ando o papel do ferro no metabolismo energ\u00e9tico e a import\u00e2ncia de incluir <a href=\"https:\/\/www.tuasaude.com\/individuos-com-anemia-tendem-a-ser-mais-gordos\/\" target=\"_blank\" rel=\"noreferrer noopener\">alimentos indicados para anemia<\/a> em conjunto com o suplemento prescrito pelo m\u00e9dico.<\/p>\n\n\n<div class=\"wp-block-image\">\n<figure class=\"aligncenter size-large\"><img decoding=\"async\" width=\"1024\" height=\"571\" src=\"https:\/\/www.tuasaude.com\/news\/wp-content\/uploads\/2026\/09\/Man_reviewing_blood_test_results_202609031524-1024x571.jpg\" alt=\"Hemoglobina e reservas de ferro se recuperam gradualmente durante o tratamento adequado.\" class=\"wp-image-107600\" srcset=\"https:\/\/www.tuasaude.com\/news\/wp-content\/uploads\/2026\/09\/Man_reviewing_blood_test_results_202609031524-1024x571.jpg 1024w, https:\/\/www.tuasaude.com\/news\/wp-content\/uploads\/2026\/09\/Man_reviewing_blood_test_results_202609031524-300x167.jpg 300w, https:\/\/www.tuasaude.com\/news\/wp-content\/uploads\/2026\/09\/Man_reviewing_blood_test_results_202609031524-768x428.jpg 768w, https:\/\/www.tuasaude.com\/news\/wp-content\/uploads\/2026\/09\/Man_reviewing_blood_test_results_202609031524-750x418.jpg 750w, https:\/\/www.tuasaude.com\/news\/wp-content\/uploads\/2026\/09\/Man_reviewing_blood_test_results_202609031524-1140x636.jpg 1140w, https:\/\/www.tuasaude.com\/news\/wp-content\/uploads\/2026\/09\/Man_reviewing_blood_test_results_202609031524.jpg 1280w\" sizes=\"(max-width: 1024px) 100vw, 1024px\" \/><figcaption class=\"wp-element-caption\">Hemoglobina e reservas de ferro se recuperam gradualmente durante o tratamento adequado.<\/figcaption><\/figure>\n<\/div>\n\n\n<h2 class=\"wp-block-heading\">Quanto tempo leva para os sintomas melhorarem?<\/h2>\n\n\n\n<p class=\"wp-block-paragraph\">A resposta ao tratamento acontece em etapas e exige const\u00e2ncia para que os estoques de ferro sejam reabastecidos por completo. O tempo esperado costuma seguir o seguinte padr\u00e3o:<\/p>\n\n\n\n<ol class=\"wp-block-list\">\n<li>Em <strong>1 a 2 semanas<\/strong>, a medula \u00f3ssea come\u00e7a a produzir mais gl\u00f3bulos vermelhos<\/li>\n\n\n\n<li>Entre <strong>2 e 4 semanas<\/strong>, a fadiga, o des\u00e2nimo e a falta de ar tendem a melhorar<\/li>\n\n\n\n<li>Em <strong>4 a 8 semanas<\/strong>, a hemoglobina se normaliza na maioria dos casos<\/li>\n\n\n\n<li>Ap\u00f3s <strong>3 a 6 meses<\/strong>, as reservas de ferritina s\u00e3o reabastecidas<\/li>\n\n\n\n<li>O <strong>exame de sangue de controle<\/strong> deve ser repetido conforme orienta\u00e7\u00e3o m\u00e9dica<\/li>\n\n\n\n<li>A <strong>interrup\u00e7\u00e3o precoce<\/strong> do tratamento \u00e9 uma das principais causas de reca\u00edda<\/li>\n<\/ol>\n\n\n\n<p class=\"wp-block-paragraph\">A suplementa\u00e7\u00e3o de ferro deve sempre ser feita com orienta\u00e7\u00e3o m\u00e9dica, j\u00e1 que o excesso do mineral pode ser t\u00f3xico e causar problemas hep\u00e1ticos e card\u00edacos. O acompanhamento com hematologista, cl\u00ednico geral ou nutricionista \u00e9 fundamental para investigar a causa da anemia, ajustar a dose e definir o tempo adequado de tratamento.<\/p>\n\n\n\n<p class=\"wp-block-paragraph\"><em>Este conte\u00fado tem car\u00e1ter apenas informativo e n\u00e3o substitui a avalia\u00e7\u00e3o, o diagn\u00f3stico ou o tratamento realizados por um profissional de sa\u00fade qualificado.<\/em><\/p>\n","protected":false},"excerpt":{"rendered":"<p>Sim, a suplementa\u00e7\u00e3o de ferro corrige a fadiga na anemia ferropriva quando indicada corretamente, j\u00e1 que restaura os n\u00edveis de hemoglobina e permite que o oxig\u00eanio volte a chegar em quantidade adequada aos tecidos. A melhora do cansa\u00e7o costuma ser um dos primeiros sinais de resposta ao tratamento, com efeitos percept\u00edveis j\u00e1 nas primeiras semanas. [&hellip;]<\/p>\n","protected":false},"author":11,"featured_media":107596,"comment_status":"open","ping_status":"open","sticky":false,"template":"","format":"standard","meta":{"_yoast_wpseo_focuskw":"ferro","_yoast_wpseo_title":"","_yoast_wpseo_metadesc":"A suplementa\u00e7\u00e3o de ferro ajuda a reduzir a fadiga da anemia ferropriva. Entenda quando a melhora come\u00e7a e por que o tratamento precisa continuar por mais tempo.","jnews-multi-image_gallery":[],"jnews_single_post":{"format":"standard"},"jnews_primary_category":[],"jnews_social_meta":[],"jnews_override_counter":[],"footnotes":""},"categories":[111],"tags":[227,226,199,136],"class_list":["post-107591","post","type-post","status-publish","format-standard","has-post-thumbnail","hentry","category-saude","tag-anemia","tag-anemia-ferropriva","tag-ferro","tag-saude"],"yoast_head":"<!-- This site is optimized with the Yoast SEO plugin v26.7 - https:\/\/yoast.com\/wordpress\/plugins\/seo\/ -->\n<title>Suplementa\u00e7\u00e3o de ferro corrige a fadiga na anemia ferropriva? - Tua Sa\u00fade<\/title>\n<meta name=\"description\" content=\"A suplementa\u00e7\u00e3o de ferro ajuda a reduzir a fadiga da anemia ferropriva. Entenda quando a melhora come\u00e7a e por que o tratamento precisa continuar por mais tempo.\" \/>\n<meta name=\"robots\" content=\"index, follow, max-snippet:-1, max-image-preview:large, max-video-preview:-1\" \/>\n<link rel=\"canonical\" href=\"https:\/\/www.tuasaude.com\/news\/2026\/09\/04\/suplementacao-de-ferro-corrige-a-fadiga-na-anemia-ferropriva\/\" \/>\n<meta property=\"og:locale\" content=\"pt_BR\" \/>\n<meta property=\"og:type\" content=\"article\" \/>\n<meta property=\"og:title\" content=\"Suplementa\u00e7\u00e3o de ferro corrige a fadiga na anemia ferropriva? - Tua Sa\u00fade\" \/>\n<meta property=\"og:description\" content=\"A suplementa\u00e7\u00e3o de ferro ajuda a reduzir a fadiga da anemia ferropriva. Entenda quando a melhora come\u00e7a e por que o tratamento precisa continuar por mais tempo.\" \/>\n<meta property=\"og:url\" content=\"https:\/\/www.tuasaude.com\/news\/2026\/09\/04\/suplementacao-de-ferro-corrige-a-fadiga-na-anemia-ferropriva\/\" \/>\n<meta property=\"og:site_name\" content=\"Tua Sa\u00fade\" \/>\n<meta property=\"article:published_time\" content=\"2026-09-04T12:10:00+00:00\" \/>\n<meta property=\"og:image\" content=\"https:\/\/www.tuasaude.com\/news\/wp-content\/uploads\/2026\/09\/Woman_recovering_from_iron_defic\u2026_202609031524.jpg\" \/>\n\t<meta property=\"og:image:width\" content=\"1280\" \/>\n\t<meta property=\"og:image:height\" content=\"714\" \/>\n\t<meta property=\"og:image:type\" content=\"image\/jpeg\" \/>\n<meta name=\"author\" content=\"Gessika Julia Carvalho\" \/>\n<meta name=\"twitter:card\" content=\"summary_large_image\" \/>\n<meta name=\"twitter:label1\" content=\"Escrito por\" \/>\n\t<meta name=\"twitter:data1\" content=\"Gessika Julia Carvalho\" \/>\n\t<meta name=\"twitter:label2\" content=\"Est. tempo de leitura\" \/>\n\t<meta name=\"twitter:data2\" content=\"5 minutos\" \/>\n<!-- \/ Yoast SEO plugin. -->","yoast_head_json":{"title":"Suplementa\u00e7\u00e3o de ferro corrige a fadiga na anemia ferropriva? - Tua Sa\u00fade","description":"A suplementa\u00e7\u00e3o de ferro ajuda a reduzir a fadiga da anemia ferropriva. Entenda quando a melhora come\u00e7a e por que o tratamento precisa continuar por mais tempo.","robots":{"index":"index","follow":"follow","max-snippet":"max-snippet:-1","max-image-preview":"max-image-preview:large","max-video-preview":"max-video-preview:-1"},"canonical":"https:\/\/www.tuasaude.com\/news\/2026\/09\/04\/suplementacao-de-ferro-corrige-a-fadiga-na-anemia-ferropriva\/","og_locale":"pt_BR","og_type":"article","og_title":"Suplementa\u00e7\u00e3o de ferro corrige a fadiga na anemia ferropriva? - Tua Sa\u00fade","og_description":"A suplementa\u00e7\u00e3o de ferro ajuda a reduzir a fadiga da anemia ferropriva. Entenda quando a melhora come\u00e7a e por que o tratamento precisa continuar por mais tempo.","og_url":"https:\/\/www.tuasaude.com\/news\/2026\/09\/04\/suplementacao-de-ferro-corrige-a-fadiga-na-anemia-ferropriva\/","og_site_name":"Tua Sa\u00fade","article_published_time":"2026-09-04T12:10:00+00:00","og_image":[{"width":1280,"height":714,"url":"https:\/\/www.tuasaude.com\/news\/wp-content\/uploads\/2026\/09\/Woman_recovering_from_iron_defic\u2026_202609031524.jpg","type":"image\/jpeg"}],"author":"Gessika Julia Carvalho","twitter_card":"summary_large_image","twitter_misc":{"Escrito por":"Gessika Julia Carvalho","Est. tempo de leitura":"5 minutos"},"schema":{"@context":"https:\/\/schema.org","@graph":[{"@type":"Article","@id":"https:\/\/www.tuasaude.com\/news\/2026\/09\/04\/suplementacao-de-ferro-corrige-a-fadiga-na-anemia-ferropriva\/#article","isPartOf":{"@id":"https:\/\/www.tuasaude.com\/news\/2026\/09\/04\/suplementacao-de-ferro-corrige-a-fadiga-na-anemia-ferropriva\/"},"author":{"name":"Gessika Julia Carvalho","@id":"https:\/\/www.tuasaude.com\/news\/#\/schema\/person\/2e9df841be69ec84f5d20ddb8d273ac2"},"headline":"Suplementa\u00e7\u00e3o de ferro corrige a fadiga na anemia ferropriva?","datePublished":"2026-09-04T12:10:00+00:00","mainEntityOfPage":{"@id":"https:\/\/www.tuasaude.com\/news\/2026\/09\/04\/suplementacao-de-ferro-corrige-a-fadiga-na-anemia-ferropriva\/"},"wordCount":773,"commentCount":0,"image":{"@id":"https:\/\/www.tuasaude.com\/news\/2026\/09\/04\/suplementacao-de-ferro-corrige-a-fadiga-na-anemia-ferropriva\/#primaryimage"},"thumbnailUrl":"https:\/\/www.tuasaude.com\/news\/wp-content\/uploads\/2026\/09\/Woman_recovering_from_iron_defic\u2026_202609031524.jpg","keywords":["anemia","anemia ferropriva","ferro","sa\u00fade"],"articleSection":["Sa\u00fade"],"inLanguage":"pt-BR","potentialAction":[{"@type":"CommentAction","name":"Comment","target":["https:\/\/www.tuasaude.com\/news\/2026\/09\/04\/suplementacao-de-ferro-corrige-a-fadiga-na-anemia-ferropriva\/#respond"]}]},{"@type":"WebPage","@id":"https:\/\/www.tuasaude.com\/news\/2026\/09\/04\/suplementacao-de-ferro-corrige-a-fadiga-na-anemia-ferropriva\/","url":"https:\/\/www.tuasaude.com\/news\/2026\/09\/04\/suplementacao-de-ferro-corrige-a-fadiga-na-anemia-ferropriva\/","name":"Suplementa\u00e7\u00e3o de ferro corrige a fadiga na anemia ferropriva? - Tua Sa\u00fade","isPartOf":{"@id":"https:\/\/www.tuasaude.com\/news\/#website"},"primaryImageOfPage":{"@id":"https:\/\/www.tuasaude.com\/news\/2026\/09\/04\/suplementacao-de-ferro-corrige-a-fadiga-na-anemia-ferropriva\/#primaryimage"},"image":{"@id":"https:\/\/www.tuasaude.com\/news\/2026\/09\/04\/suplementacao-de-ferro-corrige-a-fadiga-na-anemia-ferropriva\/#primaryimage"},"thumbnailUrl":"https:\/\/www.tuasaude.com\/news\/wp-content\/uploads\/2026\/09\/Woman_recovering_from_iron_defic\u2026_202609031524.jpg","datePublished":"2026-09-04T12:10:00+00:00","author":{"@id":"https:\/\/www.tuasaude.com\/news\/#\/schema\/person\/2e9df841be69ec84f5d20ddb8d273ac2"},"description":"A suplementa\u00e7\u00e3o de ferro ajuda a reduzir a fadiga da anemia ferropriva. Entenda quando a melhora come\u00e7a e por que o tratamento precisa continuar por mais tempo.","breadcrumb":{"@id":"https:\/\/www.tuasaude.com\/news\/2026\/09\/04\/suplementacao-de-ferro-corrige-a-fadiga-na-anemia-ferropriva\/#breadcrumb"},"inLanguage":"pt-BR","potentialAction":[{"@type":"ReadAction","target":["https:\/\/www.tuasaude.com\/news\/2026\/09\/04\/suplementacao-de-ferro-corrige-a-fadiga-na-anemia-ferropriva\/"]}]},{"@type":"ImageObject","inLanguage":"pt-BR","@id":"https:\/\/www.tuasaude.com\/news\/2026\/09\/04\/suplementacao-de-ferro-corrige-a-fadiga-na-anemia-ferropriva\/#primaryimage","url":"https:\/\/www.tuasaude.com\/news\/wp-content\/uploads\/2026\/09\/Woman_recovering_from_iron_defic\u2026_202609031524.jpg","contentUrl":"https:\/\/www.tuasaude.com\/news\/wp-content\/uploads\/2026\/09\/Woman_recovering_from_iron_defic\u2026_202609031524.jpg","width":1280,"height":714,"caption":"Suplementa\u00e7\u00e3o de ferro corrige a fadiga na anemia ferropriva?"},{"@type":"BreadcrumbList","@id":"https:\/\/www.tuasaude.com\/news\/2026\/09\/04\/suplementacao-de-ferro-corrige-a-fadiga-na-anemia-ferropriva\/#breadcrumb","itemListElement":[{"@type":"ListItem","position":1,"name":"In\u00edcio","item":"https:\/\/www.tuasaude.com\/news\/"},{"@type":"ListItem","position":2,"name":"Suplementa\u00e7\u00e3o de ferro corrige a fadiga na anemia ferropriva?"}]},{"@type":"WebSite","@id":"https:\/\/www.tuasaude.com\/news\/#website","url":"https:\/\/www.tuasaude.com\/news\/","name":"Tua Sa\u00fade","description":"Seu site de sa\u00fade","potentialAction":[{"@type":"SearchAction","target":{"@type":"EntryPoint","urlTemplate":"https:\/\/www.tuasaude.com\/news\/?s={search_term_string}"},"query-input":{"@type":"PropertyValueSpecification","valueRequired":true,"valueName":"search_term_string"}}],"inLanguage":"pt-BR"},{"@type":"Person","@id":"https:\/\/www.tuasaude.com\/news\/#\/schema\/person\/2e9df841be69ec84f5d20ddb8d273ac2","name":"Gessika Julia Carvalho","image":{"@type":"ImageObject","inLanguage":"pt-BR","@id":"https:\/\/www.tuasaude.com\/news\/#\/schema\/person\/image\/","url":"https:\/\/secure.gravatar.com\/avatar\/0fcc8769024577fd0bc6a8b766055690f76a8e8f29dfb2a2f89cf04db8d0f2d2?s=96&d=mm&r=g","contentUrl":"https:\/\/secure.gravatar.com\/avatar\/0fcc8769024577fd0bc6a8b766055690f76a8e8f29dfb2a2f89cf04db8d0f2d2?s=96&d=mm&r=g","caption":"Gessika Julia Carvalho"},"sameAs":["https:\/\/www.tuasaude.com\/news\/"],"url":"https:\/\/www.tuasaude.com\/news\/author\/gessika-julia\/"}]}},"_links":{"self":[{"href":"https:\/\/www.tuasaude.com\/news\/wp-json\/wp\/v2\/posts\/107591","targetHints":{"allow":["GET"]}}],"collection":[{"href":"https:\/\/www.tuasaude.com\/news\/wp-json\/wp\/v2\/posts"}],"about":[{"href":"https:\/\/www.tuasaude.com\/news\/wp-json\/wp\/v2\/types\/post"}],"author":[{"embeddable":true,"href":"https:\/\/www.tuasaude.com\/news\/wp-json\/wp\/v2\/users\/11"}],"replies":[{"embeddable":true,"href":"https:\/\/www.tuasaude.com\/news\/wp-json\/wp\/v2\/comments?post=107591"}],"version-history":[{"count":1,"href":"https:\/\/www.tuasaude.com\/news\/wp-json\/wp\/v2\/posts\/107591\/revisions"}],"predecessor-version":[{"id":107601,"href":"https:\/\/www.tuasaude.com\/news\/wp-json\/wp\/v2\/posts\/107591\/revisions\/107601"}],"wp:featuredmedia":[{"embeddable":true,"href":"https:\/\/www.tuasaude.com\/news\/wp-json\/wp\/v2\/media\/107596"}],"wp:attachment":[{"href":"https:\/\/www.tuasaude.com\/news\/wp-json\/wp\/v2\/media?parent=107591"}],"wp:term":[{"taxonomy":"category","embeddable":true,"href":"https:\/\/www.tuasaude.com\/news\/wp-json\/wp\/v2\/categories?post=107591"},{"taxonomy":"post_tag","embeddable":true,"href":"https:\/\/www.tuasaude.com\/news\/wp-json\/wp\/v2\/tags?post=107591"}],"curies":[{"name":"wp","href":"https:\/\/api.w.org\/{rel}","templated":true}]}}