{"id":107590,"date":"2026-09-04T08:20:00","date_gmt":"2026-09-04T11:20:00","guid":{"rendered":"https:\/\/www.tuasaude.com\/news\/?p=107590"},"modified":"2026-09-03T15:22:55","modified_gmt":"2026-09-03T18:22:55","slug":"uma-nova-pesquisa-aponta-que-o-excesso-de-acucar-afeta-o-funcionamento-do-cerebro-e-cortar-so-nos-fins-de-semana-nao-reverte-o-quadro","status":"publish","type":"post","link":"https:\/\/www.tuasaude.com\/news\/2026\/09\/04\/uma-nova-pesquisa-aponta-que-o-excesso-de-acucar-afeta-o-funcionamento-do-cerebro-e-cortar-so-nos-fins-de-semana-nao-reverte-o-quadro\/","title":{"rendered":"Uma nova pesquisa aponta que o excesso de a\u00e7\u00facar afeta o funcionamento do c\u00e9rebro, e cortar s\u00f3 nos fins de semana n\u00e3o reverte o quadro"},"content":{"rendered":"\n<p class=\"wp-block-paragraph\">Uma revis\u00e3o cient\u00edfica publicada recentemente refor\u00e7a que o consumo elevado de a\u00e7\u00facar prejudica fun\u00e7\u00f5es cerebrais como mem\u00f3ria, humor e concentra\u00e7\u00e3o, e mostra que cortar o consumo apenas nos fins de semana n\u00e3o \u00e9 suficiente para reverter os danos. O que faz a diferen\u00e7a \u00e9 o padr\u00e3o alimentar mantido no longo prazo, j\u00e1 que dias isolados de restri\u00e7\u00e3o n\u00e3o neutralizam os efeitos cumulativos da inflama\u00e7\u00e3o e das altera\u00e7\u00f5es metab\u00f3licas provocadas pelo excesso de a\u00e7\u00facar adicionado. Entender por que a consist\u00eancia importa \u00e9 o primeiro passo para proteger o c\u00e9rebro de forma eficaz.<\/p>\n\n\n\n<h2 class=\"wp-block-heading\">Como o a\u00e7\u00facar em excesso afeta o funcionamento cerebral?<\/h2>\n\n\n\n<p class=\"wp-block-paragraph\">O consumo elevado de a\u00e7\u00facar refinado e ultraprocessados provoca picos r\u00e1pidos de glicose no sangue, seguidos de quedas bruscas que sobrecarregam o p\u00e2ncreas e alteram a produ\u00e7\u00e3o de horm\u00f4nios ligados ao apetite e ao humor. Esses altos e baixos afetam diretamente a energia mental, a concentra\u00e7\u00e3o e a estabilidade emocional.<\/p>\n\n\n\n<p class=\"wp-block-paragraph\">Com o tempo, o excesso de a\u00e7\u00facar contribui para a resist\u00eancia \u00e0 insulina cerebral, condi\u00e7\u00e3o associada a maior risco de decl\u00ednio cognitivo. Reduzir a\u00e7\u00facar adicionado e priorizar <a href=\"https:\/\/www.tuasaude.com\/acucar-faz-mal\/\" target=\"_blank\" rel=\"noreferrer noopener\">alimentos que fazem menos mal<\/a> \u00e0 sa\u00fade \u00e9 uma estrat\u00e9gia sustentada por pesquisas em nutri\u00e7\u00e3o e endocrinologia.<\/p>\n\n\n\n<h2 class=\"wp-block-heading\">Qual a rela\u00e7\u00e3o do a\u00e7\u00facar com mem\u00f3ria e humor?<\/h2>\n\n\n\n<p class=\"wp-block-paragraph\">Estudos com animais e humanos mostram que dietas ricas em a\u00e7\u00facar comprometem o hipocampo, regi\u00e3o do c\u00e9rebro respons\u00e1vel pela consolida\u00e7\u00e3o da mem\u00f3ria e do aprendizado. Isso ajuda a explicar a sensa\u00e7\u00e3o de esquecimento e n\u00e9voa mental relatada por quem consome muitos doces e ultraprocessados.<\/p>\n\n\n\n<p class=\"wp-block-paragraph\">No humor, os picos e quedas de glicose podem intensificar irritabilidade, ansiedade e cansa\u00e7o, especialmente em pessoas mais sens\u00edveis. Incluir <a href=\"https:\/\/www.tuasaude.com\/alimentos-para-o-cerebro\/\" target=\"_blank\" rel=\"noreferrer noopener\">alimentos para o c\u00e9rebro<\/a>, como peixes ricos em \u00f4mega-3 e frutas vermelhas, ajuda a proteger neur\u00f4nios e a estabilizar a resposta emocional ao longo do dia.<\/p>\n\n\n<div class=\"wp-block-image\">\n<figure class=\"aligncenter size-large\"><img decoding=\"async\" width=\"1024\" height=\"571\" src=\"https:\/\/www.tuasaude.com\/news\/wp-content\/uploads\/2026\/09\/Acucar_afeta_funcao_cerebral_202609031520-1024x571.jpg\" alt=\"Oscila\u00e7\u00f5es de glicose, mem\u00f3ria, humor e inflama\u00e7\u00e3o ajudam a explicar o impacto do excesso frequente de a\u00e7\u00facar.\" class=\"wp-image-107593\" srcset=\"https:\/\/www.tuasaude.com\/news\/wp-content\/uploads\/2026\/09\/Acucar_afeta_funcao_cerebral_202609031520-1024x571.jpg 1024w, https:\/\/www.tuasaude.com\/news\/wp-content\/uploads\/2026\/09\/Acucar_afeta_funcao_cerebral_202609031520-300x167.jpg 300w, https:\/\/www.tuasaude.com\/news\/wp-content\/uploads\/2026\/09\/Acucar_afeta_funcao_cerebral_202609031520-768x428.jpg 768w, https:\/\/www.tuasaude.com\/news\/wp-content\/uploads\/2026\/09\/Acucar_afeta_funcao_cerebral_202609031520-750x418.jpg 750w, https:\/\/www.tuasaude.com\/news\/wp-content\/uploads\/2026\/09\/Acucar_afeta_funcao_cerebral_202609031520-1140x636.jpg 1140w, https:\/\/www.tuasaude.com\/news\/wp-content\/uploads\/2026\/09\/Acucar_afeta_funcao_cerebral_202609031520.jpg 1280w\" sizes=\"(max-width: 1024px) 100vw, 1024px\" \/><figcaption class=\"wp-element-caption\">Oscila\u00e7\u00f5es de glicose, mem\u00f3ria, humor e inflama\u00e7\u00e3o ajudam a explicar o impacto do excesso frequente de a\u00e7\u00facar.<\/figcaption><\/figure>\n<\/div>\n\n\n<h2 class=\"wp-block-heading\">Como o a\u00e7\u00facar provoca inflama\u00e7\u00e3o cerebral?<\/h2>\n\n\n\n<p class=\"wp-block-paragraph\">O consumo excessivo de a\u00e7\u00facar aumenta a produ\u00e7\u00e3o de compostos inflamat\u00f3rios chamados AGEs, al\u00e9m de favorecer estresse oxidativo e disfun\u00e7\u00e3o da barreira hematoencef\u00e1lica. Esses processos criam um ambiente de neuroinflama\u00e7\u00e3o cr\u00f4nica que afeta a comunica\u00e7\u00e3o entre os neur\u00f4nios. Veja como o excesso de a\u00e7\u00facar impacta o c\u00e9rebro:<\/p>\n\n\n\n<ul class=\"wp-block-list\">\n<li><strong>Ativa\u00e7\u00e3o de c\u00e9lulas imunes cerebrais<\/strong>, que liberam subst\u00e2ncias pr\u00f3-inflamat\u00f3rias<\/li>\n\n\n\n<li><strong>Aumento do estresse oxidativo<\/strong>, danificando membranas e estruturas dos neur\u00f4nios<\/li>\n\n\n\n<li><strong>Altera\u00e7\u00e3o dos neurotransmissores<\/strong> ligados ao humor, ao sono e ao prazer<\/li>\n\n\n\n<li><strong>Redu\u00e7\u00e3o da plasticidade cerebral<\/strong>, dificultando aprendizado e forma\u00e7\u00e3o de novas mem\u00f3rias<\/li>\n\n\n\n<li><strong>Comprometimento da barreira hematoencef\u00e1lica<\/strong>, aumentando a vulnerabilidade a subst\u00e2ncias t\u00f3xicas<\/li>\n<\/ul>\n\n\n\n<h2 class=\"wp-block-heading\">Como um estudo cient\u00edfico confirma o impacto do a\u00e7\u00facar no c\u00e9rebro?<\/h2>\n\n\n\n<p class=\"wp-block-paragraph\">A rela\u00e7\u00e3o entre a\u00e7\u00facar e fun\u00e7\u00e3o cognitiva vem sendo amplamente estudada nos \u00faltimos anos. Uma revis\u00e3o sistem\u00e1tica com metan\u00e1lise chamada <a href=\"https:\/\/pmc.ncbi.nlm.nih.gov\/articles\/PMC10780393\/\" target=\"_blank\" rel=\"noreferrer noopener\">The Impact of Free and Added Sugars on Cognitive Function<\/a>, publicada na revista Nutrients e indexada no PubMed, reuniu evid\u00eancias de estudos observacionais e experimentais sobre o tema.<\/p>\n\n\n\n<p class=\"wp-block-paragraph\">Segundo o The Impact of Free and Added Sugars on Cognitive Function publicado na Nutrients, o consumo cr\u00f4nico e elevado de a\u00e7\u00facares livres esteve correlacionado negativamente com medidas de fun\u00e7\u00e3o cognitiva global, fun\u00e7\u00e3o executiva e mem\u00f3ria, com resultados semelhantes em estudos com animais que mostraram altera\u00e7\u00f5es neurofisiol\u00f3gicas ligadas ao consumo prolongado de a\u00e7\u00facar.<\/p>\n\n\n<div class=\"wp-block-image\">\n<figure class=\"aligncenter size-large\"><img decoding=\"async\" width=\"1024\" height=\"571\" src=\"https:\/\/www.tuasaude.com\/news\/wp-content\/uploads\/2026\/09\/Man_reviewing_weekly_food_routine_202609031521-1024x571.jpg\" alt=\"Reduzir a\u00e7\u00facar de forma constante importa mais do que compensar excessos em dias isolados.\" class=\"wp-image-107594\" srcset=\"https:\/\/www.tuasaude.com\/news\/wp-content\/uploads\/2026\/09\/Man_reviewing_weekly_food_routine_202609031521-1024x571.jpg 1024w, https:\/\/www.tuasaude.com\/news\/wp-content\/uploads\/2026\/09\/Man_reviewing_weekly_food_routine_202609031521-300x167.jpg 300w, https:\/\/www.tuasaude.com\/news\/wp-content\/uploads\/2026\/09\/Man_reviewing_weekly_food_routine_202609031521-768x428.jpg 768w, https:\/\/www.tuasaude.com\/news\/wp-content\/uploads\/2026\/09\/Man_reviewing_weekly_food_routine_202609031521-750x418.jpg 750w, https:\/\/www.tuasaude.com\/news\/wp-content\/uploads\/2026\/09\/Man_reviewing_weekly_food_routine_202609031521-1140x636.jpg 1140w, https:\/\/www.tuasaude.com\/news\/wp-content\/uploads\/2026\/09\/Man_reviewing_weekly_food_routine_202609031521.jpg 1280w\" sizes=\"(max-width: 1024px) 100vw, 1024px\" \/><figcaption class=\"wp-element-caption\">Reduzir a\u00e7\u00facar de forma constante importa mais do que compensar excessos em dias isolados.<\/figcaption><\/figure>\n<\/div>\n\n\n<h2 class=\"wp-block-heading\">Por que cortar a\u00e7\u00facar s\u00f3 nos fins de semana n\u00e3o funciona?<\/h2>\n\n\n\n<p class=\"wp-block-paragraph\">A ideia de compensar exageros da semana com pausas isoladas ignora que a inflama\u00e7\u00e3o cerebral e a resist\u00eancia \u00e0 insulina s\u00e3o processos cumulativos, mantidos pelo padr\u00e3o alimentar predominante. Um dia ou dois de restri\u00e7\u00e3o n\u00e3o neutralizam os efeitos de cinco dias de consumo elevado. Veja o que realmente faz diferen\u00e7a:<\/p>\n\n\n\n<ol class=\"wp-block-list\">\n<li>Reduzir a\u00e7\u00facar adicionado de forma consistente ao longo de toda a semana, n\u00e3o apenas em dias espec\u00edficos<\/li>\n\n\n\n<li>Substituir refrigerantes, sucos industrializados e doces por frutas frescas e \u00e1gua aromatizada<\/li>\n\n\n\n<li>Ler r\u00f3tulos e identificar a\u00e7\u00facar oculto em produtos como molhos, iogurtes e cereais matinais<\/li>\n\n\n\n<li>Priorizar refei\u00e7\u00f5es ricas em fibras, prote\u00ednas e gorduras boas para estabilizar a glicemia<\/li>\n\n\n\n<li>Incluir <a href=\"https:\/\/www.tuasaude.com\/alimentos-para-melhorar-a-memoria\/\" target=\"_blank\" rel=\"noreferrer noopener\">alimentos para melhorar a mem\u00f3ria<\/a> na rotina di\u00e1ria, como salm\u00e3o, ovos, nozes e chocolate amargo<\/li>\n<\/ol>\n\n\n\n<p class=\"wp-block-paragraph\"><em>Este conte\u00fado tem car\u00e1ter meramente informativo e n\u00e3o substitui a avalia\u00e7\u00e3o, o diagn\u00f3stico ou o tratamento realizados por um profissional de sa\u00fade qualificado. Consulte sempre um m\u00e9dico ou nutricionista antes de iniciar mudan\u00e7as significativas na alimenta\u00e7\u00e3o, especialmente diante de sintomas cognitivos ou emocionais persistentes.<\/em><\/p>\n","protected":false},"excerpt":{"rendered":"<p>Uma revis\u00e3o cient\u00edfica publicada recentemente refor\u00e7a que o consumo elevado de a\u00e7\u00facar prejudica fun\u00e7\u00f5es cerebrais como mem\u00f3ria, humor e concentra\u00e7\u00e3o, e mostra que cortar o consumo apenas nos fins de semana n\u00e3o \u00e9 suficiente para reverter os danos. O que faz a diferen\u00e7a \u00e9 o padr\u00e3o alimentar mantido no longo prazo, j\u00e1 que dias isolados [&hellip;]<\/p>\n","protected":false},"author":11,"featured_media":107592,"comment_status":"open","ping_status":"open","sticky":false,"template":"","format":"standard","meta":{"_yoast_wpseo_focuskw":"a\u00e7\u00facar","_yoast_wpseo_title":"","_yoast_wpseo_metadesc":"Excesso de a\u00e7\u00facar pode afetar mem\u00f3ria, humor e concentra\u00e7\u00e3o. Entenda por que cortar apenas no fim de semana n\u00e3o neutraliza os efeitos do consumo frequente.","jnews-multi-image_gallery":[],"jnews_single_post":{"format":"standard"},"jnews_primary_category":[],"jnews_social_meta":[],"jnews_override_counter":[],"footnotes":""},"categories":[111],"tags":[1012,1599,1232,136],"class_list":["post-107590","post","type-post","status-publish","format-standard","has-post-thumbnail","hentry","category-saude","tag-acucar","tag-cerebro","tag-glicose","tag-saude"],"yoast_head":"<!-- This site is optimized with the Yoast SEO plugin v26.7 - https:\/\/yoast.com\/wordpress\/plugins\/seo\/ -->\n<title>Uma nova pesquisa aponta que o excesso de a\u00e7\u00facar afeta o funcionamento do c\u00e9rebro, e cortar s\u00f3 nos fins de semana n\u00e3o reverte o quadro - Tua Sa\u00fade<\/title>\n<meta name=\"description\" content=\"Excesso de a\u00e7\u00facar pode afetar mem\u00f3ria, humor e concentra\u00e7\u00e3o. Entenda por que cortar apenas no fim de semana n\u00e3o neutraliza os efeitos do consumo frequente.\" \/>\n<meta name=\"robots\" content=\"index, follow, max-snippet:-1, max-image-preview:large, max-video-preview:-1\" \/>\n<link rel=\"canonical\" href=\"https:\/\/www.tuasaude.com\/news\/2026\/09\/04\/uma-nova-pesquisa-aponta-que-o-excesso-de-acucar-afeta-o-funcionamento-do-cerebro-e-cortar-so-nos-fins-de-semana-nao-reverte-o-quadro\/\" \/>\n<meta property=\"og:locale\" content=\"pt_BR\" \/>\n<meta property=\"og:type\" content=\"article\" \/>\n<meta property=\"og:title\" content=\"Uma nova pesquisa aponta que o excesso de a\u00e7\u00facar afeta o funcionamento do c\u00e9rebro, e cortar s\u00f3 nos fins de semana n\u00e3o reverte o quadro - Tua Sa\u00fade\" \/>\n<meta property=\"og:description\" content=\"Excesso de a\u00e7\u00facar pode afetar mem\u00f3ria, humor e concentra\u00e7\u00e3o. Entenda por que cortar apenas no fim de semana n\u00e3o neutraliza os efeitos do consumo frequente.\" \/>\n<meta property=\"og:url\" content=\"https:\/\/www.tuasaude.com\/news\/2026\/09\/04\/uma-nova-pesquisa-aponta-que-o-excesso-de-acucar-afeta-o-funcionamento-do-cerebro-e-cortar-so-nos-fins-de-semana-nao-reverte-o-quadro\/\" \/>\n<meta property=\"og:site_name\" content=\"Tua Sa\u00fade\" \/>\n<meta property=\"article:published_time\" content=\"2026-09-04T11:20:00+00:00\" \/>\n<meta property=\"og:image\" content=\"https:\/\/www.tuasaude.com\/news\/wp-content\/uploads\/2026\/09\/Man_replacing_sugary_beverage_202609031520.jpg\" \/>\n\t<meta property=\"og:image:width\" content=\"1280\" \/>\n\t<meta property=\"og:image:height\" content=\"714\" \/>\n\t<meta property=\"og:image:type\" content=\"image\/jpeg\" \/>\n<meta name=\"author\" content=\"Gessika Julia Carvalho\" \/>\n<meta name=\"twitter:card\" content=\"summary_large_image\" \/>\n<meta name=\"twitter:label1\" content=\"Escrito por\" \/>\n\t<meta name=\"twitter:data1\" content=\"Gessika Julia Carvalho\" \/>\n\t<meta name=\"twitter:label2\" content=\"Est. tempo de leitura\" \/>\n\t<meta name=\"twitter:data2\" content=\"5 minutos\" \/>\n<!-- \/ Yoast SEO plugin. -->","yoast_head_json":{"title":"Uma nova pesquisa aponta que o excesso de a\u00e7\u00facar afeta o funcionamento do c\u00e9rebro, e cortar s\u00f3 nos fins de semana n\u00e3o reverte o quadro - Tua Sa\u00fade","description":"Excesso de a\u00e7\u00facar pode afetar mem\u00f3ria, humor e concentra\u00e7\u00e3o. Entenda por que cortar apenas no fim de semana n\u00e3o neutraliza os efeitos do consumo frequente.","robots":{"index":"index","follow":"follow","max-snippet":"max-snippet:-1","max-image-preview":"max-image-preview:large","max-video-preview":"max-video-preview:-1"},"canonical":"https:\/\/www.tuasaude.com\/news\/2026\/09\/04\/uma-nova-pesquisa-aponta-que-o-excesso-de-acucar-afeta-o-funcionamento-do-cerebro-e-cortar-so-nos-fins-de-semana-nao-reverte-o-quadro\/","og_locale":"pt_BR","og_type":"article","og_title":"Uma nova pesquisa aponta que o excesso de a\u00e7\u00facar afeta o funcionamento do c\u00e9rebro, e cortar s\u00f3 nos fins de semana n\u00e3o reverte o quadro - Tua Sa\u00fade","og_description":"Excesso de a\u00e7\u00facar pode afetar mem\u00f3ria, humor e concentra\u00e7\u00e3o. Entenda por que cortar apenas no fim de semana n\u00e3o neutraliza os efeitos do consumo frequente.","og_url":"https:\/\/www.tuasaude.com\/news\/2026\/09\/04\/uma-nova-pesquisa-aponta-que-o-excesso-de-acucar-afeta-o-funcionamento-do-cerebro-e-cortar-so-nos-fins-de-semana-nao-reverte-o-quadro\/","og_site_name":"Tua Sa\u00fade","article_published_time":"2026-09-04T11:20:00+00:00","og_image":[{"width":1280,"height":714,"url":"https:\/\/www.tuasaude.com\/news\/wp-content\/uploads\/2026\/09\/Man_replacing_sugary_beverage_202609031520.jpg","type":"image\/jpeg"}],"author":"Gessika Julia Carvalho","twitter_card":"summary_large_image","twitter_misc":{"Escrito por":"Gessika Julia Carvalho","Est. tempo de leitura":"5 minutos"},"schema":{"@context":"https:\/\/schema.org","@graph":[{"@type":"Article","@id":"https:\/\/www.tuasaude.com\/news\/2026\/09\/04\/uma-nova-pesquisa-aponta-que-o-excesso-de-acucar-afeta-o-funcionamento-do-cerebro-e-cortar-so-nos-fins-de-semana-nao-reverte-o-quadro\/#article","isPartOf":{"@id":"https:\/\/www.tuasaude.com\/news\/2026\/09\/04\/uma-nova-pesquisa-aponta-que-o-excesso-de-acucar-afeta-o-funcionamento-do-cerebro-e-cortar-so-nos-fins-de-semana-nao-reverte-o-quadro\/"},"author":{"name":"Gessika Julia Carvalho","@id":"https:\/\/www.tuasaude.com\/news\/#\/schema\/person\/2e9df841be69ec84f5d20ddb8d273ac2"},"headline":"Uma nova pesquisa aponta que o excesso de a\u00e7\u00facar afeta o funcionamento do c\u00e9rebro, e cortar s\u00f3 nos fins de semana n\u00e3o reverte o quadro","datePublished":"2026-09-04T11:20:00+00:00","mainEntityOfPage":{"@id":"https:\/\/www.tuasaude.com\/news\/2026\/09\/04\/uma-nova-pesquisa-aponta-que-o-excesso-de-acucar-afeta-o-funcionamento-do-cerebro-e-cortar-so-nos-fins-de-semana-nao-reverte-o-quadro\/"},"wordCount":864,"commentCount":0,"image":{"@id":"https:\/\/www.tuasaude.com\/news\/2026\/09\/04\/uma-nova-pesquisa-aponta-que-o-excesso-de-acucar-afeta-o-funcionamento-do-cerebro-e-cortar-so-nos-fins-de-semana-nao-reverte-o-quadro\/#primaryimage"},"thumbnailUrl":"https:\/\/www.tuasaude.com\/news\/wp-content\/uploads\/2026\/09\/Man_replacing_sugary_beverage_202609031520.jpg","keywords":["A\u00e7\u00facar","C\u00e9rebro","glicose","sa\u00fade"],"articleSection":["Sa\u00fade"],"inLanguage":"pt-BR","potentialAction":[{"@type":"CommentAction","name":"Comment","target":["https:\/\/www.tuasaude.com\/news\/2026\/09\/04\/uma-nova-pesquisa-aponta-que-o-excesso-de-acucar-afeta-o-funcionamento-do-cerebro-e-cortar-so-nos-fins-de-semana-nao-reverte-o-quadro\/#respond"]}]},{"@type":"WebPage","@id":"https:\/\/www.tuasaude.com\/news\/2026\/09\/04\/uma-nova-pesquisa-aponta-que-o-excesso-de-acucar-afeta-o-funcionamento-do-cerebro-e-cortar-so-nos-fins-de-semana-nao-reverte-o-quadro\/","url":"https:\/\/www.tuasaude.com\/news\/2026\/09\/04\/uma-nova-pesquisa-aponta-que-o-excesso-de-acucar-afeta-o-funcionamento-do-cerebro-e-cortar-so-nos-fins-de-semana-nao-reverte-o-quadro\/","name":"Uma nova pesquisa aponta que o excesso de a\u00e7\u00facar afeta o funcionamento do c\u00e9rebro, e cortar s\u00f3 nos fins de semana n\u00e3o reverte o quadro - Tua Sa\u00fade","isPartOf":{"@id":"https:\/\/www.tuasaude.com\/news\/#website"},"primaryImageOfPage":{"@id":"https:\/\/www.tuasaude.com\/news\/2026\/09\/04\/uma-nova-pesquisa-aponta-que-o-excesso-de-acucar-afeta-o-funcionamento-do-cerebro-e-cortar-so-nos-fins-de-semana-nao-reverte-o-quadro\/#primaryimage"},"image":{"@id":"https:\/\/www.tuasaude.com\/news\/2026\/09\/04\/uma-nova-pesquisa-aponta-que-o-excesso-de-acucar-afeta-o-funcionamento-do-cerebro-e-cortar-so-nos-fins-de-semana-nao-reverte-o-quadro\/#primaryimage"},"thumbnailUrl":"https:\/\/www.tuasaude.com\/news\/wp-content\/uploads\/2026\/09\/Man_replacing_sugary_beverage_202609031520.jpg","datePublished":"2026-09-04T11:20:00+00:00","author":{"@id":"https:\/\/www.tuasaude.com\/news\/#\/schema\/person\/2e9df841be69ec84f5d20ddb8d273ac2"},"description":"Excesso de a\u00e7\u00facar pode afetar mem\u00f3ria, humor e concentra\u00e7\u00e3o. Entenda por que cortar apenas no fim de semana n\u00e3o neutraliza os efeitos do consumo frequente.","breadcrumb":{"@id":"https:\/\/www.tuasaude.com\/news\/2026\/09\/04\/uma-nova-pesquisa-aponta-que-o-excesso-de-acucar-afeta-o-funcionamento-do-cerebro-e-cortar-so-nos-fins-de-semana-nao-reverte-o-quadro\/#breadcrumb"},"inLanguage":"pt-BR","potentialAction":[{"@type":"ReadAction","target":["https:\/\/www.tuasaude.com\/news\/2026\/09\/04\/uma-nova-pesquisa-aponta-que-o-excesso-de-acucar-afeta-o-funcionamento-do-cerebro-e-cortar-so-nos-fins-de-semana-nao-reverte-o-quadro\/"]}]},{"@type":"ImageObject","inLanguage":"pt-BR","@id":"https:\/\/www.tuasaude.com\/news\/2026\/09\/04\/uma-nova-pesquisa-aponta-que-o-excesso-de-acucar-afeta-o-funcionamento-do-cerebro-e-cortar-so-nos-fins-de-semana-nao-reverte-o-quadro\/#primaryimage","url":"https:\/\/www.tuasaude.com\/news\/wp-content\/uploads\/2026\/09\/Man_replacing_sugary_beverage_202609031520.jpg","contentUrl":"https:\/\/www.tuasaude.com\/news\/wp-content\/uploads\/2026\/09\/Man_replacing_sugary_beverage_202609031520.jpg","width":1280,"height":714,"caption":"Uma nova pesquisa aponta que o excesso de a\u00e7\u00facar afeta o funcionamento do c\u00e9rebro, e cortar s\u00f3 nos fins de semana n\u00e3o reverte o quadro"},{"@type":"BreadcrumbList","@id":"https:\/\/www.tuasaude.com\/news\/2026\/09\/04\/uma-nova-pesquisa-aponta-que-o-excesso-de-acucar-afeta-o-funcionamento-do-cerebro-e-cortar-so-nos-fins-de-semana-nao-reverte-o-quadro\/#breadcrumb","itemListElement":[{"@type":"ListItem","position":1,"name":"In\u00edcio","item":"https:\/\/www.tuasaude.com\/news\/"},{"@type":"ListItem","position":2,"name":"Uma nova pesquisa aponta que o excesso de a\u00e7\u00facar afeta o funcionamento do c\u00e9rebro, e cortar s\u00f3 nos fins de semana n\u00e3o reverte o quadro"}]},{"@type":"WebSite","@id":"https:\/\/www.tuasaude.com\/news\/#website","url":"https:\/\/www.tuasaude.com\/news\/","name":"Tua Sa\u00fade","description":"Seu site de sa\u00fade","potentialAction":[{"@type":"SearchAction","target":{"@type":"EntryPoint","urlTemplate":"https:\/\/www.tuasaude.com\/news\/?s={search_term_string}"},"query-input":{"@type":"PropertyValueSpecification","valueRequired":true,"valueName":"search_term_string"}}],"inLanguage":"pt-BR"},{"@type":"Person","@id":"https:\/\/www.tuasaude.com\/news\/#\/schema\/person\/2e9df841be69ec84f5d20ddb8d273ac2","name":"Gessika Julia Carvalho","image":{"@type":"ImageObject","inLanguage":"pt-BR","@id":"https:\/\/www.tuasaude.com\/news\/#\/schema\/person\/image\/","url":"https:\/\/secure.gravatar.com\/avatar\/0fcc8769024577fd0bc6a8b766055690f76a8e8f29dfb2a2f89cf04db8d0f2d2?s=96&d=mm&r=g","contentUrl":"https:\/\/secure.gravatar.com\/avatar\/0fcc8769024577fd0bc6a8b766055690f76a8e8f29dfb2a2f89cf04db8d0f2d2?s=96&d=mm&r=g","caption":"Gessika Julia Carvalho"},"sameAs":["https:\/\/www.tuasaude.com\/news\/"],"url":"https:\/\/www.tuasaude.com\/news\/author\/gessika-julia\/"}]}},"_links":{"self":[{"href":"https:\/\/www.tuasaude.com\/news\/wp-json\/wp\/v2\/posts\/107590","targetHints":{"allow":["GET"]}}],"collection":[{"href":"https:\/\/www.tuasaude.com\/news\/wp-json\/wp\/v2\/posts"}],"about":[{"href":"https:\/\/www.tuasaude.com\/news\/wp-json\/wp\/v2\/types\/post"}],"author":[{"embeddable":true,"href":"https:\/\/www.tuasaude.com\/news\/wp-json\/wp\/v2\/users\/11"}],"replies":[{"embeddable":true,"href":"https:\/\/www.tuasaude.com\/news\/wp-json\/wp\/v2\/comments?post=107590"}],"version-history":[{"count":1,"href":"https:\/\/www.tuasaude.com\/news\/wp-json\/wp\/v2\/posts\/107590\/revisions"}],"predecessor-version":[{"id":107595,"href":"https:\/\/www.tuasaude.com\/news\/wp-json\/wp\/v2\/posts\/107590\/revisions\/107595"}],"wp:featuredmedia":[{"embeddable":true,"href":"https:\/\/www.tuasaude.com\/news\/wp-json\/wp\/v2\/media\/107592"}],"wp:attachment":[{"href":"https:\/\/www.tuasaude.com\/news\/wp-json\/wp\/v2\/media?parent=107590"}],"wp:term":[{"taxonomy":"category","embeddable":true,"href":"https:\/\/www.tuasaude.com\/news\/wp-json\/wp\/v2\/categories?post=107590"},{"taxonomy":"post_tag","embeddable":true,"href":"https:\/\/www.tuasaude.com\/news\/wp-json\/wp\/v2\/tags?post=107590"}],"curies":[{"name":"wp","href":"https:\/\/api.w.org\/{rel}","templated":true}]}}