{"id":107569,"date":"2026-09-04T07:20:00","date_gmt":"2026-09-04T10:20:00","guid":{"rendered":"https:\/\/www.tuasaude.com\/news\/?p=107569"},"modified":"2026-09-03T15:06:21","modified_gmt":"2026-09-03T18:06:21","slug":"cuidados-paliativos-em-casa-quando-dor-ou-falta-de-ar-pedem-contato-com-a-equipe","status":"publish","type":"post","link":"https:\/\/www.tuasaude.com\/news\/2026\/09\/04\/cuidados-paliativos-em-casa-quando-dor-ou-falta-de-ar-pedem-contato-com-a-equipe\/","title":{"rendered":"Cuidados paliativos em casa: quando dor ou falta de ar pedem contato com a equipe"},"content":{"rendered":"\n<p class=\"wp-block-paragraph\">Nos <strong>cuidados paliativos em casa<\/strong>, controlar sintomas como dor e falta de ar \u00e9 uma das prioridades para reduzir o sofrimento e preservar o conforto. A fam\u00edlia deve seguir o plano definido pelos profissionais e avisar a equipe quando um sintoma piora, aparece de forma diferente ou n\u00e3o melhora com as medidas previamente orientadas.<\/p>\n\n\n\n<h2 class=\"wp-block-heading\">Como funcionam os cuidados paliativos em casa<\/h2>\n\n\n\n<p class=\"wp-block-paragraph\">Os cuidados paliativos n\u00e3o significam abandonar o tratamento. A abordagem busca aliviar sintomas f\u00edsicos, emocionais, sociais e espirituais de pessoas com doen\u00e7as graves, sempre considerando necessidades, prefer\u00eancias e objetivos individuais.<\/p>\n\n\n\n<p class=\"wp-block-paragraph\">A <a href=\"https:\/\/www.who.int\/news-room\/fact-sheets\/detail\/palliative-care\" target=\"_blank\" rel=\"noopener noreferrer\">Organiza\u00e7\u00e3o Mundial da Sa\u00fade<\/a> destaca <strong>dor e dificuldade para respirar<\/strong> entre os sintomas mais frequentes e importantes nesse contexto. O acompanhamento pode envolver m\u00e9dicos, enfermeiros e outros profissionais, inclusive no domic\u00edlio.<\/p>\n\n\n\n<h2 class=\"wp-block-heading\">Quando dor ou falta de ar exigem contato<\/h2>\n\n\n<div class=\"wp-block-image wp-block-image size-large\">\n<figure class=\"aligncenter\"><img decoding=\"async\" width=\"1280\" height=\"714\" src=\"https:\/\/www.tuasaude.com\/news\/wp-content\/uploads\/2026\/09\/107569_cuidados-paliativos-em-casa-quando-dor-ou-falta-de-ar-pedem-_corpo.jpg\" alt=\"Registrar a piora dos sintomas ajuda a equipe a orientar os cuidados paliativos no domic\u00edlio.\" class=\"wp-image-107572\" srcset=\"https:\/\/www.tuasaude.com\/news\/wp-content\/uploads\/2026\/09\/107569_cuidados-paliativos-em-casa-quando-dor-ou-falta-de-ar-pedem-_corpo.jpg 1280w, https:\/\/www.tuasaude.com\/news\/wp-content\/uploads\/2026\/09\/107569_cuidados-paliativos-em-casa-quando-dor-ou-falta-de-ar-pedem-_corpo-300x167.jpg 300w, https:\/\/www.tuasaude.com\/news\/wp-content\/uploads\/2026\/09\/107569_cuidados-paliativos-em-casa-quando-dor-ou-falta-de-ar-pedem-_corpo-1024x571.jpg 1024w, https:\/\/www.tuasaude.com\/news\/wp-content\/uploads\/2026\/09\/107569_cuidados-paliativos-em-casa-quando-dor-ou-falta-de-ar-pedem-_corpo-768x428.jpg 768w, https:\/\/www.tuasaude.com\/news\/wp-content\/uploads\/2026\/09\/107569_cuidados-paliativos-em-casa-quando-dor-ou-falta-de-ar-pedem-_corpo-750x418.jpg 750w, https:\/\/www.tuasaude.com\/news\/wp-content\/uploads\/2026\/09\/107569_cuidados-paliativos-em-casa-quando-dor-ou-falta-de-ar-pedem-_corpo-1140x636.jpg 1140w\" sizes=\"(max-width: 1280px) 100vw, 1280px\" \/><figcaption class=\"wp-element-caption\">Registrar a piora dos sintomas ajuda a equipe a orientar os cuidados paliativos no domic\u00edlio.<\/figcaption><\/figure>\n<\/div>\n\n\n<p class=\"wp-block-paragraph\">A equipe deve orientar previamente quais medidas usar diante dos sintomas e como entrar em contato. Em geral, vale pedir orienta\u00e7\u00e3o quando houver uma mudan\u00e7a importante no estado da pessoa, principalmente nas seguintes situa\u00e7\u00f5es:<\/p>\n\n\n\n<ul class=\"wp-block-list\">\n<li><strong>Dor intensa, nova ou que n\u00e3o melhora<\/strong> com o tratamento prescrito;<\/li>\n<li>Falta de ar mais forte ou diferente do habitual;<\/li>\n<li>Agita\u00e7\u00e3o, ansiedade ou sofrimento intenso relacionados aos sintomas;<\/li>\n<li>Confus\u00e3o mental nova ou piora importante do n\u00edvel de consci\u00eancia;<\/li>\n<li>V\u00f4mitos persistentes ou dificuldade para tomar os medicamentos indicados.<\/li>\n<\/ul>\n\n\n\n<p class=\"wp-block-paragraph\">Tamb\u00e9m \u00e9 poss\u00edvel entender melhor os objetivos e tipos de <a href=\"https:\/\/www.tuasaude.com\/o-que-e-cuidados-paliativos\/\" target=\"_blank\" rel=\"noopener noreferrer\">cuidados paliativos<\/a> e como essa assist\u00eancia pode apoiar o paciente e seus cuidadores.<\/p>\n\n\n\n<h2 class=\"wp-block-heading\">Estudo avaliou cuidados paliativos no domic\u00edlio<\/h2>\n\n\n\n<p class=\"wp-block-paragraph\">Segundo a revis\u00e3o <a href=\"https:\/\/pubmed.ncbi.nlm.nih.gov\/23744578\/\" target=\"_blank\" rel=\"noopener noreferrer\"><em>Effectiveness and cost-effectiveness of home palliative care services for adults with advanced illness and their caregivers<\/em><\/a>, publicada na <em>Cochrane Database of Systematic Reviews<\/em>, os cuidados paliativos domiciliares estiveram associados a uma <strong>redu\u00e7\u00e3o da carga de sintomas<\/strong> em pessoas com doen\u00e7as avan\u00e7adas. A an\u00e1lise reuniu 23 estudos e refor\u00e7a a import\u00e2ncia do acompanhamento organizado por uma equipe preparada para controlar sintomas no ambiente dom\u00e9stico.<\/p>\n\n\n\n<p class=\"wp-block-paragraph\">O resultado n\u00e3o significa que toda piora possa ser tratada somente em casa. Dependendo da intensidade do sintoma e dos objetivos definidos com o paciente, a pr\u00f3pria equipe pode orientar avalia\u00e7\u00e3o presencial ou atendimento hospitalar.<\/p>\n\n\n\n<h2 class=\"wp-block-heading\">O que n\u00e3o fazer por conta pr\u00f3pria<\/h2>\n\n\n\n<p class=\"wp-block-paragraph\">Mesmo quando a fam\u00edlia j\u00e1 conhece os medicamentos utilizados, <strong>n\u00e3o se deve aumentar, reduzir, suspender ou acrescentar doses por conta pr\u00f3pria<\/strong>, a menos que essa conduta j\u00e1 esteja prevista no plano prescrito pela equipe.<\/p>\n\n\n\n<ul class=\"wp-block-list\">\n<li>Mantenha os medicamentos nos hor\u00e1rios e doses orientados;<\/li>\n<li>Registre quando a dor ou falta de ar come\u00e7ou e se houve piora;<\/li>\n<li>Observe se as medidas j\u00e1 prescritas conseguiram aliviar o sintoma;<\/li>\n<li>Tenha dispon\u00edveis os telefones e orienta\u00e7\u00f5es para intercorr\u00eancias.<\/li>\n<\/ul>\n\n\n<div class=\"wp-block-image wp-block-image size-large\">\n<figure class=\"aligncenter\"><img decoding=\"async\" width=\"1280\" height=\"575\" src=\"https:\/\/www.tuasaude.com\/news\/wp-content\/uploads\/2026\/09\/107569_cuidados-paliativos-em-casa-quando-dor-ou-falta-de-ar-pedem-_tabela.jpg\" alt=\"Cuidados paliativos em casa: 6 sinais de alerta para acionar a equipe\" class=\"wp-image-107573\" srcset=\"https:\/\/www.tuasaude.com\/news\/wp-content\/uploads\/2026\/09\/107569_cuidados-paliativos-em-casa-quando-dor-ou-falta-de-ar-pedem-_tabela.jpg 1280w, https:\/\/www.tuasaude.com\/news\/wp-content\/uploads\/2026\/09\/107569_cuidados-paliativos-em-casa-quando-dor-ou-falta-de-ar-pedem-_tabela-300x135.jpg 300w, https:\/\/www.tuasaude.com\/news\/wp-content\/uploads\/2026\/09\/107569_cuidados-paliativos-em-casa-quando-dor-ou-falta-de-ar-pedem-_tabela-1024x460.jpg 1024w, https:\/\/www.tuasaude.com\/news\/wp-content\/uploads\/2026\/09\/107569_cuidados-paliativos-em-casa-quando-dor-ou-falta-de-ar-pedem-_tabela-768x345.jpg 768w, https:\/\/www.tuasaude.com\/news\/wp-content\/uploads\/2026\/09\/107569_cuidados-paliativos-em-casa-quando-dor-ou-falta-de-ar-pedem-_tabela-750x337.jpg 750w, https:\/\/www.tuasaude.com\/news\/wp-content\/uploads\/2026\/09\/107569_cuidados-paliativos-em-casa-quando-dor-ou-falta-de-ar-pedem-_tabela-1140x512.jpg 1140w\" sizes=\"(max-width: 1280px) 100vw, 1280px\" \/><figcaption class=\"wp-element-caption\">Cuidados paliativos em casa: 6 sinais de alerta para acionar a equipe<\/figcaption><\/figure>\n<\/div>\n\n\n<h2 class=\"wp-block-heading\">Quando procurar ajuda imediatamente<\/h2>\n\n\n\n<p class=\"wp-block-paragraph\">Falta de ar muito intensa, piora r\u00e1pida da respira\u00e7\u00e3o, colora\u00e7\u00e3o arroxeada, perda de consci\u00eancia ou sofrimento grave exigem <strong>contato imediato com a equipe respons\u00e1vel<\/strong> e cumprimento do plano de urg\u00eancia definido para o paciente. Se n\u00e3o for poss\u00edvel obter orienta\u00e7\u00e3o rapidamente, deve-se buscar o servi\u00e7o de emerg\u00eancia indicado para aquela situa\u00e7\u00e3o.<\/p>\n\n\n\n<p class=\"wp-block-paragraph\">Ter essas condutas combinadas antecipadamente ajuda a fam\u00edlia a agir com mais seguran\u00e7a diante de uma piora e permite que as decis\u00f5es respeitem os desejos e objetivos de cuidado da pessoa.<\/p>\n\n\n\n<p class=\"wp-block-paragraph\"><strong>Este conte\u00fado \u00e9 apenas informativo e n\u00e3o substitui a avalia\u00e7\u00e3o e a orienta\u00e7\u00e3o de um m\u00e9dico ou da equipe respons\u00e1vel pelos cuidados paliativos.<\/strong><\/p>\n","protected":false},"excerpt":{"rendered":"<p>Nos cuidados paliativos em casa, controlar sintomas como dor e falta de ar \u00e9 uma das prioridades para reduzir o sofrimento e preservar o conforto. A fam\u00edlia deve seguir o plano definido pelos profissionais e avisar a equipe quando um sintoma piora, aparece de forma diferente ou n\u00e3o melhora com as medidas previamente orientadas. Como [&hellip;]<\/p>\n","protected":false},"author":12,"featured_media":107571,"comment_status":"open","ping_status":"open","sticky":false,"template":"","format":"standard","meta":{"_yoast_wpseo_focuskw":"cuidados paliativos","_yoast_wpseo_title":"","_yoast_wpseo_metadesc":"Cuidados paliativos em casa exigem aten\u00e7\u00e3o \u00e0 dor e falta de ar. Saiba quando avisar a equipe, seguir o plano de cuidado e buscar ajuda imediata.","jnews-multi-image_gallery":[],"jnews_single_post":{"format":"standard"},"jnews_primary_category":[],"jnews_social_meta":[],"jnews_override_counter":[],"footnotes":""},"categories":[111],"tags":[13138,13137,447],"class_list":["post-107569","post","type-post","status-publish","format-standard","has-post-thumbnail","hentry","category-saude","tag-controle-da-dor","tag-cuidados-paliativos-em-casa","tag-falta-de-ar"],"yoast_head":"<!-- This site is optimized with the Yoast SEO plugin v26.7 - https:\/\/yoast.com\/wordpress\/plugins\/seo\/ -->\n<title>Cuidados paliativos em casa: quando dor ou falta de ar pedem contato com a equipe - Tua Sa\u00fade<\/title>\n<meta name=\"description\" content=\"Cuidados paliativos em casa exigem aten\u00e7\u00e3o \u00e0 dor e falta de ar. Saiba quando avisar a equipe, seguir o plano de cuidado e buscar ajuda imediata.\" \/>\n<meta name=\"robots\" content=\"index, follow, max-snippet:-1, max-image-preview:large, max-video-preview:-1\" \/>\n<link rel=\"canonical\" href=\"https:\/\/www.tuasaude.com\/news\/2026\/09\/04\/cuidados-paliativos-em-casa-quando-dor-ou-falta-de-ar-pedem-contato-com-a-equipe\/\" \/>\n<meta property=\"og:locale\" content=\"pt_BR\" \/>\n<meta property=\"og:type\" content=\"article\" \/>\n<meta property=\"og:title\" content=\"Cuidados paliativos em casa: quando dor ou falta de ar pedem contato com a equipe - Tua Sa\u00fade\" \/>\n<meta property=\"og:description\" content=\"Cuidados paliativos em casa exigem aten\u00e7\u00e3o \u00e0 dor e falta de ar. Saiba quando avisar a equipe, seguir o plano de cuidado e buscar ajuda imediata.\" \/>\n<meta property=\"og:url\" content=\"https:\/\/www.tuasaude.com\/news\/2026\/09\/04\/cuidados-paliativos-em-casa-quando-dor-ou-falta-de-ar-pedem-contato-com-a-equipe\/\" \/>\n<meta property=\"og:site_name\" content=\"Tua Sa\u00fade\" \/>\n<meta property=\"article:published_time\" content=\"2026-09-04T10:20:00+00:00\" \/>\n<meta property=\"og:image\" content=\"https:\/\/www.tuasaude.com\/news\/wp-content\/uploads\/2026\/09\/107569_cuidados-paliativos-em-casa-quando-dor-ou-falta-de-ar-pedem-_destaque.jpg\" \/>\n\t<meta property=\"og:image:width\" content=\"1280\" \/>\n\t<meta property=\"og:image:height\" content=\"714\" \/>\n\t<meta property=\"og:image:type\" content=\"image\/jpeg\" \/>\n<meta name=\"author\" content=\"Jeferson Henrique\" \/>\n<meta name=\"twitter:card\" content=\"summary_large_image\" \/>\n<meta name=\"twitter:label1\" content=\"Escrito por\" \/>\n\t<meta name=\"twitter:data1\" content=\"Jeferson Henrique\" \/>\n\t<meta name=\"twitter:label2\" content=\"Est. tempo de leitura\" \/>\n\t<meta name=\"twitter:data2\" content=\"3 minutos\" \/>\n<!-- \/ Yoast SEO plugin. -->","yoast_head_json":{"title":"Cuidados paliativos em casa: quando dor ou falta de ar pedem contato com a equipe - Tua Sa\u00fade","description":"Cuidados paliativos em casa exigem aten\u00e7\u00e3o \u00e0 dor e falta de ar. Saiba quando avisar a equipe, seguir o plano de cuidado e buscar ajuda imediata.","robots":{"index":"index","follow":"follow","max-snippet":"max-snippet:-1","max-image-preview":"max-image-preview:large","max-video-preview":"max-video-preview:-1"},"canonical":"https:\/\/www.tuasaude.com\/news\/2026\/09\/04\/cuidados-paliativos-em-casa-quando-dor-ou-falta-de-ar-pedem-contato-com-a-equipe\/","og_locale":"pt_BR","og_type":"article","og_title":"Cuidados paliativos em casa: quando dor ou falta de ar pedem contato com a equipe - Tua Sa\u00fade","og_description":"Cuidados paliativos em casa exigem aten\u00e7\u00e3o \u00e0 dor e falta de ar. Saiba quando avisar a equipe, seguir o plano de cuidado e buscar ajuda imediata.","og_url":"https:\/\/www.tuasaude.com\/news\/2026\/09\/04\/cuidados-paliativos-em-casa-quando-dor-ou-falta-de-ar-pedem-contato-com-a-equipe\/","og_site_name":"Tua Sa\u00fade","article_published_time":"2026-09-04T10:20:00+00:00","og_image":[{"width":1280,"height":714,"url":"https:\/\/www.tuasaude.com\/news\/wp-content\/uploads\/2026\/09\/107569_cuidados-paliativos-em-casa-quando-dor-ou-falta-de-ar-pedem-_destaque.jpg","type":"image\/jpeg"}],"author":"Jeferson Henrique","twitter_card":"summary_large_image","twitter_misc":{"Escrito por":"Jeferson Henrique","Est. tempo de leitura":"3 minutos"},"schema":{"@context":"https:\/\/schema.org","@graph":[{"@type":"Article","@id":"https:\/\/www.tuasaude.com\/news\/2026\/09\/04\/cuidados-paliativos-em-casa-quando-dor-ou-falta-de-ar-pedem-contato-com-a-equipe\/#article","isPartOf":{"@id":"https:\/\/www.tuasaude.com\/news\/2026\/09\/04\/cuidados-paliativos-em-casa-quando-dor-ou-falta-de-ar-pedem-contato-com-a-equipe\/"},"author":{"name":"Jeferson Henrique","@id":"https:\/\/www.tuasaude.com\/news\/#\/schema\/person\/963d63d4e1f0c81f5f3a70ba4bcb0ef7"},"headline":"Cuidados paliativos em casa: quando dor ou falta de ar pedem contato com a equipe","datePublished":"2026-09-04T10:20:00+00:00","mainEntityOfPage":{"@id":"https:\/\/www.tuasaude.com\/news\/2026\/09\/04\/cuidados-paliativos-em-casa-quando-dor-ou-falta-de-ar-pedem-contato-com-a-equipe\/"},"wordCount":634,"commentCount":0,"image":{"@id":"https:\/\/www.tuasaude.com\/news\/2026\/09\/04\/cuidados-paliativos-em-casa-quando-dor-ou-falta-de-ar-pedem-contato-com-a-equipe\/#primaryimage"},"thumbnailUrl":"https:\/\/www.tuasaude.com\/news\/wp-content\/uploads\/2026\/09\/107569_cuidados-paliativos-em-casa-quando-dor-ou-falta-de-ar-pedem-_destaque.jpg","keywords":["controle da dor","cuidados paliativos em casa","falta de ar"],"articleSection":["Sa\u00fade"],"inLanguage":"pt-BR","potentialAction":[{"@type":"CommentAction","name":"Comment","target":["https:\/\/www.tuasaude.com\/news\/2026\/09\/04\/cuidados-paliativos-em-casa-quando-dor-ou-falta-de-ar-pedem-contato-com-a-equipe\/#respond"]}]},{"@type":"WebPage","@id":"https:\/\/www.tuasaude.com\/news\/2026\/09\/04\/cuidados-paliativos-em-casa-quando-dor-ou-falta-de-ar-pedem-contato-com-a-equipe\/","url":"https:\/\/www.tuasaude.com\/news\/2026\/09\/04\/cuidados-paliativos-em-casa-quando-dor-ou-falta-de-ar-pedem-contato-com-a-equipe\/","name":"Cuidados paliativos em casa: quando dor ou falta de ar pedem contato com a equipe - Tua Sa\u00fade","isPartOf":{"@id":"https:\/\/www.tuasaude.com\/news\/#website"},"primaryImageOfPage":{"@id":"https:\/\/www.tuasaude.com\/news\/2026\/09\/04\/cuidados-paliativos-em-casa-quando-dor-ou-falta-de-ar-pedem-contato-com-a-equipe\/#primaryimage"},"image":{"@id":"https:\/\/www.tuasaude.com\/news\/2026\/09\/04\/cuidados-paliativos-em-casa-quando-dor-ou-falta-de-ar-pedem-contato-com-a-equipe\/#primaryimage"},"thumbnailUrl":"https:\/\/www.tuasaude.com\/news\/wp-content\/uploads\/2026\/09\/107569_cuidados-paliativos-em-casa-quando-dor-ou-falta-de-ar-pedem-_destaque.jpg","datePublished":"2026-09-04T10:20:00+00:00","author":{"@id":"https:\/\/www.tuasaude.com\/news\/#\/schema\/person\/963d63d4e1f0c81f5f3a70ba4bcb0ef7"},"description":"Cuidados paliativos em casa exigem aten\u00e7\u00e3o \u00e0 dor e falta de ar. Saiba quando avisar a equipe, seguir o plano de cuidado e buscar ajuda imediata.","breadcrumb":{"@id":"https:\/\/www.tuasaude.com\/news\/2026\/09\/04\/cuidados-paliativos-em-casa-quando-dor-ou-falta-de-ar-pedem-contato-com-a-equipe\/#breadcrumb"},"inLanguage":"pt-BR","potentialAction":[{"@type":"ReadAction","target":["https:\/\/www.tuasaude.com\/news\/2026\/09\/04\/cuidados-paliativos-em-casa-quando-dor-ou-falta-de-ar-pedem-contato-com-a-equipe\/"]}]},{"@type":"ImageObject","inLanguage":"pt-BR","@id":"https:\/\/www.tuasaude.com\/news\/2026\/09\/04\/cuidados-paliativos-em-casa-quando-dor-ou-falta-de-ar-pedem-contato-com-a-equipe\/#primaryimage","url":"https:\/\/www.tuasaude.com\/news\/wp-content\/uploads\/2026\/09\/107569_cuidados-paliativos-em-casa-quando-dor-ou-falta-de-ar-pedem-_destaque.jpg","contentUrl":"https:\/\/www.tuasaude.com\/news\/wp-content\/uploads\/2026\/09\/107569_cuidados-paliativos-em-casa-quando-dor-ou-falta-de-ar-pedem-_destaque.jpg","width":1280,"height":714,"caption":"Dor ou falta de ar em cuidados paliativos podem exigir contato r\u00e1pido com a equipe respons\u00e1vel."},{"@type":"BreadcrumbList","@id":"https:\/\/www.tuasaude.com\/news\/2026\/09\/04\/cuidados-paliativos-em-casa-quando-dor-ou-falta-de-ar-pedem-contato-com-a-equipe\/#breadcrumb","itemListElement":[{"@type":"ListItem","position":1,"name":"In\u00edcio","item":"https:\/\/www.tuasaude.com\/news\/"},{"@type":"ListItem","position":2,"name":"Cuidados paliativos em casa: quando dor ou falta de ar pedem contato com a equipe"}]},{"@type":"WebSite","@id":"https:\/\/www.tuasaude.com\/news\/#website","url":"https:\/\/www.tuasaude.com\/news\/","name":"Tua Sa\u00fade","description":"Seu site de sa\u00fade","potentialAction":[{"@type":"SearchAction","target":{"@type":"EntryPoint","urlTemplate":"https:\/\/www.tuasaude.com\/news\/?s={search_term_string}"},"query-input":{"@type":"PropertyValueSpecification","valueRequired":true,"valueName":"search_term_string"}}],"inLanguage":"pt-BR"},{"@type":"Person","@id":"https:\/\/www.tuasaude.com\/news\/#\/schema\/person\/963d63d4e1f0c81f5f3a70ba4bcb0ef7","name":"Jeferson Henrique","image":{"@type":"ImageObject","inLanguage":"pt-BR","@id":"https:\/\/www.tuasaude.com\/news\/#\/schema\/person\/image\/","url":"https:\/\/secure.gravatar.com\/avatar\/1a476a54a48eb3cdea5dd2f016708263892c6b9f5e54b641df7c65e980fd6f69?s=96&d=mm&r=g","contentUrl":"https:\/\/secure.gravatar.com\/avatar\/1a476a54a48eb3cdea5dd2f016708263892c6b9f5e54b641df7c65e980fd6f69?s=96&d=mm&r=g","caption":"Jeferson Henrique"},"sameAs":["https:\/\/www.tuasaude.com\/news\/"],"url":"https:\/\/www.tuasaude.com\/news\/author\/jeferson-henrique\/"}]}},"_links":{"self":[{"href":"https:\/\/www.tuasaude.com\/news\/wp-json\/wp\/v2\/posts\/107569","targetHints":{"allow":["GET"]}}],"collection":[{"href":"https:\/\/www.tuasaude.com\/news\/wp-json\/wp\/v2\/posts"}],"about":[{"href":"https:\/\/www.tuasaude.com\/news\/wp-json\/wp\/v2\/types\/post"}],"author":[{"embeddable":true,"href":"https:\/\/www.tuasaude.com\/news\/wp-json\/wp\/v2\/users\/12"}],"replies":[{"embeddable":true,"href":"https:\/\/www.tuasaude.com\/news\/wp-json\/wp\/v2\/comments?post=107569"}],"version-history":[{"count":1,"href":"https:\/\/www.tuasaude.com\/news\/wp-json\/wp\/v2\/posts\/107569\/revisions"}],"predecessor-version":[{"id":107574,"href":"https:\/\/www.tuasaude.com\/news\/wp-json\/wp\/v2\/posts\/107569\/revisions\/107574"}],"wp:featuredmedia":[{"embeddable":true,"href":"https:\/\/www.tuasaude.com\/news\/wp-json\/wp\/v2\/media\/107571"}],"wp:attachment":[{"href":"https:\/\/www.tuasaude.com\/news\/wp-json\/wp\/v2\/media?parent=107569"}],"wp:term":[{"taxonomy":"category","embeddable":true,"href":"https:\/\/www.tuasaude.com\/news\/wp-json\/wp\/v2\/categories?post=107569"},{"taxonomy":"post_tag","embeddable":true,"href":"https:\/\/www.tuasaude.com\/news\/wp-json\/wp\/v2\/tags?post=107569"}],"curies":[{"name":"wp","href":"https:\/\/api.w.org\/{rel}","templated":true}]}}