{"id":107545,"date":"2026-09-04T03:30:00","date_gmt":"2026-09-04T06:30:00","guid":{"rendered":"https:\/\/www.tuasaude.com\/news\/?p=107545"},"modified":"2026-09-03T14:59:26","modified_gmt":"2026-09-03T17:59:26","slug":"pela-manha-ou-a-noite-qual-o-melhor-periodo-para-ingerir-vitamina-d","status":"publish","type":"post","link":"https:\/\/www.tuasaude.com\/news\/2026\/09\/04\/pela-manha-ou-a-noite-qual-o-melhor-periodo-para-ingerir-vitamina-d\/","title":{"rendered":"Pela manh\u00e3 ou \u00e0 noite? Qual o melhor per\u00edodo para ingerir vitamina D?"},"content":{"rendered":"\n<p class=\"wp-block-paragraph\">O melhor hor\u00e1rio para ingerir vitamina D importa muito menos do que tomar o suplemento junto a uma refei\u00e7\u00e3o que contenha gordura, j\u00e1 que essa vitamina \u00e9 lipossol\u00favel e depende dos lip\u00eddios para ser absorvida no intestino. Segundo a Sociedade Brasileira de Endocrinologia e Metabologia, n\u00e3o existe uma regra r\u00edgida sobre manh\u00e3 ou noite, e o que realmente influencia os n\u00edveis sangu\u00edneos \u00e9 a const\u00e2ncia e o contexto alimentar. Entender esses detalhes ajuda a evitar mitos comuns e a garantir que a suplementa\u00e7\u00e3o traga o efeito esperado nos ossos, na imunidade e no metabolismo.<\/p>\n\n\n\n<h2 class=\"wp-block-heading\">Por que o hor\u00e1rio da vitamina D importa menos do que se imagina?<\/h2>\n\n\n\n<p class=\"wp-block-paragraph\">A vitamina D n\u00e3o age de forma imediata como um estimulante, e por isso o hor\u00e1rio exato do dia n\u00e3o altera significativamente sua efic\u00e1cia biol\u00f3gica. O organismo utiliza o nutriente ao longo de dias e semanas, e o que realmente importa \u00e9 manter n\u00edveis sangu\u00edneos est\u00e1veis no exame de 25-hidroxivitamina D.<\/p>\n\n\n\n<p class=\"wp-block-paragraph\">Pesquisas mostram que tomar o suplemento pela manh\u00e3, no almo\u00e7o ou no jantar n\u00e3o altera de forma relevante os benef\u00edcios, desde que exista consist\u00eancia. A recomenda\u00e7\u00e3o pr\u00e1tica \u00e9 escolher o hor\u00e1rio mais f\u00e1cil de lembrar todos os dias, o que aumenta a ades\u00e3o ao tratamento de <a href=\"https:\/\/www.tuasaude.com\/reposicao-de-vitamina-d\/\" target=\"_blank\" rel=\"noreferrer noopener\">reposi\u00e7\u00e3o de vitamina D<\/a>.<\/p>\n\n\n\n<h2 class=\"wp-block-heading\">Como a gordura na refei\u00e7\u00e3o melhora a absor\u00e7\u00e3o?<\/h2>\n\n\n\n<p class=\"wp-block-paragraph\">A <a href=\"https:\/\/www.tuasaude.com\/vitamina-d\/\" target=\"_blank\" rel=\"noreferrer noopener\">vitamina D<\/a> \u00e9 lipossol\u00favel, ou seja, precisa se dissolver na gordura da alimenta\u00e7\u00e3o para ser transportada pelas c\u00e9lulas do intestino at\u00e9 a corrente sangu\u00ednea. Sem esse suporte, boa parte da dose ingerida \u00e9 eliminada sem cumprir sua fun\u00e7\u00e3o.<\/p>\n\n\n\n<p class=\"wp-block-paragraph\">Refei\u00e7\u00f5es muito leves, jejum prolongado ou dietas radicais reduzem o aproveitamento do suplemento, mesmo quando a dose \u00e9 elevada. Combinar a vitamina D com uma refei\u00e7\u00e3o principal, especialmente almo\u00e7o ou jantar, costuma trazer resultados melhores no exame de sangue.<\/p>\n\n\n<div class=\"wp-block-image\">\n<figure class=\"aligncenter size-large\"><img decoding=\"async\" width=\"1024\" height=\"571\" src=\"https:\/\/www.tuasaude.com\/news\/wp-content\/uploads\/2026\/09\/Infographic_explaining_vitamin_D\u2026_202609031458-1024x571.jpg\" alt=\"Refei\u00e7\u00e3o, gorduras boas, const\u00e2ncia e acompanhamento favorecem o uso adequado da vitamina D.\" class=\"wp-image-107549\" srcset=\"https:\/\/www.tuasaude.com\/news\/wp-content\/uploads\/2026\/09\/Infographic_explaining_vitamin_D\u2026_202609031458-1024x571.jpg 1024w, https:\/\/www.tuasaude.com\/news\/wp-content\/uploads\/2026\/09\/Infographic_explaining_vitamin_D\u2026_202609031458-300x167.jpg 300w, https:\/\/www.tuasaude.com\/news\/wp-content\/uploads\/2026\/09\/Infographic_explaining_vitamin_D\u2026_202609031458-768x428.jpg 768w, https:\/\/www.tuasaude.com\/news\/wp-content\/uploads\/2026\/09\/Infographic_explaining_vitamin_D\u2026_202609031458-750x418.jpg 750w, https:\/\/www.tuasaude.com\/news\/wp-content\/uploads\/2026\/09\/Infographic_explaining_vitamin_D\u2026_202609031458-1140x636.jpg 1140w, https:\/\/www.tuasaude.com\/news\/wp-content\/uploads\/2026\/09\/Infographic_explaining_vitamin_D\u2026_202609031458.jpg 1280w\" sizes=\"(max-width: 1024px) 100vw, 1024px\" \/><figcaption class=\"wp-element-caption\">Refei\u00e7\u00e3o, gorduras boas, const\u00e2ncia e acompanhamento favorecem o uso adequado da vitamina D.<\/figcaption><\/figure>\n<\/div>\n\n\n<h2 class=\"wp-block-heading\">Quais alimentos ajudam na absor\u00e7\u00e3o da vitamina D?<\/h2>\n\n\n\n<p class=\"wp-block-paragraph\">N\u00e3o \u00e9 preciso uma refei\u00e7\u00e3o gordurosa em excesso, mas sim conter uma boa fonte de lip\u00eddios saud\u00e1veis. Confira op\u00e7\u00f5es que favorecem a absor\u00e7\u00e3o quando consumidas junto ao suplemento:<\/p>\n\n\n\n<ul class=\"wp-block-list\">\n<li><strong>Abacate<\/strong>, rico em gorduras monoinsaturadas de f\u00e1cil digest\u00e3o<\/li>\n\n\n\n<li><strong>Azeite de oliva extravirgem<\/strong>, ideal para regar saladas e legumes<\/li>\n\n\n\n<li><strong>Oleaginosas<\/strong> como castanhas, nozes e am\u00eandoas em pequenas por\u00e7\u00f5es<\/li>\n\n\n\n<li><strong>Peixes gordurosos<\/strong> como salm\u00e3o, sardinha e atum, que ainda cont\u00eam vitamina D natural<\/li>\n\n\n\n<li><strong>Ovos inteiros<\/strong>, principalmente a gema, e latic\u00ednios integrais<\/li>\n<\/ul>\n\n\n\n<p class=\"wp-block-paragraph\">Inserir <a href=\"https:\/\/www.tuasaude.com\/gorduras-boas-para-o-coracao\/\" target=\"_blank\" rel=\"noreferrer noopener\">gorduras boas<\/a> na mesma refei\u00e7\u00e3o do suplemento \u00e9 uma das estrat\u00e9gias mais simples para melhorar o aproveitamento do nutriente.<\/p>\n\n\n\n<h2 class=\"wp-block-heading\">Como um estudo cient\u00edfico confirma o papel da gordura?<\/h2>\n\n\n\n<p class=\"wp-block-paragraph\">A rela\u00e7\u00e3o entre gordura alimentar e absor\u00e7\u00e3o da vitamina D j\u00e1 foi documentada em ensaios cl\u00ednicos brasileiros e internacionais. Um estudo chamado <a href=\"https:\/\/www.ncbi.nlm.nih.gov\/pmc\/articles\/PMC3235461\/\" target=\"_blank\" rel=\"noreferrer noopener\">Effect of High- versus Low-Fat Meal on Serum 25-Hydroxyvitamin D Levels after a Single Oral Dose of Vitamin D<\/a>, publicado no International Journal of Endocrinology e indexado no PubMed, comparou os efeitos de refei\u00e7\u00f5es ricas e pobres em gordura em 32 adultos saud\u00e1veis.<\/p>\n\n\n\n<p class=\"wp-block-paragraph\">Segundo o Effect of High- versus Low-Fat Meal on Serum 25-Hydroxyvitamin D Levels publicado no International Journal of Endocrinology, o grupo que tomou vitamina D com refei\u00e7\u00e3o rica em gordura apresentou n\u00edveis significativamente maiores de 25-hidroxivitamina D no sangue ap\u00f3s 14 dias, em compara\u00e7\u00e3o ao grupo que ingeriu o suplemento com refei\u00e7\u00e3o pobre em gordura.<\/p>\n\n\n<div class=\"wp-block-image\">\n<figure class=\"aligncenter size-large\"><img decoding=\"async\" width=\"1024\" height=\"571\" src=\"https:\/\/www.tuasaude.com\/news\/wp-content\/uploads\/2026\/09\/Woman_taking_vitamin_D_supplement_202609031458-1024x571.jpg\" alt=\"Manh\u00e3 ou noite podem funcionar quando a vitamina D integra uma refei\u00e7\u00e3o adequada.\" class=\"wp-image-107550\" srcset=\"https:\/\/www.tuasaude.com\/news\/wp-content\/uploads\/2026\/09\/Woman_taking_vitamin_D_supplement_202609031458-1024x571.jpg 1024w, https:\/\/www.tuasaude.com\/news\/wp-content\/uploads\/2026\/09\/Woman_taking_vitamin_D_supplement_202609031458-300x167.jpg 300w, https:\/\/www.tuasaude.com\/news\/wp-content\/uploads\/2026\/09\/Woman_taking_vitamin_D_supplement_202609031458-768x428.jpg 768w, https:\/\/www.tuasaude.com\/news\/wp-content\/uploads\/2026\/09\/Woman_taking_vitamin_D_supplement_202609031458-750x418.jpg 750w, https:\/\/www.tuasaude.com\/news\/wp-content\/uploads\/2026\/09\/Woman_taking_vitamin_D_supplement_202609031458-1140x636.jpg 1140w, https:\/\/www.tuasaude.com\/news\/wp-content\/uploads\/2026\/09\/Woman_taking_vitamin_D_supplement_202609031458.jpg 1280w\" sizes=\"(max-width: 1024px) 100vw, 1024px\" \/><figcaption class=\"wp-element-caption\">Manh\u00e3 ou noite podem funcionar quando a vitamina D integra uma refei\u00e7\u00e3o adequada.<\/figcaption><\/figure>\n<\/div>\n\n\n<h2 class=\"wp-block-heading\">Tomar vitamina D \u00e0 noite atrapalha o sono?<\/h2>\n\n\n\n<p class=\"wp-block-paragraph\">A ideia de que a vitamina D interfere no sono \u00e9 um mito sem comprova\u00e7\u00e3o cient\u00edfica consistente. A vitamina D n\u00e3o age como estimulante nem inibe a produ\u00e7\u00e3o de melatonina de forma direta, e n\u00e3o h\u00e1 evid\u00eancia s\u00f3lida que justifique evitar o consumo noturno como regra geral. Veja o que realmente vale considerar:<\/p>\n\n\n\n<ol class=\"wp-block-list\">\n<li>Escolher um hor\u00e1rio compat\u00edvel com uma refei\u00e7\u00e3o que contenha gordura, seja de manh\u00e3, tarde ou noite<\/li>\n\n\n\n<li>Manter consist\u00eancia di\u00e1ria, evitando falhas frequentes no uso do suplemento<\/li>\n\n\n\n<li>Realizar exame de 25-hidroxivitamina D antes e durante a suplementa\u00e7\u00e3o para ajustar a dose<\/li>\n\n\n\n<li>Observar sinais individuais, j\u00e1 que raras pessoas relatam desconforto ao tomar \u00e0 noite e podem transferir para o almo\u00e7o<\/li>\n\n\n\n<li>Evitar automedica\u00e7\u00e3o e ajustar a dose apenas com orienta\u00e7\u00e3o de endocrinologista, cl\u00ednico geral ou nutricionista<\/li>\n<\/ol>\n\n\n\n<p class=\"wp-block-paragraph\"><em>Este conte\u00fado tem car\u00e1ter meramente informativo e n\u00e3o substitui a avalia\u00e7\u00e3o, o diagn\u00f3stico ou o tratamento realizados por um profissional de sa\u00fade qualificado. Consulte sempre um m\u00e9dico ou nutricionista antes de iniciar, ajustar ou suspender a suplementa\u00e7\u00e3o de vitamina D.<\/em><\/p>\n","protected":false},"excerpt":{"rendered":"<p>O melhor hor\u00e1rio para ingerir vitamina D importa muito menos do que tomar o suplemento junto a uma refei\u00e7\u00e3o que contenha gordura, j\u00e1 que essa vitamina \u00e9 lipossol\u00favel e depende dos lip\u00eddios para ser absorvida no intestino. Segundo a Sociedade Brasileira de Endocrinologia e Metabologia, n\u00e3o existe uma regra r\u00edgida sobre manh\u00e3 ou noite, e [&hellip;]<\/p>\n","protected":false},"author":11,"featured_media":107548,"comment_status":"open","ping_status":"open","sticky":false,"template":"","format":"standard","meta":{"_yoast_wpseo_focuskw":"vitamina D","_yoast_wpseo_title":"","_yoast_wpseo_metadesc":"O melhor hor\u00e1rio para tomar vitamina D n\u00e3o depende apenas do rel\u00f3gio. Entenda por que a refei\u00e7\u00e3o e a const\u00e2ncia fazem mais diferen\u00e7a no aproveitamento.","jnews-multi-image_gallery":[],"jnews_single_post":{"format":"standard"},"jnews_primary_category":[],"jnews_social_meta":[],"jnews_override_counter":[],"footnotes":""},"categories":[111],"tags":[145,136,114,4107],"class_list":["post-107545","post","type-post","status-publish","format-standard","has-post-thumbnail","hentry","category-saude","tag-bem-estar","tag-saude","tag-vitamina-d","tag-vitamina-d-baixa"],"yoast_head":"<!-- This site is optimized with the Yoast SEO plugin v26.7 - https:\/\/yoast.com\/wordpress\/plugins\/seo\/ -->\n<title>Pela manh\u00e3 ou \u00e0 noite? Qual o melhor per\u00edodo para ingerir vitamina D? - Tua Sa\u00fade<\/title>\n<meta name=\"description\" content=\"O melhor hor\u00e1rio para tomar vitamina D n\u00e3o depende apenas do rel\u00f3gio. Entenda por que a refei\u00e7\u00e3o e a const\u00e2ncia fazem mais diferen\u00e7a no aproveitamento.\" \/>\n<meta name=\"robots\" content=\"index, follow, max-snippet:-1, max-image-preview:large, max-video-preview:-1\" \/>\n<link rel=\"canonical\" href=\"https:\/\/www.tuasaude.com\/news\/2026\/09\/04\/pela-manha-ou-a-noite-qual-o-melhor-periodo-para-ingerir-vitamina-d\/\" \/>\n<meta property=\"og:locale\" content=\"pt_BR\" \/>\n<meta property=\"og:type\" content=\"article\" \/>\n<meta property=\"og:title\" content=\"Pela manh\u00e3 ou \u00e0 noite? Qual o melhor per\u00edodo para ingerir vitamina D? - Tua Sa\u00fade\" \/>\n<meta property=\"og:description\" content=\"O melhor hor\u00e1rio para tomar vitamina D n\u00e3o depende apenas do rel\u00f3gio. Entenda por que a refei\u00e7\u00e3o e a const\u00e2ncia fazem mais diferen\u00e7a no aproveitamento.\" \/>\n<meta property=\"og:url\" content=\"https:\/\/www.tuasaude.com\/news\/2026\/09\/04\/pela-manha-ou-a-noite-qual-o-melhor-periodo-para-ingerir-vitamina-d\/\" \/>\n<meta property=\"og:site_name\" content=\"Tua Sa\u00fade\" \/>\n<meta property=\"article:published_time\" content=\"2026-09-04T06:30:00+00:00\" \/>\n<meta property=\"og:image\" content=\"https:\/\/www.tuasaude.com\/news\/wp-content\/uploads\/2026\/09\/Man_holding_vitamin_D_supplement_202609031458.jpg\" \/>\n\t<meta property=\"og:image:width\" content=\"1280\" \/>\n\t<meta property=\"og:image:height\" content=\"714\" \/>\n\t<meta property=\"og:image:type\" content=\"image\/jpeg\" \/>\n<meta name=\"author\" content=\"Gessika Julia Carvalho\" \/>\n<meta name=\"twitter:card\" content=\"summary_large_image\" \/>\n<meta name=\"twitter:label1\" content=\"Escrito por\" \/>\n\t<meta name=\"twitter:data1\" content=\"Gessika Julia Carvalho\" \/>\n\t<meta name=\"twitter:label2\" content=\"Est. tempo de leitura\" \/>\n\t<meta name=\"twitter:data2\" content=\"5 minutos\" \/>\n<!-- \/ Yoast SEO plugin. -->","yoast_head_json":{"title":"Pela manh\u00e3 ou \u00e0 noite? Qual o melhor per\u00edodo para ingerir vitamina D? - Tua Sa\u00fade","description":"O melhor hor\u00e1rio para tomar vitamina D n\u00e3o depende apenas do rel\u00f3gio. Entenda por que a refei\u00e7\u00e3o e a const\u00e2ncia fazem mais diferen\u00e7a no aproveitamento.","robots":{"index":"index","follow":"follow","max-snippet":"max-snippet:-1","max-image-preview":"max-image-preview:large","max-video-preview":"max-video-preview:-1"},"canonical":"https:\/\/www.tuasaude.com\/news\/2026\/09\/04\/pela-manha-ou-a-noite-qual-o-melhor-periodo-para-ingerir-vitamina-d\/","og_locale":"pt_BR","og_type":"article","og_title":"Pela manh\u00e3 ou \u00e0 noite? Qual o melhor per\u00edodo para ingerir vitamina D? - Tua Sa\u00fade","og_description":"O melhor hor\u00e1rio para tomar vitamina D n\u00e3o depende apenas do rel\u00f3gio. Entenda por que a refei\u00e7\u00e3o e a const\u00e2ncia fazem mais diferen\u00e7a no aproveitamento.","og_url":"https:\/\/www.tuasaude.com\/news\/2026\/09\/04\/pela-manha-ou-a-noite-qual-o-melhor-periodo-para-ingerir-vitamina-d\/","og_site_name":"Tua Sa\u00fade","article_published_time":"2026-09-04T06:30:00+00:00","og_image":[{"width":1280,"height":714,"url":"https:\/\/www.tuasaude.com\/news\/wp-content\/uploads\/2026\/09\/Man_holding_vitamin_D_supplement_202609031458.jpg","type":"image\/jpeg"}],"author":"Gessika Julia Carvalho","twitter_card":"summary_large_image","twitter_misc":{"Escrito por":"Gessika Julia Carvalho","Est. tempo de leitura":"5 minutos"},"schema":{"@context":"https:\/\/schema.org","@graph":[{"@type":"Article","@id":"https:\/\/www.tuasaude.com\/news\/2026\/09\/04\/pela-manha-ou-a-noite-qual-o-melhor-periodo-para-ingerir-vitamina-d\/#article","isPartOf":{"@id":"https:\/\/www.tuasaude.com\/news\/2026\/09\/04\/pela-manha-ou-a-noite-qual-o-melhor-periodo-para-ingerir-vitamina-d\/"},"author":{"name":"Gessika Julia Carvalho","@id":"https:\/\/www.tuasaude.com\/news\/#\/schema\/person\/2e9df841be69ec84f5d20ddb8d273ac2"},"headline":"Pela manh\u00e3 ou \u00e0 noite? Qual o melhor per\u00edodo para ingerir vitamina D?","datePublished":"2026-09-04T06:30:00+00:00","mainEntityOfPage":{"@id":"https:\/\/www.tuasaude.com\/news\/2026\/09\/04\/pela-manha-ou-a-noite-qual-o-melhor-periodo-para-ingerir-vitamina-d\/"},"wordCount":821,"commentCount":0,"image":{"@id":"https:\/\/www.tuasaude.com\/news\/2026\/09\/04\/pela-manha-ou-a-noite-qual-o-melhor-periodo-para-ingerir-vitamina-d\/#primaryimage"},"thumbnailUrl":"https:\/\/www.tuasaude.com\/news\/wp-content\/uploads\/2026\/09\/Man_holding_vitamin_D_supplement_202609031458.jpg","keywords":["bem-estar","sa\u00fade","vitamina d","vitamina D baixa"],"articleSection":["Sa\u00fade"],"inLanguage":"pt-BR","potentialAction":[{"@type":"CommentAction","name":"Comment","target":["https:\/\/www.tuasaude.com\/news\/2026\/09\/04\/pela-manha-ou-a-noite-qual-o-melhor-periodo-para-ingerir-vitamina-d\/#respond"]}]},{"@type":"WebPage","@id":"https:\/\/www.tuasaude.com\/news\/2026\/09\/04\/pela-manha-ou-a-noite-qual-o-melhor-periodo-para-ingerir-vitamina-d\/","url":"https:\/\/www.tuasaude.com\/news\/2026\/09\/04\/pela-manha-ou-a-noite-qual-o-melhor-periodo-para-ingerir-vitamina-d\/","name":"Pela manh\u00e3 ou \u00e0 noite? Qual o melhor per\u00edodo para ingerir vitamina D? - Tua Sa\u00fade","isPartOf":{"@id":"https:\/\/www.tuasaude.com\/news\/#website"},"primaryImageOfPage":{"@id":"https:\/\/www.tuasaude.com\/news\/2026\/09\/04\/pela-manha-ou-a-noite-qual-o-melhor-periodo-para-ingerir-vitamina-d\/#primaryimage"},"image":{"@id":"https:\/\/www.tuasaude.com\/news\/2026\/09\/04\/pela-manha-ou-a-noite-qual-o-melhor-periodo-para-ingerir-vitamina-d\/#primaryimage"},"thumbnailUrl":"https:\/\/www.tuasaude.com\/news\/wp-content\/uploads\/2026\/09\/Man_holding_vitamin_D_supplement_202609031458.jpg","datePublished":"2026-09-04T06:30:00+00:00","author":{"@id":"https:\/\/www.tuasaude.com\/news\/#\/schema\/person\/2e9df841be69ec84f5d20ddb8d273ac2"},"description":"O melhor hor\u00e1rio para tomar vitamina D n\u00e3o depende apenas do rel\u00f3gio. Entenda por que a refei\u00e7\u00e3o e a const\u00e2ncia fazem mais diferen\u00e7a no aproveitamento.","breadcrumb":{"@id":"https:\/\/www.tuasaude.com\/news\/2026\/09\/04\/pela-manha-ou-a-noite-qual-o-melhor-periodo-para-ingerir-vitamina-d\/#breadcrumb"},"inLanguage":"pt-BR","potentialAction":[{"@type":"ReadAction","target":["https:\/\/www.tuasaude.com\/news\/2026\/09\/04\/pela-manha-ou-a-noite-qual-o-melhor-periodo-para-ingerir-vitamina-d\/"]}]},{"@type":"ImageObject","inLanguage":"pt-BR","@id":"https:\/\/www.tuasaude.com\/news\/2026\/09\/04\/pela-manha-ou-a-noite-qual-o-melhor-periodo-para-ingerir-vitamina-d\/#primaryimage","url":"https:\/\/www.tuasaude.com\/news\/wp-content\/uploads\/2026\/09\/Man_holding_vitamin_D_supplement_202609031458.jpg","contentUrl":"https:\/\/www.tuasaude.com\/news\/wp-content\/uploads\/2026\/09\/Man_holding_vitamin_D_supplement_202609031458.jpg","width":1280,"height":714,"caption":"Pela manh\u00e3 ou \u00e0 noite? Qual o melhor per\u00edodo para ingerir vitamina D?"},{"@type":"BreadcrumbList","@id":"https:\/\/www.tuasaude.com\/news\/2026\/09\/04\/pela-manha-ou-a-noite-qual-o-melhor-periodo-para-ingerir-vitamina-d\/#breadcrumb","itemListElement":[{"@type":"ListItem","position":1,"name":"In\u00edcio","item":"https:\/\/www.tuasaude.com\/news\/"},{"@type":"ListItem","position":2,"name":"Pela manh\u00e3 ou \u00e0 noite? Qual o melhor per\u00edodo para ingerir vitamina D?"}]},{"@type":"WebSite","@id":"https:\/\/www.tuasaude.com\/news\/#website","url":"https:\/\/www.tuasaude.com\/news\/","name":"Tua Sa\u00fade","description":"Seu site de sa\u00fade","potentialAction":[{"@type":"SearchAction","target":{"@type":"EntryPoint","urlTemplate":"https:\/\/www.tuasaude.com\/news\/?s={search_term_string}"},"query-input":{"@type":"PropertyValueSpecification","valueRequired":true,"valueName":"search_term_string"}}],"inLanguage":"pt-BR"},{"@type":"Person","@id":"https:\/\/www.tuasaude.com\/news\/#\/schema\/person\/2e9df841be69ec84f5d20ddb8d273ac2","name":"Gessika Julia Carvalho","image":{"@type":"ImageObject","inLanguage":"pt-BR","@id":"https:\/\/www.tuasaude.com\/news\/#\/schema\/person\/image\/","url":"https:\/\/secure.gravatar.com\/avatar\/0fcc8769024577fd0bc6a8b766055690f76a8e8f29dfb2a2f89cf04db8d0f2d2?s=96&d=mm&r=g","contentUrl":"https:\/\/secure.gravatar.com\/avatar\/0fcc8769024577fd0bc6a8b766055690f76a8e8f29dfb2a2f89cf04db8d0f2d2?s=96&d=mm&r=g","caption":"Gessika Julia Carvalho"},"sameAs":["https:\/\/www.tuasaude.com\/news\/"],"url":"https:\/\/www.tuasaude.com\/news\/author\/gessika-julia\/"}]}},"_links":{"self":[{"href":"https:\/\/www.tuasaude.com\/news\/wp-json\/wp\/v2\/posts\/107545","targetHints":{"allow":["GET"]}}],"collection":[{"href":"https:\/\/www.tuasaude.com\/news\/wp-json\/wp\/v2\/posts"}],"about":[{"href":"https:\/\/www.tuasaude.com\/news\/wp-json\/wp\/v2\/types\/post"}],"author":[{"embeddable":true,"href":"https:\/\/www.tuasaude.com\/news\/wp-json\/wp\/v2\/users\/11"}],"replies":[{"embeddable":true,"href":"https:\/\/www.tuasaude.com\/news\/wp-json\/wp\/v2\/comments?post=107545"}],"version-history":[{"count":1,"href":"https:\/\/www.tuasaude.com\/news\/wp-json\/wp\/v2\/posts\/107545\/revisions"}],"predecessor-version":[{"id":107551,"href":"https:\/\/www.tuasaude.com\/news\/wp-json\/wp\/v2\/posts\/107545\/revisions\/107551"}],"wp:featuredmedia":[{"embeddable":true,"href":"https:\/\/www.tuasaude.com\/news\/wp-json\/wp\/v2\/media\/107548"}],"wp:attachment":[{"href":"https:\/\/www.tuasaude.com\/news\/wp-json\/wp\/v2\/media?parent=107545"}],"wp:term":[{"taxonomy":"category","embeddable":true,"href":"https:\/\/www.tuasaude.com\/news\/wp-json\/wp\/v2\/categories?post=107545"},{"taxonomy":"post_tag","embeddable":true,"href":"https:\/\/www.tuasaude.com\/news\/wp-json\/wp\/v2\/tags?post=107545"}],"curies":[{"name":"wp","href":"https:\/\/api.w.org\/{rel}","templated":true}]}}